{"id":10005,"date":"2014-06-12T12:18:20","date_gmt":"2014-06-12T10:18:20","guid":{"rendered":"https:\/\/pmza.sk.sk\/?p=10005"},"modified":"2014-06-12T12:18:20","modified_gmt":"2014-06-12T10:18:20","slug":"aby-telu-pokoj-dala","status":"publish","type":"post","link":"https:\/\/pmza.sk\/?p=10005","title":{"rendered":"Aby telu pokoj dala&#8230;"},"content":{"rendered":"<p><a href=\"https:\/\/pmza.sk\/wp-content\/uploads\/2014\/06\/Aby-telu-pokoj-dala-021.jpg\"><img fetchpriority=\"high\" decoding=\"async\" class=\"alignleft size-full wp-image-10003\" alt=\"Aby telu pokoj dala 02\" src=\"https:\/\/pmza.sk\/wp-content\/uploads\/2014\/06\/Aby-telu-pokoj-dala-021.jpg\" width=\"190\" height=\"284\" srcset=\"https:\/\/pmza.sk\/wp-content\/uploads\/2014\/06\/Aby-telu-pokoj-dala-021.jpg 683w, https:\/\/pmza.sk\/wp-content\/uploads\/2014\/06\/Aby-telu-pokoj-dala-021-240x360.jpg 240w, https:\/\/pmza.sk\/wp-content\/uploads\/2014\/06\/Aby-telu-pokoj-dala-021-491x736.jpg 491w, https:\/\/pmza.sk\/wp-content\/uploads\/2014\/06\/Aby-telu-pokoj-dala-021-600x900.jpg 600w\" sizes=\"(max-width: 190px) 100vw, 190px\" \/><\/a>V\u00fdsledkom dvojro\u010dn\u00e9ho n\u00e1rodopisn\u00e9ho v\u00fdskumu v\u00a0obci Ve\u013ek\u00e9 Rovn\u00e9 je aktu\u00e1lne spr\u00edstupnen\u00e1 v\u00fdstava <b>Aby telu pokoj dala&#8230;<\/b> v\u00a0Sob\u00e1\u0161nom pal\u00e1ci v\u00a0Byt\u010di v\u00a0term\u00edne od 10. j\u00fana do13. septembra 2014. N\u00e1v\u0161tevn\u00edkom pribl\u00ed\u017ei tajomstv\u00e1 \u013eudov\u00e9ho lie\u010dite\u013estva a\u00a0zavedie ich do obdobia, kedy takmer na ka\u017ed\u00fa chorobu \u010di\u00a0bo\u013ea\u010dku poznali liek, ktor\u00fd im poskytovala okolit\u00e1 pr\u00edroda. Prostredn\u00edctvom sc\u00e9nick\u00fdch obrazov sa ocitn\u00fa priamo v\u00a0pr\u00edbytkoch babky bylink\u00e1rky \u010di \u013eudov\u00e9ho lie\u010dite\u013ea, kde nostalgiou d\u00fdcha nielen tradi\u010dn\u00e9 zariadenie, su\u0161en\u00e9 bylinky, ale i\u00a0dlhoro\u010dn\u00e9 sk\u00fasenosti a\u00a0vedomosti na\u0161ich predkov pretaven\u00e9 do lie\u010dite\u013esk\u00fdch prakt\u00edk a\u00a0takmer zabudnut\u00fdch prostriedkov.<\/p>\n<p><i>\u201eObec Ve\u013ek\u00e9 Rovn\u00e9 bola, podobne ako v\u0161etky lokality na Slovensku, nielen bohat\u00fdm zdrojom star\u00fdch lie\u010debn\u00fdch prakt\u00edk, ale aj zauj\u00edmav\u00fdch poznatkov, z\u00a0ktor\u00fdch \u010derp\u00e1 i\u00a0s\u00fa\u010dasn\u00e1 medic\u00edna. Prostredn\u00edctvom \u0161irok\u00e9ho komplexu r\u00f4znorod\u00fdch expon\u00e1tov <!--more-->pribli\u017eujeme v\u00fdstavou dve z\u00e1kladn\u00e9 zlo\u017eky lie\u010dby ochoren\u00ed, a\u00a0to racion\u00e1lnu a\u00a0iracion\u00e1lnu, ktor\u00e9 v\u0161ak \u010dasto spl\u00fdvali do jedinej. Racion\u00e1lne lie\u010debn\u00e9 postupy v\u00fdstava n\u00e1v\u0161tevn\u00edkom predstav\u00ed cez lie\u010div\u00e9 rastliny a\u00a0viacer\u00e9 \u017eivo\u010d\u00ed\u0161ne \u010di\u00a0rastlinn\u00e9 produkty, iracion\u00e1lne s\u00fa zast\u00fapen\u00e9 magick\u00fdmi prostriedkami a\u00a0postupmi, ktor\u00fdm bol lie\u010debn\u00fd \u00fa\u010dinok na z\u00e1klade \u013eudovej viery pripisovan\u00fd,\u201c <\/i>povedala<i> <\/i>realiz\u00e1torka v\u00fdskumu, etnologi\u010dka Katar\u00edna Kendrov\u00e1 z\u00a0Pova\u017esk\u00e9ho m\u00fazea v\u00a0\u017diline.<\/p>\n<p>V\u00fdstavu dop\u013a\u0148a 10 informa\u010dn\u00fdch bannerov obsahuj\u00facich odborn\u00e9 texty a\u00a0fotografie. Prv\u00e9 tri bannery (autor \u2013 K. Kendrov\u00e1) n\u00e1v\u0161tevn\u00edka vo v\u0161eobecnosti zaved\u00fa do problematiky \u013eudov\u00e9ho lie\u010dite\u013estva v\u00a0obci Ve\u013ek\u00e9 Rovn\u00e9. Pribl\u00ed\u017eia jednotliv\u00e9 ochorenia,\u00a0sp\u00f4soby ich lie\u010dby, niektor\u00e9 star\u00e9 recepty a\u00a0zauj\u00edmav\u00e9 lie\u010debn\u00e9 prostriedky. N\u00e1v\u0161tevn\u00edci sa z nich tie\u017e dozvedia nev\u0161edn\u00e9 \u013eudov\u00e9 n\u00e1zvy lie\u010div\u00fdch rastl\u00edn,\u00a0prostriedkov a met\u00f3d vyu\u017e\u00edvan\u00fdch v lie\u010dite\u013estve. Viete napr\u00edklad \u010do je <i>koleg\u00e1jz, kvit<\/i>, <i>\u0161molc, kalika\u0161ka, \u010di\u010dirv\u00f3tka, kapkova zelina,<\/i> \u010do znamen\u00e1 <i>\u010dapy dv\u00edhac , boles\u0165 oh\u00falic, ma\u0165 suchociny,\u00a0 mrcha nemoc, \u010demer, snedek, remundu \u010di fr\u00edzle ? <\/i>Viete, \u017ee v\u00a0\u013eudovom lie\u010dite\u013estve sa vyu\u017e\u00edvali ako lie\u010debn\u00e9 prostriedky <i>pavu\u010dina, zvieracie exkrementy, matersk\u00e9 mlieko, konsk\u00fd vlas, v\u010del\u00ed vosk, smola \u00a0\u010di rozoli\u0161 ? <\/i>Aj na tak\u00e9to ot\u00e1zky dostanete odpovede nielen prostredn\u00edctvom textu, ale aj mnoh\u00fdch hodnovern\u00fdch expon\u00e1tov. \u010eal\u0161\u00edch sedem bannerov poskytuje z\u00e1kladn\u00e9 inform\u00e1cie o\u00a0jednotliv\u00fdch lie\u010div\u00fdch rastlin\u00e1ch zn\u00e1mych v\u00a0obci Ve\u013ek\u00e9 Rovn\u00e9 a\u00a0jej okol\u00ed. <i>\u201eDozviete sa z\u00a0nich o\u00a0medic\u00ednsky overen\u00fdch \u00fa\u010dinkoch jednotliv\u00fdch byl\u00edn, ktor\u00e9 ich \u010dasti sa zbieraj\u00fa a\u00a0v\u00a0akom obdob\u00ed, ak\u00fd lie\u010debn\u00fd prostriedok a\u00a0ak\u00fdm sp\u00f4sobom sa z\u00a0rastl\u00edn pripravuje. N\u00e1v\u0161tevn\u00edci tu z\u00e1rove\u0148 n\u00e1jdu n\u00e1vod na sp\u00f4sob zberu, su\u0161enia, uskladnenia, spracovania rastl\u00edn a\u00a0poznatky o\u00a0pr\u00edprave vodn\u00fdch v\u00fdluhov. Tieto texty s\u00fa doplnen\u00e9 fotografiami lie\u010div\u00fdch rastl\u00edn<\/i>,\u201c vysvetlila<i> <\/i>botani\u010dka Pova\u017esk\u00e9ho m\u00fazea v\u00a0\u017diline Vikt\u00f3ria Urbanov\u00e1.<\/p>\n<p>V\u00fdstava je z\u00e1mern\u00e9 zaraden\u00e1 do obdobia, kedy m\u00e1 zber lie\u010div\u00fdch rastl\u00edn najv\u00e4\u010d\u0161iu frekvenciu, teda do letnej sez\u00f3ny. D\u00fafame, \u017ee zberate\u013eom \u201e<i>lie\u010diviek\u201c <\/i>\u00a0z\u00e1rove\u0148\u00a0 posl\u00fa\u017ei ako mal\u00fd lexik\u00f3n pri ich pr\u00e1ci.<\/p>\n<p>Po\u010das trvania v\u00fdstavy\u00a0 &#8211; mo\u017enos\u0165 odborn\u00fdch predn\u00e1\u0161ok z\u00a0oblasti \u013eudov\u00e9ho lie\u010dite\u013estva na objedn\u00e1vku.<\/p>\n<p>Plag\u00e1t si m\u00f4\u017eete pozrie\u0165 <a href=\"https:\/\/pmza.sk.sk\/wp-content\/uploads\/2014\/06\/Aby-telu-pokoj-dala-plagat_autori.jpg\">TU<\/a><\/p>\n<p>Fotogal\u00e9ria <a href=\"https:\/\/pmza.sk.sk\/foto-mdd\/?album=85\">TU<\/a><\/p>\n<p><a href=\"https:\/\/pmza.sk\/wp-content\/uploads\/2014\/06\/Aby-telu-pokoj-dala-09.jpg\"><img decoding=\"async\" class=\"alignleft size-full wp-image-10000\" alt=\"Aby telu pokoj dala 09\" src=\"https:\/\/pmza.sk\/wp-content\/uploads\/2014\/06\/Aby-telu-pokoj-dala-09.jpg\" width=\"379\" height=\"253\" srcset=\"https:\/\/pmza.sk\/wp-content\/uploads\/2014\/06\/Aby-telu-pokoj-dala-09.jpg 1024w, https:\/\/pmza.sk\/wp-content\/uploads\/2014\/06\/Aby-telu-pokoj-dala-09-540x360.jpg 540w, https:\/\/pmza.sk\/wp-content\/uploads\/2014\/06\/Aby-telu-pokoj-dala-09-768x512.jpg 768w, https:\/\/pmza.sk\/wp-content\/uploads\/2014\/06\/Aby-telu-pokoj-dala-09-600x400.jpg 600w\" sizes=\"(max-width: 379px) 100vw, 379px\" \/><\/a><\/p>\n<p>&nbsp;<\/p>\n<p><a href=\"https:\/\/pmza.sk\/wp-content\/uploads\/2014\/06\/Aby-telu-pokoj-dala-10.jpg\"><img decoding=\"async\" class=\"alignleft size-full wp-image-10004\" alt=\"Aby telu pokoj dala 10\" src=\"https:\/\/pmza.sk\/wp-content\/uploads\/2014\/06\/Aby-telu-pokoj-dala-10.jpg\" width=\"380\" height=\"252\" srcset=\"https:\/\/pmza.sk\/wp-content\/uploads\/2014\/06\/Aby-telu-pokoj-dala-10.jpg 1024w, https:\/\/pmza.sk\/wp-content\/uploads\/2014\/06\/Aby-telu-pokoj-dala-10-540x360.jpg 540w, https:\/\/pmza.sk\/wp-content\/uploads\/2014\/06\/Aby-telu-pokoj-dala-10-768x512.jpg 768w, https:\/\/pmza.sk\/wp-content\/uploads\/2014\/06\/Aby-telu-pokoj-dala-10-600x400.jpg 600w\" sizes=\"(max-width: 380px) 100vw, 380px\" \/><\/a><\/p>\n<p>&nbsp;<\/p>\n<p>&nbsp;<\/p>\n<p>&nbsp;<\/p>\n<p>&nbsp;<\/p>\n<p>&nbsp;<\/p>\n<p>&nbsp;<\/p>\n<p>&nbsp;<\/p>\n<p>&nbsp;<\/p>\n<p>&nbsp;<\/p>\n<p>&nbsp;<\/p>\n<p>&nbsp;<\/p>\n<p>&nbsp;<\/p>\n<p>&nbsp;<\/p>\n<p>&nbsp;<\/p>\n<p>&nbsp;<\/p>\n","protected":false},"excerpt":{"rendered":"<p>V\u00fdsledkom dvojro\u010dn\u00e9ho n\u00e1rodopisn\u00e9ho v\u00fdskumu v\u00a0obci Ve\u013ek\u00e9 Rovn\u00e9 je aktu\u00e1lne spr\u00edstupnen\u00e1 v\u00fdstava Aby telu pokoj dala&#8230; v\u00a0Sob\u00e1\u0161nom pal\u00e1ci v\u00a0Byt\u010di v\u00a0term\u00edne od 10. j\u00fana do13. septembra 2014. N\u00e1v\u0161tevn\u00edkom pribl\u00ed\u017ei tajomstv\u00e1 \u013eudov\u00e9ho lie\u010dite\u013estva a\u00a0zavedie ich do obdobia, kedy takmer na ka\u017ed\u00fa chorobu \u010di\u00a0bo\u013ea\u010dku poznali liek, ktor\u00fd im poskytovala okolit\u00e1 pr\u00edroda. Prostredn\u00edctvom sc\u00e9nick\u00fdch obrazov sa ocitn\u00fa priamo v\u00a0pr\u00edbytkoch babky [&hellip;]<\/p>\n","protected":false},"author":2,"featured_media":0,"comment_status":"closed","ping_status":"closed","sticky":false,"template":"","format":"standard","meta":{"site-sidebar-layout":"default","site-content-layout":"","ast-site-content-layout":"","site-content-style":"default","site-sidebar-style":"default","ast-global-header-display":"","ast-banner-title-visibility":"","ast-main-header-display":"","ast-hfb-above-header-display":"","ast-hfb-below-header-display":"","ast-hfb-mobile-header-display":"","site-post-title":"","ast-breadcrumbs-content":"","ast-featured-img":"","footer-sml-layout":"","theme-transparent-header-meta":"","adv-header-id-meta":"","stick-header-meta":"","header-above-stick-meta":"","header-main-stick-meta":"","header-below-stick-meta":"","astra-migrate-meta-layouts":"default","ast-page-background-enabled":"default","ast-page-background-meta":{"desktop":{"background-color":"var(--ast-global-color-4)","background-image":"","background-repeat":"repeat","background-position":"center center","background-size":"auto","background-attachment":"scroll","background-type":"","background-media":"","overlay-type":"","overlay-color":"","overlay-opacity":"","overlay-gradient":""},"tablet":{"background-color":"","background-image":"","background-repeat":"repeat","background-position":"center center","background-size":"auto","background-attachment":"scroll","background-type":"","background-media":"","overlay-type":"","overlay-color":"","overlay-opacity":"","overlay-gradient":""},"mobile":{"background-color":"","background-image":"","background-repeat":"repeat","background-position":"center center","background-size":"auto","background-attachment":"scroll","background-type":"","background-media":"","overlay-type":"","overlay-color":"","overlay-opacity":"","overlay-gradient":""}},"ast-content-background-meta":{"desktop":{"background-color":"var(--ast-global-color-5)","background-image":"","background-repeat":"repeat","background-position":"center center","background-size":"auto","background-attachment":"scroll","background-type":"","background-media":"","overlay-type":"","overlay-color":"","overlay-opacity":"","overlay-gradient":""},"tablet":{"background-color":"var(--ast-global-color-5)","background-image":"","background-repeat":"repeat","background-position":"center center","background-size":"auto","background-attachment":"scroll","background-type":"","background-media":"","overlay-type":"","overlay-color":"","overlay-opacity":"","overlay-gradient":""},"mobile":{"background-color":"var(--ast-global-color-5)","background-image":"","background-repeat":"repeat","background-position":"center center","background-size":"auto","background-attachment":"scroll","background-type":"","background-media":"","overlay-type":"","overlay-color":"","overlay-opacity":"","overlay-gradient":""}},"footnotes":""},"categories":[36],"tags":[],"class_list":["post-10005","post","type-post","status-publish","format-standard","hentry","category-archiv-2014"],"yoast_head":"<!-- This site is optimized with the Yoast SEO plugin v27.4 - https:\/\/yoast.com\/product\/yoast-seo-wordpress\/ -->\n<title>Aby telu pokoj dala... - Pova\u017esk\u00e9 m\u00fazeum<\/title>\n<meta name=\"robots\" content=\"index, follow, max-snippet:-1, max-image-preview:large, max-video-preview:-1\" \/>\n<link rel=\"canonical\" href=\"https:\/\/pmza.sk\/?p=10005\" \/>\n<meta property=\"og:locale\" content=\"sk_SK\" \/>\n<meta property=\"og:type\" content=\"article\" \/>\n<meta property=\"og:title\" content=\"Aby telu pokoj dala... - Pova\u017esk\u00e9 m\u00fazeum\" \/>\n<meta property=\"og:description\" content=\"V\u00fdsledkom dvojro\u010dn\u00e9ho n\u00e1rodopisn\u00e9ho v\u00fdskumu v\u00a0obci Ve\u013ek\u00e9 Rovn\u00e9 je aktu\u00e1lne spr\u00edstupnen\u00e1 v\u00fdstava Aby telu pokoj dala&#8230; v\u00a0Sob\u00e1\u0161nom pal\u00e1ci v\u00a0Byt\u010di v\u00a0term\u00edne od 10. j\u00fana do13. septembra 2014. N\u00e1v\u0161tevn\u00edkom pribl\u00ed\u017ei tajomstv\u00e1 \u013eudov\u00e9ho lie\u010dite\u013estva a\u00a0zavedie ich do obdobia, kedy takmer na ka\u017ed\u00fa chorobu \u010di\u00a0bo\u013ea\u010dku poznali liek, ktor\u00fd im poskytovala okolit\u00e1 pr\u00edroda. Prostredn\u00edctvom sc\u00e9nick\u00fdch obrazov sa ocitn\u00fa priamo v\u00a0pr\u00edbytkoch babky [&hellip;]\" \/>\n<meta property=\"og:url\" content=\"https:\/\/pmza.sk\/?p=10005\" \/>\n<meta property=\"og:site_name\" content=\"Pova\u017esk\u00e9 m\u00fazeum\" \/>\n<meta property=\"article:publisher\" content=\"https:\/\/www.facebook.com\/povazskemuzeum\" \/>\n<meta property=\"article:published_time\" content=\"2014-06-12T10:18:20+00:00\" \/>\n<meta property=\"og:image\" content=\"https:\/\/pmza.sk\/wp-content\/uploads\/2014\/06\/Aby-telu-pokoj-dala-021.jpg\" \/>\n<meta name=\"author\" content=\"Pova\u017esk\u00e9 m\u00fazeum\" \/>\n<meta name=\"twitter:card\" content=\"summary_large_image\" \/>\n<meta name=\"twitter:label1\" content=\"Autor\" \/>\n\t<meta name=\"twitter:data1\" content=\"Pova\u017esk\u00e9 m\u00fazeum\" \/>\n\t<meta name=\"twitter:label2\" content=\"Predpokladan\u00fd \u010das \u010d\u00edtania\" \/>\n\t<meta name=\"twitter:data2\" content=\"3 min\u00faty\" \/>\n<script type=\"application\/ld+json\" class=\"yoast-schema-graph\">{\"@context\":\"https:\\\/\\\/schema.org\",\"@graph\":[{\"@type\":\"Article\",\"@id\":\"https:\\\/\\\/pmza.sk\\\/?p=10005#article\",\"isPartOf\":{\"@id\":\"https:\\\/\\\/pmza.sk\\\/?p=10005\"},\"author\":{\"name\":\"Pova\u017esk\u00e9 m\u00fazeum\",\"@id\":\"https:\\\/\\\/pmza.sk\\\/#\\\/schema\\\/person\\\/595e6a2ce731ea94dcd5d7f50a41ae33\"},\"headline\":\"Aby telu pokoj dala&#8230;\",\"datePublished\":\"2014-06-12T10:18:20+00:00\",\"mainEntityOfPage\":{\"@id\":\"https:\\\/\\\/pmza.sk\\\/?p=10005\"},\"wordCount\":653,\"publisher\":{\"@id\":\"https:\\\/\\\/pmza.sk\\\/#organization\"},\"image\":{\"@id\":\"https:\\\/\\\/pmza.sk\\\/?p=10005#primaryimage\"},\"thumbnailUrl\":\"http:\\\/\\\/pmza.sk\\\/wp-content\\\/uploads\\\/2014\\\/06\\\/Aby-telu-pokoj-dala-021.jpg\",\"articleSection\":[\"Arch\u00edv 2014\"],\"inLanguage\":\"sk-SK\"},{\"@type\":\"WebPage\",\"@id\":\"https:\\\/\\\/pmza.sk\\\/?p=10005\",\"url\":\"https:\\\/\\\/pmza.sk\\\/?p=10005\",\"name\":\"Aby telu pokoj dala... - Pova\u017esk\u00e9 m\u00fazeum\",\"isPartOf\":{\"@id\":\"https:\\\/\\\/pmza.sk\\\/#website\"},\"primaryImageOfPage\":{\"@id\":\"https:\\\/\\\/pmza.sk\\\/?p=10005#primaryimage\"},\"image\":{\"@id\":\"https:\\\/\\\/pmza.sk\\\/?p=10005#primaryimage\"},\"thumbnailUrl\":\"http:\\\/\\\/pmza.sk\\\/wp-content\\\/uploads\\\/2014\\\/06\\\/Aby-telu-pokoj-dala-021.jpg\",\"datePublished\":\"2014-06-12T10:18:20+00:00\",\"breadcrumb\":{\"@id\":\"https:\\\/\\\/pmza.sk\\\/?p=10005#breadcrumb\"},\"inLanguage\":\"sk-SK\",\"potentialAction\":[{\"@type\":\"ReadAction\",\"target\":[\"https:\\\/\\\/pmza.sk\\\/?p=10005\"]}]},{\"@type\":\"ImageObject\",\"inLanguage\":\"sk-SK\",\"@id\":\"https:\\\/\\\/pmza.sk\\\/?p=10005#primaryimage\",\"url\":\"https:\\\/\\\/pmza.sk\\\/wp-content\\\/uploads\\\/2014\\\/06\\\/Aby-telu-pokoj-dala-021.jpg\",\"contentUrl\":\"https:\\\/\\\/pmza.sk\\\/wp-content\\\/uploads\\\/2014\\\/06\\\/Aby-telu-pokoj-dala-021.jpg\",\"width\":683,\"height\":1024},{\"@type\":\"BreadcrumbList\",\"@id\":\"https:\\\/\\\/pmza.sk\\\/?p=10005#breadcrumb\",\"itemListElement\":[{\"@type\":\"ListItem\",\"position\":1,\"name\":\"Domovsk\u00e1 str\u00e1nka\",\"item\":\"https:\\\/\\\/pmza.sk\\\/\"},{\"@type\":\"ListItem\",\"position\":2,\"name\":\"Aby telu pokoj dala&#8230;\"}]},{\"@type\":\"WebSite\",\"@id\":\"https:\\\/\\\/pmza.sk\\\/#website\",\"url\":\"https:\\\/\\\/pmza.sk\\\/\",\"name\":\"Pova\u017esk\u00e9 m\u00fazeum\",\"description\":\"Pova\u017esk\u00e9 m\u00fazeum v \u017diline je region\u00e1lne m\u00fazeum so s\u00eddlom v Budat\u00edne. Jeho expoz\u00edcie s\u00fa zameran\u00e9 na dejiny slovensk\u00e9ho umenia, kult\u00fary a dopravy.\",\"publisher\":{\"@id\":\"https:\\\/\\\/pmza.sk\\\/#organization\"},\"potentialAction\":[{\"@type\":\"SearchAction\",\"target\":{\"@type\":\"EntryPoint\",\"urlTemplate\":\"https:\\\/\\\/pmza.sk\\\/?s={search_term_string}\"},\"query-input\":{\"@type\":\"PropertyValueSpecification\",\"valueRequired\":true,\"valueName\":\"search_term_string\"}}],\"inLanguage\":\"sk-SK\"},{\"@type\":\"Organization\",\"@id\":\"https:\\\/\\\/pmza.sk\\\/#organization\",\"name\":\"Pova\u017esk\u00e9 m\u00fazeum\",\"url\":\"https:\\\/\\\/pmza.sk\\\/\",\"logo\":{\"@type\":\"ImageObject\",\"inLanguage\":\"sk-SK\",\"@id\":\"https:\\\/\\\/pmza.sk\\\/#\\\/schema\\\/logo\\\/image\\\/\",\"url\":\"https:\\\/\\\/pmza.sk\\\/wp-content\\\/uploads\\\/2022\\\/01\\\/logo_PM_horizontal.jpg\",\"contentUrl\":\"https:\\\/\\\/pmza.sk\\\/wp-content\\\/uploads\\\/2022\\\/01\\\/logo_PM_horizontal.jpg\",\"width\":231,\"height\":142,\"caption\":\"Pova\u017esk\u00e9 m\u00fazeum\"},\"image\":{\"@id\":\"https:\\\/\\\/pmza.sk\\\/#\\\/schema\\\/logo\\\/image\\\/\"},\"sameAs\":[\"https:\\\/\\\/www.facebook.com\\\/povazskemuzeum\",\"https:\\\/\\\/www.instagram.com\\\/povazskemuzeum\\\/\"]},{\"@type\":\"Person\",\"@id\":\"https:\\\/\\\/pmza.sk\\\/#\\\/schema\\\/person\\\/595e6a2ce731ea94dcd5d7f50a41ae33\",\"name\":\"Pova\u017esk\u00e9 m\u00fazeum\",\"image\":{\"@type\":\"ImageObject\",\"inLanguage\":\"sk-SK\",\"@id\":\"https:\\\/\\\/secure.gravatar.com\\\/avatar\\\/2bb7f1561282132fb5826dfeccc66c7996d11ee392ac6aaf7ced8a1c2027fbb2?s=96&d=mm&r=g\",\"url\":\"https:\\\/\\\/secure.gravatar.com\\\/avatar\\\/2bb7f1561282132fb5826dfeccc66c7996d11ee392ac6aaf7ced8a1c2027fbb2?s=96&d=mm&r=g\",\"contentUrl\":\"https:\\\/\\\/secure.gravatar.com\\\/avatar\\\/2bb7f1561282132fb5826dfeccc66c7996d11ee392ac6aaf7ced8a1c2027fbb2?s=96&d=mm&r=g\",\"caption\":\"Pova\u017esk\u00e9 m\u00fazeum\"}}]}<\/script>\n<!-- \/ Yoast SEO plugin. -->","yoast_head_json":{"title":"Aby telu pokoj dala... - Pova\u017esk\u00e9 m\u00fazeum","robots":{"index":"index","follow":"follow","max-snippet":"max-snippet:-1","max-image-preview":"max-image-preview:large","max-video-preview":"max-video-preview:-1"},"canonical":"https:\/\/pmza.sk\/?p=10005","og_locale":"sk_SK","og_type":"article","og_title":"Aby telu pokoj dala... - Pova\u017esk\u00e9 m\u00fazeum","og_description":"V\u00fdsledkom dvojro\u010dn\u00e9ho n\u00e1rodopisn\u00e9ho v\u00fdskumu v\u00a0obci Ve\u013ek\u00e9 Rovn\u00e9 je aktu\u00e1lne spr\u00edstupnen\u00e1 v\u00fdstava Aby telu pokoj dala&#8230; v\u00a0Sob\u00e1\u0161nom pal\u00e1ci v\u00a0Byt\u010di v\u00a0term\u00edne od 10. j\u00fana do13. septembra 2014. N\u00e1v\u0161tevn\u00edkom pribl\u00ed\u017ei tajomstv\u00e1 \u013eudov\u00e9ho lie\u010dite\u013estva a\u00a0zavedie ich do obdobia, kedy takmer na ka\u017ed\u00fa chorobu \u010di\u00a0bo\u013ea\u010dku poznali liek, ktor\u00fd im poskytovala okolit\u00e1 pr\u00edroda. Prostredn\u00edctvom sc\u00e9nick\u00fdch obrazov sa ocitn\u00fa priamo v\u00a0pr\u00edbytkoch babky [&hellip;]","og_url":"https:\/\/pmza.sk\/?p=10005","og_site_name":"Pova\u017esk\u00e9 m\u00fazeum","article_publisher":"https:\/\/www.facebook.com\/povazskemuzeum","article_published_time":"2014-06-12T10:18:20+00:00","og_image":[{"url":"https:\/\/pmza.sk\/wp-content\/uploads\/2014\/06\/Aby-telu-pokoj-dala-021.jpg","type":"","width":"","height":""}],"author":"Pova\u017esk\u00e9 m\u00fazeum","twitter_card":"summary_large_image","twitter_misc":{"Autor":"Pova\u017esk\u00e9 m\u00fazeum","Predpokladan\u00fd \u010das \u010d\u00edtania":"3 min\u00faty"},"schema":{"@context":"https:\/\/schema.org","@graph":[{"@type":"Article","@id":"https:\/\/pmza.sk\/?p=10005#article","isPartOf":{"@id":"https:\/\/pmza.sk\/?p=10005"},"author":{"name":"Pova\u017esk\u00e9 m\u00fazeum","@id":"https:\/\/pmza.sk\/#\/schema\/person\/595e6a2ce731ea94dcd5d7f50a41ae33"},"headline":"Aby telu pokoj dala&#8230;","datePublished":"2014-06-12T10:18:20+00:00","mainEntityOfPage":{"@id":"https:\/\/pmza.sk\/?p=10005"},"wordCount":653,"publisher":{"@id":"https:\/\/pmza.sk\/#organization"},"image":{"@id":"https:\/\/pmza.sk\/?p=10005#primaryimage"},"thumbnailUrl":"https:\/\/pmza.sk\/wp-content\/uploads\/2014\/06\/Aby-telu-pokoj-dala-021.jpg","articleSection":["Arch\u00edv 2014"],"inLanguage":"sk-SK"},{"@type":"WebPage","@id":"https:\/\/pmza.sk\/?p=10005","url":"https:\/\/pmza.sk\/?p=10005","name":"Aby telu pokoj dala... - Pova\u017esk\u00e9 m\u00fazeum","isPartOf":{"@id":"https:\/\/pmza.sk\/#website"},"primaryImageOfPage":{"@id":"https:\/\/pmza.sk\/?p=10005#primaryimage"},"image":{"@id":"https:\/\/pmza.sk\/?p=10005#primaryimage"},"thumbnailUrl":"https:\/\/pmza.sk\/wp-content\/uploads\/2014\/06\/Aby-telu-pokoj-dala-021.jpg","datePublished":"2014-06-12T10:18:20+00:00","breadcrumb":{"@id":"https:\/\/pmza.sk\/?p=10005#breadcrumb"},"inLanguage":"sk-SK","potentialAction":[{"@type":"ReadAction","target":["https:\/\/pmza.sk\/?p=10005"]}]},{"@type":"ImageObject","inLanguage":"sk-SK","@id":"https:\/\/pmza.sk\/?p=10005#primaryimage","url":"https:\/\/pmza.sk\/wp-content\/uploads\/2014\/06\/Aby-telu-pokoj-dala-021.jpg","contentUrl":"https:\/\/pmza.sk\/wp-content\/uploads\/2014\/06\/Aby-telu-pokoj-dala-021.jpg","width":683,"height":1024},{"@type":"BreadcrumbList","@id":"https:\/\/pmza.sk\/?p=10005#breadcrumb","itemListElement":[{"@type":"ListItem","position":1,"name":"Domovsk\u00e1 str\u00e1nka","item":"https:\/\/pmza.sk\/"},{"@type":"ListItem","position":2,"name":"Aby telu pokoj dala&#8230;"}]},{"@type":"WebSite","@id":"https:\/\/pmza.sk\/#website","url":"https:\/\/pmza.sk\/","name":"Pova\u017esk\u00e9 m\u00fazeum","description":"Pova\u017esk\u00e9 m\u00fazeum v \u017diline je region\u00e1lne m\u00fazeum so s\u00eddlom v Budat\u00edne. Jeho expoz\u00edcie s\u00fa zameran\u00e9 na dejiny slovensk\u00e9ho umenia, kult\u00fary a dopravy.","publisher":{"@id":"https:\/\/pmza.sk\/#organization"},"potentialAction":[{"@type":"SearchAction","target":{"@type":"EntryPoint","urlTemplate":"https:\/\/pmza.sk\/?s={search_term_string}"},"query-input":{"@type":"PropertyValueSpecification","valueRequired":true,"valueName":"search_term_string"}}],"inLanguage":"sk-SK"},{"@type":"Organization","@id":"https:\/\/pmza.sk\/#organization","name":"Pova\u017esk\u00e9 m\u00fazeum","url":"https:\/\/pmza.sk\/","logo":{"@type":"ImageObject","inLanguage":"sk-SK","@id":"https:\/\/pmza.sk\/#\/schema\/logo\/image\/","url":"https:\/\/pmza.sk\/wp-content\/uploads\/2022\/01\/logo_PM_horizontal.jpg","contentUrl":"https:\/\/pmza.sk\/wp-content\/uploads\/2022\/01\/logo_PM_horizontal.jpg","width":231,"height":142,"caption":"Pova\u017esk\u00e9 m\u00fazeum"},"image":{"@id":"https:\/\/pmza.sk\/#\/schema\/logo\/image\/"},"sameAs":["https:\/\/www.facebook.com\/povazskemuzeum","https:\/\/www.instagram.com\/povazskemuzeum\/"]},{"@type":"Person","@id":"https:\/\/pmza.sk\/#\/schema\/person\/595e6a2ce731ea94dcd5d7f50a41ae33","name":"Pova\u017esk\u00e9 m\u00fazeum","image":{"@type":"ImageObject","inLanguage":"sk-SK","@id":"https:\/\/secure.gravatar.com\/avatar\/2bb7f1561282132fb5826dfeccc66c7996d11ee392ac6aaf7ced8a1c2027fbb2?s=96&d=mm&r=g","url":"https:\/\/secure.gravatar.com\/avatar\/2bb7f1561282132fb5826dfeccc66c7996d11ee392ac6aaf7ced8a1c2027fbb2?s=96&d=mm&r=g","contentUrl":"https:\/\/secure.gravatar.com\/avatar\/2bb7f1561282132fb5826dfeccc66c7996d11ee392ac6aaf7ced8a1c2027fbb2?s=96&d=mm&r=g","caption":"Pova\u017esk\u00e9 m\u00fazeum"}}]}},"_links":{"self":[{"href":"https:\/\/pmza.sk\/index.php?rest_route=\/wp\/v2\/posts\/10005","targetHints":{"allow":["GET"]}}],"collection":[{"href":"https:\/\/pmza.sk\/index.php?rest_route=\/wp\/v2\/posts"}],"about":[{"href":"https:\/\/pmza.sk\/index.php?rest_route=\/wp\/v2\/types\/post"}],"author":[{"embeddable":true,"href":"https:\/\/pmza.sk\/index.php?rest_route=\/wp\/v2\/users\/2"}],"replies":[{"embeddable":true,"href":"https:\/\/pmza.sk\/index.php?rest_route=%2Fwp%2Fv2%2Fcomments&post=10005"}],"version-history":[{"count":0,"href":"https:\/\/pmza.sk\/index.php?rest_route=\/wp\/v2\/posts\/10005\/revisions"}],"wp:attachment":[{"href":"https:\/\/pmza.sk\/index.php?rest_route=%2Fwp%2Fv2%2Fmedia&parent=10005"}],"wp:term":[{"taxonomy":"category","embeddable":true,"href":"https:\/\/pmza.sk\/index.php?rest_route=%2Fwp%2Fv2%2Fcategories&post=10005"},{"taxonomy":"post_tag","embeddable":true,"href":"https:\/\/pmza.sk\/index.php?rest_route=%2Fwp%2Fv2%2Ftags&post=10005"}],"curies":[{"name":"wp","href":"https:\/\/api.w.org\/{rel}","templated":true}]}}