{"id":1006,"date":"2010-07-08T10:46:45","date_gmt":"2010-07-08T08:46:45","guid":{"rendered":"https:\/\/pmza.sk.sk\/?p=1006"},"modified":"2010-07-08T10:46:45","modified_gmt":"2010-07-08T08:46:45","slug":"chodulami-na-hrad-strecno-gastronomicke-speciality-a-dalsie-letne-atrakcie","status":"publish","type":"post","link":"https:\/\/pmza.sk\/?p=1006","title":{"rendered":"Chod\u00fa\u013eami na hrad Stre\u010dno, gastronomick\u00e9 \u0161peciality a \u010fal\u0161ie letn\u00e9 atrakcie"},"content":{"rendered":"<p style=\"text-align: justify;\"><a href=\"https:\/\/pmza.sk\/wp-content\/uploads\/2010\/07\/plagat-chodule.jpg\"><img fetchpriority=\"high\" decoding=\"async\" class=\"alignleft size-medium wp-image-1009\" style=\"border: 2px solid black; margin: 4px 10px;\" title=\"plagat chodule\" src=\"https:\/\/pmza.sk.sk\/wp-content\/uploads\/2010\/07\/plagat-chodule-211x300.jpg\" alt=\"\" width=\"211\" height=\"300\" \/><\/a>V\u00a0sobotu 17. j\u00fala 2010 sa uskuto\u010dn\u00ed \u0161portovo \u2013 z\u00e1bavn\u00fd de\u0148, ktor\u00fd je ur\u010den\u00fd najm\u00e4 pre rodiny s\u00a0de\u0165mi pod n\u00e1zvom <strong>Chod\u00fa\u013eami na hrad Stre\u010dno<\/strong>. Podujatie za\u010d\u00edna o\u00a010.30 h registr\u00e1ciou s\u00fa\u0165a\u017eiacich pod hradom Stre\u010dno pri prev\u00e1dzkovej budove Pova\u017esk\u00e9ho m\u00fazea v \u017diline. U\u017e od 10.00 h si m\u00f4\u017eu z\u00e1ujemcovia o s\u00fa\u0165a\u017ee vysk\u00fa\u0161a\u0165 tento netradi\u010dn\u00fd \u0161port. Samotn\u00e9 preteky za\u010dn\u00fa o\u00a011.00 h. S\u00fa\u0165a\u017ei\u0165 sa bude \u00a0v\u00a0r\u00f4znych vekov\u00fdch kateg\u00f3ri\u00e1ch a\u00a0discipl\u00ednach ak\u00fdmi s\u00fa \u201eChod\u00fa\u013eov\u00fd \u0161print\u201c alebo \u201eK\u013eu\u010dkovanie na chod\u00fa\u013eoch\u201c. Cel\u00fa s\u00fa\u0165a\u017e bud\u00fa monitorova\u0165 sk\u00fasen\u00ed chod\u00fa\u013eov\u00ed in\u0161truktori. Vyvrcholen\u00edm bud\u00fa preteky v hlavnej discipl\u00edne, ktorou bude <strong>Chod\u00fa\u013eov\u00fd marat\u00f3n<\/strong> alebo \u201eKto \u010falej z\u00e1jde&#8230;\u201c, so za\u010diatkom o\u00a013.00 h. <!--more-->Hlavn\u00fdm krit\u00e9riom marat\u00f3nu bude dosta\u0165 sa \u010do najbli\u017e\u0161ie k hradu Stre\u010dno. V\u00fdhercov jednotliv\u00fdch kateg\u00f3rii \u010dakaj\u00fa zauj\u00edmav\u00e9 ceny a\u00a0pre v\u0161etk\u00fdch s\u00fa\u0165a\u017eiacich je pripraven\u00e1 pam\u00e4tn\u00e1 listina na tento de\u0148 \u010di\u00a050% z\u013eava na vstup na hrad Stre\u010dno. N\u00e1v\u0161tevn\u00edkov okrem s\u00fa\u0165a\u017e\u00ed \u010dakaj\u00fa r\u00f4zne sprievodn\u00e9 akcie pre deti aj dospel\u00fdch. Z\u00e1rove\u0148 m\u00f4\u017eu degustova\u0165 prav\u00fd kotl\u00edkov\u00fd gul\u00e1\u0161, grilovan\u00e9 makrely alebo dom\u00e1ce bryndzov\u00e9 pirohy a \u010fal\u0161ie \u0161peciality. \u201e<em>Nielen netradi\u010dn\u00e1 s\u00fa\u0165a\u017e a\u00a0gastronomick\u00e9 poch\u00fa\u0165ky s\u00fa pripraven\u00e9 pre host\u00ed hradu a\u00a0podhradia. Od pondelka 12. j\u00fala 2010 \u0161tartuj\u00fa na hrade Stre\u010dno \u010fal\u0161ie atrakcie pod n\u00e1zvom <strong>Letn\u00e9 pr\u00edbehy hradu Stre\u010dno<\/strong>, ktor\u00fdmi pl\u00e1nujeme spr\u00edjemni\u0165 tradi\u010dn\u00e9 prehliadky hradu. Jedn\u00e1 sa o\u00a0divadeln\u00e9 vyst\u00fapenia s r\u00f4znymi t\u00e9mami a\u00a0interakt\u00edvnymi hrami pre \u0161irok\u00e9 spektrum host\u00ed hradu. Hlavn\u00e9 n\u00e1dvorie po\u010das cel\u00e9ho leta ka\u017ed\u00fd de\u0148 o\u017eije rozpr\u00e1vkami a \u00a0humorn\u00fdmi pr\u00edbehmi s\u00favisiacimi so stredovekom a\u00a0samozrejme so \u017dofiou Bosniakovu. V\u00a0sobotu 17. j\u00fala 2010 bude na hrade v\u0161etk\u00fdch \u010daka\u0165 dobov\u00fd fel\u010diar so svojim pomocn\u00edkom a\u00a0netypick\u00fdmi met\u00f3dami lie\u010denia chor\u00f4b,\u201c<\/em> povedal Boris Schubert, riadite\u013e Pova\u017esk\u00e9ho m\u00fazea v\u00a0\u017diline.<\/p>\n<p style=\"text-align: justify;\">\u0160portovo \u2013 z\u00e1bavn\u00fd de\u0148 <strong>Chod\u00fa\u013eami na hrad<\/strong> <strong>Stre\u010dno<\/strong> <strong>d\u0148a 17. j\u00fala 2010<\/strong> organizuje In\u0161tit\u00fat vzdel\u00e1vania a\u00a0starostlivosti, s.r.o. v\u00a0spolupr\u00e1ci s\u00a0Pova\u017esk\u00fdm m\u00fazeom v\u00a0\u017diline. <strong>Letn\u00e9 pr\u00edbehy hradu Stre\u010dno <\/strong>organizuje \u017dilinsk\u00fd samospr\u00e1vny kraj a\u00a0Pova\u017esk\u00e9 m\u00fazeum v\u00a0\u017diline.<\/p>\n","protected":false},"excerpt":{"rendered":"<p>V\u00a0sobotu 17. j\u00fala 2010 sa uskuto\u010dn\u00ed \u0161portovo \u2013 z\u00e1bavn\u00fd de\u0148, ktor\u00fd je ur\u010den\u00fd najm\u00e4 pre rodiny s\u00a0de\u0165mi pod n\u00e1zvom Chod\u00fa\u013eami na hrad Stre\u010dno. Podujatie za\u010d\u00edna o\u00a010.30 h registr\u00e1ciou s\u00fa\u0165a\u017eiacich pod hradom Stre\u010dno pri prev\u00e1dzkovej budove Pova\u017esk\u00e9ho m\u00fazea v \u017diline. U\u017e od 10.00 h si m\u00f4\u017eu z\u00e1ujemcovia o s\u00fa\u0165a\u017ee vysk\u00fa\u0161a\u0165 tento netradi\u010dn\u00fd \u0161port. Samotn\u00e9 preteky za\u010dn\u00fa [&hellip;]<\/p>\n","protected":false},"author":2,"featured_media":0,"comment_status":"closed","ping_status":"closed","sticky":false,"template":"","format":"standard","meta":{"site-sidebar-layout":"default","site-content-layout":"","ast-site-content-layout":"","site-content-style":"default","site-sidebar-style":"default","ast-global-header-display":"","ast-banner-title-visibility":"","ast-main-header-display":"","ast-hfb-above-header-display":"","ast-hfb-below-header-display":"","ast-hfb-mobile-header-display":"","site-post-title":"","ast-breadcrumbs-content":"","ast-featured-img":"","footer-sml-layout":"","theme-transparent-header-meta":"","adv-header-id-meta":"","stick-header-meta":"","header-above-stick-meta":"","header-main-stick-meta":"","header-below-stick-meta":"","astra-migrate-meta-layouts":"default","ast-page-background-enabled":"default","ast-page-background-meta":{"desktop":{"background-color":"var(--ast-global-color-4)","background-image":"","background-repeat":"repeat","background-position":"center center","background-size":"auto","background-attachment":"scroll","background-type":"","background-media":"","overlay-type":"","overlay-color":"","overlay-opacity":"","overlay-gradient":""},"tablet":{"background-color":"","background-image":"","background-repeat":"repeat","background-position":"center center","background-size":"auto","background-attachment":"scroll","background-type":"","background-media":"","overlay-type":"","overlay-color":"","overlay-opacity":"","overlay-gradient":""},"mobile":{"background-color":"","background-image":"","background-repeat":"repeat","background-position":"center center","background-size":"auto","background-attachment":"scroll","background-type":"","background-media":"","overlay-type":"","overlay-color":"","overlay-opacity":"","overlay-gradient":""}},"ast-content-background-meta":{"desktop":{"background-color":"var(--ast-global-color-5)","background-image":"","background-repeat":"repeat","background-position":"center center","background-size":"auto","background-attachment":"scroll","background-type":"","background-media":"","overlay-type":"","overlay-color":"","overlay-opacity":"","overlay-gradient":""},"tablet":{"background-color":"var(--ast-global-color-5)","background-image":"","background-repeat":"repeat","background-position":"center center","background-size":"auto","background-attachment":"scroll","background-type":"","background-media":"","overlay-type":"","overlay-color":"","overlay-opacity":"","overlay-gradient":""},"mobile":{"background-color":"var(--ast-global-color-5)","background-image":"","background-repeat":"repeat","background-position":"center center","background-size":"auto","background-attachment":"scroll","background-type":"","background-media":"","overlay-type":"","overlay-color":"","overlay-opacity":"","overlay-gradient":""}},"footnotes":""},"categories":[29],"tags":[],"class_list":["post-1006","post","type-post","status-publish","format-standard","hentry","category-archiv-2010"],"yoast_head":"<!-- This site is optimized with the Yoast SEO plugin v27.4 - https:\/\/yoast.com\/product\/yoast-seo-wordpress\/ -->\n<title>Chod\u00fa\u013eami na hrad Stre\u010dno, gastronomick\u00e9 \u0161peciality a \u010fal\u0161ie letn\u00e9 atrakcie - Pova\u017esk\u00e9 m\u00fazeum<\/title>\n<meta name=\"robots\" content=\"index, follow, max-snippet:-1, max-image-preview:large, max-video-preview:-1\" \/>\n<link rel=\"canonical\" href=\"https:\/\/pmza.sk\/?p=1006\" \/>\n<meta property=\"og:locale\" content=\"sk_SK\" \/>\n<meta property=\"og:type\" content=\"article\" \/>\n<meta property=\"og:title\" content=\"Chod\u00fa\u013eami na hrad Stre\u010dno, gastronomick\u00e9 \u0161peciality a \u010fal\u0161ie letn\u00e9 atrakcie - Pova\u017esk\u00e9 m\u00fazeum\" \/>\n<meta property=\"og:description\" content=\"V\u00a0sobotu 17. j\u00fala 2010 sa uskuto\u010dn\u00ed \u0161portovo \u2013 z\u00e1bavn\u00fd de\u0148, ktor\u00fd je ur\u010den\u00fd najm\u00e4 pre rodiny s\u00a0de\u0165mi pod n\u00e1zvom Chod\u00fa\u013eami na hrad Stre\u010dno. Podujatie za\u010d\u00edna o\u00a010.30 h registr\u00e1ciou s\u00fa\u0165a\u017eiacich pod hradom Stre\u010dno pri prev\u00e1dzkovej budove Pova\u017esk\u00e9ho m\u00fazea v \u017diline. U\u017e od 10.00 h si m\u00f4\u017eu z\u00e1ujemcovia o s\u00fa\u0165a\u017ee vysk\u00fa\u0161a\u0165 tento netradi\u010dn\u00fd \u0161port. Samotn\u00e9 preteky za\u010dn\u00fa [&hellip;]\" \/>\n<meta property=\"og:url\" content=\"https:\/\/pmza.sk\/?p=1006\" \/>\n<meta property=\"og:site_name\" content=\"Pova\u017esk\u00e9 m\u00fazeum\" \/>\n<meta property=\"article:publisher\" content=\"https:\/\/www.facebook.com\/povazskemuzeum\" \/>\n<meta property=\"article:published_time\" content=\"2010-07-08T08:46:45+00:00\" \/>\n<meta property=\"og:image\" content=\"https:\/\/pmza.sk.sk\/wp-content\/uploads\/2010\/07\/plagat-chodule-211x300.jpg\" \/>\n<meta name=\"author\" content=\"Pova\u017esk\u00e9 m\u00fazeum\" \/>\n<meta name=\"twitter:card\" content=\"summary_large_image\" \/>\n<meta name=\"twitter:label1\" content=\"Autor\" \/>\n\t<meta name=\"twitter:data1\" content=\"Pova\u017esk\u00e9 m\u00fazeum\" \/>\n\t<meta name=\"twitter:label2\" content=\"Predpokladan\u00fd \u010das \u010d\u00edtania\" \/>\n\t<meta name=\"twitter:data2\" content=\"2 min\u00faty\" \/>\n<script type=\"application\/ld+json\" class=\"yoast-schema-graph\">{\"@context\":\"https:\\\/\\\/schema.org\",\"@graph\":[{\"@type\":\"Article\",\"@id\":\"https:\\\/\\\/pmza.sk\\\/?p=1006#article\",\"isPartOf\":{\"@id\":\"https:\\\/\\\/pmza.sk\\\/?p=1006\"},\"author\":{\"name\":\"Pova\u017esk\u00e9 m\u00fazeum\",\"@id\":\"https:\\\/\\\/pmza.sk\\\/#\\\/schema\\\/person\\\/595e6a2ce731ea94dcd5d7f50a41ae33\"},\"headline\":\"Chod\u00fa\u013eami na hrad Stre\u010dno, gastronomick\u00e9 \u0161peciality a \u010fal\u0161ie letn\u00e9 atrakcie\",\"datePublished\":\"2010-07-08T08:46:45+00:00\",\"mainEntityOfPage\":{\"@id\":\"https:\\\/\\\/pmza.sk\\\/?p=1006\"},\"wordCount\":432,\"publisher\":{\"@id\":\"https:\\\/\\\/pmza.sk\\\/#organization\"},\"image\":{\"@id\":\"https:\\\/\\\/pmza.sk\\\/?p=1006#primaryimage\"},\"thumbnailUrl\":\"http:\\\/\\\/pmza.sk.sk\\\/wp-content\\\/uploads\\\/2010\\\/07\\\/plagat-chodule-211x300.jpg\",\"articleSection\":[\"Arch\u00edv 2010\"],\"inLanguage\":\"sk-SK\"},{\"@type\":\"WebPage\",\"@id\":\"https:\\\/\\\/pmza.sk\\\/?p=1006\",\"url\":\"https:\\\/\\\/pmza.sk\\\/?p=1006\",\"name\":\"Chod\u00fa\u013eami na hrad Stre\u010dno, gastronomick\u00e9 \u0161peciality a \u010fal\u0161ie letn\u00e9 atrakcie - Pova\u017esk\u00e9 m\u00fazeum\",\"isPartOf\":{\"@id\":\"https:\\\/\\\/pmza.sk\\\/#website\"},\"primaryImageOfPage\":{\"@id\":\"https:\\\/\\\/pmza.sk\\\/?p=1006#primaryimage\"},\"image\":{\"@id\":\"https:\\\/\\\/pmza.sk\\\/?p=1006#primaryimage\"},\"thumbnailUrl\":\"http:\\\/\\\/pmza.sk.sk\\\/wp-content\\\/uploads\\\/2010\\\/07\\\/plagat-chodule-211x300.jpg\",\"datePublished\":\"2010-07-08T08:46:45+00:00\",\"breadcrumb\":{\"@id\":\"https:\\\/\\\/pmza.sk\\\/?p=1006#breadcrumb\"},\"inLanguage\":\"sk-SK\",\"potentialAction\":[{\"@type\":\"ReadAction\",\"target\":[\"https:\\\/\\\/pmza.sk\\\/?p=1006\"]}]},{\"@type\":\"ImageObject\",\"inLanguage\":\"sk-SK\",\"@id\":\"https:\\\/\\\/pmza.sk\\\/?p=1006#primaryimage\",\"url\":\"http:\\\/\\\/pmza.sk.sk\\\/wp-content\\\/uploads\\\/2010\\\/07\\\/plagat-chodule-211x300.jpg\",\"contentUrl\":\"http:\\\/\\\/pmza.sk.sk\\\/wp-content\\\/uploads\\\/2010\\\/07\\\/plagat-chodule-211x300.jpg\"},{\"@type\":\"BreadcrumbList\",\"@id\":\"https:\\\/\\\/pmza.sk\\\/?p=1006#breadcrumb\",\"itemListElement\":[{\"@type\":\"ListItem\",\"position\":1,\"name\":\"Domovsk\u00e1 str\u00e1nka\",\"item\":\"https:\\\/\\\/pmza.sk\\\/\"},{\"@type\":\"ListItem\",\"position\":2,\"name\":\"Chod\u00fa\u013eami na hrad Stre\u010dno, gastronomick\u00e9 \u0161peciality a \u010fal\u0161ie letn\u00e9 atrakcie\"}]},{\"@type\":\"WebSite\",\"@id\":\"https:\\\/\\\/pmza.sk\\\/#website\",\"url\":\"https:\\\/\\\/pmza.sk\\\/\",\"name\":\"Pova\u017esk\u00e9 m\u00fazeum\",\"description\":\"Pova\u017esk\u00e9 m\u00fazeum v \u017diline je region\u00e1lne m\u00fazeum so s\u00eddlom v Budat\u00edne. Jeho expoz\u00edcie s\u00fa zameran\u00e9 na dejiny slovensk\u00e9ho umenia, kult\u00fary a dopravy.\",\"publisher\":{\"@id\":\"https:\\\/\\\/pmza.sk\\\/#organization\"},\"potentialAction\":[{\"@type\":\"SearchAction\",\"target\":{\"@type\":\"EntryPoint\",\"urlTemplate\":\"https:\\\/\\\/pmza.sk\\\/?s={search_term_string}\"},\"query-input\":{\"@type\":\"PropertyValueSpecification\",\"valueRequired\":true,\"valueName\":\"search_term_string\"}}],\"inLanguage\":\"sk-SK\"},{\"@type\":\"Organization\",\"@id\":\"https:\\\/\\\/pmza.sk\\\/#organization\",\"name\":\"Pova\u017esk\u00e9 m\u00fazeum\",\"url\":\"https:\\\/\\\/pmza.sk\\\/\",\"logo\":{\"@type\":\"ImageObject\",\"inLanguage\":\"sk-SK\",\"@id\":\"https:\\\/\\\/pmza.sk\\\/#\\\/schema\\\/logo\\\/image\\\/\",\"url\":\"https:\\\/\\\/pmza.sk\\\/wp-content\\\/uploads\\\/2022\\\/01\\\/logo_PM_horizontal.jpg\",\"contentUrl\":\"https:\\\/\\\/pmza.sk\\\/wp-content\\\/uploads\\\/2022\\\/01\\\/logo_PM_horizontal.jpg\",\"width\":231,\"height\":142,\"caption\":\"Pova\u017esk\u00e9 m\u00fazeum\"},\"image\":{\"@id\":\"https:\\\/\\\/pmza.sk\\\/#\\\/schema\\\/logo\\\/image\\\/\"},\"sameAs\":[\"https:\\\/\\\/www.facebook.com\\\/povazskemuzeum\",\"https:\\\/\\\/www.instagram.com\\\/povazskemuzeum\\\/\"]},{\"@type\":\"Person\",\"@id\":\"https:\\\/\\\/pmza.sk\\\/#\\\/schema\\\/person\\\/595e6a2ce731ea94dcd5d7f50a41ae33\",\"name\":\"Pova\u017esk\u00e9 m\u00fazeum\",\"image\":{\"@type\":\"ImageObject\",\"inLanguage\":\"sk-SK\",\"@id\":\"https:\\\/\\\/secure.gravatar.com\\\/avatar\\\/2bb7f1561282132fb5826dfeccc66c7996d11ee392ac6aaf7ced8a1c2027fbb2?s=96&d=mm&r=g\",\"url\":\"https:\\\/\\\/secure.gravatar.com\\\/avatar\\\/2bb7f1561282132fb5826dfeccc66c7996d11ee392ac6aaf7ced8a1c2027fbb2?s=96&d=mm&r=g\",\"contentUrl\":\"https:\\\/\\\/secure.gravatar.com\\\/avatar\\\/2bb7f1561282132fb5826dfeccc66c7996d11ee392ac6aaf7ced8a1c2027fbb2?s=96&d=mm&r=g\",\"caption\":\"Pova\u017esk\u00e9 m\u00fazeum\"}}]}<\/script>\n<!-- \/ Yoast SEO plugin. -->","yoast_head_json":{"title":"Chod\u00fa\u013eami na hrad Stre\u010dno, gastronomick\u00e9 \u0161peciality a \u010fal\u0161ie letn\u00e9 atrakcie - Pova\u017esk\u00e9 m\u00fazeum","robots":{"index":"index","follow":"follow","max-snippet":"max-snippet:-1","max-image-preview":"max-image-preview:large","max-video-preview":"max-video-preview:-1"},"canonical":"https:\/\/pmza.sk\/?p=1006","og_locale":"sk_SK","og_type":"article","og_title":"Chod\u00fa\u013eami na hrad Stre\u010dno, gastronomick\u00e9 \u0161peciality a \u010fal\u0161ie letn\u00e9 atrakcie - Pova\u017esk\u00e9 m\u00fazeum","og_description":"V\u00a0sobotu 17. j\u00fala 2010 sa uskuto\u010dn\u00ed \u0161portovo \u2013 z\u00e1bavn\u00fd de\u0148, ktor\u00fd je ur\u010den\u00fd najm\u00e4 pre rodiny s\u00a0de\u0165mi pod n\u00e1zvom Chod\u00fa\u013eami na hrad Stre\u010dno. Podujatie za\u010d\u00edna o\u00a010.30 h registr\u00e1ciou s\u00fa\u0165a\u017eiacich pod hradom Stre\u010dno pri prev\u00e1dzkovej budove Pova\u017esk\u00e9ho m\u00fazea v \u017diline. U\u017e od 10.00 h si m\u00f4\u017eu z\u00e1ujemcovia o s\u00fa\u0165a\u017ee vysk\u00fa\u0161a\u0165 tento netradi\u010dn\u00fd \u0161port. Samotn\u00e9 preteky za\u010dn\u00fa [&hellip;]","og_url":"https:\/\/pmza.sk\/?p=1006","og_site_name":"Pova\u017esk\u00e9 m\u00fazeum","article_publisher":"https:\/\/www.facebook.com\/povazskemuzeum","article_published_time":"2010-07-08T08:46:45+00:00","og_image":[{"url":"https:\/\/pmza.sk.sk\/wp-content\/uploads\/2010\/07\/plagat-chodule-211x300.jpg","type":"","width":"","height":""}],"author":"Pova\u017esk\u00e9 m\u00fazeum","twitter_card":"summary_large_image","twitter_misc":{"Autor":"Pova\u017esk\u00e9 m\u00fazeum","Predpokladan\u00fd \u010das \u010d\u00edtania":"2 min\u00faty"},"schema":{"@context":"https:\/\/schema.org","@graph":[{"@type":"Article","@id":"https:\/\/pmza.sk\/?p=1006#article","isPartOf":{"@id":"https:\/\/pmza.sk\/?p=1006"},"author":{"name":"Pova\u017esk\u00e9 m\u00fazeum","@id":"https:\/\/pmza.sk\/#\/schema\/person\/595e6a2ce731ea94dcd5d7f50a41ae33"},"headline":"Chod\u00fa\u013eami na hrad Stre\u010dno, gastronomick\u00e9 \u0161peciality a \u010fal\u0161ie letn\u00e9 atrakcie","datePublished":"2010-07-08T08:46:45+00:00","mainEntityOfPage":{"@id":"https:\/\/pmza.sk\/?p=1006"},"wordCount":432,"publisher":{"@id":"https:\/\/pmza.sk\/#organization"},"image":{"@id":"https:\/\/pmza.sk\/?p=1006#primaryimage"},"thumbnailUrl":"https:\/\/pmza.sk.sk\/wp-content\/uploads\/2010\/07\/plagat-chodule-211x300.jpg","articleSection":["Arch\u00edv 2010"],"inLanguage":"sk-SK"},{"@type":"WebPage","@id":"https:\/\/pmza.sk\/?p=1006","url":"https:\/\/pmza.sk\/?p=1006","name":"Chod\u00fa\u013eami na hrad Stre\u010dno, gastronomick\u00e9 \u0161peciality a \u010fal\u0161ie letn\u00e9 atrakcie - Pova\u017esk\u00e9 m\u00fazeum","isPartOf":{"@id":"https:\/\/pmza.sk\/#website"},"primaryImageOfPage":{"@id":"https:\/\/pmza.sk\/?p=1006#primaryimage"},"image":{"@id":"https:\/\/pmza.sk\/?p=1006#primaryimage"},"thumbnailUrl":"https:\/\/pmza.sk.sk\/wp-content\/uploads\/2010\/07\/plagat-chodule-211x300.jpg","datePublished":"2010-07-08T08:46:45+00:00","breadcrumb":{"@id":"https:\/\/pmza.sk\/?p=1006#breadcrumb"},"inLanguage":"sk-SK","potentialAction":[{"@type":"ReadAction","target":["https:\/\/pmza.sk\/?p=1006"]}]},{"@type":"ImageObject","inLanguage":"sk-SK","@id":"https:\/\/pmza.sk\/?p=1006#primaryimage","url":"https:\/\/pmza.sk.sk\/wp-content\/uploads\/2010\/07\/plagat-chodule-211x300.jpg","contentUrl":"https:\/\/pmza.sk.sk\/wp-content\/uploads\/2010\/07\/plagat-chodule-211x300.jpg"},{"@type":"BreadcrumbList","@id":"https:\/\/pmza.sk\/?p=1006#breadcrumb","itemListElement":[{"@type":"ListItem","position":1,"name":"Domovsk\u00e1 str\u00e1nka","item":"https:\/\/pmza.sk\/"},{"@type":"ListItem","position":2,"name":"Chod\u00fa\u013eami na hrad Stre\u010dno, gastronomick\u00e9 \u0161peciality a \u010fal\u0161ie letn\u00e9 atrakcie"}]},{"@type":"WebSite","@id":"https:\/\/pmza.sk\/#website","url":"https:\/\/pmza.sk\/","name":"Pova\u017esk\u00e9 m\u00fazeum","description":"Pova\u017esk\u00e9 m\u00fazeum v \u017diline je region\u00e1lne m\u00fazeum so s\u00eddlom v Budat\u00edne. Jeho expoz\u00edcie s\u00fa zameran\u00e9 na dejiny slovensk\u00e9ho umenia, kult\u00fary a dopravy.","publisher":{"@id":"https:\/\/pmza.sk\/#organization"},"potentialAction":[{"@type":"SearchAction","target":{"@type":"EntryPoint","urlTemplate":"https:\/\/pmza.sk\/?s={search_term_string}"},"query-input":{"@type":"PropertyValueSpecification","valueRequired":true,"valueName":"search_term_string"}}],"inLanguage":"sk-SK"},{"@type":"Organization","@id":"https:\/\/pmza.sk\/#organization","name":"Pova\u017esk\u00e9 m\u00fazeum","url":"https:\/\/pmza.sk\/","logo":{"@type":"ImageObject","inLanguage":"sk-SK","@id":"https:\/\/pmza.sk\/#\/schema\/logo\/image\/","url":"https:\/\/pmza.sk\/wp-content\/uploads\/2022\/01\/logo_PM_horizontal.jpg","contentUrl":"https:\/\/pmza.sk\/wp-content\/uploads\/2022\/01\/logo_PM_horizontal.jpg","width":231,"height":142,"caption":"Pova\u017esk\u00e9 m\u00fazeum"},"image":{"@id":"https:\/\/pmza.sk\/#\/schema\/logo\/image\/"},"sameAs":["https:\/\/www.facebook.com\/povazskemuzeum","https:\/\/www.instagram.com\/povazskemuzeum\/"]},{"@type":"Person","@id":"https:\/\/pmza.sk\/#\/schema\/person\/595e6a2ce731ea94dcd5d7f50a41ae33","name":"Pova\u017esk\u00e9 m\u00fazeum","image":{"@type":"ImageObject","inLanguage":"sk-SK","@id":"https:\/\/secure.gravatar.com\/avatar\/2bb7f1561282132fb5826dfeccc66c7996d11ee392ac6aaf7ced8a1c2027fbb2?s=96&d=mm&r=g","url":"https:\/\/secure.gravatar.com\/avatar\/2bb7f1561282132fb5826dfeccc66c7996d11ee392ac6aaf7ced8a1c2027fbb2?s=96&d=mm&r=g","contentUrl":"https:\/\/secure.gravatar.com\/avatar\/2bb7f1561282132fb5826dfeccc66c7996d11ee392ac6aaf7ced8a1c2027fbb2?s=96&d=mm&r=g","caption":"Pova\u017esk\u00e9 m\u00fazeum"}}]}},"_links":{"self":[{"href":"https:\/\/pmza.sk\/index.php?rest_route=\/wp\/v2\/posts\/1006","targetHints":{"allow":["GET"]}}],"collection":[{"href":"https:\/\/pmza.sk\/index.php?rest_route=\/wp\/v2\/posts"}],"about":[{"href":"https:\/\/pmza.sk\/index.php?rest_route=\/wp\/v2\/types\/post"}],"author":[{"embeddable":true,"href":"https:\/\/pmza.sk\/index.php?rest_route=\/wp\/v2\/users\/2"}],"replies":[{"embeddable":true,"href":"https:\/\/pmza.sk\/index.php?rest_route=%2Fwp%2Fv2%2Fcomments&post=1006"}],"version-history":[{"count":0,"href":"https:\/\/pmza.sk\/index.php?rest_route=\/wp\/v2\/posts\/1006\/revisions"}],"wp:attachment":[{"href":"https:\/\/pmza.sk\/index.php?rest_route=%2Fwp%2Fv2%2Fmedia&parent=1006"}],"wp:term":[{"taxonomy":"category","embeddable":true,"href":"https:\/\/pmza.sk\/index.php?rest_route=%2Fwp%2Fv2%2Fcategories&post=1006"},{"taxonomy":"post_tag","embeddable":true,"href":"https:\/\/pmza.sk\/index.php?rest_route=%2Fwp%2Fv2%2Ftags&post=1006"}],"curies":[{"name":"wp","href":"https:\/\/api.w.org\/{rel}","templated":true}]}}