{"id":10068,"date":"2014-06-24T13:28:32","date_gmt":"2014-06-24T11:28:32","guid":{"rendered":"https:\/\/pmza.sk.sk\/?p=10068"},"modified":"2014-06-24T13:28:32","modified_gmt":"2014-06-24T11:28:32","slug":"umenie-na-hrade-xxxiv-stano-lajda-v-dusi-leonarda","status":"publish","type":"post","link":"https:\/\/pmza.sk\/?p=10068","title":{"rendered":"Umenie na hrade XXXIV: Stano Lajda v du\u0161i Leonarda"},"content":{"rendered":"<p><a href=\"https:\/\/pmza.sk\/wp-content\/uploads\/2014\/06\/stano_lajda_v_dusi-_leonarda-page-001.jpg\"><img fetchpriority=\"high\" decoding=\"async\" class=\"alignleft  wp-image-10072\" alt=\"stano_lajda_obrazok\" src=\"https:\/\/pmza.sk\/wp-content\/uploads\/2014\/06\/stano_lajda_obrazok.jpg\" width=\"263\" height=\"254\" srcset=\"https:\/\/pmza.sk\/wp-content\/uploads\/2014\/06\/stano_lajda_obrazok.jpg 1162w, https:\/\/pmza.sk\/wp-content\/uploads\/2014\/06\/stano_lajda_obrazok-374x360.jpg 374w, https:\/\/pmza.sk\/wp-content\/uploads\/2014\/06\/stano_lajda_obrazok-764x736.jpg 764w, https:\/\/pmza.sk\/wp-content\/uploads\/2014\/06\/stano_lajda_obrazok-768x740.jpg 768w, https:\/\/pmza.sk\/wp-content\/uploads\/2014\/06\/stano_lajda_obrazok-600x578.jpg 600w\" sizes=\"(max-width: 263px) 100vw, 263px\" \/><\/a>S\u00fa\u010das\u0165ou prehliadky hradu Stre\u010dno bude od 27. j\u00fana 2014 aj v\u00fdstava akademick\u00e9ho maliara, ilustr\u00e1tora a\u00a0pedag\u00f3ga zo \u017diliny <b>Stano Lajda&#8230; v\u00a0du\u0161i Leonarda<\/b>. V\u00fdstava je s\u00fa\u010das\u0165ou ka\u017edoro\u010dn\u00e9ho cyklu Umenie na hrade. Vernis\u00e1\u017e je napl\u00e1novan\u00e1 na piatok 27. j\u00fana o\u00a018.00 hodine v\u00a0Severnom pal\u00e1ci hradu Stre\u010dno; v\u00fdstava potrv\u00e1 do 20. augusta 2014. Kur\u00e1torkou je Darina Arce.<\/p>\n<p>Maliar Stano Lajda je fascinovan\u00fd impresionizmom, zameriava sa na detail a\u00a0neskr\u00fdva svoj obdiv k\u00a0majstrovi Leonardovi da Vinci. D\u00e1va dielam star\u00fdch majstrov nov\u00fd rozmer.<\/p>\n<p>Stre\u010dniansky hrad pon\u00faka ka\u017edoro\u010dne umelcom predov\u0161etk\u00fdm z\u00a0regi\u00f3nu priestor na prezent\u00e1ciu. <!--more-->Vidie\u0165 a\u00a0obdivova\u0165 mohli n\u00e1v\u0161tevn\u00edci v\u00fdstavy akademick\u00e9ho maliara Petra Galv\u00e1nka, fotografa Eduarda Hladk\u00e9ho \u010di za\u010d\u00ednaj\u00faceho maliara Mareka Hole\u0161u. Spolo\u010dn\u00fa v\u00fdstavu mali aj talentovan\u00ed skl\u00e1rski v\u00fdtvarn\u00edci z\u00a0Pova\u017eskej Bystrice, absolventi Strednej \u0161koly \u00fa\u017eitkov\u00e9ho v\u00fdtvarn\u00edctva v\u00a0Lednick\u00fdch Rovniach v\u00a0odbore br\u00fasenie skla, Pavol Poteck\u00fd, Andrej Bu\u0161ovsk\u00fd a\u00a0Vladim\u00edr Vakov, ktor\u00ed od roku 2009 tvoria zoskupenie s\u00a0n\u00e1zvom Spolo\u010dnos\u0165 priate\u013eov skla. \u017diaci strednej odbornej \u0161koly strojn\u00edckej vystavovali na hrade Stre\u010dno svoje pr\u00e1ce pod n\u00e1zvom Mlad\u00ed kov\u00e1\u010di z\u00a0kysuck\u00fdch dieln\u00ed.<\/p>\n<p>Po\u010das 11. ro\u010dn\u00edka cyklu v\u00fdstav slovensk\u00fdch v\u00fdtvarn\u00edkov z\u00a0regi\u00f3nu sa okrem Stana Lajdu predstav\u00ed aj Jozef Mundier s\u00a0v\u00fdstavou Dobr\u00fd ro\u010dn\u00edk (22. 8. \u2013 31. 10. 2014). Organiz\u00e1torom v\u00fdstavy <b>Stano Lajda&#8230; v\u00a0du\u0161i Leonarda<\/b> je Pova\u017esk\u00e9 m\u00fazeum v\u00a0\u017diline v\u00a0zria\u010fovate\u013eskej p\u00f4sobnosti \u017dilinsk\u00e9ho samospr\u00e1vneho kraja.<\/p>\n<p>&nbsp;<\/p>\n<p>Viac n\u00e1jdete aj na: <a href=\"http:\/\/www.stanolajda.eu\/\">http:\/\/www.stanolajda.eu\/<\/a><\/p>\n","protected":false},"excerpt":{"rendered":"<p>S\u00fa\u010das\u0165ou prehliadky hradu Stre\u010dno bude od 27. j\u00fana 2014 aj v\u00fdstava akademick\u00e9ho maliara, ilustr\u00e1tora a\u00a0pedag\u00f3ga zo \u017diliny Stano Lajda&#8230; v\u00a0du\u0161i Leonarda. V\u00fdstava je s\u00fa\u010das\u0165ou ka\u017edoro\u010dn\u00e9ho cyklu Umenie na hrade. Vernis\u00e1\u017e je napl\u00e1novan\u00e1 na piatok 27. j\u00fana o\u00a018.00 hodine v\u00a0Severnom pal\u00e1ci hradu Stre\u010dno; v\u00fdstava potrv\u00e1 do 20. augusta 2014. Kur\u00e1torkou je Darina Arce. Maliar Stano Lajda [&hellip;]<\/p>\n","protected":false},"author":2,"featured_media":0,"comment_status":"closed","ping_status":"closed","sticky":false,"template":"","format":"standard","meta":{"site-sidebar-layout":"default","site-content-layout":"","ast-site-content-layout":"","site-content-style":"default","site-sidebar-style":"default","ast-global-header-display":"","ast-banner-title-visibility":"","ast-main-header-display":"","ast-hfb-above-header-display":"","ast-hfb-below-header-display":"","ast-hfb-mobile-header-display":"","site-post-title":"","ast-breadcrumbs-content":"","ast-featured-img":"","footer-sml-layout":"","theme-transparent-header-meta":"","adv-header-id-meta":"","stick-header-meta":"","header-above-stick-meta":"","header-main-stick-meta":"","header-below-stick-meta":"","astra-migrate-meta-layouts":"default","ast-page-background-enabled":"default","ast-page-background-meta":{"desktop":{"background-color":"var(--ast-global-color-4)","background-image":"","background-repeat":"repeat","background-position":"center center","background-size":"auto","background-attachment":"scroll","background-type":"","background-media":"","overlay-type":"","overlay-color":"","overlay-opacity":"","overlay-gradient":""},"tablet":{"background-color":"","background-image":"","background-repeat":"repeat","background-position":"center center","background-size":"auto","background-attachment":"scroll","background-type":"","background-media":"","overlay-type":"","overlay-color":"","overlay-opacity":"","overlay-gradient":""},"mobile":{"background-color":"","background-image":"","background-repeat":"repeat","background-position":"center center","background-size":"auto","background-attachment":"scroll","background-type":"","background-media":"","overlay-type":"","overlay-color":"","overlay-opacity":"","overlay-gradient":""}},"ast-content-background-meta":{"desktop":{"background-color":"var(--ast-global-color-5)","background-image":"","background-repeat":"repeat","background-position":"center center","background-size":"auto","background-attachment":"scroll","background-type":"","background-media":"","overlay-type":"","overlay-color":"","overlay-opacity":"","overlay-gradient":""},"tablet":{"background-color":"var(--ast-global-color-5)","background-image":"","background-repeat":"repeat","background-position":"center center","background-size":"auto","background-attachment":"scroll","background-type":"","background-media":"","overlay-type":"","overlay-color":"","overlay-opacity":"","overlay-gradient":""},"mobile":{"background-color":"var(--ast-global-color-5)","background-image":"","background-repeat":"repeat","background-position":"center center","background-size":"auto","background-attachment":"scroll","background-type":"","background-media":"","overlay-type":"","overlay-color":"","overlay-opacity":"","overlay-gradient":""}},"footnotes":""},"categories":[36],"tags":[],"class_list":["post-10068","post","type-post","status-publish","format-standard","hentry","category-archiv-2014"],"yoast_head":"<!-- This site is optimized with the Yoast SEO plugin v27.4 - https:\/\/yoast.com\/product\/yoast-seo-wordpress\/ -->\n<title>Umenie na hrade XXXIV: Stano Lajda v du\u0161i Leonarda - Pova\u017esk\u00e9 m\u00fazeum<\/title>\n<meta name=\"robots\" content=\"index, follow, max-snippet:-1, max-image-preview:large, max-video-preview:-1\" \/>\n<link rel=\"canonical\" href=\"https:\/\/pmza.sk\/?p=10068\" \/>\n<meta property=\"og:locale\" content=\"sk_SK\" \/>\n<meta property=\"og:type\" content=\"article\" \/>\n<meta property=\"og:title\" content=\"Umenie na hrade XXXIV: Stano Lajda v du\u0161i Leonarda - Pova\u017esk\u00e9 m\u00fazeum\" \/>\n<meta property=\"og:description\" content=\"S\u00fa\u010das\u0165ou prehliadky hradu Stre\u010dno bude od 27. j\u00fana 2014 aj v\u00fdstava akademick\u00e9ho maliara, ilustr\u00e1tora a\u00a0pedag\u00f3ga zo \u017diliny Stano Lajda&#8230; v\u00a0du\u0161i Leonarda. V\u00fdstava je s\u00fa\u010das\u0165ou ka\u017edoro\u010dn\u00e9ho cyklu Umenie na hrade. Vernis\u00e1\u017e je napl\u00e1novan\u00e1 na piatok 27. j\u00fana o\u00a018.00 hodine v\u00a0Severnom pal\u00e1ci hradu Stre\u010dno; v\u00fdstava potrv\u00e1 do 20. augusta 2014. Kur\u00e1torkou je Darina Arce. Maliar Stano Lajda [&hellip;]\" \/>\n<meta property=\"og:url\" content=\"https:\/\/pmza.sk\/?p=10068\" \/>\n<meta property=\"og:site_name\" content=\"Pova\u017esk\u00e9 m\u00fazeum\" \/>\n<meta property=\"article:publisher\" content=\"https:\/\/www.facebook.com\/povazskemuzeum\" \/>\n<meta property=\"article:published_time\" content=\"2014-06-24T11:28:32+00:00\" \/>\n<meta property=\"og:image\" content=\"https:\/\/pmza.sk\/wp-content\/uploads\/2014\/06\/stano_lajda_obrazok.jpg\" \/>\n<meta name=\"author\" content=\"Pova\u017esk\u00e9 m\u00fazeum\" \/>\n<meta name=\"twitter:card\" content=\"summary_large_image\" \/>\n<meta name=\"twitter:label1\" content=\"Autor\" \/>\n\t<meta name=\"twitter:data1\" content=\"Pova\u017esk\u00e9 m\u00fazeum\" \/>\n\t<meta name=\"twitter:label2\" content=\"Predpokladan\u00fd \u010das \u010d\u00edtania\" \/>\n\t<meta name=\"twitter:data2\" content=\"1 min\u00fata\" \/>\n<script type=\"application\/ld+json\" class=\"yoast-schema-graph\">{\"@context\":\"https:\\\/\\\/schema.org\",\"@graph\":[{\"@type\":\"Article\",\"@id\":\"https:\\\/\\\/pmza.sk\\\/?p=10068#article\",\"isPartOf\":{\"@id\":\"https:\\\/\\\/pmza.sk\\\/?p=10068\"},\"author\":{\"name\":\"Pova\u017esk\u00e9 m\u00fazeum\",\"@id\":\"https:\\\/\\\/pmza.sk\\\/#\\\/schema\\\/person\\\/595e6a2ce731ea94dcd5d7f50a41ae33\"},\"headline\":\"Umenie na hrade XXXIV: Stano Lajda v du\u0161i Leonarda\",\"datePublished\":\"2014-06-24T11:28:32+00:00\",\"mainEntityOfPage\":{\"@id\":\"https:\\\/\\\/pmza.sk\\\/?p=10068\"},\"wordCount\":304,\"publisher\":{\"@id\":\"https:\\\/\\\/pmza.sk\\\/#organization\"},\"image\":{\"@id\":\"https:\\\/\\\/pmza.sk\\\/?p=10068#primaryimage\"},\"thumbnailUrl\":\"http:\\\/\\\/pmza.sk\\\/wp-content\\\/uploads\\\/2014\\\/06\\\/stano_lajda_obrazok.jpg\",\"articleSection\":[\"Arch\u00edv 2014\"],\"inLanguage\":\"sk-SK\"},{\"@type\":\"WebPage\",\"@id\":\"https:\\\/\\\/pmza.sk\\\/?p=10068\",\"url\":\"https:\\\/\\\/pmza.sk\\\/?p=10068\",\"name\":\"Umenie na hrade XXXIV: Stano Lajda v du\u0161i Leonarda - Pova\u017esk\u00e9 m\u00fazeum\",\"isPartOf\":{\"@id\":\"https:\\\/\\\/pmza.sk\\\/#website\"},\"primaryImageOfPage\":{\"@id\":\"https:\\\/\\\/pmza.sk\\\/?p=10068#primaryimage\"},\"image\":{\"@id\":\"https:\\\/\\\/pmza.sk\\\/?p=10068#primaryimage\"},\"thumbnailUrl\":\"http:\\\/\\\/pmza.sk\\\/wp-content\\\/uploads\\\/2014\\\/06\\\/stano_lajda_obrazok.jpg\",\"datePublished\":\"2014-06-24T11:28:32+00:00\",\"breadcrumb\":{\"@id\":\"https:\\\/\\\/pmza.sk\\\/?p=10068#breadcrumb\"},\"inLanguage\":\"sk-SK\",\"potentialAction\":[{\"@type\":\"ReadAction\",\"target\":[\"https:\\\/\\\/pmza.sk\\\/?p=10068\"]}]},{\"@type\":\"ImageObject\",\"inLanguage\":\"sk-SK\",\"@id\":\"https:\\\/\\\/pmza.sk\\\/?p=10068#primaryimage\",\"url\":\"https:\\\/\\\/pmza.sk\\\/wp-content\\\/uploads\\\/2014\\\/06\\\/stano_lajda_obrazok.jpg\",\"contentUrl\":\"https:\\\/\\\/pmza.sk\\\/wp-content\\\/uploads\\\/2014\\\/06\\\/stano_lajda_obrazok.jpg\",\"width\":1162,\"height\":1119},{\"@type\":\"BreadcrumbList\",\"@id\":\"https:\\\/\\\/pmza.sk\\\/?p=10068#breadcrumb\",\"itemListElement\":[{\"@type\":\"ListItem\",\"position\":1,\"name\":\"Domovsk\u00e1 str\u00e1nka\",\"item\":\"https:\\\/\\\/pmza.sk\\\/\"},{\"@type\":\"ListItem\",\"position\":2,\"name\":\"Umenie na hrade XXXIV: Stano Lajda v du\u0161i Leonarda\"}]},{\"@type\":\"WebSite\",\"@id\":\"https:\\\/\\\/pmza.sk\\\/#website\",\"url\":\"https:\\\/\\\/pmza.sk\\\/\",\"name\":\"Pova\u017esk\u00e9 m\u00fazeum\",\"description\":\"Pova\u017esk\u00e9 m\u00fazeum v \u017diline je region\u00e1lne m\u00fazeum so s\u00eddlom v Budat\u00edne. Jeho expoz\u00edcie s\u00fa zameran\u00e9 na dejiny slovensk\u00e9ho umenia, kult\u00fary a dopravy.\",\"publisher\":{\"@id\":\"https:\\\/\\\/pmza.sk\\\/#organization\"},\"potentialAction\":[{\"@type\":\"SearchAction\",\"target\":{\"@type\":\"EntryPoint\",\"urlTemplate\":\"https:\\\/\\\/pmza.sk\\\/?s={search_term_string}\"},\"query-input\":{\"@type\":\"PropertyValueSpecification\",\"valueRequired\":true,\"valueName\":\"search_term_string\"}}],\"inLanguage\":\"sk-SK\"},{\"@type\":\"Organization\",\"@id\":\"https:\\\/\\\/pmza.sk\\\/#organization\",\"name\":\"Pova\u017esk\u00e9 m\u00fazeum\",\"url\":\"https:\\\/\\\/pmza.sk\\\/\",\"logo\":{\"@type\":\"ImageObject\",\"inLanguage\":\"sk-SK\",\"@id\":\"https:\\\/\\\/pmza.sk\\\/#\\\/schema\\\/logo\\\/image\\\/\",\"url\":\"https:\\\/\\\/pmza.sk\\\/wp-content\\\/uploads\\\/2022\\\/01\\\/logo_PM_horizontal.jpg\",\"contentUrl\":\"https:\\\/\\\/pmza.sk\\\/wp-content\\\/uploads\\\/2022\\\/01\\\/logo_PM_horizontal.jpg\",\"width\":231,\"height\":142,\"caption\":\"Pova\u017esk\u00e9 m\u00fazeum\"},\"image\":{\"@id\":\"https:\\\/\\\/pmza.sk\\\/#\\\/schema\\\/logo\\\/image\\\/\"},\"sameAs\":[\"https:\\\/\\\/www.facebook.com\\\/povazskemuzeum\",\"https:\\\/\\\/www.instagram.com\\\/povazskemuzeum\\\/\"]},{\"@type\":\"Person\",\"@id\":\"https:\\\/\\\/pmza.sk\\\/#\\\/schema\\\/person\\\/595e6a2ce731ea94dcd5d7f50a41ae33\",\"name\":\"Pova\u017esk\u00e9 m\u00fazeum\",\"image\":{\"@type\":\"ImageObject\",\"inLanguage\":\"sk-SK\",\"@id\":\"https:\\\/\\\/secure.gravatar.com\\\/avatar\\\/2bb7f1561282132fb5826dfeccc66c7996d11ee392ac6aaf7ced8a1c2027fbb2?s=96&d=mm&r=g\",\"url\":\"https:\\\/\\\/secure.gravatar.com\\\/avatar\\\/2bb7f1561282132fb5826dfeccc66c7996d11ee392ac6aaf7ced8a1c2027fbb2?s=96&d=mm&r=g\",\"contentUrl\":\"https:\\\/\\\/secure.gravatar.com\\\/avatar\\\/2bb7f1561282132fb5826dfeccc66c7996d11ee392ac6aaf7ced8a1c2027fbb2?s=96&d=mm&r=g\",\"caption\":\"Pova\u017esk\u00e9 m\u00fazeum\"}}]}<\/script>\n<!-- \/ Yoast SEO plugin. -->","yoast_head_json":{"title":"Umenie na hrade XXXIV: Stano Lajda v du\u0161i Leonarda - Pova\u017esk\u00e9 m\u00fazeum","robots":{"index":"index","follow":"follow","max-snippet":"max-snippet:-1","max-image-preview":"max-image-preview:large","max-video-preview":"max-video-preview:-1"},"canonical":"https:\/\/pmza.sk\/?p=10068","og_locale":"sk_SK","og_type":"article","og_title":"Umenie na hrade XXXIV: Stano Lajda v du\u0161i Leonarda - Pova\u017esk\u00e9 m\u00fazeum","og_description":"S\u00fa\u010das\u0165ou prehliadky hradu Stre\u010dno bude od 27. j\u00fana 2014 aj v\u00fdstava akademick\u00e9ho maliara, ilustr\u00e1tora a\u00a0pedag\u00f3ga zo \u017diliny Stano Lajda&#8230; v\u00a0du\u0161i Leonarda. V\u00fdstava je s\u00fa\u010das\u0165ou ka\u017edoro\u010dn\u00e9ho cyklu Umenie na hrade. Vernis\u00e1\u017e je napl\u00e1novan\u00e1 na piatok 27. j\u00fana o\u00a018.00 hodine v\u00a0Severnom pal\u00e1ci hradu Stre\u010dno; v\u00fdstava potrv\u00e1 do 20. augusta 2014. Kur\u00e1torkou je Darina Arce. Maliar Stano Lajda [&hellip;]","og_url":"https:\/\/pmza.sk\/?p=10068","og_site_name":"Pova\u017esk\u00e9 m\u00fazeum","article_publisher":"https:\/\/www.facebook.com\/povazskemuzeum","article_published_time":"2014-06-24T11:28:32+00:00","og_image":[{"url":"https:\/\/pmza.sk\/wp-content\/uploads\/2014\/06\/stano_lajda_obrazok.jpg","type":"","width":"","height":""}],"author":"Pova\u017esk\u00e9 m\u00fazeum","twitter_card":"summary_large_image","twitter_misc":{"Autor":"Pova\u017esk\u00e9 m\u00fazeum","Predpokladan\u00fd \u010das \u010d\u00edtania":"1 min\u00fata"},"schema":{"@context":"https:\/\/schema.org","@graph":[{"@type":"Article","@id":"https:\/\/pmza.sk\/?p=10068#article","isPartOf":{"@id":"https:\/\/pmza.sk\/?p=10068"},"author":{"name":"Pova\u017esk\u00e9 m\u00fazeum","@id":"https:\/\/pmza.sk\/#\/schema\/person\/595e6a2ce731ea94dcd5d7f50a41ae33"},"headline":"Umenie na hrade XXXIV: Stano Lajda v du\u0161i Leonarda","datePublished":"2014-06-24T11:28:32+00:00","mainEntityOfPage":{"@id":"https:\/\/pmza.sk\/?p=10068"},"wordCount":304,"publisher":{"@id":"https:\/\/pmza.sk\/#organization"},"image":{"@id":"https:\/\/pmza.sk\/?p=10068#primaryimage"},"thumbnailUrl":"https:\/\/pmza.sk\/wp-content\/uploads\/2014\/06\/stano_lajda_obrazok.jpg","articleSection":["Arch\u00edv 2014"],"inLanguage":"sk-SK"},{"@type":"WebPage","@id":"https:\/\/pmza.sk\/?p=10068","url":"https:\/\/pmza.sk\/?p=10068","name":"Umenie na hrade XXXIV: Stano Lajda v du\u0161i Leonarda - Pova\u017esk\u00e9 m\u00fazeum","isPartOf":{"@id":"https:\/\/pmza.sk\/#website"},"primaryImageOfPage":{"@id":"https:\/\/pmza.sk\/?p=10068#primaryimage"},"image":{"@id":"https:\/\/pmza.sk\/?p=10068#primaryimage"},"thumbnailUrl":"https:\/\/pmza.sk\/wp-content\/uploads\/2014\/06\/stano_lajda_obrazok.jpg","datePublished":"2014-06-24T11:28:32+00:00","breadcrumb":{"@id":"https:\/\/pmza.sk\/?p=10068#breadcrumb"},"inLanguage":"sk-SK","potentialAction":[{"@type":"ReadAction","target":["https:\/\/pmza.sk\/?p=10068"]}]},{"@type":"ImageObject","inLanguage":"sk-SK","@id":"https:\/\/pmza.sk\/?p=10068#primaryimage","url":"https:\/\/pmza.sk\/wp-content\/uploads\/2014\/06\/stano_lajda_obrazok.jpg","contentUrl":"https:\/\/pmza.sk\/wp-content\/uploads\/2014\/06\/stano_lajda_obrazok.jpg","width":1162,"height":1119},{"@type":"BreadcrumbList","@id":"https:\/\/pmza.sk\/?p=10068#breadcrumb","itemListElement":[{"@type":"ListItem","position":1,"name":"Domovsk\u00e1 str\u00e1nka","item":"https:\/\/pmza.sk\/"},{"@type":"ListItem","position":2,"name":"Umenie na hrade XXXIV: Stano Lajda v du\u0161i Leonarda"}]},{"@type":"WebSite","@id":"https:\/\/pmza.sk\/#website","url":"https:\/\/pmza.sk\/","name":"Pova\u017esk\u00e9 m\u00fazeum","description":"Pova\u017esk\u00e9 m\u00fazeum v \u017diline je region\u00e1lne m\u00fazeum so s\u00eddlom v Budat\u00edne. Jeho expoz\u00edcie s\u00fa zameran\u00e9 na dejiny slovensk\u00e9ho umenia, kult\u00fary a dopravy.","publisher":{"@id":"https:\/\/pmza.sk\/#organization"},"potentialAction":[{"@type":"SearchAction","target":{"@type":"EntryPoint","urlTemplate":"https:\/\/pmza.sk\/?s={search_term_string}"},"query-input":{"@type":"PropertyValueSpecification","valueRequired":true,"valueName":"search_term_string"}}],"inLanguage":"sk-SK"},{"@type":"Organization","@id":"https:\/\/pmza.sk\/#organization","name":"Pova\u017esk\u00e9 m\u00fazeum","url":"https:\/\/pmza.sk\/","logo":{"@type":"ImageObject","inLanguage":"sk-SK","@id":"https:\/\/pmza.sk\/#\/schema\/logo\/image\/","url":"https:\/\/pmza.sk\/wp-content\/uploads\/2022\/01\/logo_PM_horizontal.jpg","contentUrl":"https:\/\/pmza.sk\/wp-content\/uploads\/2022\/01\/logo_PM_horizontal.jpg","width":231,"height":142,"caption":"Pova\u017esk\u00e9 m\u00fazeum"},"image":{"@id":"https:\/\/pmza.sk\/#\/schema\/logo\/image\/"},"sameAs":["https:\/\/www.facebook.com\/povazskemuzeum","https:\/\/www.instagram.com\/povazskemuzeum\/"]},{"@type":"Person","@id":"https:\/\/pmza.sk\/#\/schema\/person\/595e6a2ce731ea94dcd5d7f50a41ae33","name":"Pova\u017esk\u00e9 m\u00fazeum","image":{"@type":"ImageObject","inLanguage":"sk-SK","@id":"https:\/\/secure.gravatar.com\/avatar\/2bb7f1561282132fb5826dfeccc66c7996d11ee392ac6aaf7ced8a1c2027fbb2?s=96&d=mm&r=g","url":"https:\/\/secure.gravatar.com\/avatar\/2bb7f1561282132fb5826dfeccc66c7996d11ee392ac6aaf7ced8a1c2027fbb2?s=96&d=mm&r=g","contentUrl":"https:\/\/secure.gravatar.com\/avatar\/2bb7f1561282132fb5826dfeccc66c7996d11ee392ac6aaf7ced8a1c2027fbb2?s=96&d=mm&r=g","caption":"Pova\u017esk\u00e9 m\u00fazeum"}}]}},"_links":{"self":[{"href":"https:\/\/pmza.sk\/index.php?rest_route=\/wp\/v2\/posts\/10068","targetHints":{"allow":["GET"]}}],"collection":[{"href":"https:\/\/pmza.sk\/index.php?rest_route=\/wp\/v2\/posts"}],"about":[{"href":"https:\/\/pmza.sk\/index.php?rest_route=\/wp\/v2\/types\/post"}],"author":[{"embeddable":true,"href":"https:\/\/pmza.sk\/index.php?rest_route=\/wp\/v2\/users\/2"}],"replies":[{"embeddable":true,"href":"https:\/\/pmza.sk\/index.php?rest_route=%2Fwp%2Fv2%2Fcomments&post=10068"}],"version-history":[{"count":0,"href":"https:\/\/pmza.sk\/index.php?rest_route=\/wp\/v2\/posts\/10068\/revisions"}],"wp:attachment":[{"href":"https:\/\/pmza.sk\/index.php?rest_route=%2Fwp%2Fv2%2Fmedia&parent=10068"}],"wp:term":[{"taxonomy":"category","embeddable":true,"href":"https:\/\/pmza.sk\/index.php?rest_route=%2Fwp%2Fv2%2Fcategories&post=10068"},{"taxonomy":"post_tag","embeddable":true,"href":"https:\/\/pmza.sk\/index.php?rest_route=%2Fwp%2Fv2%2Ftags&post=10068"}],"curies":[{"name":"wp","href":"https:\/\/api.w.org\/{rel}","templated":true}]}}