{"id":10080,"date":"2014-06-25T12:05:18","date_gmt":"2014-06-25T10:05:18","guid":{"rendered":"https:\/\/pmza.sk.sk\/?p=10080"},"modified":"2014-06-25T12:05:18","modified_gmt":"2014-06-25T10:05:18","slug":"le-pi-dlo-nocne-prehliadky-hradu-strecno","status":"publish","type":"post","link":"https:\/\/pmza.sk\/?p=10080","title":{"rendered":"Le.Pi.Dlo &#8211; no\u010dn\u00e9 prehliadky hradu Stre\u010dno"},"content":{"rendered":"<p><a href=\"https:\/\/pmza.sk\/wp-content\/uploads\/2014\/06\/LePiDlo_plagat-scaled-1.jpg\"><img fetchpriority=\"high\" decoding=\"async\" class=\"alignleft  wp-image-10087\" alt=\"LePiDlo_plagat_web\" src=\"https:\/\/pmza.sk\/wp-content\/uploads\/2014\/06\/LePiDlo_plagat_web.jpg\" width=\"189\" height=\"274\" srcset=\"https:\/\/pmza.sk\/wp-content\/uploads\/2014\/06\/LePiDlo_plagat_web.jpg 442w, https:\/\/pmza.sk\/wp-content\/uploads\/2014\/06\/LePiDlo_plagat_web-249x360.jpg 249w\" sizes=\"(max-width: 189px) 100vw, 189px\" \/><\/a>Tohtoro\u010dn\u00e9 no\u010dn\u00e9 prehliadky hradu Stre\u010dno sa pones\u00fa v\u00a0novom duchu. Letn\u00e9 Piatkov\u00e9 divaDlo na hrade, v\u00a0skratke <b>Le.Pi.Dlo<\/b>, sa za\u010d\u00edna 4. j\u00fala o\u00a020.00 hod. Prehliadka potrv\u00e1 do 23.00 hod. Znovu sa zopakuje 18. j\u00fala. Program no\u010dnej prehliadky bude op\u00e4\u0165 pestr\u00fd.<\/p>\n<p>\u0160t\u00fadio pantom\u00edmy Kasprzyk z\u00a0Liptovsk\u00e9ho Mikul\u00e1\u0161a pon\u00fakne v\u00a0nieko\u013ek\u00fdch v\u00fdstupoch pantom\u00edmu v\u00a0stredovekom \u0161t\u00fdle, \u0161peci\u00e1lne cvi\u010den\u00e9 kone, \u0161a\u0161a-\u017eongl\u00e9ra a\u00a0oh\u0148ov\u00fa \u017eenu. <i>\u201eTieto kr\u00e1tke interakt\u00edvne predstavenia s\u00fa pln\u00e9 z\u00e1bavy, akcie, romantiky, dynamiky a\u00a0pantomimicko-dramatick\u00fdch situ\u00e1ci\u00ed, ktor\u00e9 pobavia div\u00e1kov v\u0161etk\u00fdch vekov\u00fdch kateg\u00f3ri\u00ed. Rytieri bud\u00fa bojova\u0165 o\u00a0princezninu ruku, podu\u010d\u00edme sa pravidl\u00e1m slu\u0161n\u00e9ho spr\u00e1vania, doval\u00ed sa Valibuk a\u00a0priletia aj traja zhavranel\u00ed bratia,\u201c<\/i> uviedla spr\u00e1vky\u0148a hradu Stre\u010dno Katar\u00edna Rep\u00e1\u0148ov\u00e1.<!--more--><\/p>\n<p>Divadlo \u201eKapor na sc\u00e9ne\u201c zo \u017diliny prinesie na hlavn\u00e9 n\u00e1dvorie hradu Stre\u010dno netradi\u010dn\u00e9 komedi\u00e1lno-improviza\u010dn\u00e9 spracovanie Shakespearov\u00fdch trag\u00e9di\u00ed, ktor\u00e9ho s\u00fa\u010das\u0165ou sa mo\u017eno stan\u00fa aj samotn\u00ed div\u00e1ci. Na prvej no\u010dnej prehliadke to bude \u201eR\u00f3meo a\u00a0J\u00falia\u201c (4. 7.) a\u00a0na \u010fal\u0161ej, 18. j\u00fala, \u201eHamlet\u201c. Svoje z\u00e1zra\u010dn\u00e9 lieky pr\u00edde priamo na n\u00e1v\u0161tevn\u00edkoch otestova\u0165 stredovek\u00fd lek\u00e1rnik. V\u00a0kaplnke si bud\u00fa m\u00f4c\u0165 \u00fa\u010dastn\u00edci prehliadky vychutna\u0165 stredovek\u00e9 mel\u00f3die v\u00a0netradi\u010dnom \u0161ate. V pr\u00edpade priazniv\u00e9ho po\u010dasia bude mo\u017en\u00e9 pozorova\u0165 no\u010dn\u00fa oblohu.<\/p>\n<p>Po\u010das no\u010dnej prehliadky hradu bude v\u00a0\u010dase od 20.00 do 23.00 hod. spr\u00edstupnen\u00e1 aj stredovek\u00e1 dedina Paseka.<\/p>\n<p>No\u010dn\u00e9 prehliadky na hrade Stre\u010dno organizuje ka\u017edoro\u010dne Pova\u017esk\u00e9 m\u00fazeum v\u00a0\u017diline, ktor\u00e9 je v\u00a0zria\u010fovate\u013eskej p\u00f4sobnosti \u017dilinsk\u00e9ho samospr\u00e1vneho kraja.<\/p>\n<p>Hrad Stre\u010dno bude v tieto dni v be\u017enej prev\u00e1dzke, otvoren\u00e9 od 9.00 do 18.00, potom od 20.00 do 23.00 hod. Posledn\u00fd vstup je o 22.30.<\/p>\n<p><strong>PROGRAM:<\/strong><\/p>\n<p><span style=\"text-decoration: underline;\">Hlavn\u00e9 n\u00e1dvorie:<\/span><\/p>\n<p><b>Shakespeare na hrade Stre\u010dno v &#8222;kaprovskom&#8220; preveden\u00ed<\/b><\/p>\n<p>Odvek\u00fd spor dvoch rodov a zn\u00e1my pr\u00edbeh l\u00e1sky J\u00falie Capuletovej a R\u00f3mea Monteka &#8211; v\u00a0\u0161t\u00fdle commedie dell\u00b4arte.<\/p>\n<p><a href=\"https:\/\/pmza.sk\/wp-content\/uploads\/2014\/06\/IMG_5201.jpg\"><img decoding=\"async\" class=\"alignleft size-full wp-image-10102\" alt=\"IMG_5201\" src=\"https:\/\/pmza.sk\/wp-content\/uploads\/2014\/06\/IMG_5201.jpg\" width=\"213\" height=\"133\" srcset=\"https:\/\/pmza.sk\/wp-content\/uploads\/2014\/06\/IMG_5201.jpg 1024w, https:\/\/pmza.sk\/wp-content\/uploads\/2014\/06\/IMG_5201-570x355.jpg 570w, https:\/\/pmza.sk\/wp-content\/uploads\/2014\/06\/IMG_5201-768x478.jpg 768w, https:\/\/pmza.sk\/wp-content\/uploads\/2014\/06\/IMG_5201-600x373.jpg 600w\" sizes=\"(max-width: 213px) 100vw, 213px\" \/><\/a> <a href=\"https:\/\/pmza.sk\/wp-content\/uploads\/2014\/06\/IMG_5199.jpg\"><img decoding=\"async\" class=\"alignleft size-full wp-image-10101\" alt=\"IMG_5199\" src=\"https:\/\/pmza.sk\/wp-content\/uploads\/2014\/06\/IMG_5199.jpg\" width=\"200\" height=\"133\" srcset=\"https:\/\/pmza.sk\/wp-content\/uploads\/2014\/06\/IMG_5199.jpg 1024w, https:\/\/pmza.sk\/wp-content\/uploads\/2014\/06\/IMG_5199-540x360.jpg 540w, https:\/\/pmza.sk\/wp-content\/uploads\/2014\/06\/IMG_5199-768x512.jpg 768w, https:\/\/pmza.sk\/wp-content\/uploads\/2014\/06\/IMG_5199-600x400.jpg 600w\" sizes=\"(max-width: 200px) 100vw, 200px\" \/><\/a> <a href=\"https:\/\/pmza.sk\/wp-content\/uploads\/2014\/06\/IMG_5185.jpg\"><img loading=\"lazy\" decoding=\"async\" class=\"alignleft size-full wp-image-10100\" alt=\"IMG_5185\" src=\"https:\/\/pmza.sk\/wp-content\/uploads\/2014\/06\/IMG_5185.jpg\" width=\"126\" height=\"189\" srcset=\"https:\/\/pmza.sk\/wp-content\/uploads\/2014\/06\/IMG_5185.jpg 683w, https:\/\/pmza.sk\/wp-content\/uploads\/2014\/06\/IMG_5185-240x360.jpg 240w, https:\/\/pmza.sk\/wp-content\/uploads\/2014\/06\/IMG_5185-491x736.jpg 491w, https:\/\/pmza.sk\/wp-content\/uploads\/2014\/06\/IMG_5185-600x900.jpg 600w\" sizes=\"(max-width: 126px) 100vw, 126px\" \/><\/a><\/p>\n<p>&nbsp;<\/p>\n<p>&nbsp;<\/p>\n<p>&nbsp;<\/p>\n<p>&nbsp;<\/p>\n<p>&nbsp;<\/p>\n<p>&nbsp;<\/p>\n<p><b>Stredovek\u00fd lek\u00e1rnik<\/b><\/p>\n<p>svoje z\u00e1zra\u010dn\u00e9 lieky otestuje priamo na n\u00e1v\u0161tevn\u00edkoch<\/p>\n<p><span style=\"text-decoration: underline;\">Hrad:<\/span><\/p>\n<p><b>\u0160t\u00fadio pantom\u00edmy Kasprzyk<\/b><\/p>\n<p><b>S\u00faboj o\u00a0princezninu ruku (rytieri na \u0161peci\u00e1lnych cvi\u010den\u00fdch ko\u0148och)<\/b><\/p>\n<p>Dvaja stato\u010dn\u00ed rytieri na svojich vycvi\u010den\u00fdch ko\u0148och v\u00e1m predved\u00fa stredovek\u00fd jazdeck\u00fd turnaj. V\u00a0\u0148om sa popasuj\u00fa o\u00a0ruku princeznej. Tento boj bude na \u017eivot a\u00a0na smr\u0165. V\u00a0boji uvid\u00edte v\u00fdcvik ko\u0148a a stredovek\u00e9 zbrane, ktor\u00fdmi bojovali rytieri na svojich ko\u0148och.<\/p>\n<p><b>Stredovek\u00e9 pravidl\u00e1 slu\u0161n\u00e9ho spr\u00e1vania<\/b><\/p>\n<p>Ak chcete vedie\u0165, ako sa\u00a0kedysi spr\u00e1vali mu\u017ei k\u00a0\u017een\u00e1m, deti k\u00a0starcom, \u0161a\u0161ovia ku kr\u00e1\u013eom, m\u00e1te jedine\u010dn\u00fa \u0161ancu.<\/p>\n<p><b>Katov de\u0148 \u2013 katova svadba<\/b><\/p>\n<p>Neviete si predstavi\u0165 ako vyzeral svadobn\u00fd de\u0148 kata? Tak teraz to uvid\u00edte, a\u00a0\u010do viac, niektor\u00ed z\u00a0v\u00e1s aj za\u017eijete.<\/p>\n<p><b>\u0160a\u0161o a\u00a0jeho \u017eongl\u00e9rska \u0161ou<\/b><\/p>\n<p>O\u00a0z\u00e1bavu na hradoch a\u00a0z\u00e1mkoch sa\u00a0v\u017edy staral dvorn\u00fd \u0161a\u0161o. Budete m\u00f4c\u0165 vidie\u0165 \u017eongl\u00e9rske umenie, ktor\u00e9 zab\u00e1valo a\u00a0dotv\u00e1ralo atmosf\u00e9ru na hradoch z\u00e1mkoch \u010di trhoch. Mo\u017eno sa aj priu\u010d\u00edte ako spr\u00e1vne vyhadzova\u0165 tri lopti\u010dky.<\/p>\n<p><b>Valibuk a\u00a03 zhavranel\u00ed bratia<\/b><\/p>\n<p>Ak si spom\u00ednate na rozpr\u00e1vky Dob\u0161insk\u00e9ho a\u00a0p\u00e1\u010dili sa v\u00e1m, tak d\u00fafame, \u017ee v\u00a0na\u0161om podan\u00ed sa v\u00e1m bud\u00fa p\u00e1\u010di\u0165 e\u0161te viac. Obidve rozpr\u00e1vky s\u00fa par\u00f3diou na klasiku.<\/p>\n<p><span style=\"text-decoration: underline;\">Hradn\u00e1 kaplnka:<\/span><\/p>\n<p><b>stredovek\u00e9 mel\u00f3die v netradi\u010dnom \u0161ate<\/b><\/p>\n<p>&nbsp;<\/p>\n<p>&nbsp;<\/p>\n","protected":false},"excerpt":{"rendered":"<p>Tohtoro\u010dn\u00e9 no\u010dn\u00e9 prehliadky hradu Stre\u010dno sa pones\u00fa v\u00a0novom duchu. Letn\u00e9 Piatkov\u00e9 divaDlo na hrade, v\u00a0skratke Le.Pi.Dlo, sa za\u010d\u00edna 4. j\u00fala o\u00a020.00 hod. Prehliadka potrv\u00e1 do 23.00 hod. Znovu sa zopakuje 18. j\u00fala. Program no\u010dnej prehliadky bude op\u00e4\u0165 pestr\u00fd. \u0160t\u00fadio pantom\u00edmy Kasprzyk z\u00a0Liptovsk\u00e9ho Mikul\u00e1\u0161a pon\u00fakne v\u00a0nieko\u013ek\u00fdch v\u00fdstupoch pantom\u00edmu v\u00a0stredovekom \u0161t\u00fdle, \u0161peci\u00e1lne cvi\u010den\u00e9 kone, \u0161a\u0161a-\u017eongl\u00e9ra a\u00a0oh\u0148ov\u00fa \u017eenu. [&hellip;]<\/p>\n","protected":false},"author":2,"featured_media":0,"comment_status":"closed","ping_status":"closed","sticky":false,"template":"","format":"standard","meta":{"site-sidebar-layout":"default","site-content-layout":"","ast-site-content-layout":"","site-content-style":"default","site-sidebar-style":"default","ast-global-header-display":"","ast-banner-title-visibility":"","ast-main-header-display":"","ast-hfb-above-header-display":"","ast-hfb-below-header-display":"","ast-hfb-mobile-header-display":"","site-post-title":"","ast-breadcrumbs-content":"","ast-featured-img":"","footer-sml-layout":"","theme-transparent-header-meta":"","adv-header-id-meta":"","stick-header-meta":"","header-above-stick-meta":"","header-main-stick-meta":"","header-below-stick-meta":"","astra-migrate-meta-layouts":"default","ast-page-background-enabled":"default","ast-page-background-meta":{"desktop":{"background-color":"var(--ast-global-color-4)","background-image":"","background-repeat":"repeat","background-position":"center center","background-size":"auto","background-attachment":"scroll","background-type":"","background-media":"","overlay-type":"","overlay-color":"","overlay-opacity":"","overlay-gradient":""},"tablet":{"background-color":"","background-image":"","background-repeat":"repeat","background-position":"center center","background-size":"auto","background-attachment":"scroll","background-type":"","background-media":"","overlay-type":"","overlay-color":"","overlay-opacity":"","overlay-gradient":""},"mobile":{"background-color":"","background-image":"","background-repeat":"repeat","background-position":"center center","background-size":"auto","background-attachment":"scroll","background-type":"","background-media":"","overlay-type":"","overlay-color":"","overlay-opacity":"","overlay-gradient":""}},"ast-content-background-meta":{"desktop":{"background-color":"var(--ast-global-color-5)","background-image":"","background-repeat":"repeat","background-position":"center center","background-size":"auto","background-attachment":"scroll","background-type":"","background-media":"","overlay-type":"","overlay-color":"","overlay-opacity":"","overlay-gradient":""},"tablet":{"background-color":"var(--ast-global-color-5)","background-image":"","background-repeat":"repeat","background-position":"center center","background-size":"auto","background-attachment":"scroll","background-type":"","background-media":"","overlay-type":"","overlay-color":"","overlay-opacity":"","overlay-gradient":""},"mobile":{"background-color":"var(--ast-global-color-5)","background-image":"","background-repeat":"repeat","background-position":"center center","background-size":"auto","background-attachment":"scroll","background-type":"","background-media":"","overlay-type":"","overlay-color":"","overlay-opacity":"","overlay-gradient":""}},"footnotes":""},"categories":[36],"tags":[],"class_list":["post-10080","post","type-post","status-publish","format-standard","hentry","category-archiv-2014"],"yoast_head":"<!-- This site is optimized with the Yoast SEO plugin v27.4 - https:\/\/yoast.com\/product\/yoast-seo-wordpress\/ -->\n<title>Le.Pi.Dlo - no\u010dn\u00e9 prehliadky hradu Stre\u010dno - Pova\u017esk\u00e9 m\u00fazeum<\/title>\n<meta name=\"robots\" content=\"index, follow, max-snippet:-1, max-image-preview:large, max-video-preview:-1\" \/>\n<link rel=\"canonical\" href=\"https:\/\/pmza.sk\/?p=10080\" \/>\n<meta property=\"og:locale\" content=\"sk_SK\" \/>\n<meta property=\"og:type\" content=\"article\" \/>\n<meta property=\"og:title\" content=\"Le.Pi.Dlo - no\u010dn\u00e9 prehliadky hradu Stre\u010dno - Pova\u017esk\u00e9 m\u00fazeum\" \/>\n<meta property=\"og:description\" content=\"Tohtoro\u010dn\u00e9 no\u010dn\u00e9 prehliadky hradu Stre\u010dno sa pones\u00fa v\u00a0novom duchu. Letn\u00e9 Piatkov\u00e9 divaDlo na hrade, v\u00a0skratke Le.Pi.Dlo, sa za\u010d\u00edna 4. j\u00fala o\u00a020.00 hod. Prehliadka potrv\u00e1 do 23.00 hod. Znovu sa zopakuje 18. j\u00fala. Program no\u010dnej prehliadky bude op\u00e4\u0165 pestr\u00fd. \u0160t\u00fadio pantom\u00edmy Kasprzyk z\u00a0Liptovsk\u00e9ho Mikul\u00e1\u0161a pon\u00fakne v\u00a0nieko\u013ek\u00fdch v\u00fdstupoch pantom\u00edmu v\u00a0stredovekom \u0161t\u00fdle, \u0161peci\u00e1lne cvi\u010den\u00e9 kone, \u0161a\u0161a-\u017eongl\u00e9ra a\u00a0oh\u0148ov\u00fa \u017eenu. [&hellip;]\" \/>\n<meta property=\"og:url\" content=\"https:\/\/pmza.sk\/?p=10080\" \/>\n<meta property=\"og:site_name\" content=\"Pova\u017esk\u00e9 m\u00fazeum\" \/>\n<meta property=\"article:publisher\" content=\"https:\/\/www.facebook.com\/povazskemuzeum\" \/>\n<meta property=\"article:published_time\" content=\"2014-06-25T10:05:18+00:00\" \/>\n<meta property=\"og:image\" content=\"https:\/\/pmza.sk\/wp-content\/uploads\/2014\/06\/LePiDlo_plagat_web.jpg\" \/>\n<meta name=\"author\" content=\"Pova\u017esk\u00e9 m\u00fazeum\" \/>\n<meta name=\"twitter:card\" content=\"summary_large_image\" \/>\n<meta name=\"twitter:label1\" content=\"Autor\" \/>\n\t<meta name=\"twitter:data1\" content=\"Pova\u017esk\u00e9 m\u00fazeum\" \/>\n\t<meta name=\"twitter:label2\" content=\"Predpokladan\u00fd \u010das \u010d\u00edtania\" \/>\n\t<meta name=\"twitter:data2\" content=\"3 min\u00faty\" \/>\n<script type=\"application\/ld+json\" class=\"yoast-schema-graph\">{\"@context\":\"https:\\\/\\\/schema.org\",\"@graph\":[{\"@type\":\"Article\",\"@id\":\"https:\\\/\\\/pmza.sk\\\/?p=10080#article\",\"isPartOf\":{\"@id\":\"https:\\\/\\\/pmza.sk\\\/?p=10080\"},\"author\":{\"name\":\"Pova\u017esk\u00e9 m\u00fazeum\",\"@id\":\"https:\\\/\\\/pmza.sk\\\/#\\\/schema\\\/person\\\/595e6a2ce731ea94dcd5d7f50a41ae33\"},\"headline\":\"Le.Pi.Dlo &#8211; no\u010dn\u00e9 prehliadky hradu Stre\u010dno\",\"datePublished\":\"2014-06-25T10:05:18+00:00\",\"mainEntityOfPage\":{\"@id\":\"https:\\\/\\\/pmza.sk\\\/?p=10080\"},\"wordCount\":635,\"publisher\":{\"@id\":\"https:\\\/\\\/pmza.sk\\\/#organization\"},\"image\":{\"@id\":\"https:\\\/\\\/pmza.sk\\\/?p=10080#primaryimage\"},\"thumbnailUrl\":\"http:\\\/\\\/pmza.sk\\\/wp-content\\\/uploads\\\/2014\\\/06\\\/LePiDlo_plagat_web.jpg\",\"articleSection\":[\"Arch\u00edv 2014\"],\"inLanguage\":\"sk-SK\"},{\"@type\":\"WebPage\",\"@id\":\"https:\\\/\\\/pmza.sk\\\/?p=10080\",\"url\":\"https:\\\/\\\/pmza.sk\\\/?p=10080\",\"name\":\"Le.Pi.Dlo - no\u010dn\u00e9 prehliadky hradu Stre\u010dno - Pova\u017esk\u00e9 m\u00fazeum\",\"isPartOf\":{\"@id\":\"https:\\\/\\\/pmza.sk\\\/#website\"},\"primaryImageOfPage\":{\"@id\":\"https:\\\/\\\/pmza.sk\\\/?p=10080#primaryimage\"},\"image\":{\"@id\":\"https:\\\/\\\/pmza.sk\\\/?p=10080#primaryimage\"},\"thumbnailUrl\":\"http:\\\/\\\/pmza.sk\\\/wp-content\\\/uploads\\\/2014\\\/06\\\/LePiDlo_plagat_web.jpg\",\"datePublished\":\"2014-06-25T10:05:18+00:00\",\"breadcrumb\":{\"@id\":\"https:\\\/\\\/pmza.sk\\\/?p=10080#breadcrumb\"},\"inLanguage\":\"sk-SK\",\"potentialAction\":[{\"@type\":\"ReadAction\",\"target\":[\"https:\\\/\\\/pmza.sk\\\/?p=10080\"]}]},{\"@type\":\"ImageObject\",\"inLanguage\":\"sk-SK\",\"@id\":\"https:\\\/\\\/pmza.sk\\\/?p=10080#primaryimage\",\"url\":\"https:\\\/\\\/pmza.sk\\\/wp-content\\\/uploads\\\/2014\\\/06\\\/LePiDlo_plagat_web.jpg\",\"contentUrl\":\"https:\\\/\\\/pmza.sk\\\/wp-content\\\/uploads\\\/2014\\\/06\\\/LePiDlo_plagat_web.jpg\",\"width\":442,\"height\":640},{\"@type\":\"BreadcrumbList\",\"@id\":\"https:\\\/\\\/pmza.sk\\\/?p=10080#breadcrumb\",\"itemListElement\":[{\"@type\":\"ListItem\",\"position\":1,\"name\":\"Domovsk\u00e1 str\u00e1nka\",\"item\":\"https:\\\/\\\/pmza.sk\\\/\"},{\"@type\":\"ListItem\",\"position\":2,\"name\":\"Le.Pi.Dlo &#8211; no\u010dn\u00e9 prehliadky hradu Stre\u010dno\"}]},{\"@type\":\"WebSite\",\"@id\":\"https:\\\/\\\/pmza.sk\\\/#website\",\"url\":\"https:\\\/\\\/pmza.sk\\\/\",\"name\":\"Pova\u017esk\u00e9 m\u00fazeum\",\"description\":\"Pova\u017esk\u00e9 m\u00fazeum v \u017diline je region\u00e1lne m\u00fazeum so s\u00eddlom v Budat\u00edne. Jeho expoz\u00edcie s\u00fa zameran\u00e9 na dejiny slovensk\u00e9ho umenia, kult\u00fary a dopravy.\",\"publisher\":{\"@id\":\"https:\\\/\\\/pmza.sk\\\/#organization\"},\"potentialAction\":[{\"@type\":\"SearchAction\",\"target\":{\"@type\":\"EntryPoint\",\"urlTemplate\":\"https:\\\/\\\/pmza.sk\\\/?s={search_term_string}\"},\"query-input\":{\"@type\":\"PropertyValueSpecification\",\"valueRequired\":true,\"valueName\":\"search_term_string\"}}],\"inLanguage\":\"sk-SK\"},{\"@type\":\"Organization\",\"@id\":\"https:\\\/\\\/pmza.sk\\\/#organization\",\"name\":\"Pova\u017esk\u00e9 m\u00fazeum\",\"url\":\"https:\\\/\\\/pmza.sk\\\/\",\"logo\":{\"@type\":\"ImageObject\",\"inLanguage\":\"sk-SK\",\"@id\":\"https:\\\/\\\/pmza.sk\\\/#\\\/schema\\\/logo\\\/image\\\/\",\"url\":\"https:\\\/\\\/pmza.sk\\\/wp-content\\\/uploads\\\/2022\\\/01\\\/logo_PM_horizontal.jpg\",\"contentUrl\":\"https:\\\/\\\/pmza.sk\\\/wp-content\\\/uploads\\\/2022\\\/01\\\/logo_PM_horizontal.jpg\",\"width\":231,\"height\":142,\"caption\":\"Pova\u017esk\u00e9 m\u00fazeum\"},\"image\":{\"@id\":\"https:\\\/\\\/pmza.sk\\\/#\\\/schema\\\/logo\\\/image\\\/\"},\"sameAs\":[\"https:\\\/\\\/www.facebook.com\\\/povazskemuzeum\",\"https:\\\/\\\/www.instagram.com\\\/povazskemuzeum\\\/\"]},{\"@type\":\"Person\",\"@id\":\"https:\\\/\\\/pmza.sk\\\/#\\\/schema\\\/person\\\/595e6a2ce731ea94dcd5d7f50a41ae33\",\"name\":\"Pova\u017esk\u00e9 m\u00fazeum\",\"image\":{\"@type\":\"ImageObject\",\"inLanguage\":\"sk-SK\",\"@id\":\"https:\\\/\\\/secure.gravatar.com\\\/avatar\\\/2bb7f1561282132fb5826dfeccc66c7996d11ee392ac6aaf7ced8a1c2027fbb2?s=96&d=mm&r=g\",\"url\":\"https:\\\/\\\/secure.gravatar.com\\\/avatar\\\/2bb7f1561282132fb5826dfeccc66c7996d11ee392ac6aaf7ced8a1c2027fbb2?s=96&d=mm&r=g\",\"contentUrl\":\"https:\\\/\\\/secure.gravatar.com\\\/avatar\\\/2bb7f1561282132fb5826dfeccc66c7996d11ee392ac6aaf7ced8a1c2027fbb2?s=96&d=mm&r=g\",\"caption\":\"Pova\u017esk\u00e9 m\u00fazeum\"}}]}<\/script>\n<!-- \/ Yoast SEO plugin. -->","yoast_head_json":{"title":"Le.Pi.Dlo - no\u010dn\u00e9 prehliadky hradu Stre\u010dno - Pova\u017esk\u00e9 m\u00fazeum","robots":{"index":"index","follow":"follow","max-snippet":"max-snippet:-1","max-image-preview":"max-image-preview:large","max-video-preview":"max-video-preview:-1"},"canonical":"https:\/\/pmza.sk\/?p=10080","og_locale":"sk_SK","og_type":"article","og_title":"Le.Pi.Dlo - no\u010dn\u00e9 prehliadky hradu Stre\u010dno - Pova\u017esk\u00e9 m\u00fazeum","og_description":"Tohtoro\u010dn\u00e9 no\u010dn\u00e9 prehliadky hradu Stre\u010dno sa pones\u00fa v\u00a0novom duchu. Letn\u00e9 Piatkov\u00e9 divaDlo na hrade, v\u00a0skratke Le.Pi.Dlo, sa za\u010d\u00edna 4. j\u00fala o\u00a020.00 hod. Prehliadka potrv\u00e1 do 23.00 hod. Znovu sa zopakuje 18. j\u00fala. Program no\u010dnej prehliadky bude op\u00e4\u0165 pestr\u00fd. \u0160t\u00fadio pantom\u00edmy Kasprzyk z\u00a0Liptovsk\u00e9ho Mikul\u00e1\u0161a pon\u00fakne v\u00a0nieko\u013ek\u00fdch v\u00fdstupoch pantom\u00edmu v\u00a0stredovekom \u0161t\u00fdle, \u0161peci\u00e1lne cvi\u010den\u00e9 kone, \u0161a\u0161a-\u017eongl\u00e9ra a\u00a0oh\u0148ov\u00fa \u017eenu. [&hellip;]","og_url":"https:\/\/pmza.sk\/?p=10080","og_site_name":"Pova\u017esk\u00e9 m\u00fazeum","article_publisher":"https:\/\/www.facebook.com\/povazskemuzeum","article_published_time":"2014-06-25T10:05:18+00:00","og_image":[{"url":"https:\/\/pmza.sk\/wp-content\/uploads\/2014\/06\/LePiDlo_plagat_web.jpg","type":"","width":"","height":""}],"author":"Pova\u017esk\u00e9 m\u00fazeum","twitter_card":"summary_large_image","twitter_misc":{"Autor":"Pova\u017esk\u00e9 m\u00fazeum","Predpokladan\u00fd \u010das \u010d\u00edtania":"3 min\u00faty"},"schema":{"@context":"https:\/\/schema.org","@graph":[{"@type":"Article","@id":"https:\/\/pmza.sk\/?p=10080#article","isPartOf":{"@id":"https:\/\/pmza.sk\/?p=10080"},"author":{"name":"Pova\u017esk\u00e9 m\u00fazeum","@id":"https:\/\/pmza.sk\/#\/schema\/person\/595e6a2ce731ea94dcd5d7f50a41ae33"},"headline":"Le.Pi.Dlo &#8211; no\u010dn\u00e9 prehliadky hradu Stre\u010dno","datePublished":"2014-06-25T10:05:18+00:00","mainEntityOfPage":{"@id":"https:\/\/pmza.sk\/?p=10080"},"wordCount":635,"publisher":{"@id":"https:\/\/pmza.sk\/#organization"},"image":{"@id":"https:\/\/pmza.sk\/?p=10080#primaryimage"},"thumbnailUrl":"https:\/\/pmza.sk\/wp-content\/uploads\/2014\/06\/LePiDlo_plagat_web.jpg","articleSection":["Arch\u00edv 2014"],"inLanguage":"sk-SK"},{"@type":"WebPage","@id":"https:\/\/pmza.sk\/?p=10080","url":"https:\/\/pmza.sk\/?p=10080","name":"Le.Pi.Dlo - no\u010dn\u00e9 prehliadky hradu Stre\u010dno - Pova\u017esk\u00e9 m\u00fazeum","isPartOf":{"@id":"https:\/\/pmza.sk\/#website"},"primaryImageOfPage":{"@id":"https:\/\/pmza.sk\/?p=10080#primaryimage"},"image":{"@id":"https:\/\/pmza.sk\/?p=10080#primaryimage"},"thumbnailUrl":"https:\/\/pmza.sk\/wp-content\/uploads\/2014\/06\/LePiDlo_plagat_web.jpg","datePublished":"2014-06-25T10:05:18+00:00","breadcrumb":{"@id":"https:\/\/pmza.sk\/?p=10080#breadcrumb"},"inLanguage":"sk-SK","potentialAction":[{"@type":"ReadAction","target":["https:\/\/pmza.sk\/?p=10080"]}]},{"@type":"ImageObject","inLanguage":"sk-SK","@id":"https:\/\/pmza.sk\/?p=10080#primaryimage","url":"https:\/\/pmza.sk\/wp-content\/uploads\/2014\/06\/LePiDlo_plagat_web.jpg","contentUrl":"https:\/\/pmza.sk\/wp-content\/uploads\/2014\/06\/LePiDlo_plagat_web.jpg","width":442,"height":640},{"@type":"BreadcrumbList","@id":"https:\/\/pmza.sk\/?p=10080#breadcrumb","itemListElement":[{"@type":"ListItem","position":1,"name":"Domovsk\u00e1 str\u00e1nka","item":"https:\/\/pmza.sk\/"},{"@type":"ListItem","position":2,"name":"Le.Pi.Dlo &#8211; no\u010dn\u00e9 prehliadky hradu Stre\u010dno"}]},{"@type":"WebSite","@id":"https:\/\/pmza.sk\/#website","url":"https:\/\/pmza.sk\/","name":"Pova\u017esk\u00e9 m\u00fazeum","description":"Pova\u017esk\u00e9 m\u00fazeum v \u017diline je region\u00e1lne m\u00fazeum so s\u00eddlom v Budat\u00edne. Jeho expoz\u00edcie s\u00fa zameran\u00e9 na dejiny slovensk\u00e9ho umenia, kult\u00fary a dopravy.","publisher":{"@id":"https:\/\/pmza.sk\/#organization"},"potentialAction":[{"@type":"SearchAction","target":{"@type":"EntryPoint","urlTemplate":"https:\/\/pmza.sk\/?s={search_term_string}"},"query-input":{"@type":"PropertyValueSpecification","valueRequired":true,"valueName":"search_term_string"}}],"inLanguage":"sk-SK"},{"@type":"Organization","@id":"https:\/\/pmza.sk\/#organization","name":"Pova\u017esk\u00e9 m\u00fazeum","url":"https:\/\/pmza.sk\/","logo":{"@type":"ImageObject","inLanguage":"sk-SK","@id":"https:\/\/pmza.sk\/#\/schema\/logo\/image\/","url":"https:\/\/pmza.sk\/wp-content\/uploads\/2022\/01\/logo_PM_horizontal.jpg","contentUrl":"https:\/\/pmza.sk\/wp-content\/uploads\/2022\/01\/logo_PM_horizontal.jpg","width":231,"height":142,"caption":"Pova\u017esk\u00e9 m\u00fazeum"},"image":{"@id":"https:\/\/pmza.sk\/#\/schema\/logo\/image\/"},"sameAs":["https:\/\/www.facebook.com\/povazskemuzeum","https:\/\/www.instagram.com\/povazskemuzeum\/"]},{"@type":"Person","@id":"https:\/\/pmza.sk\/#\/schema\/person\/595e6a2ce731ea94dcd5d7f50a41ae33","name":"Pova\u017esk\u00e9 m\u00fazeum","image":{"@type":"ImageObject","inLanguage":"sk-SK","@id":"https:\/\/secure.gravatar.com\/avatar\/2bb7f1561282132fb5826dfeccc66c7996d11ee392ac6aaf7ced8a1c2027fbb2?s=96&d=mm&r=g","url":"https:\/\/secure.gravatar.com\/avatar\/2bb7f1561282132fb5826dfeccc66c7996d11ee392ac6aaf7ced8a1c2027fbb2?s=96&d=mm&r=g","contentUrl":"https:\/\/secure.gravatar.com\/avatar\/2bb7f1561282132fb5826dfeccc66c7996d11ee392ac6aaf7ced8a1c2027fbb2?s=96&d=mm&r=g","caption":"Pova\u017esk\u00e9 m\u00fazeum"}}]}},"_links":{"self":[{"href":"https:\/\/pmza.sk\/index.php?rest_route=\/wp\/v2\/posts\/10080","targetHints":{"allow":["GET"]}}],"collection":[{"href":"https:\/\/pmza.sk\/index.php?rest_route=\/wp\/v2\/posts"}],"about":[{"href":"https:\/\/pmza.sk\/index.php?rest_route=\/wp\/v2\/types\/post"}],"author":[{"embeddable":true,"href":"https:\/\/pmza.sk\/index.php?rest_route=\/wp\/v2\/users\/2"}],"replies":[{"embeddable":true,"href":"https:\/\/pmza.sk\/index.php?rest_route=%2Fwp%2Fv2%2Fcomments&post=10080"}],"version-history":[{"count":0,"href":"https:\/\/pmza.sk\/index.php?rest_route=\/wp\/v2\/posts\/10080\/revisions"}],"wp:attachment":[{"href":"https:\/\/pmza.sk\/index.php?rest_route=%2Fwp%2Fv2%2Fmedia&parent=10080"}],"wp:term":[{"taxonomy":"category","embeddable":true,"href":"https:\/\/pmza.sk\/index.php?rest_route=%2Fwp%2Fv2%2Fcategories&post=10080"},{"taxonomy":"post_tag","embeddable":true,"href":"https:\/\/pmza.sk\/index.php?rest_route=%2Fwp%2Fv2%2Ftags&post=10080"}],"curies":[{"name":"wp","href":"https:\/\/api.w.org\/{rel}","templated":true}]}}