{"id":10135,"date":"2014-06-30T13:02:33","date_gmt":"2014-06-30T11:02:33","guid":{"rendered":"https:\/\/pmza.sk.sk\/?p=10135"},"modified":"2014-06-30T13:02:33","modified_gmt":"2014-06-30T11:02:33","slug":"zmena-otvaracich-hodin-a-nizsie-vstupne-v-muzeu-dopravy","status":"publish","type":"post","link":"https:\/\/pmza.sk\/?p=10135","title":{"rendered":"ZMENA otv\u00e1rac\u00edch hod\u00edn a ni\u017e\u0161ie vstupn\u00e9 v M\u00fazeu dopravy"},"content":{"rendered":"<p><a href=\"https:\/\/pmza.sk\/wp-content\/uploads\/2014\/04\/26-ZST-Rajecke-Teplice.jpg\"><img decoding=\"async\" class=\"alignleft size-full wp-image-9461\" alt=\"26-ZST-Rajecke-Teplice\" src=\"https:\/\/pmza.sk\/wp-content\/uploads\/2014\/04\/26-ZST-Rajecke-Teplice.jpg\" width=\"335\" height=\"144\" srcset=\"https:\/\/pmza.sk\/wp-content\/uploads\/2014\/04\/26-ZST-Rajecke-Teplice.jpg 640w, https:\/\/pmza.sk\/wp-content\/uploads\/2014\/04\/26-ZST-Rajecke-Teplice-570x246.jpg 570w, https:\/\/pmza.sk\/wp-content\/uploads\/2014\/04\/26-ZST-Rajecke-Teplice-600x259.jpg 600w\" sizes=\"(max-width: 335px) 100vw, 335px\" \/><\/a>Pova\u017esk\u00e9 m\u00fazeum v \u017diline vych\u00e1dza po\u010das letn\u00fdch mesiacov v \u00fastrety svojim n\u00e1v\u0161tevn\u00edkom a v expoz\u00edcii <strong>M\u00fazea dopravy Rajeck\u00e9 Teplice<\/strong> zni\u017euje vstupn\u00e9 a pos\u00fava otv\u00e1racie hodiny. Zmena otv\u00e1rac\u00edch hod\u00edn plat\u00ed od 1. 7. do 31. 7. 2014 a zmena ni\u017e\u0161ieho vstupn\u00e9ho plat\u00ed od 1. 7.\u00a0 do 31. 8. 2014.<\/p>\n<p>Z\u00e1kladn\u00e9 vstupn\u00e9 klesne na 1,50 \u20ac, v\u00fd\u0161ka z\u013eavnen\u00e9ho bude 1 \u20ac a rodinn\u00e1 vstupenka bude st\u00e1\u0165 4 \u20ac. M\u00fazeum dopravy bude po\u010das letn\u00fdch pr\u00e1zdnin otvoren\u00e9 od 10:30 do 18:30, posledn\u00fd vstup o 17:45 hod.<!--more--><\/p>\n<p><a href=\"https:\/\/pmza.sk.sk\/expozicie\/muzeum-dopravy-rajecke-teplice\/adresa-otvaracie-hodiny-a-vstupne\/\">ZMENY n\u00e1jdete TU<\/a><\/p>\n","protected":false},"excerpt":{"rendered":"<p>Pova\u017esk\u00e9 m\u00fazeum v \u017diline vych\u00e1dza po\u010das letn\u00fdch mesiacov v \u00fastrety svojim n\u00e1v\u0161tevn\u00edkom a v expoz\u00edcii M\u00fazea dopravy Rajeck\u00e9 Teplice zni\u017euje vstupn\u00e9 a pos\u00fava otv\u00e1racie hodiny. Zmena otv\u00e1rac\u00edch hod\u00edn plat\u00ed od 1. 7. do 31. 7. 2014 a zmena ni\u017e\u0161ieho vstupn\u00e9ho plat\u00ed od 1. 7.\u00a0 do 31. 8. 2014. Z\u00e1kladn\u00e9 vstupn\u00e9 klesne na 1,50 \u20ac, v\u00fd\u0161ka [&hellip;]<\/p>\n","protected":false},"author":2,"featured_media":0,"comment_status":"closed","ping_status":"closed","sticky":false,"template":"","format":"standard","meta":{"site-sidebar-layout":"default","site-content-layout":"","ast-site-content-layout":"","site-content-style":"default","site-sidebar-style":"default","ast-global-header-display":"","ast-banner-title-visibility":"","ast-main-header-display":"","ast-hfb-above-header-display":"","ast-hfb-below-header-display":"","ast-hfb-mobile-header-display":"","site-post-title":"","ast-breadcrumbs-content":"","ast-featured-img":"","footer-sml-layout":"","theme-transparent-header-meta":"","adv-header-id-meta":"","stick-header-meta":"","header-above-stick-meta":"","header-main-stick-meta":"","header-below-stick-meta":"","astra-migrate-meta-layouts":"default","ast-page-background-enabled":"default","ast-page-background-meta":{"desktop":{"background-color":"var(--ast-global-color-4)","background-image":"","background-repeat":"repeat","background-position":"center center","background-size":"auto","background-attachment":"scroll","background-type":"","background-media":"","overlay-type":"","overlay-color":"","overlay-opacity":"","overlay-gradient":""},"tablet":{"background-color":"","background-image":"","background-repeat":"repeat","background-position":"center center","background-size":"auto","background-attachment":"scroll","background-type":"","background-media":"","overlay-type":"","overlay-color":"","overlay-opacity":"","overlay-gradient":""},"mobile":{"background-color":"","background-image":"","background-repeat":"repeat","background-position":"center center","background-size":"auto","background-attachment":"scroll","background-type":"","background-media":"","overlay-type":"","overlay-color":"","overlay-opacity":"","overlay-gradient":""}},"ast-content-background-meta":{"desktop":{"background-color":"var(--ast-global-color-5)","background-image":"","background-repeat":"repeat","background-position":"center center","background-size":"auto","background-attachment":"scroll","background-type":"","background-media":"","overlay-type":"","overlay-color":"","overlay-opacity":"","overlay-gradient":""},"tablet":{"background-color":"var(--ast-global-color-5)","background-image":"","background-repeat":"repeat","background-position":"center center","background-size":"auto","background-attachment":"scroll","background-type":"","background-media":"","overlay-type":"","overlay-color":"","overlay-opacity":"","overlay-gradient":""},"mobile":{"background-color":"var(--ast-global-color-5)","background-image":"","background-repeat":"repeat","background-position":"center center","background-size":"auto","background-attachment":"scroll","background-type":"","background-media":"","overlay-type":"","overlay-color":"","overlay-opacity":"","overlay-gradient":""}},"footnotes":""},"categories":[36],"tags":[],"class_list":["post-10135","post","type-post","status-publish","format-standard","hentry","category-archiv-2014"],"yoast_head":"<!-- This site is optimized with the Yoast SEO plugin v27.4 - https:\/\/yoast.com\/product\/yoast-seo-wordpress\/ -->\n<title>ZMENA otv\u00e1rac\u00edch hod\u00edn a ni\u017e\u0161ie vstupn\u00e9 v M\u00fazeu dopravy - Pova\u017esk\u00e9 m\u00fazeum<\/title>\n<meta name=\"robots\" content=\"index, follow, max-snippet:-1, max-image-preview:large, max-video-preview:-1\" \/>\n<link rel=\"canonical\" href=\"https:\/\/pmza.sk\/?p=10135\" \/>\n<meta property=\"og:locale\" content=\"sk_SK\" \/>\n<meta property=\"og:type\" content=\"article\" \/>\n<meta property=\"og:title\" content=\"ZMENA otv\u00e1rac\u00edch hod\u00edn a ni\u017e\u0161ie vstupn\u00e9 v M\u00fazeu dopravy - Pova\u017esk\u00e9 m\u00fazeum\" \/>\n<meta property=\"og:description\" content=\"Pova\u017esk\u00e9 m\u00fazeum v \u017diline vych\u00e1dza po\u010das letn\u00fdch mesiacov v \u00fastrety svojim n\u00e1v\u0161tevn\u00edkom a v expoz\u00edcii M\u00fazea dopravy Rajeck\u00e9 Teplice zni\u017euje vstupn\u00e9 a pos\u00fava otv\u00e1racie hodiny. Zmena otv\u00e1rac\u00edch hod\u00edn plat\u00ed od 1. 7. do 31. 7. 2014 a zmena ni\u017e\u0161ieho vstupn\u00e9ho plat\u00ed od 1. 7.\u00a0 do 31. 8. 2014. Z\u00e1kladn\u00e9 vstupn\u00e9 klesne na 1,50 \u20ac, v\u00fd\u0161ka [&hellip;]\" \/>\n<meta property=\"og:url\" content=\"https:\/\/pmza.sk\/?p=10135\" \/>\n<meta property=\"og:site_name\" content=\"Pova\u017esk\u00e9 m\u00fazeum\" \/>\n<meta property=\"article:publisher\" content=\"https:\/\/www.facebook.com\/povazskemuzeum\" \/>\n<meta property=\"article:published_time\" content=\"2014-06-30T11:02:33+00:00\" \/>\n<meta property=\"og:image\" content=\"https:\/\/pmza.sk\/wp-content\/uploads\/2014\/04\/26-ZST-Rajecke-Teplice.jpg\" \/>\n<meta name=\"author\" content=\"Pova\u017esk\u00e9 m\u00fazeum\" \/>\n<meta name=\"twitter:card\" content=\"summary_large_image\" \/>\n<meta name=\"twitter:label1\" content=\"Autor\" \/>\n\t<meta name=\"twitter:data1\" content=\"Pova\u017esk\u00e9 m\u00fazeum\" \/>\n<script type=\"application\/ld+json\" class=\"yoast-schema-graph\">{\"@context\":\"https:\\\/\\\/schema.org\",\"@graph\":[{\"@type\":\"Article\",\"@id\":\"https:\\\/\\\/pmza.sk\\\/?p=10135#article\",\"isPartOf\":{\"@id\":\"https:\\\/\\\/pmza.sk\\\/?p=10135\"},\"author\":{\"name\":\"Pova\u017esk\u00e9 m\u00fazeum\",\"@id\":\"https:\\\/\\\/pmza.sk\\\/#\\\/schema\\\/person\\\/595e6a2ce731ea94dcd5d7f50a41ae33\"},\"headline\":\"ZMENA otv\u00e1rac\u00edch hod\u00edn a ni\u017e\u0161ie vstupn\u00e9 v M\u00fazeu dopravy\",\"datePublished\":\"2014-06-30T11:02:33+00:00\",\"mainEntityOfPage\":{\"@id\":\"https:\\\/\\\/pmza.sk\\\/?p=10135\"},\"wordCount\":107,\"publisher\":{\"@id\":\"https:\\\/\\\/pmza.sk\\\/#organization\"},\"image\":{\"@id\":\"https:\\\/\\\/pmza.sk\\\/?p=10135#primaryimage\"},\"thumbnailUrl\":\"http:\\\/\\\/pmza.sk\\\/wp-content\\\/uploads\\\/2014\\\/04\\\/26-ZST-Rajecke-Teplice.jpg\",\"articleSection\":[\"Arch\u00edv 2014\"],\"inLanguage\":\"sk-SK\"},{\"@type\":\"WebPage\",\"@id\":\"https:\\\/\\\/pmza.sk\\\/?p=10135\",\"url\":\"https:\\\/\\\/pmza.sk\\\/?p=10135\",\"name\":\"ZMENA otv\u00e1rac\u00edch hod\u00edn a ni\u017e\u0161ie vstupn\u00e9 v M\u00fazeu dopravy - Pova\u017esk\u00e9 m\u00fazeum\",\"isPartOf\":{\"@id\":\"https:\\\/\\\/pmza.sk\\\/#website\"},\"primaryImageOfPage\":{\"@id\":\"https:\\\/\\\/pmza.sk\\\/?p=10135#primaryimage\"},\"image\":{\"@id\":\"https:\\\/\\\/pmza.sk\\\/?p=10135#primaryimage\"},\"thumbnailUrl\":\"http:\\\/\\\/pmza.sk\\\/wp-content\\\/uploads\\\/2014\\\/04\\\/26-ZST-Rajecke-Teplice.jpg\",\"datePublished\":\"2014-06-30T11:02:33+00:00\",\"breadcrumb\":{\"@id\":\"https:\\\/\\\/pmza.sk\\\/?p=10135#breadcrumb\"},\"inLanguage\":\"sk-SK\",\"potentialAction\":[{\"@type\":\"ReadAction\",\"target\":[\"https:\\\/\\\/pmza.sk\\\/?p=10135\"]}]},{\"@type\":\"ImageObject\",\"inLanguage\":\"sk-SK\",\"@id\":\"https:\\\/\\\/pmza.sk\\\/?p=10135#primaryimage\",\"url\":\"https:\\\/\\\/pmza.sk\\\/wp-content\\\/uploads\\\/2014\\\/04\\\/26-ZST-Rajecke-Teplice.jpg\",\"contentUrl\":\"https:\\\/\\\/pmza.sk\\\/wp-content\\\/uploads\\\/2014\\\/04\\\/26-ZST-Rajecke-Teplice.jpg\",\"width\":640,\"height\":276},{\"@type\":\"BreadcrumbList\",\"@id\":\"https:\\\/\\\/pmza.sk\\\/?p=10135#breadcrumb\",\"itemListElement\":[{\"@type\":\"ListItem\",\"position\":1,\"name\":\"Domovsk\u00e1 str\u00e1nka\",\"item\":\"https:\\\/\\\/pmza.sk\\\/\"},{\"@type\":\"ListItem\",\"position\":2,\"name\":\"ZMENA otv\u00e1rac\u00edch hod\u00edn a ni\u017e\u0161ie vstupn\u00e9 v M\u00fazeu dopravy\"}]},{\"@type\":\"WebSite\",\"@id\":\"https:\\\/\\\/pmza.sk\\\/#website\",\"url\":\"https:\\\/\\\/pmza.sk\\\/\",\"name\":\"Pova\u017esk\u00e9 m\u00fazeum\",\"description\":\"Pova\u017esk\u00e9 m\u00fazeum v \u017diline je region\u00e1lne m\u00fazeum so s\u00eddlom v Budat\u00edne. Jeho expoz\u00edcie s\u00fa zameran\u00e9 na dejiny slovensk\u00e9ho umenia, kult\u00fary a dopravy.\",\"publisher\":{\"@id\":\"https:\\\/\\\/pmza.sk\\\/#organization\"},\"potentialAction\":[{\"@type\":\"SearchAction\",\"target\":{\"@type\":\"EntryPoint\",\"urlTemplate\":\"https:\\\/\\\/pmza.sk\\\/?s={search_term_string}\"},\"query-input\":{\"@type\":\"PropertyValueSpecification\",\"valueRequired\":true,\"valueName\":\"search_term_string\"}}],\"inLanguage\":\"sk-SK\"},{\"@type\":\"Organization\",\"@id\":\"https:\\\/\\\/pmza.sk\\\/#organization\",\"name\":\"Pova\u017esk\u00e9 m\u00fazeum\",\"url\":\"https:\\\/\\\/pmza.sk\\\/\",\"logo\":{\"@type\":\"ImageObject\",\"inLanguage\":\"sk-SK\",\"@id\":\"https:\\\/\\\/pmza.sk\\\/#\\\/schema\\\/logo\\\/image\\\/\",\"url\":\"https:\\\/\\\/pmza.sk\\\/wp-content\\\/uploads\\\/2022\\\/01\\\/logo_PM_horizontal.jpg\",\"contentUrl\":\"https:\\\/\\\/pmza.sk\\\/wp-content\\\/uploads\\\/2022\\\/01\\\/logo_PM_horizontal.jpg\",\"width\":231,\"height\":142,\"caption\":\"Pova\u017esk\u00e9 m\u00fazeum\"},\"image\":{\"@id\":\"https:\\\/\\\/pmza.sk\\\/#\\\/schema\\\/logo\\\/image\\\/\"},\"sameAs\":[\"https:\\\/\\\/www.facebook.com\\\/povazskemuzeum\",\"https:\\\/\\\/www.instagram.com\\\/povazskemuzeum\\\/\"]},{\"@type\":\"Person\",\"@id\":\"https:\\\/\\\/pmza.sk\\\/#\\\/schema\\\/person\\\/595e6a2ce731ea94dcd5d7f50a41ae33\",\"name\":\"Pova\u017esk\u00e9 m\u00fazeum\",\"image\":{\"@type\":\"ImageObject\",\"inLanguage\":\"sk-SK\",\"@id\":\"https:\\\/\\\/secure.gravatar.com\\\/avatar\\\/2bb7f1561282132fb5826dfeccc66c7996d11ee392ac6aaf7ced8a1c2027fbb2?s=96&d=mm&r=g\",\"url\":\"https:\\\/\\\/secure.gravatar.com\\\/avatar\\\/2bb7f1561282132fb5826dfeccc66c7996d11ee392ac6aaf7ced8a1c2027fbb2?s=96&d=mm&r=g\",\"contentUrl\":\"https:\\\/\\\/secure.gravatar.com\\\/avatar\\\/2bb7f1561282132fb5826dfeccc66c7996d11ee392ac6aaf7ced8a1c2027fbb2?s=96&d=mm&r=g\",\"caption\":\"Pova\u017esk\u00e9 m\u00fazeum\"}}]}<\/script>\n<!-- \/ Yoast SEO plugin. -->","yoast_head_json":{"title":"ZMENA otv\u00e1rac\u00edch hod\u00edn a ni\u017e\u0161ie vstupn\u00e9 v M\u00fazeu dopravy - Pova\u017esk\u00e9 m\u00fazeum","robots":{"index":"index","follow":"follow","max-snippet":"max-snippet:-1","max-image-preview":"max-image-preview:large","max-video-preview":"max-video-preview:-1"},"canonical":"https:\/\/pmza.sk\/?p=10135","og_locale":"sk_SK","og_type":"article","og_title":"ZMENA otv\u00e1rac\u00edch hod\u00edn a ni\u017e\u0161ie vstupn\u00e9 v M\u00fazeu dopravy - Pova\u017esk\u00e9 m\u00fazeum","og_description":"Pova\u017esk\u00e9 m\u00fazeum v \u017diline vych\u00e1dza po\u010das letn\u00fdch mesiacov v \u00fastrety svojim n\u00e1v\u0161tevn\u00edkom a v expoz\u00edcii M\u00fazea dopravy Rajeck\u00e9 Teplice zni\u017euje vstupn\u00e9 a pos\u00fava otv\u00e1racie hodiny. Zmena otv\u00e1rac\u00edch hod\u00edn plat\u00ed od 1. 7. do 31. 7. 2014 a zmena ni\u017e\u0161ieho vstupn\u00e9ho plat\u00ed od 1. 7.\u00a0 do 31. 8. 2014. Z\u00e1kladn\u00e9 vstupn\u00e9 klesne na 1,50 \u20ac, v\u00fd\u0161ka [&hellip;]","og_url":"https:\/\/pmza.sk\/?p=10135","og_site_name":"Pova\u017esk\u00e9 m\u00fazeum","article_publisher":"https:\/\/www.facebook.com\/povazskemuzeum","article_published_time":"2014-06-30T11:02:33+00:00","og_image":[{"url":"https:\/\/pmza.sk\/wp-content\/uploads\/2014\/04\/26-ZST-Rajecke-Teplice.jpg","type":"","width":"","height":""}],"author":"Pova\u017esk\u00e9 m\u00fazeum","twitter_card":"summary_large_image","twitter_misc":{"Autor":"Pova\u017esk\u00e9 m\u00fazeum"},"schema":{"@context":"https:\/\/schema.org","@graph":[{"@type":"Article","@id":"https:\/\/pmza.sk\/?p=10135#article","isPartOf":{"@id":"https:\/\/pmza.sk\/?p=10135"},"author":{"name":"Pova\u017esk\u00e9 m\u00fazeum","@id":"https:\/\/pmza.sk\/#\/schema\/person\/595e6a2ce731ea94dcd5d7f50a41ae33"},"headline":"ZMENA otv\u00e1rac\u00edch hod\u00edn a ni\u017e\u0161ie vstupn\u00e9 v M\u00fazeu dopravy","datePublished":"2014-06-30T11:02:33+00:00","mainEntityOfPage":{"@id":"https:\/\/pmza.sk\/?p=10135"},"wordCount":107,"publisher":{"@id":"https:\/\/pmza.sk\/#organization"},"image":{"@id":"https:\/\/pmza.sk\/?p=10135#primaryimage"},"thumbnailUrl":"https:\/\/pmza.sk\/wp-content\/uploads\/2014\/04\/26-ZST-Rajecke-Teplice.jpg","articleSection":["Arch\u00edv 2014"],"inLanguage":"sk-SK"},{"@type":"WebPage","@id":"https:\/\/pmza.sk\/?p=10135","url":"https:\/\/pmza.sk\/?p=10135","name":"ZMENA otv\u00e1rac\u00edch hod\u00edn a ni\u017e\u0161ie vstupn\u00e9 v M\u00fazeu dopravy - Pova\u017esk\u00e9 m\u00fazeum","isPartOf":{"@id":"https:\/\/pmza.sk\/#website"},"primaryImageOfPage":{"@id":"https:\/\/pmza.sk\/?p=10135#primaryimage"},"image":{"@id":"https:\/\/pmza.sk\/?p=10135#primaryimage"},"thumbnailUrl":"https:\/\/pmza.sk\/wp-content\/uploads\/2014\/04\/26-ZST-Rajecke-Teplice.jpg","datePublished":"2014-06-30T11:02:33+00:00","breadcrumb":{"@id":"https:\/\/pmza.sk\/?p=10135#breadcrumb"},"inLanguage":"sk-SK","potentialAction":[{"@type":"ReadAction","target":["https:\/\/pmza.sk\/?p=10135"]}]},{"@type":"ImageObject","inLanguage":"sk-SK","@id":"https:\/\/pmza.sk\/?p=10135#primaryimage","url":"https:\/\/pmza.sk\/wp-content\/uploads\/2014\/04\/26-ZST-Rajecke-Teplice.jpg","contentUrl":"https:\/\/pmza.sk\/wp-content\/uploads\/2014\/04\/26-ZST-Rajecke-Teplice.jpg","width":640,"height":276},{"@type":"BreadcrumbList","@id":"https:\/\/pmza.sk\/?p=10135#breadcrumb","itemListElement":[{"@type":"ListItem","position":1,"name":"Domovsk\u00e1 str\u00e1nka","item":"https:\/\/pmza.sk\/"},{"@type":"ListItem","position":2,"name":"ZMENA otv\u00e1rac\u00edch hod\u00edn a ni\u017e\u0161ie vstupn\u00e9 v M\u00fazeu dopravy"}]},{"@type":"WebSite","@id":"https:\/\/pmza.sk\/#website","url":"https:\/\/pmza.sk\/","name":"Pova\u017esk\u00e9 m\u00fazeum","description":"Pova\u017esk\u00e9 m\u00fazeum v \u017diline je region\u00e1lne m\u00fazeum so s\u00eddlom v Budat\u00edne. Jeho expoz\u00edcie s\u00fa zameran\u00e9 na dejiny slovensk\u00e9ho umenia, kult\u00fary a dopravy.","publisher":{"@id":"https:\/\/pmza.sk\/#organization"},"potentialAction":[{"@type":"SearchAction","target":{"@type":"EntryPoint","urlTemplate":"https:\/\/pmza.sk\/?s={search_term_string}"},"query-input":{"@type":"PropertyValueSpecification","valueRequired":true,"valueName":"search_term_string"}}],"inLanguage":"sk-SK"},{"@type":"Organization","@id":"https:\/\/pmza.sk\/#organization","name":"Pova\u017esk\u00e9 m\u00fazeum","url":"https:\/\/pmza.sk\/","logo":{"@type":"ImageObject","inLanguage":"sk-SK","@id":"https:\/\/pmza.sk\/#\/schema\/logo\/image\/","url":"https:\/\/pmza.sk\/wp-content\/uploads\/2022\/01\/logo_PM_horizontal.jpg","contentUrl":"https:\/\/pmza.sk\/wp-content\/uploads\/2022\/01\/logo_PM_horizontal.jpg","width":231,"height":142,"caption":"Pova\u017esk\u00e9 m\u00fazeum"},"image":{"@id":"https:\/\/pmza.sk\/#\/schema\/logo\/image\/"},"sameAs":["https:\/\/www.facebook.com\/povazskemuzeum","https:\/\/www.instagram.com\/povazskemuzeum\/"]},{"@type":"Person","@id":"https:\/\/pmza.sk\/#\/schema\/person\/595e6a2ce731ea94dcd5d7f50a41ae33","name":"Pova\u017esk\u00e9 m\u00fazeum","image":{"@type":"ImageObject","inLanguage":"sk-SK","@id":"https:\/\/secure.gravatar.com\/avatar\/2bb7f1561282132fb5826dfeccc66c7996d11ee392ac6aaf7ced8a1c2027fbb2?s=96&d=mm&r=g","url":"https:\/\/secure.gravatar.com\/avatar\/2bb7f1561282132fb5826dfeccc66c7996d11ee392ac6aaf7ced8a1c2027fbb2?s=96&d=mm&r=g","contentUrl":"https:\/\/secure.gravatar.com\/avatar\/2bb7f1561282132fb5826dfeccc66c7996d11ee392ac6aaf7ced8a1c2027fbb2?s=96&d=mm&r=g","caption":"Pova\u017esk\u00e9 m\u00fazeum"}}]}},"_links":{"self":[{"href":"https:\/\/pmza.sk\/index.php?rest_route=\/wp\/v2\/posts\/10135","targetHints":{"allow":["GET"]}}],"collection":[{"href":"https:\/\/pmza.sk\/index.php?rest_route=\/wp\/v2\/posts"}],"about":[{"href":"https:\/\/pmza.sk\/index.php?rest_route=\/wp\/v2\/types\/post"}],"author":[{"embeddable":true,"href":"https:\/\/pmza.sk\/index.php?rest_route=\/wp\/v2\/users\/2"}],"replies":[{"embeddable":true,"href":"https:\/\/pmza.sk\/index.php?rest_route=%2Fwp%2Fv2%2Fcomments&post=10135"}],"version-history":[{"count":0,"href":"https:\/\/pmza.sk\/index.php?rest_route=\/wp\/v2\/posts\/10135\/revisions"}],"wp:attachment":[{"href":"https:\/\/pmza.sk\/index.php?rest_route=%2Fwp%2Fv2%2Fmedia&parent=10135"}],"wp:term":[{"taxonomy":"category","embeddable":true,"href":"https:\/\/pmza.sk\/index.php?rest_route=%2Fwp%2Fv2%2Fcategories&post=10135"},{"taxonomy":"post_tag","embeddable":true,"href":"https:\/\/pmza.sk\/index.php?rest_route=%2Fwp%2Fv2%2Ftags&post=10135"}],"curies":[{"name":"wp","href":"https:\/\/api.w.org\/{rel}","templated":true}]}}