{"id":10171,"date":"2014-07-03T17:55:49","date_gmt":"2014-07-03T15:55:49","guid":{"rendered":"https:\/\/pmza.sk.sk\/?p=10171"},"modified":"2014-07-03T17:55:49","modified_gmt":"2014-07-03T15:55:49","slug":"veza-po-rekonstrukcii-znovu-otvorena","status":"publish","type":"post","link":"https:\/\/pmza.sk\/?p=10171","title":{"rendered":"Ve\u017ea po rekon\u0161trukcii znovu otvoren\u00e1 &#8211; PROGRAM"},"content":{"rendered":"<p><a href=\"https:\/\/pmza.sk\/wp-content\/uploads\/2014\/07\/Slavnostne-otvorenie-veze_plagat_A4-scaled-1.jpg\"><img fetchpriority=\"high\" decoding=\"async\" class=\"alignleft size-full wp-image-10192\" alt=\"Sl\u00e1vnostn\u00e9 otvorenie ve\u017ee_plag\u00e1t_A4_web01\" src=\"https:\/\/pmza.sk\/wp-content\/uploads\/2014\/07\/Slavnostne-otvorenie-veze_plagat_A4_web01.jpg\" width=\"188\" height=\"272\" srcset=\"https:\/\/pmza.sk\/wp-content\/uploads\/2014\/07\/Slavnostne-otvorenie-veze_plagat_A4_web01.jpg 707w, https:\/\/pmza.sk\/wp-content\/uploads\/2014\/07\/Slavnostne-otvorenie-veze_plagat_A4_web01-249x360.jpg 249w, https:\/\/pmza.sk\/wp-content\/uploads\/2014\/07\/Slavnostne-otvorenie-veze_plagat_A4_web01-508x736.jpg 508w, https:\/\/pmza.sk\/wp-content\/uploads\/2014\/07\/Slavnostne-otvorenie-veze_plagat_A4_web01-600x869.jpg 600w\" sizes=\"(max-width: 188px) 100vw, 188px\" \/><\/a>Zrekon\u0161truovan\u00e1 ve\u017ea Budat\u00ednskeho hradu bude od\u00a013. j\u00fala 2014 op\u00e4\u0165 pr\u00edstupn\u00e1 verejnosti. Sl\u00e1vnostn\u00e9ho otvorenia sa z\u00fa\u010dastn\u00ed predseda \u017dilinsk\u00e9ho samospr\u00e1vneho kraja (\u017dSK) Juraj Blan\u00e1r.<\/p>\n<p>Budat\u00ednsky hrad bol pre verejnos\u0165 uzatvoren\u00fd od janu\u00e1ra 2007. Kompletn\u00e1 rekon\u0161trukcia ve\u017ee, ktor\u00e1 bola z\u00e1kladom hradu u\u017e pri jeho vzniku a\u00a0dodnes vytv\u00e1ra charakteristick\u00fa siluetu, za\u010dala v\u00a0okt\u00f3bri 2012. Oprava bola realizovan\u00e1 v\u010faka podpore projektu \u201eObnova objektov \u2013 stavebn\u00e9 \u00fapravy are\u00e1lu Budat\u00ednskeho z\u00e1mku\u201c z\u00a0eurofondov vo v\u00fd\u0161ke 2\u00a0200\u00a0000 eur, pri\u010dom \u017dilinsk\u00fd samospr\u00e1vny kraj spolufinancoval projekt sumou 117\u00a0000 eur. <i>\u201eObnovou ve\u017ee Budat\u00ednskeho hradu sme nadviazali na\u00a0viacer\u00e9 opravy, ktor\u00e9 sa v\u00a0are\u00e1li hradu v\u00a0uplynul\u00fdch rokoch realizovali. <!--more-->Po in\u0161tal\u00e1cii efekt\u00edvneho a\u00a0\u00fasporn\u00e9ho osvetlenia hradn\u00e9ho komplexu a\u00a0revitaliz\u00e1cii parku je obnova ve\u017ee Budat\u00ednskeho hradu \u010fal\u0161ou z\u00a0aktiv\u00edt na\u00a0z\u00e1chranu tejto historickej a\u00a0kult\u00farnej pamiatky a\u00a0p\u00fdchy krajsk\u00e9ho mesta,\u201c<\/i> uviedol \u017eilinsk\u00fd \u017eupan Juraj Blan\u00e1r.<\/p>\n<p><i>\u201eBudat\u00ednsky hrad je jednou z\u00a0prior\u00edt Pova\u017esk\u00e9ho m\u00fazea, preto sme radi, \u017ee po siedmich rokoch od uzatvorenia hradu m\u00f4\u017eeme jeho zrekon\u0161truovan\u00fa ve\u017eu spr\u00edstupni\u0165 verejnosti u\u017e v\u00a0t\u00fdchto d\u0148och. S\u00fa\u010das\u0165ou rekon\u0161trukcie bolo aj kompletn\u00e9 stre\u0161n\u00e9 prekrytie hradn\u00e9ho komplexu, vybudovali sa pr\u00edstupov\u00e9 chodn\u00edky a pr\u00edslu\u0161n\u00e9 in\u017einierske siete, dobudovali sme aj nov\u00e9 soci\u00e1lne z\u00e1zemie. Samotn\u00e1 ve\u017ea pon\u00faka n\u00e1v\u0161tevn\u00edkom unik\u00e1tny v\u00fdh\u013ead na v\u0161etky svetov\u00e9 strany v\u010faka zdvihnut\u00e9mu krovu strechy. T\u00e1to vyhliadka tu doposia\u013e nebola,\u201c<\/i> povedal riadite\u013e PMZA Ladislav Cimer\u00e1k. <i>\u201eOkrem vyhliadky up\u00fata n\u00e1v\u0161tevn\u00edkov jedine\u010dn\u00e1 v\u00fdstava historick\u00fdch hod\u00edn, pri\u010dom je mo\u017en\u00e9 vidie\u0165 aj p\u00f4vodn\u00fd hodinov\u00fd stroj z\u00a0\u010dias poslednej cs\u00e1kyovskej obnovy hradu. Do ve\u017ee sme nain\u0161talovali aj v\u00fdstavu venovan\u00fa hist\u00f3rii \u017diliny a\u00a0dejin\u00e1m hradu. V\u00a0takzvanej gal\u00e9rii sa nach\u00e1dzaj\u00fa ma\u013eby zo 17. a\u017e 19. storo\u010dia,\u201c<\/i> pribl\u00ed\u017eil historik a\u00a0kur\u00e1tor Michal Jureck\u00fd.<\/p>\n<p>Pova\u017esk\u00e9 m\u00fazeum v\u00a0\u017diline pripravilo po\u010das sl\u00e1vnostn\u00e9ho otvorenia ve\u017ee Budat\u00ednskeho hradu bohat\u00fd program s\u00a0viacer\u00fdmi sprievodn\u00fdmi akciami. Hlavn\u00fd program za\u010dne v\u00a0nede\u013eu 13. j\u00fala 2014 na poludnie v\u00a0are\u00e1li Budat\u00ednskeho hradu a\u00a0potrv\u00e1 do neskor\u00fdch ve\u010dern\u00fdch hod\u00edn.<\/p>\n<p>&nbsp;<\/p>\n<p><a href=\"https:\/\/pmza.sk\/wp-content\/uploads\/2014\/07\/ROP_nove_pokus.jpg\"><img decoding=\"async\" class=\"alignleft size-full wp-image-10180\" alt=\"ROP_nov\u00e9_pokus\" src=\"https:\/\/pmza.sk\/wp-content\/uploads\/2014\/07\/ROP_nove_pokus.jpg\" width=\"123\" height=\"92\" \/><\/a><\/p>\n<p><a href=\"https:\/\/pmza.sk\/wp-content\/uploads\/2014\/07\/ZSK_vertikal_CMYK-page-001.jpg\"><img decoding=\"async\" class=\"alignleft size-full wp-image-10177\" alt=\"\u017dSK_vertikal_CMYK-page-001\" src=\"https:\/\/pmza.sk\/wp-content\/uploads\/2014\/07\/ZSK_vertikal_CMYK-page-001.jpg\" width=\"58\" height=\"81\" srcset=\"https:\/\/pmza.sk\/wp-content\/uploads\/2014\/07\/ZSK_vertikal_CMYK-page-001.jpg 591w, https:\/\/pmza.sk\/wp-content\/uploads\/2014\/07\/ZSK_vertikal_CMYK-page-001-257x360.jpg 257w, https:\/\/pmza.sk\/wp-content\/uploads\/2014\/07\/ZSK_vertikal_CMYK-page-001-526x736.jpg 526w\" sizes=\"(max-width: 58px) 100vw, 58px\" \/><\/a><a href=\"https:\/\/pmza.sk\/wp-content\/uploads\/2014\/07\/kohut_krivka.jpg\"><img loading=\"lazy\" decoding=\"async\" class=\"alignleft size-full wp-image-10178\" alt=\"kohut_krivka\" src=\"https:\/\/pmza.sk\/wp-content\/uploads\/2014\/07\/kohut_krivka.jpg\" width=\"60\" height=\"89\" srcset=\"https:\/\/pmza.sk\/wp-content\/uploads\/2014\/07\/kohut_krivka.jpg 793w, https:\/\/pmza.sk\/wp-content\/uploads\/2014\/07\/kohut_krivka-242x360.jpg 242w, https:\/\/pmza.sk\/wp-content\/uploads\/2014\/07\/kohut_krivka-494x736.jpg 494w, https:\/\/pmza.sk\/wp-content\/uploads\/2014\/07\/kohut_krivka-768x1144.jpg 768w, https:\/\/pmza.sk\/wp-content\/uploads\/2014\/07\/kohut_krivka-600x894.jpg 600w\" sizes=\"(max-width: 60px) 100vw, 60px\" \/><\/a>\u00a0 <a href=\"https:\/\/pmza.sk\/wp-content\/uploads\/2014\/07\/SR-vlajka-page-001.jpg\"><img loading=\"lazy\" decoding=\"async\" class=\"alignleft size-full wp-image-10175\" alt=\"SR vlajka-page-001\" src=\"https:\/\/pmza.sk\/wp-content\/uploads\/2014\/07\/SR-vlajka-page-001.jpg\" width=\"125\" height=\"82\" srcset=\"https:\/\/pmza.sk\/wp-content\/uploads\/2014\/07\/SR-vlajka-page-001.jpg 1772w, https:\/\/pmza.sk\/wp-content\/uploads\/2014\/07\/SR-vlajka-page-001-540x360.jpg 540w, https:\/\/pmza.sk\/wp-content\/uploads\/2014\/07\/SR-vlajka-page-001-1104x736.jpg 1104w, https:\/\/pmza.sk\/wp-content\/uploads\/2014\/07\/SR-vlajka-page-001-768x512.jpg 768w, https:\/\/pmza.sk\/wp-content\/uploads\/2014\/07\/SR-vlajka-page-001-1536x1024.jpg 1536w, https:\/\/pmza.sk\/wp-content\/uploads\/2014\/07\/SR-vlajka-page-001-600x400.jpg 600w\" sizes=\"(max-width: 125px) 100vw, 125px\" \/><\/a>\u00a0 <a href=\"https:\/\/pmza.sk\/wp-content\/uploads\/2014\/07\/EU-logo2-page-001.jpg\"><img loading=\"lazy\" decoding=\"async\" class=\"alignleft size-full wp-image-10173\" alt=\"EU logo2-page-001\" src=\"https:\/\/pmza.sk\/wp-content\/uploads\/2014\/07\/EU-logo2-page-001.jpg\" width=\"133\" height=\"107\" srcset=\"https:\/\/pmza.sk\/wp-content\/uploads\/2014\/07\/EU-logo2-page-001.jpg 1181w, https:\/\/pmza.sk\/wp-content\/uploads\/2014\/07\/EU-logo2-page-001-450x360.jpg 450w, https:\/\/pmza.sk\/wp-content\/uploads\/2014\/07\/EU-logo2-page-001-920x736.jpg 920w, https:\/\/pmza.sk\/wp-content\/uploads\/2014\/07\/EU-logo2-page-001-768x615.jpg 768w, https:\/\/pmza.sk\/wp-content\/uploads\/2014\/07\/EU-logo2-page-001-600x480.jpg 600w\" sizes=\"(max-width: 133px) 100vw, 133px\" \/><\/a><\/p>\n<p>&nbsp;<\/p>\n<p>&nbsp;<\/p>\n<p>&nbsp;<\/p>\n<p><!--[if gte mso 9]><xml>\n <w:worddocument>\n  <w:view>Normal<\/w:view>\n  <w:zoom>0<\/w:zoom>\n  <w:hyphenationzone>21<\/w:hyphenationzone>\n  <w:punctuationkerning><\/w:punctuationkerning>\n  <w:validateagainstschemas><\/w:validateagainstschemas>\n  <w:saveifxmlinvalid>false<\/w:saveifxmlinvalid>\n  <w:ignoremixedcontent>false<\/w:ignoremixedcontent>\n  <w:alwaysshowplaceholdertext>false<\/w:alwaysshowplaceholdertext>\n  <w:compatibility>\n   <w:breakwrappedtables><\/w:breakwrappedtables>\n   <w:snaptogridincell><\/w:snaptogridincell>\n   <w:wraptextwithpunct><\/w:wraptextwithpunct>\n   <w:useasianbreakrules><\/w:useasianbreakrules>\n   <w:dontgrowautofit><\/w:dontgrowautofit>\n  <\/w:compatibility>\n  <w:browserlevel>MicrosoftInternetExplorer4<\/w:browserlevel>\n <\/w:worddocument>\n<\/xml>< ![endif]--><\/p>\n<p><!--[if gte mso 9]><xml>\n <w:latentstyles DefLockedState=\"false\" LatentStyleCount=\"156\">\n <\/w:latentstyles>\n<\/xml>< ![endif]--><!--[if gte mso 10]>\n\n\n<style>\n \/* Style Definitions *\/\n table.MsoNormalTable\n\t{mso-style-name:\"Norm\u00e1lna tabu\u013eka\";\n\tmso-tstyle-rowband-size:0;\n\tmso-tstyle-colband-size:0;\n\tmso-style-noshow:yes;\n\tmso-style-parent:\"\";\n\tmso-padding-alt:0cm 5.4pt 0cm 5.4pt;\n\tmso-para-margin:0cm;\n\tmso-para-margin-bottom:.0001pt;\n\tmso-pagination:widow-orphan;\n\tfont-size:10.0pt;\n\tfont-family:\"Times New Roman\";\n\tmso-ansi-language:#0400;\n\tmso-fareast-language:#0400;\n\tmso-bidi-language:#0400;}\n<\/style>\n\n\n< ![endif]--><\/p>\n<p class=\"MsoNormal\" style=\"text-align: justify;\">K\u00f3d projektu ITMS 22130120017 &#8211; \u201eInvest\u00edcia do va\u0161ej bud\u00facnosti\u201c<\/p>\n<p>&nbsp;<\/p>\n<p><strong>Partneri podujatia:<\/strong><\/p>\n<p><a href=\"https:\/\/pmza.sk\/wp-content\/uploads\/2014\/02\/Palace-hotel-Polom-logo_1.png\"><img loading=\"lazy\" decoding=\"async\" class=\"alignleft size-full wp-image-9165\" alt=\"Palace hotel Polom logo_1\" src=\"https:\/\/pmza.sk\/wp-content\/uploads\/2014\/02\/Palace-hotel-Polom-logo_1.png\" width=\"186\" height=\"106\" \/><\/a> <a href=\"https:\/\/pmza.sk\/wp-content\/uploads\/2014\/03\/MDS-Povazska-Bystrica_logo_velke.jpg\"><img loading=\"lazy\" decoding=\"async\" class=\"alignleft size-full wp-image-9275\" alt=\"MDS Pova\u017esk\u00e1 Bystrica_logo_velke\" src=\"https:\/\/pmza.sk\/wp-content\/uploads\/2014\/03\/MDS-Povazska-Bystrica_logo_velke.jpg\" width=\"122\" height=\"91\" srcset=\"https:\/\/pmza.sk\/wp-content\/uploads\/2014\/03\/MDS-Povazska-Bystrica_logo_velke.jpg 1227w, https:\/\/pmza.sk\/wp-content\/uploads\/2014\/03\/MDS-Povazska-Bystrica_logo_velke-482x360.jpg 482w, https:\/\/pmza.sk\/wp-content\/uploads\/2014\/03\/MDS-Povazska-Bystrica_logo_velke-985x736.jpg 985w, https:\/\/pmza.sk\/wp-content\/uploads\/2014\/03\/MDS-Povazska-Bystrica_logo_velke-768x574.jpg 768w, https:\/\/pmza.sk\/wp-content\/uploads\/2014\/03\/MDS-Povazska-Bystrica_logo_velke-600x448.jpg 600w\" sizes=\"(max-width: 122px) 100vw, 122px\" \/><\/a> <a href=\"https:\/\/pmza.sk\/wp-content\/uploads\/2014\/03\/11_stanica-nove-logo2.jpg\"><img loading=\"lazy\" decoding=\"async\" class=\"alignleft size-full wp-image-9266\" alt=\"11_stanica-nove-logo2\" src=\"https:\/\/pmza.sk\/wp-content\/uploads\/2014\/03\/11_stanica-nove-logo2.jpg\" width=\"190\" height=\"82\" \/><\/a><\/p>\n<p>&nbsp;<\/p>\n<p>&nbsp;<\/p>\n<p>&nbsp;<\/p>\n<p><a href=\"https:\/\/pmza.sk\/wp-content\/uploads\/2014\/03\/artforum1.jpg\">\u00a0<\/a><\/p>\n<p><a href=\"https:\/\/pmza.sk\/wp-content\/uploads\/2014\/03\/artforum1.jpg\"><img loading=\"lazy\" decoding=\"async\" class=\"alignleft size-full wp-image-9250\" alt=\"artforum(1)\" src=\"https:\/\/pmza.sk\/wp-content\/uploads\/2014\/03\/artforum1.jpg\" width=\"237\" height=\"40\" srcset=\"https:\/\/pmza.sk\/wp-content\/uploads\/2014\/03\/artforum1.jpg 1050w, https:\/\/pmza.sk\/wp-content\/uploads\/2014\/03\/artforum1-570x97.jpg 570w, https:\/\/pmza.sk\/wp-content\/uploads\/2014\/03\/artforum1-768x130.jpg 768w, https:\/\/pmza.sk\/wp-content\/uploads\/2014\/03\/artforum1-600x102.jpg 600w\" sizes=\"(max-width: 237px) 100vw, 237px\" \/><\/a><a href=\"https:\/\/pmza.sk\/wp-content\/uploads\/2014\/07\/logo_mesto.jpg\"><img loading=\"lazy\" decoding=\"async\" class=\"alignleft size-full wp-image-10187\" alt=\"logo_mesto\" src=\"https:\/\/pmza.sk\/wp-content\/uploads\/2014\/07\/logo_mesto.jpg\" width=\"150\" height=\"62\" \/><\/a><\/p>\n<p>&nbsp;<\/p>\n<p>&nbsp;<\/p>\n<p>&nbsp;<\/p>\n<p><strong>Medi\u00e1lni partneri podujatia:<\/strong><\/p>\n<p><a href=\"https:\/\/pmza.sk\/wp-content\/uploads\/2014\/02\/bigmedia.jpg\"><img loading=\"lazy\" decoding=\"async\" class=\"alignleft size-full wp-image-9422\" alt=\"bigmedia\" src=\"https:\/\/pmza.sk\/wp-content\/uploads\/2014\/02\/bigmedia.jpg\" width=\"239\" height=\"54\" srcset=\"https:\/\/pmza.sk\/wp-content\/uploads\/2014\/02\/bigmedia.jpg 1024w, https:\/\/pmza.sk\/wp-content\/uploads\/2014\/02\/bigmedia-570x129.jpg 570w, https:\/\/pmza.sk\/wp-content\/uploads\/2014\/02\/bigmedia-768x174.jpg 768w, https:\/\/pmza.sk\/wp-content\/uploads\/2014\/02\/bigmedia-600x136.jpg 600w\" sizes=\"(max-width: 239px) 100vw, 239px\" \/><\/a> <a href=\"https:\/\/pmza.sk\/wp-content\/uploads\/2014\/03\/TV_FENIX.jpg\"><img loading=\"lazy\" decoding=\"async\" class=\"alignleft size-full wp-image-9288\" alt=\"TV_FENIX\" src=\"https:\/\/pmza.sk\/wp-content\/uploads\/2014\/03\/TV_FENIX.jpg\" width=\"145\" height=\"45\" \/><\/a> <a href=\"https:\/\/pmza.sk\/wp-content\/uploads\/2014\/03\/LOGO-SEVER_biele_dsc_logo.jpg\"><img loading=\"lazy\" decoding=\"async\" class=\"alignleft size-full wp-image-9253\" alt=\"LOGO SEVER_biele_dsc_logo\" src=\"https:\/\/pmza.sk\/wp-content\/uploads\/2014\/03\/LOGO-SEVER_biele_dsc_logo.jpg\" width=\"145\" height=\"93\" srcset=\"https:\/\/pmza.sk\/wp-content\/uploads\/2014\/03\/LOGO-SEVER_biele_dsc_logo.jpg 509w, https:\/\/pmza.sk\/wp-content\/uploads\/2014\/03\/LOGO-SEVER_biele_dsc_logo-475x300.jpg 475w\" sizes=\"(max-width: 145px) 100vw, 145px\" \/><\/a>\u00a0 <a href=\"https:\/\/pmza.sk\/wp-content\/uploads\/2014\/02\/zilina-sme-sk_logo.jpg\"><img loading=\"lazy\" decoding=\"async\" class=\"alignleft size-full wp-image-9100\" alt=\"zilina sme sk_logo\" src=\"https:\/\/pmza.sk\/wp-content\/uploads\/2014\/02\/zilina-sme-sk_logo.jpg\" width=\"214\" height=\"132\" \/><\/a> <a href=\"https:\/\/pmza.sk\/wp-content\/uploads\/2014\/02\/MY-ZN_logo.jpg\"><img loading=\"lazy\" decoding=\"async\" class=\"alignleft size-full wp-image-9099\" alt=\"MY \u017dN_logo\" src=\"https:\/\/pmza.sk\/wp-content\/uploads\/2014\/02\/MY-ZN_logo.jpg\" width=\"170\" height=\"134\" \/><\/a> <a href=\"https:\/\/pmza.sk\/wp-content\/uploads\/2014\/02\/logozilinadnes.png\"><img loading=\"lazy\" decoding=\"async\" class=\"alignleft size-full wp-image-9098\" alt=\"logozilinadnes\" src=\"https:\/\/pmza.sk\/wp-content\/uploads\/2014\/02\/logozilinadnes.png\" width=\"228\" height=\"95\" \/><\/a><\/p>\n<p>&nbsp;<\/p>\n<p>&nbsp;<\/p>\n<p>&nbsp;<\/p>\n<p><a href=\"https:\/\/pmza.sk\/wp-content\/uploads\/2014\/02\/severka-scaled-1.jpg\"><img loading=\"lazy\" decoding=\"async\" class=\"alignleft size-full wp-image-9159\" alt=\"severka\" src=\"https:\/\/pmza.sk\/wp-content\/uploads\/2014\/02\/severka-scaled-1.jpg\" width=\"178\" height=\"52\" srcset=\"https:\/\/pmza.sk\/wp-content\/uploads\/2014\/02\/severka-scaled-1.jpg 2560w, https:\/\/pmza.sk\/wp-content\/uploads\/2014\/02\/severka-scaled-1-570x167.jpg 570w, https:\/\/pmza.sk\/wp-content\/uploads\/2014\/02\/severka-scaled-1-1170x344.jpg 1170w, https:\/\/pmza.sk\/wp-content\/uploads\/2014\/02\/severka-scaled-1-768x226.jpg 768w, https:\/\/pmza.sk\/wp-content\/uploads\/2014\/02\/severka-scaled-1-1536x451.jpg 1536w, https:\/\/pmza.sk\/wp-content\/uploads\/2014\/02\/severka-scaled-1-2048x602.jpg 2048w, https:\/\/pmza.sk\/wp-content\/uploads\/2014\/02\/severka-scaled-1-600x176.jpg 600w\" sizes=\"(max-width: 178px) 100vw, 178px\" \/><\/a><\/p>\n<p>&nbsp;<\/p>\n<p>&nbsp;<\/p>\n<p>&nbsp;<\/p>\n<p>&nbsp;<\/p>\n<p>&nbsp;<\/p>\n<p>&nbsp;<\/p>\n<p><span style=\"font-size: medium;\"><strong>PROGRAM:<\/strong><\/span><\/p>\n<p>12:00 hod &#8211; 21:30 hod (ve\u017ea pre verejnos\u0165 otvoren\u00e1 cca 14:30 \u2013 19:00)<\/p>\n<p><i>\u00a0(Vstupn\u00e9 na sl\u00e1vnostn\u00e9 otvorenie a\u00a0podujatie: zadarmo) <\/i><\/p>\n<p>Program sa bude odohr\u00e1va\u0165 na hlavnom p\u00f3diu,\u00a0sl\u00e1vnostn\u00e9 otvorenie s\u00a0prisl\u00fachaj\u00facim programom na ju\u017enej terase.<\/p>\n<p>Predaj suven\u00edrov v\u00a0administrat\u00edvnej budove PMZA 12:00 \u2013 18:00 hod<\/p>\n<p><b><span style=\"text-decoration: underline;\">\u00a0<\/span><\/b><\/p>\n<p><b><span style=\"text-decoration: underline;\">Ju\u017en\u00e1 terasa:<\/span><\/b><\/p>\n<p>12:00\u00a0\u00a0\u00a0\u00a0\u00a0\u00a0\u00a0\u00a0\u00a0\u00a0\u00a0 Acustica deLuxe<\/p>\n<p>12:30\u00a0 \u00a0\u00a0\u00a0\u00a0\u00a0\u00a0\u00a0\u00a0\u00a0 Cech Terra de Selinan &#8211; uk\u00e1\u017eka \u0161ermiarskeho umenia<\/p>\n<p>12:45\u00a0\u00a0\u00a0\u00a0\u00a0\u00a0\u00a0\u00a0\u00a0\u00a0\u00a0 Flatus Vocis &#8211; renesan\u010dn\u00fd s\u00fabor Stre\u010dno<\/p>\n<p>13:00\u00a0 \u00a0\u00a0\u00a0\u00a0\u00a0\u00a0\u00a0\u00a0\u00a0 Sl\u00e1vnostn\u00e9 otvorenie<\/p>\n<p>13:20 \u00a0\u00a0\u00a0\u00a0\u00a0\u00a0\u00a0\u00a0\u00a0\u00a0 Zamurovan\u00e1 Katar\u00edna (Divadlo na hojda\u010dke, divadeln\u00e1 inscen\u00e1cia spojen\u00e1 s\u00a0osloboden\u00edm zamurovanej Katar\u00edny z\u00a0ve\u017ee Budat\u00ednskeho hradu)<\/p>\n<p>13:40\u00a0\u00a0\u00a0\u00a0\u00a0\u00a0\u00a0\u00a0\u00a0\u00a0\u00a0 Flatus Vocis &#8211; renesan\u010dn\u00fd s\u00fabor Stre\u010dno<\/p>\n<p>14:00\u00a0\u00a0\u00a0\u00a0\u00a0\u00a0\u00a0\u00a0\u00a0 \u00a0 Cech Terra de Selinan &#8211; uk\u00e1\u017eka \u0161ermiarskeho umenia<\/p>\n<p><strong>ve\u017ea pre verejnos\u0165 otvoren\u00e1 cca 14:30 \u2013 19:00 hod.<\/strong><\/p>\n<p>&nbsp;<\/p>\n<p><b><span style=\"text-decoration: underline;\">Hlavn\u00e9 p\u00f3dium: <br \/><\/span><\/b><\/p>\n<p><strong>15:00 \u00a0 \u00a0\u00a0\u00a0\u00a0\u00a0\u00a0\u00a0\u00a0\u00a0 \u017dab\u00ed princ &#8211; Divadlo na hojda\u010dke<\/strong><\/p>\n<p>16:00\u00a0\u00a0\u00a0\u00a0\u00a0\u00a0\u00a0\u00a0\u00a0\u00a0\u00a0\u00a0 FS Rov\u0148an<\/p>\n<p>\u00a0\u00a0\u00a0\u00a0\u00a0\u00a0\u00a0\u00a0\u00a0\u00a0\u00a0\u00a0\u00a0\u00a0\u00a0\u00a0\u00a0\u00a0\u00a0\u00a0\u00a0 Ferova dru\u017eina<\/p>\n<p><strong>17:00 \u00a0 \u00a0\u00a0\u00a0\u00a0\u00a0\u00a0\u00a0\u00a0\u00a0 Nebesk\u00e1 muzika<\/strong><\/p>\n<p>18:00\u00a0\u00a0\u00a0\u00a0\u00a0\u00a0\u00a0\u00a0\u00a0\u00a0\u00a0\u00a0 \u0160leha<\/p>\n<p>19:00\u00a0\u00a0\u00a0\u00a0\u00a0\u00a0\u00a0\u00a0\u00a0\u00a0\u00a0\u00a0 Wadda<\/p>\n<p><strong>20:00\u00a0\u00a0\u00a0\u00a0\u00a0\u00a0\u00a0<\/strong>\u00a0\u00a0\u00a0\u00a0<strong>\u00a0 AYA\u00a0 unplugged<\/strong><\/p>\n<p>&nbsp;<\/p>\n<p><b><span style=\"text-decoration: underline;\">Program vo ve\u017ei:<\/span><\/b><\/p>\n<p>Hus\u013eov\u00fd virtu\u00f3z &#8211; J\u00falia Mus\u00e1kov\u00e1<\/p>\n<p><b>Are\u00e1l Budat\u00ednskeho hradu:<\/b><\/p>\n<p>&#8211;\u00a0\u00a0\u00a0\u00a0\u00a0\u00a0\u00a0\u00a0\u00a0 dobov\u00fd historick\u00fd koloto\u010d<\/p>\n<p>&#8211;\u00a0\u00a0\u00a0\u00a0\u00a0\u00a0\u00a0\u00a0\u00a0 remeseln\u00e1 v\u00fdroba<\/p>\n<p>&#8211;\u00a0\u00a0\u00a0\u00a0\u00a0\u00a0\u00a0\u00a0\u00a0 vesel\u00e9 bal\u00f3niky (tematika Katar\u00edny)<\/p>\n<p>&#8211;\u00a0\u00a0\u00a0\u00a0\u00a0\u00a0\u00a0\u00a0\u00a0 dobov\u00e9 vlasov\u00e9 \u00fa\u010desy<\/p>\n<p>&#8211;\u00a0\u00a0\u00a0\u00a0\u00a0\u00a0\u00a0\u00a0\u00a0 stredovek\u00e1 kuchy\u0148a (Cech Terra de Selinan)<\/p>\n<p>&#8211;\u00a0\u00a0\u00a0\u00a0\u00a0\u00a0\u00a0\u00a0\u00a0 ma\u013eovanie na tv\u00e1r<\/p>\n<p>&#8211;\u00a0\u00a0\u00a0\u00a0\u00a0\u00a0\u00a0\u00a0\u00a0 nafukovac\u00ed hrad (len v\u00a0pr\u00edpade priazniv\u00e9ho po\u010dasia)<\/p>\n<p>ZMENA PROGRAMU VYHRADEN\u00c1<\/p>\n","protected":false},"excerpt":{"rendered":"<p>Zrekon\u0161truovan\u00e1 ve\u017ea Budat\u00ednskeho hradu bude od\u00a013. j\u00fala 2014 op\u00e4\u0165 pr\u00edstupn\u00e1 verejnosti. Sl\u00e1vnostn\u00e9ho otvorenia sa z\u00fa\u010dastn\u00ed predseda \u017dilinsk\u00e9ho samospr\u00e1vneho kraja (\u017dSK) Juraj Blan\u00e1r. Budat\u00ednsky hrad bol pre verejnos\u0165 uzatvoren\u00fd od janu\u00e1ra 2007. Kompletn\u00e1 rekon\u0161trukcia ve\u017ee, ktor\u00e1 bola z\u00e1kladom hradu u\u017e pri jeho vzniku a\u00a0dodnes vytv\u00e1ra charakteristick\u00fa siluetu, za\u010dala v\u00a0okt\u00f3bri 2012. Oprava bola realizovan\u00e1 v\u010faka podpore projektu [&hellip;]<\/p>\n","protected":false},"author":2,"featured_media":0,"comment_status":"closed","ping_status":"closed","sticky":false,"template":"","format":"standard","meta":{"site-sidebar-layout":"default","site-content-layout":"","ast-site-content-layout":"","site-content-style":"default","site-sidebar-style":"default","ast-global-header-display":"","ast-banner-title-visibility":"","ast-main-header-display":"","ast-hfb-above-header-display":"","ast-hfb-below-header-display":"","ast-hfb-mobile-header-display":"","site-post-title":"","ast-breadcrumbs-content":"","ast-featured-img":"","footer-sml-layout":"","theme-transparent-header-meta":"","adv-header-id-meta":"","stick-header-meta":"","header-above-stick-meta":"","header-main-stick-meta":"","header-below-stick-meta":"","astra-migrate-meta-layouts":"default","ast-page-background-enabled":"default","ast-page-background-meta":{"desktop":{"background-color":"var(--ast-global-color-4)","background-image":"","background-repeat":"repeat","background-position":"center center","background-size":"auto","background-attachment":"scroll","background-type":"","background-media":"","overlay-type":"","overlay-color":"","overlay-opacity":"","overlay-gradient":""},"tablet":{"background-color":"","background-image":"","background-repeat":"repeat","background-position":"center center","background-size":"auto","background-attachment":"scroll","background-type":"","background-media":"","overlay-type":"","overlay-color":"","overlay-opacity":"","overlay-gradient":""},"mobile":{"background-color":"","background-image":"","background-repeat":"repeat","background-position":"center center","background-size":"auto","background-attachment":"scroll","background-type":"","background-media":"","overlay-type":"","overlay-color":"","overlay-opacity":"","overlay-gradient":""}},"ast-content-background-meta":{"desktop":{"background-color":"var(--ast-global-color-5)","background-image":"","background-repeat":"repeat","background-position":"center center","background-size":"auto","background-attachment":"scroll","background-type":"","background-media":"","overlay-type":"","overlay-color":"","overlay-opacity":"","overlay-gradient":""},"tablet":{"background-color":"var(--ast-global-color-5)","background-image":"","background-repeat":"repeat","background-position":"center center","background-size":"auto","background-attachment":"scroll","background-type":"","background-media":"","overlay-type":"","overlay-color":"","overlay-opacity":"","overlay-gradient":""},"mobile":{"background-color":"var(--ast-global-color-5)","background-image":"","background-repeat":"repeat","background-position":"center center","background-size":"auto","background-attachment":"scroll","background-type":"","background-media":"","overlay-type":"","overlay-color":"","overlay-opacity":"","overlay-gradient":""}},"footnotes":""},"categories":[36],"tags":[],"class_list":["post-10171","post","type-post","status-publish","format-standard","hentry","category-archiv-2014"],"yoast_head":"<!-- This site is optimized with the Yoast SEO plugin v27.4 - https:\/\/yoast.com\/product\/yoast-seo-wordpress\/ -->\n<title>Ve\u017ea po rekon\u0161trukcii znovu otvoren\u00e1 - PROGRAM - Pova\u017esk\u00e9 m\u00fazeum<\/title>\n<meta name=\"robots\" content=\"index, follow, max-snippet:-1, max-image-preview:large, max-video-preview:-1\" \/>\n<link rel=\"canonical\" href=\"https:\/\/pmza.sk\/?p=10171\" \/>\n<meta property=\"og:locale\" content=\"sk_SK\" \/>\n<meta property=\"og:type\" content=\"article\" \/>\n<meta property=\"og:title\" content=\"Ve\u017ea po rekon\u0161trukcii znovu otvoren\u00e1 - PROGRAM - Pova\u017esk\u00e9 m\u00fazeum\" \/>\n<meta property=\"og:description\" content=\"Zrekon\u0161truovan\u00e1 ve\u017ea Budat\u00ednskeho hradu bude od\u00a013. j\u00fala 2014 op\u00e4\u0165 pr\u00edstupn\u00e1 verejnosti. Sl\u00e1vnostn\u00e9ho otvorenia sa z\u00fa\u010dastn\u00ed predseda \u017dilinsk\u00e9ho samospr\u00e1vneho kraja (\u017dSK) Juraj Blan\u00e1r. Budat\u00ednsky hrad bol pre verejnos\u0165 uzatvoren\u00fd od janu\u00e1ra 2007. Kompletn\u00e1 rekon\u0161trukcia ve\u017ee, ktor\u00e1 bola z\u00e1kladom hradu u\u017e pri jeho vzniku a\u00a0dodnes vytv\u00e1ra charakteristick\u00fa siluetu, za\u010dala v\u00a0okt\u00f3bri 2012. Oprava bola realizovan\u00e1 v\u010faka podpore projektu [&hellip;]\" \/>\n<meta property=\"og:url\" content=\"https:\/\/pmza.sk\/?p=10171\" \/>\n<meta property=\"og:site_name\" content=\"Pova\u017esk\u00e9 m\u00fazeum\" \/>\n<meta property=\"article:publisher\" content=\"https:\/\/www.facebook.com\/povazskemuzeum\" \/>\n<meta property=\"article:published_time\" content=\"2014-07-03T15:55:49+00:00\" \/>\n<meta property=\"og:image\" content=\"https:\/\/pmza.sk\/wp-content\/uploads\/2014\/07\/Slavnostne-otvorenie-veze_plagat_A4_web01.jpg\" \/>\n<meta name=\"author\" content=\"Pova\u017esk\u00e9 m\u00fazeum\" \/>\n<meta name=\"twitter:card\" content=\"summary_large_image\" \/>\n<meta name=\"twitter:label1\" content=\"Autor\" \/>\n\t<meta name=\"twitter:data1\" content=\"Pova\u017esk\u00e9 m\u00fazeum\" \/>\n\t<meta name=\"twitter:label2\" content=\"Predpokladan\u00fd \u010das \u010d\u00edtania\" \/>\n\t<meta name=\"twitter:data2\" content=\"3 min\u00faty\" \/>\n<script type=\"application\/ld+json\" class=\"yoast-schema-graph\">{\"@context\":\"https:\\\/\\\/schema.org\",\"@graph\":[{\"@type\":\"Article\",\"@id\":\"https:\\\/\\\/pmza.sk\\\/?p=10171#article\",\"isPartOf\":{\"@id\":\"https:\\\/\\\/pmza.sk\\\/?p=10171\"},\"author\":{\"name\":\"Pova\u017esk\u00e9 m\u00fazeum\",\"@id\":\"https:\\\/\\\/pmza.sk\\\/#\\\/schema\\\/person\\\/595e6a2ce731ea94dcd5d7f50a41ae33\"},\"headline\":\"Ve\u017ea po rekon\u0161trukcii znovu otvoren\u00e1 &#8211; PROGRAM\",\"datePublished\":\"2014-07-03T15:55:49+00:00\",\"mainEntityOfPage\":{\"@id\":\"https:\\\/\\\/pmza.sk\\\/?p=10171\"},\"wordCount\":666,\"publisher\":{\"@id\":\"https:\\\/\\\/pmza.sk\\\/#organization\"},\"image\":{\"@id\":\"https:\\\/\\\/pmza.sk\\\/?p=10171#primaryimage\"},\"thumbnailUrl\":\"http:\\\/\\\/pmza.sk\\\/wp-content\\\/uploads\\\/2014\\\/07\\\/Slavnostne-otvorenie-veze_plagat_A4_web01.jpg\",\"articleSection\":[\"Arch\u00edv 2014\"],\"inLanguage\":\"sk-SK\"},{\"@type\":\"WebPage\",\"@id\":\"https:\\\/\\\/pmza.sk\\\/?p=10171\",\"url\":\"https:\\\/\\\/pmza.sk\\\/?p=10171\",\"name\":\"Ve\u017ea po rekon\u0161trukcii znovu otvoren\u00e1 - PROGRAM - Pova\u017esk\u00e9 m\u00fazeum\",\"isPartOf\":{\"@id\":\"https:\\\/\\\/pmza.sk\\\/#website\"},\"primaryImageOfPage\":{\"@id\":\"https:\\\/\\\/pmza.sk\\\/?p=10171#primaryimage\"},\"image\":{\"@id\":\"https:\\\/\\\/pmza.sk\\\/?p=10171#primaryimage\"},\"thumbnailUrl\":\"http:\\\/\\\/pmza.sk\\\/wp-content\\\/uploads\\\/2014\\\/07\\\/Slavnostne-otvorenie-veze_plagat_A4_web01.jpg\",\"datePublished\":\"2014-07-03T15:55:49+00:00\",\"breadcrumb\":{\"@id\":\"https:\\\/\\\/pmza.sk\\\/?p=10171#breadcrumb\"},\"inLanguage\":\"sk-SK\",\"potentialAction\":[{\"@type\":\"ReadAction\",\"target\":[\"https:\\\/\\\/pmza.sk\\\/?p=10171\"]}]},{\"@type\":\"ImageObject\",\"inLanguage\":\"sk-SK\",\"@id\":\"https:\\\/\\\/pmza.sk\\\/?p=10171#primaryimage\",\"url\":\"https:\\\/\\\/pmza.sk\\\/wp-content\\\/uploads\\\/2014\\\/07\\\/Slavnostne-otvorenie-veze_plagat_A4_web01.jpg\",\"contentUrl\":\"https:\\\/\\\/pmza.sk\\\/wp-content\\\/uploads\\\/2014\\\/07\\\/Slavnostne-otvorenie-veze_plagat_A4_web01.jpg\",\"width\":707,\"height\":1024},{\"@type\":\"BreadcrumbList\",\"@id\":\"https:\\\/\\\/pmza.sk\\\/?p=10171#breadcrumb\",\"itemListElement\":[{\"@type\":\"ListItem\",\"position\":1,\"name\":\"Domovsk\u00e1 str\u00e1nka\",\"item\":\"https:\\\/\\\/pmza.sk\\\/\"},{\"@type\":\"ListItem\",\"position\":2,\"name\":\"Ve\u017ea po rekon\u0161trukcii znovu otvoren\u00e1 &#8211; PROGRAM\"}]},{\"@type\":\"WebSite\",\"@id\":\"https:\\\/\\\/pmza.sk\\\/#website\",\"url\":\"https:\\\/\\\/pmza.sk\\\/\",\"name\":\"Pova\u017esk\u00e9 m\u00fazeum\",\"description\":\"Pova\u017esk\u00e9 m\u00fazeum v \u017diline je region\u00e1lne m\u00fazeum so s\u00eddlom v Budat\u00edne. Jeho expoz\u00edcie s\u00fa zameran\u00e9 na dejiny slovensk\u00e9ho umenia, kult\u00fary a dopravy.\",\"publisher\":{\"@id\":\"https:\\\/\\\/pmza.sk\\\/#organization\"},\"potentialAction\":[{\"@type\":\"SearchAction\",\"target\":{\"@type\":\"EntryPoint\",\"urlTemplate\":\"https:\\\/\\\/pmza.sk\\\/?s={search_term_string}\"},\"query-input\":{\"@type\":\"PropertyValueSpecification\",\"valueRequired\":true,\"valueName\":\"search_term_string\"}}],\"inLanguage\":\"sk-SK\"},{\"@type\":\"Organization\",\"@id\":\"https:\\\/\\\/pmza.sk\\\/#organization\",\"name\":\"Pova\u017esk\u00e9 m\u00fazeum\",\"url\":\"https:\\\/\\\/pmza.sk\\\/\",\"logo\":{\"@type\":\"ImageObject\",\"inLanguage\":\"sk-SK\",\"@id\":\"https:\\\/\\\/pmza.sk\\\/#\\\/schema\\\/logo\\\/image\\\/\",\"url\":\"https:\\\/\\\/pmza.sk\\\/wp-content\\\/uploads\\\/2022\\\/01\\\/logo_PM_horizontal.jpg\",\"contentUrl\":\"https:\\\/\\\/pmza.sk\\\/wp-content\\\/uploads\\\/2022\\\/01\\\/logo_PM_horizontal.jpg\",\"width\":231,\"height\":142,\"caption\":\"Pova\u017esk\u00e9 m\u00fazeum\"},\"image\":{\"@id\":\"https:\\\/\\\/pmza.sk\\\/#\\\/schema\\\/logo\\\/image\\\/\"},\"sameAs\":[\"https:\\\/\\\/www.facebook.com\\\/povazskemuzeum\",\"https:\\\/\\\/www.instagram.com\\\/povazskemuzeum\\\/\"]},{\"@type\":\"Person\",\"@id\":\"https:\\\/\\\/pmza.sk\\\/#\\\/schema\\\/person\\\/595e6a2ce731ea94dcd5d7f50a41ae33\",\"name\":\"Pova\u017esk\u00e9 m\u00fazeum\",\"image\":{\"@type\":\"ImageObject\",\"inLanguage\":\"sk-SK\",\"@id\":\"https:\\\/\\\/secure.gravatar.com\\\/avatar\\\/2bb7f1561282132fb5826dfeccc66c7996d11ee392ac6aaf7ced8a1c2027fbb2?s=96&d=mm&r=g\",\"url\":\"https:\\\/\\\/secure.gravatar.com\\\/avatar\\\/2bb7f1561282132fb5826dfeccc66c7996d11ee392ac6aaf7ced8a1c2027fbb2?s=96&d=mm&r=g\",\"contentUrl\":\"https:\\\/\\\/secure.gravatar.com\\\/avatar\\\/2bb7f1561282132fb5826dfeccc66c7996d11ee392ac6aaf7ced8a1c2027fbb2?s=96&d=mm&r=g\",\"caption\":\"Pova\u017esk\u00e9 m\u00fazeum\"}}]}<\/script>\n<!-- \/ Yoast SEO plugin. -->","yoast_head_json":{"title":"Ve\u017ea po rekon\u0161trukcii znovu otvoren\u00e1 - PROGRAM - Pova\u017esk\u00e9 m\u00fazeum","robots":{"index":"index","follow":"follow","max-snippet":"max-snippet:-1","max-image-preview":"max-image-preview:large","max-video-preview":"max-video-preview:-1"},"canonical":"https:\/\/pmza.sk\/?p=10171","og_locale":"sk_SK","og_type":"article","og_title":"Ve\u017ea po rekon\u0161trukcii znovu otvoren\u00e1 - PROGRAM - Pova\u017esk\u00e9 m\u00fazeum","og_description":"Zrekon\u0161truovan\u00e1 ve\u017ea Budat\u00ednskeho hradu bude od\u00a013. j\u00fala 2014 op\u00e4\u0165 pr\u00edstupn\u00e1 verejnosti. Sl\u00e1vnostn\u00e9ho otvorenia sa z\u00fa\u010dastn\u00ed predseda \u017dilinsk\u00e9ho samospr\u00e1vneho kraja (\u017dSK) Juraj Blan\u00e1r. Budat\u00ednsky hrad bol pre verejnos\u0165 uzatvoren\u00fd od janu\u00e1ra 2007. Kompletn\u00e1 rekon\u0161trukcia ve\u017ee, ktor\u00e1 bola z\u00e1kladom hradu u\u017e pri jeho vzniku a\u00a0dodnes vytv\u00e1ra charakteristick\u00fa siluetu, za\u010dala v\u00a0okt\u00f3bri 2012. Oprava bola realizovan\u00e1 v\u010faka podpore projektu [&hellip;]","og_url":"https:\/\/pmza.sk\/?p=10171","og_site_name":"Pova\u017esk\u00e9 m\u00fazeum","article_publisher":"https:\/\/www.facebook.com\/povazskemuzeum","article_published_time":"2014-07-03T15:55:49+00:00","og_image":[{"url":"https:\/\/pmza.sk\/wp-content\/uploads\/2014\/07\/Slavnostne-otvorenie-veze_plagat_A4_web01.jpg","type":"","width":"","height":""}],"author":"Pova\u017esk\u00e9 m\u00fazeum","twitter_card":"summary_large_image","twitter_misc":{"Autor":"Pova\u017esk\u00e9 m\u00fazeum","Predpokladan\u00fd \u010das \u010d\u00edtania":"3 min\u00faty"},"schema":{"@context":"https:\/\/schema.org","@graph":[{"@type":"Article","@id":"https:\/\/pmza.sk\/?p=10171#article","isPartOf":{"@id":"https:\/\/pmza.sk\/?p=10171"},"author":{"name":"Pova\u017esk\u00e9 m\u00fazeum","@id":"https:\/\/pmza.sk\/#\/schema\/person\/595e6a2ce731ea94dcd5d7f50a41ae33"},"headline":"Ve\u017ea po rekon\u0161trukcii znovu otvoren\u00e1 &#8211; PROGRAM","datePublished":"2014-07-03T15:55:49+00:00","mainEntityOfPage":{"@id":"https:\/\/pmza.sk\/?p=10171"},"wordCount":666,"publisher":{"@id":"https:\/\/pmza.sk\/#organization"},"image":{"@id":"https:\/\/pmza.sk\/?p=10171#primaryimage"},"thumbnailUrl":"https:\/\/pmza.sk\/wp-content\/uploads\/2014\/07\/Slavnostne-otvorenie-veze_plagat_A4_web01.jpg","articleSection":["Arch\u00edv 2014"],"inLanguage":"sk-SK"},{"@type":"WebPage","@id":"https:\/\/pmza.sk\/?p=10171","url":"https:\/\/pmza.sk\/?p=10171","name":"Ve\u017ea po rekon\u0161trukcii znovu otvoren\u00e1 - PROGRAM - Pova\u017esk\u00e9 m\u00fazeum","isPartOf":{"@id":"https:\/\/pmza.sk\/#website"},"primaryImageOfPage":{"@id":"https:\/\/pmza.sk\/?p=10171#primaryimage"},"image":{"@id":"https:\/\/pmza.sk\/?p=10171#primaryimage"},"thumbnailUrl":"https:\/\/pmza.sk\/wp-content\/uploads\/2014\/07\/Slavnostne-otvorenie-veze_plagat_A4_web01.jpg","datePublished":"2014-07-03T15:55:49+00:00","breadcrumb":{"@id":"https:\/\/pmza.sk\/?p=10171#breadcrumb"},"inLanguage":"sk-SK","potentialAction":[{"@type":"ReadAction","target":["https:\/\/pmza.sk\/?p=10171"]}]},{"@type":"ImageObject","inLanguage":"sk-SK","@id":"https:\/\/pmza.sk\/?p=10171#primaryimage","url":"https:\/\/pmza.sk\/wp-content\/uploads\/2014\/07\/Slavnostne-otvorenie-veze_plagat_A4_web01.jpg","contentUrl":"https:\/\/pmza.sk\/wp-content\/uploads\/2014\/07\/Slavnostne-otvorenie-veze_plagat_A4_web01.jpg","width":707,"height":1024},{"@type":"BreadcrumbList","@id":"https:\/\/pmza.sk\/?p=10171#breadcrumb","itemListElement":[{"@type":"ListItem","position":1,"name":"Domovsk\u00e1 str\u00e1nka","item":"https:\/\/pmza.sk\/"},{"@type":"ListItem","position":2,"name":"Ve\u017ea po rekon\u0161trukcii znovu otvoren\u00e1 &#8211; PROGRAM"}]},{"@type":"WebSite","@id":"https:\/\/pmza.sk\/#website","url":"https:\/\/pmza.sk\/","name":"Pova\u017esk\u00e9 m\u00fazeum","description":"Pova\u017esk\u00e9 m\u00fazeum v \u017diline je region\u00e1lne m\u00fazeum so s\u00eddlom v Budat\u00edne. Jeho expoz\u00edcie s\u00fa zameran\u00e9 na dejiny slovensk\u00e9ho umenia, kult\u00fary a dopravy.","publisher":{"@id":"https:\/\/pmza.sk\/#organization"},"potentialAction":[{"@type":"SearchAction","target":{"@type":"EntryPoint","urlTemplate":"https:\/\/pmza.sk\/?s={search_term_string}"},"query-input":{"@type":"PropertyValueSpecification","valueRequired":true,"valueName":"search_term_string"}}],"inLanguage":"sk-SK"},{"@type":"Organization","@id":"https:\/\/pmza.sk\/#organization","name":"Pova\u017esk\u00e9 m\u00fazeum","url":"https:\/\/pmza.sk\/","logo":{"@type":"ImageObject","inLanguage":"sk-SK","@id":"https:\/\/pmza.sk\/#\/schema\/logo\/image\/","url":"https:\/\/pmza.sk\/wp-content\/uploads\/2022\/01\/logo_PM_horizontal.jpg","contentUrl":"https:\/\/pmza.sk\/wp-content\/uploads\/2022\/01\/logo_PM_horizontal.jpg","width":231,"height":142,"caption":"Pova\u017esk\u00e9 m\u00fazeum"},"image":{"@id":"https:\/\/pmza.sk\/#\/schema\/logo\/image\/"},"sameAs":["https:\/\/www.facebook.com\/povazskemuzeum","https:\/\/www.instagram.com\/povazskemuzeum\/"]},{"@type":"Person","@id":"https:\/\/pmza.sk\/#\/schema\/person\/595e6a2ce731ea94dcd5d7f50a41ae33","name":"Pova\u017esk\u00e9 m\u00fazeum","image":{"@type":"ImageObject","inLanguage":"sk-SK","@id":"https:\/\/secure.gravatar.com\/avatar\/2bb7f1561282132fb5826dfeccc66c7996d11ee392ac6aaf7ced8a1c2027fbb2?s=96&d=mm&r=g","url":"https:\/\/secure.gravatar.com\/avatar\/2bb7f1561282132fb5826dfeccc66c7996d11ee392ac6aaf7ced8a1c2027fbb2?s=96&d=mm&r=g","contentUrl":"https:\/\/secure.gravatar.com\/avatar\/2bb7f1561282132fb5826dfeccc66c7996d11ee392ac6aaf7ced8a1c2027fbb2?s=96&d=mm&r=g","caption":"Pova\u017esk\u00e9 m\u00fazeum"}}]}},"_links":{"self":[{"href":"https:\/\/pmza.sk\/index.php?rest_route=\/wp\/v2\/posts\/10171","targetHints":{"allow":["GET"]}}],"collection":[{"href":"https:\/\/pmza.sk\/index.php?rest_route=\/wp\/v2\/posts"}],"about":[{"href":"https:\/\/pmza.sk\/index.php?rest_route=\/wp\/v2\/types\/post"}],"author":[{"embeddable":true,"href":"https:\/\/pmza.sk\/index.php?rest_route=\/wp\/v2\/users\/2"}],"replies":[{"embeddable":true,"href":"https:\/\/pmza.sk\/index.php?rest_route=%2Fwp%2Fv2%2Fcomments&post=10171"}],"version-history":[{"count":0,"href":"https:\/\/pmza.sk\/index.php?rest_route=\/wp\/v2\/posts\/10171\/revisions"}],"wp:attachment":[{"href":"https:\/\/pmza.sk\/index.php?rest_route=%2Fwp%2Fv2%2Fmedia&parent=10171"}],"wp:term":[{"taxonomy":"category","embeddable":true,"href":"https:\/\/pmza.sk\/index.php?rest_route=%2Fwp%2Fv2%2Fcategories&post=10171"},{"taxonomy":"post_tag","embeddable":true,"href":"https:\/\/pmza.sk\/index.php?rest_route=%2Fwp%2Fv2%2Ftags&post=10171"}],"curies":[{"name":"wp","href":"https:\/\/api.w.org\/{rel}","templated":true}]}}