{"id":10263,"date":"2014-07-08T17:30:46","date_gmt":"2014-07-08T15:30:46","guid":{"rendered":"https:\/\/pmza.sk.sk\/?p=10263"},"modified":"2014-07-08T17:30:46","modified_gmt":"2014-07-08T15:30:46","slug":"den-obce-cicmany","status":"publish","type":"post","link":"https:\/\/pmza.sk\/?p=10263","title":{"rendered":"De\u0148 obce \u010ci\u010dmany"},"content":{"rendered":"<p><a href=\"https:\/\/pmza.sk\/wp-content\/uploads\/2014\/07\/Den-obce-Cicmany-2014.jpg\"><img fetchpriority=\"high\" decoding=\"async\" class=\"alignleft size-full wp-image-10260\" alt=\"Den-obce-Cicmany-2014_web\" src=\"https:\/\/pmza.sk\/wp-content\/uploads\/2014\/07\/Den-obce-Cicmany-2014_web.jpg\" width=\"210\" height=\"297\" srcset=\"https:\/\/pmza.sk\/wp-content\/uploads\/2014\/07\/Den-obce-Cicmany-2014_web.jpg 724w, https:\/\/pmza.sk\/wp-content\/uploads\/2014\/07\/Den-obce-Cicmany-2014_web-255x360.jpg 255w, https:\/\/pmza.sk\/wp-content\/uploads\/2014\/07\/Den-obce-Cicmany-2014_web-520x736.jpg 520w, https:\/\/pmza.sk\/wp-content\/uploads\/2014\/07\/Den-obce-Cicmany-2014_web-600x849.jpg 600w\" sizes=\"(max-width: 210px) 100vw, 210px\" \/><\/a>Obec \u010ci\u010dmany organizuje v\u00a0sobotu 12. j\u00fala popoludn\u00ed De\u0148 obce \u010ci\u010dmany, po\u010das ktor\u00e9ho v\u00e1s \u010dak\u00e1 zauj\u00edmav\u00fd program,\u00a0sprievodn\u00e9 akcie a\u00a0ochutn\u00e1vka tradi\u010dn\u00fdch \u010di\u010dmianskych trhan\u00fdch bryndzov\u00fdch halu\u0161iek.<\/p>\n<p>Pova\u017esk\u00e9 m\u00fazeum v\u00a0\u017diline prid\u00e1va k\u00a0tomuto podujatiu mo\u017enos\u0165 nav\u0161t\u00edvi\u0165 Objekty \u013eudovej architekt\u00fary za jednotn\u00e9 vstupn\u00e9 1 \u20ac pre ka\u017ed\u00e9ho n\u00e1v\u0161tevn\u00edka. Av\u0161ak kto bude odet\u00fd do aspo\u0148 dvoch-troch kusov \u010di\u010dmianskeho odevu, bude ma\u0165 vstup do na\u0161ich objektov (Radenov dom, Dom \u010d. 42) bezplatn\u00fd.<\/p>\n<p>&nbsp;<\/p>\n<p>&nbsp;<\/p>\n<p>&nbsp;<\/p>\n","protected":false},"excerpt":{"rendered":"<p>Obec \u010ci\u010dmany organizuje v\u00a0sobotu 12. j\u00fala popoludn\u00ed De\u0148 obce \u010ci\u010dmany, po\u010das ktor\u00e9ho v\u00e1s \u010dak\u00e1 zauj\u00edmav\u00fd program,\u00a0sprievodn\u00e9 akcie a\u00a0ochutn\u00e1vka tradi\u010dn\u00fdch \u010di\u010dmianskych trhan\u00fdch bryndzov\u00fdch halu\u0161iek. Pova\u017esk\u00e9 m\u00fazeum v\u00a0\u017diline prid\u00e1va k\u00a0tomuto podujatiu mo\u017enos\u0165 nav\u0161t\u00edvi\u0165 Objekty \u013eudovej architekt\u00fary za jednotn\u00e9 vstupn\u00e9 1 \u20ac pre ka\u017ed\u00e9ho n\u00e1v\u0161tevn\u00edka. Av\u0161ak kto bude odet\u00fd do aspo\u0148 dvoch-troch kusov \u010di\u010dmianskeho odevu, bude ma\u0165 vstup [&hellip;]<\/p>\n","protected":false},"author":2,"featured_media":0,"comment_status":"closed","ping_status":"closed","sticky":false,"template":"","format":"standard","meta":{"site-sidebar-layout":"default","site-content-layout":"","ast-site-content-layout":"","site-content-style":"default","site-sidebar-style":"default","ast-global-header-display":"","ast-banner-title-visibility":"","ast-main-header-display":"","ast-hfb-above-header-display":"","ast-hfb-below-header-display":"","ast-hfb-mobile-header-display":"","site-post-title":"","ast-breadcrumbs-content":"","ast-featured-img":"","footer-sml-layout":"","theme-transparent-header-meta":"","adv-header-id-meta":"","stick-header-meta":"","header-above-stick-meta":"","header-main-stick-meta":"","header-below-stick-meta":"","astra-migrate-meta-layouts":"default","ast-page-background-enabled":"default","ast-page-background-meta":{"desktop":{"background-color":"var(--ast-global-color-4)","background-image":"","background-repeat":"repeat","background-position":"center center","background-size":"auto","background-attachment":"scroll","background-type":"","background-media":"","overlay-type":"","overlay-color":"","overlay-opacity":"","overlay-gradient":""},"tablet":{"background-color":"","background-image":"","background-repeat":"repeat","background-position":"center center","background-size":"auto","background-attachment":"scroll","background-type":"","background-media":"","overlay-type":"","overlay-color":"","overlay-opacity":"","overlay-gradient":""},"mobile":{"background-color":"","background-image":"","background-repeat":"repeat","background-position":"center center","background-size":"auto","background-attachment":"scroll","background-type":"","background-media":"","overlay-type":"","overlay-color":"","overlay-opacity":"","overlay-gradient":""}},"ast-content-background-meta":{"desktop":{"background-color":"var(--ast-global-color-5)","background-image":"","background-repeat":"repeat","background-position":"center center","background-size":"auto","background-attachment":"scroll","background-type":"","background-media":"","overlay-type":"","overlay-color":"","overlay-opacity":"","overlay-gradient":""},"tablet":{"background-color":"var(--ast-global-color-5)","background-image":"","background-repeat":"repeat","background-position":"center center","background-size":"auto","background-attachment":"scroll","background-type":"","background-media":"","overlay-type":"","overlay-color":"","overlay-opacity":"","overlay-gradient":""},"mobile":{"background-color":"var(--ast-global-color-5)","background-image":"","background-repeat":"repeat","background-position":"center center","background-size":"auto","background-attachment":"scroll","background-type":"","background-media":"","overlay-type":"","overlay-color":"","overlay-opacity":"","overlay-gradient":""}},"footnotes":""},"categories":[36],"tags":[],"class_list":["post-10263","post","type-post","status-publish","format-standard","hentry","category-archiv-2014"],"yoast_head":"<!-- This site is optimized with the Yoast SEO plugin v27.4 - https:\/\/yoast.com\/product\/yoast-seo-wordpress\/ -->\n<title>De\u0148 obce \u010ci\u010dmany - Pova\u017esk\u00e9 m\u00fazeum<\/title>\n<meta name=\"robots\" content=\"index, follow, max-snippet:-1, max-image-preview:large, max-video-preview:-1\" \/>\n<link rel=\"canonical\" href=\"https:\/\/pmza.sk\/?p=10263\" \/>\n<meta property=\"og:locale\" content=\"sk_SK\" \/>\n<meta property=\"og:type\" content=\"article\" \/>\n<meta property=\"og:title\" content=\"De\u0148 obce \u010ci\u010dmany - Pova\u017esk\u00e9 m\u00fazeum\" \/>\n<meta property=\"og:description\" content=\"Obec \u010ci\u010dmany organizuje v\u00a0sobotu 12. j\u00fala popoludn\u00ed De\u0148 obce \u010ci\u010dmany, po\u010das ktor\u00e9ho v\u00e1s \u010dak\u00e1 zauj\u00edmav\u00fd program,\u00a0sprievodn\u00e9 akcie a\u00a0ochutn\u00e1vka tradi\u010dn\u00fdch \u010di\u010dmianskych trhan\u00fdch bryndzov\u00fdch halu\u0161iek. Pova\u017esk\u00e9 m\u00fazeum v\u00a0\u017diline prid\u00e1va k\u00a0tomuto podujatiu mo\u017enos\u0165 nav\u0161t\u00edvi\u0165 Objekty \u013eudovej architekt\u00fary za jednotn\u00e9 vstupn\u00e9 1 \u20ac pre ka\u017ed\u00e9ho n\u00e1v\u0161tevn\u00edka. Av\u0161ak kto bude odet\u00fd do aspo\u0148 dvoch-troch kusov \u010di\u010dmianskeho odevu, bude ma\u0165 vstup [&hellip;]\" \/>\n<meta property=\"og:url\" content=\"https:\/\/pmza.sk\/?p=10263\" \/>\n<meta property=\"og:site_name\" content=\"Pova\u017esk\u00e9 m\u00fazeum\" \/>\n<meta property=\"article:publisher\" content=\"https:\/\/www.facebook.com\/povazskemuzeum\" \/>\n<meta property=\"article:published_time\" content=\"2014-07-08T15:30:46+00:00\" \/>\n<meta property=\"og:image\" content=\"https:\/\/pmza.sk\/wp-content\/uploads\/2014\/07\/Den-obce-Cicmany-2014_web.jpg\" \/>\n<meta name=\"author\" content=\"Pova\u017esk\u00e9 m\u00fazeum\" \/>\n<meta name=\"twitter:card\" content=\"summary_large_image\" \/>\n<meta name=\"twitter:label1\" content=\"Autor\" \/>\n\t<meta name=\"twitter:data1\" content=\"Pova\u017esk\u00e9 m\u00fazeum\" \/>\n<script type=\"application\/ld+json\" class=\"yoast-schema-graph\">{\"@context\":\"https:\\\/\\\/schema.org\",\"@graph\":[{\"@type\":\"Article\",\"@id\":\"https:\\\/\\\/pmza.sk\\\/?p=10263#article\",\"isPartOf\":{\"@id\":\"https:\\\/\\\/pmza.sk\\\/?p=10263\"},\"author\":{\"name\":\"Pova\u017esk\u00e9 m\u00fazeum\",\"@id\":\"https:\\\/\\\/pmza.sk\\\/#\\\/schema\\\/person\\\/595e6a2ce731ea94dcd5d7f50a41ae33\"},\"headline\":\"De\u0148 obce \u010ci\u010dmany\",\"datePublished\":\"2014-07-08T15:30:46+00:00\",\"mainEntityOfPage\":{\"@id\":\"https:\\\/\\\/pmza.sk\\\/?p=10263\"},\"wordCount\":100,\"publisher\":{\"@id\":\"https:\\\/\\\/pmza.sk\\\/#organization\"},\"image\":{\"@id\":\"https:\\\/\\\/pmza.sk\\\/?p=10263#primaryimage\"},\"thumbnailUrl\":\"http:\\\/\\\/pmza.sk\\\/wp-content\\\/uploads\\\/2014\\\/07\\\/Den-obce-Cicmany-2014_web.jpg\",\"articleSection\":[\"Arch\u00edv 2014\"],\"inLanguage\":\"sk-SK\"},{\"@type\":\"WebPage\",\"@id\":\"https:\\\/\\\/pmza.sk\\\/?p=10263\",\"url\":\"https:\\\/\\\/pmza.sk\\\/?p=10263\",\"name\":\"De\u0148 obce \u010ci\u010dmany - Pova\u017esk\u00e9 m\u00fazeum\",\"isPartOf\":{\"@id\":\"https:\\\/\\\/pmza.sk\\\/#website\"},\"primaryImageOfPage\":{\"@id\":\"https:\\\/\\\/pmza.sk\\\/?p=10263#primaryimage\"},\"image\":{\"@id\":\"https:\\\/\\\/pmza.sk\\\/?p=10263#primaryimage\"},\"thumbnailUrl\":\"http:\\\/\\\/pmza.sk\\\/wp-content\\\/uploads\\\/2014\\\/07\\\/Den-obce-Cicmany-2014_web.jpg\",\"datePublished\":\"2014-07-08T15:30:46+00:00\",\"breadcrumb\":{\"@id\":\"https:\\\/\\\/pmza.sk\\\/?p=10263#breadcrumb\"},\"inLanguage\":\"sk-SK\",\"potentialAction\":[{\"@type\":\"ReadAction\",\"target\":[\"https:\\\/\\\/pmza.sk\\\/?p=10263\"]}]},{\"@type\":\"ImageObject\",\"inLanguage\":\"sk-SK\",\"@id\":\"https:\\\/\\\/pmza.sk\\\/?p=10263#primaryimage\",\"url\":\"https:\\\/\\\/pmza.sk\\\/wp-content\\\/uploads\\\/2014\\\/07\\\/Den-obce-Cicmany-2014_web.jpg\",\"contentUrl\":\"https:\\\/\\\/pmza.sk\\\/wp-content\\\/uploads\\\/2014\\\/07\\\/Den-obce-Cicmany-2014_web.jpg\",\"width\":724,\"height\":1024},{\"@type\":\"BreadcrumbList\",\"@id\":\"https:\\\/\\\/pmza.sk\\\/?p=10263#breadcrumb\",\"itemListElement\":[{\"@type\":\"ListItem\",\"position\":1,\"name\":\"Domovsk\u00e1 str\u00e1nka\",\"item\":\"https:\\\/\\\/pmza.sk\\\/\"},{\"@type\":\"ListItem\",\"position\":2,\"name\":\"De\u0148 obce \u010ci\u010dmany\"}]},{\"@type\":\"WebSite\",\"@id\":\"https:\\\/\\\/pmza.sk\\\/#website\",\"url\":\"https:\\\/\\\/pmza.sk\\\/\",\"name\":\"Pova\u017esk\u00e9 m\u00fazeum\",\"description\":\"Pova\u017esk\u00e9 m\u00fazeum v \u017diline je region\u00e1lne m\u00fazeum so s\u00eddlom v Budat\u00edne. Jeho expoz\u00edcie s\u00fa zameran\u00e9 na dejiny slovensk\u00e9ho umenia, kult\u00fary a dopravy.\",\"publisher\":{\"@id\":\"https:\\\/\\\/pmza.sk\\\/#organization\"},\"potentialAction\":[{\"@type\":\"SearchAction\",\"target\":{\"@type\":\"EntryPoint\",\"urlTemplate\":\"https:\\\/\\\/pmza.sk\\\/?s={search_term_string}\"},\"query-input\":{\"@type\":\"PropertyValueSpecification\",\"valueRequired\":true,\"valueName\":\"search_term_string\"}}],\"inLanguage\":\"sk-SK\"},{\"@type\":\"Organization\",\"@id\":\"https:\\\/\\\/pmza.sk\\\/#organization\",\"name\":\"Pova\u017esk\u00e9 m\u00fazeum\",\"url\":\"https:\\\/\\\/pmza.sk\\\/\",\"logo\":{\"@type\":\"ImageObject\",\"inLanguage\":\"sk-SK\",\"@id\":\"https:\\\/\\\/pmza.sk\\\/#\\\/schema\\\/logo\\\/image\\\/\",\"url\":\"https:\\\/\\\/pmza.sk\\\/wp-content\\\/uploads\\\/2022\\\/01\\\/logo_PM_horizontal.jpg\",\"contentUrl\":\"https:\\\/\\\/pmza.sk\\\/wp-content\\\/uploads\\\/2022\\\/01\\\/logo_PM_horizontal.jpg\",\"width\":231,\"height\":142,\"caption\":\"Pova\u017esk\u00e9 m\u00fazeum\"},\"image\":{\"@id\":\"https:\\\/\\\/pmza.sk\\\/#\\\/schema\\\/logo\\\/image\\\/\"},\"sameAs\":[\"https:\\\/\\\/www.facebook.com\\\/povazskemuzeum\",\"https:\\\/\\\/www.instagram.com\\\/povazskemuzeum\\\/\"]},{\"@type\":\"Person\",\"@id\":\"https:\\\/\\\/pmza.sk\\\/#\\\/schema\\\/person\\\/595e6a2ce731ea94dcd5d7f50a41ae33\",\"name\":\"Pova\u017esk\u00e9 m\u00fazeum\",\"image\":{\"@type\":\"ImageObject\",\"inLanguage\":\"sk-SK\",\"@id\":\"https:\\\/\\\/secure.gravatar.com\\\/avatar\\\/2bb7f1561282132fb5826dfeccc66c7996d11ee392ac6aaf7ced8a1c2027fbb2?s=96&d=mm&r=g\",\"url\":\"https:\\\/\\\/secure.gravatar.com\\\/avatar\\\/2bb7f1561282132fb5826dfeccc66c7996d11ee392ac6aaf7ced8a1c2027fbb2?s=96&d=mm&r=g\",\"contentUrl\":\"https:\\\/\\\/secure.gravatar.com\\\/avatar\\\/2bb7f1561282132fb5826dfeccc66c7996d11ee392ac6aaf7ced8a1c2027fbb2?s=96&d=mm&r=g\",\"caption\":\"Pova\u017esk\u00e9 m\u00fazeum\"}}]}<\/script>\n<!-- \/ Yoast SEO plugin. -->","yoast_head_json":{"title":"De\u0148 obce \u010ci\u010dmany - Pova\u017esk\u00e9 m\u00fazeum","robots":{"index":"index","follow":"follow","max-snippet":"max-snippet:-1","max-image-preview":"max-image-preview:large","max-video-preview":"max-video-preview:-1"},"canonical":"https:\/\/pmza.sk\/?p=10263","og_locale":"sk_SK","og_type":"article","og_title":"De\u0148 obce \u010ci\u010dmany - Pova\u017esk\u00e9 m\u00fazeum","og_description":"Obec \u010ci\u010dmany organizuje v\u00a0sobotu 12. j\u00fala popoludn\u00ed De\u0148 obce \u010ci\u010dmany, po\u010das ktor\u00e9ho v\u00e1s \u010dak\u00e1 zauj\u00edmav\u00fd program,\u00a0sprievodn\u00e9 akcie a\u00a0ochutn\u00e1vka tradi\u010dn\u00fdch \u010di\u010dmianskych trhan\u00fdch bryndzov\u00fdch halu\u0161iek. Pova\u017esk\u00e9 m\u00fazeum v\u00a0\u017diline prid\u00e1va k\u00a0tomuto podujatiu mo\u017enos\u0165 nav\u0161t\u00edvi\u0165 Objekty \u013eudovej architekt\u00fary za jednotn\u00e9 vstupn\u00e9 1 \u20ac pre ka\u017ed\u00e9ho n\u00e1v\u0161tevn\u00edka. Av\u0161ak kto bude odet\u00fd do aspo\u0148 dvoch-troch kusov \u010di\u010dmianskeho odevu, bude ma\u0165 vstup [&hellip;]","og_url":"https:\/\/pmza.sk\/?p=10263","og_site_name":"Pova\u017esk\u00e9 m\u00fazeum","article_publisher":"https:\/\/www.facebook.com\/povazskemuzeum","article_published_time":"2014-07-08T15:30:46+00:00","og_image":[{"url":"https:\/\/pmza.sk\/wp-content\/uploads\/2014\/07\/Den-obce-Cicmany-2014_web.jpg","type":"","width":"","height":""}],"author":"Pova\u017esk\u00e9 m\u00fazeum","twitter_card":"summary_large_image","twitter_misc":{"Autor":"Pova\u017esk\u00e9 m\u00fazeum"},"schema":{"@context":"https:\/\/schema.org","@graph":[{"@type":"Article","@id":"https:\/\/pmza.sk\/?p=10263#article","isPartOf":{"@id":"https:\/\/pmza.sk\/?p=10263"},"author":{"name":"Pova\u017esk\u00e9 m\u00fazeum","@id":"https:\/\/pmza.sk\/#\/schema\/person\/595e6a2ce731ea94dcd5d7f50a41ae33"},"headline":"De\u0148 obce \u010ci\u010dmany","datePublished":"2014-07-08T15:30:46+00:00","mainEntityOfPage":{"@id":"https:\/\/pmza.sk\/?p=10263"},"wordCount":100,"publisher":{"@id":"https:\/\/pmza.sk\/#organization"},"image":{"@id":"https:\/\/pmza.sk\/?p=10263#primaryimage"},"thumbnailUrl":"https:\/\/pmza.sk\/wp-content\/uploads\/2014\/07\/Den-obce-Cicmany-2014_web.jpg","articleSection":["Arch\u00edv 2014"],"inLanguage":"sk-SK"},{"@type":"WebPage","@id":"https:\/\/pmza.sk\/?p=10263","url":"https:\/\/pmza.sk\/?p=10263","name":"De\u0148 obce \u010ci\u010dmany - Pova\u017esk\u00e9 m\u00fazeum","isPartOf":{"@id":"https:\/\/pmza.sk\/#website"},"primaryImageOfPage":{"@id":"https:\/\/pmza.sk\/?p=10263#primaryimage"},"image":{"@id":"https:\/\/pmza.sk\/?p=10263#primaryimage"},"thumbnailUrl":"https:\/\/pmza.sk\/wp-content\/uploads\/2014\/07\/Den-obce-Cicmany-2014_web.jpg","datePublished":"2014-07-08T15:30:46+00:00","breadcrumb":{"@id":"https:\/\/pmza.sk\/?p=10263#breadcrumb"},"inLanguage":"sk-SK","potentialAction":[{"@type":"ReadAction","target":["https:\/\/pmza.sk\/?p=10263"]}]},{"@type":"ImageObject","inLanguage":"sk-SK","@id":"https:\/\/pmza.sk\/?p=10263#primaryimage","url":"https:\/\/pmza.sk\/wp-content\/uploads\/2014\/07\/Den-obce-Cicmany-2014_web.jpg","contentUrl":"https:\/\/pmza.sk\/wp-content\/uploads\/2014\/07\/Den-obce-Cicmany-2014_web.jpg","width":724,"height":1024},{"@type":"BreadcrumbList","@id":"https:\/\/pmza.sk\/?p=10263#breadcrumb","itemListElement":[{"@type":"ListItem","position":1,"name":"Domovsk\u00e1 str\u00e1nka","item":"https:\/\/pmza.sk\/"},{"@type":"ListItem","position":2,"name":"De\u0148 obce \u010ci\u010dmany"}]},{"@type":"WebSite","@id":"https:\/\/pmza.sk\/#website","url":"https:\/\/pmza.sk\/","name":"Pova\u017esk\u00e9 m\u00fazeum","description":"Pova\u017esk\u00e9 m\u00fazeum v \u017diline je region\u00e1lne m\u00fazeum so s\u00eddlom v Budat\u00edne. Jeho expoz\u00edcie s\u00fa zameran\u00e9 na dejiny slovensk\u00e9ho umenia, kult\u00fary a dopravy.","publisher":{"@id":"https:\/\/pmza.sk\/#organization"},"potentialAction":[{"@type":"SearchAction","target":{"@type":"EntryPoint","urlTemplate":"https:\/\/pmza.sk\/?s={search_term_string}"},"query-input":{"@type":"PropertyValueSpecification","valueRequired":true,"valueName":"search_term_string"}}],"inLanguage":"sk-SK"},{"@type":"Organization","@id":"https:\/\/pmza.sk\/#organization","name":"Pova\u017esk\u00e9 m\u00fazeum","url":"https:\/\/pmza.sk\/","logo":{"@type":"ImageObject","inLanguage":"sk-SK","@id":"https:\/\/pmza.sk\/#\/schema\/logo\/image\/","url":"https:\/\/pmza.sk\/wp-content\/uploads\/2022\/01\/logo_PM_horizontal.jpg","contentUrl":"https:\/\/pmza.sk\/wp-content\/uploads\/2022\/01\/logo_PM_horizontal.jpg","width":231,"height":142,"caption":"Pova\u017esk\u00e9 m\u00fazeum"},"image":{"@id":"https:\/\/pmza.sk\/#\/schema\/logo\/image\/"},"sameAs":["https:\/\/www.facebook.com\/povazskemuzeum","https:\/\/www.instagram.com\/povazskemuzeum\/"]},{"@type":"Person","@id":"https:\/\/pmza.sk\/#\/schema\/person\/595e6a2ce731ea94dcd5d7f50a41ae33","name":"Pova\u017esk\u00e9 m\u00fazeum","image":{"@type":"ImageObject","inLanguage":"sk-SK","@id":"https:\/\/secure.gravatar.com\/avatar\/2bb7f1561282132fb5826dfeccc66c7996d11ee392ac6aaf7ced8a1c2027fbb2?s=96&d=mm&r=g","url":"https:\/\/secure.gravatar.com\/avatar\/2bb7f1561282132fb5826dfeccc66c7996d11ee392ac6aaf7ced8a1c2027fbb2?s=96&d=mm&r=g","contentUrl":"https:\/\/secure.gravatar.com\/avatar\/2bb7f1561282132fb5826dfeccc66c7996d11ee392ac6aaf7ced8a1c2027fbb2?s=96&d=mm&r=g","caption":"Pova\u017esk\u00e9 m\u00fazeum"}}]}},"_links":{"self":[{"href":"https:\/\/pmza.sk\/index.php?rest_route=\/wp\/v2\/posts\/10263","targetHints":{"allow":["GET"]}}],"collection":[{"href":"https:\/\/pmza.sk\/index.php?rest_route=\/wp\/v2\/posts"}],"about":[{"href":"https:\/\/pmza.sk\/index.php?rest_route=\/wp\/v2\/types\/post"}],"author":[{"embeddable":true,"href":"https:\/\/pmza.sk\/index.php?rest_route=\/wp\/v2\/users\/2"}],"replies":[{"embeddable":true,"href":"https:\/\/pmza.sk\/index.php?rest_route=%2Fwp%2Fv2%2Fcomments&post=10263"}],"version-history":[{"count":0,"href":"https:\/\/pmza.sk\/index.php?rest_route=\/wp\/v2\/posts\/10263\/revisions"}],"wp:attachment":[{"href":"https:\/\/pmza.sk\/index.php?rest_route=%2Fwp%2Fv2%2Fmedia&parent=10263"}],"wp:term":[{"taxonomy":"category","embeddable":true,"href":"https:\/\/pmza.sk\/index.php?rest_route=%2Fwp%2Fv2%2Fcategories&post=10263"},{"taxonomy":"post_tag","embeddable":true,"href":"https:\/\/pmza.sk\/index.php?rest_route=%2Fwp%2Fv2%2Ftags&post=10263"}],"curies":[{"name":"wp","href":"https:\/\/api.w.org\/{rel}","templated":true}]}}