{"id":10327,"date":"2014-07-11T15:16:42","date_gmt":"2014-07-11T13:16:42","guid":{"rendered":"https:\/\/pmza.sk.sk\/?p=10327"},"modified":"2014-07-11T15:16:42","modified_gmt":"2014-07-11T13:16:42","slug":"program-slavnostneho-otvorenia-veze-13-7-2014","status":"publish","type":"post","link":"https:\/\/pmza.sk\/?p=10327","title":{"rendered":"Program sl\u00e1vnostn\u00e9ho otvorenia ve\u017ee &#8211; 13. 7. 2014"},"content":{"rendered":"<p><a href=\"https:\/\/pmza.sk\/wp-content\/uploads\/2014\/07\/program-page-001-scaled-1.jpg\"><img decoding=\"async\" class=\"alignleft  wp-image-10330\" alt=\"Program otvorenia ve\u017ee\" src=\"https:\/\/pmza.sk\/wp-content\/uploads\/2014\/07\/Program-otvorenia-veze.jpg\" width=\"175\" height=\"247\" srcset=\"https:\/\/pmza.sk\/wp-content\/uploads\/2014\/07\/Program-otvorenia-veze.jpg 724w, https:\/\/pmza.sk\/wp-content\/uploads\/2014\/07\/Program-otvorenia-veze-255x360.jpg 255w, https:\/\/pmza.sk\/wp-content\/uploads\/2014\/07\/Program-otvorenia-veze-520x736.jpg 520w, https:\/\/pmza.sk\/wp-content\/uploads\/2014\/07\/Program-otvorenia-veze-600x849.jpg 600w\" sizes=\"(max-width: 175px) 100vw, 175px\" \/><\/a>Pova\u017esk\u00e9 m\u00fazeum v \u017diline pripravilo pri pr\u00edle\u017eitosti Sl\u00e1vnostn\u00e9ho otvorenia ve\u017ee Budat\u00ednskeho hradu bohat\u00fd program doplnen\u00fd o r\u00f4zne atrakcie a sprievodn\u00e9 podujatia. Sl\u00e1vnostn\u00e9 otvorenie sa bude kona\u0165 v nede\u013eu 13. j\u00fala 2014 o 13.00 h na ju\u017enej terase.<\/p>\n<p>Zrekon\u0161truovan\u00e1 ve\u017ea Budat\u00ednskeho hradu bude teda op\u00e4\u0165 pr\u00edstupn\u00e1 verejnosti. Sl\u00e1vnostn\u00e9ho otvorenia sa z\u00fa\u010dastn\u00ed predseda \u017dilinsk\u00e9ho samospr\u00e1vneho kraja (\u017dSK) Juraj Blan\u00e1r.<\/p>\n<p>Budat\u00ednsky hrad bol pre verejnos\u0165 uzatvoren\u00fd od janu\u00e1ra 2007. Kompletn\u00e1 rekon\u0161trukcia ve\u017ee, ktor\u00e1 bola z\u00e1kladom hradu u\u017e pri jeho vzniku a\u00a0dodnes vytv\u00e1ra charakteristick\u00fa siluetu, za\u010dala v\u00a0okt\u00f3bri 2012. Oprava bola realizovan\u00e1 v\u010faka podpore projektu \u201eObnova objektov \u2013 stavebn\u00e9 \u00fapravy are\u00e1lu Budat\u00ednskeho z\u00e1mku\u201c z\u00a0eurofondov vo v\u00fd\u0161ke 2\u00a0200\u00a0000 eur, pri\u010dom \u017dilinsk\u00fd samospr\u00e1vny kraj spolufinancoval projekt sumou 117\u00a0000 eur.<\/p>\n<p>K\u00f3d projektu ITMS 22130120017 &#8211; \u201eInvest\u00edcia do va\u0161ej bud\u00facnosti\u201c<\/p>\n<p>&nbsp;<\/p>\n","protected":false},"excerpt":{"rendered":"<p>Pova\u017esk\u00e9 m\u00fazeum v \u017diline pripravilo pri pr\u00edle\u017eitosti Sl\u00e1vnostn\u00e9ho otvorenia ve\u017ee Budat\u00ednskeho hradu bohat\u00fd program doplnen\u00fd o r\u00f4zne atrakcie a sprievodn\u00e9 podujatia. Sl\u00e1vnostn\u00e9 otvorenie sa bude kona\u0165 v nede\u013eu 13. j\u00fala 2014 o 13.00 h na ju\u017enej terase. Zrekon\u0161truovan\u00e1 ve\u017ea Budat\u00ednskeho hradu bude teda op\u00e4\u0165 pr\u00edstupn\u00e1 verejnosti. Sl\u00e1vnostn\u00e9ho otvorenia sa z\u00fa\u010dastn\u00ed predseda \u017dilinsk\u00e9ho samospr\u00e1vneho kraja (\u017dSK) [&hellip;]<\/p>\n","protected":false},"author":2,"featured_media":0,"comment_status":"closed","ping_status":"closed","sticky":false,"template":"","format":"standard","meta":{"site-sidebar-layout":"default","site-content-layout":"","ast-site-content-layout":"","site-content-style":"default","site-sidebar-style":"default","ast-global-header-display":"","ast-banner-title-visibility":"","ast-main-header-display":"","ast-hfb-above-header-display":"","ast-hfb-below-header-display":"","ast-hfb-mobile-header-display":"","site-post-title":"","ast-breadcrumbs-content":"","ast-featured-img":"","footer-sml-layout":"","theme-transparent-header-meta":"","adv-header-id-meta":"","stick-header-meta":"","header-above-stick-meta":"","header-main-stick-meta":"","header-below-stick-meta":"","astra-migrate-meta-layouts":"default","ast-page-background-enabled":"default","ast-page-background-meta":{"desktop":{"background-color":"var(--ast-global-color-4)","background-image":"","background-repeat":"repeat","background-position":"center center","background-size":"auto","background-attachment":"scroll","background-type":"","background-media":"","overlay-type":"","overlay-color":"","overlay-opacity":"","overlay-gradient":""},"tablet":{"background-color":"","background-image":"","background-repeat":"repeat","background-position":"center center","background-size":"auto","background-attachment":"scroll","background-type":"","background-media":"","overlay-type":"","overlay-color":"","overlay-opacity":"","overlay-gradient":""},"mobile":{"background-color":"","background-image":"","background-repeat":"repeat","background-position":"center center","background-size":"auto","background-attachment":"scroll","background-type":"","background-media":"","overlay-type":"","overlay-color":"","overlay-opacity":"","overlay-gradient":""}},"ast-content-background-meta":{"desktop":{"background-color":"var(--ast-global-color-5)","background-image":"","background-repeat":"repeat","background-position":"center center","background-size":"auto","background-attachment":"scroll","background-type":"","background-media":"","overlay-type":"","overlay-color":"","overlay-opacity":"","overlay-gradient":""},"tablet":{"background-color":"var(--ast-global-color-5)","background-image":"","background-repeat":"repeat","background-position":"center center","background-size":"auto","background-attachment":"scroll","background-type":"","background-media":"","overlay-type":"","overlay-color":"","overlay-opacity":"","overlay-gradient":""},"mobile":{"background-color":"var(--ast-global-color-5)","background-image":"","background-repeat":"repeat","background-position":"center center","background-size":"auto","background-attachment":"scroll","background-type":"","background-media":"","overlay-type":"","overlay-color":"","overlay-opacity":"","overlay-gradient":""}},"footnotes":""},"categories":[36],"tags":[],"class_list":["post-10327","post","type-post","status-publish","format-standard","hentry","category-archiv-2014"],"yoast_head":"<!-- This site is optimized with the Yoast SEO plugin v27.4 - https:\/\/yoast.com\/product\/yoast-seo-wordpress\/ -->\n<title>Program sl\u00e1vnostn\u00e9ho otvorenia ve\u017ee - 13. 7. 2014 - Pova\u017esk\u00e9 m\u00fazeum<\/title>\n<meta name=\"robots\" content=\"index, follow, max-snippet:-1, max-image-preview:large, max-video-preview:-1\" \/>\n<link rel=\"canonical\" href=\"https:\/\/pmza.sk\/?p=10327\" \/>\n<meta property=\"og:locale\" content=\"sk_SK\" \/>\n<meta property=\"og:type\" content=\"article\" \/>\n<meta property=\"og:title\" content=\"Program sl\u00e1vnostn\u00e9ho otvorenia ve\u017ee - 13. 7. 2014 - Pova\u017esk\u00e9 m\u00fazeum\" \/>\n<meta property=\"og:description\" content=\"Pova\u017esk\u00e9 m\u00fazeum v \u017diline pripravilo pri pr\u00edle\u017eitosti Sl\u00e1vnostn\u00e9ho otvorenia ve\u017ee Budat\u00ednskeho hradu bohat\u00fd program doplnen\u00fd o r\u00f4zne atrakcie a sprievodn\u00e9 podujatia. Sl\u00e1vnostn\u00e9 otvorenie sa bude kona\u0165 v nede\u013eu 13. j\u00fala 2014 o 13.00 h na ju\u017enej terase. Zrekon\u0161truovan\u00e1 ve\u017ea Budat\u00ednskeho hradu bude teda op\u00e4\u0165 pr\u00edstupn\u00e1 verejnosti. Sl\u00e1vnostn\u00e9ho otvorenia sa z\u00fa\u010dastn\u00ed predseda \u017dilinsk\u00e9ho samospr\u00e1vneho kraja (\u017dSK) [&hellip;]\" \/>\n<meta property=\"og:url\" content=\"https:\/\/pmza.sk\/?p=10327\" \/>\n<meta property=\"og:site_name\" content=\"Pova\u017esk\u00e9 m\u00fazeum\" \/>\n<meta property=\"article:publisher\" content=\"https:\/\/www.facebook.com\/povazskemuzeum\" \/>\n<meta property=\"article:published_time\" content=\"2014-07-11T13:16:42+00:00\" \/>\n<meta property=\"og:image\" content=\"https:\/\/pmza.sk\/wp-content\/uploads\/2014\/07\/Program-otvorenia-veze.jpg\" \/>\n<meta name=\"author\" content=\"Pova\u017esk\u00e9 m\u00fazeum\" \/>\n<meta name=\"twitter:card\" content=\"summary_large_image\" \/>\n<meta name=\"twitter:label1\" content=\"Autor\" \/>\n\t<meta name=\"twitter:data1\" content=\"Pova\u017esk\u00e9 m\u00fazeum\" \/>\n\t<meta name=\"twitter:label2\" content=\"Predpokladan\u00fd \u010das \u010d\u00edtania\" \/>\n\t<meta name=\"twitter:data2\" content=\"1 min\u00fata\" \/>\n<script type=\"application\/ld+json\" class=\"yoast-schema-graph\">{\"@context\":\"https:\\\/\\\/schema.org\",\"@graph\":[{\"@type\":\"Article\",\"@id\":\"https:\\\/\\\/pmza.sk\\\/?p=10327#article\",\"isPartOf\":{\"@id\":\"https:\\\/\\\/pmza.sk\\\/?p=10327\"},\"author\":{\"name\":\"Pova\u017esk\u00e9 m\u00fazeum\",\"@id\":\"https:\\\/\\\/pmza.sk\\\/#\\\/schema\\\/person\\\/595e6a2ce731ea94dcd5d7f50a41ae33\"},\"headline\":\"Program sl\u00e1vnostn\u00e9ho otvorenia ve\u017ee &#8211; 13. 7. 2014\",\"datePublished\":\"2014-07-11T13:16:42+00:00\",\"mainEntityOfPage\":{\"@id\":\"https:\\\/\\\/pmza.sk\\\/?p=10327\"},\"wordCount\":166,\"publisher\":{\"@id\":\"https:\\\/\\\/pmza.sk\\\/#organization\"},\"image\":{\"@id\":\"https:\\\/\\\/pmza.sk\\\/?p=10327#primaryimage\"},\"thumbnailUrl\":\"http:\\\/\\\/pmza.sk\\\/wp-content\\\/uploads\\\/2014\\\/07\\\/Program-otvorenia-veze.jpg\",\"articleSection\":[\"Arch\u00edv 2014\"],\"inLanguage\":\"sk-SK\"},{\"@type\":\"WebPage\",\"@id\":\"https:\\\/\\\/pmza.sk\\\/?p=10327\",\"url\":\"https:\\\/\\\/pmza.sk\\\/?p=10327\",\"name\":\"Program sl\u00e1vnostn\u00e9ho otvorenia ve\u017ee - 13. 7. 2014 - Pova\u017esk\u00e9 m\u00fazeum\",\"isPartOf\":{\"@id\":\"https:\\\/\\\/pmza.sk\\\/#website\"},\"primaryImageOfPage\":{\"@id\":\"https:\\\/\\\/pmza.sk\\\/?p=10327#primaryimage\"},\"image\":{\"@id\":\"https:\\\/\\\/pmza.sk\\\/?p=10327#primaryimage\"},\"thumbnailUrl\":\"http:\\\/\\\/pmza.sk\\\/wp-content\\\/uploads\\\/2014\\\/07\\\/Program-otvorenia-veze.jpg\",\"datePublished\":\"2014-07-11T13:16:42+00:00\",\"breadcrumb\":{\"@id\":\"https:\\\/\\\/pmza.sk\\\/?p=10327#breadcrumb\"},\"inLanguage\":\"sk-SK\",\"potentialAction\":[{\"@type\":\"ReadAction\",\"target\":[\"https:\\\/\\\/pmza.sk\\\/?p=10327\"]}]},{\"@type\":\"ImageObject\",\"inLanguage\":\"sk-SK\",\"@id\":\"https:\\\/\\\/pmza.sk\\\/?p=10327#primaryimage\",\"url\":\"https:\\\/\\\/pmza.sk\\\/wp-content\\\/uploads\\\/2014\\\/07\\\/Program-otvorenia-veze.jpg\",\"contentUrl\":\"https:\\\/\\\/pmza.sk\\\/wp-content\\\/uploads\\\/2014\\\/07\\\/Program-otvorenia-veze.jpg\",\"width\":724,\"height\":1024},{\"@type\":\"BreadcrumbList\",\"@id\":\"https:\\\/\\\/pmza.sk\\\/?p=10327#breadcrumb\",\"itemListElement\":[{\"@type\":\"ListItem\",\"position\":1,\"name\":\"Domovsk\u00e1 str\u00e1nka\",\"item\":\"https:\\\/\\\/pmza.sk\\\/\"},{\"@type\":\"ListItem\",\"position\":2,\"name\":\"Program sl\u00e1vnostn\u00e9ho otvorenia ve\u017ee &#8211; 13. 7. 2014\"}]},{\"@type\":\"WebSite\",\"@id\":\"https:\\\/\\\/pmza.sk\\\/#website\",\"url\":\"https:\\\/\\\/pmza.sk\\\/\",\"name\":\"Pova\u017esk\u00e9 m\u00fazeum\",\"description\":\"Pova\u017esk\u00e9 m\u00fazeum v \u017diline je region\u00e1lne m\u00fazeum so s\u00eddlom v Budat\u00edne. Jeho expoz\u00edcie s\u00fa zameran\u00e9 na dejiny slovensk\u00e9ho umenia, kult\u00fary a dopravy.\",\"publisher\":{\"@id\":\"https:\\\/\\\/pmza.sk\\\/#organization\"},\"potentialAction\":[{\"@type\":\"SearchAction\",\"target\":{\"@type\":\"EntryPoint\",\"urlTemplate\":\"https:\\\/\\\/pmza.sk\\\/?s={search_term_string}\"},\"query-input\":{\"@type\":\"PropertyValueSpecification\",\"valueRequired\":true,\"valueName\":\"search_term_string\"}}],\"inLanguage\":\"sk-SK\"},{\"@type\":\"Organization\",\"@id\":\"https:\\\/\\\/pmza.sk\\\/#organization\",\"name\":\"Pova\u017esk\u00e9 m\u00fazeum\",\"url\":\"https:\\\/\\\/pmza.sk\\\/\",\"logo\":{\"@type\":\"ImageObject\",\"inLanguage\":\"sk-SK\",\"@id\":\"https:\\\/\\\/pmza.sk\\\/#\\\/schema\\\/logo\\\/image\\\/\",\"url\":\"https:\\\/\\\/pmza.sk\\\/wp-content\\\/uploads\\\/2022\\\/01\\\/logo_PM_horizontal.jpg\",\"contentUrl\":\"https:\\\/\\\/pmza.sk\\\/wp-content\\\/uploads\\\/2022\\\/01\\\/logo_PM_horizontal.jpg\",\"width\":231,\"height\":142,\"caption\":\"Pova\u017esk\u00e9 m\u00fazeum\"},\"image\":{\"@id\":\"https:\\\/\\\/pmza.sk\\\/#\\\/schema\\\/logo\\\/image\\\/\"},\"sameAs\":[\"https:\\\/\\\/www.facebook.com\\\/povazskemuzeum\",\"https:\\\/\\\/www.instagram.com\\\/povazskemuzeum\\\/\"]},{\"@type\":\"Person\",\"@id\":\"https:\\\/\\\/pmza.sk\\\/#\\\/schema\\\/person\\\/595e6a2ce731ea94dcd5d7f50a41ae33\",\"name\":\"Pova\u017esk\u00e9 m\u00fazeum\",\"image\":{\"@type\":\"ImageObject\",\"inLanguage\":\"sk-SK\",\"@id\":\"https:\\\/\\\/secure.gravatar.com\\\/avatar\\\/2bb7f1561282132fb5826dfeccc66c7996d11ee392ac6aaf7ced8a1c2027fbb2?s=96&d=mm&r=g\",\"url\":\"https:\\\/\\\/secure.gravatar.com\\\/avatar\\\/2bb7f1561282132fb5826dfeccc66c7996d11ee392ac6aaf7ced8a1c2027fbb2?s=96&d=mm&r=g\",\"contentUrl\":\"https:\\\/\\\/secure.gravatar.com\\\/avatar\\\/2bb7f1561282132fb5826dfeccc66c7996d11ee392ac6aaf7ced8a1c2027fbb2?s=96&d=mm&r=g\",\"caption\":\"Pova\u017esk\u00e9 m\u00fazeum\"}}]}<\/script>\n<!-- \/ Yoast SEO plugin. -->","yoast_head_json":{"title":"Program sl\u00e1vnostn\u00e9ho otvorenia ve\u017ee - 13. 7. 2014 - Pova\u017esk\u00e9 m\u00fazeum","robots":{"index":"index","follow":"follow","max-snippet":"max-snippet:-1","max-image-preview":"max-image-preview:large","max-video-preview":"max-video-preview:-1"},"canonical":"https:\/\/pmza.sk\/?p=10327","og_locale":"sk_SK","og_type":"article","og_title":"Program sl\u00e1vnostn\u00e9ho otvorenia ve\u017ee - 13. 7. 2014 - Pova\u017esk\u00e9 m\u00fazeum","og_description":"Pova\u017esk\u00e9 m\u00fazeum v \u017diline pripravilo pri pr\u00edle\u017eitosti Sl\u00e1vnostn\u00e9ho otvorenia ve\u017ee Budat\u00ednskeho hradu bohat\u00fd program doplnen\u00fd o r\u00f4zne atrakcie a sprievodn\u00e9 podujatia. Sl\u00e1vnostn\u00e9 otvorenie sa bude kona\u0165 v nede\u013eu 13. j\u00fala 2014 o 13.00 h na ju\u017enej terase. Zrekon\u0161truovan\u00e1 ve\u017ea Budat\u00ednskeho hradu bude teda op\u00e4\u0165 pr\u00edstupn\u00e1 verejnosti. Sl\u00e1vnostn\u00e9ho otvorenia sa z\u00fa\u010dastn\u00ed predseda \u017dilinsk\u00e9ho samospr\u00e1vneho kraja (\u017dSK) [&hellip;]","og_url":"https:\/\/pmza.sk\/?p=10327","og_site_name":"Pova\u017esk\u00e9 m\u00fazeum","article_publisher":"https:\/\/www.facebook.com\/povazskemuzeum","article_published_time":"2014-07-11T13:16:42+00:00","og_image":[{"url":"https:\/\/pmza.sk\/wp-content\/uploads\/2014\/07\/Program-otvorenia-veze.jpg","type":"","width":"","height":""}],"author":"Pova\u017esk\u00e9 m\u00fazeum","twitter_card":"summary_large_image","twitter_misc":{"Autor":"Pova\u017esk\u00e9 m\u00fazeum","Predpokladan\u00fd \u010das \u010d\u00edtania":"1 min\u00fata"},"schema":{"@context":"https:\/\/schema.org","@graph":[{"@type":"Article","@id":"https:\/\/pmza.sk\/?p=10327#article","isPartOf":{"@id":"https:\/\/pmza.sk\/?p=10327"},"author":{"name":"Pova\u017esk\u00e9 m\u00fazeum","@id":"https:\/\/pmza.sk\/#\/schema\/person\/595e6a2ce731ea94dcd5d7f50a41ae33"},"headline":"Program sl\u00e1vnostn\u00e9ho otvorenia ve\u017ee &#8211; 13. 7. 2014","datePublished":"2014-07-11T13:16:42+00:00","mainEntityOfPage":{"@id":"https:\/\/pmza.sk\/?p=10327"},"wordCount":166,"publisher":{"@id":"https:\/\/pmza.sk\/#organization"},"image":{"@id":"https:\/\/pmza.sk\/?p=10327#primaryimage"},"thumbnailUrl":"https:\/\/pmza.sk\/wp-content\/uploads\/2014\/07\/Program-otvorenia-veze.jpg","articleSection":["Arch\u00edv 2014"],"inLanguage":"sk-SK"},{"@type":"WebPage","@id":"https:\/\/pmza.sk\/?p=10327","url":"https:\/\/pmza.sk\/?p=10327","name":"Program sl\u00e1vnostn\u00e9ho otvorenia ve\u017ee - 13. 7. 2014 - Pova\u017esk\u00e9 m\u00fazeum","isPartOf":{"@id":"https:\/\/pmza.sk\/#website"},"primaryImageOfPage":{"@id":"https:\/\/pmza.sk\/?p=10327#primaryimage"},"image":{"@id":"https:\/\/pmza.sk\/?p=10327#primaryimage"},"thumbnailUrl":"https:\/\/pmza.sk\/wp-content\/uploads\/2014\/07\/Program-otvorenia-veze.jpg","datePublished":"2014-07-11T13:16:42+00:00","breadcrumb":{"@id":"https:\/\/pmza.sk\/?p=10327#breadcrumb"},"inLanguage":"sk-SK","potentialAction":[{"@type":"ReadAction","target":["https:\/\/pmza.sk\/?p=10327"]}]},{"@type":"ImageObject","inLanguage":"sk-SK","@id":"https:\/\/pmza.sk\/?p=10327#primaryimage","url":"https:\/\/pmza.sk\/wp-content\/uploads\/2014\/07\/Program-otvorenia-veze.jpg","contentUrl":"https:\/\/pmza.sk\/wp-content\/uploads\/2014\/07\/Program-otvorenia-veze.jpg","width":724,"height":1024},{"@type":"BreadcrumbList","@id":"https:\/\/pmza.sk\/?p=10327#breadcrumb","itemListElement":[{"@type":"ListItem","position":1,"name":"Domovsk\u00e1 str\u00e1nka","item":"https:\/\/pmza.sk\/"},{"@type":"ListItem","position":2,"name":"Program sl\u00e1vnostn\u00e9ho otvorenia ve\u017ee &#8211; 13. 7. 2014"}]},{"@type":"WebSite","@id":"https:\/\/pmza.sk\/#website","url":"https:\/\/pmza.sk\/","name":"Pova\u017esk\u00e9 m\u00fazeum","description":"Pova\u017esk\u00e9 m\u00fazeum v \u017diline je region\u00e1lne m\u00fazeum so s\u00eddlom v Budat\u00edne. Jeho expoz\u00edcie s\u00fa zameran\u00e9 na dejiny slovensk\u00e9ho umenia, kult\u00fary a dopravy.","publisher":{"@id":"https:\/\/pmza.sk\/#organization"},"potentialAction":[{"@type":"SearchAction","target":{"@type":"EntryPoint","urlTemplate":"https:\/\/pmza.sk\/?s={search_term_string}"},"query-input":{"@type":"PropertyValueSpecification","valueRequired":true,"valueName":"search_term_string"}}],"inLanguage":"sk-SK"},{"@type":"Organization","@id":"https:\/\/pmza.sk\/#organization","name":"Pova\u017esk\u00e9 m\u00fazeum","url":"https:\/\/pmza.sk\/","logo":{"@type":"ImageObject","inLanguage":"sk-SK","@id":"https:\/\/pmza.sk\/#\/schema\/logo\/image\/","url":"https:\/\/pmza.sk\/wp-content\/uploads\/2022\/01\/logo_PM_horizontal.jpg","contentUrl":"https:\/\/pmza.sk\/wp-content\/uploads\/2022\/01\/logo_PM_horizontal.jpg","width":231,"height":142,"caption":"Pova\u017esk\u00e9 m\u00fazeum"},"image":{"@id":"https:\/\/pmza.sk\/#\/schema\/logo\/image\/"},"sameAs":["https:\/\/www.facebook.com\/povazskemuzeum","https:\/\/www.instagram.com\/povazskemuzeum\/"]},{"@type":"Person","@id":"https:\/\/pmza.sk\/#\/schema\/person\/595e6a2ce731ea94dcd5d7f50a41ae33","name":"Pova\u017esk\u00e9 m\u00fazeum","image":{"@type":"ImageObject","inLanguage":"sk-SK","@id":"https:\/\/secure.gravatar.com\/avatar\/2bb7f1561282132fb5826dfeccc66c7996d11ee392ac6aaf7ced8a1c2027fbb2?s=96&d=mm&r=g","url":"https:\/\/secure.gravatar.com\/avatar\/2bb7f1561282132fb5826dfeccc66c7996d11ee392ac6aaf7ced8a1c2027fbb2?s=96&d=mm&r=g","contentUrl":"https:\/\/secure.gravatar.com\/avatar\/2bb7f1561282132fb5826dfeccc66c7996d11ee392ac6aaf7ced8a1c2027fbb2?s=96&d=mm&r=g","caption":"Pova\u017esk\u00e9 m\u00fazeum"}}]}},"_links":{"self":[{"href":"https:\/\/pmza.sk\/index.php?rest_route=\/wp\/v2\/posts\/10327","targetHints":{"allow":["GET"]}}],"collection":[{"href":"https:\/\/pmza.sk\/index.php?rest_route=\/wp\/v2\/posts"}],"about":[{"href":"https:\/\/pmza.sk\/index.php?rest_route=\/wp\/v2\/types\/post"}],"author":[{"embeddable":true,"href":"https:\/\/pmza.sk\/index.php?rest_route=\/wp\/v2\/users\/2"}],"replies":[{"embeddable":true,"href":"https:\/\/pmza.sk\/index.php?rest_route=%2Fwp%2Fv2%2Fcomments&post=10327"}],"version-history":[{"count":0,"href":"https:\/\/pmza.sk\/index.php?rest_route=\/wp\/v2\/posts\/10327\/revisions"}],"wp:attachment":[{"href":"https:\/\/pmza.sk\/index.php?rest_route=%2Fwp%2Fv2%2Fmedia&parent=10327"}],"wp:term":[{"taxonomy":"category","embeddable":true,"href":"https:\/\/pmza.sk\/index.php?rest_route=%2Fwp%2Fv2%2Fcategories&post=10327"},{"taxonomy":"post_tag","embeddable":true,"href":"https:\/\/pmza.sk\/index.php?rest_route=%2Fwp%2Fv2%2Ftags&post=10327"}],"curies":[{"name":"wp","href":"https:\/\/api.w.org\/{rel}","templated":true}]}}