{"id":10398,"date":"2014-07-28T08:03:41","date_gmt":"2014-07-28T06:03:41","guid":{"rendered":"https:\/\/pmza.sk.sk\/?p=10398"},"modified":"2014-07-28T08:03:41","modified_gmt":"2014-07-28T06:03:41","slug":"tiene-hradu-strecno-nocna-prehliadka-1-augusta","status":"publish","type":"post","link":"https:\/\/pmza.sk\/?p=10398","title":{"rendered":"Tiene hradu Stre\u010dno &#8211; no\u010dn\u00e1 prehliadka 1. augusta"},"content":{"rendered":"<p><a href=\"https:\/\/pmza.sk\/wp-content\/uploads\/2014\/07\/Tiene-hradu-Strecno_new-scaled-1.jpg\"><img decoding=\"async\" class=\"alignleft  wp-image-10421\" alt=\"Tiene hradu Stre\u010dno_new_web\" src=\"https:\/\/pmza.sk\/wp-content\/uploads\/2014\/07\/Tiene-hradu-Strecno_new_web.jpg\" width=\"180\" height=\"257\" srcset=\"https:\/\/pmza.sk\/wp-content\/uploads\/2014\/07\/Tiene-hradu-Strecno_new_web.jpg 715w, https:\/\/pmza.sk\/wp-content\/uploads\/2014\/07\/Tiene-hradu-Strecno_new_web-251x360.jpg 251w, https:\/\/pmza.sk\/wp-content\/uploads\/2014\/07\/Tiene-hradu-Strecno_new_web-514x736.jpg 514w, https:\/\/pmza.sk\/wp-content\/uploads\/2014\/07\/Tiene-hradu-Strecno_new_web-600x859.jpg 600w\" sizes=\"(max-width: 180px) 100vw, 180px\" \/><\/a>Po \u00faspe\u0161n\u00fdch dvoch letn\u00fdch no\u010dn\u00fdch prehliadkach hradu Stre\u010dno a\u00a0stredovekej dediny Paseka je na rade \u010fal\u0161ia. Kona\u0165 sa bude 1. augusta 2014 od 20.00 do 23.00 hodiny. Do atmosf\u00e9ry d\u00e1vnych d\u00f4b n\u00e1v\u0161tevn\u00edkov uved\u00fa o\u017eiven\u00e9 v\u00fdznamn\u00e9, ale i zabudnut\u00e9 historick\u00e9 postavy.<\/p>\n<p>\u201e<i>Postavy d\u00e1vnej minulosti, mu\u017ei a \u017eeny vryt\u00ed do svetov\u00fdch a slovensk\u00fdch dej\u00edn, na chv\u00ed\u013eu znova o\u017eij\u00fa. Br\u00e1nu storo\u010d\u00ed odomkne 1. augusta no\u010dn\u00e1 prehliadka s\u00a0podtitulom Tiene hradu Stre\u010dno,\u201c<\/i> informovala spr\u00e1vky\u0148a hradu Stre\u010dno Katar\u00edna Rep\u00e1\u0148ov\u00e1. Prostredn\u00edctvom stv\u00e1rnenia divadeln\u00fdch adapt\u00e1ci\u00ed je mo\u017en\u00e9 dozvedie\u0165 sa o\u00a0\u0161tedrosti a\u00a0obetavosti uhorskej \u0161\u013eachti\u010dnej \u017dofie Bosniakovej vo\u010di poddan\u00fdm, najnov\u0161iu franc\u00fazsku m\u00f3du in\u0161pirovan\u00fa egyptsk\u00fdm umen\u00edm predstav\u00ed cis\u00e1r Napoleon Bonaparte so svojou man\u017eelkou Jozef\u00ednou. <!--more-->Okrem toho, hran\u00e9 prehliadky so sc\u00e9nkami pouk\u00e1\u017eu na vlad\u00e1rske starosti cis\u00e1ra Karola VI. a\u00a0takisto poodhalia z\u00e1kulisie bl\u00edzkeho priate\u013estva medzi cis\u00e1rovnou Sisi a\u00a0jej bratrancom Ludwigom Bavorsk\u00fdm.<\/p>\n<p>Tak\u00e9to jedine\u010dn\u00e9 stretnutie s\u00a0tie\u0148mi pr\u00edbehov d\u00e1vnych d\u00f4b sprostredkuj\u00fa \u010dlenovia divadelnej skupiny <i>teatro<\/i> ORLUS v\u00a0prv\u00fd augustov\u00fd ve\u010der od 20.00 do 23.00 prostredn\u00edctvom hran\u00fdch no\u010dn\u00fdch prehliadok so sc\u00e9nkami.<\/p>\n<p>Na hrad Stre\u010dno zav\u00edta aj &#8222;krvav\u00e1&#8220; gr\u00f3fka Al\u017ebeta B\u00e1thory. Na n\u00e1dvor\u00ed si vychutn\u00e1te pr\u00edbeh \u010cachtickej pani v nov\u00fdch s\u00favislostiach a navy\u0161e v komedi\u00e1lnom preveden\u00ed v\u010faka divadlu &#8222;Kapor na sc\u00e9ne&#8220; zo \u017diliny. Netradi\u010dn\u00fd n\u00e1h\u013ead do \u017eivota milovanej a nen\u00e1videnej &#8222;B\u00e1tori\u010dky&#8220; (Mi\u0161ka Pastorkov\u00e1) sprostredkuje komorn\u00e1 Dorota (Jarka Hatiarov\u00e1) a sluha Ficko (Luk\u00e1\u0161 Tandara).<\/p>\n<p>V\u010faka pracovn\u00edkom Krajskej hvezd\u00e1rne v \u017diline budeme m\u00f4c\u0165 op\u00e4\u0165 aj tento piatok pozorova\u0165 no\u010dn\u00fa oblohu.<\/p>\n<p>Po\u010das no\u010dnej prehliadky hradu bude v\u00a0\u010dase od 20.00 do 23.00 hod. spr\u00edstupnen\u00e1 aj stredovek\u00e1 dedina Paseka. Hrad Stre\u010dno bude v\u00a0tento de\u0148 v\u00a0be\u017enej prev\u00e1dzke, otvoren\u00e9 od 9.00 do 18.00, potom od 20.00 do 23.00 hod. Posledn\u00fd vstup je o\u00a022.30.<\/p>\n<p>No\u010dn\u00e9 prehliadky na hrade Stre\u010dno organizuje ka\u017edoro\u010dne Pova\u017esk\u00e9 m\u00fazeum v\u00a0\u017diline, ktor\u00e9 je v\u00a0zria\u010fovate\u013eskej p\u00f4sobnosti \u017dilinsk\u00e9ho samospr\u00e1vneho kraja.<\/p>\n","protected":false},"excerpt":{"rendered":"<p>Po \u00faspe\u0161n\u00fdch dvoch letn\u00fdch no\u010dn\u00fdch prehliadkach hradu Stre\u010dno a\u00a0stredovekej dediny Paseka je na rade \u010fal\u0161ia. Kona\u0165 sa bude 1. augusta 2014 od 20.00 do 23.00 hodiny. Do atmosf\u00e9ry d\u00e1vnych d\u00f4b n\u00e1v\u0161tevn\u00edkov uved\u00fa o\u017eiven\u00e9 v\u00fdznamn\u00e9, ale i zabudnut\u00e9 historick\u00e9 postavy. \u201ePostavy d\u00e1vnej minulosti, mu\u017ei a \u017eeny vryt\u00ed do svetov\u00fdch a slovensk\u00fdch dej\u00edn, na chv\u00ed\u013eu znova o\u017eij\u00fa. [&hellip;]<\/p>\n","protected":false},"author":2,"featured_media":0,"comment_status":"closed","ping_status":"closed","sticky":false,"template":"","format":"standard","meta":{"site-sidebar-layout":"default","site-content-layout":"","ast-site-content-layout":"","site-content-style":"default","site-sidebar-style":"default","ast-global-header-display":"","ast-banner-title-visibility":"","ast-main-header-display":"","ast-hfb-above-header-display":"","ast-hfb-below-header-display":"","ast-hfb-mobile-header-display":"","site-post-title":"","ast-breadcrumbs-content":"","ast-featured-img":"","footer-sml-layout":"","theme-transparent-header-meta":"","adv-header-id-meta":"","stick-header-meta":"","header-above-stick-meta":"","header-main-stick-meta":"","header-below-stick-meta":"","astra-migrate-meta-layouts":"default","ast-page-background-enabled":"default","ast-page-background-meta":{"desktop":{"background-color":"var(--ast-global-color-4)","background-image":"","background-repeat":"repeat","background-position":"center center","background-size":"auto","background-attachment":"scroll","background-type":"","background-media":"","overlay-type":"","overlay-color":"","overlay-opacity":"","overlay-gradient":""},"tablet":{"background-color":"","background-image":"","background-repeat":"repeat","background-position":"center center","background-size":"auto","background-attachment":"scroll","background-type":"","background-media":"","overlay-type":"","overlay-color":"","overlay-opacity":"","overlay-gradient":""},"mobile":{"background-color":"","background-image":"","background-repeat":"repeat","background-position":"center center","background-size":"auto","background-attachment":"scroll","background-type":"","background-media":"","overlay-type":"","overlay-color":"","overlay-opacity":"","overlay-gradient":""}},"ast-content-background-meta":{"desktop":{"background-color":"var(--ast-global-color-5)","background-image":"","background-repeat":"repeat","background-position":"center center","background-size":"auto","background-attachment":"scroll","background-type":"","background-media":"","overlay-type":"","overlay-color":"","overlay-opacity":"","overlay-gradient":""},"tablet":{"background-color":"var(--ast-global-color-5)","background-image":"","background-repeat":"repeat","background-position":"center center","background-size":"auto","background-attachment":"scroll","background-type":"","background-media":"","overlay-type":"","overlay-color":"","overlay-opacity":"","overlay-gradient":""},"mobile":{"background-color":"var(--ast-global-color-5)","background-image":"","background-repeat":"repeat","background-position":"center center","background-size":"auto","background-attachment":"scroll","background-type":"","background-media":"","overlay-type":"","overlay-color":"","overlay-opacity":"","overlay-gradient":""}},"footnotes":""},"categories":[36],"tags":[],"class_list":["post-10398","post","type-post","status-publish","format-standard","hentry","category-archiv-2014"],"yoast_head":"<!-- This site is optimized with the Yoast SEO plugin v27.4 - https:\/\/yoast.com\/product\/yoast-seo-wordpress\/ -->\n<title>Tiene hradu Stre\u010dno - no\u010dn\u00e1 prehliadka 1. augusta - Pova\u017esk\u00e9 m\u00fazeum<\/title>\n<meta name=\"robots\" content=\"index, follow, max-snippet:-1, max-image-preview:large, max-video-preview:-1\" \/>\n<link rel=\"canonical\" href=\"https:\/\/pmza.sk\/?p=10398\" \/>\n<meta property=\"og:locale\" content=\"sk_SK\" \/>\n<meta property=\"og:type\" content=\"article\" \/>\n<meta property=\"og:title\" content=\"Tiene hradu Stre\u010dno - no\u010dn\u00e1 prehliadka 1. augusta - Pova\u017esk\u00e9 m\u00fazeum\" \/>\n<meta property=\"og:description\" content=\"Po \u00faspe\u0161n\u00fdch dvoch letn\u00fdch no\u010dn\u00fdch prehliadkach hradu Stre\u010dno a\u00a0stredovekej dediny Paseka je na rade \u010fal\u0161ia. Kona\u0165 sa bude 1. augusta 2014 od 20.00 do 23.00 hodiny. Do atmosf\u00e9ry d\u00e1vnych d\u00f4b n\u00e1v\u0161tevn\u00edkov uved\u00fa o\u017eiven\u00e9 v\u00fdznamn\u00e9, ale i zabudnut\u00e9 historick\u00e9 postavy. \u201ePostavy d\u00e1vnej minulosti, mu\u017ei a \u017eeny vryt\u00ed do svetov\u00fdch a slovensk\u00fdch dej\u00edn, na chv\u00ed\u013eu znova o\u017eij\u00fa. [&hellip;]\" \/>\n<meta property=\"og:url\" content=\"https:\/\/pmza.sk\/?p=10398\" \/>\n<meta property=\"og:site_name\" content=\"Pova\u017esk\u00e9 m\u00fazeum\" \/>\n<meta property=\"article:publisher\" content=\"https:\/\/www.facebook.com\/povazskemuzeum\" \/>\n<meta property=\"article:published_time\" content=\"2014-07-28T06:03:41+00:00\" \/>\n<meta property=\"og:image\" content=\"https:\/\/pmza.sk\/wp-content\/uploads\/2014\/07\/Tiene-hradu-Strecno_new_web.jpg\" \/>\n<meta name=\"author\" content=\"Pova\u017esk\u00e9 m\u00fazeum\" \/>\n<meta name=\"twitter:card\" content=\"summary_large_image\" \/>\n<meta name=\"twitter:label1\" content=\"Autor\" \/>\n\t<meta name=\"twitter:data1\" content=\"Pova\u017esk\u00e9 m\u00fazeum\" \/>\n\t<meta name=\"twitter:label2\" content=\"Predpokladan\u00fd \u010das \u010d\u00edtania\" \/>\n\t<meta name=\"twitter:data2\" content=\"2 min\u00faty\" \/>\n<script type=\"application\/ld+json\" class=\"yoast-schema-graph\">{\"@context\":\"https:\\\/\\\/schema.org\",\"@graph\":[{\"@type\":\"Article\",\"@id\":\"https:\\\/\\\/pmza.sk\\\/?p=10398#article\",\"isPartOf\":{\"@id\":\"https:\\\/\\\/pmza.sk\\\/?p=10398\"},\"author\":{\"name\":\"Pova\u017esk\u00e9 m\u00fazeum\",\"@id\":\"https:\\\/\\\/pmza.sk\\\/#\\\/schema\\\/person\\\/595e6a2ce731ea94dcd5d7f50a41ae33\"},\"headline\":\"Tiene hradu Stre\u010dno &#8211; no\u010dn\u00e1 prehliadka 1. augusta\",\"datePublished\":\"2014-07-28T06:03:41+00:00\",\"mainEntityOfPage\":{\"@id\":\"https:\\\/\\\/pmza.sk\\\/?p=10398\"},\"wordCount\":394,\"publisher\":{\"@id\":\"https:\\\/\\\/pmza.sk\\\/#organization\"},\"image\":{\"@id\":\"https:\\\/\\\/pmza.sk\\\/?p=10398#primaryimage\"},\"thumbnailUrl\":\"http:\\\/\\\/pmza.sk\\\/wp-content\\\/uploads\\\/2014\\\/07\\\/Tiene-hradu-Strecno_new_web.jpg\",\"articleSection\":[\"Arch\u00edv 2014\"],\"inLanguage\":\"sk-SK\"},{\"@type\":\"WebPage\",\"@id\":\"https:\\\/\\\/pmza.sk\\\/?p=10398\",\"url\":\"https:\\\/\\\/pmza.sk\\\/?p=10398\",\"name\":\"Tiene hradu Stre\u010dno - no\u010dn\u00e1 prehliadka 1. augusta - Pova\u017esk\u00e9 m\u00fazeum\",\"isPartOf\":{\"@id\":\"https:\\\/\\\/pmza.sk\\\/#website\"},\"primaryImageOfPage\":{\"@id\":\"https:\\\/\\\/pmza.sk\\\/?p=10398#primaryimage\"},\"image\":{\"@id\":\"https:\\\/\\\/pmza.sk\\\/?p=10398#primaryimage\"},\"thumbnailUrl\":\"http:\\\/\\\/pmza.sk\\\/wp-content\\\/uploads\\\/2014\\\/07\\\/Tiene-hradu-Strecno_new_web.jpg\",\"datePublished\":\"2014-07-28T06:03:41+00:00\",\"breadcrumb\":{\"@id\":\"https:\\\/\\\/pmza.sk\\\/?p=10398#breadcrumb\"},\"inLanguage\":\"sk-SK\",\"potentialAction\":[{\"@type\":\"ReadAction\",\"target\":[\"https:\\\/\\\/pmza.sk\\\/?p=10398\"]}]},{\"@type\":\"ImageObject\",\"inLanguage\":\"sk-SK\",\"@id\":\"https:\\\/\\\/pmza.sk\\\/?p=10398#primaryimage\",\"url\":\"https:\\\/\\\/pmza.sk\\\/wp-content\\\/uploads\\\/2014\\\/07\\\/Tiene-hradu-Strecno_new_web.jpg\",\"contentUrl\":\"https:\\\/\\\/pmza.sk\\\/wp-content\\\/uploads\\\/2014\\\/07\\\/Tiene-hradu-Strecno_new_web.jpg\",\"width\":715,\"height\":1024},{\"@type\":\"BreadcrumbList\",\"@id\":\"https:\\\/\\\/pmza.sk\\\/?p=10398#breadcrumb\",\"itemListElement\":[{\"@type\":\"ListItem\",\"position\":1,\"name\":\"Domovsk\u00e1 str\u00e1nka\",\"item\":\"https:\\\/\\\/pmza.sk\\\/\"},{\"@type\":\"ListItem\",\"position\":2,\"name\":\"Tiene hradu Stre\u010dno &#8211; no\u010dn\u00e1 prehliadka 1. augusta\"}]},{\"@type\":\"WebSite\",\"@id\":\"https:\\\/\\\/pmza.sk\\\/#website\",\"url\":\"https:\\\/\\\/pmza.sk\\\/\",\"name\":\"Pova\u017esk\u00e9 m\u00fazeum\",\"description\":\"Pova\u017esk\u00e9 m\u00fazeum v \u017diline je region\u00e1lne m\u00fazeum so s\u00eddlom v Budat\u00edne. Jeho expoz\u00edcie s\u00fa zameran\u00e9 na dejiny slovensk\u00e9ho umenia, kult\u00fary a dopravy.\",\"publisher\":{\"@id\":\"https:\\\/\\\/pmza.sk\\\/#organization\"},\"potentialAction\":[{\"@type\":\"SearchAction\",\"target\":{\"@type\":\"EntryPoint\",\"urlTemplate\":\"https:\\\/\\\/pmza.sk\\\/?s={search_term_string}\"},\"query-input\":{\"@type\":\"PropertyValueSpecification\",\"valueRequired\":true,\"valueName\":\"search_term_string\"}}],\"inLanguage\":\"sk-SK\"},{\"@type\":\"Organization\",\"@id\":\"https:\\\/\\\/pmza.sk\\\/#organization\",\"name\":\"Pova\u017esk\u00e9 m\u00fazeum\",\"url\":\"https:\\\/\\\/pmza.sk\\\/\",\"logo\":{\"@type\":\"ImageObject\",\"inLanguage\":\"sk-SK\",\"@id\":\"https:\\\/\\\/pmza.sk\\\/#\\\/schema\\\/logo\\\/image\\\/\",\"url\":\"https:\\\/\\\/pmza.sk\\\/wp-content\\\/uploads\\\/2022\\\/01\\\/logo_PM_horizontal.jpg\",\"contentUrl\":\"https:\\\/\\\/pmza.sk\\\/wp-content\\\/uploads\\\/2022\\\/01\\\/logo_PM_horizontal.jpg\",\"width\":231,\"height\":142,\"caption\":\"Pova\u017esk\u00e9 m\u00fazeum\"},\"image\":{\"@id\":\"https:\\\/\\\/pmza.sk\\\/#\\\/schema\\\/logo\\\/image\\\/\"},\"sameAs\":[\"https:\\\/\\\/www.facebook.com\\\/povazskemuzeum\",\"https:\\\/\\\/www.instagram.com\\\/povazskemuzeum\\\/\"]},{\"@type\":\"Person\",\"@id\":\"https:\\\/\\\/pmza.sk\\\/#\\\/schema\\\/person\\\/595e6a2ce731ea94dcd5d7f50a41ae33\",\"name\":\"Pova\u017esk\u00e9 m\u00fazeum\",\"image\":{\"@type\":\"ImageObject\",\"inLanguage\":\"sk-SK\",\"@id\":\"https:\\\/\\\/secure.gravatar.com\\\/avatar\\\/2bb7f1561282132fb5826dfeccc66c7996d11ee392ac6aaf7ced8a1c2027fbb2?s=96&d=mm&r=g\",\"url\":\"https:\\\/\\\/secure.gravatar.com\\\/avatar\\\/2bb7f1561282132fb5826dfeccc66c7996d11ee392ac6aaf7ced8a1c2027fbb2?s=96&d=mm&r=g\",\"contentUrl\":\"https:\\\/\\\/secure.gravatar.com\\\/avatar\\\/2bb7f1561282132fb5826dfeccc66c7996d11ee392ac6aaf7ced8a1c2027fbb2?s=96&d=mm&r=g\",\"caption\":\"Pova\u017esk\u00e9 m\u00fazeum\"}}]}<\/script>\n<!-- \/ Yoast SEO plugin. -->","yoast_head_json":{"title":"Tiene hradu Stre\u010dno - no\u010dn\u00e1 prehliadka 1. augusta - Pova\u017esk\u00e9 m\u00fazeum","robots":{"index":"index","follow":"follow","max-snippet":"max-snippet:-1","max-image-preview":"max-image-preview:large","max-video-preview":"max-video-preview:-1"},"canonical":"https:\/\/pmza.sk\/?p=10398","og_locale":"sk_SK","og_type":"article","og_title":"Tiene hradu Stre\u010dno - no\u010dn\u00e1 prehliadka 1. augusta - Pova\u017esk\u00e9 m\u00fazeum","og_description":"Po \u00faspe\u0161n\u00fdch dvoch letn\u00fdch no\u010dn\u00fdch prehliadkach hradu Stre\u010dno a\u00a0stredovekej dediny Paseka je na rade \u010fal\u0161ia. Kona\u0165 sa bude 1. augusta 2014 od 20.00 do 23.00 hodiny. Do atmosf\u00e9ry d\u00e1vnych d\u00f4b n\u00e1v\u0161tevn\u00edkov uved\u00fa o\u017eiven\u00e9 v\u00fdznamn\u00e9, ale i zabudnut\u00e9 historick\u00e9 postavy. \u201ePostavy d\u00e1vnej minulosti, mu\u017ei a \u017eeny vryt\u00ed do svetov\u00fdch a slovensk\u00fdch dej\u00edn, na chv\u00ed\u013eu znova o\u017eij\u00fa. [&hellip;]","og_url":"https:\/\/pmza.sk\/?p=10398","og_site_name":"Pova\u017esk\u00e9 m\u00fazeum","article_publisher":"https:\/\/www.facebook.com\/povazskemuzeum","article_published_time":"2014-07-28T06:03:41+00:00","og_image":[{"url":"https:\/\/pmza.sk\/wp-content\/uploads\/2014\/07\/Tiene-hradu-Strecno_new_web.jpg","type":"","width":"","height":""}],"author":"Pova\u017esk\u00e9 m\u00fazeum","twitter_card":"summary_large_image","twitter_misc":{"Autor":"Pova\u017esk\u00e9 m\u00fazeum","Predpokladan\u00fd \u010das \u010d\u00edtania":"2 min\u00faty"},"schema":{"@context":"https:\/\/schema.org","@graph":[{"@type":"Article","@id":"https:\/\/pmza.sk\/?p=10398#article","isPartOf":{"@id":"https:\/\/pmza.sk\/?p=10398"},"author":{"name":"Pova\u017esk\u00e9 m\u00fazeum","@id":"https:\/\/pmza.sk\/#\/schema\/person\/595e6a2ce731ea94dcd5d7f50a41ae33"},"headline":"Tiene hradu Stre\u010dno &#8211; no\u010dn\u00e1 prehliadka 1. augusta","datePublished":"2014-07-28T06:03:41+00:00","mainEntityOfPage":{"@id":"https:\/\/pmza.sk\/?p=10398"},"wordCount":394,"publisher":{"@id":"https:\/\/pmza.sk\/#organization"},"image":{"@id":"https:\/\/pmza.sk\/?p=10398#primaryimage"},"thumbnailUrl":"https:\/\/pmza.sk\/wp-content\/uploads\/2014\/07\/Tiene-hradu-Strecno_new_web.jpg","articleSection":["Arch\u00edv 2014"],"inLanguage":"sk-SK"},{"@type":"WebPage","@id":"https:\/\/pmza.sk\/?p=10398","url":"https:\/\/pmza.sk\/?p=10398","name":"Tiene hradu Stre\u010dno - no\u010dn\u00e1 prehliadka 1. augusta - Pova\u017esk\u00e9 m\u00fazeum","isPartOf":{"@id":"https:\/\/pmza.sk\/#website"},"primaryImageOfPage":{"@id":"https:\/\/pmza.sk\/?p=10398#primaryimage"},"image":{"@id":"https:\/\/pmza.sk\/?p=10398#primaryimage"},"thumbnailUrl":"https:\/\/pmza.sk\/wp-content\/uploads\/2014\/07\/Tiene-hradu-Strecno_new_web.jpg","datePublished":"2014-07-28T06:03:41+00:00","breadcrumb":{"@id":"https:\/\/pmza.sk\/?p=10398#breadcrumb"},"inLanguage":"sk-SK","potentialAction":[{"@type":"ReadAction","target":["https:\/\/pmza.sk\/?p=10398"]}]},{"@type":"ImageObject","inLanguage":"sk-SK","@id":"https:\/\/pmza.sk\/?p=10398#primaryimage","url":"https:\/\/pmza.sk\/wp-content\/uploads\/2014\/07\/Tiene-hradu-Strecno_new_web.jpg","contentUrl":"https:\/\/pmza.sk\/wp-content\/uploads\/2014\/07\/Tiene-hradu-Strecno_new_web.jpg","width":715,"height":1024},{"@type":"BreadcrumbList","@id":"https:\/\/pmza.sk\/?p=10398#breadcrumb","itemListElement":[{"@type":"ListItem","position":1,"name":"Domovsk\u00e1 str\u00e1nka","item":"https:\/\/pmza.sk\/"},{"@type":"ListItem","position":2,"name":"Tiene hradu Stre\u010dno &#8211; no\u010dn\u00e1 prehliadka 1. augusta"}]},{"@type":"WebSite","@id":"https:\/\/pmza.sk\/#website","url":"https:\/\/pmza.sk\/","name":"Pova\u017esk\u00e9 m\u00fazeum","description":"Pova\u017esk\u00e9 m\u00fazeum v \u017diline je region\u00e1lne m\u00fazeum so s\u00eddlom v Budat\u00edne. Jeho expoz\u00edcie s\u00fa zameran\u00e9 na dejiny slovensk\u00e9ho umenia, kult\u00fary a dopravy.","publisher":{"@id":"https:\/\/pmza.sk\/#organization"},"potentialAction":[{"@type":"SearchAction","target":{"@type":"EntryPoint","urlTemplate":"https:\/\/pmza.sk\/?s={search_term_string}"},"query-input":{"@type":"PropertyValueSpecification","valueRequired":true,"valueName":"search_term_string"}}],"inLanguage":"sk-SK"},{"@type":"Organization","@id":"https:\/\/pmza.sk\/#organization","name":"Pova\u017esk\u00e9 m\u00fazeum","url":"https:\/\/pmza.sk\/","logo":{"@type":"ImageObject","inLanguage":"sk-SK","@id":"https:\/\/pmza.sk\/#\/schema\/logo\/image\/","url":"https:\/\/pmza.sk\/wp-content\/uploads\/2022\/01\/logo_PM_horizontal.jpg","contentUrl":"https:\/\/pmza.sk\/wp-content\/uploads\/2022\/01\/logo_PM_horizontal.jpg","width":231,"height":142,"caption":"Pova\u017esk\u00e9 m\u00fazeum"},"image":{"@id":"https:\/\/pmza.sk\/#\/schema\/logo\/image\/"},"sameAs":["https:\/\/www.facebook.com\/povazskemuzeum","https:\/\/www.instagram.com\/povazskemuzeum\/"]},{"@type":"Person","@id":"https:\/\/pmza.sk\/#\/schema\/person\/595e6a2ce731ea94dcd5d7f50a41ae33","name":"Pova\u017esk\u00e9 m\u00fazeum","image":{"@type":"ImageObject","inLanguage":"sk-SK","@id":"https:\/\/secure.gravatar.com\/avatar\/2bb7f1561282132fb5826dfeccc66c7996d11ee392ac6aaf7ced8a1c2027fbb2?s=96&d=mm&r=g","url":"https:\/\/secure.gravatar.com\/avatar\/2bb7f1561282132fb5826dfeccc66c7996d11ee392ac6aaf7ced8a1c2027fbb2?s=96&d=mm&r=g","contentUrl":"https:\/\/secure.gravatar.com\/avatar\/2bb7f1561282132fb5826dfeccc66c7996d11ee392ac6aaf7ced8a1c2027fbb2?s=96&d=mm&r=g","caption":"Pova\u017esk\u00e9 m\u00fazeum"}}]}},"_links":{"self":[{"href":"https:\/\/pmza.sk\/index.php?rest_route=\/wp\/v2\/posts\/10398","targetHints":{"allow":["GET"]}}],"collection":[{"href":"https:\/\/pmza.sk\/index.php?rest_route=\/wp\/v2\/posts"}],"about":[{"href":"https:\/\/pmza.sk\/index.php?rest_route=\/wp\/v2\/types\/post"}],"author":[{"embeddable":true,"href":"https:\/\/pmza.sk\/index.php?rest_route=\/wp\/v2\/users\/2"}],"replies":[{"embeddable":true,"href":"https:\/\/pmza.sk\/index.php?rest_route=%2Fwp%2Fv2%2Fcomments&post=10398"}],"version-history":[{"count":0,"href":"https:\/\/pmza.sk\/index.php?rest_route=\/wp\/v2\/posts\/10398\/revisions"}],"wp:attachment":[{"href":"https:\/\/pmza.sk\/index.php?rest_route=%2Fwp%2Fv2%2Fmedia&parent=10398"}],"wp:term":[{"taxonomy":"category","embeddable":true,"href":"https:\/\/pmza.sk\/index.php?rest_route=%2Fwp%2Fv2%2Fcategories&post=10398"},{"taxonomy":"post_tag","embeddable":true,"href":"https:\/\/pmza.sk\/index.php?rest_route=%2Fwp%2Fv2%2Ftags&post=10398"}],"curies":[{"name":"wp","href":"https:\/\/api.w.org\/{rel}","templated":true}]}}