{"id":10407,"date":"2014-07-23T09:40:47","date_gmt":"2014-07-23T07:40:47","guid":{"rendered":"https:\/\/pmza.sk.sk\/?p=10407"},"modified":"2014-07-23T09:40:47","modified_gmt":"2014-07-23T07:40:47","slug":"po-stopach-janosikovho-pokladu","status":"publish","type":"post","link":"https:\/\/pmza.sk\/?p=10407","title":{"rendered":"Po stop\u00e1ch J\u00e1no\u0161\u00edkovho pokladu"},"content":{"rendered":"<p><a href=\"https:\/\/pmza.sk\/wp-content\/uploads\/2014\/07\/Janosikove-dni-plagat-A4-scaled-1.jpg\"><img fetchpriority=\"high\" decoding=\"async\" class=\"alignleft  wp-image-10405\" alt=\"J\u00e1no\u0161\u00edkove dni plag\u00e1t web\" src=\"https:\/\/pmza.sk\/wp-content\/uploads\/2014\/07\/Janosikove-dni-plagat-web.jpg\" width=\"202\" height=\"287\" srcset=\"https:\/\/pmza.sk\/wp-content\/uploads\/2014\/07\/Janosikove-dni-plagat-web.jpg 723w, https:\/\/pmza.sk\/wp-content\/uploads\/2014\/07\/Janosikove-dni-plagat-web-254x360.jpg 254w, https:\/\/pmza.sk\/wp-content\/uploads\/2014\/07\/Janosikove-dni-plagat-web-520x736.jpg 520w, https:\/\/pmza.sk\/wp-content\/uploads\/2014\/07\/Janosikove-dni-plagat-web-600x850.jpg 600w\" sizes=\"(max-width: 202px) 100vw, 202px\" \/><\/a>Pova\u017esk\u00e9 m\u00fazeum v \u017diline sa akt\u00edvne podie\u013ea na programe Medzin\u00e1rodn\u00e9ho folkl\u00f3rneho festivalu J\u00e1no\u0161\u00edkove dni v Terchovej (25. &#8211; 27. 7. 2014) interakt\u00edvnym podujat\u00edm pre deti <strong>Po stop\u00e1ch J\u00e1no\u0161\u00edkovho pokladu<\/strong>, ktor\u00e9 sa uskuto\u010dn\u00ed <strong>v sobotu 26. j\u00fala<\/strong> pred expoz\u00edciou J\u00e1no\u0161\u00edk a Terchov\u00e1 v \u010dase od 10.00 hodiny. Spolu s na\u0161imi \u00fa\u010dastn\u00edkmi budeme pred budovou na\u0161ej expoz\u00edcie h\u013eada\u0165 poklad v\u010faka mno\u017estvu ind\u00edci\u00ed a kv\u00edzov, razi\u0165 duk\u00e1t s j\u00e1no\u0161\u00edkovskou tematikou, ch\u00fdba\u0165 nebude hudobn\u00fd facepainting, teda ma\u013eovanie hudobn\u00fdch mot\u00edvov na tv\u00e1r, zapletanie j\u00e1no\u0161\u00edkovsk\u00fdch vrko\u010dov \u010di kriedokresba (tematick\u00e9 kreslenie). V pr\u00edpade nepriazniv\u00e9ho po\u010dasia sa podujatie PMZA presunie do priestorov kinos\u00e1ly.<\/p>\n<p>Aktu\u00e1lne je v na\u0161ej\u00a0expoz\u00edcii nain\u0161talovan\u00e1 v\u00fdstava prisp\u00f4soben\u00e1 l\u00ednii J\u00e1no\u0161\u00edkov\u00fdch dn\u00ed a\u00a0zaradeniu terchovskej muziky do Svetov\u00e9ho zoznamu nehmotn\u00e9ho kult\u00farneho <!--more-->dedi\u010dstva \u013eudstva UNESCO. Na v\u00fdstave si m\u00f4\u017eu n\u00e1v\u0161tevn\u00edci pozrie\u0165 tradi\u010dn\u00e9 terchovsk\u00e9 hudobn\u00e9 n\u00e1stroje \u2013 basi\u010dky, j\u00e1no\u0161\u00edkovsk\u00e9 husle, p\u00ed\u0161\u0165alky, zvonce, fujary&#8230;<\/p>\n<p style=\"text-align: center;\"><a href=\"https:\/\/pmza.sk\/wp-content\/uploads\/2014\/07\/vystava-v-Terchovej-jul-2014.jpg\"><img decoding=\"async\" class=\"size-full wp-image-10409 aligncenter\" alt=\"v\u00fdstava v Terchovej - j\u00fal 2014\" src=\"https:\/\/pmza.sk\/wp-content\/uploads\/2014\/07\/vystava-v-Terchovej-jul-2014.jpg\" width=\"345\" height=\"266\" srcset=\"https:\/\/pmza.sk\/wp-content\/uploads\/2014\/07\/vystava-v-Terchovej-jul-2014.jpg 514w, https:\/\/pmza.sk\/wp-content\/uploads\/2014\/07\/vystava-v-Terchovej-jul-2014-468x360.jpg 468w\" sizes=\"(max-width: 345px) 100vw, 345px\" \/><\/a>V\u00fdstava zameran\u00e1 na terchovsk\u00fa muziku.<\/p>\n<p>&nbsp;<\/p>\n<p>Expoz\u00edcia J\u00e1no\u0161\u00edk a\u00a0Terchov\u00e1 je venovan\u00e1 legend\u00e1rnemu \u013eudov\u00e9mu hrdinovi a\u00a0jeho rodisku. Rozsiahla expoz\u00edcia je rozdelen\u00e1 do nieko\u013ek\u00fdch tematick\u00fdch celkov, pod\u00e1vaj\u00facich ucelen\u00fd obraz o\u00a0hist\u00f3rii a\u00a0n\u00e1rodopise obce Terchov\u00e1, jej jadrom je v\u0161ak Juraj J\u00e1no\u0161\u00edk ako historick\u00e1 aj\u00a0legend\u00e1rna osobnos\u0165.<\/p>\n","protected":false},"excerpt":{"rendered":"<p>Pova\u017esk\u00e9 m\u00fazeum v \u017diline sa akt\u00edvne podie\u013ea na programe Medzin\u00e1rodn\u00e9ho folkl\u00f3rneho festivalu J\u00e1no\u0161\u00edkove dni v Terchovej (25. &#8211; 27. 7. 2014) interakt\u00edvnym podujat\u00edm pre deti Po stop\u00e1ch J\u00e1no\u0161\u00edkovho pokladu, ktor\u00e9 sa uskuto\u010dn\u00ed v sobotu 26. j\u00fala pred expoz\u00edciou J\u00e1no\u0161\u00edk a Terchov\u00e1 v \u010dase od 10.00 hodiny. Spolu s na\u0161imi \u00fa\u010dastn\u00edkmi budeme pred budovou na\u0161ej expoz\u00edcie [&hellip;]<\/p>\n","protected":false},"author":2,"featured_media":0,"comment_status":"closed","ping_status":"closed","sticky":false,"template":"","format":"standard","meta":{"site-sidebar-layout":"default","site-content-layout":"","ast-site-content-layout":"","site-content-style":"default","site-sidebar-style":"default","ast-global-header-display":"","ast-banner-title-visibility":"","ast-main-header-display":"","ast-hfb-above-header-display":"","ast-hfb-below-header-display":"","ast-hfb-mobile-header-display":"","site-post-title":"","ast-breadcrumbs-content":"","ast-featured-img":"","footer-sml-layout":"","theme-transparent-header-meta":"","adv-header-id-meta":"","stick-header-meta":"","header-above-stick-meta":"","header-main-stick-meta":"","header-below-stick-meta":"","astra-migrate-meta-layouts":"default","ast-page-background-enabled":"default","ast-page-background-meta":{"desktop":{"background-color":"var(--ast-global-color-4)","background-image":"","background-repeat":"repeat","background-position":"center center","background-size":"auto","background-attachment":"scroll","background-type":"","background-media":"","overlay-type":"","overlay-color":"","overlay-opacity":"","overlay-gradient":""},"tablet":{"background-color":"","background-image":"","background-repeat":"repeat","background-position":"center center","background-size":"auto","background-attachment":"scroll","background-type":"","background-media":"","overlay-type":"","overlay-color":"","overlay-opacity":"","overlay-gradient":""},"mobile":{"background-color":"","background-image":"","background-repeat":"repeat","background-position":"center center","background-size":"auto","background-attachment":"scroll","background-type":"","background-media":"","overlay-type":"","overlay-color":"","overlay-opacity":"","overlay-gradient":""}},"ast-content-background-meta":{"desktop":{"background-color":"var(--ast-global-color-5)","background-image":"","background-repeat":"repeat","background-position":"center center","background-size":"auto","background-attachment":"scroll","background-type":"","background-media":"","overlay-type":"","overlay-color":"","overlay-opacity":"","overlay-gradient":""},"tablet":{"background-color":"var(--ast-global-color-5)","background-image":"","background-repeat":"repeat","background-position":"center center","background-size":"auto","background-attachment":"scroll","background-type":"","background-media":"","overlay-type":"","overlay-color":"","overlay-opacity":"","overlay-gradient":""},"mobile":{"background-color":"var(--ast-global-color-5)","background-image":"","background-repeat":"repeat","background-position":"center center","background-size":"auto","background-attachment":"scroll","background-type":"","background-media":"","overlay-type":"","overlay-color":"","overlay-opacity":"","overlay-gradient":""}},"footnotes":""},"categories":[36],"tags":[],"class_list":["post-10407","post","type-post","status-publish","format-standard","hentry","category-archiv-2014"],"yoast_head":"<!-- This site is optimized with the Yoast SEO plugin v27.4 - https:\/\/yoast.com\/product\/yoast-seo-wordpress\/ -->\n<title>Po stop\u00e1ch J\u00e1no\u0161\u00edkovho pokladu - Pova\u017esk\u00e9 m\u00fazeum<\/title>\n<meta name=\"robots\" content=\"index, follow, max-snippet:-1, max-image-preview:large, max-video-preview:-1\" \/>\n<link rel=\"canonical\" href=\"https:\/\/pmza.sk\/?p=10407\" \/>\n<meta property=\"og:locale\" content=\"sk_SK\" \/>\n<meta property=\"og:type\" content=\"article\" \/>\n<meta property=\"og:title\" content=\"Po stop\u00e1ch J\u00e1no\u0161\u00edkovho pokladu - Pova\u017esk\u00e9 m\u00fazeum\" \/>\n<meta property=\"og:description\" content=\"Pova\u017esk\u00e9 m\u00fazeum v \u017diline sa akt\u00edvne podie\u013ea na programe Medzin\u00e1rodn\u00e9ho folkl\u00f3rneho festivalu J\u00e1no\u0161\u00edkove dni v Terchovej (25. &#8211; 27. 7. 2014) interakt\u00edvnym podujat\u00edm pre deti Po stop\u00e1ch J\u00e1no\u0161\u00edkovho pokladu, ktor\u00e9 sa uskuto\u010dn\u00ed v sobotu 26. j\u00fala pred expoz\u00edciou J\u00e1no\u0161\u00edk a Terchov\u00e1 v \u010dase od 10.00 hodiny. Spolu s na\u0161imi \u00fa\u010dastn\u00edkmi budeme pred budovou na\u0161ej expoz\u00edcie [&hellip;]\" \/>\n<meta property=\"og:url\" content=\"https:\/\/pmza.sk\/?p=10407\" \/>\n<meta property=\"og:site_name\" content=\"Pova\u017esk\u00e9 m\u00fazeum\" \/>\n<meta property=\"article:publisher\" content=\"https:\/\/www.facebook.com\/povazskemuzeum\" \/>\n<meta property=\"article:published_time\" content=\"2014-07-23T07:40:47+00:00\" \/>\n<meta property=\"og:image\" content=\"https:\/\/pmza.sk\/wp-content\/uploads\/2014\/07\/Janosikove-dni-plagat-web.jpg\" \/>\n<meta name=\"author\" content=\"Pova\u017esk\u00e9 m\u00fazeum\" \/>\n<meta name=\"twitter:card\" content=\"summary_large_image\" \/>\n<meta name=\"twitter:label1\" content=\"Autor\" \/>\n\t<meta name=\"twitter:data1\" content=\"Pova\u017esk\u00e9 m\u00fazeum\" \/>\n\t<meta name=\"twitter:label2\" content=\"Predpokladan\u00fd \u010das \u010d\u00edtania\" \/>\n\t<meta name=\"twitter:data2\" content=\"1 min\u00fata\" \/>\n<script type=\"application\/ld+json\" class=\"yoast-schema-graph\">{\"@context\":\"https:\\\/\\\/schema.org\",\"@graph\":[{\"@type\":\"Article\",\"@id\":\"https:\\\/\\\/pmza.sk\\\/?p=10407#article\",\"isPartOf\":{\"@id\":\"https:\\\/\\\/pmza.sk\\\/?p=10407\"},\"author\":{\"name\":\"Pova\u017esk\u00e9 m\u00fazeum\",\"@id\":\"https:\\\/\\\/pmza.sk\\\/#\\\/schema\\\/person\\\/595e6a2ce731ea94dcd5d7f50a41ae33\"},\"headline\":\"Po stop\u00e1ch J\u00e1no\u0161\u00edkovho pokladu\",\"datePublished\":\"2014-07-23T07:40:47+00:00\",\"mainEntityOfPage\":{\"@id\":\"https:\\\/\\\/pmza.sk\\\/?p=10407\"},\"wordCount\":268,\"publisher\":{\"@id\":\"https:\\\/\\\/pmza.sk\\\/#organization\"},\"image\":{\"@id\":\"https:\\\/\\\/pmza.sk\\\/?p=10407#primaryimage\"},\"thumbnailUrl\":\"http:\\\/\\\/pmza.sk\\\/wp-content\\\/uploads\\\/2014\\\/07\\\/Janosikove-dni-plagat-web.jpg\",\"articleSection\":[\"Arch\u00edv 2014\"],\"inLanguage\":\"sk-SK\"},{\"@type\":\"WebPage\",\"@id\":\"https:\\\/\\\/pmza.sk\\\/?p=10407\",\"url\":\"https:\\\/\\\/pmza.sk\\\/?p=10407\",\"name\":\"Po stop\u00e1ch J\u00e1no\u0161\u00edkovho pokladu - Pova\u017esk\u00e9 m\u00fazeum\",\"isPartOf\":{\"@id\":\"https:\\\/\\\/pmza.sk\\\/#website\"},\"primaryImageOfPage\":{\"@id\":\"https:\\\/\\\/pmza.sk\\\/?p=10407#primaryimage\"},\"image\":{\"@id\":\"https:\\\/\\\/pmza.sk\\\/?p=10407#primaryimage\"},\"thumbnailUrl\":\"http:\\\/\\\/pmza.sk\\\/wp-content\\\/uploads\\\/2014\\\/07\\\/Janosikove-dni-plagat-web.jpg\",\"datePublished\":\"2014-07-23T07:40:47+00:00\",\"breadcrumb\":{\"@id\":\"https:\\\/\\\/pmza.sk\\\/?p=10407#breadcrumb\"},\"inLanguage\":\"sk-SK\",\"potentialAction\":[{\"@type\":\"ReadAction\",\"target\":[\"https:\\\/\\\/pmza.sk\\\/?p=10407\"]}]},{\"@type\":\"ImageObject\",\"inLanguage\":\"sk-SK\",\"@id\":\"https:\\\/\\\/pmza.sk\\\/?p=10407#primaryimage\",\"url\":\"https:\\\/\\\/pmza.sk\\\/wp-content\\\/uploads\\\/2014\\\/07\\\/Janosikove-dni-plagat-web.jpg\",\"contentUrl\":\"https:\\\/\\\/pmza.sk\\\/wp-content\\\/uploads\\\/2014\\\/07\\\/Janosikove-dni-plagat-web.jpg\",\"width\":723,\"height\":1024},{\"@type\":\"BreadcrumbList\",\"@id\":\"https:\\\/\\\/pmza.sk\\\/?p=10407#breadcrumb\",\"itemListElement\":[{\"@type\":\"ListItem\",\"position\":1,\"name\":\"Domovsk\u00e1 str\u00e1nka\",\"item\":\"https:\\\/\\\/pmza.sk\\\/\"},{\"@type\":\"ListItem\",\"position\":2,\"name\":\"Po stop\u00e1ch J\u00e1no\u0161\u00edkovho pokladu\"}]},{\"@type\":\"WebSite\",\"@id\":\"https:\\\/\\\/pmza.sk\\\/#website\",\"url\":\"https:\\\/\\\/pmza.sk\\\/\",\"name\":\"Pova\u017esk\u00e9 m\u00fazeum\",\"description\":\"Pova\u017esk\u00e9 m\u00fazeum v \u017diline je region\u00e1lne m\u00fazeum so s\u00eddlom v Budat\u00edne. Jeho expoz\u00edcie s\u00fa zameran\u00e9 na dejiny slovensk\u00e9ho umenia, kult\u00fary a dopravy.\",\"publisher\":{\"@id\":\"https:\\\/\\\/pmza.sk\\\/#organization\"},\"potentialAction\":[{\"@type\":\"SearchAction\",\"target\":{\"@type\":\"EntryPoint\",\"urlTemplate\":\"https:\\\/\\\/pmza.sk\\\/?s={search_term_string}\"},\"query-input\":{\"@type\":\"PropertyValueSpecification\",\"valueRequired\":true,\"valueName\":\"search_term_string\"}}],\"inLanguage\":\"sk-SK\"},{\"@type\":\"Organization\",\"@id\":\"https:\\\/\\\/pmza.sk\\\/#organization\",\"name\":\"Pova\u017esk\u00e9 m\u00fazeum\",\"url\":\"https:\\\/\\\/pmza.sk\\\/\",\"logo\":{\"@type\":\"ImageObject\",\"inLanguage\":\"sk-SK\",\"@id\":\"https:\\\/\\\/pmza.sk\\\/#\\\/schema\\\/logo\\\/image\\\/\",\"url\":\"https:\\\/\\\/pmza.sk\\\/wp-content\\\/uploads\\\/2022\\\/01\\\/logo_PM_horizontal.jpg\",\"contentUrl\":\"https:\\\/\\\/pmza.sk\\\/wp-content\\\/uploads\\\/2022\\\/01\\\/logo_PM_horizontal.jpg\",\"width\":231,\"height\":142,\"caption\":\"Pova\u017esk\u00e9 m\u00fazeum\"},\"image\":{\"@id\":\"https:\\\/\\\/pmza.sk\\\/#\\\/schema\\\/logo\\\/image\\\/\"},\"sameAs\":[\"https:\\\/\\\/www.facebook.com\\\/povazskemuzeum\",\"https:\\\/\\\/www.instagram.com\\\/povazskemuzeum\\\/\"]},{\"@type\":\"Person\",\"@id\":\"https:\\\/\\\/pmza.sk\\\/#\\\/schema\\\/person\\\/595e6a2ce731ea94dcd5d7f50a41ae33\",\"name\":\"Pova\u017esk\u00e9 m\u00fazeum\",\"image\":{\"@type\":\"ImageObject\",\"inLanguage\":\"sk-SK\",\"@id\":\"https:\\\/\\\/secure.gravatar.com\\\/avatar\\\/2bb7f1561282132fb5826dfeccc66c7996d11ee392ac6aaf7ced8a1c2027fbb2?s=96&d=mm&r=g\",\"url\":\"https:\\\/\\\/secure.gravatar.com\\\/avatar\\\/2bb7f1561282132fb5826dfeccc66c7996d11ee392ac6aaf7ced8a1c2027fbb2?s=96&d=mm&r=g\",\"contentUrl\":\"https:\\\/\\\/secure.gravatar.com\\\/avatar\\\/2bb7f1561282132fb5826dfeccc66c7996d11ee392ac6aaf7ced8a1c2027fbb2?s=96&d=mm&r=g\",\"caption\":\"Pova\u017esk\u00e9 m\u00fazeum\"}}]}<\/script>\n<!-- \/ Yoast SEO plugin. -->","yoast_head_json":{"title":"Po stop\u00e1ch J\u00e1no\u0161\u00edkovho pokladu - Pova\u017esk\u00e9 m\u00fazeum","robots":{"index":"index","follow":"follow","max-snippet":"max-snippet:-1","max-image-preview":"max-image-preview:large","max-video-preview":"max-video-preview:-1"},"canonical":"https:\/\/pmza.sk\/?p=10407","og_locale":"sk_SK","og_type":"article","og_title":"Po stop\u00e1ch J\u00e1no\u0161\u00edkovho pokladu - Pova\u017esk\u00e9 m\u00fazeum","og_description":"Pova\u017esk\u00e9 m\u00fazeum v \u017diline sa akt\u00edvne podie\u013ea na programe Medzin\u00e1rodn\u00e9ho folkl\u00f3rneho festivalu J\u00e1no\u0161\u00edkove dni v Terchovej (25. &#8211; 27. 7. 2014) interakt\u00edvnym podujat\u00edm pre deti Po stop\u00e1ch J\u00e1no\u0161\u00edkovho pokladu, ktor\u00e9 sa uskuto\u010dn\u00ed v sobotu 26. j\u00fala pred expoz\u00edciou J\u00e1no\u0161\u00edk a Terchov\u00e1 v \u010dase od 10.00 hodiny. Spolu s na\u0161imi \u00fa\u010dastn\u00edkmi budeme pred budovou na\u0161ej expoz\u00edcie [&hellip;]","og_url":"https:\/\/pmza.sk\/?p=10407","og_site_name":"Pova\u017esk\u00e9 m\u00fazeum","article_publisher":"https:\/\/www.facebook.com\/povazskemuzeum","article_published_time":"2014-07-23T07:40:47+00:00","og_image":[{"url":"https:\/\/pmza.sk\/wp-content\/uploads\/2014\/07\/Janosikove-dni-plagat-web.jpg","type":"","width":"","height":""}],"author":"Pova\u017esk\u00e9 m\u00fazeum","twitter_card":"summary_large_image","twitter_misc":{"Autor":"Pova\u017esk\u00e9 m\u00fazeum","Predpokladan\u00fd \u010das \u010d\u00edtania":"1 min\u00fata"},"schema":{"@context":"https:\/\/schema.org","@graph":[{"@type":"Article","@id":"https:\/\/pmza.sk\/?p=10407#article","isPartOf":{"@id":"https:\/\/pmza.sk\/?p=10407"},"author":{"name":"Pova\u017esk\u00e9 m\u00fazeum","@id":"https:\/\/pmza.sk\/#\/schema\/person\/595e6a2ce731ea94dcd5d7f50a41ae33"},"headline":"Po stop\u00e1ch J\u00e1no\u0161\u00edkovho pokladu","datePublished":"2014-07-23T07:40:47+00:00","mainEntityOfPage":{"@id":"https:\/\/pmza.sk\/?p=10407"},"wordCount":268,"publisher":{"@id":"https:\/\/pmza.sk\/#organization"},"image":{"@id":"https:\/\/pmza.sk\/?p=10407#primaryimage"},"thumbnailUrl":"https:\/\/pmza.sk\/wp-content\/uploads\/2014\/07\/Janosikove-dni-plagat-web.jpg","articleSection":["Arch\u00edv 2014"],"inLanguage":"sk-SK"},{"@type":"WebPage","@id":"https:\/\/pmza.sk\/?p=10407","url":"https:\/\/pmza.sk\/?p=10407","name":"Po stop\u00e1ch J\u00e1no\u0161\u00edkovho pokladu - Pova\u017esk\u00e9 m\u00fazeum","isPartOf":{"@id":"https:\/\/pmza.sk\/#website"},"primaryImageOfPage":{"@id":"https:\/\/pmza.sk\/?p=10407#primaryimage"},"image":{"@id":"https:\/\/pmza.sk\/?p=10407#primaryimage"},"thumbnailUrl":"https:\/\/pmza.sk\/wp-content\/uploads\/2014\/07\/Janosikove-dni-plagat-web.jpg","datePublished":"2014-07-23T07:40:47+00:00","breadcrumb":{"@id":"https:\/\/pmza.sk\/?p=10407#breadcrumb"},"inLanguage":"sk-SK","potentialAction":[{"@type":"ReadAction","target":["https:\/\/pmza.sk\/?p=10407"]}]},{"@type":"ImageObject","inLanguage":"sk-SK","@id":"https:\/\/pmza.sk\/?p=10407#primaryimage","url":"https:\/\/pmza.sk\/wp-content\/uploads\/2014\/07\/Janosikove-dni-plagat-web.jpg","contentUrl":"https:\/\/pmza.sk\/wp-content\/uploads\/2014\/07\/Janosikove-dni-plagat-web.jpg","width":723,"height":1024},{"@type":"BreadcrumbList","@id":"https:\/\/pmza.sk\/?p=10407#breadcrumb","itemListElement":[{"@type":"ListItem","position":1,"name":"Domovsk\u00e1 str\u00e1nka","item":"https:\/\/pmza.sk\/"},{"@type":"ListItem","position":2,"name":"Po stop\u00e1ch J\u00e1no\u0161\u00edkovho pokladu"}]},{"@type":"WebSite","@id":"https:\/\/pmza.sk\/#website","url":"https:\/\/pmza.sk\/","name":"Pova\u017esk\u00e9 m\u00fazeum","description":"Pova\u017esk\u00e9 m\u00fazeum v \u017diline je region\u00e1lne m\u00fazeum so s\u00eddlom v Budat\u00edne. Jeho expoz\u00edcie s\u00fa zameran\u00e9 na dejiny slovensk\u00e9ho umenia, kult\u00fary a dopravy.","publisher":{"@id":"https:\/\/pmza.sk\/#organization"},"potentialAction":[{"@type":"SearchAction","target":{"@type":"EntryPoint","urlTemplate":"https:\/\/pmza.sk\/?s={search_term_string}"},"query-input":{"@type":"PropertyValueSpecification","valueRequired":true,"valueName":"search_term_string"}}],"inLanguage":"sk-SK"},{"@type":"Organization","@id":"https:\/\/pmza.sk\/#organization","name":"Pova\u017esk\u00e9 m\u00fazeum","url":"https:\/\/pmza.sk\/","logo":{"@type":"ImageObject","inLanguage":"sk-SK","@id":"https:\/\/pmza.sk\/#\/schema\/logo\/image\/","url":"https:\/\/pmza.sk\/wp-content\/uploads\/2022\/01\/logo_PM_horizontal.jpg","contentUrl":"https:\/\/pmza.sk\/wp-content\/uploads\/2022\/01\/logo_PM_horizontal.jpg","width":231,"height":142,"caption":"Pova\u017esk\u00e9 m\u00fazeum"},"image":{"@id":"https:\/\/pmza.sk\/#\/schema\/logo\/image\/"},"sameAs":["https:\/\/www.facebook.com\/povazskemuzeum","https:\/\/www.instagram.com\/povazskemuzeum\/"]},{"@type":"Person","@id":"https:\/\/pmza.sk\/#\/schema\/person\/595e6a2ce731ea94dcd5d7f50a41ae33","name":"Pova\u017esk\u00e9 m\u00fazeum","image":{"@type":"ImageObject","inLanguage":"sk-SK","@id":"https:\/\/secure.gravatar.com\/avatar\/2bb7f1561282132fb5826dfeccc66c7996d11ee392ac6aaf7ced8a1c2027fbb2?s=96&d=mm&r=g","url":"https:\/\/secure.gravatar.com\/avatar\/2bb7f1561282132fb5826dfeccc66c7996d11ee392ac6aaf7ced8a1c2027fbb2?s=96&d=mm&r=g","contentUrl":"https:\/\/secure.gravatar.com\/avatar\/2bb7f1561282132fb5826dfeccc66c7996d11ee392ac6aaf7ced8a1c2027fbb2?s=96&d=mm&r=g","caption":"Pova\u017esk\u00e9 m\u00fazeum"}}]}},"_links":{"self":[{"href":"https:\/\/pmza.sk\/index.php?rest_route=\/wp\/v2\/posts\/10407","targetHints":{"allow":["GET"]}}],"collection":[{"href":"https:\/\/pmza.sk\/index.php?rest_route=\/wp\/v2\/posts"}],"about":[{"href":"https:\/\/pmza.sk\/index.php?rest_route=\/wp\/v2\/types\/post"}],"author":[{"embeddable":true,"href":"https:\/\/pmza.sk\/index.php?rest_route=\/wp\/v2\/users\/2"}],"replies":[{"embeddable":true,"href":"https:\/\/pmza.sk\/index.php?rest_route=%2Fwp%2Fv2%2Fcomments&post=10407"}],"version-history":[{"count":0,"href":"https:\/\/pmza.sk\/index.php?rest_route=\/wp\/v2\/posts\/10407\/revisions"}],"wp:attachment":[{"href":"https:\/\/pmza.sk\/index.php?rest_route=%2Fwp%2Fv2%2Fmedia&parent=10407"}],"wp:term":[{"taxonomy":"category","embeddable":true,"href":"https:\/\/pmza.sk\/index.php?rest_route=%2Fwp%2Fv2%2Fcategories&post=10407"},{"taxonomy":"post_tag","embeddable":true,"href":"https:\/\/pmza.sk\/index.php?rest_route=%2Fwp%2Fv2%2Ftags&post=10407"}],"curies":[{"name":"wp","href":"https:\/\/api.w.org\/{rel}","templated":true}]}}