{"id":1044,"date":"2010-07-15T11:40:12","date_gmt":"2010-07-15T09:40:12","guid":{"rendered":"https:\/\/pmza.sk.sk\/?p=1044"},"modified":"2010-07-15T11:40:12","modified_gmt":"2010-07-15T09:40:12","slug":"hrad-strecno-pokracovanie-nocnych-tajomstiev","status":"publish","type":"post","link":"https:\/\/pmza.sk\/?p=1044","title":{"rendered":"Hrad Stre\u010dno &#8211; pokra\u010dovanie no\u010dn\u00fdch tajomstiev"},"content":{"rendered":"<p style=\"text-align: justify;\"><a href=\"https:\/\/pmza.sk\/wp-content\/uploads\/2010\/07\/strecniansky-des-scaled-1.jpg\"><img fetchpriority=\"high\" decoding=\"async\" class=\"alignleft size-medium wp-image-1046\" style=\"border: 2px solid black; margin: 4px;\" title=\"strecniansky des\" src=\"https:\/\/pmza.sk.sk\/wp-content\/uploads\/2010\/07\/strecniansky-des-300x225.jpg\" alt=\"\" width=\"300\" height=\"225\" \/><\/a>Pre t\u00fdch, ktor\u00ed nestihli prv\u00fa letn\u00fa stra\u0161ideln\u00fa prehliadku na hrade Stre\u010dno, pod\u013ea \u00a0reakci\u00ed n\u00e1v\u0161tevn\u00edkov ve\u013emi vydaren\u00fa , pripravilo Pova\u017esk\u00e9 m\u00fazeum v\u00a0\u017diline \u010fal\u0161ie pokra\u010dovanie <strong>Duchov, elfov a\u00a0stre\u010dnianskeho desu.<\/strong> V\u00a0piatok 23. j\u00fala 2010 od 20,00h do 23,00h os\u00eddlia hrad op\u00e4\u0165 alegorick\u00e9 tvory, tentoraz\u00a0 zosob\u0148uj\u00face Hnev, Z\u00e1vis\u0165 a\u00a0Lenivos\u0165. Pr\u00ed\u0161ery varuj\u00fa n\u00e1v\u0161tevn\u00edkov najm\u00e4 pred ich hrie\u0161nymi my\u0161lienkami a \u00a0hrie\u0161nikom nezaru\u010duj\u00fa skor\u00fd n\u00e1vrat domov. \u201e<em>Na poslednej no\u010dnej prehliadke zo\u017eal najv\u00e4\u010d\u0161\u00ed \u00faspech\u00a0 mlad\u0161\u00ed brat Frankensteina a\u00a0jeho pokusy z\u00a0genetick\u00e9ho in\u017einierstva. M\u00e1me inform\u00e1cie, \u017ee bezprostredne po skon\u010den\u00ed stra\u0161ideln\u00e9ho ve\u010dera pod\u013eahol kr\u00e1se dvom mlad\u00fdm bosork\u00e1m. A\u00a0pr\u00e1ve tieto dve kr\u00e1savice bud\u00fa vraj na \u010fal\u0161om no\u010dnom \u00a0pokra\u010dovan\u00ed h\u013eada\u0165 \u010fal\u0161ie obete<\/em>,\u201c povedala Anna Mar\u0161alov\u00e1, marketingov\u00e1 pracovn\u00ed\u010dka Pova\u017esk\u00e9ho m\u00fazea v\u00a0\u017diline.<!--more--> Druh\u00e1 stra\u0161ideln\u00e1 prehliadka hradu Stre\u010dno z\u00a0cyklu \u00a0<strong>Duchovia, elfovia, stre\u010dniansky des <\/strong> s\u013eubuje op\u00e4\u0165 nov\u00e9 prekvapenia a samozrejme primeran\u00fa d\u00e1vku strachu, ale predov\u0161etk\u00fdm z\u00e1bavu. Noc roz\u017eiari svojim programom oh\u0148ov\u00e1 skupina Lights of night zo \u017diliny.<\/p>\n<p style=\"text-align: justify;\">Div\u00e1cky naj\u00faspe\u0161nej\u0161ie stra\u0161ideln\u00e9 v\u00fdjavy si m\u00f4\u017eu n\u00e1v\u0161tevn\u00edci hradu Stre\u010dno vychutna\u0165 a\u017e do konca j\u00fala ka\u017ed\u00fd de\u0148, v\u00a0\u010dase be\u017en\u00fdch otv\u00e1rac\u00edch hod\u00edn. V\u00a0d\u0148och 19. a\u017e 25. j\u00fala 2010 to bude \u00a0M\u00e4siar a\u00a0jeho u\u010de\u0148, pre najmen\u0161\u00edch div\u00e1kov bud\u00fa pripraven\u00e9 v\u00a0t\u00fdchto d\u0148och Slovensk\u00e9 rozpr\u00e1vky \u2013 O\u00a0hl\u00fapej \u017eene a\u00a0Janko Hra\u0161ko. Posledn\u00fd j\u00falov\u00fd t\u00fd\u017ede\u0148 bude patri\u0165\u00a0 Frankensteinovmu bratovi a\u00a0jeho genetick\u00fdm pokusom. Alternova\u0165 bud\u00fa op\u00e4\u0165 rozpr\u00e1vky , tentokr\u00e1t zo Stre\u010dna \u2013 Ako sa drak Stre\u010dko us\u00eddlil na hrade a\u00a0Pr\u00edbeh stre\u010dnianskeho vodn\u00edka.<\/p>\n<p style=\"text-align: justify;\">Organiz\u00e1torom podujatia Duchovia, elfovia, stre\u010dniansky des v\u00a0piatok 23. j\u00fala 2010 a\u00a0\u010fal\u0161\u00edch Letn\u00fdch pr\u00edbehov na hrade Stre\u010dno je \u017dilinsk\u00fd samospr\u00e1vny kraj a\u00a0Pova\u017esk\u00e9 m\u00fazeum v\u00a0\u017diline.<\/p>\n","protected":false},"excerpt":{"rendered":"<p>Pre t\u00fdch, ktor\u00ed nestihli prv\u00fa letn\u00fa stra\u0161ideln\u00fa prehliadku na hrade Stre\u010dno, pod\u013ea \u00a0reakci\u00ed n\u00e1v\u0161tevn\u00edkov ve\u013emi vydaren\u00fa , pripravilo Pova\u017esk\u00e9 m\u00fazeum v\u00a0\u017diline \u010fal\u0161ie pokra\u010dovanie Duchov, elfov a\u00a0stre\u010dnianskeho desu. V\u00a0piatok 23. j\u00fala 2010 od 20,00h do 23,00h os\u00eddlia hrad op\u00e4\u0165 alegorick\u00e9 tvory, tentoraz\u00a0 zosob\u0148uj\u00face Hnev, Z\u00e1vis\u0165 a\u00a0Lenivos\u0165. Pr\u00ed\u0161ery varuj\u00fa n\u00e1v\u0161tevn\u00edkov najm\u00e4 pred ich hrie\u0161nymi my\u0161lienkami a \u00a0hrie\u0161nikom [&hellip;]<\/p>\n","protected":false},"author":2,"featured_media":0,"comment_status":"closed","ping_status":"closed","sticky":false,"template":"","format":"standard","meta":{"site-sidebar-layout":"default","site-content-layout":"","ast-site-content-layout":"","site-content-style":"default","site-sidebar-style":"default","ast-global-header-display":"","ast-banner-title-visibility":"","ast-main-header-display":"","ast-hfb-above-header-display":"","ast-hfb-below-header-display":"","ast-hfb-mobile-header-display":"","site-post-title":"","ast-breadcrumbs-content":"","ast-featured-img":"","footer-sml-layout":"","theme-transparent-header-meta":"","adv-header-id-meta":"","stick-header-meta":"","header-above-stick-meta":"","header-main-stick-meta":"","header-below-stick-meta":"","astra-migrate-meta-layouts":"default","ast-page-background-enabled":"default","ast-page-background-meta":{"desktop":{"background-color":"var(--ast-global-color-4)","background-image":"","background-repeat":"repeat","background-position":"center center","background-size":"auto","background-attachment":"scroll","background-type":"","background-media":"","overlay-type":"","overlay-color":"","overlay-opacity":"","overlay-gradient":""},"tablet":{"background-color":"","background-image":"","background-repeat":"repeat","background-position":"center center","background-size":"auto","background-attachment":"scroll","background-type":"","background-media":"","overlay-type":"","overlay-color":"","overlay-opacity":"","overlay-gradient":""},"mobile":{"background-color":"","background-image":"","background-repeat":"repeat","background-position":"center center","background-size":"auto","background-attachment":"scroll","background-type":"","background-media":"","overlay-type":"","overlay-color":"","overlay-opacity":"","overlay-gradient":""}},"ast-content-background-meta":{"desktop":{"background-color":"var(--ast-global-color-5)","background-image":"","background-repeat":"repeat","background-position":"center center","background-size":"auto","background-attachment":"scroll","background-type":"","background-media":"","overlay-type":"","overlay-color":"","overlay-opacity":"","overlay-gradient":""},"tablet":{"background-color":"var(--ast-global-color-5)","background-image":"","background-repeat":"repeat","background-position":"center center","background-size":"auto","background-attachment":"scroll","background-type":"","background-media":"","overlay-type":"","overlay-color":"","overlay-opacity":"","overlay-gradient":""},"mobile":{"background-color":"var(--ast-global-color-5)","background-image":"","background-repeat":"repeat","background-position":"center center","background-size":"auto","background-attachment":"scroll","background-type":"","background-media":"","overlay-type":"","overlay-color":"","overlay-opacity":"","overlay-gradient":""}},"footnotes":""},"categories":[29],"tags":[],"class_list":["post-1044","post","type-post","status-publish","format-standard","hentry","category-archiv-2010"],"yoast_head":"<!-- This site is optimized with the Yoast SEO plugin v27.4 - https:\/\/yoast.com\/product\/yoast-seo-wordpress\/ -->\n<title>Hrad Stre\u010dno - pokra\u010dovanie no\u010dn\u00fdch tajomstiev - Pova\u017esk\u00e9 m\u00fazeum<\/title>\n<meta name=\"robots\" content=\"index, follow, max-snippet:-1, max-image-preview:large, max-video-preview:-1\" \/>\n<link rel=\"canonical\" href=\"https:\/\/pmza.sk\/?p=1044\" \/>\n<meta property=\"og:locale\" content=\"sk_SK\" \/>\n<meta property=\"og:type\" content=\"article\" \/>\n<meta property=\"og:title\" content=\"Hrad Stre\u010dno - pokra\u010dovanie no\u010dn\u00fdch tajomstiev - Pova\u017esk\u00e9 m\u00fazeum\" \/>\n<meta property=\"og:description\" content=\"Pre t\u00fdch, ktor\u00ed nestihli prv\u00fa letn\u00fa stra\u0161ideln\u00fa prehliadku na hrade Stre\u010dno, pod\u013ea \u00a0reakci\u00ed n\u00e1v\u0161tevn\u00edkov ve\u013emi vydaren\u00fa , pripravilo Pova\u017esk\u00e9 m\u00fazeum v\u00a0\u017diline \u010fal\u0161ie pokra\u010dovanie Duchov, elfov a\u00a0stre\u010dnianskeho desu. V\u00a0piatok 23. j\u00fala 2010 od 20,00h do 23,00h os\u00eddlia hrad op\u00e4\u0165 alegorick\u00e9 tvory, tentoraz\u00a0 zosob\u0148uj\u00face Hnev, Z\u00e1vis\u0165 a\u00a0Lenivos\u0165. Pr\u00ed\u0161ery varuj\u00fa n\u00e1v\u0161tevn\u00edkov najm\u00e4 pred ich hrie\u0161nymi my\u0161lienkami a \u00a0hrie\u0161nikom [&hellip;]\" \/>\n<meta property=\"og:url\" content=\"https:\/\/pmza.sk\/?p=1044\" \/>\n<meta property=\"og:site_name\" content=\"Pova\u017esk\u00e9 m\u00fazeum\" \/>\n<meta property=\"article:publisher\" content=\"https:\/\/www.facebook.com\/povazskemuzeum\" \/>\n<meta property=\"article:published_time\" content=\"2010-07-15T09:40:12+00:00\" \/>\n<meta property=\"og:image\" content=\"https:\/\/pmza.sk.sk\/wp-content\/uploads\/2010\/07\/strecniansky-des-300x225.jpg\" \/>\n<meta name=\"author\" content=\"Pova\u017esk\u00e9 m\u00fazeum\" \/>\n<meta name=\"twitter:card\" content=\"summary_large_image\" \/>\n<meta name=\"twitter:label1\" content=\"Autor\" \/>\n\t<meta name=\"twitter:data1\" content=\"Pova\u017esk\u00e9 m\u00fazeum\" \/>\n\t<meta name=\"twitter:label2\" content=\"Predpokladan\u00fd \u010das \u010d\u00edtania\" \/>\n\t<meta name=\"twitter:data2\" content=\"2 min\u00faty\" \/>\n<script type=\"application\/ld+json\" class=\"yoast-schema-graph\">{\"@context\":\"https:\\\/\\\/schema.org\",\"@graph\":[{\"@type\":\"Article\",\"@id\":\"https:\\\/\\\/pmza.sk\\\/?p=1044#article\",\"isPartOf\":{\"@id\":\"https:\\\/\\\/pmza.sk\\\/?p=1044\"},\"author\":{\"name\":\"Pova\u017esk\u00e9 m\u00fazeum\",\"@id\":\"https:\\\/\\\/pmza.sk\\\/#\\\/schema\\\/person\\\/595e6a2ce731ea94dcd5d7f50a41ae33\"},\"headline\":\"Hrad Stre\u010dno &#8211; pokra\u010dovanie no\u010dn\u00fdch tajomstiev\",\"datePublished\":\"2010-07-15T09:40:12+00:00\",\"mainEntityOfPage\":{\"@id\":\"https:\\\/\\\/pmza.sk\\\/?p=1044\"},\"wordCount\":370,\"publisher\":{\"@id\":\"https:\\\/\\\/pmza.sk\\\/#organization\"},\"image\":{\"@id\":\"https:\\\/\\\/pmza.sk\\\/?p=1044#primaryimage\"},\"thumbnailUrl\":\"http:\\\/\\\/pmza.sk.sk\\\/wp-content\\\/uploads\\\/2010\\\/07\\\/strecniansky-des-300x225.jpg\",\"articleSection\":[\"Arch\u00edv 2010\"],\"inLanguage\":\"sk-SK\"},{\"@type\":\"WebPage\",\"@id\":\"https:\\\/\\\/pmza.sk\\\/?p=1044\",\"url\":\"https:\\\/\\\/pmza.sk\\\/?p=1044\",\"name\":\"Hrad Stre\u010dno - pokra\u010dovanie no\u010dn\u00fdch tajomstiev - Pova\u017esk\u00e9 m\u00fazeum\",\"isPartOf\":{\"@id\":\"https:\\\/\\\/pmza.sk\\\/#website\"},\"primaryImageOfPage\":{\"@id\":\"https:\\\/\\\/pmza.sk\\\/?p=1044#primaryimage\"},\"image\":{\"@id\":\"https:\\\/\\\/pmza.sk\\\/?p=1044#primaryimage\"},\"thumbnailUrl\":\"http:\\\/\\\/pmza.sk.sk\\\/wp-content\\\/uploads\\\/2010\\\/07\\\/strecniansky-des-300x225.jpg\",\"datePublished\":\"2010-07-15T09:40:12+00:00\",\"breadcrumb\":{\"@id\":\"https:\\\/\\\/pmza.sk\\\/?p=1044#breadcrumb\"},\"inLanguage\":\"sk-SK\",\"potentialAction\":[{\"@type\":\"ReadAction\",\"target\":[\"https:\\\/\\\/pmza.sk\\\/?p=1044\"]}]},{\"@type\":\"ImageObject\",\"inLanguage\":\"sk-SK\",\"@id\":\"https:\\\/\\\/pmza.sk\\\/?p=1044#primaryimage\",\"url\":\"http:\\\/\\\/pmza.sk.sk\\\/wp-content\\\/uploads\\\/2010\\\/07\\\/strecniansky-des-300x225.jpg\",\"contentUrl\":\"http:\\\/\\\/pmza.sk.sk\\\/wp-content\\\/uploads\\\/2010\\\/07\\\/strecniansky-des-300x225.jpg\"},{\"@type\":\"BreadcrumbList\",\"@id\":\"https:\\\/\\\/pmza.sk\\\/?p=1044#breadcrumb\",\"itemListElement\":[{\"@type\":\"ListItem\",\"position\":1,\"name\":\"Domovsk\u00e1 str\u00e1nka\",\"item\":\"https:\\\/\\\/pmza.sk\\\/\"},{\"@type\":\"ListItem\",\"position\":2,\"name\":\"Hrad Stre\u010dno &#8211; pokra\u010dovanie no\u010dn\u00fdch tajomstiev\"}]},{\"@type\":\"WebSite\",\"@id\":\"https:\\\/\\\/pmza.sk\\\/#website\",\"url\":\"https:\\\/\\\/pmza.sk\\\/\",\"name\":\"Pova\u017esk\u00e9 m\u00fazeum\",\"description\":\"Pova\u017esk\u00e9 m\u00fazeum v \u017diline je region\u00e1lne m\u00fazeum so s\u00eddlom v Budat\u00edne. Jeho expoz\u00edcie s\u00fa zameran\u00e9 na dejiny slovensk\u00e9ho umenia, kult\u00fary a dopravy.\",\"publisher\":{\"@id\":\"https:\\\/\\\/pmza.sk\\\/#organization\"},\"potentialAction\":[{\"@type\":\"SearchAction\",\"target\":{\"@type\":\"EntryPoint\",\"urlTemplate\":\"https:\\\/\\\/pmza.sk\\\/?s={search_term_string}\"},\"query-input\":{\"@type\":\"PropertyValueSpecification\",\"valueRequired\":true,\"valueName\":\"search_term_string\"}}],\"inLanguage\":\"sk-SK\"},{\"@type\":\"Organization\",\"@id\":\"https:\\\/\\\/pmza.sk\\\/#organization\",\"name\":\"Pova\u017esk\u00e9 m\u00fazeum\",\"url\":\"https:\\\/\\\/pmza.sk\\\/\",\"logo\":{\"@type\":\"ImageObject\",\"inLanguage\":\"sk-SK\",\"@id\":\"https:\\\/\\\/pmza.sk\\\/#\\\/schema\\\/logo\\\/image\\\/\",\"url\":\"https:\\\/\\\/pmza.sk\\\/wp-content\\\/uploads\\\/2022\\\/01\\\/logo_PM_horizontal.jpg\",\"contentUrl\":\"https:\\\/\\\/pmza.sk\\\/wp-content\\\/uploads\\\/2022\\\/01\\\/logo_PM_horizontal.jpg\",\"width\":231,\"height\":142,\"caption\":\"Pova\u017esk\u00e9 m\u00fazeum\"},\"image\":{\"@id\":\"https:\\\/\\\/pmza.sk\\\/#\\\/schema\\\/logo\\\/image\\\/\"},\"sameAs\":[\"https:\\\/\\\/www.facebook.com\\\/povazskemuzeum\",\"https:\\\/\\\/www.instagram.com\\\/povazskemuzeum\\\/\"]},{\"@type\":\"Person\",\"@id\":\"https:\\\/\\\/pmza.sk\\\/#\\\/schema\\\/person\\\/595e6a2ce731ea94dcd5d7f50a41ae33\",\"name\":\"Pova\u017esk\u00e9 m\u00fazeum\",\"image\":{\"@type\":\"ImageObject\",\"inLanguage\":\"sk-SK\",\"@id\":\"https:\\\/\\\/secure.gravatar.com\\\/avatar\\\/2bb7f1561282132fb5826dfeccc66c7996d11ee392ac6aaf7ced8a1c2027fbb2?s=96&d=mm&r=g\",\"url\":\"https:\\\/\\\/secure.gravatar.com\\\/avatar\\\/2bb7f1561282132fb5826dfeccc66c7996d11ee392ac6aaf7ced8a1c2027fbb2?s=96&d=mm&r=g\",\"contentUrl\":\"https:\\\/\\\/secure.gravatar.com\\\/avatar\\\/2bb7f1561282132fb5826dfeccc66c7996d11ee392ac6aaf7ced8a1c2027fbb2?s=96&d=mm&r=g\",\"caption\":\"Pova\u017esk\u00e9 m\u00fazeum\"}}]}<\/script>\n<!-- \/ Yoast SEO plugin. -->","yoast_head_json":{"title":"Hrad Stre\u010dno - pokra\u010dovanie no\u010dn\u00fdch tajomstiev - Pova\u017esk\u00e9 m\u00fazeum","robots":{"index":"index","follow":"follow","max-snippet":"max-snippet:-1","max-image-preview":"max-image-preview:large","max-video-preview":"max-video-preview:-1"},"canonical":"https:\/\/pmza.sk\/?p=1044","og_locale":"sk_SK","og_type":"article","og_title":"Hrad Stre\u010dno - pokra\u010dovanie no\u010dn\u00fdch tajomstiev - Pova\u017esk\u00e9 m\u00fazeum","og_description":"Pre t\u00fdch, ktor\u00ed nestihli prv\u00fa letn\u00fa stra\u0161ideln\u00fa prehliadku na hrade Stre\u010dno, pod\u013ea \u00a0reakci\u00ed n\u00e1v\u0161tevn\u00edkov ve\u013emi vydaren\u00fa , pripravilo Pova\u017esk\u00e9 m\u00fazeum v\u00a0\u017diline \u010fal\u0161ie pokra\u010dovanie Duchov, elfov a\u00a0stre\u010dnianskeho desu. V\u00a0piatok 23. j\u00fala 2010 od 20,00h do 23,00h os\u00eddlia hrad op\u00e4\u0165 alegorick\u00e9 tvory, tentoraz\u00a0 zosob\u0148uj\u00face Hnev, Z\u00e1vis\u0165 a\u00a0Lenivos\u0165. Pr\u00ed\u0161ery varuj\u00fa n\u00e1v\u0161tevn\u00edkov najm\u00e4 pred ich hrie\u0161nymi my\u0161lienkami a \u00a0hrie\u0161nikom [&hellip;]","og_url":"https:\/\/pmza.sk\/?p=1044","og_site_name":"Pova\u017esk\u00e9 m\u00fazeum","article_publisher":"https:\/\/www.facebook.com\/povazskemuzeum","article_published_time":"2010-07-15T09:40:12+00:00","og_image":[{"url":"https:\/\/pmza.sk.sk\/wp-content\/uploads\/2010\/07\/strecniansky-des-300x225.jpg","type":"","width":"","height":""}],"author":"Pova\u017esk\u00e9 m\u00fazeum","twitter_card":"summary_large_image","twitter_misc":{"Autor":"Pova\u017esk\u00e9 m\u00fazeum","Predpokladan\u00fd \u010das \u010d\u00edtania":"2 min\u00faty"},"schema":{"@context":"https:\/\/schema.org","@graph":[{"@type":"Article","@id":"https:\/\/pmza.sk\/?p=1044#article","isPartOf":{"@id":"https:\/\/pmza.sk\/?p=1044"},"author":{"name":"Pova\u017esk\u00e9 m\u00fazeum","@id":"https:\/\/pmza.sk\/#\/schema\/person\/595e6a2ce731ea94dcd5d7f50a41ae33"},"headline":"Hrad Stre\u010dno &#8211; pokra\u010dovanie no\u010dn\u00fdch tajomstiev","datePublished":"2010-07-15T09:40:12+00:00","mainEntityOfPage":{"@id":"https:\/\/pmza.sk\/?p=1044"},"wordCount":370,"publisher":{"@id":"https:\/\/pmza.sk\/#organization"},"image":{"@id":"https:\/\/pmza.sk\/?p=1044#primaryimage"},"thumbnailUrl":"https:\/\/pmza.sk.sk\/wp-content\/uploads\/2010\/07\/strecniansky-des-300x225.jpg","articleSection":["Arch\u00edv 2010"],"inLanguage":"sk-SK"},{"@type":"WebPage","@id":"https:\/\/pmza.sk\/?p=1044","url":"https:\/\/pmza.sk\/?p=1044","name":"Hrad Stre\u010dno - pokra\u010dovanie no\u010dn\u00fdch tajomstiev - Pova\u017esk\u00e9 m\u00fazeum","isPartOf":{"@id":"https:\/\/pmza.sk\/#website"},"primaryImageOfPage":{"@id":"https:\/\/pmza.sk\/?p=1044#primaryimage"},"image":{"@id":"https:\/\/pmza.sk\/?p=1044#primaryimage"},"thumbnailUrl":"https:\/\/pmza.sk.sk\/wp-content\/uploads\/2010\/07\/strecniansky-des-300x225.jpg","datePublished":"2010-07-15T09:40:12+00:00","breadcrumb":{"@id":"https:\/\/pmza.sk\/?p=1044#breadcrumb"},"inLanguage":"sk-SK","potentialAction":[{"@type":"ReadAction","target":["https:\/\/pmza.sk\/?p=1044"]}]},{"@type":"ImageObject","inLanguage":"sk-SK","@id":"https:\/\/pmza.sk\/?p=1044#primaryimage","url":"https:\/\/pmza.sk.sk\/wp-content\/uploads\/2010\/07\/strecniansky-des-300x225.jpg","contentUrl":"https:\/\/pmza.sk.sk\/wp-content\/uploads\/2010\/07\/strecniansky-des-300x225.jpg"},{"@type":"BreadcrumbList","@id":"https:\/\/pmza.sk\/?p=1044#breadcrumb","itemListElement":[{"@type":"ListItem","position":1,"name":"Domovsk\u00e1 str\u00e1nka","item":"https:\/\/pmza.sk\/"},{"@type":"ListItem","position":2,"name":"Hrad Stre\u010dno &#8211; pokra\u010dovanie no\u010dn\u00fdch tajomstiev"}]},{"@type":"WebSite","@id":"https:\/\/pmza.sk\/#website","url":"https:\/\/pmza.sk\/","name":"Pova\u017esk\u00e9 m\u00fazeum","description":"Pova\u017esk\u00e9 m\u00fazeum v \u017diline je region\u00e1lne m\u00fazeum so s\u00eddlom v Budat\u00edne. Jeho expoz\u00edcie s\u00fa zameran\u00e9 na dejiny slovensk\u00e9ho umenia, kult\u00fary a dopravy.","publisher":{"@id":"https:\/\/pmza.sk\/#organization"},"potentialAction":[{"@type":"SearchAction","target":{"@type":"EntryPoint","urlTemplate":"https:\/\/pmza.sk\/?s={search_term_string}"},"query-input":{"@type":"PropertyValueSpecification","valueRequired":true,"valueName":"search_term_string"}}],"inLanguage":"sk-SK"},{"@type":"Organization","@id":"https:\/\/pmza.sk\/#organization","name":"Pova\u017esk\u00e9 m\u00fazeum","url":"https:\/\/pmza.sk\/","logo":{"@type":"ImageObject","inLanguage":"sk-SK","@id":"https:\/\/pmza.sk\/#\/schema\/logo\/image\/","url":"https:\/\/pmza.sk\/wp-content\/uploads\/2022\/01\/logo_PM_horizontal.jpg","contentUrl":"https:\/\/pmza.sk\/wp-content\/uploads\/2022\/01\/logo_PM_horizontal.jpg","width":231,"height":142,"caption":"Pova\u017esk\u00e9 m\u00fazeum"},"image":{"@id":"https:\/\/pmza.sk\/#\/schema\/logo\/image\/"},"sameAs":["https:\/\/www.facebook.com\/povazskemuzeum","https:\/\/www.instagram.com\/povazskemuzeum\/"]},{"@type":"Person","@id":"https:\/\/pmza.sk\/#\/schema\/person\/595e6a2ce731ea94dcd5d7f50a41ae33","name":"Pova\u017esk\u00e9 m\u00fazeum","image":{"@type":"ImageObject","inLanguage":"sk-SK","@id":"https:\/\/secure.gravatar.com\/avatar\/2bb7f1561282132fb5826dfeccc66c7996d11ee392ac6aaf7ced8a1c2027fbb2?s=96&d=mm&r=g","url":"https:\/\/secure.gravatar.com\/avatar\/2bb7f1561282132fb5826dfeccc66c7996d11ee392ac6aaf7ced8a1c2027fbb2?s=96&d=mm&r=g","contentUrl":"https:\/\/secure.gravatar.com\/avatar\/2bb7f1561282132fb5826dfeccc66c7996d11ee392ac6aaf7ced8a1c2027fbb2?s=96&d=mm&r=g","caption":"Pova\u017esk\u00e9 m\u00fazeum"}}]}},"_links":{"self":[{"href":"https:\/\/pmza.sk\/index.php?rest_route=\/wp\/v2\/posts\/1044","targetHints":{"allow":["GET"]}}],"collection":[{"href":"https:\/\/pmza.sk\/index.php?rest_route=\/wp\/v2\/posts"}],"about":[{"href":"https:\/\/pmza.sk\/index.php?rest_route=\/wp\/v2\/types\/post"}],"author":[{"embeddable":true,"href":"https:\/\/pmza.sk\/index.php?rest_route=\/wp\/v2\/users\/2"}],"replies":[{"embeddable":true,"href":"https:\/\/pmza.sk\/index.php?rest_route=%2Fwp%2Fv2%2Fcomments&post=1044"}],"version-history":[{"count":0,"href":"https:\/\/pmza.sk\/index.php?rest_route=\/wp\/v2\/posts\/1044\/revisions"}],"wp:attachment":[{"href":"https:\/\/pmza.sk\/index.php?rest_route=%2Fwp%2Fv2%2Fmedia&parent=1044"}],"wp:term":[{"taxonomy":"category","embeddable":true,"href":"https:\/\/pmza.sk\/index.php?rest_route=%2Fwp%2Fv2%2Fcategories&post=1044"},{"taxonomy":"post_tag","embeddable":true,"href":"https:\/\/pmza.sk\/index.php?rest_route=%2Fwp%2Fv2%2Ftags&post=1044"}],"curies":[{"name":"wp","href":"https:\/\/api.w.org\/{rel}","templated":true}]}}