{"id":10473,"date":"2014-08-04T11:56:20","date_gmt":"2014-08-04T09:56:20","guid":{"rendered":"https:\/\/pmza.sk.sk\/?p=10473"},"modified":"2014-08-04T11:56:20","modified_gmt":"2014-08-04T09:56:20","slug":"kratochvile-slachty-hradne-hry-zofie-bosniakovej","status":"publish","type":"post","link":"https:\/\/pmza.sk\/?p=10473","title":{"rendered":"Kratochv\u00edle \u0161\u013eachty \u2013 hradn\u00e9 hry \u017dofie Bosniakovej"},"content":{"rendered":"<p><a href=\"https:\/\/pmza.sk\/wp-content\/uploads\/2014\/08\/Hradne-hry-Zofie-Bosniakovej-scaled-1.jpg\"><img decoding=\"async\" class=\"alignleft  wp-image-10463\" alt=\"Hradn\u00e9 hry \u017dofie Bosniakovej_web\" src=\"https:\/\/pmza.sk\/wp-content\/uploads\/2014\/08\/Hradne-hry-Zofie-Bosniakovej_web.jpg\" width=\"182\" height=\"264\" srcset=\"https:\/\/pmza.sk\/wp-content\/uploads\/2014\/08\/Hradne-hry-Zofie-Bosniakovej_web.jpg 708w, https:\/\/pmza.sk\/wp-content\/uploads\/2014\/08\/Hradne-hry-Zofie-Bosniakovej_web-249x360.jpg 249w, https:\/\/pmza.sk\/wp-content\/uploads\/2014\/08\/Hradne-hry-Zofie-Bosniakovej_web-509x736.jpg 509w, https:\/\/pmza.sk\/wp-content\/uploads\/2014\/08\/Hradne-hry-Zofie-Bosniakovej_web-600x868.jpg 600w\" sizes=\"(max-width: 182px) 100vw, 182px\" \/><\/a>Po\u010das druhej augustovej nedele bude mo\u017en\u00e9 na hrade Stre\u010dno stretn\u00fa\u0165 postavy t\u00fdch, ktor\u00ed na tomto hrade kedysi \u017eili, pracovali, milovali a umierali. Stane sa tak v\u010faka Hradn\u00fdm hr\u00e1m \u017dofie Bosniakovej s\u00a0podtitulom <strong>Kratochv\u00edle \u0161\u013eachty<\/strong> 10. augusta 2014 v\u00a0\u010dase od 9.00 do 18.00 hodiny. Podujatie bude pokra\u010dova\u0165 v\u00a0podve\u010dern\u00fdch hodin\u00e1ch aj v\u00a0stredovekej dedine Paseka koncertmi skup\u00edn 3Drive, Blue Time a\u00a0spev\u00e1ka Petra Lipu.<\/p>\n<p>Prostredn\u00edctvom divadeln\u00e9ho stv\u00e1rnenia dramatick\u00fdch pas\u00e1\u017e\u00ed a \u010darovnej pali\u010dky sprievodkyne sa n\u00e1v\u0161tevn\u00edk dozvie nielen o z\u00e1kulis\u00ed sob\u00e1\u0161nej politiky \u0161\u013eachty, ale tie\u017e sa stane svedkom z\u00e1kern\u00e9ho sprisahania mladej gr\u00f3fky <!--more-->a jej milenca vo\u010di hradn\u00e9mu p\u00e1novi. <i>\u201eHradom Stre\u010dno bude znie\u0165 romantick\u00e1 hudba, zvoniv\u00fd smiech p\u00e1nov a\u00a0sluhov, vlni\u0165 sa budeme v\u00a0rytme tanca vo vz\u00e1cnych brok\u00e1tov\u00fdch r\u00f3bach a\u00a0zamatov\u00fdch kab\u00e1toch, leskn\u00fa\u0165 sa bud\u00fa trblietav\u00e9 \u0161perky a\u00a0kri\u0161t\u00e1\u013eov\u00e9 \u010da\u0161e,\u201c <\/i>povedala spr\u00e1vky\u0148a hradu Stre\u010dno Katar\u00edna Rep\u00e1\u0148ov\u00e1. Hran\u00e9 prehliadky so sc\u00e9nkami n\u00e1v\u0161tevn\u00edkovi uk\u00e1\u017eu, ak\u00e9 tance boli v\u00a0minulosti m\u00f3dne, \u017ee jaz\u00fd\u010dky gr\u00f3fov boli vyberav\u00e9 a\u00a0\u010do urodzen\u00e9 panstvo ch\u00e1palo pod slov\u00ed\u010dkom \u201ekratochv\u00ed\u013ea\u201c. Ako sa bavila \u0161\u013eachta i \u201ene\u0161\u013eachta&#8220; uk\u00e1\u017eu na 17. ro\u010dn\u00edku hradn\u00fdch hier \u010dlenovia divadelnej skupiny <i>teatro<\/i> ORLUS. Sokoliari sv. Bavona predved\u00fa uk\u00e1\u017eky lovu s\u00a0dravcami a\u00a0divadelno-improviza\u010dn\u00e9 zoskupenie Kapor na sc\u00e9ne zahr\u00e1 predstavenie R\u00f3meo a\u00a0J\u00falia v\u00a0upravenej humornej verzii.<\/p>\n<p>V\u00a0tomto roku prich\u00e1dza Pova\u017esk\u00e9 m\u00fazeum v\u00a0\u017diline aj s\u00a0nov\u00fdm typom podujat\u00ed, \u010do umo\u017enilo vybudovanie prezenta\u010dnej plochy v\u00a0stredovekej dedine Paseka. <i>\u201eRozhodli sme sa usporiada\u0165 atrakt\u00edvny koncert 3Drive a\u00a0Igor Cvacho, Blue Time, pri\u010dom top hviezdou koncertu bude slovensk\u00fd kr\u00e1\u013e d\u017eezu Peter Lipa. Koncert sa uskuto\u010dn\u00ed po ukon\u010den\u00ed otv\u00e1rac\u00edch hod\u00edn na hrade Stre\u010dno \u2013\u00a0v nadv\u00e4znosti na Hradn\u00e9 hry \u017dofie Bosniakovej,\u201c <\/i>doplnila<i> <\/i>K. Rep\u00e1\u0148ov\u00e1.<\/p>\n<p><a href=\"https:\/\/pmza.sk\/wp-content\/uploads\/2014\/08\/Peter-Lipa_10-08-2014-scaled-1.jpg\"><img fetchpriority=\"high\" decoding=\"async\" class=\"size-full wp-image-10461 aligncenter\" alt=\"Peter Lipa_10 08 2014_web\" src=\"https:\/\/pmza.sk\/wp-content\/uploads\/2014\/08\/Peter-Lipa_10-08-2014_web.jpg\" width=\"214\" height=\"309\" srcset=\"https:\/\/pmza.sk\/wp-content\/uploads\/2014\/08\/Peter-Lipa_10-08-2014_web.jpg 710w, https:\/\/pmza.sk\/wp-content\/uploads\/2014\/08\/Peter-Lipa_10-08-2014_web-250x360.jpg 250w, https:\/\/pmza.sk\/wp-content\/uploads\/2014\/08\/Peter-Lipa_10-08-2014_web-510x736.jpg 510w, https:\/\/pmza.sk\/wp-content\/uploads\/2014\/08\/Peter-Lipa_10-08-2014_web-600x865.jpg 600w\" sizes=\"(max-width: 214px) 100vw, 214px\" \/><\/a><\/p>\n<p>Organiz\u00e1torom podujatia Hradn\u00e9 hry \u017dofie Bosniakovej je Pova\u017esk\u00e9 m\u00fazeum v\u00a0\u017diline v\u00a0zria\u010fovate\u013eskej p\u00f4sobnosti \u017dilinsk\u00e9ho samospr\u00e1vneho kraja. Vstupn\u00e9 na podujatie na hrade Stre\u010dno je pod\u013ea platn\u00e9ho cenn\u00edka.<\/p>\n<p><b>PROGRAM:<\/b><\/p>\n<p><b>Hrad Stre\u010dno<\/b><\/p>\n<p><b>9.00 \u2013 18.00 hod. <\/b>Kratochv\u00edle \u0161\u013eachty; \u00fa\u010dinkuj\u00fa: Teatro Orlus, Sokoliari sv. Bavona, Kapor na sc\u00e9ne;<\/p>\n<p><b>Paseka<\/b><\/p>\n<p><b>18.00 \u2013 21.00 hod. <\/b>Koncert; \u00fa\u010dinkuj\u00fa: 3Drive a\u00a0Igor Cvacho, Blue Time, PETER LIPA;<\/p>\n<p style=\"text-align: left;\"><a href=\"https:\/\/pmza.sk\/wp-content\/uploads\/2014\/08\/Hradne-hry-program-scaled-1.jpg\"><img decoding=\"async\" class=\"alignleft  wp-image-10490\" alt=\"Hradn\u00e9 hry program_web\" src=\"https:\/\/pmza.sk\/wp-content\/uploads\/2014\/08\/Hradne-hry-program_web.jpg\" width=\"321\" height=\"459\" srcset=\"https:\/\/pmza.sk\/wp-content\/uploads\/2014\/08\/Hradne-hry-program_web.jpg 716w, https:\/\/pmza.sk\/wp-content\/uploads\/2014\/08\/Hradne-hry-program_web-252x360.jpg 252w, https:\/\/pmza.sk\/wp-content\/uploads\/2014\/08\/Hradne-hry-program_web-515x736.jpg 515w, https:\/\/pmza.sk\/wp-content\/uploads\/2014\/08\/Hradne-hry-program_web-600x858.jpg 600w\" sizes=\"(max-width: 321px) 100vw, 321px\" \/><\/a><strong>\u00a0\u00a0\u00a0\u00a0\u00a0\u00a0\u00a0\u00a0\u00a0\u00a0\u00a0\u00a0\u00a0\u00a0\u00a0\u00a0\u00a0\u00a0\u00a0 \u00a0 \u00a0 \u00a0 \u00a0 \u00a0 \u00a0\u00a0\u00a0 REKLAMN\u00cd PARTNERI:<\/strong><\/p>\n<p>\u00a0<a href=\"https:\/\/pmza.sk\/wp-content\/uploads\/2014\/08\/logo_IKS.jpg\"><img loading=\"lazy\" decoding=\"async\" class=\"size-full wp-image-10485 alignright\" alt=\"logo_IKS\" src=\"https:\/\/pmza.sk\/wp-content\/uploads\/2014\/08\/logo_IKS.jpg\" width=\"189\" height=\"221\" \/><\/a> <a href=\"https:\/\/pmza.sk\/wp-content\/uploads\/2014\/08\/logo_TAVROS.jpg\"><img loading=\"lazy\" decoding=\"async\" class=\"size-full wp-image-10486 alignright\" alt=\"logo_TAVROS\" src=\"https:\/\/pmza.sk\/wp-content\/uploads\/2014\/08\/logo_TAVROS.jpg\" width=\"189\" height=\"189\" srcset=\"https:\/\/pmza.sk\/wp-content\/uploads\/2014\/08\/logo_TAVROS.jpg 1948w, https:\/\/pmza.sk\/wp-content\/uploads\/2014\/08\/logo_TAVROS-360x360.jpg 360w, https:\/\/pmza.sk\/wp-content\/uploads\/2014\/08\/logo_TAVROS-736x736.jpg 736w, https:\/\/pmza.sk\/wp-content\/uploads\/2014\/08\/logo_TAVROS-768x768.jpg 768w, https:\/\/pmza.sk\/wp-content\/uploads\/2014\/08\/logo_TAVROS-1536x1536.jpg 1536w, https:\/\/pmza.sk\/wp-content\/uploads\/2014\/08\/logo_TAVROS-300x300.jpg 300w, https:\/\/pmza.sk\/wp-content\/uploads\/2014\/08\/logo_TAVROS-600x600.jpg 600w, https:\/\/pmza.sk\/wp-content\/uploads\/2014\/08\/logo_TAVROS-100x100.jpg 100w\" sizes=\"(max-width: 189px) 100vw, 189px\" \/><\/a><\/p>\n<p>&nbsp;<\/p>\n<p>&nbsp;<\/p>\n<p>&nbsp;<\/p>\n<p>&nbsp;<\/p>\n<p>&nbsp;<\/p>\n<p>&nbsp;<\/p>\n<p>&nbsp;<\/p>\n<p>&nbsp;<\/p>\n<p>&nbsp;<\/p>\n<p>&nbsp;<\/p>\n<p>&nbsp;<\/p>\n<p>&nbsp;<\/p>\n<p>&nbsp;<\/p>\n<p>&nbsp;<\/p>\n<p>&nbsp;<\/p>\n<p>&nbsp;<\/p>\n","protected":false},"excerpt":{"rendered":"<p>Po\u010das druhej augustovej nedele bude mo\u017en\u00e9 na hrade Stre\u010dno stretn\u00fa\u0165 postavy t\u00fdch, ktor\u00ed na tomto hrade kedysi \u017eili, pracovali, milovali a umierali. Stane sa tak v\u010faka Hradn\u00fdm hr\u00e1m \u017dofie Bosniakovej s\u00a0podtitulom Kratochv\u00edle \u0161\u013eachty 10. augusta 2014 v\u00a0\u010dase od 9.00 do 18.00 hodiny. Podujatie bude pokra\u010dova\u0165 v\u00a0podve\u010dern\u00fdch hodin\u00e1ch aj v\u00a0stredovekej dedine Paseka koncertmi skup\u00edn 3Drive, Blue [&hellip;]<\/p>\n","protected":false},"author":2,"featured_media":0,"comment_status":"closed","ping_status":"closed","sticky":false,"template":"","format":"standard","meta":{"site-sidebar-layout":"default","site-content-layout":"","ast-site-content-layout":"","site-content-style":"default","site-sidebar-style":"default","ast-global-header-display":"","ast-banner-title-visibility":"","ast-main-header-display":"","ast-hfb-above-header-display":"","ast-hfb-below-header-display":"","ast-hfb-mobile-header-display":"","site-post-title":"","ast-breadcrumbs-content":"","ast-featured-img":"","footer-sml-layout":"","theme-transparent-header-meta":"","adv-header-id-meta":"","stick-header-meta":"","header-above-stick-meta":"","header-main-stick-meta":"","header-below-stick-meta":"","astra-migrate-meta-layouts":"default","ast-page-background-enabled":"default","ast-page-background-meta":{"desktop":{"background-color":"var(--ast-global-color-4)","background-image":"","background-repeat":"repeat","background-position":"center center","background-size":"auto","background-attachment":"scroll","background-type":"","background-media":"","overlay-type":"","overlay-color":"","overlay-opacity":"","overlay-gradient":""},"tablet":{"background-color":"","background-image":"","background-repeat":"repeat","background-position":"center center","background-size":"auto","background-attachment":"scroll","background-type":"","background-media":"","overlay-type":"","overlay-color":"","overlay-opacity":"","overlay-gradient":""},"mobile":{"background-color":"","background-image":"","background-repeat":"repeat","background-position":"center center","background-size":"auto","background-attachment":"scroll","background-type":"","background-media":"","overlay-type":"","overlay-color":"","overlay-opacity":"","overlay-gradient":""}},"ast-content-background-meta":{"desktop":{"background-color":"var(--ast-global-color-5)","background-image":"","background-repeat":"repeat","background-position":"center center","background-size":"auto","background-attachment":"scroll","background-type":"","background-media":"","overlay-type":"","overlay-color":"","overlay-opacity":"","overlay-gradient":""},"tablet":{"background-color":"var(--ast-global-color-5)","background-image":"","background-repeat":"repeat","background-position":"center center","background-size":"auto","background-attachment":"scroll","background-type":"","background-media":"","overlay-type":"","overlay-color":"","overlay-opacity":"","overlay-gradient":""},"mobile":{"background-color":"var(--ast-global-color-5)","background-image":"","background-repeat":"repeat","background-position":"center center","background-size":"auto","background-attachment":"scroll","background-type":"","background-media":"","overlay-type":"","overlay-color":"","overlay-opacity":"","overlay-gradient":""}},"footnotes":""},"categories":[36],"tags":[],"class_list":["post-10473","post","type-post","status-publish","format-standard","hentry","category-archiv-2014"],"yoast_head":"<!-- This site is optimized with the Yoast SEO plugin v27.4 - https:\/\/yoast.com\/product\/yoast-seo-wordpress\/ -->\n<title>Kratochv\u00edle \u0161\u013eachty \u2013 hradn\u00e9 hry \u017dofie Bosniakovej - Pova\u017esk\u00e9 m\u00fazeum<\/title>\n<meta name=\"robots\" content=\"index, follow, max-snippet:-1, max-image-preview:large, max-video-preview:-1\" \/>\n<link rel=\"canonical\" href=\"https:\/\/pmza.sk\/?p=10473\" \/>\n<meta property=\"og:locale\" content=\"sk_SK\" \/>\n<meta property=\"og:type\" content=\"article\" \/>\n<meta property=\"og:title\" content=\"Kratochv\u00edle \u0161\u013eachty \u2013 hradn\u00e9 hry \u017dofie Bosniakovej - Pova\u017esk\u00e9 m\u00fazeum\" \/>\n<meta property=\"og:description\" content=\"Po\u010das druhej augustovej nedele bude mo\u017en\u00e9 na hrade Stre\u010dno stretn\u00fa\u0165 postavy t\u00fdch, ktor\u00ed na tomto hrade kedysi \u017eili, pracovali, milovali a umierali. Stane sa tak v\u010faka Hradn\u00fdm hr\u00e1m \u017dofie Bosniakovej s\u00a0podtitulom Kratochv\u00edle \u0161\u013eachty 10. augusta 2014 v\u00a0\u010dase od 9.00 do 18.00 hodiny. Podujatie bude pokra\u010dova\u0165 v\u00a0podve\u010dern\u00fdch hodin\u00e1ch aj v\u00a0stredovekej dedine Paseka koncertmi skup\u00edn 3Drive, Blue [&hellip;]\" \/>\n<meta property=\"og:url\" content=\"https:\/\/pmza.sk\/?p=10473\" \/>\n<meta property=\"og:site_name\" content=\"Pova\u017esk\u00e9 m\u00fazeum\" \/>\n<meta property=\"article:publisher\" content=\"https:\/\/www.facebook.com\/povazskemuzeum\" \/>\n<meta property=\"article:published_time\" content=\"2014-08-04T09:56:20+00:00\" \/>\n<meta property=\"og:image\" content=\"https:\/\/pmza.sk\/wp-content\/uploads\/2014\/08\/Hradne-hry-Zofie-Bosniakovej_web.jpg\" \/>\n<meta name=\"author\" content=\"Pova\u017esk\u00e9 m\u00fazeum\" \/>\n<meta name=\"twitter:card\" content=\"summary_large_image\" \/>\n<meta name=\"twitter:label1\" content=\"Autor\" \/>\n\t<meta name=\"twitter:data1\" content=\"Pova\u017esk\u00e9 m\u00fazeum\" \/>\n\t<meta name=\"twitter:label2\" content=\"Predpokladan\u00fd \u010das \u010d\u00edtania\" \/>\n\t<meta name=\"twitter:data2\" content=\"2 min\u00faty\" \/>\n<script type=\"application\/ld+json\" class=\"yoast-schema-graph\">{\"@context\":\"https:\\\/\\\/schema.org\",\"@graph\":[{\"@type\":\"Article\",\"@id\":\"https:\\\/\\\/pmza.sk\\\/?p=10473#article\",\"isPartOf\":{\"@id\":\"https:\\\/\\\/pmza.sk\\\/?p=10473\"},\"author\":{\"name\":\"Pova\u017esk\u00e9 m\u00fazeum\",\"@id\":\"https:\\\/\\\/pmza.sk\\\/#\\\/schema\\\/person\\\/595e6a2ce731ea94dcd5d7f50a41ae33\"},\"headline\":\"Kratochv\u00edle \u0161\u013eachty \u2013 hradn\u00e9 hry \u017dofie Bosniakovej\",\"datePublished\":\"2014-08-04T09:56:20+00:00\",\"mainEntityOfPage\":{\"@id\":\"https:\\\/\\\/pmza.sk\\\/?p=10473\"},\"wordCount\":437,\"publisher\":{\"@id\":\"https:\\\/\\\/pmza.sk\\\/#organization\"},\"image\":{\"@id\":\"https:\\\/\\\/pmza.sk\\\/?p=10473#primaryimage\"},\"thumbnailUrl\":\"http:\\\/\\\/pmza.sk\\\/wp-content\\\/uploads\\\/2014\\\/08\\\/Hradne-hry-Zofie-Bosniakovej_web.jpg\",\"articleSection\":[\"Arch\u00edv 2014\"],\"inLanguage\":\"sk-SK\"},{\"@type\":\"WebPage\",\"@id\":\"https:\\\/\\\/pmza.sk\\\/?p=10473\",\"url\":\"https:\\\/\\\/pmza.sk\\\/?p=10473\",\"name\":\"Kratochv\u00edle \u0161\u013eachty \u2013 hradn\u00e9 hry \u017dofie Bosniakovej - Pova\u017esk\u00e9 m\u00fazeum\",\"isPartOf\":{\"@id\":\"https:\\\/\\\/pmza.sk\\\/#website\"},\"primaryImageOfPage\":{\"@id\":\"https:\\\/\\\/pmza.sk\\\/?p=10473#primaryimage\"},\"image\":{\"@id\":\"https:\\\/\\\/pmza.sk\\\/?p=10473#primaryimage\"},\"thumbnailUrl\":\"http:\\\/\\\/pmza.sk\\\/wp-content\\\/uploads\\\/2014\\\/08\\\/Hradne-hry-Zofie-Bosniakovej_web.jpg\",\"datePublished\":\"2014-08-04T09:56:20+00:00\",\"breadcrumb\":{\"@id\":\"https:\\\/\\\/pmza.sk\\\/?p=10473#breadcrumb\"},\"inLanguage\":\"sk-SK\",\"potentialAction\":[{\"@type\":\"ReadAction\",\"target\":[\"https:\\\/\\\/pmza.sk\\\/?p=10473\"]}]},{\"@type\":\"ImageObject\",\"inLanguage\":\"sk-SK\",\"@id\":\"https:\\\/\\\/pmza.sk\\\/?p=10473#primaryimage\",\"url\":\"https:\\\/\\\/pmza.sk\\\/wp-content\\\/uploads\\\/2014\\\/08\\\/Hradne-hry-Zofie-Bosniakovej_web.jpg\",\"contentUrl\":\"https:\\\/\\\/pmza.sk\\\/wp-content\\\/uploads\\\/2014\\\/08\\\/Hradne-hry-Zofie-Bosniakovej_web.jpg\",\"width\":708,\"height\":1024},{\"@type\":\"BreadcrumbList\",\"@id\":\"https:\\\/\\\/pmza.sk\\\/?p=10473#breadcrumb\",\"itemListElement\":[{\"@type\":\"ListItem\",\"position\":1,\"name\":\"Domovsk\u00e1 str\u00e1nka\",\"item\":\"https:\\\/\\\/pmza.sk\\\/\"},{\"@type\":\"ListItem\",\"position\":2,\"name\":\"Kratochv\u00edle \u0161\u013eachty \u2013 hradn\u00e9 hry \u017dofie Bosniakovej\"}]},{\"@type\":\"WebSite\",\"@id\":\"https:\\\/\\\/pmza.sk\\\/#website\",\"url\":\"https:\\\/\\\/pmza.sk\\\/\",\"name\":\"Pova\u017esk\u00e9 m\u00fazeum\",\"description\":\"Pova\u017esk\u00e9 m\u00fazeum v \u017diline je region\u00e1lne m\u00fazeum so s\u00eddlom v Budat\u00edne. Jeho expoz\u00edcie s\u00fa zameran\u00e9 na dejiny slovensk\u00e9ho umenia, kult\u00fary a dopravy.\",\"publisher\":{\"@id\":\"https:\\\/\\\/pmza.sk\\\/#organization\"},\"potentialAction\":[{\"@type\":\"SearchAction\",\"target\":{\"@type\":\"EntryPoint\",\"urlTemplate\":\"https:\\\/\\\/pmza.sk\\\/?s={search_term_string}\"},\"query-input\":{\"@type\":\"PropertyValueSpecification\",\"valueRequired\":true,\"valueName\":\"search_term_string\"}}],\"inLanguage\":\"sk-SK\"},{\"@type\":\"Organization\",\"@id\":\"https:\\\/\\\/pmza.sk\\\/#organization\",\"name\":\"Pova\u017esk\u00e9 m\u00fazeum\",\"url\":\"https:\\\/\\\/pmza.sk\\\/\",\"logo\":{\"@type\":\"ImageObject\",\"inLanguage\":\"sk-SK\",\"@id\":\"https:\\\/\\\/pmza.sk\\\/#\\\/schema\\\/logo\\\/image\\\/\",\"url\":\"https:\\\/\\\/pmza.sk\\\/wp-content\\\/uploads\\\/2022\\\/01\\\/logo_PM_horizontal.jpg\",\"contentUrl\":\"https:\\\/\\\/pmza.sk\\\/wp-content\\\/uploads\\\/2022\\\/01\\\/logo_PM_horizontal.jpg\",\"width\":231,\"height\":142,\"caption\":\"Pova\u017esk\u00e9 m\u00fazeum\"},\"image\":{\"@id\":\"https:\\\/\\\/pmza.sk\\\/#\\\/schema\\\/logo\\\/image\\\/\"},\"sameAs\":[\"https:\\\/\\\/www.facebook.com\\\/povazskemuzeum\",\"https:\\\/\\\/www.instagram.com\\\/povazskemuzeum\\\/\"]},{\"@type\":\"Person\",\"@id\":\"https:\\\/\\\/pmza.sk\\\/#\\\/schema\\\/person\\\/595e6a2ce731ea94dcd5d7f50a41ae33\",\"name\":\"Pova\u017esk\u00e9 m\u00fazeum\",\"image\":{\"@type\":\"ImageObject\",\"inLanguage\":\"sk-SK\",\"@id\":\"https:\\\/\\\/secure.gravatar.com\\\/avatar\\\/2bb7f1561282132fb5826dfeccc66c7996d11ee392ac6aaf7ced8a1c2027fbb2?s=96&d=mm&r=g\",\"url\":\"https:\\\/\\\/secure.gravatar.com\\\/avatar\\\/2bb7f1561282132fb5826dfeccc66c7996d11ee392ac6aaf7ced8a1c2027fbb2?s=96&d=mm&r=g\",\"contentUrl\":\"https:\\\/\\\/secure.gravatar.com\\\/avatar\\\/2bb7f1561282132fb5826dfeccc66c7996d11ee392ac6aaf7ced8a1c2027fbb2?s=96&d=mm&r=g\",\"caption\":\"Pova\u017esk\u00e9 m\u00fazeum\"}}]}<\/script>\n<!-- \/ Yoast SEO plugin. -->","yoast_head_json":{"title":"Kratochv\u00edle \u0161\u013eachty \u2013 hradn\u00e9 hry \u017dofie Bosniakovej - Pova\u017esk\u00e9 m\u00fazeum","robots":{"index":"index","follow":"follow","max-snippet":"max-snippet:-1","max-image-preview":"max-image-preview:large","max-video-preview":"max-video-preview:-1"},"canonical":"https:\/\/pmza.sk\/?p=10473","og_locale":"sk_SK","og_type":"article","og_title":"Kratochv\u00edle \u0161\u013eachty \u2013 hradn\u00e9 hry \u017dofie Bosniakovej - Pova\u017esk\u00e9 m\u00fazeum","og_description":"Po\u010das druhej augustovej nedele bude mo\u017en\u00e9 na hrade Stre\u010dno stretn\u00fa\u0165 postavy t\u00fdch, ktor\u00ed na tomto hrade kedysi \u017eili, pracovali, milovali a umierali. Stane sa tak v\u010faka Hradn\u00fdm hr\u00e1m \u017dofie Bosniakovej s\u00a0podtitulom Kratochv\u00edle \u0161\u013eachty 10. augusta 2014 v\u00a0\u010dase od 9.00 do 18.00 hodiny. Podujatie bude pokra\u010dova\u0165 v\u00a0podve\u010dern\u00fdch hodin\u00e1ch aj v\u00a0stredovekej dedine Paseka koncertmi skup\u00edn 3Drive, Blue [&hellip;]","og_url":"https:\/\/pmza.sk\/?p=10473","og_site_name":"Pova\u017esk\u00e9 m\u00fazeum","article_publisher":"https:\/\/www.facebook.com\/povazskemuzeum","article_published_time":"2014-08-04T09:56:20+00:00","og_image":[{"url":"https:\/\/pmza.sk\/wp-content\/uploads\/2014\/08\/Hradne-hry-Zofie-Bosniakovej_web.jpg","type":"","width":"","height":""}],"author":"Pova\u017esk\u00e9 m\u00fazeum","twitter_card":"summary_large_image","twitter_misc":{"Autor":"Pova\u017esk\u00e9 m\u00fazeum","Predpokladan\u00fd \u010das \u010d\u00edtania":"2 min\u00faty"},"schema":{"@context":"https:\/\/schema.org","@graph":[{"@type":"Article","@id":"https:\/\/pmza.sk\/?p=10473#article","isPartOf":{"@id":"https:\/\/pmza.sk\/?p=10473"},"author":{"name":"Pova\u017esk\u00e9 m\u00fazeum","@id":"https:\/\/pmza.sk\/#\/schema\/person\/595e6a2ce731ea94dcd5d7f50a41ae33"},"headline":"Kratochv\u00edle \u0161\u013eachty \u2013 hradn\u00e9 hry \u017dofie Bosniakovej","datePublished":"2014-08-04T09:56:20+00:00","mainEntityOfPage":{"@id":"https:\/\/pmza.sk\/?p=10473"},"wordCount":437,"publisher":{"@id":"https:\/\/pmza.sk\/#organization"},"image":{"@id":"https:\/\/pmza.sk\/?p=10473#primaryimage"},"thumbnailUrl":"https:\/\/pmza.sk\/wp-content\/uploads\/2014\/08\/Hradne-hry-Zofie-Bosniakovej_web.jpg","articleSection":["Arch\u00edv 2014"],"inLanguage":"sk-SK"},{"@type":"WebPage","@id":"https:\/\/pmza.sk\/?p=10473","url":"https:\/\/pmza.sk\/?p=10473","name":"Kratochv\u00edle \u0161\u013eachty \u2013 hradn\u00e9 hry \u017dofie Bosniakovej - Pova\u017esk\u00e9 m\u00fazeum","isPartOf":{"@id":"https:\/\/pmza.sk\/#website"},"primaryImageOfPage":{"@id":"https:\/\/pmza.sk\/?p=10473#primaryimage"},"image":{"@id":"https:\/\/pmza.sk\/?p=10473#primaryimage"},"thumbnailUrl":"https:\/\/pmza.sk\/wp-content\/uploads\/2014\/08\/Hradne-hry-Zofie-Bosniakovej_web.jpg","datePublished":"2014-08-04T09:56:20+00:00","breadcrumb":{"@id":"https:\/\/pmza.sk\/?p=10473#breadcrumb"},"inLanguage":"sk-SK","potentialAction":[{"@type":"ReadAction","target":["https:\/\/pmza.sk\/?p=10473"]}]},{"@type":"ImageObject","inLanguage":"sk-SK","@id":"https:\/\/pmza.sk\/?p=10473#primaryimage","url":"https:\/\/pmza.sk\/wp-content\/uploads\/2014\/08\/Hradne-hry-Zofie-Bosniakovej_web.jpg","contentUrl":"https:\/\/pmza.sk\/wp-content\/uploads\/2014\/08\/Hradne-hry-Zofie-Bosniakovej_web.jpg","width":708,"height":1024},{"@type":"BreadcrumbList","@id":"https:\/\/pmza.sk\/?p=10473#breadcrumb","itemListElement":[{"@type":"ListItem","position":1,"name":"Domovsk\u00e1 str\u00e1nka","item":"https:\/\/pmza.sk\/"},{"@type":"ListItem","position":2,"name":"Kratochv\u00edle \u0161\u013eachty \u2013 hradn\u00e9 hry \u017dofie Bosniakovej"}]},{"@type":"WebSite","@id":"https:\/\/pmza.sk\/#website","url":"https:\/\/pmza.sk\/","name":"Pova\u017esk\u00e9 m\u00fazeum","description":"Pova\u017esk\u00e9 m\u00fazeum v \u017diline je region\u00e1lne m\u00fazeum so s\u00eddlom v Budat\u00edne. Jeho expoz\u00edcie s\u00fa zameran\u00e9 na dejiny slovensk\u00e9ho umenia, kult\u00fary a dopravy.","publisher":{"@id":"https:\/\/pmza.sk\/#organization"},"potentialAction":[{"@type":"SearchAction","target":{"@type":"EntryPoint","urlTemplate":"https:\/\/pmza.sk\/?s={search_term_string}"},"query-input":{"@type":"PropertyValueSpecification","valueRequired":true,"valueName":"search_term_string"}}],"inLanguage":"sk-SK"},{"@type":"Organization","@id":"https:\/\/pmza.sk\/#organization","name":"Pova\u017esk\u00e9 m\u00fazeum","url":"https:\/\/pmza.sk\/","logo":{"@type":"ImageObject","inLanguage":"sk-SK","@id":"https:\/\/pmza.sk\/#\/schema\/logo\/image\/","url":"https:\/\/pmza.sk\/wp-content\/uploads\/2022\/01\/logo_PM_horizontal.jpg","contentUrl":"https:\/\/pmza.sk\/wp-content\/uploads\/2022\/01\/logo_PM_horizontal.jpg","width":231,"height":142,"caption":"Pova\u017esk\u00e9 m\u00fazeum"},"image":{"@id":"https:\/\/pmza.sk\/#\/schema\/logo\/image\/"},"sameAs":["https:\/\/www.facebook.com\/povazskemuzeum","https:\/\/www.instagram.com\/povazskemuzeum\/"]},{"@type":"Person","@id":"https:\/\/pmza.sk\/#\/schema\/person\/595e6a2ce731ea94dcd5d7f50a41ae33","name":"Pova\u017esk\u00e9 m\u00fazeum","image":{"@type":"ImageObject","inLanguage":"sk-SK","@id":"https:\/\/secure.gravatar.com\/avatar\/2bb7f1561282132fb5826dfeccc66c7996d11ee392ac6aaf7ced8a1c2027fbb2?s=96&d=mm&r=g","url":"https:\/\/secure.gravatar.com\/avatar\/2bb7f1561282132fb5826dfeccc66c7996d11ee392ac6aaf7ced8a1c2027fbb2?s=96&d=mm&r=g","contentUrl":"https:\/\/secure.gravatar.com\/avatar\/2bb7f1561282132fb5826dfeccc66c7996d11ee392ac6aaf7ced8a1c2027fbb2?s=96&d=mm&r=g","caption":"Pova\u017esk\u00e9 m\u00fazeum"}}]}},"_links":{"self":[{"href":"https:\/\/pmza.sk\/index.php?rest_route=\/wp\/v2\/posts\/10473","targetHints":{"allow":["GET"]}}],"collection":[{"href":"https:\/\/pmza.sk\/index.php?rest_route=\/wp\/v2\/posts"}],"about":[{"href":"https:\/\/pmza.sk\/index.php?rest_route=\/wp\/v2\/types\/post"}],"author":[{"embeddable":true,"href":"https:\/\/pmza.sk\/index.php?rest_route=\/wp\/v2\/users\/2"}],"replies":[{"embeddable":true,"href":"https:\/\/pmza.sk\/index.php?rest_route=%2Fwp%2Fv2%2Fcomments&post=10473"}],"version-history":[{"count":0,"href":"https:\/\/pmza.sk\/index.php?rest_route=\/wp\/v2\/posts\/10473\/revisions"}],"wp:attachment":[{"href":"https:\/\/pmza.sk\/index.php?rest_route=%2Fwp%2Fv2%2Fmedia&parent=10473"}],"wp:term":[{"taxonomy":"category","embeddable":true,"href":"https:\/\/pmza.sk\/index.php?rest_route=%2Fwp%2Fv2%2Fcategories&post=10473"},{"taxonomy":"post_tag","embeddable":true,"href":"https:\/\/pmza.sk\/index.php?rest_route=%2Fwp%2Fv2%2Ftags&post=10473"}],"curies":[{"name":"wp","href":"https:\/\/api.w.org\/{rel}","templated":true}]}}