{"id":10508,"date":"2014-08-07T11:31:41","date_gmt":"2014-08-07T09:31:41","guid":{"rendered":"https:\/\/pmza.sk.sk\/?p=10508"},"modified":"2014-08-07T11:31:41","modified_gmt":"2014-08-07T09:31:41","slug":"kulturne-leto-2014-don-quijote-de-la-ancha","status":"publish","type":"post","link":"https:\/\/pmza.sk\/?p=10508","title":{"rendered":"Kult\u00farne leto 2014 &#8211; Don Quijote de la Ancha"},"content":{"rendered":"<p><a href=\"https:\/\/pmza.sk\/wp-content\/uploads\/2014\/08\/Don-quichote-de-la-Ancha.jpg\"><img fetchpriority=\"high\" decoding=\"async\" class=\"alignleft size-full wp-image-10507\" alt=\"Don quichote de la Ancha\" src=\"https:\/\/pmza.sk\/wp-content\/uploads\/2014\/08\/Don-quichote-de-la-Ancha.jpg\" width=\"268\" height=\"188\" \/><\/a>Do are\u00e1lu Budat\u00ednskeho parku pr\u00edde v nede\u013eu 10. augusta o 16.00 hodine divadlo Klauniky z\u00a0Brna, ktor\u00e9 uvedie svoju hru, kom\u00e9diu <strong>Don Quijote de la Ancha<\/strong>.<\/p>\n<p>Premi\u00e9ra predstavenia sa konala v\u00a0roku 1988\u00a0v\u00a0Brne a s\u00a0ktorou u\u017e nieko\u013eko rokov nav\u0161tevuje \u010desk\u00e9 a slovensk\u00e9 historick\u00e9 pamiatky. Svojr\u00e1znemu spracovaniu osudov Dona Quijota a jeho vern\u00e9ho slu\u017eobn\u00edka Sanchu Panza nech\u00fdba humor, nadh\u013ead, <!--more-->fant\u00e1zia ani mystifik\u00e1cia. Po form\u00e1lnej str\u00e1nke zvolil re\u017eijn\u00fd poradca predstavenia, autor, m\u00edm, b\u00e1snik telom a du\u0161ou Bolek Pol\u00edvka cestu didaktickej klauni\u00e1dy. Cel\u00e1 hra je postaven\u00e1 na u\u010den\u00ed J\u00e1na \u00c1mosa Komensk\u00e9ho, a to prostredn\u00edctvom profesora \u0161paniel\u010diny a vychov\u00e1vate\u013eky komin\u00e1rskeho intern\u00e1tu Ancha, ktor\u00ed sa svojim div\u00e1kom\u00a0\u2013 \u0161tudentom, sna\u017eia maxim\u00e1lne pribl\u00ed\u017ei\u0165 postavu d\u00f4myseln\u00e9ho rytiera Dona Quijota. Predstavenie je ur\u010den\u00e9 v\u0161etk\u00fdm vekov\u00fdm skupin\u00e1m a je z\u00e1rove\u0148 humorn\u00fdm prel\u00ednan\u00edm sc\u00e9n svetozn\u00e1meho rom\u00e1nu Miguela de Cervantesa Saavedru s\u00a0vyu\u010dovacou hodinou profesora \u0161paniel\u010diny.<\/p>\n<p>Podujatie sa kon\u00e1 v r\u00e1mci <strong>Kult\u00farneho leta 2014<\/strong> v spolupr\u00e1ci Pova\u017esk\u00e9ho m\u00fazea v \u017diline s Mestom \u017dilina.<\/p>\n<p>Viac inform\u00e1ci\u00ed n\u00e1jdete <a href=\"http:\/\/www.kulturneleto.eu\/2014\/podujatia-mesta\/#don-quijote-de-la-ancha\">TU<\/a>.<\/p>\n","protected":false},"excerpt":{"rendered":"<p>Do are\u00e1lu Budat\u00ednskeho parku pr\u00edde v nede\u013eu 10. augusta o 16.00 hodine divadlo Klauniky z\u00a0Brna, ktor\u00e9 uvedie svoju hru, kom\u00e9diu Don Quijote de la Ancha. Premi\u00e9ra predstavenia sa konala v\u00a0roku 1988\u00a0v\u00a0Brne a s\u00a0ktorou u\u017e nieko\u013eko rokov nav\u0161tevuje \u010desk\u00e9 a slovensk\u00e9 historick\u00e9 pamiatky. Svojr\u00e1znemu spracovaniu osudov Dona Quijota a jeho vern\u00e9ho slu\u017eobn\u00edka Sanchu Panza nech\u00fdba humor, [&hellip;]<\/p>\n","protected":false},"author":2,"featured_media":0,"comment_status":"closed","ping_status":"closed","sticky":false,"template":"","format":"standard","meta":{"site-sidebar-layout":"default","site-content-layout":"","ast-site-content-layout":"","site-content-style":"default","site-sidebar-style":"default","ast-global-header-display":"","ast-banner-title-visibility":"","ast-main-header-display":"","ast-hfb-above-header-display":"","ast-hfb-below-header-display":"","ast-hfb-mobile-header-display":"","site-post-title":"","ast-breadcrumbs-content":"","ast-featured-img":"","footer-sml-layout":"","theme-transparent-header-meta":"","adv-header-id-meta":"","stick-header-meta":"","header-above-stick-meta":"","header-main-stick-meta":"","header-below-stick-meta":"","astra-migrate-meta-layouts":"default","ast-page-background-enabled":"default","ast-page-background-meta":{"desktop":{"background-color":"var(--ast-global-color-4)","background-image":"","background-repeat":"repeat","background-position":"center center","background-size":"auto","background-attachment":"scroll","background-type":"","background-media":"","overlay-type":"","overlay-color":"","overlay-opacity":"","overlay-gradient":""},"tablet":{"background-color":"","background-image":"","background-repeat":"repeat","background-position":"center center","background-size":"auto","background-attachment":"scroll","background-type":"","background-media":"","overlay-type":"","overlay-color":"","overlay-opacity":"","overlay-gradient":""},"mobile":{"background-color":"","background-image":"","background-repeat":"repeat","background-position":"center center","background-size":"auto","background-attachment":"scroll","background-type":"","background-media":"","overlay-type":"","overlay-color":"","overlay-opacity":"","overlay-gradient":""}},"ast-content-background-meta":{"desktop":{"background-color":"var(--ast-global-color-5)","background-image":"","background-repeat":"repeat","background-position":"center center","background-size":"auto","background-attachment":"scroll","background-type":"","background-media":"","overlay-type":"","overlay-color":"","overlay-opacity":"","overlay-gradient":""},"tablet":{"background-color":"var(--ast-global-color-5)","background-image":"","background-repeat":"repeat","background-position":"center center","background-size":"auto","background-attachment":"scroll","background-type":"","background-media":"","overlay-type":"","overlay-color":"","overlay-opacity":"","overlay-gradient":""},"mobile":{"background-color":"var(--ast-global-color-5)","background-image":"","background-repeat":"repeat","background-position":"center center","background-size":"auto","background-attachment":"scroll","background-type":"","background-media":"","overlay-type":"","overlay-color":"","overlay-opacity":"","overlay-gradient":""}},"footnotes":""},"categories":[36],"tags":[],"class_list":["post-10508","post","type-post","status-publish","format-standard","hentry","category-archiv-2014"],"yoast_head":"<!-- This site is optimized with the Yoast SEO plugin v27.4 - https:\/\/yoast.com\/product\/yoast-seo-wordpress\/ -->\n<title>Kult\u00farne leto 2014 - Don Quijote de la Ancha - Pova\u017esk\u00e9 m\u00fazeum<\/title>\n<meta name=\"robots\" content=\"index, follow, max-snippet:-1, max-image-preview:large, max-video-preview:-1\" \/>\n<link rel=\"canonical\" href=\"https:\/\/pmza.sk\/?p=10508\" \/>\n<meta property=\"og:locale\" content=\"sk_SK\" \/>\n<meta property=\"og:type\" content=\"article\" \/>\n<meta property=\"og:title\" content=\"Kult\u00farne leto 2014 - Don Quijote de la Ancha - Pova\u017esk\u00e9 m\u00fazeum\" \/>\n<meta property=\"og:description\" content=\"Do are\u00e1lu Budat\u00ednskeho parku pr\u00edde v nede\u013eu 10. augusta o 16.00 hodine divadlo Klauniky z\u00a0Brna, ktor\u00e9 uvedie svoju hru, kom\u00e9diu Don Quijote de la Ancha. Premi\u00e9ra predstavenia sa konala v\u00a0roku 1988\u00a0v\u00a0Brne a s\u00a0ktorou u\u017e nieko\u013eko rokov nav\u0161tevuje \u010desk\u00e9 a slovensk\u00e9 historick\u00e9 pamiatky. Svojr\u00e1znemu spracovaniu osudov Dona Quijota a jeho vern\u00e9ho slu\u017eobn\u00edka Sanchu Panza nech\u00fdba humor, [&hellip;]\" \/>\n<meta property=\"og:url\" content=\"https:\/\/pmza.sk\/?p=10508\" \/>\n<meta property=\"og:site_name\" content=\"Pova\u017esk\u00e9 m\u00fazeum\" \/>\n<meta property=\"article:publisher\" content=\"https:\/\/www.facebook.com\/povazskemuzeum\" \/>\n<meta property=\"article:published_time\" content=\"2014-08-07T09:31:41+00:00\" \/>\n<meta property=\"og:image\" content=\"https:\/\/pmza.sk\/wp-content\/uploads\/2014\/08\/Don-quichote-de-la-Ancha.jpg\" \/>\n<meta name=\"author\" content=\"Pova\u017esk\u00e9 m\u00fazeum\" \/>\n<meta name=\"twitter:card\" content=\"summary_large_image\" \/>\n<meta name=\"twitter:label1\" content=\"Autor\" \/>\n\t<meta name=\"twitter:data1\" content=\"Pova\u017esk\u00e9 m\u00fazeum\" \/>\n\t<meta name=\"twitter:label2\" content=\"Predpokladan\u00fd \u010das \u010d\u00edtania\" \/>\n\t<meta name=\"twitter:data2\" content=\"1 min\u00fata\" \/>\n<script type=\"application\/ld+json\" class=\"yoast-schema-graph\">{\"@context\":\"https:\\\/\\\/schema.org\",\"@graph\":[{\"@type\":\"Article\",\"@id\":\"https:\\\/\\\/pmza.sk\\\/?p=10508#article\",\"isPartOf\":{\"@id\":\"https:\\\/\\\/pmza.sk\\\/?p=10508\"},\"author\":{\"name\":\"Pova\u017esk\u00e9 m\u00fazeum\",\"@id\":\"https:\\\/\\\/pmza.sk\\\/#\\\/schema\\\/person\\\/595e6a2ce731ea94dcd5d7f50a41ae33\"},\"headline\":\"Kult\u00farne leto 2014 &#8211; Don Quijote de la Ancha\",\"datePublished\":\"2014-08-07T09:31:41+00:00\",\"mainEntityOfPage\":{\"@id\":\"https:\\\/\\\/pmza.sk\\\/?p=10508\"},\"wordCount\":224,\"publisher\":{\"@id\":\"https:\\\/\\\/pmza.sk\\\/#organization\"},\"image\":{\"@id\":\"https:\\\/\\\/pmza.sk\\\/?p=10508#primaryimage\"},\"thumbnailUrl\":\"http:\\\/\\\/pmza.sk\\\/wp-content\\\/uploads\\\/2014\\\/08\\\/Don-quichote-de-la-Ancha.jpg\",\"articleSection\":[\"Arch\u00edv 2014\"],\"inLanguage\":\"sk-SK\"},{\"@type\":\"WebPage\",\"@id\":\"https:\\\/\\\/pmza.sk\\\/?p=10508\",\"url\":\"https:\\\/\\\/pmza.sk\\\/?p=10508\",\"name\":\"Kult\u00farne leto 2014 - Don Quijote de la Ancha - Pova\u017esk\u00e9 m\u00fazeum\",\"isPartOf\":{\"@id\":\"https:\\\/\\\/pmza.sk\\\/#website\"},\"primaryImageOfPage\":{\"@id\":\"https:\\\/\\\/pmza.sk\\\/?p=10508#primaryimage\"},\"image\":{\"@id\":\"https:\\\/\\\/pmza.sk\\\/?p=10508#primaryimage\"},\"thumbnailUrl\":\"http:\\\/\\\/pmza.sk\\\/wp-content\\\/uploads\\\/2014\\\/08\\\/Don-quichote-de-la-Ancha.jpg\",\"datePublished\":\"2014-08-07T09:31:41+00:00\",\"breadcrumb\":{\"@id\":\"https:\\\/\\\/pmza.sk\\\/?p=10508#breadcrumb\"},\"inLanguage\":\"sk-SK\",\"potentialAction\":[{\"@type\":\"ReadAction\",\"target\":[\"https:\\\/\\\/pmza.sk\\\/?p=10508\"]}]},{\"@type\":\"ImageObject\",\"inLanguage\":\"sk-SK\",\"@id\":\"https:\\\/\\\/pmza.sk\\\/?p=10508#primaryimage\",\"url\":\"https:\\\/\\\/pmza.sk\\\/wp-content\\\/uploads\\\/2014\\\/08\\\/Don-quichote-de-la-Ancha.jpg\",\"contentUrl\":\"https:\\\/\\\/pmza.sk\\\/wp-content\\\/uploads\\\/2014\\\/08\\\/Don-quichote-de-la-Ancha.jpg\",\"width\":268,\"height\":188},{\"@type\":\"BreadcrumbList\",\"@id\":\"https:\\\/\\\/pmza.sk\\\/?p=10508#breadcrumb\",\"itemListElement\":[{\"@type\":\"ListItem\",\"position\":1,\"name\":\"Domovsk\u00e1 str\u00e1nka\",\"item\":\"https:\\\/\\\/pmza.sk\\\/\"},{\"@type\":\"ListItem\",\"position\":2,\"name\":\"Kult\u00farne leto 2014 &#8211; Don Quijote de la Ancha\"}]},{\"@type\":\"WebSite\",\"@id\":\"https:\\\/\\\/pmza.sk\\\/#website\",\"url\":\"https:\\\/\\\/pmza.sk\\\/\",\"name\":\"Pova\u017esk\u00e9 m\u00fazeum\",\"description\":\"Pova\u017esk\u00e9 m\u00fazeum v \u017diline je region\u00e1lne m\u00fazeum so s\u00eddlom v Budat\u00edne. Jeho expoz\u00edcie s\u00fa zameran\u00e9 na dejiny slovensk\u00e9ho umenia, kult\u00fary a dopravy.\",\"publisher\":{\"@id\":\"https:\\\/\\\/pmza.sk\\\/#organization\"},\"potentialAction\":[{\"@type\":\"SearchAction\",\"target\":{\"@type\":\"EntryPoint\",\"urlTemplate\":\"https:\\\/\\\/pmza.sk\\\/?s={search_term_string}\"},\"query-input\":{\"@type\":\"PropertyValueSpecification\",\"valueRequired\":true,\"valueName\":\"search_term_string\"}}],\"inLanguage\":\"sk-SK\"},{\"@type\":\"Organization\",\"@id\":\"https:\\\/\\\/pmza.sk\\\/#organization\",\"name\":\"Pova\u017esk\u00e9 m\u00fazeum\",\"url\":\"https:\\\/\\\/pmza.sk\\\/\",\"logo\":{\"@type\":\"ImageObject\",\"inLanguage\":\"sk-SK\",\"@id\":\"https:\\\/\\\/pmza.sk\\\/#\\\/schema\\\/logo\\\/image\\\/\",\"url\":\"https:\\\/\\\/pmza.sk\\\/wp-content\\\/uploads\\\/2022\\\/01\\\/logo_PM_horizontal.jpg\",\"contentUrl\":\"https:\\\/\\\/pmza.sk\\\/wp-content\\\/uploads\\\/2022\\\/01\\\/logo_PM_horizontal.jpg\",\"width\":231,\"height\":142,\"caption\":\"Pova\u017esk\u00e9 m\u00fazeum\"},\"image\":{\"@id\":\"https:\\\/\\\/pmza.sk\\\/#\\\/schema\\\/logo\\\/image\\\/\"},\"sameAs\":[\"https:\\\/\\\/www.facebook.com\\\/povazskemuzeum\",\"https:\\\/\\\/www.instagram.com\\\/povazskemuzeum\\\/\"]},{\"@type\":\"Person\",\"@id\":\"https:\\\/\\\/pmza.sk\\\/#\\\/schema\\\/person\\\/595e6a2ce731ea94dcd5d7f50a41ae33\",\"name\":\"Pova\u017esk\u00e9 m\u00fazeum\",\"image\":{\"@type\":\"ImageObject\",\"inLanguage\":\"sk-SK\",\"@id\":\"https:\\\/\\\/secure.gravatar.com\\\/avatar\\\/2bb7f1561282132fb5826dfeccc66c7996d11ee392ac6aaf7ced8a1c2027fbb2?s=96&d=mm&r=g\",\"url\":\"https:\\\/\\\/secure.gravatar.com\\\/avatar\\\/2bb7f1561282132fb5826dfeccc66c7996d11ee392ac6aaf7ced8a1c2027fbb2?s=96&d=mm&r=g\",\"contentUrl\":\"https:\\\/\\\/secure.gravatar.com\\\/avatar\\\/2bb7f1561282132fb5826dfeccc66c7996d11ee392ac6aaf7ced8a1c2027fbb2?s=96&d=mm&r=g\",\"caption\":\"Pova\u017esk\u00e9 m\u00fazeum\"}}]}<\/script>\n<!-- \/ Yoast SEO plugin. -->","yoast_head_json":{"title":"Kult\u00farne leto 2014 - Don Quijote de la Ancha - Pova\u017esk\u00e9 m\u00fazeum","robots":{"index":"index","follow":"follow","max-snippet":"max-snippet:-1","max-image-preview":"max-image-preview:large","max-video-preview":"max-video-preview:-1"},"canonical":"https:\/\/pmza.sk\/?p=10508","og_locale":"sk_SK","og_type":"article","og_title":"Kult\u00farne leto 2014 - Don Quijote de la Ancha - Pova\u017esk\u00e9 m\u00fazeum","og_description":"Do are\u00e1lu Budat\u00ednskeho parku pr\u00edde v nede\u013eu 10. augusta o 16.00 hodine divadlo Klauniky z\u00a0Brna, ktor\u00e9 uvedie svoju hru, kom\u00e9diu Don Quijote de la Ancha. Premi\u00e9ra predstavenia sa konala v\u00a0roku 1988\u00a0v\u00a0Brne a s\u00a0ktorou u\u017e nieko\u013eko rokov nav\u0161tevuje \u010desk\u00e9 a slovensk\u00e9 historick\u00e9 pamiatky. Svojr\u00e1znemu spracovaniu osudov Dona Quijota a jeho vern\u00e9ho slu\u017eobn\u00edka Sanchu Panza nech\u00fdba humor, [&hellip;]","og_url":"https:\/\/pmza.sk\/?p=10508","og_site_name":"Pova\u017esk\u00e9 m\u00fazeum","article_publisher":"https:\/\/www.facebook.com\/povazskemuzeum","article_published_time":"2014-08-07T09:31:41+00:00","og_image":[{"url":"https:\/\/pmza.sk\/wp-content\/uploads\/2014\/08\/Don-quichote-de-la-Ancha.jpg","type":"","width":"","height":""}],"author":"Pova\u017esk\u00e9 m\u00fazeum","twitter_card":"summary_large_image","twitter_misc":{"Autor":"Pova\u017esk\u00e9 m\u00fazeum","Predpokladan\u00fd \u010das \u010d\u00edtania":"1 min\u00fata"},"schema":{"@context":"https:\/\/schema.org","@graph":[{"@type":"Article","@id":"https:\/\/pmza.sk\/?p=10508#article","isPartOf":{"@id":"https:\/\/pmza.sk\/?p=10508"},"author":{"name":"Pova\u017esk\u00e9 m\u00fazeum","@id":"https:\/\/pmza.sk\/#\/schema\/person\/595e6a2ce731ea94dcd5d7f50a41ae33"},"headline":"Kult\u00farne leto 2014 &#8211; Don Quijote de la Ancha","datePublished":"2014-08-07T09:31:41+00:00","mainEntityOfPage":{"@id":"https:\/\/pmza.sk\/?p=10508"},"wordCount":224,"publisher":{"@id":"https:\/\/pmza.sk\/#organization"},"image":{"@id":"https:\/\/pmza.sk\/?p=10508#primaryimage"},"thumbnailUrl":"https:\/\/pmza.sk\/wp-content\/uploads\/2014\/08\/Don-quichote-de-la-Ancha.jpg","articleSection":["Arch\u00edv 2014"],"inLanguage":"sk-SK"},{"@type":"WebPage","@id":"https:\/\/pmza.sk\/?p=10508","url":"https:\/\/pmza.sk\/?p=10508","name":"Kult\u00farne leto 2014 - Don Quijote de la Ancha - Pova\u017esk\u00e9 m\u00fazeum","isPartOf":{"@id":"https:\/\/pmza.sk\/#website"},"primaryImageOfPage":{"@id":"https:\/\/pmza.sk\/?p=10508#primaryimage"},"image":{"@id":"https:\/\/pmza.sk\/?p=10508#primaryimage"},"thumbnailUrl":"https:\/\/pmza.sk\/wp-content\/uploads\/2014\/08\/Don-quichote-de-la-Ancha.jpg","datePublished":"2014-08-07T09:31:41+00:00","breadcrumb":{"@id":"https:\/\/pmza.sk\/?p=10508#breadcrumb"},"inLanguage":"sk-SK","potentialAction":[{"@type":"ReadAction","target":["https:\/\/pmza.sk\/?p=10508"]}]},{"@type":"ImageObject","inLanguage":"sk-SK","@id":"https:\/\/pmza.sk\/?p=10508#primaryimage","url":"https:\/\/pmza.sk\/wp-content\/uploads\/2014\/08\/Don-quichote-de-la-Ancha.jpg","contentUrl":"https:\/\/pmza.sk\/wp-content\/uploads\/2014\/08\/Don-quichote-de-la-Ancha.jpg","width":268,"height":188},{"@type":"BreadcrumbList","@id":"https:\/\/pmza.sk\/?p=10508#breadcrumb","itemListElement":[{"@type":"ListItem","position":1,"name":"Domovsk\u00e1 str\u00e1nka","item":"https:\/\/pmza.sk\/"},{"@type":"ListItem","position":2,"name":"Kult\u00farne leto 2014 &#8211; Don Quijote de la Ancha"}]},{"@type":"WebSite","@id":"https:\/\/pmza.sk\/#website","url":"https:\/\/pmza.sk\/","name":"Pova\u017esk\u00e9 m\u00fazeum","description":"Pova\u017esk\u00e9 m\u00fazeum v \u017diline je region\u00e1lne m\u00fazeum so s\u00eddlom v Budat\u00edne. Jeho expoz\u00edcie s\u00fa zameran\u00e9 na dejiny slovensk\u00e9ho umenia, kult\u00fary a dopravy.","publisher":{"@id":"https:\/\/pmza.sk\/#organization"},"potentialAction":[{"@type":"SearchAction","target":{"@type":"EntryPoint","urlTemplate":"https:\/\/pmza.sk\/?s={search_term_string}"},"query-input":{"@type":"PropertyValueSpecification","valueRequired":true,"valueName":"search_term_string"}}],"inLanguage":"sk-SK"},{"@type":"Organization","@id":"https:\/\/pmza.sk\/#organization","name":"Pova\u017esk\u00e9 m\u00fazeum","url":"https:\/\/pmza.sk\/","logo":{"@type":"ImageObject","inLanguage":"sk-SK","@id":"https:\/\/pmza.sk\/#\/schema\/logo\/image\/","url":"https:\/\/pmza.sk\/wp-content\/uploads\/2022\/01\/logo_PM_horizontal.jpg","contentUrl":"https:\/\/pmza.sk\/wp-content\/uploads\/2022\/01\/logo_PM_horizontal.jpg","width":231,"height":142,"caption":"Pova\u017esk\u00e9 m\u00fazeum"},"image":{"@id":"https:\/\/pmza.sk\/#\/schema\/logo\/image\/"},"sameAs":["https:\/\/www.facebook.com\/povazskemuzeum","https:\/\/www.instagram.com\/povazskemuzeum\/"]},{"@type":"Person","@id":"https:\/\/pmza.sk\/#\/schema\/person\/595e6a2ce731ea94dcd5d7f50a41ae33","name":"Pova\u017esk\u00e9 m\u00fazeum","image":{"@type":"ImageObject","inLanguage":"sk-SK","@id":"https:\/\/secure.gravatar.com\/avatar\/2bb7f1561282132fb5826dfeccc66c7996d11ee392ac6aaf7ced8a1c2027fbb2?s=96&d=mm&r=g","url":"https:\/\/secure.gravatar.com\/avatar\/2bb7f1561282132fb5826dfeccc66c7996d11ee392ac6aaf7ced8a1c2027fbb2?s=96&d=mm&r=g","contentUrl":"https:\/\/secure.gravatar.com\/avatar\/2bb7f1561282132fb5826dfeccc66c7996d11ee392ac6aaf7ced8a1c2027fbb2?s=96&d=mm&r=g","caption":"Pova\u017esk\u00e9 m\u00fazeum"}}]}},"_links":{"self":[{"href":"https:\/\/pmza.sk\/index.php?rest_route=\/wp\/v2\/posts\/10508","targetHints":{"allow":["GET"]}}],"collection":[{"href":"https:\/\/pmza.sk\/index.php?rest_route=\/wp\/v2\/posts"}],"about":[{"href":"https:\/\/pmza.sk\/index.php?rest_route=\/wp\/v2\/types\/post"}],"author":[{"embeddable":true,"href":"https:\/\/pmza.sk\/index.php?rest_route=\/wp\/v2\/users\/2"}],"replies":[{"embeddable":true,"href":"https:\/\/pmza.sk\/index.php?rest_route=%2Fwp%2Fv2%2Fcomments&post=10508"}],"version-history":[{"count":0,"href":"https:\/\/pmza.sk\/index.php?rest_route=\/wp\/v2\/posts\/10508\/revisions"}],"wp:attachment":[{"href":"https:\/\/pmza.sk\/index.php?rest_route=%2Fwp%2Fv2%2Fmedia&parent=10508"}],"wp:term":[{"taxonomy":"category","embeddable":true,"href":"https:\/\/pmza.sk\/index.php?rest_route=%2Fwp%2Fv2%2Fcategories&post=10508"},{"taxonomy":"post_tag","embeddable":true,"href":"https:\/\/pmza.sk\/index.php?rest_route=%2Fwp%2Fv2%2Ftags&post=10508"}],"curies":[{"name":"wp","href":"https:\/\/api.w.org\/{rel}","templated":true}]}}