{"id":10523,"date":"2014-08-11T13:46:46","date_gmt":"2014-08-11T11:46:46","guid":{"rendered":"https:\/\/pmza.sk.sk\/?p=10523"},"modified":"2014-08-11T13:46:46","modified_gmt":"2014-08-11T11:46:46","slug":"nocna-prehliadka-hradu-strecno-a-stredovekej-dediny-paseka","status":"publish","type":"post","link":"https:\/\/pmza.sk\/?p=10523","title":{"rendered":"No\u010dn\u00e1 prehliadka hradu Stre\u010dno a stredovekej dediny Paseka"},"content":{"rendered":"<p><a href=\"https:\/\/pmza.sk\/wp-content\/uploads\/2014\/08\/Nocna-prehliadka-hradu-Strecno_15-08-scaled-1.jpg\"><img decoding=\"async\" class=\"alignleft size-full wp-image-10465\" alt=\"No\u010dn\u00e1 prehliadka hradu Stre\u010dno_15 08_web\" src=\"https:\/\/pmza.sk\/wp-content\/uploads\/2014\/08\/Nocna-prehliadka-hradu-Strecno_15-08_web.jpg\" width=\"177\" height=\"255\" srcset=\"https:\/\/pmza.sk\/wp-content\/uploads\/2014\/08\/Nocna-prehliadka-hradu-Strecno_15-08_web.jpg 711w, https:\/\/pmza.sk\/wp-content\/uploads\/2014\/08\/Nocna-prehliadka-hradu-Strecno_15-08_web-250x360.jpg 250w, https:\/\/pmza.sk\/wp-content\/uploads\/2014\/08\/Nocna-prehliadka-hradu-Strecno_15-08_web-511x736.jpg 511w, https:\/\/pmza.sk\/wp-content\/uploads\/2014\/08\/Nocna-prehliadka-hradu-Strecno_15-08_web-600x864.jpg 600w\" sizes=\"(max-width: 177px) 100vw, 177px\" \/><\/a>Po \u00faspe\u0161n\u00fdch troch letn\u00fdch no\u010dn\u00fdch prehliadkach hradu Stre\u010dno a\u00a0stredovekej dediny Paseka je na rade \u0161tvrt\u00e1 z\u00a0tohtoro\u010dnej s\u00e9rie. Kona\u0165 sa bude 15. augusta 2014 od 20.00 do 23.00 hodiny. Op\u00e4\u0165 V\u00e1s privedieme do atmosf\u00e9ry d\u00e1vnych d\u00f4b, kde sa stretneme s o\u017eiven\u00fdmi v\u00fdznamn\u00fdmi, ale aj zabudnut\u00fdmi historick\u00fdmi postavami.<\/p>\n<p>\u201e<i>Okrem zn\u00e1mych tv\u00e1r\u00ed z\u00a0d\u00f4b minul\u00fdch na Stre\u010dno zav\u00edta aj m\u00fdtick\u00e1 bytos\u0165 d\u017eina v\u00a0trojdimenzion\u00e1lnej verzii<\/i>. <i>Na\u0161i vz\u00e1cni n\u00e1v\u0161tevn\u00edci tak maj\u00fa jedine\u010dn\u00fa mo\u017enos\u0165 overi\u0165 si magick\u00fa silu nadprirodzenej bytosti,\u201c <\/i>informovala spr\u00e1vky\u0148a hradu Stre\u010dno Katar\u00edna Rep\u00e1\u0148ov\u00e1.<\/p>\n<p>Prostredn\u00edctvom stv\u00e1rnenia divadeln\u00fdch adapt\u00e1ci\u00ed sa stretneme s\u00a0mno\u017estvom komick\u00fdch situ\u00e1ci\u00ed zo <!--more-->\u0161ermiarskeho prostredia d\u00e1vnych vekov, pok\u00fasime sa vyrie\u0161i\u0165 dilemu, \u010di je pravda vo v\u00edne, alebo ju maj\u00fa tradi\u010dne \u017eeny. Odpovede na tieto ot\u00e1zky n\u00e1m pribl\u00ed\u017ei skupina historick\u00e9ho \u0161ermu Wagus.<\/p>\n<p>Divadlo &#8222;Kapor na sc\u00e9ne&#8220; n\u00e1m pomocou humoru pom\u00f4\u017ee rozuzli\u0165 hamletovsk\u00fa vo\u013ebu &#8222;By\u0165 \u010di neby\u0165?&#8220;. Zn\u00e1mu Shakespearovu trag\u00e9diu o zmysle \u017eivota predvedie trojica improviz\u00e1torov (aj s malou pomocou div\u00e1kov) v \u0161t\u00fdle commedie del arte.<\/p>\n<p>Okrem \u201ehviezd\u201c z\u00a0historick\u00e9ho prostredia v\u010faka pracovn\u00edkom Krajskej hvezd\u00e1rne v\u00a0\u017diline budeme m\u00f4c\u0165 pozorova\u0165 aj hviezdy na no\u010dnej oblohe.<\/p>\n<p>Po\u010das no\u010dnej prehliadky hradu bude v\u00a0\u010dase od 20.00 do 23.00 hod. spr\u00edstupnen\u00e1 aj stredovek\u00e1 dedina Paseka. Hrad Stre\u010dno bude v\u00a0tento de\u0148 v\u00a0be\u017enej prev\u00e1dzke, otvoren\u00e9 od 9.00 do 18.00, potom od 20.00 do 23.00 hod. Posledn\u00fd vstup je o\u00a022.30 hod.<\/p>\n<p>No\u010dn\u00e9 prehliadky na hrade Stre\u010dno organizuje ka\u017edoro\u010dne Pova\u017esk\u00e9 m\u00fazeum v\u00a0\u017diline, ktor\u00e9 je v\u00a0zria\u010fovate\u013eskej p\u00f4sobnosti \u017dilinsk\u00e9ho samospr\u00e1vneho kraja.<\/p>\n<p>&nbsp;<\/p>\n","protected":false},"excerpt":{"rendered":"<p>Po \u00faspe\u0161n\u00fdch troch letn\u00fdch no\u010dn\u00fdch prehliadkach hradu Stre\u010dno a\u00a0stredovekej dediny Paseka je na rade \u0161tvrt\u00e1 z\u00a0tohtoro\u010dnej s\u00e9rie. Kona\u0165 sa bude 15. augusta 2014 od 20.00 do 23.00 hodiny. Op\u00e4\u0165 V\u00e1s privedieme do atmosf\u00e9ry d\u00e1vnych d\u00f4b, kde sa stretneme s o\u017eiven\u00fdmi v\u00fdznamn\u00fdmi, ale aj zabudnut\u00fdmi historick\u00fdmi postavami. \u201eOkrem zn\u00e1mych tv\u00e1r\u00ed z\u00a0d\u00f4b minul\u00fdch na Stre\u010dno zav\u00edta aj [&hellip;]<\/p>\n","protected":false},"author":2,"featured_media":0,"comment_status":"closed","ping_status":"closed","sticky":false,"template":"","format":"standard","meta":{"site-sidebar-layout":"default","site-content-layout":"","ast-site-content-layout":"","site-content-style":"default","site-sidebar-style":"default","ast-global-header-display":"","ast-banner-title-visibility":"","ast-main-header-display":"","ast-hfb-above-header-display":"","ast-hfb-below-header-display":"","ast-hfb-mobile-header-display":"","site-post-title":"","ast-breadcrumbs-content":"","ast-featured-img":"","footer-sml-layout":"","theme-transparent-header-meta":"","adv-header-id-meta":"","stick-header-meta":"","header-above-stick-meta":"","header-main-stick-meta":"","header-below-stick-meta":"","astra-migrate-meta-layouts":"default","ast-page-background-enabled":"default","ast-page-background-meta":{"desktop":{"background-color":"var(--ast-global-color-4)","background-image":"","background-repeat":"repeat","background-position":"center center","background-size":"auto","background-attachment":"scroll","background-type":"","background-media":"","overlay-type":"","overlay-color":"","overlay-opacity":"","overlay-gradient":""},"tablet":{"background-color":"","background-image":"","background-repeat":"repeat","background-position":"center center","background-size":"auto","background-attachment":"scroll","background-type":"","background-media":"","overlay-type":"","overlay-color":"","overlay-opacity":"","overlay-gradient":""},"mobile":{"background-color":"","background-image":"","background-repeat":"repeat","background-position":"center center","background-size":"auto","background-attachment":"scroll","background-type":"","background-media":"","overlay-type":"","overlay-color":"","overlay-opacity":"","overlay-gradient":""}},"ast-content-background-meta":{"desktop":{"background-color":"var(--ast-global-color-5)","background-image":"","background-repeat":"repeat","background-position":"center center","background-size":"auto","background-attachment":"scroll","background-type":"","background-media":"","overlay-type":"","overlay-color":"","overlay-opacity":"","overlay-gradient":""},"tablet":{"background-color":"var(--ast-global-color-5)","background-image":"","background-repeat":"repeat","background-position":"center center","background-size":"auto","background-attachment":"scroll","background-type":"","background-media":"","overlay-type":"","overlay-color":"","overlay-opacity":"","overlay-gradient":""},"mobile":{"background-color":"var(--ast-global-color-5)","background-image":"","background-repeat":"repeat","background-position":"center center","background-size":"auto","background-attachment":"scroll","background-type":"","background-media":"","overlay-type":"","overlay-color":"","overlay-opacity":"","overlay-gradient":""}},"footnotes":""},"categories":[36],"tags":[],"class_list":["post-10523","post","type-post","status-publish","format-standard","hentry","category-archiv-2014"],"yoast_head":"<!-- This site is optimized with the Yoast SEO plugin v27.4 - https:\/\/yoast.com\/product\/yoast-seo-wordpress\/ -->\n<title>No\u010dn\u00e1 prehliadka hradu Stre\u010dno a stredovekej dediny Paseka - Pova\u017esk\u00e9 m\u00fazeum<\/title>\n<meta name=\"robots\" content=\"index, follow, max-snippet:-1, max-image-preview:large, max-video-preview:-1\" \/>\n<link rel=\"canonical\" href=\"https:\/\/pmza.sk\/?p=10523\" \/>\n<meta property=\"og:locale\" content=\"sk_SK\" \/>\n<meta property=\"og:type\" content=\"article\" \/>\n<meta property=\"og:title\" content=\"No\u010dn\u00e1 prehliadka hradu Stre\u010dno a stredovekej dediny Paseka - Pova\u017esk\u00e9 m\u00fazeum\" \/>\n<meta property=\"og:description\" content=\"Po \u00faspe\u0161n\u00fdch troch letn\u00fdch no\u010dn\u00fdch prehliadkach hradu Stre\u010dno a\u00a0stredovekej dediny Paseka je na rade \u0161tvrt\u00e1 z\u00a0tohtoro\u010dnej s\u00e9rie. Kona\u0165 sa bude 15. augusta 2014 od 20.00 do 23.00 hodiny. Op\u00e4\u0165 V\u00e1s privedieme do atmosf\u00e9ry d\u00e1vnych d\u00f4b, kde sa stretneme s o\u017eiven\u00fdmi v\u00fdznamn\u00fdmi, ale aj zabudnut\u00fdmi historick\u00fdmi postavami. \u201eOkrem zn\u00e1mych tv\u00e1r\u00ed z\u00a0d\u00f4b minul\u00fdch na Stre\u010dno zav\u00edta aj [&hellip;]\" \/>\n<meta property=\"og:url\" content=\"https:\/\/pmza.sk\/?p=10523\" \/>\n<meta property=\"og:site_name\" content=\"Pova\u017esk\u00e9 m\u00fazeum\" \/>\n<meta property=\"article:publisher\" content=\"https:\/\/www.facebook.com\/povazskemuzeum\" \/>\n<meta property=\"article:published_time\" content=\"2014-08-11T11:46:46+00:00\" \/>\n<meta property=\"og:image\" content=\"https:\/\/pmza.sk\/wp-content\/uploads\/2014\/08\/Nocna-prehliadka-hradu-Strecno_15-08_web.jpg\" \/>\n<meta name=\"author\" content=\"Pova\u017esk\u00e9 m\u00fazeum\" \/>\n<meta name=\"twitter:card\" content=\"summary_large_image\" \/>\n<meta name=\"twitter:label1\" content=\"Autor\" \/>\n\t<meta name=\"twitter:data1\" content=\"Pova\u017esk\u00e9 m\u00fazeum\" \/>\n\t<meta name=\"twitter:label2\" content=\"Predpokladan\u00fd \u010das \u010d\u00edtania\" \/>\n\t<meta name=\"twitter:data2\" content=\"2 min\u00faty\" \/>\n<script type=\"application\/ld+json\" class=\"yoast-schema-graph\">{\"@context\":\"https:\\\/\\\/schema.org\",\"@graph\":[{\"@type\":\"Article\",\"@id\":\"https:\\\/\\\/pmza.sk\\\/?p=10523#article\",\"isPartOf\":{\"@id\":\"https:\\\/\\\/pmza.sk\\\/?p=10523\"},\"author\":{\"name\":\"Pova\u017esk\u00e9 m\u00fazeum\",\"@id\":\"https:\\\/\\\/pmza.sk\\\/#\\\/schema\\\/person\\\/595e6a2ce731ea94dcd5d7f50a41ae33\"},\"headline\":\"No\u010dn\u00e1 prehliadka hradu Stre\u010dno a stredovekej dediny Paseka\",\"datePublished\":\"2014-08-11T11:46:46+00:00\",\"mainEntityOfPage\":{\"@id\":\"https:\\\/\\\/pmza.sk\\\/?p=10523\"},\"wordCount\":323,\"publisher\":{\"@id\":\"https:\\\/\\\/pmza.sk\\\/#organization\"},\"image\":{\"@id\":\"https:\\\/\\\/pmza.sk\\\/?p=10523#primaryimage\"},\"thumbnailUrl\":\"http:\\\/\\\/pmza.sk\\\/wp-content\\\/uploads\\\/2014\\\/08\\\/Nocna-prehliadka-hradu-Strecno_15-08_web.jpg\",\"articleSection\":[\"Arch\u00edv 2014\"],\"inLanguage\":\"sk-SK\"},{\"@type\":\"WebPage\",\"@id\":\"https:\\\/\\\/pmza.sk\\\/?p=10523\",\"url\":\"https:\\\/\\\/pmza.sk\\\/?p=10523\",\"name\":\"No\u010dn\u00e1 prehliadka hradu Stre\u010dno a stredovekej dediny Paseka - Pova\u017esk\u00e9 m\u00fazeum\",\"isPartOf\":{\"@id\":\"https:\\\/\\\/pmza.sk\\\/#website\"},\"primaryImageOfPage\":{\"@id\":\"https:\\\/\\\/pmza.sk\\\/?p=10523#primaryimage\"},\"image\":{\"@id\":\"https:\\\/\\\/pmza.sk\\\/?p=10523#primaryimage\"},\"thumbnailUrl\":\"http:\\\/\\\/pmza.sk\\\/wp-content\\\/uploads\\\/2014\\\/08\\\/Nocna-prehliadka-hradu-Strecno_15-08_web.jpg\",\"datePublished\":\"2014-08-11T11:46:46+00:00\",\"breadcrumb\":{\"@id\":\"https:\\\/\\\/pmza.sk\\\/?p=10523#breadcrumb\"},\"inLanguage\":\"sk-SK\",\"potentialAction\":[{\"@type\":\"ReadAction\",\"target\":[\"https:\\\/\\\/pmza.sk\\\/?p=10523\"]}]},{\"@type\":\"ImageObject\",\"inLanguage\":\"sk-SK\",\"@id\":\"https:\\\/\\\/pmza.sk\\\/?p=10523#primaryimage\",\"url\":\"https:\\\/\\\/pmza.sk\\\/wp-content\\\/uploads\\\/2014\\\/08\\\/Nocna-prehliadka-hradu-Strecno_15-08_web.jpg\",\"contentUrl\":\"https:\\\/\\\/pmza.sk\\\/wp-content\\\/uploads\\\/2014\\\/08\\\/Nocna-prehliadka-hradu-Strecno_15-08_web.jpg\",\"width\":711,\"height\":1024},{\"@type\":\"BreadcrumbList\",\"@id\":\"https:\\\/\\\/pmza.sk\\\/?p=10523#breadcrumb\",\"itemListElement\":[{\"@type\":\"ListItem\",\"position\":1,\"name\":\"Domovsk\u00e1 str\u00e1nka\",\"item\":\"https:\\\/\\\/pmza.sk\\\/\"},{\"@type\":\"ListItem\",\"position\":2,\"name\":\"No\u010dn\u00e1 prehliadka hradu Stre\u010dno a stredovekej dediny Paseka\"}]},{\"@type\":\"WebSite\",\"@id\":\"https:\\\/\\\/pmza.sk\\\/#website\",\"url\":\"https:\\\/\\\/pmza.sk\\\/\",\"name\":\"Pova\u017esk\u00e9 m\u00fazeum\",\"description\":\"Pova\u017esk\u00e9 m\u00fazeum v \u017diline je region\u00e1lne m\u00fazeum so s\u00eddlom v Budat\u00edne. Jeho expoz\u00edcie s\u00fa zameran\u00e9 na dejiny slovensk\u00e9ho umenia, kult\u00fary a dopravy.\",\"publisher\":{\"@id\":\"https:\\\/\\\/pmza.sk\\\/#organization\"},\"potentialAction\":[{\"@type\":\"SearchAction\",\"target\":{\"@type\":\"EntryPoint\",\"urlTemplate\":\"https:\\\/\\\/pmza.sk\\\/?s={search_term_string}\"},\"query-input\":{\"@type\":\"PropertyValueSpecification\",\"valueRequired\":true,\"valueName\":\"search_term_string\"}}],\"inLanguage\":\"sk-SK\"},{\"@type\":\"Organization\",\"@id\":\"https:\\\/\\\/pmza.sk\\\/#organization\",\"name\":\"Pova\u017esk\u00e9 m\u00fazeum\",\"url\":\"https:\\\/\\\/pmza.sk\\\/\",\"logo\":{\"@type\":\"ImageObject\",\"inLanguage\":\"sk-SK\",\"@id\":\"https:\\\/\\\/pmza.sk\\\/#\\\/schema\\\/logo\\\/image\\\/\",\"url\":\"https:\\\/\\\/pmza.sk\\\/wp-content\\\/uploads\\\/2022\\\/01\\\/logo_PM_horizontal.jpg\",\"contentUrl\":\"https:\\\/\\\/pmza.sk\\\/wp-content\\\/uploads\\\/2022\\\/01\\\/logo_PM_horizontal.jpg\",\"width\":231,\"height\":142,\"caption\":\"Pova\u017esk\u00e9 m\u00fazeum\"},\"image\":{\"@id\":\"https:\\\/\\\/pmza.sk\\\/#\\\/schema\\\/logo\\\/image\\\/\"},\"sameAs\":[\"https:\\\/\\\/www.facebook.com\\\/povazskemuzeum\",\"https:\\\/\\\/www.instagram.com\\\/povazskemuzeum\\\/\"]},{\"@type\":\"Person\",\"@id\":\"https:\\\/\\\/pmza.sk\\\/#\\\/schema\\\/person\\\/595e6a2ce731ea94dcd5d7f50a41ae33\",\"name\":\"Pova\u017esk\u00e9 m\u00fazeum\",\"image\":{\"@type\":\"ImageObject\",\"inLanguage\":\"sk-SK\",\"@id\":\"https:\\\/\\\/secure.gravatar.com\\\/avatar\\\/2bb7f1561282132fb5826dfeccc66c7996d11ee392ac6aaf7ced8a1c2027fbb2?s=96&d=mm&r=g\",\"url\":\"https:\\\/\\\/secure.gravatar.com\\\/avatar\\\/2bb7f1561282132fb5826dfeccc66c7996d11ee392ac6aaf7ced8a1c2027fbb2?s=96&d=mm&r=g\",\"contentUrl\":\"https:\\\/\\\/secure.gravatar.com\\\/avatar\\\/2bb7f1561282132fb5826dfeccc66c7996d11ee392ac6aaf7ced8a1c2027fbb2?s=96&d=mm&r=g\",\"caption\":\"Pova\u017esk\u00e9 m\u00fazeum\"}}]}<\/script>\n<!-- \/ Yoast SEO plugin. -->","yoast_head_json":{"title":"No\u010dn\u00e1 prehliadka hradu Stre\u010dno a stredovekej dediny Paseka - Pova\u017esk\u00e9 m\u00fazeum","robots":{"index":"index","follow":"follow","max-snippet":"max-snippet:-1","max-image-preview":"max-image-preview:large","max-video-preview":"max-video-preview:-1"},"canonical":"https:\/\/pmza.sk\/?p=10523","og_locale":"sk_SK","og_type":"article","og_title":"No\u010dn\u00e1 prehliadka hradu Stre\u010dno a stredovekej dediny Paseka - Pova\u017esk\u00e9 m\u00fazeum","og_description":"Po \u00faspe\u0161n\u00fdch troch letn\u00fdch no\u010dn\u00fdch prehliadkach hradu Stre\u010dno a\u00a0stredovekej dediny Paseka je na rade \u0161tvrt\u00e1 z\u00a0tohtoro\u010dnej s\u00e9rie. Kona\u0165 sa bude 15. augusta 2014 od 20.00 do 23.00 hodiny. Op\u00e4\u0165 V\u00e1s privedieme do atmosf\u00e9ry d\u00e1vnych d\u00f4b, kde sa stretneme s o\u017eiven\u00fdmi v\u00fdznamn\u00fdmi, ale aj zabudnut\u00fdmi historick\u00fdmi postavami. \u201eOkrem zn\u00e1mych tv\u00e1r\u00ed z\u00a0d\u00f4b minul\u00fdch na Stre\u010dno zav\u00edta aj [&hellip;]","og_url":"https:\/\/pmza.sk\/?p=10523","og_site_name":"Pova\u017esk\u00e9 m\u00fazeum","article_publisher":"https:\/\/www.facebook.com\/povazskemuzeum","article_published_time":"2014-08-11T11:46:46+00:00","og_image":[{"url":"https:\/\/pmza.sk\/wp-content\/uploads\/2014\/08\/Nocna-prehliadka-hradu-Strecno_15-08_web.jpg","type":"","width":"","height":""}],"author":"Pova\u017esk\u00e9 m\u00fazeum","twitter_card":"summary_large_image","twitter_misc":{"Autor":"Pova\u017esk\u00e9 m\u00fazeum","Predpokladan\u00fd \u010das \u010d\u00edtania":"2 min\u00faty"},"schema":{"@context":"https:\/\/schema.org","@graph":[{"@type":"Article","@id":"https:\/\/pmza.sk\/?p=10523#article","isPartOf":{"@id":"https:\/\/pmza.sk\/?p=10523"},"author":{"name":"Pova\u017esk\u00e9 m\u00fazeum","@id":"https:\/\/pmza.sk\/#\/schema\/person\/595e6a2ce731ea94dcd5d7f50a41ae33"},"headline":"No\u010dn\u00e1 prehliadka hradu Stre\u010dno a stredovekej dediny Paseka","datePublished":"2014-08-11T11:46:46+00:00","mainEntityOfPage":{"@id":"https:\/\/pmza.sk\/?p=10523"},"wordCount":323,"publisher":{"@id":"https:\/\/pmza.sk\/#organization"},"image":{"@id":"https:\/\/pmza.sk\/?p=10523#primaryimage"},"thumbnailUrl":"https:\/\/pmza.sk\/wp-content\/uploads\/2014\/08\/Nocna-prehliadka-hradu-Strecno_15-08_web.jpg","articleSection":["Arch\u00edv 2014"],"inLanguage":"sk-SK"},{"@type":"WebPage","@id":"https:\/\/pmza.sk\/?p=10523","url":"https:\/\/pmza.sk\/?p=10523","name":"No\u010dn\u00e1 prehliadka hradu Stre\u010dno a stredovekej dediny Paseka - Pova\u017esk\u00e9 m\u00fazeum","isPartOf":{"@id":"https:\/\/pmza.sk\/#website"},"primaryImageOfPage":{"@id":"https:\/\/pmza.sk\/?p=10523#primaryimage"},"image":{"@id":"https:\/\/pmza.sk\/?p=10523#primaryimage"},"thumbnailUrl":"https:\/\/pmza.sk\/wp-content\/uploads\/2014\/08\/Nocna-prehliadka-hradu-Strecno_15-08_web.jpg","datePublished":"2014-08-11T11:46:46+00:00","breadcrumb":{"@id":"https:\/\/pmza.sk\/?p=10523#breadcrumb"},"inLanguage":"sk-SK","potentialAction":[{"@type":"ReadAction","target":["https:\/\/pmza.sk\/?p=10523"]}]},{"@type":"ImageObject","inLanguage":"sk-SK","@id":"https:\/\/pmza.sk\/?p=10523#primaryimage","url":"https:\/\/pmza.sk\/wp-content\/uploads\/2014\/08\/Nocna-prehliadka-hradu-Strecno_15-08_web.jpg","contentUrl":"https:\/\/pmza.sk\/wp-content\/uploads\/2014\/08\/Nocna-prehliadka-hradu-Strecno_15-08_web.jpg","width":711,"height":1024},{"@type":"BreadcrumbList","@id":"https:\/\/pmza.sk\/?p=10523#breadcrumb","itemListElement":[{"@type":"ListItem","position":1,"name":"Domovsk\u00e1 str\u00e1nka","item":"https:\/\/pmza.sk\/"},{"@type":"ListItem","position":2,"name":"No\u010dn\u00e1 prehliadka hradu Stre\u010dno a stredovekej dediny Paseka"}]},{"@type":"WebSite","@id":"https:\/\/pmza.sk\/#website","url":"https:\/\/pmza.sk\/","name":"Pova\u017esk\u00e9 m\u00fazeum","description":"Pova\u017esk\u00e9 m\u00fazeum v \u017diline je region\u00e1lne m\u00fazeum so s\u00eddlom v Budat\u00edne. Jeho expoz\u00edcie s\u00fa zameran\u00e9 na dejiny slovensk\u00e9ho umenia, kult\u00fary a dopravy.","publisher":{"@id":"https:\/\/pmza.sk\/#organization"},"potentialAction":[{"@type":"SearchAction","target":{"@type":"EntryPoint","urlTemplate":"https:\/\/pmza.sk\/?s={search_term_string}"},"query-input":{"@type":"PropertyValueSpecification","valueRequired":true,"valueName":"search_term_string"}}],"inLanguage":"sk-SK"},{"@type":"Organization","@id":"https:\/\/pmza.sk\/#organization","name":"Pova\u017esk\u00e9 m\u00fazeum","url":"https:\/\/pmza.sk\/","logo":{"@type":"ImageObject","inLanguage":"sk-SK","@id":"https:\/\/pmza.sk\/#\/schema\/logo\/image\/","url":"https:\/\/pmza.sk\/wp-content\/uploads\/2022\/01\/logo_PM_horizontal.jpg","contentUrl":"https:\/\/pmza.sk\/wp-content\/uploads\/2022\/01\/logo_PM_horizontal.jpg","width":231,"height":142,"caption":"Pova\u017esk\u00e9 m\u00fazeum"},"image":{"@id":"https:\/\/pmza.sk\/#\/schema\/logo\/image\/"},"sameAs":["https:\/\/www.facebook.com\/povazskemuzeum","https:\/\/www.instagram.com\/povazskemuzeum\/"]},{"@type":"Person","@id":"https:\/\/pmza.sk\/#\/schema\/person\/595e6a2ce731ea94dcd5d7f50a41ae33","name":"Pova\u017esk\u00e9 m\u00fazeum","image":{"@type":"ImageObject","inLanguage":"sk-SK","@id":"https:\/\/secure.gravatar.com\/avatar\/2bb7f1561282132fb5826dfeccc66c7996d11ee392ac6aaf7ced8a1c2027fbb2?s=96&d=mm&r=g","url":"https:\/\/secure.gravatar.com\/avatar\/2bb7f1561282132fb5826dfeccc66c7996d11ee392ac6aaf7ced8a1c2027fbb2?s=96&d=mm&r=g","contentUrl":"https:\/\/secure.gravatar.com\/avatar\/2bb7f1561282132fb5826dfeccc66c7996d11ee392ac6aaf7ced8a1c2027fbb2?s=96&d=mm&r=g","caption":"Pova\u017esk\u00e9 m\u00fazeum"}}]}},"_links":{"self":[{"href":"https:\/\/pmza.sk\/index.php?rest_route=\/wp\/v2\/posts\/10523","targetHints":{"allow":["GET"]}}],"collection":[{"href":"https:\/\/pmza.sk\/index.php?rest_route=\/wp\/v2\/posts"}],"about":[{"href":"https:\/\/pmza.sk\/index.php?rest_route=\/wp\/v2\/types\/post"}],"author":[{"embeddable":true,"href":"https:\/\/pmza.sk\/index.php?rest_route=\/wp\/v2\/users\/2"}],"replies":[{"embeddable":true,"href":"https:\/\/pmza.sk\/index.php?rest_route=%2Fwp%2Fv2%2Fcomments&post=10523"}],"version-history":[{"count":0,"href":"https:\/\/pmza.sk\/index.php?rest_route=\/wp\/v2\/posts\/10523\/revisions"}],"wp:attachment":[{"href":"https:\/\/pmza.sk\/index.php?rest_route=%2Fwp%2Fv2%2Fmedia&parent=10523"}],"wp:term":[{"taxonomy":"category","embeddable":true,"href":"https:\/\/pmza.sk\/index.php?rest_route=%2Fwp%2Fv2%2Fcategories&post=10523"},{"taxonomy":"post_tag","embeddable":true,"href":"https:\/\/pmza.sk\/index.php?rest_route=%2Fwp%2Fv2%2Ftags&post=10523"}],"curies":[{"name":"wp","href":"https:\/\/api.w.org\/{rel}","templated":true}]}}