{"id":10550,"date":"2014-08-19T14:00:35","date_gmt":"2014-08-19T12:00:35","guid":{"rendered":"https:\/\/pmza.sk.sk\/?p=10550"},"modified":"2014-08-19T14:00:35","modified_gmt":"2014-08-19T12:00:35","slug":"umenie-na-hrade-xxxv-dobry-rocnik-pokracuje","status":"publish","type":"post","link":"https:\/\/pmza.sk\/?p=10550","title":{"rendered":"Umenie na hrade XXXV: Dobr\u00fd ro\u010dn\u00edk pokra\u010duje"},"content":{"rendered":"<p><a href=\"https:\/\/pmza.sk\/wp-content\/uploads\/2014\/08\/IMGP3323z.jpg\"><img decoding=\"async\" class=\"alignleft size-full wp-image-10559\" alt=\"IMGP3323z\" src=\"https:\/\/pmza.sk\/wp-content\/uploads\/2014\/08\/IMGP3323z.jpg\" width=\"256\" height=\"169\" srcset=\"https:\/\/pmza.sk\/wp-content\/uploads\/2014\/08\/IMGP3323z.jpg 1024w, https:\/\/pmza.sk\/wp-content\/uploads\/2014\/08\/IMGP3323z-544x360.jpg 544w, https:\/\/pmza.sk\/wp-content\/uploads\/2014\/08\/IMGP3323z-768x509.jpg 768w, https:\/\/pmza.sk\/wp-content\/uploads\/2014\/08\/IMGP3323z-600x397.jpg 600w\" sizes=\"(max-width: 256px) 100vw, 256px\" \/><\/a>V\u00fdstava \u201eDobr\u00fd ro\u010dn\u00edk\u201c u\u017e po tret\u00ed raz predstavuje tvorbu otca \u2013 etablovan\u00e9ho umelca \u2013 akademick\u00e9ho soch\u00e1ra Jozefa Mundiera a\u00a0jeho dc\u00e9ry, \u010derstvej absolventky bratislavskej strednej umeleckej \u0161koly, Veroniky Mundierovej. V\u00fdstava bude s\u00fa\u010das\u0165ou prehliadky hradu Stre\u010dno, otvor\u00ed ju vernis\u00e1\u017e v\u00a0piatok 22. augusta 2014 o\u00a018.00 hod. Spr\u00edstupnen\u00e1 bude do 31. okt\u00f3bra.<\/p>\n<p><b>Jozef Mundier<\/b> sa narodil 1. janu\u00e1ra 1960 v\u00a0O\u0161\u010dadnici. V\u00a0rokoch 1973 \u2013 1977 \u0161tudoval na \u00a0Strednej \u0161kole umeleck\u00e9ho priemyslu v Bratislave v\u00a0ateli\u00e9ri Juraja Gavulu, a v\u00a0Bratislave pokra\u010doval od 1978 do 1984 v\u00a0\u0161t\u00fadiu na Vysokej \u0161kole v\u00fdtvarn\u00fdch umen\u00ed na oddelen\u00ed <!--more-->re\u0161taurovania u prof. Jozefa Porubovi\u010da. \u010cisto re\u0161taur\u00e1torsk\u00e1 pr\u00e1ca v\u0161ak mlad\u00e9ho tvoriv\u00e9ho umelca nikdy celkom nenap\u013a\u0148ala a \u010doskoro po skon\u010den\u00ed \u0161koly sa za\u010dal popri re\u0161taurovaniu venova\u0165 vlastnej vo\u013enej tvorbe. V\u00a0nej mohol ove\u013ea viac vyu\u017ei\u0165 svoje v\u0161estrann\u00e9 nadanie, fant\u00e1ziu a\u00a0umeleck\u00e9 predstavy. Vo\u013en\u00fa tvorbu Jozefa Mundiera charakterizuje niekedy doslova pestrofarebn\u00e1 variabilita biomorfn\u00fdch tvarov, schopnos\u0165 vy\u0165a\u017ei\u0165 maxim\u00e1lny efekt z\u00a0ka\u017ed\u00e9ho materi\u00e1lu, preskupenie re\u0161taur\u00e1torsk\u00fdch technol\u00f3gi\u00ed do s\u00fa\u010dasn\u00e9ho umenia. Ne\u010dakan\u00e9 kombin\u00e1cie a\u00a0prekvapuj\u00face s\u00favislosti. Nar\u00e1ba s\u00a0pevn\u00fdmi materi\u00e1lmi ako je drevo, kov, plast ale nevyh\u00fdba sa ani pr\u00edrodnin\u00e1m, pri ktor\u00fdch dok\u00e1\u017ee povrchovou \u00fapravou celkom zmeni\u0165 ich charakter. Jozef Mundier patr\u00ed u\u017e medzi renomovan\u00fdch v\u00fdtvarn\u00fdch umelcov kysuck\u00e9ho regi\u00f3nu, ku ktor\u00e9mu sa v\u017edy vracia ako k\u00a0in\u0161pir\u00e1cii a\u00a0zdroju n\u00e1padov. Jeho soch\u00e1rske diela si na\u0161li svoje miesto nielen na Slovensku, ale aj v\u00a0\u010cesku, Po\u013esku \u010di Rak\u00fasku.<\/p>\n<p>Tvorba <b>Veroniky Mundierovej<\/b> sa e\u0161te len rozbieha, ale jej diela sa len z\u013eahka dot\u00fdkaj\u00fa otcovsk\u00fdch kore\u0148ov. Sna\u017e\u00ed sa o vlastn\u00fd v\u00fdraz. Veronika sa narodila 13. febru\u00e1ra 1993 v\u00a0\u010cadci, v\u00a0\u010dase, ke\u010f mal jej otec \u201eKristove roky\u201c. U\u00a0det\u00ed tvoriv\u00fdch \u013eud\u00ed sa nikdy nevie \u010di bud\u00fa nasledova\u0165 svojich predkov, alebo celkom ich dr\u00e1hu odmietnu. Ona spont\u00e1nne nasledovala vlastn\u00e9 danosti a svoje \u201eumeleck\u00e9 g\u00e9ny\u201c. V\u00a0roku 2012 \u00faspe\u0161ne zav\u0155\u0161ila \u0161t\u00fadium na \u0160kole \u00fa\u017eitkov\u00e9ho v\u00fdtvarn\u00edctva Jozefa Vydru v Bratislave, kde absolvovala odbor ru\u010dn\u00e9 v\u00fdtvarn\u00e9 sprac\u00favanie text\u00edli\u00ed. Napriek ve\u013ek\u00e9mu potenci\u00e1lu sa zatia\u013e nerozhodla pre \u010fal\u0161ie \u0161t\u00fadium, teda aspo\u0148 nie v\u00a0\u0161kolskom syst\u00e9me. Tak, ako to b\u00fdvalo v\u00a0umeleck\u00fdch rodin\u00e1ch zvykom, v\u00a0minulosti sa jej \u010fal\u0161ou \u0161kolou st\u00e1va otcov ateli\u00e9r a\u00a0akt\u00edvna spolupr\u00e1ca s\u00a0n\u00edm. Preferuje vytv\u00e1ranie vlastn\u00fdch tvoriv\u00fdch interpret\u00e1ci\u00ed, h\u013ead\u00e1 in\u00e9 mo\u017enosti materi\u00e1lov a\u00a0popri objektoch aj ma\u013euje. Podobne aj u\u00a0jej otca je pre \u0148u prirodzen\u00e1 hravos\u0165 a\u00a0spont\u00e1nnos\u0165. Veronika aj vo svojich n\u00e1vrhoch be\u017en\u00fdch utilit\u00e1rnych predmetov, ako s\u00fa top\u00e1nky alebo klob\u00faky prekra\u010duje hranice dizajnu a\u00a0jej artefakty sa st\u00e1vaj\u00fa vo\u013en\u00fdmi objektmi. Av\u0161ak jej materi\u00e1l, ktor\u00fd ju in\u0161piruje a\u00a0ktor\u00fd dok\u00e1\u017ee osobitne pretv\u00e1ra\u0165, je poddajn\u00fd textil, v\u00a0tvorbe jej otca nevyu\u017e\u00edvan\u00fd. Veronika dok\u00e1\u017ee variabilne kombinova\u0165 textiln\u00e9 materi\u00e1ly tak, ako to potrebuje, a\u00a0v\u00a0spojen\u00ed s\u00a0polyesterom \u010di sadrou, pou\u017e\u00edva taktie\u017e zav\u00e1dzaj\u00face patiny, vytv\u00e1ra objekty zbaven\u00e9 m\u00e4kkosti i\u00a0poddajnosti a d\u00e1va im nov\u00fd netradi\u010dn\u00fd tvar.<\/p>\n<p>Ak diela Mundierovcov nie\u010do naozaj prep\u00e1ja, je to pr\u00e1ve t\u00e1 nen\u00fatenos\u0165 a\u00a0elegancia vizu\u00e1lnej podoby diel, schopnos\u0165 pretv\u00e1ra\u0165 materi\u00e1ly bez oh\u013eadu na trad\u00edcie a\u00a0ur\u010dit\u00e1 miera\u00a0hravosti.<\/p>\n<p><b>Akad. soch. Jozef Mundier<\/b><\/p>\n<p><b>Individu\u00e1lne v\u00fdstavy<\/b><\/p>\n<ul>\n<li>2000 \u010cadca \u2013 Metamorf(p)\u00f3zy, Kysuck\u00e1 gal\u00e9ria<\/li>\n<li>2008 \u017dilina \u2013 Sochy, Pova\u017esk\u00e1 gal\u00e9ria umenia<\/li>\n<\/ul>\n<p><b>Kolekt\u00edvne v\u00fdstavy<\/b><\/p>\n<ul>\n<li>1988 Pre\u0161ov<\/li>\n<li>1989 Tren\u010d\u00edn<\/li>\n<li>1992 \u010cadca<\/li>\n<li>1997 Kremnica<\/li>\n<li>1997 Bratislava<\/li>\n<li>1998 Tren\u010d\u00edn, \u010cadca, Fr\u00fddek-M\u00edstek, Bielsko-Biala<\/li>\n<li>1999 Praha<\/li>\n<li>2000 Brusel, Warszawa, Toru\u0148, Krakow<\/li>\n<li>2001 O\u0161\u010dadnica<\/li>\n<li>2011 Petrohrad, Moskva<\/li>\n<li>2013 Mestsk\u00e9 m\u00fazeum v\u00a0\u017dywci<\/li>\n<li>2014 spolo\u010dn\u00e1 kolekt\u00edvna v\u00fdstava v \u010cadci v Mestskej gal\u00e9rii<\/li>\n<\/ul>\n<p><b>Symp\u00f3zi\u00e1<\/b><\/p>\n<ul>\n<li>2001, 2004, 2005, 2006, 2012 Medzin\u00e1rodn\u00e9 symp\u00f3zium O\u0161\u010dadnica<\/li>\n<li>2006 Medzin\u00e1rodn\u00e9 symp\u00f3zium Chelmek (PL)<\/li>\n<li>2007 Medzin\u00e1rodn\u00e9 symp\u00f3zium Plesn\u00e1 (\u010cR)<\/li>\n<li>2010 \u010celadn\u00e1 (\u010cR)<\/li>\n<li>2012 Sta\u0161kov<\/li>\n<li>2013 Z\u00e1zriv\u00e1<\/li>\n<\/ul>\n<p><b>Veronika Mundierov\u00e1<\/b><\/p>\n<p><b>V\u00fdstavy<\/b><\/p>\n<ul>\n<li>2009, 2012 Kruhy na vode<\/li>\n<li>2011 \u00a0 Bratislava &#8211; Mesiac dizajnu<\/li>\n<li>2013 Mestsk\u00e9 m\u00fazeum v\u00a0\u017dywci<\/li>\n<li>2014 spolo\u010dn\u00e1 kolekt\u00edvna v\u00fdstava v \u010cadci v Mestskej gal\u00e9rii<\/li>\n<\/ul>\n<p>&nbsp;<\/p>\n<p>Mgr. Darina Arce, kur\u00e1torka v\u00fdstavy<\/p>\n<p><a href=\"https:\/\/pmza.sk\/wp-content\/uploads\/2014\/08\/IMGP3321z.jpg\"><img decoding=\"async\" class=\"alignleft  wp-image-10558\" title=\"Jozef Mundier\" alt=\"Jozef Mundier\" src=\"https:\/\/pmza.sk\/wp-content\/uploads\/2014\/08\/IMGP3321z.jpg\" width=\"144\" height=\"218\" srcset=\"https:\/\/pmza.sk\/wp-content\/uploads\/2014\/08\/IMGP3321z.jpg 678w, https:\/\/pmza.sk\/wp-content\/uploads\/2014\/08\/IMGP3321z-238x360.jpg 238w, https:\/\/pmza.sk\/wp-content\/uploads\/2014\/08\/IMGP3321z-487x736.jpg 487w, https:\/\/pmza.sk\/wp-content\/uploads\/2014\/08\/IMGP3321z-600x906.jpg 600w\" sizes=\"(max-width: 144px) 100vw, 144px\" \/><\/a> <a href=\"https:\/\/pmza.sk\/wp-content\/uploads\/2014\/08\/IMGP3313z.jpg\"><img decoding=\"async\" class=\"alignleft size-full wp-image-10557\" title=\"Jozef Mundier\" alt=\"Jozef Mundier\" src=\"https:\/\/pmza.sk\/wp-content\/uploads\/2014\/08\/IMGP3313z.jpg\" width=\"143\" height=\"216\" srcset=\"https:\/\/pmza.sk\/wp-content\/uploads\/2014\/08\/IMGP3313z.jpg 678w, https:\/\/pmza.sk\/wp-content\/uploads\/2014\/08\/IMGP3313z-238x360.jpg 238w, https:\/\/pmza.sk\/wp-content\/uploads\/2014\/08\/IMGP3313z-487x736.jpg 487w, https:\/\/pmza.sk\/wp-content\/uploads\/2014\/08\/IMGP3313z-600x906.jpg 600w\" sizes=\"(max-width: 143px) 100vw, 143px\" \/><\/a> <a href=\"https:\/\/pmza.sk\/wp-content\/uploads\/2014\/08\/IMGP3296z.jpg\"><img loading=\"lazy\" decoding=\"async\" class=\"alignleft  wp-image-10555\" title=\"Jozef Mundier\" alt=\"Jozef Mundier\" src=\"https:\/\/pmza.sk\/wp-content\/uploads\/2014\/08\/IMGP3296z.jpg\" width=\"144\" height=\"215\" \/><\/a> <a href=\"https:\/\/pmza.sk\/wp-content\/uploads\/2014\/08\/veronikaP8170694z.jpg\"><img loading=\"lazy\" decoding=\"async\" class=\"alignleft size-full wp-image-10554\" title=\"Veronika Mundierov\u00e1\" alt=\"Veronika Mundierov\u00e1\" src=\"https:\/\/pmza.sk\/wp-content\/uploads\/2014\/08\/veronikaP8170694z.jpg\" width=\"145\" height=\"193\" srcset=\"https:\/\/pmza.sk\/wp-content\/uploads\/2014\/08\/veronikaP8170694z.jpg 768w, https:\/\/pmza.sk\/wp-content\/uploads\/2014\/08\/veronikaP8170694z-270x360.jpg 270w, https:\/\/pmza.sk\/wp-content\/uploads\/2014\/08\/veronikaP8170694z-552x736.jpg 552w, https:\/\/pmza.sk\/wp-content\/uploads\/2014\/08\/veronikaP8170694z-600x800.jpg 600w\" sizes=\"(max-width: 145px) 100vw, 145px\" \/><\/a><\/p>\n<p>&nbsp;<\/p>\n<p>&nbsp;<\/p>\n<p>&nbsp;<\/p>\n<p>&nbsp;<\/p>\n<p>&nbsp;<\/p>\n<p>&nbsp;<\/p>\n<p><a href=\"https:\/\/pmza.sk\/wp-content\/uploads\/2014\/08\/veronika-IMGP3422z.jpg\"><img loading=\"lazy\" decoding=\"async\" class=\"alignleft  wp-image-10561\" title=\"Veronika Mundierov\u00e1\" alt=\"Veronika Mundierov\u00e1\" src=\"https:\/\/pmza.sk\/wp-content\/uploads\/2014\/08\/veronika-IMGP3422z.jpg\" width=\"295\" height=\"195\" srcset=\"https:\/\/pmza.sk\/wp-content\/uploads\/2014\/08\/veronika-IMGP3422z.jpg 1024w, https:\/\/pmza.sk\/wp-content\/uploads\/2014\/08\/veronika-IMGP3422z-544x360.jpg 544w, https:\/\/pmza.sk\/wp-content\/uploads\/2014\/08\/veronika-IMGP3422z-768x509.jpg 768w, https:\/\/pmza.sk\/wp-content\/uploads\/2014\/08\/veronika-IMGP3422z-600x397.jpg 600w\" sizes=\"(max-width: 295px) 100vw, 295px\" \/><\/a><\/p>\n<p>&nbsp;<\/p>\n<p>&nbsp;<\/p>\n<p>&nbsp;<\/p>\n<p>&nbsp;<\/p>\n<p>&nbsp;<\/p>\n<p>&nbsp;<\/p>\n<p>&nbsp;<\/p>\n<p>PLAG\u00c1T k vernis\u00e1\u017ei n\u00e1jdete <a href=\"https:\/\/pmza.sk\/wp-content\/uploads\/2014\/08\/A4_mundier-scaled-1.jpg\">TU<\/a><\/p>\n<p>&nbsp;<\/p>\n<p>&nbsp;<\/p>\n","protected":false},"excerpt":{"rendered":"<p>V\u00fdstava \u201eDobr\u00fd ro\u010dn\u00edk\u201c u\u017e po tret\u00ed raz predstavuje tvorbu otca \u2013 etablovan\u00e9ho umelca \u2013 akademick\u00e9ho soch\u00e1ra Jozefa Mundiera a\u00a0jeho dc\u00e9ry, \u010derstvej absolventky bratislavskej strednej umeleckej \u0161koly, Veroniky Mundierovej. V\u00fdstava bude s\u00fa\u010das\u0165ou prehliadky hradu Stre\u010dno, otvor\u00ed ju vernis\u00e1\u017e v\u00a0piatok 22. augusta 2014 o\u00a018.00 hod. Spr\u00edstupnen\u00e1 bude do 31. okt\u00f3bra. Jozef Mundier sa narodil 1. janu\u00e1ra 1960 [&hellip;]<\/p>\n","protected":false},"author":2,"featured_media":0,"comment_status":"closed","ping_status":"closed","sticky":false,"template":"","format":"standard","meta":{"site-sidebar-layout":"default","site-content-layout":"","ast-site-content-layout":"","site-content-style":"default","site-sidebar-style":"default","ast-global-header-display":"","ast-banner-title-visibility":"","ast-main-header-display":"","ast-hfb-above-header-display":"","ast-hfb-below-header-display":"","ast-hfb-mobile-header-display":"","site-post-title":"","ast-breadcrumbs-content":"","ast-featured-img":"","footer-sml-layout":"","theme-transparent-header-meta":"","adv-header-id-meta":"","stick-header-meta":"","header-above-stick-meta":"","header-main-stick-meta":"","header-below-stick-meta":"","astra-migrate-meta-layouts":"default","ast-page-background-enabled":"default","ast-page-background-meta":{"desktop":{"background-color":"var(--ast-global-color-4)","background-image":"","background-repeat":"repeat","background-position":"center center","background-size":"auto","background-attachment":"scroll","background-type":"","background-media":"","overlay-type":"","overlay-color":"","overlay-opacity":"","overlay-gradient":""},"tablet":{"background-color":"","background-image":"","background-repeat":"repeat","background-position":"center center","background-size":"auto","background-attachment":"scroll","background-type":"","background-media":"","overlay-type":"","overlay-color":"","overlay-opacity":"","overlay-gradient":""},"mobile":{"background-color":"","background-image":"","background-repeat":"repeat","background-position":"center center","background-size":"auto","background-attachment":"scroll","background-type":"","background-media":"","overlay-type":"","overlay-color":"","overlay-opacity":"","overlay-gradient":""}},"ast-content-background-meta":{"desktop":{"background-color":"var(--ast-global-color-5)","background-image":"","background-repeat":"repeat","background-position":"center center","background-size":"auto","background-attachment":"scroll","background-type":"","background-media":"","overlay-type":"","overlay-color":"","overlay-opacity":"","overlay-gradient":""},"tablet":{"background-color":"var(--ast-global-color-5)","background-image":"","background-repeat":"repeat","background-position":"center center","background-size":"auto","background-attachment":"scroll","background-type":"","background-media":"","overlay-type":"","overlay-color":"","overlay-opacity":"","overlay-gradient":""},"mobile":{"background-color":"var(--ast-global-color-5)","background-image":"","background-repeat":"repeat","background-position":"center center","background-size":"auto","background-attachment":"scroll","background-type":"","background-media":"","overlay-type":"","overlay-color":"","overlay-opacity":"","overlay-gradient":""}},"footnotes":""},"categories":[36],"tags":[],"class_list":["post-10550","post","type-post","status-publish","format-standard","hentry","category-archiv-2014"],"yoast_head":"<!-- This site is optimized with the Yoast SEO plugin v27.4 - https:\/\/yoast.com\/product\/yoast-seo-wordpress\/ -->\n<title>Umenie na hrade XXXV: Dobr\u00fd ro\u010dn\u00edk pokra\u010duje - Pova\u017esk\u00e9 m\u00fazeum<\/title>\n<meta name=\"robots\" content=\"index, follow, max-snippet:-1, max-image-preview:large, max-video-preview:-1\" \/>\n<link rel=\"canonical\" href=\"https:\/\/pmza.sk\/?p=10550\" \/>\n<meta property=\"og:locale\" content=\"sk_SK\" \/>\n<meta property=\"og:type\" content=\"article\" \/>\n<meta property=\"og:title\" content=\"Umenie na hrade XXXV: Dobr\u00fd ro\u010dn\u00edk pokra\u010duje - Pova\u017esk\u00e9 m\u00fazeum\" \/>\n<meta property=\"og:description\" content=\"V\u00fdstava \u201eDobr\u00fd ro\u010dn\u00edk\u201c u\u017e po tret\u00ed raz predstavuje tvorbu otca \u2013 etablovan\u00e9ho umelca \u2013 akademick\u00e9ho soch\u00e1ra Jozefa Mundiera a\u00a0jeho dc\u00e9ry, \u010derstvej absolventky bratislavskej strednej umeleckej \u0161koly, Veroniky Mundierovej. V\u00fdstava bude s\u00fa\u010das\u0165ou prehliadky hradu Stre\u010dno, otvor\u00ed ju vernis\u00e1\u017e v\u00a0piatok 22. augusta 2014 o\u00a018.00 hod. Spr\u00edstupnen\u00e1 bude do 31. okt\u00f3bra. Jozef Mundier sa narodil 1. janu\u00e1ra 1960 [&hellip;]\" \/>\n<meta property=\"og:url\" content=\"https:\/\/pmza.sk\/?p=10550\" \/>\n<meta property=\"og:site_name\" content=\"Pova\u017esk\u00e9 m\u00fazeum\" \/>\n<meta property=\"article:publisher\" content=\"https:\/\/www.facebook.com\/povazskemuzeum\" \/>\n<meta property=\"article:published_time\" content=\"2014-08-19T12:00:35+00:00\" \/>\n<meta property=\"og:image\" content=\"https:\/\/pmza.sk\/wp-content\/uploads\/2014\/08\/IMGP3323z.jpg\" \/>\n<meta name=\"author\" content=\"Pova\u017esk\u00e9 m\u00fazeum\" \/>\n<meta name=\"twitter:card\" content=\"summary_large_image\" \/>\n<meta name=\"twitter:label1\" content=\"Autor\" \/>\n\t<meta name=\"twitter:data1\" content=\"Pova\u017esk\u00e9 m\u00fazeum\" \/>\n\t<meta name=\"twitter:label2\" content=\"Predpokladan\u00fd \u010das \u010d\u00edtania\" \/>\n\t<meta name=\"twitter:data2\" content=\"4 min\u00faty\" \/>\n<script type=\"application\/ld+json\" class=\"yoast-schema-graph\">{\"@context\":\"https:\\\/\\\/schema.org\",\"@graph\":[{\"@type\":\"Article\",\"@id\":\"https:\\\/\\\/pmza.sk\\\/?p=10550#article\",\"isPartOf\":{\"@id\":\"https:\\\/\\\/pmza.sk\\\/?p=10550\"},\"author\":{\"name\":\"Pova\u017esk\u00e9 m\u00fazeum\",\"@id\":\"https:\\\/\\\/pmza.sk\\\/#\\\/schema\\\/person\\\/595e6a2ce731ea94dcd5d7f50a41ae33\"},\"headline\":\"Umenie na hrade XXXV: Dobr\u00fd ro\u010dn\u00edk pokra\u010duje\",\"datePublished\":\"2014-08-19T12:00:35+00:00\",\"mainEntityOfPage\":{\"@id\":\"https:\\\/\\\/pmza.sk\\\/?p=10550\"},\"wordCount\":777,\"publisher\":{\"@id\":\"https:\\\/\\\/pmza.sk\\\/#organization\"},\"image\":{\"@id\":\"https:\\\/\\\/pmza.sk\\\/?p=10550#primaryimage\"},\"thumbnailUrl\":\"http:\\\/\\\/pmza.sk\\\/wp-content\\\/uploads\\\/2014\\\/08\\\/IMGP3323z.jpg\",\"articleSection\":[\"Arch\u00edv 2014\"],\"inLanguage\":\"sk-SK\"},{\"@type\":\"WebPage\",\"@id\":\"https:\\\/\\\/pmza.sk\\\/?p=10550\",\"url\":\"https:\\\/\\\/pmza.sk\\\/?p=10550\",\"name\":\"Umenie na hrade XXXV: Dobr\u00fd ro\u010dn\u00edk pokra\u010duje - Pova\u017esk\u00e9 m\u00fazeum\",\"isPartOf\":{\"@id\":\"https:\\\/\\\/pmza.sk\\\/#website\"},\"primaryImageOfPage\":{\"@id\":\"https:\\\/\\\/pmza.sk\\\/?p=10550#primaryimage\"},\"image\":{\"@id\":\"https:\\\/\\\/pmza.sk\\\/?p=10550#primaryimage\"},\"thumbnailUrl\":\"http:\\\/\\\/pmza.sk\\\/wp-content\\\/uploads\\\/2014\\\/08\\\/IMGP3323z.jpg\",\"datePublished\":\"2014-08-19T12:00:35+00:00\",\"breadcrumb\":{\"@id\":\"https:\\\/\\\/pmza.sk\\\/?p=10550#breadcrumb\"},\"inLanguage\":\"sk-SK\",\"potentialAction\":[{\"@type\":\"ReadAction\",\"target\":[\"https:\\\/\\\/pmza.sk\\\/?p=10550\"]}]},{\"@type\":\"ImageObject\",\"inLanguage\":\"sk-SK\",\"@id\":\"https:\\\/\\\/pmza.sk\\\/?p=10550#primaryimage\",\"url\":\"https:\\\/\\\/pmza.sk\\\/wp-content\\\/uploads\\\/2014\\\/08\\\/IMGP3323z.jpg\",\"contentUrl\":\"https:\\\/\\\/pmza.sk\\\/wp-content\\\/uploads\\\/2014\\\/08\\\/IMGP3323z.jpg\",\"width\":1024,\"height\":678},{\"@type\":\"BreadcrumbList\",\"@id\":\"https:\\\/\\\/pmza.sk\\\/?p=10550#breadcrumb\",\"itemListElement\":[{\"@type\":\"ListItem\",\"position\":1,\"name\":\"Domovsk\u00e1 str\u00e1nka\",\"item\":\"https:\\\/\\\/pmza.sk\\\/\"},{\"@type\":\"ListItem\",\"position\":2,\"name\":\"Umenie na hrade XXXV: Dobr\u00fd ro\u010dn\u00edk pokra\u010duje\"}]},{\"@type\":\"WebSite\",\"@id\":\"https:\\\/\\\/pmza.sk\\\/#website\",\"url\":\"https:\\\/\\\/pmza.sk\\\/\",\"name\":\"Pova\u017esk\u00e9 m\u00fazeum\",\"description\":\"Pova\u017esk\u00e9 m\u00fazeum v \u017diline je region\u00e1lne m\u00fazeum so s\u00eddlom v Budat\u00edne. Jeho expoz\u00edcie s\u00fa zameran\u00e9 na dejiny slovensk\u00e9ho umenia, kult\u00fary a dopravy.\",\"publisher\":{\"@id\":\"https:\\\/\\\/pmza.sk\\\/#organization\"},\"potentialAction\":[{\"@type\":\"SearchAction\",\"target\":{\"@type\":\"EntryPoint\",\"urlTemplate\":\"https:\\\/\\\/pmza.sk\\\/?s={search_term_string}\"},\"query-input\":{\"@type\":\"PropertyValueSpecification\",\"valueRequired\":true,\"valueName\":\"search_term_string\"}}],\"inLanguage\":\"sk-SK\"},{\"@type\":\"Organization\",\"@id\":\"https:\\\/\\\/pmza.sk\\\/#organization\",\"name\":\"Pova\u017esk\u00e9 m\u00fazeum\",\"url\":\"https:\\\/\\\/pmza.sk\\\/\",\"logo\":{\"@type\":\"ImageObject\",\"inLanguage\":\"sk-SK\",\"@id\":\"https:\\\/\\\/pmza.sk\\\/#\\\/schema\\\/logo\\\/image\\\/\",\"url\":\"https:\\\/\\\/pmza.sk\\\/wp-content\\\/uploads\\\/2022\\\/01\\\/logo_PM_horizontal.jpg\",\"contentUrl\":\"https:\\\/\\\/pmza.sk\\\/wp-content\\\/uploads\\\/2022\\\/01\\\/logo_PM_horizontal.jpg\",\"width\":231,\"height\":142,\"caption\":\"Pova\u017esk\u00e9 m\u00fazeum\"},\"image\":{\"@id\":\"https:\\\/\\\/pmza.sk\\\/#\\\/schema\\\/logo\\\/image\\\/\"},\"sameAs\":[\"https:\\\/\\\/www.facebook.com\\\/povazskemuzeum\",\"https:\\\/\\\/www.instagram.com\\\/povazskemuzeum\\\/\"]},{\"@type\":\"Person\",\"@id\":\"https:\\\/\\\/pmza.sk\\\/#\\\/schema\\\/person\\\/595e6a2ce731ea94dcd5d7f50a41ae33\",\"name\":\"Pova\u017esk\u00e9 m\u00fazeum\",\"image\":{\"@type\":\"ImageObject\",\"inLanguage\":\"sk-SK\",\"@id\":\"https:\\\/\\\/secure.gravatar.com\\\/avatar\\\/2bb7f1561282132fb5826dfeccc66c7996d11ee392ac6aaf7ced8a1c2027fbb2?s=96&d=mm&r=g\",\"url\":\"https:\\\/\\\/secure.gravatar.com\\\/avatar\\\/2bb7f1561282132fb5826dfeccc66c7996d11ee392ac6aaf7ced8a1c2027fbb2?s=96&d=mm&r=g\",\"contentUrl\":\"https:\\\/\\\/secure.gravatar.com\\\/avatar\\\/2bb7f1561282132fb5826dfeccc66c7996d11ee392ac6aaf7ced8a1c2027fbb2?s=96&d=mm&r=g\",\"caption\":\"Pova\u017esk\u00e9 m\u00fazeum\"}}]}<\/script>\n<!-- \/ Yoast SEO plugin. -->","yoast_head_json":{"title":"Umenie na hrade XXXV: Dobr\u00fd ro\u010dn\u00edk pokra\u010duje - Pova\u017esk\u00e9 m\u00fazeum","robots":{"index":"index","follow":"follow","max-snippet":"max-snippet:-1","max-image-preview":"max-image-preview:large","max-video-preview":"max-video-preview:-1"},"canonical":"https:\/\/pmza.sk\/?p=10550","og_locale":"sk_SK","og_type":"article","og_title":"Umenie na hrade XXXV: Dobr\u00fd ro\u010dn\u00edk pokra\u010duje - Pova\u017esk\u00e9 m\u00fazeum","og_description":"V\u00fdstava \u201eDobr\u00fd ro\u010dn\u00edk\u201c u\u017e po tret\u00ed raz predstavuje tvorbu otca \u2013 etablovan\u00e9ho umelca \u2013 akademick\u00e9ho soch\u00e1ra Jozefa Mundiera a\u00a0jeho dc\u00e9ry, \u010derstvej absolventky bratislavskej strednej umeleckej \u0161koly, Veroniky Mundierovej. V\u00fdstava bude s\u00fa\u010das\u0165ou prehliadky hradu Stre\u010dno, otvor\u00ed ju vernis\u00e1\u017e v\u00a0piatok 22. augusta 2014 o\u00a018.00 hod. Spr\u00edstupnen\u00e1 bude do 31. okt\u00f3bra. Jozef Mundier sa narodil 1. janu\u00e1ra 1960 [&hellip;]","og_url":"https:\/\/pmza.sk\/?p=10550","og_site_name":"Pova\u017esk\u00e9 m\u00fazeum","article_publisher":"https:\/\/www.facebook.com\/povazskemuzeum","article_published_time":"2014-08-19T12:00:35+00:00","og_image":[{"url":"https:\/\/pmza.sk\/wp-content\/uploads\/2014\/08\/IMGP3323z.jpg","type":"","width":"","height":""}],"author":"Pova\u017esk\u00e9 m\u00fazeum","twitter_card":"summary_large_image","twitter_misc":{"Autor":"Pova\u017esk\u00e9 m\u00fazeum","Predpokladan\u00fd \u010das \u010d\u00edtania":"4 min\u00faty"},"schema":{"@context":"https:\/\/schema.org","@graph":[{"@type":"Article","@id":"https:\/\/pmza.sk\/?p=10550#article","isPartOf":{"@id":"https:\/\/pmza.sk\/?p=10550"},"author":{"name":"Pova\u017esk\u00e9 m\u00fazeum","@id":"https:\/\/pmza.sk\/#\/schema\/person\/595e6a2ce731ea94dcd5d7f50a41ae33"},"headline":"Umenie na hrade XXXV: Dobr\u00fd ro\u010dn\u00edk pokra\u010duje","datePublished":"2014-08-19T12:00:35+00:00","mainEntityOfPage":{"@id":"https:\/\/pmza.sk\/?p=10550"},"wordCount":777,"publisher":{"@id":"https:\/\/pmza.sk\/#organization"},"image":{"@id":"https:\/\/pmza.sk\/?p=10550#primaryimage"},"thumbnailUrl":"https:\/\/pmza.sk\/wp-content\/uploads\/2014\/08\/IMGP3323z.jpg","articleSection":["Arch\u00edv 2014"],"inLanguage":"sk-SK"},{"@type":"WebPage","@id":"https:\/\/pmza.sk\/?p=10550","url":"https:\/\/pmza.sk\/?p=10550","name":"Umenie na hrade XXXV: Dobr\u00fd ro\u010dn\u00edk pokra\u010duje - Pova\u017esk\u00e9 m\u00fazeum","isPartOf":{"@id":"https:\/\/pmza.sk\/#website"},"primaryImageOfPage":{"@id":"https:\/\/pmza.sk\/?p=10550#primaryimage"},"image":{"@id":"https:\/\/pmza.sk\/?p=10550#primaryimage"},"thumbnailUrl":"https:\/\/pmza.sk\/wp-content\/uploads\/2014\/08\/IMGP3323z.jpg","datePublished":"2014-08-19T12:00:35+00:00","breadcrumb":{"@id":"https:\/\/pmza.sk\/?p=10550#breadcrumb"},"inLanguage":"sk-SK","potentialAction":[{"@type":"ReadAction","target":["https:\/\/pmza.sk\/?p=10550"]}]},{"@type":"ImageObject","inLanguage":"sk-SK","@id":"https:\/\/pmza.sk\/?p=10550#primaryimage","url":"https:\/\/pmza.sk\/wp-content\/uploads\/2014\/08\/IMGP3323z.jpg","contentUrl":"https:\/\/pmza.sk\/wp-content\/uploads\/2014\/08\/IMGP3323z.jpg","width":1024,"height":678},{"@type":"BreadcrumbList","@id":"https:\/\/pmza.sk\/?p=10550#breadcrumb","itemListElement":[{"@type":"ListItem","position":1,"name":"Domovsk\u00e1 str\u00e1nka","item":"https:\/\/pmza.sk\/"},{"@type":"ListItem","position":2,"name":"Umenie na hrade XXXV: Dobr\u00fd ro\u010dn\u00edk pokra\u010duje"}]},{"@type":"WebSite","@id":"https:\/\/pmza.sk\/#website","url":"https:\/\/pmza.sk\/","name":"Pova\u017esk\u00e9 m\u00fazeum","description":"Pova\u017esk\u00e9 m\u00fazeum v \u017diline je region\u00e1lne m\u00fazeum so s\u00eddlom v Budat\u00edne. Jeho expoz\u00edcie s\u00fa zameran\u00e9 na dejiny slovensk\u00e9ho umenia, kult\u00fary a dopravy.","publisher":{"@id":"https:\/\/pmza.sk\/#organization"},"potentialAction":[{"@type":"SearchAction","target":{"@type":"EntryPoint","urlTemplate":"https:\/\/pmza.sk\/?s={search_term_string}"},"query-input":{"@type":"PropertyValueSpecification","valueRequired":true,"valueName":"search_term_string"}}],"inLanguage":"sk-SK"},{"@type":"Organization","@id":"https:\/\/pmza.sk\/#organization","name":"Pova\u017esk\u00e9 m\u00fazeum","url":"https:\/\/pmza.sk\/","logo":{"@type":"ImageObject","inLanguage":"sk-SK","@id":"https:\/\/pmza.sk\/#\/schema\/logo\/image\/","url":"https:\/\/pmza.sk\/wp-content\/uploads\/2022\/01\/logo_PM_horizontal.jpg","contentUrl":"https:\/\/pmza.sk\/wp-content\/uploads\/2022\/01\/logo_PM_horizontal.jpg","width":231,"height":142,"caption":"Pova\u017esk\u00e9 m\u00fazeum"},"image":{"@id":"https:\/\/pmza.sk\/#\/schema\/logo\/image\/"},"sameAs":["https:\/\/www.facebook.com\/povazskemuzeum","https:\/\/www.instagram.com\/povazskemuzeum\/"]},{"@type":"Person","@id":"https:\/\/pmza.sk\/#\/schema\/person\/595e6a2ce731ea94dcd5d7f50a41ae33","name":"Pova\u017esk\u00e9 m\u00fazeum","image":{"@type":"ImageObject","inLanguage":"sk-SK","@id":"https:\/\/secure.gravatar.com\/avatar\/2bb7f1561282132fb5826dfeccc66c7996d11ee392ac6aaf7ced8a1c2027fbb2?s=96&d=mm&r=g","url":"https:\/\/secure.gravatar.com\/avatar\/2bb7f1561282132fb5826dfeccc66c7996d11ee392ac6aaf7ced8a1c2027fbb2?s=96&d=mm&r=g","contentUrl":"https:\/\/secure.gravatar.com\/avatar\/2bb7f1561282132fb5826dfeccc66c7996d11ee392ac6aaf7ced8a1c2027fbb2?s=96&d=mm&r=g","caption":"Pova\u017esk\u00e9 m\u00fazeum"}}]}},"_links":{"self":[{"href":"https:\/\/pmza.sk\/index.php?rest_route=\/wp\/v2\/posts\/10550","targetHints":{"allow":["GET"]}}],"collection":[{"href":"https:\/\/pmza.sk\/index.php?rest_route=\/wp\/v2\/posts"}],"about":[{"href":"https:\/\/pmza.sk\/index.php?rest_route=\/wp\/v2\/types\/post"}],"author":[{"embeddable":true,"href":"https:\/\/pmza.sk\/index.php?rest_route=\/wp\/v2\/users\/2"}],"replies":[{"embeddable":true,"href":"https:\/\/pmza.sk\/index.php?rest_route=%2Fwp%2Fv2%2Fcomments&post=10550"}],"version-history":[{"count":0,"href":"https:\/\/pmza.sk\/index.php?rest_route=\/wp\/v2\/posts\/10550\/revisions"}],"wp:attachment":[{"href":"https:\/\/pmza.sk\/index.php?rest_route=%2Fwp%2Fv2%2Fmedia&parent=10550"}],"wp:term":[{"taxonomy":"category","embeddable":true,"href":"https:\/\/pmza.sk\/index.php?rest_route=%2Fwp%2Fv2%2Fcategories&post=10550"},{"taxonomy":"post_tag","embeddable":true,"href":"https:\/\/pmza.sk\/index.php?rest_route=%2Fwp%2Fv2%2Ftags&post=10550"}],"curies":[{"name":"wp","href":"https:\/\/api.w.org\/{rel}","templated":true}]}}