{"id":10642,"date":"2014-08-27T07:00:30","date_gmt":"2014-08-27T05:00:30","guid":{"rendered":"https:\/\/pmza.sk.sk\/?p=10642"},"modified":"2014-08-27T07:00:30","modified_gmt":"2014-08-27T05:00:30","slug":"zacnite-s-vystahovanim","status":"publish","type":"post","link":"https:\/\/pmza.sk\/?p=10642","title":{"rendered":"Za\u010dnite s vys\u0165ahovan\u00edm!"},"content":{"rendered":"<p><a href=\"https:\/\/pmza.sk\/wp-content\/uploads\/2014\/08\/A4_snp-scaled-1.jpg\"><img decoding=\"async\" class=\"alignleft size-full wp-image-10601\" alt=\"A4_snp_web\" src=\"https:\/\/pmza.sk.sk\/wp-content\/uploads\/2014\/08\/A4_snp_web.jpg\" width=\"182\" height=\"261\" srcset=\"https:\/\/pmza.sk\/wp-content\/uploads\/2014\/08\/A4_snp_web.jpg 714w, https:\/\/pmza.sk\/wp-content\/uploads\/2014\/08\/A4_snp_web-251x360.jpg 251w, https:\/\/pmza.sk\/wp-content\/uploads\/2014\/08\/A4_snp_web-513x736.jpg 513w, https:\/\/pmza.sk\/wp-content\/uploads\/2014\/08\/A4_snp_web-600x861.jpg 600w\" sizes=\"(max-width: 182px) 100vw, 182px\" \/><\/a>St\u00e1lu expoz\u00edciu vo ve\u017ei Budat\u00ednskeho hradu od 28. augusta 2014 obohat\u00ed aktu\u00e1lna v\u00fdstava <b>Za\u010dnite s\u00a0vys\u0165ahovan\u00edm!<\/b>, ktor\u00e1 je umiestnen\u00e1 v\u00a0priestoroch podkrovia hradu. Venovan\u00e1 je 70. v\u00fdro\u010diu Slovensk\u00e9ho n\u00e1rodn\u00e9ho povstania a zameran\u00e1 predov\u0161etk\u00fdm na jeho vojensk\u00fa str\u00e1nku, av\u0161ak nie v\u00a0celoslovenskom meradle. S\u00fastre\u010fuje sa na situ\u00e1ciu \u0161peci\u00e1lne v\u00a0\u017eilinskom okrese. <i>\u201eZvl\u00e1\u0161\u0165 sa zaober\u00e1 vypuknut\u00edm povstania v\u00a0\u017diline a\u00a0prv\u00fdmi bojmi, \u010d\u00edm sa n\u00e1sledne dost\u00e1vame k\u00a0bojom o\u00a0Stre\u010dniansku \u00fa\u017einu. Nako\u013eko ide iba o \u201elok\u00e1lnu\u201c v\u00fdstavu, rozpr\u00e1vanie o\u00a0SNP ukon\u010d\u00edme obsaden\u00edm Vr\u00fatok nemeck\u00fdmi vojskami. Druh\u00e1 \u010das\u0165 sa s\u00fastre\u010fuje na bojov\u00fa \u010dinnos\u0165 1. \u010deskoslovensk\u00e9ho arm\u00e1dneho zboru na \u00fazem\u00ed Slovenska, a\u00a0to konkr\u00e9tne na Malofatransk\u00fa oper\u00e1ciu a &#8222;oslobodenie&#8220; \u017diliny a\u00a0bl\u00edzkych obc\u00ed,\u201c<\/i> uviedol historik Pova\u017esk\u00e9ho m\u00fazea v\u00a0\u017diline a autor v\u00fdstavy Jakub Bielik.<!--more--><\/p>\n<p>Snahou tejto v\u00fdstavy nie je poda\u0165 vy\u010derp\u00e1vaj\u00face opisy bojov,\u00a0udalost\u00ed SNP a\u00a0oslobodzovania, ale jej cie\u013eom bude poskytn\u00fa\u0165 jasn\u00fd a\u00a0komplexn\u00fd poh\u013ead na spom\u00ednan\u00e9 udalosti, ktor\u00e9 m\u00f4\u017eu zauja\u0165 n\u00e1v\u0161tevn\u00edkov hradu Budat\u00edn, pam\u00e4tn\u00edkov a\u00a0 aj z\u00e1ujemcov o\u00a0vojensk\u00e9 dejiny. Autor v\u00fdstavy sa sna\u017eil vzh\u013eadom na vykres\u013eovanie SNP a\u00a0oslobodzovac\u00edch bojov na \u00fazem\u00ed Slovenska v\u00a0obdob\u00ed minul\u00e9ho re\u017eimu zosta\u0165 v\u00a0r\u00e1mci mo\u017enost\u00ed \u010do najviac apolitick\u00fd.<\/p>\n<p>Medzi expon\u00e1tmi bud\u00fa pochopite\u013ene dominova\u0165 zbrane a\u00a0s\u00fa\u010dasti vojenskej v\u00fdzbroje nemeckej, \u010deskoslovenskej a\u00a0sovietskej arm\u00e1dy. Niektor\u00e9 z\u00a0vystaven\u00fdch predmetov s\u00fa priamymi \u00fa\u010dastn\u00edkmi bojov SNP alebo aj bojov\u00fdch oper\u00e1ci\u00ed 1. \u010deskoslovensk\u00e9ho arm\u00e1dneho zboru vo vrchoch Malej Fatry. Zverejnen\u00e9 bud\u00fa aj niektor\u00e9 doposia\u013e nepublikovan\u00e9 fotografie.<\/p>\n<p>V\u00fdstava je pr\u00edstupn\u00e1 do 31. okt\u00f3bra 2014.<\/p>\n<p>&nbsp;<\/p>\n","protected":false},"excerpt":{"rendered":"<p>St\u00e1lu expoz\u00edciu vo ve\u017ei Budat\u00ednskeho hradu od 28. augusta 2014 obohat\u00ed aktu\u00e1lna v\u00fdstava Za\u010dnite s\u00a0vys\u0165ahovan\u00edm!, ktor\u00e1 je umiestnen\u00e1 v\u00a0priestoroch podkrovia hradu. Venovan\u00e1 je 70. v\u00fdro\u010diu Slovensk\u00e9ho n\u00e1rodn\u00e9ho povstania a zameran\u00e1 predov\u0161etk\u00fdm na jeho vojensk\u00fa str\u00e1nku, av\u0161ak nie v\u00a0celoslovenskom meradle. S\u00fastre\u010fuje sa na situ\u00e1ciu \u0161peci\u00e1lne v\u00a0\u017eilinskom okrese. \u201eZvl\u00e1\u0161\u0165 sa zaober\u00e1 vypuknut\u00edm povstania v\u00a0\u017diline a\u00a0prv\u00fdmi bojmi, \u010d\u00edm [&hellip;]<\/p>\n","protected":false},"author":2,"featured_media":0,"comment_status":"closed","ping_status":"closed","sticky":false,"template":"","format":"standard","meta":{"site-sidebar-layout":"default","site-content-layout":"","ast-site-content-layout":"","site-content-style":"default","site-sidebar-style":"default","ast-global-header-display":"","ast-banner-title-visibility":"","ast-main-header-display":"","ast-hfb-above-header-display":"","ast-hfb-below-header-display":"","ast-hfb-mobile-header-display":"","site-post-title":"","ast-breadcrumbs-content":"","ast-featured-img":"","footer-sml-layout":"","theme-transparent-header-meta":"","adv-header-id-meta":"","stick-header-meta":"","header-above-stick-meta":"","header-main-stick-meta":"","header-below-stick-meta":"","astra-migrate-meta-layouts":"default","ast-page-background-enabled":"default","ast-page-background-meta":{"desktop":{"background-color":"var(--ast-global-color-4)","background-image":"","background-repeat":"repeat","background-position":"center center","background-size":"auto","background-attachment":"scroll","background-type":"","background-media":"","overlay-type":"","overlay-color":"","overlay-opacity":"","overlay-gradient":""},"tablet":{"background-color":"","background-image":"","background-repeat":"repeat","background-position":"center center","background-size":"auto","background-attachment":"scroll","background-type":"","background-media":"","overlay-type":"","overlay-color":"","overlay-opacity":"","overlay-gradient":""},"mobile":{"background-color":"","background-image":"","background-repeat":"repeat","background-position":"center center","background-size":"auto","background-attachment":"scroll","background-type":"","background-media":"","overlay-type":"","overlay-color":"","overlay-opacity":"","overlay-gradient":""}},"ast-content-background-meta":{"desktop":{"background-color":"var(--ast-global-color-5)","background-image":"","background-repeat":"repeat","background-position":"center center","background-size":"auto","background-attachment":"scroll","background-type":"","background-media":"","overlay-type":"","overlay-color":"","overlay-opacity":"","overlay-gradient":""},"tablet":{"background-color":"var(--ast-global-color-5)","background-image":"","background-repeat":"repeat","background-position":"center center","background-size":"auto","background-attachment":"scroll","background-type":"","background-media":"","overlay-type":"","overlay-color":"","overlay-opacity":"","overlay-gradient":""},"mobile":{"background-color":"var(--ast-global-color-5)","background-image":"","background-repeat":"repeat","background-position":"center center","background-size":"auto","background-attachment":"scroll","background-type":"","background-media":"","overlay-type":"","overlay-color":"","overlay-opacity":"","overlay-gradient":""}},"footnotes":""},"categories":[36],"tags":[],"class_list":["post-10642","post","type-post","status-publish","format-standard","hentry","category-archiv-2014"],"yoast_head":"<!-- This site is optimized with the Yoast SEO plugin v27.4 - https:\/\/yoast.com\/product\/yoast-seo-wordpress\/ -->\n<title>Za\u010dnite s vys\u0165ahovan\u00edm! - Pova\u017esk\u00e9 m\u00fazeum<\/title>\n<meta name=\"robots\" content=\"index, follow, max-snippet:-1, max-image-preview:large, max-video-preview:-1\" \/>\n<link rel=\"canonical\" href=\"https:\/\/pmza.sk\/?p=10642\" \/>\n<meta property=\"og:locale\" content=\"sk_SK\" \/>\n<meta property=\"og:type\" content=\"article\" \/>\n<meta property=\"og:title\" content=\"Za\u010dnite s vys\u0165ahovan\u00edm! - Pova\u017esk\u00e9 m\u00fazeum\" \/>\n<meta property=\"og:description\" content=\"St\u00e1lu expoz\u00edciu vo ve\u017ei Budat\u00ednskeho hradu od 28. augusta 2014 obohat\u00ed aktu\u00e1lna v\u00fdstava Za\u010dnite s\u00a0vys\u0165ahovan\u00edm!, ktor\u00e1 je umiestnen\u00e1 v\u00a0priestoroch podkrovia hradu. Venovan\u00e1 je 70. v\u00fdro\u010diu Slovensk\u00e9ho n\u00e1rodn\u00e9ho povstania a zameran\u00e1 predov\u0161etk\u00fdm na jeho vojensk\u00fa str\u00e1nku, av\u0161ak nie v\u00a0celoslovenskom meradle. S\u00fastre\u010fuje sa na situ\u00e1ciu \u0161peci\u00e1lne v\u00a0\u017eilinskom okrese. \u201eZvl\u00e1\u0161\u0165 sa zaober\u00e1 vypuknut\u00edm povstania v\u00a0\u017diline a\u00a0prv\u00fdmi bojmi, \u010d\u00edm [&hellip;]\" \/>\n<meta property=\"og:url\" content=\"https:\/\/pmza.sk\/?p=10642\" \/>\n<meta property=\"og:site_name\" content=\"Pova\u017esk\u00e9 m\u00fazeum\" \/>\n<meta property=\"article:publisher\" content=\"https:\/\/www.facebook.com\/povazskemuzeum\" \/>\n<meta property=\"article:published_time\" content=\"2014-08-27T05:00:30+00:00\" \/>\n<meta property=\"og:image\" content=\"https:\/\/pmza.sk.sk\/wp-content\/uploads\/2014\/08\/A4_snp_web.jpg\" \/>\n<meta name=\"author\" content=\"Pova\u017esk\u00e9 m\u00fazeum\" \/>\n<meta name=\"twitter:card\" content=\"summary_large_image\" \/>\n<meta name=\"twitter:label1\" content=\"Autor\" \/>\n\t<meta name=\"twitter:data1\" content=\"Pova\u017esk\u00e9 m\u00fazeum\" \/>\n\t<meta name=\"twitter:label2\" content=\"Predpokladan\u00fd \u010das \u010d\u00edtania\" \/>\n\t<meta name=\"twitter:data2\" content=\"2 min\u00faty\" \/>\n<script type=\"application\/ld+json\" class=\"yoast-schema-graph\">{\"@context\":\"https:\\\/\\\/schema.org\",\"@graph\":[{\"@type\":\"Article\",\"@id\":\"https:\\\/\\\/pmza.sk\\\/?p=10642#article\",\"isPartOf\":{\"@id\":\"https:\\\/\\\/pmza.sk\\\/?p=10642\"},\"author\":{\"name\":\"Pova\u017esk\u00e9 m\u00fazeum\",\"@id\":\"https:\\\/\\\/pmza.sk\\\/#\\\/schema\\\/person\\\/595e6a2ce731ea94dcd5d7f50a41ae33\"},\"headline\":\"Za\u010dnite s vys\u0165ahovan\u00edm!\",\"datePublished\":\"2014-08-27T05:00:30+00:00\",\"mainEntityOfPage\":{\"@id\":\"https:\\\/\\\/pmza.sk\\\/?p=10642\"},\"wordCount\":317,\"publisher\":{\"@id\":\"https:\\\/\\\/pmza.sk\\\/#organization\"},\"image\":{\"@id\":\"https:\\\/\\\/pmza.sk\\\/?p=10642#primaryimage\"},\"thumbnailUrl\":\"http:\\\/\\\/pmza.sk.sk\\\/wp-content\\\/uploads\\\/2014\\\/08\\\/A4_snp_web.jpg\",\"articleSection\":[\"Arch\u00edv 2014\"],\"inLanguage\":\"sk-SK\"},{\"@type\":\"WebPage\",\"@id\":\"https:\\\/\\\/pmza.sk\\\/?p=10642\",\"url\":\"https:\\\/\\\/pmza.sk\\\/?p=10642\",\"name\":\"Za\u010dnite s vys\u0165ahovan\u00edm! - Pova\u017esk\u00e9 m\u00fazeum\",\"isPartOf\":{\"@id\":\"https:\\\/\\\/pmza.sk\\\/#website\"},\"primaryImageOfPage\":{\"@id\":\"https:\\\/\\\/pmza.sk\\\/?p=10642#primaryimage\"},\"image\":{\"@id\":\"https:\\\/\\\/pmza.sk\\\/?p=10642#primaryimage\"},\"thumbnailUrl\":\"http:\\\/\\\/pmza.sk.sk\\\/wp-content\\\/uploads\\\/2014\\\/08\\\/A4_snp_web.jpg\",\"datePublished\":\"2014-08-27T05:00:30+00:00\",\"breadcrumb\":{\"@id\":\"https:\\\/\\\/pmza.sk\\\/?p=10642#breadcrumb\"},\"inLanguage\":\"sk-SK\",\"potentialAction\":[{\"@type\":\"ReadAction\",\"target\":[\"https:\\\/\\\/pmza.sk\\\/?p=10642\"]}]},{\"@type\":\"ImageObject\",\"inLanguage\":\"sk-SK\",\"@id\":\"https:\\\/\\\/pmza.sk\\\/?p=10642#primaryimage\",\"url\":\"http:\\\/\\\/pmza.sk.sk\\\/wp-content\\\/uploads\\\/2014\\\/08\\\/A4_snp_web.jpg\",\"contentUrl\":\"http:\\\/\\\/pmza.sk.sk\\\/wp-content\\\/uploads\\\/2014\\\/08\\\/A4_snp_web.jpg\"},{\"@type\":\"BreadcrumbList\",\"@id\":\"https:\\\/\\\/pmza.sk\\\/?p=10642#breadcrumb\",\"itemListElement\":[{\"@type\":\"ListItem\",\"position\":1,\"name\":\"Domovsk\u00e1 str\u00e1nka\",\"item\":\"https:\\\/\\\/pmza.sk\\\/\"},{\"@type\":\"ListItem\",\"position\":2,\"name\":\"Za\u010dnite s vys\u0165ahovan\u00edm!\"}]},{\"@type\":\"WebSite\",\"@id\":\"https:\\\/\\\/pmza.sk\\\/#website\",\"url\":\"https:\\\/\\\/pmza.sk\\\/\",\"name\":\"Pova\u017esk\u00e9 m\u00fazeum\",\"description\":\"Pova\u017esk\u00e9 m\u00fazeum v \u017diline je region\u00e1lne m\u00fazeum so s\u00eddlom v Budat\u00edne. Jeho expoz\u00edcie s\u00fa zameran\u00e9 na dejiny slovensk\u00e9ho umenia, kult\u00fary a dopravy.\",\"publisher\":{\"@id\":\"https:\\\/\\\/pmza.sk\\\/#organization\"},\"potentialAction\":[{\"@type\":\"SearchAction\",\"target\":{\"@type\":\"EntryPoint\",\"urlTemplate\":\"https:\\\/\\\/pmza.sk\\\/?s={search_term_string}\"},\"query-input\":{\"@type\":\"PropertyValueSpecification\",\"valueRequired\":true,\"valueName\":\"search_term_string\"}}],\"inLanguage\":\"sk-SK\"},{\"@type\":\"Organization\",\"@id\":\"https:\\\/\\\/pmza.sk\\\/#organization\",\"name\":\"Pova\u017esk\u00e9 m\u00fazeum\",\"url\":\"https:\\\/\\\/pmza.sk\\\/\",\"logo\":{\"@type\":\"ImageObject\",\"inLanguage\":\"sk-SK\",\"@id\":\"https:\\\/\\\/pmza.sk\\\/#\\\/schema\\\/logo\\\/image\\\/\",\"url\":\"https:\\\/\\\/pmza.sk\\\/wp-content\\\/uploads\\\/2022\\\/01\\\/logo_PM_horizontal.jpg\",\"contentUrl\":\"https:\\\/\\\/pmza.sk\\\/wp-content\\\/uploads\\\/2022\\\/01\\\/logo_PM_horizontal.jpg\",\"width\":231,\"height\":142,\"caption\":\"Pova\u017esk\u00e9 m\u00fazeum\"},\"image\":{\"@id\":\"https:\\\/\\\/pmza.sk\\\/#\\\/schema\\\/logo\\\/image\\\/\"},\"sameAs\":[\"https:\\\/\\\/www.facebook.com\\\/povazskemuzeum\",\"https:\\\/\\\/www.instagram.com\\\/povazskemuzeum\\\/\"]},{\"@type\":\"Person\",\"@id\":\"https:\\\/\\\/pmza.sk\\\/#\\\/schema\\\/person\\\/595e6a2ce731ea94dcd5d7f50a41ae33\",\"name\":\"Pova\u017esk\u00e9 m\u00fazeum\",\"image\":{\"@type\":\"ImageObject\",\"inLanguage\":\"sk-SK\",\"@id\":\"https:\\\/\\\/secure.gravatar.com\\\/avatar\\\/2bb7f1561282132fb5826dfeccc66c7996d11ee392ac6aaf7ced8a1c2027fbb2?s=96&d=mm&r=g\",\"url\":\"https:\\\/\\\/secure.gravatar.com\\\/avatar\\\/2bb7f1561282132fb5826dfeccc66c7996d11ee392ac6aaf7ced8a1c2027fbb2?s=96&d=mm&r=g\",\"contentUrl\":\"https:\\\/\\\/secure.gravatar.com\\\/avatar\\\/2bb7f1561282132fb5826dfeccc66c7996d11ee392ac6aaf7ced8a1c2027fbb2?s=96&d=mm&r=g\",\"caption\":\"Pova\u017esk\u00e9 m\u00fazeum\"}}]}<\/script>\n<!-- \/ Yoast SEO plugin. -->","yoast_head_json":{"title":"Za\u010dnite s vys\u0165ahovan\u00edm! - Pova\u017esk\u00e9 m\u00fazeum","robots":{"index":"index","follow":"follow","max-snippet":"max-snippet:-1","max-image-preview":"max-image-preview:large","max-video-preview":"max-video-preview:-1"},"canonical":"https:\/\/pmza.sk\/?p=10642","og_locale":"sk_SK","og_type":"article","og_title":"Za\u010dnite s vys\u0165ahovan\u00edm! - Pova\u017esk\u00e9 m\u00fazeum","og_description":"St\u00e1lu expoz\u00edciu vo ve\u017ei Budat\u00ednskeho hradu od 28. augusta 2014 obohat\u00ed aktu\u00e1lna v\u00fdstava Za\u010dnite s\u00a0vys\u0165ahovan\u00edm!, ktor\u00e1 je umiestnen\u00e1 v\u00a0priestoroch podkrovia hradu. Venovan\u00e1 je 70. v\u00fdro\u010diu Slovensk\u00e9ho n\u00e1rodn\u00e9ho povstania a zameran\u00e1 predov\u0161etk\u00fdm na jeho vojensk\u00fa str\u00e1nku, av\u0161ak nie v\u00a0celoslovenskom meradle. S\u00fastre\u010fuje sa na situ\u00e1ciu \u0161peci\u00e1lne v\u00a0\u017eilinskom okrese. \u201eZvl\u00e1\u0161\u0165 sa zaober\u00e1 vypuknut\u00edm povstania v\u00a0\u017diline a\u00a0prv\u00fdmi bojmi, \u010d\u00edm [&hellip;]","og_url":"https:\/\/pmza.sk\/?p=10642","og_site_name":"Pova\u017esk\u00e9 m\u00fazeum","article_publisher":"https:\/\/www.facebook.com\/povazskemuzeum","article_published_time":"2014-08-27T05:00:30+00:00","og_image":[{"url":"https:\/\/pmza.sk.sk\/wp-content\/uploads\/2014\/08\/A4_snp_web.jpg","type":"","width":"","height":""}],"author":"Pova\u017esk\u00e9 m\u00fazeum","twitter_card":"summary_large_image","twitter_misc":{"Autor":"Pova\u017esk\u00e9 m\u00fazeum","Predpokladan\u00fd \u010das \u010d\u00edtania":"2 min\u00faty"},"schema":{"@context":"https:\/\/schema.org","@graph":[{"@type":"Article","@id":"https:\/\/pmza.sk\/?p=10642#article","isPartOf":{"@id":"https:\/\/pmza.sk\/?p=10642"},"author":{"name":"Pova\u017esk\u00e9 m\u00fazeum","@id":"https:\/\/pmza.sk\/#\/schema\/person\/595e6a2ce731ea94dcd5d7f50a41ae33"},"headline":"Za\u010dnite s vys\u0165ahovan\u00edm!","datePublished":"2014-08-27T05:00:30+00:00","mainEntityOfPage":{"@id":"https:\/\/pmza.sk\/?p=10642"},"wordCount":317,"publisher":{"@id":"https:\/\/pmza.sk\/#organization"},"image":{"@id":"https:\/\/pmza.sk\/?p=10642#primaryimage"},"thumbnailUrl":"https:\/\/pmza.sk.sk\/wp-content\/uploads\/2014\/08\/A4_snp_web.jpg","articleSection":["Arch\u00edv 2014"],"inLanguage":"sk-SK"},{"@type":"WebPage","@id":"https:\/\/pmza.sk\/?p=10642","url":"https:\/\/pmza.sk\/?p=10642","name":"Za\u010dnite s vys\u0165ahovan\u00edm! - Pova\u017esk\u00e9 m\u00fazeum","isPartOf":{"@id":"https:\/\/pmza.sk\/#website"},"primaryImageOfPage":{"@id":"https:\/\/pmza.sk\/?p=10642#primaryimage"},"image":{"@id":"https:\/\/pmza.sk\/?p=10642#primaryimage"},"thumbnailUrl":"https:\/\/pmza.sk.sk\/wp-content\/uploads\/2014\/08\/A4_snp_web.jpg","datePublished":"2014-08-27T05:00:30+00:00","breadcrumb":{"@id":"https:\/\/pmza.sk\/?p=10642#breadcrumb"},"inLanguage":"sk-SK","potentialAction":[{"@type":"ReadAction","target":["https:\/\/pmza.sk\/?p=10642"]}]},{"@type":"ImageObject","inLanguage":"sk-SK","@id":"https:\/\/pmza.sk\/?p=10642#primaryimage","url":"https:\/\/pmza.sk.sk\/wp-content\/uploads\/2014\/08\/A4_snp_web.jpg","contentUrl":"https:\/\/pmza.sk.sk\/wp-content\/uploads\/2014\/08\/A4_snp_web.jpg"},{"@type":"BreadcrumbList","@id":"https:\/\/pmza.sk\/?p=10642#breadcrumb","itemListElement":[{"@type":"ListItem","position":1,"name":"Domovsk\u00e1 str\u00e1nka","item":"https:\/\/pmza.sk\/"},{"@type":"ListItem","position":2,"name":"Za\u010dnite s vys\u0165ahovan\u00edm!"}]},{"@type":"WebSite","@id":"https:\/\/pmza.sk\/#website","url":"https:\/\/pmza.sk\/","name":"Pova\u017esk\u00e9 m\u00fazeum","description":"Pova\u017esk\u00e9 m\u00fazeum v \u017diline je region\u00e1lne m\u00fazeum so s\u00eddlom v Budat\u00edne. Jeho expoz\u00edcie s\u00fa zameran\u00e9 na dejiny slovensk\u00e9ho umenia, kult\u00fary a dopravy.","publisher":{"@id":"https:\/\/pmza.sk\/#organization"},"potentialAction":[{"@type":"SearchAction","target":{"@type":"EntryPoint","urlTemplate":"https:\/\/pmza.sk\/?s={search_term_string}"},"query-input":{"@type":"PropertyValueSpecification","valueRequired":true,"valueName":"search_term_string"}}],"inLanguage":"sk-SK"},{"@type":"Organization","@id":"https:\/\/pmza.sk\/#organization","name":"Pova\u017esk\u00e9 m\u00fazeum","url":"https:\/\/pmza.sk\/","logo":{"@type":"ImageObject","inLanguage":"sk-SK","@id":"https:\/\/pmza.sk\/#\/schema\/logo\/image\/","url":"https:\/\/pmza.sk\/wp-content\/uploads\/2022\/01\/logo_PM_horizontal.jpg","contentUrl":"https:\/\/pmza.sk\/wp-content\/uploads\/2022\/01\/logo_PM_horizontal.jpg","width":231,"height":142,"caption":"Pova\u017esk\u00e9 m\u00fazeum"},"image":{"@id":"https:\/\/pmza.sk\/#\/schema\/logo\/image\/"},"sameAs":["https:\/\/www.facebook.com\/povazskemuzeum","https:\/\/www.instagram.com\/povazskemuzeum\/"]},{"@type":"Person","@id":"https:\/\/pmza.sk\/#\/schema\/person\/595e6a2ce731ea94dcd5d7f50a41ae33","name":"Pova\u017esk\u00e9 m\u00fazeum","image":{"@type":"ImageObject","inLanguage":"sk-SK","@id":"https:\/\/secure.gravatar.com\/avatar\/2bb7f1561282132fb5826dfeccc66c7996d11ee392ac6aaf7ced8a1c2027fbb2?s=96&d=mm&r=g","url":"https:\/\/secure.gravatar.com\/avatar\/2bb7f1561282132fb5826dfeccc66c7996d11ee392ac6aaf7ced8a1c2027fbb2?s=96&d=mm&r=g","contentUrl":"https:\/\/secure.gravatar.com\/avatar\/2bb7f1561282132fb5826dfeccc66c7996d11ee392ac6aaf7ced8a1c2027fbb2?s=96&d=mm&r=g","caption":"Pova\u017esk\u00e9 m\u00fazeum"}}]}},"_links":{"self":[{"href":"https:\/\/pmza.sk\/index.php?rest_route=\/wp\/v2\/posts\/10642","targetHints":{"allow":["GET"]}}],"collection":[{"href":"https:\/\/pmza.sk\/index.php?rest_route=\/wp\/v2\/posts"}],"about":[{"href":"https:\/\/pmza.sk\/index.php?rest_route=\/wp\/v2\/types\/post"}],"author":[{"embeddable":true,"href":"https:\/\/pmza.sk\/index.php?rest_route=\/wp\/v2\/users\/2"}],"replies":[{"embeddable":true,"href":"https:\/\/pmza.sk\/index.php?rest_route=%2Fwp%2Fv2%2Fcomments&post=10642"}],"version-history":[{"count":0,"href":"https:\/\/pmza.sk\/index.php?rest_route=\/wp\/v2\/posts\/10642\/revisions"}],"wp:attachment":[{"href":"https:\/\/pmza.sk\/index.php?rest_route=%2Fwp%2Fv2%2Fmedia&parent=10642"}],"wp:term":[{"taxonomy":"category","embeddable":true,"href":"https:\/\/pmza.sk\/index.php?rest_route=%2Fwp%2Fv2%2Fcategories&post=10642"},{"taxonomy":"post_tag","embeddable":true,"href":"https:\/\/pmza.sk\/index.php?rest_route=%2Fwp%2Fv2%2Ftags&post=10642"}],"curies":[{"name":"wp","href":"https:\/\/api.w.org\/{rel}","templated":true}]}}