{"id":10686,"date":"2014-09-05T11:25:01","date_gmt":"2014-09-05T09:25:01","guid":{"rendered":"https:\/\/pmza.sk.sk\/?p=10686"},"modified":"2014-09-05T11:25:01","modified_gmt":"2014-09-05T09:25:01","slug":"dajte-hrnce-drotovat-v-slemieni","status":"publish","type":"post","link":"https:\/\/pmza.sk\/?p=10686","title":{"rendered":"Dajte hrnce dr\u00f4tova\u0165 v \u015alemie\u0144i"},"content":{"rendered":"<p><a href=\"https:\/\/pmza.sk\/wp-content\/uploads\/2014\/09\/2014_08260038.jpg\"><img decoding=\"async\" class=\"alignleft size-full wp-image-10683\" alt=\"OLYMPUS DIGITAL CAMERA\" src=\"https:\/\/pmza.sk\/wp-content\/uploads\/2014\/09\/2014_08260038.jpg\" width=\"225\" height=\"168\" srcset=\"https:\/\/pmza.sk\/wp-content\/uploads\/2014\/09\/2014_08260038.jpg 2048w, https:\/\/pmza.sk\/wp-content\/uploads\/2014\/09\/2014_08260038-480x360.jpg 480w, https:\/\/pmza.sk\/wp-content\/uploads\/2014\/09\/2014_08260038-981x736.jpg 981w, https:\/\/pmza.sk\/wp-content\/uploads\/2014\/09\/2014_08260038-768x576.jpg 768w, https:\/\/pmza.sk\/wp-content\/uploads\/2014\/09\/2014_08260038-1536x1152.jpg 1536w, https:\/\/pmza.sk\/wp-content\/uploads\/2014\/09\/2014_08260038-600x450.jpg 600w\" sizes=\"(max-width: 225px) 100vw, 225px\" \/><\/a>V\u00fdstava s n\u00e1zvom <strong>Dajte hrnce dr\u00f4tova\u0165<\/strong>, ktor\u00e1 po\u010das dvoch letn\u00fdch mesiacov predstavila pozoruhodn\u00e9 slovensk\u00e9 remeslo \u2013 drot\u00e1rstvo v\u00a0po\u013eskom s\u00fakromnom m\u00fazeu Kamoj\u00f3wka v\u00a0Suszci, tentokr\u00e1t zav\u00edtala do etnografick\u00e9ho skanzenu v \u015alemie\u0144i, ne\u010faleko mesta \u017bywiec.<\/p>\n<p>Prostredn\u00edctvom takmer 150 expon\u00e1tov \u00fa\u017eitkov\u00e9ho a\u00a0umeleck\u00e9ho charakteru n\u00e1v\u0161tevn\u00edkov skanzenu obozn\u00e1mi so zauj\u00edmavou hist\u00f3riou tohto najtypickej\u0161ieho slovensk\u00e9ho remesla.<!--more--><\/p>\n<p>Organiz\u00e1tormi v\u00fdstavy s\u00fa <i>Pova\u017esk\u00e9 m\u00fazeum v \u017diline<\/i> v\u00a0zria\u010fovate\u013eskej p\u00f4sobnosti \u017dilinsk\u00e9ho samospr\u00e1vneho kraja a <i>\u017bywiecki Park Etnograficzny v\u00a0 \u015alemie\u0144i.<\/i><\/p>\n<p>V\u00fdstava je realizovan\u00e1 v\u00a0r\u00e1mci udr\u017eate\u013enosti projektu cezhrani\u010dnej spolupr\u00e1ce PL \u2013SR 2007\/2013 <i>\u015alemie\u0144 &#8211;\u00a0Stre\u010dno na spolo\u010dnej ceste cez minulos\u0165 do bud\u00facnosti, <\/i>v\u00a0r\u00e1mci ktor\u00e9ho bola vybudovan\u00e1 Stredovek\u00e1 dedina Paseka pod hradom Stre\u010dno.<\/p>\n<p>Trvanie v\u00fdstavy: <strong>30<span style=\"font-family: Times New Roman; font-size: medium;\">. 8.2014 &#8211; 30. 10. 2014<\/span><\/strong><\/p>\n<p>Fotogal\u00e9ria k v\u00fdstave <a href=\"https:\/\/pmza.sk.sk\/foto-mdd\/?album=92\">TU<\/a><\/p>\n","protected":false},"excerpt":{"rendered":"<p>V\u00fdstava s n\u00e1zvom Dajte hrnce dr\u00f4tova\u0165, ktor\u00e1 po\u010das dvoch letn\u00fdch mesiacov predstavila pozoruhodn\u00e9 slovensk\u00e9 remeslo \u2013 drot\u00e1rstvo v\u00a0po\u013eskom s\u00fakromnom m\u00fazeu Kamoj\u00f3wka v\u00a0Suszci, tentokr\u00e1t zav\u00edtala do etnografick\u00e9ho skanzenu v \u015alemie\u0144i, ne\u010faleko mesta \u017bywiec. Prostredn\u00edctvom takmer 150 expon\u00e1tov \u00fa\u017eitkov\u00e9ho a\u00a0umeleck\u00e9ho charakteru n\u00e1v\u0161tevn\u00edkov skanzenu obozn\u00e1mi so zauj\u00edmavou hist\u00f3riou tohto najtypickej\u0161ieho slovensk\u00e9ho remesla.<\/p>\n","protected":false},"author":2,"featured_media":0,"comment_status":"closed","ping_status":"closed","sticky":false,"template":"","format":"standard","meta":{"site-sidebar-layout":"default","site-content-layout":"","ast-site-content-layout":"","site-content-style":"default","site-sidebar-style":"default","ast-global-header-display":"","ast-banner-title-visibility":"","ast-main-header-display":"","ast-hfb-above-header-display":"","ast-hfb-below-header-display":"","ast-hfb-mobile-header-display":"","site-post-title":"","ast-breadcrumbs-content":"","ast-featured-img":"","footer-sml-layout":"","theme-transparent-header-meta":"","adv-header-id-meta":"","stick-header-meta":"","header-above-stick-meta":"","header-main-stick-meta":"","header-below-stick-meta":"","astra-migrate-meta-layouts":"default","ast-page-background-enabled":"default","ast-page-background-meta":{"desktop":{"background-color":"var(--ast-global-color-4)","background-image":"","background-repeat":"repeat","background-position":"center center","background-size":"auto","background-attachment":"scroll","background-type":"","background-media":"","overlay-type":"","overlay-color":"","overlay-opacity":"","overlay-gradient":""},"tablet":{"background-color":"","background-image":"","background-repeat":"repeat","background-position":"center center","background-size":"auto","background-attachment":"scroll","background-type":"","background-media":"","overlay-type":"","overlay-color":"","overlay-opacity":"","overlay-gradient":""},"mobile":{"background-color":"","background-image":"","background-repeat":"repeat","background-position":"center center","background-size":"auto","background-attachment":"scroll","background-type":"","background-media":"","overlay-type":"","overlay-color":"","overlay-opacity":"","overlay-gradient":""}},"ast-content-background-meta":{"desktop":{"background-color":"var(--ast-global-color-5)","background-image":"","background-repeat":"repeat","background-position":"center center","background-size":"auto","background-attachment":"scroll","background-type":"","background-media":"","overlay-type":"","overlay-color":"","overlay-opacity":"","overlay-gradient":""},"tablet":{"background-color":"var(--ast-global-color-5)","background-image":"","background-repeat":"repeat","background-position":"center center","background-size":"auto","background-attachment":"scroll","background-type":"","background-media":"","overlay-type":"","overlay-color":"","overlay-opacity":"","overlay-gradient":""},"mobile":{"background-color":"var(--ast-global-color-5)","background-image":"","background-repeat":"repeat","background-position":"center center","background-size":"auto","background-attachment":"scroll","background-type":"","background-media":"","overlay-type":"","overlay-color":"","overlay-opacity":"","overlay-gradient":""}},"footnotes":""},"categories":[36],"tags":[],"class_list":["post-10686","post","type-post","status-publish","format-standard","hentry","category-archiv-2014"],"yoast_head":"<!-- This site is optimized with the Yoast SEO plugin v27.4 - https:\/\/yoast.com\/product\/yoast-seo-wordpress\/ -->\n<title>Dajte hrnce dr\u00f4tova\u0165 v \u015alemie\u0144i - Pova\u017esk\u00e9 m\u00fazeum<\/title>\n<meta name=\"robots\" content=\"index, follow, max-snippet:-1, max-image-preview:large, max-video-preview:-1\" \/>\n<link rel=\"canonical\" href=\"https:\/\/pmza.sk\/?p=10686\" \/>\n<meta property=\"og:locale\" content=\"sk_SK\" \/>\n<meta property=\"og:type\" content=\"article\" \/>\n<meta property=\"og:title\" content=\"Dajte hrnce dr\u00f4tova\u0165 v \u015alemie\u0144i - Pova\u017esk\u00e9 m\u00fazeum\" \/>\n<meta property=\"og:description\" content=\"V\u00fdstava s n\u00e1zvom Dajte hrnce dr\u00f4tova\u0165, ktor\u00e1 po\u010das dvoch letn\u00fdch mesiacov predstavila pozoruhodn\u00e9 slovensk\u00e9 remeslo \u2013 drot\u00e1rstvo v\u00a0po\u013eskom s\u00fakromnom m\u00fazeu Kamoj\u00f3wka v\u00a0Suszci, tentokr\u00e1t zav\u00edtala do etnografick\u00e9ho skanzenu v \u015alemie\u0144i, ne\u010faleko mesta \u017bywiec. Prostredn\u00edctvom takmer 150 expon\u00e1tov \u00fa\u017eitkov\u00e9ho a\u00a0umeleck\u00e9ho charakteru n\u00e1v\u0161tevn\u00edkov skanzenu obozn\u00e1mi so zauj\u00edmavou hist\u00f3riou tohto najtypickej\u0161ieho slovensk\u00e9ho remesla.\" \/>\n<meta property=\"og:url\" content=\"https:\/\/pmza.sk\/?p=10686\" \/>\n<meta property=\"og:site_name\" content=\"Pova\u017esk\u00e9 m\u00fazeum\" \/>\n<meta property=\"article:publisher\" content=\"https:\/\/www.facebook.com\/povazskemuzeum\" \/>\n<meta property=\"article:published_time\" content=\"2014-09-05T09:25:01+00:00\" \/>\n<meta property=\"og:image\" content=\"https:\/\/pmza.sk\/wp-content\/uploads\/2014\/09\/2014_08260038.jpg\" \/>\n<meta name=\"author\" content=\"Pova\u017esk\u00e9 m\u00fazeum\" \/>\n<meta name=\"twitter:card\" content=\"summary_large_image\" \/>\n<meta name=\"twitter:label1\" content=\"Autor\" \/>\n\t<meta name=\"twitter:data1\" content=\"Pova\u017esk\u00e9 m\u00fazeum\" \/>\n\t<meta name=\"twitter:label2\" content=\"Predpokladan\u00fd \u010das \u010d\u00edtania\" \/>\n\t<meta name=\"twitter:data2\" content=\"1 min\u00fata\" \/>\n<script type=\"application\/ld+json\" class=\"yoast-schema-graph\">{\"@context\":\"https:\\\/\\\/schema.org\",\"@graph\":[{\"@type\":\"Article\",\"@id\":\"https:\\\/\\\/pmza.sk\\\/?p=10686#article\",\"isPartOf\":{\"@id\":\"https:\\\/\\\/pmza.sk\\\/?p=10686\"},\"author\":{\"name\":\"Pova\u017esk\u00e9 m\u00fazeum\",\"@id\":\"https:\\\/\\\/pmza.sk\\\/#\\\/schema\\\/person\\\/595e6a2ce731ea94dcd5d7f50a41ae33\"},\"headline\":\"Dajte hrnce dr\u00f4tova\u0165 v \u015alemie\u0144i\",\"datePublished\":\"2014-09-05T09:25:01+00:00\",\"mainEntityOfPage\":{\"@id\":\"https:\\\/\\\/pmza.sk\\\/?p=10686\"},\"wordCount\":167,\"publisher\":{\"@id\":\"https:\\\/\\\/pmza.sk\\\/#organization\"},\"image\":{\"@id\":\"https:\\\/\\\/pmza.sk\\\/?p=10686#primaryimage\"},\"thumbnailUrl\":\"http:\\\/\\\/pmza.sk\\\/wp-content\\\/uploads\\\/2014\\\/09\\\/2014_08260038.jpg\",\"articleSection\":[\"Arch\u00edv 2014\"],\"inLanguage\":\"sk-SK\"},{\"@type\":\"WebPage\",\"@id\":\"https:\\\/\\\/pmza.sk\\\/?p=10686\",\"url\":\"https:\\\/\\\/pmza.sk\\\/?p=10686\",\"name\":\"Dajte hrnce dr\u00f4tova\u0165 v \u015alemie\u0144i - Pova\u017esk\u00e9 m\u00fazeum\",\"isPartOf\":{\"@id\":\"https:\\\/\\\/pmza.sk\\\/#website\"},\"primaryImageOfPage\":{\"@id\":\"https:\\\/\\\/pmza.sk\\\/?p=10686#primaryimage\"},\"image\":{\"@id\":\"https:\\\/\\\/pmza.sk\\\/?p=10686#primaryimage\"},\"thumbnailUrl\":\"http:\\\/\\\/pmza.sk\\\/wp-content\\\/uploads\\\/2014\\\/09\\\/2014_08260038.jpg\",\"datePublished\":\"2014-09-05T09:25:01+00:00\",\"breadcrumb\":{\"@id\":\"https:\\\/\\\/pmza.sk\\\/?p=10686#breadcrumb\"},\"inLanguage\":\"sk-SK\",\"potentialAction\":[{\"@type\":\"ReadAction\",\"target\":[\"https:\\\/\\\/pmza.sk\\\/?p=10686\"]}]},{\"@type\":\"ImageObject\",\"inLanguage\":\"sk-SK\",\"@id\":\"https:\\\/\\\/pmza.sk\\\/?p=10686#primaryimage\",\"url\":\"https:\\\/\\\/pmza.sk\\\/wp-content\\\/uploads\\\/2014\\\/09\\\/2014_08260038.jpg\",\"contentUrl\":\"https:\\\/\\\/pmza.sk\\\/wp-content\\\/uploads\\\/2014\\\/09\\\/2014_08260038.jpg\",\"width\":2048,\"height\":1536},{\"@type\":\"BreadcrumbList\",\"@id\":\"https:\\\/\\\/pmza.sk\\\/?p=10686#breadcrumb\",\"itemListElement\":[{\"@type\":\"ListItem\",\"position\":1,\"name\":\"Domovsk\u00e1 str\u00e1nka\",\"item\":\"https:\\\/\\\/pmza.sk\\\/\"},{\"@type\":\"ListItem\",\"position\":2,\"name\":\"Dajte hrnce dr\u00f4tova\u0165 v \u015alemie\u0144i\"}]},{\"@type\":\"WebSite\",\"@id\":\"https:\\\/\\\/pmza.sk\\\/#website\",\"url\":\"https:\\\/\\\/pmza.sk\\\/\",\"name\":\"Pova\u017esk\u00e9 m\u00fazeum\",\"description\":\"Pova\u017esk\u00e9 m\u00fazeum v \u017diline je region\u00e1lne m\u00fazeum so s\u00eddlom v Budat\u00edne. Jeho expoz\u00edcie s\u00fa zameran\u00e9 na dejiny slovensk\u00e9ho umenia, kult\u00fary a dopravy.\",\"publisher\":{\"@id\":\"https:\\\/\\\/pmza.sk\\\/#organization\"},\"potentialAction\":[{\"@type\":\"SearchAction\",\"target\":{\"@type\":\"EntryPoint\",\"urlTemplate\":\"https:\\\/\\\/pmza.sk\\\/?s={search_term_string}\"},\"query-input\":{\"@type\":\"PropertyValueSpecification\",\"valueRequired\":true,\"valueName\":\"search_term_string\"}}],\"inLanguage\":\"sk-SK\"},{\"@type\":\"Organization\",\"@id\":\"https:\\\/\\\/pmza.sk\\\/#organization\",\"name\":\"Pova\u017esk\u00e9 m\u00fazeum\",\"url\":\"https:\\\/\\\/pmza.sk\\\/\",\"logo\":{\"@type\":\"ImageObject\",\"inLanguage\":\"sk-SK\",\"@id\":\"https:\\\/\\\/pmza.sk\\\/#\\\/schema\\\/logo\\\/image\\\/\",\"url\":\"https:\\\/\\\/pmza.sk\\\/wp-content\\\/uploads\\\/2022\\\/01\\\/logo_PM_horizontal.jpg\",\"contentUrl\":\"https:\\\/\\\/pmza.sk\\\/wp-content\\\/uploads\\\/2022\\\/01\\\/logo_PM_horizontal.jpg\",\"width\":231,\"height\":142,\"caption\":\"Pova\u017esk\u00e9 m\u00fazeum\"},\"image\":{\"@id\":\"https:\\\/\\\/pmza.sk\\\/#\\\/schema\\\/logo\\\/image\\\/\"},\"sameAs\":[\"https:\\\/\\\/www.facebook.com\\\/povazskemuzeum\",\"https:\\\/\\\/www.instagram.com\\\/povazskemuzeum\\\/\"]},{\"@type\":\"Person\",\"@id\":\"https:\\\/\\\/pmza.sk\\\/#\\\/schema\\\/person\\\/595e6a2ce731ea94dcd5d7f50a41ae33\",\"name\":\"Pova\u017esk\u00e9 m\u00fazeum\",\"image\":{\"@type\":\"ImageObject\",\"inLanguage\":\"sk-SK\",\"@id\":\"https:\\\/\\\/secure.gravatar.com\\\/avatar\\\/2bb7f1561282132fb5826dfeccc66c7996d11ee392ac6aaf7ced8a1c2027fbb2?s=96&d=mm&r=g\",\"url\":\"https:\\\/\\\/secure.gravatar.com\\\/avatar\\\/2bb7f1561282132fb5826dfeccc66c7996d11ee392ac6aaf7ced8a1c2027fbb2?s=96&d=mm&r=g\",\"contentUrl\":\"https:\\\/\\\/secure.gravatar.com\\\/avatar\\\/2bb7f1561282132fb5826dfeccc66c7996d11ee392ac6aaf7ced8a1c2027fbb2?s=96&d=mm&r=g\",\"caption\":\"Pova\u017esk\u00e9 m\u00fazeum\"}}]}<\/script>\n<!-- \/ Yoast SEO plugin. -->","yoast_head_json":{"title":"Dajte hrnce dr\u00f4tova\u0165 v \u015alemie\u0144i - Pova\u017esk\u00e9 m\u00fazeum","robots":{"index":"index","follow":"follow","max-snippet":"max-snippet:-1","max-image-preview":"max-image-preview:large","max-video-preview":"max-video-preview:-1"},"canonical":"https:\/\/pmza.sk\/?p=10686","og_locale":"sk_SK","og_type":"article","og_title":"Dajte hrnce dr\u00f4tova\u0165 v \u015alemie\u0144i - Pova\u017esk\u00e9 m\u00fazeum","og_description":"V\u00fdstava s n\u00e1zvom Dajte hrnce dr\u00f4tova\u0165, ktor\u00e1 po\u010das dvoch letn\u00fdch mesiacov predstavila pozoruhodn\u00e9 slovensk\u00e9 remeslo \u2013 drot\u00e1rstvo v\u00a0po\u013eskom s\u00fakromnom m\u00fazeu Kamoj\u00f3wka v\u00a0Suszci, tentokr\u00e1t zav\u00edtala do etnografick\u00e9ho skanzenu v \u015alemie\u0144i, ne\u010faleko mesta \u017bywiec. Prostredn\u00edctvom takmer 150 expon\u00e1tov \u00fa\u017eitkov\u00e9ho a\u00a0umeleck\u00e9ho charakteru n\u00e1v\u0161tevn\u00edkov skanzenu obozn\u00e1mi so zauj\u00edmavou hist\u00f3riou tohto najtypickej\u0161ieho slovensk\u00e9ho remesla.","og_url":"https:\/\/pmza.sk\/?p=10686","og_site_name":"Pova\u017esk\u00e9 m\u00fazeum","article_publisher":"https:\/\/www.facebook.com\/povazskemuzeum","article_published_time":"2014-09-05T09:25:01+00:00","og_image":[{"url":"https:\/\/pmza.sk\/wp-content\/uploads\/2014\/09\/2014_08260038.jpg","type":"","width":"","height":""}],"author":"Pova\u017esk\u00e9 m\u00fazeum","twitter_card":"summary_large_image","twitter_misc":{"Autor":"Pova\u017esk\u00e9 m\u00fazeum","Predpokladan\u00fd \u010das \u010d\u00edtania":"1 min\u00fata"},"schema":{"@context":"https:\/\/schema.org","@graph":[{"@type":"Article","@id":"https:\/\/pmza.sk\/?p=10686#article","isPartOf":{"@id":"https:\/\/pmza.sk\/?p=10686"},"author":{"name":"Pova\u017esk\u00e9 m\u00fazeum","@id":"https:\/\/pmza.sk\/#\/schema\/person\/595e6a2ce731ea94dcd5d7f50a41ae33"},"headline":"Dajte hrnce dr\u00f4tova\u0165 v \u015alemie\u0144i","datePublished":"2014-09-05T09:25:01+00:00","mainEntityOfPage":{"@id":"https:\/\/pmza.sk\/?p=10686"},"wordCount":167,"publisher":{"@id":"https:\/\/pmza.sk\/#organization"},"image":{"@id":"https:\/\/pmza.sk\/?p=10686#primaryimage"},"thumbnailUrl":"https:\/\/pmza.sk\/wp-content\/uploads\/2014\/09\/2014_08260038.jpg","articleSection":["Arch\u00edv 2014"],"inLanguage":"sk-SK"},{"@type":"WebPage","@id":"https:\/\/pmza.sk\/?p=10686","url":"https:\/\/pmza.sk\/?p=10686","name":"Dajte hrnce dr\u00f4tova\u0165 v \u015alemie\u0144i - Pova\u017esk\u00e9 m\u00fazeum","isPartOf":{"@id":"https:\/\/pmza.sk\/#website"},"primaryImageOfPage":{"@id":"https:\/\/pmza.sk\/?p=10686#primaryimage"},"image":{"@id":"https:\/\/pmza.sk\/?p=10686#primaryimage"},"thumbnailUrl":"https:\/\/pmza.sk\/wp-content\/uploads\/2014\/09\/2014_08260038.jpg","datePublished":"2014-09-05T09:25:01+00:00","breadcrumb":{"@id":"https:\/\/pmza.sk\/?p=10686#breadcrumb"},"inLanguage":"sk-SK","potentialAction":[{"@type":"ReadAction","target":["https:\/\/pmza.sk\/?p=10686"]}]},{"@type":"ImageObject","inLanguage":"sk-SK","@id":"https:\/\/pmza.sk\/?p=10686#primaryimage","url":"https:\/\/pmza.sk\/wp-content\/uploads\/2014\/09\/2014_08260038.jpg","contentUrl":"https:\/\/pmza.sk\/wp-content\/uploads\/2014\/09\/2014_08260038.jpg","width":2048,"height":1536},{"@type":"BreadcrumbList","@id":"https:\/\/pmza.sk\/?p=10686#breadcrumb","itemListElement":[{"@type":"ListItem","position":1,"name":"Domovsk\u00e1 str\u00e1nka","item":"https:\/\/pmza.sk\/"},{"@type":"ListItem","position":2,"name":"Dajte hrnce dr\u00f4tova\u0165 v \u015alemie\u0144i"}]},{"@type":"WebSite","@id":"https:\/\/pmza.sk\/#website","url":"https:\/\/pmza.sk\/","name":"Pova\u017esk\u00e9 m\u00fazeum","description":"Pova\u017esk\u00e9 m\u00fazeum v \u017diline je region\u00e1lne m\u00fazeum so s\u00eddlom v Budat\u00edne. Jeho expoz\u00edcie s\u00fa zameran\u00e9 na dejiny slovensk\u00e9ho umenia, kult\u00fary a dopravy.","publisher":{"@id":"https:\/\/pmza.sk\/#organization"},"potentialAction":[{"@type":"SearchAction","target":{"@type":"EntryPoint","urlTemplate":"https:\/\/pmza.sk\/?s={search_term_string}"},"query-input":{"@type":"PropertyValueSpecification","valueRequired":true,"valueName":"search_term_string"}}],"inLanguage":"sk-SK"},{"@type":"Organization","@id":"https:\/\/pmza.sk\/#organization","name":"Pova\u017esk\u00e9 m\u00fazeum","url":"https:\/\/pmza.sk\/","logo":{"@type":"ImageObject","inLanguage":"sk-SK","@id":"https:\/\/pmza.sk\/#\/schema\/logo\/image\/","url":"https:\/\/pmza.sk\/wp-content\/uploads\/2022\/01\/logo_PM_horizontal.jpg","contentUrl":"https:\/\/pmza.sk\/wp-content\/uploads\/2022\/01\/logo_PM_horizontal.jpg","width":231,"height":142,"caption":"Pova\u017esk\u00e9 m\u00fazeum"},"image":{"@id":"https:\/\/pmza.sk\/#\/schema\/logo\/image\/"},"sameAs":["https:\/\/www.facebook.com\/povazskemuzeum","https:\/\/www.instagram.com\/povazskemuzeum\/"]},{"@type":"Person","@id":"https:\/\/pmza.sk\/#\/schema\/person\/595e6a2ce731ea94dcd5d7f50a41ae33","name":"Pova\u017esk\u00e9 m\u00fazeum","image":{"@type":"ImageObject","inLanguage":"sk-SK","@id":"https:\/\/secure.gravatar.com\/avatar\/2bb7f1561282132fb5826dfeccc66c7996d11ee392ac6aaf7ced8a1c2027fbb2?s=96&d=mm&r=g","url":"https:\/\/secure.gravatar.com\/avatar\/2bb7f1561282132fb5826dfeccc66c7996d11ee392ac6aaf7ced8a1c2027fbb2?s=96&d=mm&r=g","contentUrl":"https:\/\/secure.gravatar.com\/avatar\/2bb7f1561282132fb5826dfeccc66c7996d11ee392ac6aaf7ced8a1c2027fbb2?s=96&d=mm&r=g","caption":"Pova\u017esk\u00e9 m\u00fazeum"}}]}},"_links":{"self":[{"href":"https:\/\/pmza.sk\/index.php?rest_route=\/wp\/v2\/posts\/10686","targetHints":{"allow":["GET"]}}],"collection":[{"href":"https:\/\/pmza.sk\/index.php?rest_route=\/wp\/v2\/posts"}],"about":[{"href":"https:\/\/pmza.sk\/index.php?rest_route=\/wp\/v2\/types\/post"}],"author":[{"embeddable":true,"href":"https:\/\/pmza.sk\/index.php?rest_route=\/wp\/v2\/users\/2"}],"replies":[{"embeddable":true,"href":"https:\/\/pmza.sk\/index.php?rest_route=%2Fwp%2Fv2%2Fcomments&post=10686"}],"version-history":[{"count":0,"href":"https:\/\/pmza.sk\/index.php?rest_route=\/wp\/v2\/posts\/10686\/revisions"}],"wp:attachment":[{"href":"https:\/\/pmza.sk\/index.php?rest_route=%2Fwp%2Fv2%2Fmedia&parent=10686"}],"wp:term":[{"taxonomy":"category","embeddable":true,"href":"https:\/\/pmza.sk\/index.php?rest_route=%2Fwp%2Fv2%2Fcategories&post=10686"},{"taxonomy":"post_tag","embeddable":true,"href":"https:\/\/pmza.sk\/index.php?rest_route=%2Fwp%2Fv2%2Ftags&post=10686"}],"curies":[{"name":"wp","href":"https:\/\/api.w.org\/{rel}","templated":true}]}}