{"id":10699,"date":"2014-09-06T23:52:55","date_gmt":"2014-09-06T21:52:55","guid":{"rendered":"https:\/\/pmza.sk.sk\/?p=10699"},"modified":"2014-09-06T23:52:55","modified_gmt":"2014-09-06T21:52:55","slug":"kulinarske-dni","status":"publish","type":"post","link":"https:\/\/pmza.sk\/?p=10699","title":{"rendered":"Kulin\u00e1rske dni"},"content":{"rendered":"<p><a href=\"https:\/\/pmza.sk\/wp-content\/uploads\/2014\/09\/KULINARSKE_DNI_2014.jpg\"><img decoding=\"async\" class=\"alignleft  wp-image-10698\" alt=\"KULINARSKE_DNI_2014_web\" src=\"https:\/\/pmza.sk\/wp-content\/uploads\/2014\/09\/KULINARSKE_DNI_2014_web.jpg\" width=\"115\" height=\"207\" srcset=\"https:\/\/pmza.sk\/wp-content\/uploads\/2014\/09\/KULINARSKE_DNI_2014_web.jpg 570w, https:\/\/pmza.sk\/wp-content\/uploads\/2014\/09\/KULINARSKE_DNI_2014_web-200x360.jpg 200w, https:\/\/pmza.sk\/wp-content\/uploads\/2014\/09\/KULINARSKE_DNI_2014_web-410x736.jpg 410w\" sizes=\"(max-width: 115px) 100vw, 115px\" \/><\/a>U\u017e \u0161tvrt\u00e9 pokra\u010dovanie \u00faspe\u0161n\u00fdch Kulin\u00e1rskych dn\u00ed sa bude kona\u0165 v druhej polovici septembra. Podujatie organizuje \u017dilinsk\u00fd samospr\u00e1vny kraj v r\u00e1mci projektu Kr\u00e1sy a zauj\u00edmavosti \u017dilinsk\u00e9ho kraja vo svojich piatich regi\u00f3noch \u2013 Horn\u00e9 Pova\u017eie, Kysuce, Orava, Liptov, Turiec. N\u00e1v\u0161tevn\u00edci bud\u00fa ma\u0165 op\u00e4\u0165 mo\u017enos\u0165 ochutna\u0165 tradi\u010dn\u00e9 jedl\u00e1, pozrie\u0165 si priamo na mieste ich pr\u00edpravu, vysk\u00fa\u0161a\u0165 tradi\u010dn\u00e9 remesl\u00e1, pozrie\u0165 si vyst\u00fapenia detsk\u00fdch folkl\u00f3rnych s\u00faborov a folkl\u00f3rnych s\u00faborov dospel\u00fdch. Vstup je zdarma.<\/p>\n<p>Septembrov\u00e9 Kulin\u00e1rske dni sa uskuto\u010dnia: 14. 9. 2014 v are\u00e1li Budat\u00ednskeho hradu, 19. 9. 2014 na Oravskom hrade, 20. 9. 2014 v M\u00fazeu Kysuckej dediny a lesnej \u017eeleznice Vychylovka, 27. 9. 2014 v Pribyline a 28. 9. 2014 v TULIP center Martin, v\u0161etky podujatia v \u010dase od 10.30 &#8211; 16.00 hod.<\/p>\n","protected":false},"excerpt":{"rendered":"<p>U\u017e \u0161tvrt\u00e9 pokra\u010dovanie \u00faspe\u0161n\u00fdch Kulin\u00e1rskych dn\u00ed sa bude kona\u0165 v druhej polovici septembra. Podujatie organizuje \u017dilinsk\u00fd samospr\u00e1vny kraj v r\u00e1mci projektu Kr\u00e1sy a zauj\u00edmavosti \u017dilinsk\u00e9ho kraja vo svojich piatich regi\u00f3noch \u2013 Horn\u00e9 Pova\u017eie, Kysuce, Orava, Liptov, Turiec. N\u00e1v\u0161tevn\u00edci bud\u00fa ma\u0165 op\u00e4\u0165 mo\u017enos\u0165 ochutna\u0165 tradi\u010dn\u00e9 jedl\u00e1, pozrie\u0165 si priamo na mieste ich pr\u00edpravu, vysk\u00fa\u0161a\u0165 tradi\u010dn\u00e9 remesl\u00e1, [&hellip;]<\/p>\n","protected":false},"author":2,"featured_media":0,"comment_status":"closed","ping_status":"closed","sticky":false,"template":"","format":"standard","meta":{"site-sidebar-layout":"default","site-content-layout":"","ast-site-content-layout":"","site-content-style":"default","site-sidebar-style":"default","ast-global-header-display":"","ast-banner-title-visibility":"","ast-main-header-display":"","ast-hfb-above-header-display":"","ast-hfb-below-header-display":"","ast-hfb-mobile-header-display":"","site-post-title":"","ast-breadcrumbs-content":"","ast-featured-img":"","footer-sml-layout":"","theme-transparent-header-meta":"","adv-header-id-meta":"","stick-header-meta":"","header-above-stick-meta":"","header-main-stick-meta":"","header-below-stick-meta":"","astra-migrate-meta-layouts":"default","ast-page-background-enabled":"default","ast-page-background-meta":{"desktop":{"background-color":"var(--ast-global-color-4)","background-image":"","background-repeat":"repeat","background-position":"center center","background-size":"auto","background-attachment":"scroll","background-type":"","background-media":"","overlay-type":"","overlay-color":"","overlay-opacity":"","overlay-gradient":""},"tablet":{"background-color":"","background-image":"","background-repeat":"repeat","background-position":"center center","background-size":"auto","background-attachment":"scroll","background-type":"","background-media":"","overlay-type":"","overlay-color":"","overlay-opacity":"","overlay-gradient":""},"mobile":{"background-color":"","background-image":"","background-repeat":"repeat","background-position":"center center","background-size":"auto","background-attachment":"scroll","background-type":"","background-media":"","overlay-type":"","overlay-color":"","overlay-opacity":"","overlay-gradient":""}},"ast-content-background-meta":{"desktop":{"background-color":"var(--ast-global-color-5)","background-image":"","background-repeat":"repeat","background-position":"center center","background-size":"auto","background-attachment":"scroll","background-type":"","background-media":"","overlay-type":"","overlay-color":"","overlay-opacity":"","overlay-gradient":""},"tablet":{"background-color":"var(--ast-global-color-5)","background-image":"","background-repeat":"repeat","background-position":"center center","background-size":"auto","background-attachment":"scroll","background-type":"","background-media":"","overlay-type":"","overlay-color":"","overlay-opacity":"","overlay-gradient":""},"mobile":{"background-color":"var(--ast-global-color-5)","background-image":"","background-repeat":"repeat","background-position":"center center","background-size":"auto","background-attachment":"scroll","background-type":"","background-media":"","overlay-type":"","overlay-color":"","overlay-opacity":"","overlay-gradient":""}},"footnotes":""},"categories":[36],"tags":[],"class_list":["post-10699","post","type-post","status-publish","format-standard","hentry","category-archiv-2014"],"yoast_head":"<!-- This site is optimized with the Yoast SEO plugin v27.4 - https:\/\/yoast.com\/product\/yoast-seo-wordpress\/ -->\n<title>Kulin\u00e1rske dni - Pova\u017esk\u00e9 m\u00fazeum<\/title>\n<meta name=\"robots\" content=\"index, follow, max-snippet:-1, max-image-preview:large, max-video-preview:-1\" \/>\n<link rel=\"canonical\" href=\"https:\/\/pmza.sk\/?p=10699\" \/>\n<meta property=\"og:locale\" content=\"sk_SK\" \/>\n<meta property=\"og:type\" content=\"article\" \/>\n<meta property=\"og:title\" content=\"Kulin\u00e1rske dni - Pova\u017esk\u00e9 m\u00fazeum\" \/>\n<meta property=\"og:description\" content=\"U\u017e \u0161tvrt\u00e9 pokra\u010dovanie \u00faspe\u0161n\u00fdch Kulin\u00e1rskych dn\u00ed sa bude kona\u0165 v druhej polovici septembra. Podujatie organizuje \u017dilinsk\u00fd samospr\u00e1vny kraj v r\u00e1mci projektu Kr\u00e1sy a zauj\u00edmavosti \u017dilinsk\u00e9ho kraja vo svojich piatich regi\u00f3noch \u2013 Horn\u00e9 Pova\u017eie, Kysuce, Orava, Liptov, Turiec. N\u00e1v\u0161tevn\u00edci bud\u00fa ma\u0165 op\u00e4\u0165 mo\u017enos\u0165 ochutna\u0165 tradi\u010dn\u00e9 jedl\u00e1, pozrie\u0165 si priamo na mieste ich pr\u00edpravu, vysk\u00fa\u0161a\u0165 tradi\u010dn\u00e9 remesl\u00e1, [&hellip;]\" \/>\n<meta property=\"og:url\" content=\"https:\/\/pmza.sk\/?p=10699\" \/>\n<meta property=\"og:site_name\" content=\"Pova\u017esk\u00e9 m\u00fazeum\" \/>\n<meta property=\"article:publisher\" content=\"https:\/\/www.facebook.com\/povazskemuzeum\" \/>\n<meta property=\"article:published_time\" content=\"2014-09-06T21:52:55+00:00\" \/>\n<meta property=\"og:image\" content=\"https:\/\/pmza.sk\/wp-content\/uploads\/2014\/09\/KULINARSKE_DNI_2014_web.jpg\" \/>\n<meta name=\"author\" content=\"Pova\u017esk\u00e9 m\u00fazeum\" \/>\n<meta name=\"twitter:card\" content=\"summary_large_image\" \/>\n<meta name=\"twitter:label1\" content=\"Autor\" \/>\n\t<meta name=\"twitter:data1\" content=\"Pova\u017esk\u00e9 m\u00fazeum\" \/>\n\t<meta name=\"twitter:label2\" content=\"Predpokladan\u00fd \u010das \u010d\u00edtania\" \/>\n\t<meta name=\"twitter:data2\" content=\"1 min\u00fata\" \/>\n<script type=\"application\/ld+json\" class=\"yoast-schema-graph\">{\"@context\":\"https:\\\/\\\/schema.org\",\"@graph\":[{\"@type\":\"Article\",\"@id\":\"https:\\\/\\\/pmza.sk\\\/?p=10699#article\",\"isPartOf\":{\"@id\":\"https:\\\/\\\/pmza.sk\\\/?p=10699\"},\"author\":{\"name\":\"Pova\u017esk\u00e9 m\u00fazeum\",\"@id\":\"https:\\\/\\\/pmza.sk\\\/#\\\/schema\\\/person\\\/595e6a2ce731ea94dcd5d7f50a41ae33\"},\"headline\":\"Kulin\u00e1rske dni\",\"datePublished\":\"2014-09-06T21:52:55+00:00\",\"mainEntityOfPage\":{\"@id\":\"https:\\\/\\\/pmza.sk\\\/?p=10699\"},\"wordCount\":136,\"publisher\":{\"@id\":\"https:\\\/\\\/pmza.sk\\\/#organization\"},\"image\":{\"@id\":\"https:\\\/\\\/pmza.sk\\\/?p=10699#primaryimage\"},\"thumbnailUrl\":\"http:\\\/\\\/pmza.sk\\\/wp-content\\\/uploads\\\/2014\\\/09\\\/KULINARSKE_DNI_2014_web.jpg\",\"articleSection\":[\"Arch\u00edv 2014\"],\"inLanguage\":\"sk-SK\"},{\"@type\":\"WebPage\",\"@id\":\"https:\\\/\\\/pmza.sk\\\/?p=10699\",\"url\":\"https:\\\/\\\/pmza.sk\\\/?p=10699\",\"name\":\"Kulin\u00e1rske dni - Pova\u017esk\u00e9 m\u00fazeum\",\"isPartOf\":{\"@id\":\"https:\\\/\\\/pmza.sk\\\/#website\"},\"primaryImageOfPage\":{\"@id\":\"https:\\\/\\\/pmza.sk\\\/?p=10699#primaryimage\"},\"image\":{\"@id\":\"https:\\\/\\\/pmza.sk\\\/?p=10699#primaryimage\"},\"thumbnailUrl\":\"http:\\\/\\\/pmza.sk\\\/wp-content\\\/uploads\\\/2014\\\/09\\\/KULINARSKE_DNI_2014_web.jpg\",\"datePublished\":\"2014-09-06T21:52:55+00:00\",\"breadcrumb\":{\"@id\":\"https:\\\/\\\/pmza.sk\\\/?p=10699#breadcrumb\"},\"inLanguage\":\"sk-SK\",\"potentialAction\":[{\"@type\":\"ReadAction\",\"target\":[\"https:\\\/\\\/pmza.sk\\\/?p=10699\"]}]},{\"@type\":\"ImageObject\",\"inLanguage\":\"sk-SK\",\"@id\":\"https:\\\/\\\/pmza.sk\\\/?p=10699#primaryimage\",\"url\":\"https:\\\/\\\/pmza.sk\\\/wp-content\\\/uploads\\\/2014\\\/09\\\/KULINARSKE_DNI_2014_web.jpg\",\"contentUrl\":\"https:\\\/\\\/pmza.sk\\\/wp-content\\\/uploads\\\/2014\\\/09\\\/KULINARSKE_DNI_2014_web.jpg\",\"width\":570,\"height\":1024},{\"@type\":\"BreadcrumbList\",\"@id\":\"https:\\\/\\\/pmza.sk\\\/?p=10699#breadcrumb\",\"itemListElement\":[{\"@type\":\"ListItem\",\"position\":1,\"name\":\"Domovsk\u00e1 str\u00e1nka\",\"item\":\"https:\\\/\\\/pmza.sk\\\/\"},{\"@type\":\"ListItem\",\"position\":2,\"name\":\"Kulin\u00e1rske dni\"}]},{\"@type\":\"WebSite\",\"@id\":\"https:\\\/\\\/pmza.sk\\\/#website\",\"url\":\"https:\\\/\\\/pmza.sk\\\/\",\"name\":\"Pova\u017esk\u00e9 m\u00fazeum\",\"description\":\"Pova\u017esk\u00e9 m\u00fazeum v \u017diline je region\u00e1lne m\u00fazeum so s\u00eddlom v Budat\u00edne. Jeho expoz\u00edcie s\u00fa zameran\u00e9 na dejiny slovensk\u00e9ho umenia, kult\u00fary a dopravy.\",\"publisher\":{\"@id\":\"https:\\\/\\\/pmza.sk\\\/#organization\"},\"potentialAction\":[{\"@type\":\"SearchAction\",\"target\":{\"@type\":\"EntryPoint\",\"urlTemplate\":\"https:\\\/\\\/pmza.sk\\\/?s={search_term_string}\"},\"query-input\":{\"@type\":\"PropertyValueSpecification\",\"valueRequired\":true,\"valueName\":\"search_term_string\"}}],\"inLanguage\":\"sk-SK\"},{\"@type\":\"Organization\",\"@id\":\"https:\\\/\\\/pmza.sk\\\/#organization\",\"name\":\"Pova\u017esk\u00e9 m\u00fazeum\",\"url\":\"https:\\\/\\\/pmza.sk\\\/\",\"logo\":{\"@type\":\"ImageObject\",\"inLanguage\":\"sk-SK\",\"@id\":\"https:\\\/\\\/pmza.sk\\\/#\\\/schema\\\/logo\\\/image\\\/\",\"url\":\"https:\\\/\\\/pmza.sk\\\/wp-content\\\/uploads\\\/2022\\\/01\\\/logo_PM_horizontal.jpg\",\"contentUrl\":\"https:\\\/\\\/pmza.sk\\\/wp-content\\\/uploads\\\/2022\\\/01\\\/logo_PM_horizontal.jpg\",\"width\":231,\"height\":142,\"caption\":\"Pova\u017esk\u00e9 m\u00fazeum\"},\"image\":{\"@id\":\"https:\\\/\\\/pmza.sk\\\/#\\\/schema\\\/logo\\\/image\\\/\"},\"sameAs\":[\"https:\\\/\\\/www.facebook.com\\\/povazskemuzeum\",\"https:\\\/\\\/www.instagram.com\\\/povazskemuzeum\\\/\"]},{\"@type\":\"Person\",\"@id\":\"https:\\\/\\\/pmza.sk\\\/#\\\/schema\\\/person\\\/595e6a2ce731ea94dcd5d7f50a41ae33\",\"name\":\"Pova\u017esk\u00e9 m\u00fazeum\",\"image\":{\"@type\":\"ImageObject\",\"inLanguage\":\"sk-SK\",\"@id\":\"https:\\\/\\\/secure.gravatar.com\\\/avatar\\\/2bb7f1561282132fb5826dfeccc66c7996d11ee392ac6aaf7ced8a1c2027fbb2?s=96&d=mm&r=g\",\"url\":\"https:\\\/\\\/secure.gravatar.com\\\/avatar\\\/2bb7f1561282132fb5826dfeccc66c7996d11ee392ac6aaf7ced8a1c2027fbb2?s=96&d=mm&r=g\",\"contentUrl\":\"https:\\\/\\\/secure.gravatar.com\\\/avatar\\\/2bb7f1561282132fb5826dfeccc66c7996d11ee392ac6aaf7ced8a1c2027fbb2?s=96&d=mm&r=g\",\"caption\":\"Pova\u017esk\u00e9 m\u00fazeum\"}}]}<\/script>\n<!-- \/ Yoast SEO plugin. -->","yoast_head_json":{"title":"Kulin\u00e1rske dni - Pova\u017esk\u00e9 m\u00fazeum","robots":{"index":"index","follow":"follow","max-snippet":"max-snippet:-1","max-image-preview":"max-image-preview:large","max-video-preview":"max-video-preview:-1"},"canonical":"https:\/\/pmza.sk\/?p=10699","og_locale":"sk_SK","og_type":"article","og_title":"Kulin\u00e1rske dni - Pova\u017esk\u00e9 m\u00fazeum","og_description":"U\u017e \u0161tvrt\u00e9 pokra\u010dovanie \u00faspe\u0161n\u00fdch Kulin\u00e1rskych dn\u00ed sa bude kona\u0165 v druhej polovici septembra. Podujatie organizuje \u017dilinsk\u00fd samospr\u00e1vny kraj v r\u00e1mci projektu Kr\u00e1sy a zauj\u00edmavosti \u017dilinsk\u00e9ho kraja vo svojich piatich regi\u00f3noch \u2013 Horn\u00e9 Pova\u017eie, Kysuce, Orava, Liptov, Turiec. N\u00e1v\u0161tevn\u00edci bud\u00fa ma\u0165 op\u00e4\u0165 mo\u017enos\u0165 ochutna\u0165 tradi\u010dn\u00e9 jedl\u00e1, pozrie\u0165 si priamo na mieste ich pr\u00edpravu, vysk\u00fa\u0161a\u0165 tradi\u010dn\u00e9 remesl\u00e1, [&hellip;]","og_url":"https:\/\/pmza.sk\/?p=10699","og_site_name":"Pova\u017esk\u00e9 m\u00fazeum","article_publisher":"https:\/\/www.facebook.com\/povazskemuzeum","article_published_time":"2014-09-06T21:52:55+00:00","og_image":[{"url":"https:\/\/pmza.sk\/wp-content\/uploads\/2014\/09\/KULINARSKE_DNI_2014_web.jpg","type":"","width":"","height":""}],"author":"Pova\u017esk\u00e9 m\u00fazeum","twitter_card":"summary_large_image","twitter_misc":{"Autor":"Pova\u017esk\u00e9 m\u00fazeum","Predpokladan\u00fd \u010das \u010d\u00edtania":"1 min\u00fata"},"schema":{"@context":"https:\/\/schema.org","@graph":[{"@type":"Article","@id":"https:\/\/pmza.sk\/?p=10699#article","isPartOf":{"@id":"https:\/\/pmza.sk\/?p=10699"},"author":{"name":"Pova\u017esk\u00e9 m\u00fazeum","@id":"https:\/\/pmza.sk\/#\/schema\/person\/595e6a2ce731ea94dcd5d7f50a41ae33"},"headline":"Kulin\u00e1rske dni","datePublished":"2014-09-06T21:52:55+00:00","mainEntityOfPage":{"@id":"https:\/\/pmza.sk\/?p=10699"},"wordCount":136,"publisher":{"@id":"https:\/\/pmza.sk\/#organization"},"image":{"@id":"https:\/\/pmza.sk\/?p=10699#primaryimage"},"thumbnailUrl":"https:\/\/pmza.sk\/wp-content\/uploads\/2014\/09\/KULINARSKE_DNI_2014_web.jpg","articleSection":["Arch\u00edv 2014"],"inLanguage":"sk-SK"},{"@type":"WebPage","@id":"https:\/\/pmza.sk\/?p=10699","url":"https:\/\/pmza.sk\/?p=10699","name":"Kulin\u00e1rske dni - Pova\u017esk\u00e9 m\u00fazeum","isPartOf":{"@id":"https:\/\/pmza.sk\/#website"},"primaryImageOfPage":{"@id":"https:\/\/pmza.sk\/?p=10699#primaryimage"},"image":{"@id":"https:\/\/pmza.sk\/?p=10699#primaryimage"},"thumbnailUrl":"https:\/\/pmza.sk\/wp-content\/uploads\/2014\/09\/KULINARSKE_DNI_2014_web.jpg","datePublished":"2014-09-06T21:52:55+00:00","breadcrumb":{"@id":"https:\/\/pmza.sk\/?p=10699#breadcrumb"},"inLanguage":"sk-SK","potentialAction":[{"@type":"ReadAction","target":["https:\/\/pmza.sk\/?p=10699"]}]},{"@type":"ImageObject","inLanguage":"sk-SK","@id":"https:\/\/pmza.sk\/?p=10699#primaryimage","url":"https:\/\/pmza.sk\/wp-content\/uploads\/2014\/09\/KULINARSKE_DNI_2014_web.jpg","contentUrl":"https:\/\/pmza.sk\/wp-content\/uploads\/2014\/09\/KULINARSKE_DNI_2014_web.jpg","width":570,"height":1024},{"@type":"BreadcrumbList","@id":"https:\/\/pmza.sk\/?p=10699#breadcrumb","itemListElement":[{"@type":"ListItem","position":1,"name":"Domovsk\u00e1 str\u00e1nka","item":"https:\/\/pmza.sk\/"},{"@type":"ListItem","position":2,"name":"Kulin\u00e1rske dni"}]},{"@type":"WebSite","@id":"https:\/\/pmza.sk\/#website","url":"https:\/\/pmza.sk\/","name":"Pova\u017esk\u00e9 m\u00fazeum","description":"Pova\u017esk\u00e9 m\u00fazeum v \u017diline je region\u00e1lne m\u00fazeum so s\u00eddlom v Budat\u00edne. Jeho expoz\u00edcie s\u00fa zameran\u00e9 na dejiny slovensk\u00e9ho umenia, kult\u00fary a dopravy.","publisher":{"@id":"https:\/\/pmza.sk\/#organization"},"potentialAction":[{"@type":"SearchAction","target":{"@type":"EntryPoint","urlTemplate":"https:\/\/pmza.sk\/?s={search_term_string}"},"query-input":{"@type":"PropertyValueSpecification","valueRequired":true,"valueName":"search_term_string"}}],"inLanguage":"sk-SK"},{"@type":"Organization","@id":"https:\/\/pmza.sk\/#organization","name":"Pova\u017esk\u00e9 m\u00fazeum","url":"https:\/\/pmza.sk\/","logo":{"@type":"ImageObject","inLanguage":"sk-SK","@id":"https:\/\/pmza.sk\/#\/schema\/logo\/image\/","url":"https:\/\/pmza.sk\/wp-content\/uploads\/2022\/01\/logo_PM_horizontal.jpg","contentUrl":"https:\/\/pmza.sk\/wp-content\/uploads\/2022\/01\/logo_PM_horizontal.jpg","width":231,"height":142,"caption":"Pova\u017esk\u00e9 m\u00fazeum"},"image":{"@id":"https:\/\/pmza.sk\/#\/schema\/logo\/image\/"},"sameAs":["https:\/\/www.facebook.com\/povazskemuzeum","https:\/\/www.instagram.com\/povazskemuzeum\/"]},{"@type":"Person","@id":"https:\/\/pmza.sk\/#\/schema\/person\/595e6a2ce731ea94dcd5d7f50a41ae33","name":"Pova\u017esk\u00e9 m\u00fazeum","image":{"@type":"ImageObject","inLanguage":"sk-SK","@id":"https:\/\/secure.gravatar.com\/avatar\/2bb7f1561282132fb5826dfeccc66c7996d11ee392ac6aaf7ced8a1c2027fbb2?s=96&d=mm&r=g","url":"https:\/\/secure.gravatar.com\/avatar\/2bb7f1561282132fb5826dfeccc66c7996d11ee392ac6aaf7ced8a1c2027fbb2?s=96&d=mm&r=g","contentUrl":"https:\/\/secure.gravatar.com\/avatar\/2bb7f1561282132fb5826dfeccc66c7996d11ee392ac6aaf7ced8a1c2027fbb2?s=96&d=mm&r=g","caption":"Pova\u017esk\u00e9 m\u00fazeum"}}]}},"_links":{"self":[{"href":"https:\/\/pmza.sk\/index.php?rest_route=\/wp\/v2\/posts\/10699","targetHints":{"allow":["GET"]}}],"collection":[{"href":"https:\/\/pmza.sk\/index.php?rest_route=\/wp\/v2\/posts"}],"about":[{"href":"https:\/\/pmza.sk\/index.php?rest_route=\/wp\/v2\/types\/post"}],"author":[{"embeddable":true,"href":"https:\/\/pmza.sk\/index.php?rest_route=\/wp\/v2\/users\/2"}],"replies":[{"embeddable":true,"href":"https:\/\/pmza.sk\/index.php?rest_route=%2Fwp%2Fv2%2Fcomments&post=10699"}],"version-history":[{"count":0,"href":"https:\/\/pmza.sk\/index.php?rest_route=\/wp\/v2\/posts\/10699\/revisions"}],"wp:attachment":[{"href":"https:\/\/pmza.sk\/index.php?rest_route=%2Fwp%2Fv2%2Fmedia&parent=10699"}],"wp:term":[{"taxonomy":"category","embeddable":true,"href":"https:\/\/pmza.sk\/index.php?rest_route=%2Fwp%2Fv2%2Fcategories&post=10699"},{"taxonomy":"post_tag","embeddable":true,"href":"https:\/\/pmza.sk\/index.php?rest_route=%2Fwp%2Fv2%2Ftags&post=10699"}],"curies":[{"name":"wp","href":"https:\/\/api.w.org\/{rel}","templated":true}]}}