{"id":10709,"date":"2014-09-09T10:39:55","date_gmt":"2014-09-09T08:39:55","guid":{"rendered":"https:\/\/pmza.sk.sk\/?p=10709"},"modified":"2014-09-09T10:39:55","modified_gmt":"2014-09-09T08:39:55","slug":"rytierske-vypravy-na-strecne","status":"publish","type":"post","link":"https:\/\/pmza.sk\/?p=10709","title":{"rendered":"Rytierske v\u00fdpravy na Stre\u010dne"},"content":{"rendered":"<div><a href=\"https:\/\/pmza.sk\/wp-content\/uploads\/2014\/09\/Rytierka-vyprava.jpg\"><img decoding=\"async\" class=\"alignleft size-full wp-image-10708\" alt=\"Rytierka v\u00fdprava\" src=\"https:\/\/pmza.sk\/wp-content\/uploads\/2014\/09\/Rytierka-vyprava.jpg\" width=\"248\" height=\"151\" srcset=\"https:\/\/pmza.sk\/wp-content\/uploads\/2014\/09\/Rytierka-vyprava.jpg 800w, https:\/\/pmza.sk\/wp-content\/uploads\/2014\/09\/Rytierka-vyprava-570x349.jpg 570w, https:\/\/pmza.sk\/wp-content\/uploads\/2014\/09\/Rytierka-vyprava-768x470.jpg 768w, https:\/\/pmza.sk\/wp-content\/uploads\/2014\/09\/Rytierka-vyprava-600x368.jpg 600w\" sizes=\"(max-width: 248px) 100vw, 248px\" \/><\/a>V m\u00e1ji tohto roka spustila \u017dilinsk\u00e1 \u017eupa s\u00e9riu podujat\u00ed s n\u00e1zvom Rytierske v\u00fdpravy 2014. Nadviazala tak na\u00a0predch\u00e1dzaj\u00faci \u00faspe\u0161n\u00fd projekt Templ\u00e1rskych ciest, ktor\u00fd prebiehal v\u00a0rokoch 2012-2013 a\u00a0bol spolufinancovan\u00fd Eur\u00f3pskou \u00faniou z\u00a0Eur\u00f3pskeho fondu region\u00e1lneho rozvoja. V r\u00e1mci neho bolo zorganizovan\u00fdch 10 podujat\u00ed s\u00a0templ\u00e1rskou tematikou konaj\u00facich sa v\u00a0piatich vz\u00e1cnych historick\u00fdch pamiatkach v\u00a0ka\u017edom regi\u00f3ne \u017dilinsk\u00e9ho kraja. N\u00e1v\u0161tevnos\u0165 unik\u00e1tnych<!--more--> predstaven\u00ed po\u010das trvania projektu dosiahla \u00farove\u0148 takmer 15 tis\u00edc n\u00e1v\u0161tevn\u00edkov a\u00a0presved\u010dila, \u017ee historick\u00e1 t\u00e9ma spojen\u00e1 s\u00a0atrakt\u00edvnym programom je tou spr\u00e1vnou vo\u013ebou tr\u00e1venia vo\u013en\u00e9ho \u010dasu pre\u00a0r\u00f4zne vekov\u00e9 kateg\u00f3rie. Zatia\u013e \u010do v\u00a0roku 2012 zaujali templ\u00e1rske v\u00fdpravy 6640 n\u00e1v\u0161tevn\u00edkov, v\u00a0roku 2013 to bolo a\u017e 8000 milovn\u00edkov hist\u00f3rie.<\/div>\n<div>Napriek form\u00e1lnemu ukon\u010deniu projektu e\u0161te v\u00a0roku 2013 sa samospr\u00e1va rozhodla pokra\u010dova\u0165 v\u00a0aktivit\u00e1ch v\u00a0podobe Rytierskych v\u00fdprav. <em>,,Pre n\u00e1s je indik\u00e1torom \u00faspe\u0161n\u00e9ho projektu spokojnos\u0165 n\u00e1v\u0161tevn\u00edkov. T\u00fa dok\u00e1\u017eeme jednozna\u010dne identifikova\u0165 aj v\u010faka sp\u00e4tnej v\u00e4zbe dospel\u00fdch, ale najm\u00e4 detsk\u00fdch \u00fa\u010dastn\u00edkov, ktor\u00ed sa v\u010faka v\u00fdprav\u00e1m dozvedia viac o\u00a0r\u00e1de nemeck\u00fdch rytierov, johanitov, \u010di tajomnom templ\u00e1rskom r\u00e1de. Hravou, ale najm\u00e4 n\u00e1u\u010dnou formou z\u00edskavaj\u00fa lep\u0161\u00ed preh\u013ead o\u00a0historick\u00fdch re\u00e1li\u00e1ch nielen v\u00a0na\u0161om kraji. Okrem toho si z\u00a0podujat\u00ed odn\u00e1\u0161aj\u00fa aj vecn\u00e9 ceny, ktor\u00e9 s\u00fa pravidelne siln\u00fdm l\u00e1kadlom pre\u00a0v\u0161etk\u00fdch, ktor\u00ed sa akt\u00edvne zapoja do\u00a0aktiv\u00edt. Maj\u00fa tak jedine\u010dn\u00fa mo\u017enos\u0165 vysk\u00fa\u0161a\u0165 si \u0161ermova\u0165, \u010di strie\u013ea\u0165 z\u00a0luku,\u201c<\/em> uviedla Zuzana Kme\u0165ov\u00e1, riadite\u013eka odboru kult\u00fary a\u00a0cestovn\u00e9ho ruchu \u017dSK.<\/div>\n<div>Od m\u00e1ja do\u00a0septembra sa tak v\u010faka podpore \u017eupy op\u00e4\u0165 otvorili br\u00e1ny Kostola v\u00a0Ludrovej, ka\u0161tie\u013ea Rado\u013ea, Oravsk\u00e9ho hradu, podhradia Likavy a\u00a0na z\u00e1ver i\u00a0Hradu Stre\u010dno, aby priv\u00edtali mal\u00fdch i\u00a0ve\u013ek\u00fdch rytierov. Doteraz si de\u0148 pre\u017eit\u00fd v\u00a0spolo\u010dnosti rytierskych r\u00e1dov, dobovej hudby a\u00a0stredovekej atmosf\u00e9ry nenechalo ujs\u0165 stovky n\u00e1v\u0161tevn\u00edkov. <em>,,Osobne ma nesmierne te\u0161\u00ed, \u017ee napriek tomu, \u017ee sme tento rok pracovali s\u00a0obmedzen\u00fdm rozpo\u010dtom vzh\u013eadom na\u00a0ukon\u010denie projektu, rytierska tematika aj na\u010falej l\u00e1ka \u013eud\u00ed do\u00a0na\u0161ich vz\u00e1cnych pamiatok. Hoci je historick\u00e1 skupina menej po\u010detn\u00e1 a\u00a0na podujatia u\u017e nel\u00e1kaj\u00fa ve\u013ekoplo\u0161n\u00e9 reklamy, st\u00e1le m\u00e1me dostatok podporovate\u013eov a\u00a0nad\u0161encov, ktor\u00ed d\u00e1vaj\u00fa na\u0161ej pr\u00e1ci zmysel. Srde\u010dne v\u0161etk\u00fdch poz\u00fdvam na\u00a0z\u00e1vere\u010dn\u00fa v\u00fdpravu na\u00a0Hrad Stre\u010dno, kde zav\u0155\u0161ime tohtoro\u010dn\u00e9 dob\u00fdvanie hradov a\u00a0z\u00e1mkov v\u00a0\u017dilinskom kraji,\u201c<\/em> zhrnul Juraj Blan\u00e1r, predseda \u017dSK.<\/div>\n<div>Posledn\u00e1 v\u00fdprava sa uskuto\u010dn\u00ed 15. septembra 2014 na\u00a0Hrade Stre\u010dno so\u00a0za\u010diatkom o\u00a013.00 hod.<\/div>\n<p>&nbsp;<\/p>\n<div>Mgr. Hana Sahul\u010d\u00edkov\u00e1<br \/> hovorky\u0148a \u017dSK<\/div>\n","protected":false},"excerpt":{"rendered":"<p>V m\u00e1ji tohto roka spustila \u017dilinsk\u00e1 \u017eupa s\u00e9riu podujat\u00ed s n\u00e1zvom Rytierske v\u00fdpravy 2014. Nadviazala tak na\u00a0predch\u00e1dzaj\u00faci \u00faspe\u0161n\u00fd projekt Templ\u00e1rskych ciest, ktor\u00fd prebiehal v\u00a0rokoch 2012-2013 a\u00a0bol spolufinancovan\u00fd Eur\u00f3pskou \u00faniou z\u00a0Eur\u00f3pskeho fondu region\u00e1lneho rozvoja. V r\u00e1mci neho bolo zorganizovan\u00fdch 10 podujat\u00ed s\u00a0templ\u00e1rskou tematikou konaj\u00facich sa v\u00a0piatich vz\u00e1cnych historick\u00fdch pamiatkach v\u00a0ka\u017edom regi\u00f3ne \u017dilinsk\u00e9ho kraja. N\u00e1v\u0161tevnos\u0165 unik\u00e1tnych<\/p>\n","protected":false},"author":2,"featured_media":0,"comment_status":"closed","ping_status":"closed","sticky":false,"template":"","format":"standard","meta":{"site-sidebar-layout":"default","site-content-layout":"","ast-site-content-layout":"","site-content-style":"default","site-sidebar-style":"default","ast-global-header-display":"","ast-banner-title-visibility":"","ast-main-header-display":"","ast-hfb-above-header-display":"","ast-hfb-below-header-display":"","ast-hfb-mobile-header-display":"","site-post-title":"","ast-breadcrumbs-content":"","ast-featured-img":"","footer-sml-layout":"","theme-transparent-header-meta":"","adv-header-id-meta":"","stick-header-meta":"","header-above-stick-meta":"","header-main-stick-meta":"","header-below-stick-meta":"","astra-migrate-meta-layouts":"default","ast-page-background-enabled":"default","ast-page-background-meta":{"desktop":{"background-color":"var(--ast-global-color-4)","background-image":"","background-repeat":"repeat","background-position":"center center","background-size":"auto","background-attachment":"scroll","background-type":"","background-media":"","overlay-type":"","overlay-color":"","overlay-opacity":"","overlay-gradient":""},"tablet":{"background-color":"","background-image":"","background-repeat":"repeat","background-position":"center center","background-size":"auto","background-attachment":"scroll","background-type":"","background-media":"","overlay-type":"","overlay-color":"","overlay-opacity":"","overlay-gradient":""},"mobile":{"background-color":"","background-image":"","background-repeat":"repeat","background-position":"center center","background-size":"auto","background-attachment":"scroll","background-type":"","background-media":"","overlay-type":"","overlay-color":"","overlay-opacity":"","overlay-gradient":""}},"ast-content-background-meta":{"desktop":{"background-color":"var(--ast-global-color-5)","background-image":"","background-repeat":"repeat","background-position":"center center","background-size":"auto","background-attachment":"scroll","background-type":"","background-media":"","overlay-type":"","overlay-color":"","overlay-opacity":"","overlay-gradient":""},"tablet":{"background-color":"var(--ast-global-color-5)","background-image":"","background-repeat":"repeat","background-position":"center center","background-size":"auto","background-attachment":"scroll","background-type":"","background-media":"","overlay-type":"","overlay-color":"","overlay-opacity":"","overlay-gradient":""},"mobile":{"background-color":"var(--ast-global-color-5)","background-image":"","background-repeat":"repeat","background-position":"center center","background-size":"auto","background-attachment":"scroll","background-type":"","background-media":"","overlay-type":"","overlay-color":"","overlay-opacity":"","overlay-gradient":""}},"footnotes":""},"categories":[36],"tags":[],"class_list":["post-10709","post","type-post","status-publish","format-standard","hentry","category-archiv-2014"],"yoast_head":"<!-- This site is optimized with the Yoast SEO plugin v27.4 - https:\/\/yoast.com\/product\/yoast-seo-wordpress\/ -->\n<title>Rytierske v\u00fdpravy na Stre\u010dne - Pova\u017esk\u00e9 m\u00fazeum<\/title>\n<meta name=\"robots\" content=\"index, follow, max-snippet:-1, max-image-preview:large, max-video-preview:-1\" \/>\n<link rel=\"canonical\" href=\"https:\/\/pmza.sk\/?p=10709\" \/>\n<meta property=\"og:locale\" content=\"sk_SK\" \/>\n<meta property=\"og:type\" content=\"article\" \/>\n<meta property=\"og:title\" content=\"Rytierske v\u00fdpravy na Stre\u010dne - Pova\u017esk\u00e9 m\u00fazeum\" \/>\n<meta property=\"og:description\" content=\"V m\u00e1ji tohto roka spustila \u017dilinsk\u00e1 \u017eupa s\u00e9riu podujat\u00ed s n\u00e1zvom Rytierske v\u00fdpravy 2014. Nadviazala tak na\u00a0predch\u00e1dzaj\u00faci \u00faspe\u0161n\u00fd projekt Templ\u00e1rskych ciest, ktor\u00fd prebiehal v\u00a0rokoch 2012-2013 a\u00a0bol spolufinancovan\u00fd Eur\u00f3pskou \u00faniou z\u00a0Eur\u00f3pskeho fondu region\u00e1lneho rozvoja. V r\u00e1mci neho bolo zorganizovan\u00fdch 10 podujat\u00ed s\u00a0templ\u00e1rskou tematikou konaj\u00facich sa v\u00a0piatich vz\u00e1cnych historick\u00fdch pamiatkach v\u00a0ka\u017edom regi\u00f3ne \u017dilinsk\u00e9ho kraja. N\u00e1v\u0161tevnos\u0165 unik\u00e1tnych\" \/>\n<meta property=\"og:url\" content=\"https:\/\/pmza.sk\/?p=10709\" \/>\n<meta property=\"og:site_name\" content=\"Pova\u017esk\u00e9 m\u00fazeum\" \/>\n<meta property=\"article:publisher\" content=\"https:\/\/www.facebook.com\/povazskemuzeum\" \/>\n<meta property=\"article:published_time\" content=\"2014-09-09T08:39:55+00:00\" \/>\n<meta property=\"og:image\" content=\"https:\/\/pmza.sk\/wp-content\/uploads\/2014\/09\/Rytierka-vyprava.jpg\" \/>\n<meta name=\"author\" content=\"Pova\u017esk\u00e9 m\u00fazeum\" \/>\n<meta name=\"twitter:card\" content=\"summary_large_image\" \/>\n<meta name=\"twitter:label1\" content=\"Autor\" \/>\n\t<meta name=\"twitter:data1\" content=\"Pova\u017esk\u00e9 m\u00fazeum\" \/>\n\t<meta name=\"twitter:label2\" content=\"Predpokladan\u00fd \u010das \u010d\u00edtania\" \/>\n\t<meta name=\"twitter:data2\" content=\"3 min\u00faty\" \/>\n<script type=\"application\/ld+json\" class=\"yoast-schema-graph\">{\"@context\":\"https:\\\/\\\/schema.org\",\"@graph\":[{\"@type\":\"Article\",\"@id\":\"https:\\\/\\\/pmza.sk\\\/?p=10709#article\",\"isPartOf\":{\"@id\":\"https:\\\/\\\/pmza.sk\\\/?p=10709\"},\"author\":{\"name\":\"Pova\u017esk\u00e9 m\u00fazeum\",\"@id\":\"https:\\\/\\\/pmza.sk\\\/#\\\/schema\\\/person\\\/595e6a2ce731ea94dcd5d7f50a41ae33\"},\"headline\":\"Rytierske v\u00fdpravy na Stre\u010dne\",\"datePublished\":\"2014-09-09T08:39:55+00:00\",\"mainEntityOfPage\":{\"@id\":\"https:\\\/\\\/pmza.sk\\\/?p=10709\"},\"wordCount\":520,\"publisher\":{\"@id\":\"https:\\\/\\\/pmza.sk\\\/#organization\"},\"image\":{\"@id\":\"https:\\\/\\\/pmza.sk\\\/?p=10709#primaryimage\"},\"thumbnailUrl\":\"http:\\\/\\\/pmza.sk\\\/wp-content\\\/uploads\\\/2014\\\/09\\\/Rytierka-vyprava.jpg\",\"articleSection\":[\"Arch\u00edv 2014\"],\"inLanguage\":\"sk-SK\"},{\"@type\":\"WebPage\",\"@id\":\"https:\\\/\\\/pmza.sk\\\/?p=10709\",\"url\":\"https:\\\/\\\/pmza.sk\\\/?p=10709\",\"name\":\"Rytierske v\u00fdpravy na Stre\u010dne - Pova\u017esk\u00e9 m\u00fazeum\",\"isPartOf\":{\"@id\":\"https:\\\/\\\/pmza.sk\\\/#website\"},\"primaryImageOfPage\":{\"@id\":\"https:\\\/\\\/pmza.sk\\\/?p=10709#primaryimage\"},\"image\":{\"@id\":\"https:\\\/\\\/pmza.sk\\\/?p=10709#primaryimage\"},\"thumbnailUrl\":\"http:\\\/\\\/pmza.sk\\\/wp-content\\\/uploads\\\/2014\\\/09\\\/Rytierka-vyprava.jpg\",\"datePublished\":\"2014-09-09T08:39:55+00:00\",\"breadcrumb\":{\"@id\":\"https:\\\/\\\/pmza.sk\\\/?p=10709#breadcrumb\"},\"inLanguage\":\"sk-SK\",\"potentialAction\":[{\"@type\":\"ReadAction\",\"target\":[\"https:\\\/\\\/pmza.sk\\\/?p=10709\"]}]},{\"@type\":\"ImageObject\",\"inLanguage\":\"sk-SK\",\"@id\":\"https:\\\/\\\/pmza.sk\\\/?p=10709#primaryimage\",\"url\":\"https:\\\/\\\/pmza.sk\\\/wp-content\\\/uploads\\\/2014\\\/09\\\/Rytierka-vyprava.jpg\",\"contentUrl\":\"https:\\\/\\\/pmza.sk\\\/wp-content\\\/uploads\\\/2014\\\/09\\\/Rytierka-vyprava.jpg\",\"width\":800,\"height\":490},{\"@type\":\"BreadcrumbList\",\"@id\":\"https:\\\/\\\/pmza.sk\\\/?p=10709#breadcrumb\",\"itemListElement\":[{\"@type\":\"ListItem\",\"position\":1,\"name\":\"Domovsk\u00e1 str\u00e1nka\",\"item\":\"https:\\\/\\\/pmza.sk\\\/\"},{\"@type\":\"ListItem\",\"position\":2,\"name\":\"Rytierske v\u00fdpravy na Stre\u010dne\"}]},{\"@type\":\"WebSite\",\"@id\":\"https:\\\/\\\/pmza.sk\\\/#website\",\"url\":\"https:\\\/\\\/pmza.sk\\\/\",\"name\":\"Pova\u017esk\u00e9 m\u00fazeum\",\"description\":\"Pova\u017esk\u00e9 m\u00fazeum v \u017diline je region\u00e1lne m\u00fazeum so s\u00eddlom v Budat\u00edne. Jeho expoz\u00edcie s\u00fa zameran\u00e9 na dejiny slovensk\u00e9ho umenia, kult\u00fary a dopravy.\",\"publisher\":{\"@id\":\"https:\\\/\\\/pmza.sk\\\/#organization\"},\"potentialAction\":[{\"@type\":\"SearchAction\",\"target\":{\"@type\":\"EntryPoint\",\"urlTemplate\":\"https:\\\/\\\/pmza.sk\\\/?s={search_term_string}\"},\"query-input\":{\"@type\":\"PropertyValueSpecification\",\"valueRequired\":true,\"valueName\":\"search_term_string\"}}],\"inLanguage\":\"sk-SK\"},{\"@type\":\"Organization\",\"@id\":\"https:\\\/\\\/pmza.sk\\\/#organization\",\"name\":\"Pova\u017esk\u00e9 m\u00fazeum\",\"url\":\"https:\\\/\\\/pmza.sk\\\/\",\"logo\":{\"@type\":\"ImageObject\",\"inLanguage\":\"sk-SK\",\"@id\":\"https:\\\/\\\/pmza.sk\\\/#\\\/schema\\\/logo\\\/image\\\/\",\"url\":\"https:\\\/\\\/pmza.sk\\\/wp-content\\\/uploads\\\/2022\\\/01\\\/logo_PM_horizontal.jpg\",\"contentUrl\":\"https:\\\/\\\/pmza.sk\\\/wp-content\\\/uploads\\\/2022\\\/01\\\/logo_PM_horizontal.jpg\",\"width\":231,\"height\":142,\"caption\":\"Pova\u017esk\u00e9 m\u00fazeum\"},\"image\":{\"@id\":\"https:\\\/\\\/pmza.sk\\\/#\\\/schema\\\/logo\\\/image\\\/\"},\"sameAs\":[\"https:\\\/\\\/www.facebook.com\\\/povazskemuzeum\",\"https:\\\/\\\/www.instagram.com\\\/povazskemuzeum\\\/\"]},{\"@type\":\"Person\",\"@id\":\"https:\\\/\\\/pmza.sk\\\/#\\\/schema\\\/person\\\/595e6a2ce731ea94dcd5d7f50a41ae33\",\"name\":\"Pova\u017esk\u00e9 m\u00fazeum\",\"image\":{\"@type\":\"ImageObject\",\"inLanguage\":\"sk-SK\",\"@id\":\"https:\\\/\\\/secure.gravatar.com\\\/avatar\\\/2bb7f1561282132fb5826dfeccc66c7996d11ee392ac6aaf7ced8a1c2027fbb2?s=96&d=mm&r=g\",\"url\":\"https:\\\/\\\/secure.gravatar.com\\\/avatar\\\/2bb7f1561282132fb5826dfeccc66c7996d11ee392ac6aaf7ced8a1c2027fbb2?s=96&d=mm&r=g\",\"contentUrl\":\"https:\\\/\\\/secure.gravatar.com\\\/avatar\\\/2bb7f1561282132fb5826dfeccc66c7996d11ee392ac6aaf7ced8a1c2027fbb2?s=96&d=mm&r=g\",\"caption\":\"Pova\u017esk\u00e9 m\u00fazeum\"}}]}<\/script>\n<!-- \/ Yoast SEO plugin. -->","yoast_head_json":{"title":"Rytierske v\u00fdpravy na Stre\u010dne - Pova\u017esk\u00e9 m\u00fazeum","robots":{"index":"index","follow":"follow","max-snippet":"max-snippet:-1","max-image-preview":"max-image-preview:large","max-video-preview":"max-video-preview:-1"},"canonical":"https:\/\/pmza.sk\/?p=10709","og_locale":"sk_SK","og_type":"article","og_title":"Rytierske v\u00fdpravy na Stre\u010dne - Pova\u017esk\u00e9 m\u00fazeum","og_description":"V m\u00e1ji tohto roka spustila \u017dilinsk\u00e1 \u017eupa s\u00e9riu podujat\u00ed s n\u00e1zvom Rytierske v\u00fdpravy 2014. Nadviazala tak na\u00a0predch\u00e1dzaj\u00faci \u00faspe\u0161n\u00fd projekt Templ\u00e1rskych ciest, ktor\u00fd prebiehal v\u00a0rokoch 2012-2013 a\u00a0bol spolufinancovan\u00fd Eur\u00f3pskou \u00faniou z\u00a0Eur\u00f3pskeho fondu region\u00e1lneho rozvoja. V r\u00e1mci neho bolo zorganizovan\u00fdch 10 podujat\u00ed s\u00a0templ\u00e1rskou tematikou konaj\u00facich sa v\u00a0piatich vz\u00e1cnych historick\u00fdch pamiatkach v\u00a0ka\u017edom regi\u00f3ne \u017dilinsk\u00e9ho kraja. N\u00e1v\u0161tevnos\u0165 unik\u00e1tnych","og_url":"https:\/\/pmza.sk\/?p=10709","og_site_name":"Pova\u017esk\u00e9 m\u00fazeum","article_publisher":"https:\/\/www.facebook.com\/povazskemuzeum","article_published_time":"2014-09-09T08:39:55+00:00","og_image":[{"url":"https:\/\/pmza.sk\/wp-content\/uploads\/2014\/09\/Rytierka-vyprava.jpg","type":"","width":"","height":""}],"author":"Pova\u017esk\u00e9 m\u00fazeum","twitter_card":"summary_large_image","twitter_misc":{"Autor":"Pova\u017esk\u00e9 m\u00fazeum","Predpokladan\u00fd \u010das \u010d\u00edtania":"3 min\u00faty"},"schema":{"@context":"https:\/\/schema.org","@graph":[{"@type":"Article","@id":"https:\/\/pmza.sk\/?p=10709#article","isPartOf":{"@id":"https:\/\/pmza.sk\/?p=10709"},"author":{"name":"Pova\u017esk\u00e9 m\u00fazeum","@id":"https:\/\/pmza.sk\/#\/schema\/person\/595e6a2ce731ea94dcd5d7f50a41ae33"},"headline":"Rytierske v\u00fdpravy na Stre\u010dne","datePublished":"2014-09-09T08:39:55+00:00","mainEntityOfPage":{"@id":"https:\/\/pmza.sk\/?p=10709"},"wordCount":520,"publisher":{"@id":"https:\/\/pmza.sk\/#organization"},"image":{"@id":"https:\/\/pmza.sk\/?p=10709#primaryimage"},"thumbnailUrl":"https:\/\/pmza.sk\/wp-content\/uploads\/2014\/09\/Rytierka-vyprava.jpg","articleSection":["Arch\u00edv 2014"],"inLanguage":"sk-SK"},{"@type":"WebPage","@id":"https:\/\/pmza.sk\/?p=10709","url":"https:\/\/pmza.sk\/?p=10709","name":"Rytierske v\u00fdpravy na Stre\u010dne - Pova\u017esk\u00e9 m\u00fazeum","isPartOf":{"@id":"https:\/\/pmza.sk\/#website"},"primaryImageOfPage":{"@id":"https:\/\/pmza.sk\/?p=10709#primaryimage"},"image":{"@id":"https:\/\/pmza.sk\/?p=10709#primaryimage"},"thumbnailUrl":"https:\/\/pmza.sk\/wp-content\/uploads\/2014\/09\/Rytierka-vyprava.jpg","datePublished":"2014-09-09T08:39:55+00:00","breadcrumb":{"@id":"https:\/\/pmza.sk\/?p=10709#breadcrumb"},"inLanguage":"sk-SK","potentialAction":[{"@type":"ReadAction","target":["https:\/\/pmza.sk\/?p=10709"]}]},{"@type":"ImageObject","inLanguage":"sk-SK","@id":"https:\/\/pmza.sk\/?p=10709#primaryimage","url":"https:\/\/pmza.sk\/wp-content\/uploads\/2014\/09\/Rytierka-vyprava.jpg","contentUrl":"https:\/\/pmza.sk\/wp-content\/uploads\/2014\/09\/Rytierka-vyprava.jpg","width":800,"height":490},{"@type":"BreadcrumbList","@id":"https:\/\/pmza.sk\/?p=10709#breadcrumb","itemListElement":[{"@type":"ListItem","position":1,"name":"Domovsk\u00e1 str\u00e1nka","item":"https:\/\/pmza.sk\/"},{"@type":"ListItem","position":2,"name":"Rytierske v\u00fdpravy na Stre\u010dne"}]},{"@type":"WebSite","@id":"https:\/\/pmza.sk\/#website","url":"https:\/\/pmza.sk\/","name":"Pova\u017esk\u00e9 m\u00fazeum","description":"Pova\u017esk\u00e9 m\u00fazeum v \u017diline je region\u00e1lne m\u00fazeum so s\u00eddlom v Budat\u00edne. Jeho expoz\u00edcie s\u00fa zameran\u00e9 na dejiny slovensk\u00e9ho umenia, kult\u00fary a dopravy.","publisher":{"@id":"https:\/\/pmza.sk\/#organization"},"potentialAction":[{"@type":"SearchAction","target":{"@type":"EntryPoint","urlTemplate":"https:\/\/pmza.sk\/?s={search_term_string}"},"query-input":{"@type":"PropertyValueSpecification","valueRequired":true,"valueName":"search_term_string"}}],"inLanguage":"sk-SK"},{"@type":"Organization","@id":"https:\/\/pmza.sk\/#organization","name":"Pova\u017esk\u00e9 m\u00fazeum","url":"https:\/\/pmza.sk\/","logo":{"@type":"ImageObject","inLanguage":"sk-SK","@id":"https:\/\/pmza.sk\/#\/schema\/logo\/image\/","url":"https:\/\/pmza.sk\/wp-content\/uploads\/2022\/01\/logo_PM_horizontal.jpg","contentUrl":"https:\/\/pmza.sk\/wp-content\/uploads\/2022\/01\/logo_PM_horizontal.jpg","width":231,"height":142,"caption":"Pova\u017esk\u00e9 m\u00fazeum"},"image":{"@id":"https:\/\/pmza.sk\/#\/schema\/logo\/image\/"},"sameAs":["https:\/\/www.facebook.com\/povazskemuzeum","https:\/\/www.instagram.com\/povazskemuzeum\/"]},{"@type":"Person","@id":"https:\/\/pmza.sk\/#\/schema\/person\/595e6a2ce731ea94dcd5d7f50a41ae33","name":"Pova\u017esk\u00e9 m\u00fazeum","image":{"@type":"ImageObject","inLanguage":"sk-SK","@id":"https:\/\/secure.gravatar.com\/avatar\/2bb7f1561282132fb5826dfeccc66c7996d11ee392ac6aaf7ced8a1c2027fbb2?s=96&d=mm&r=g","url":"https:\/\/secure.gravatar.com\/avatar\/2bb7f1561282132fb5826dfeccc66c7996d11ee392ac6aaf7ced8a1c2027fbb2?s=96&d=mm&r=g","contentUrl":"https:\/\/secure.gravatar.com\/avatar\/2bb7f1561282132fb5826dfeccc66c7996d11ee392ac6aaf7ced8a1c2027fbb2?s=96&d=mm&r=g","caption":"Pova\u017esk\u00e9 m\u00fazeum"}}]}},"_links":{"self":[{"href":"https:\/\/pmza.sk\/index.php?rest_route=\/wp\/v2\/posts\/10709","targetHints":{"allow":["GET"]}}],"collection":[{"href":"https:\/\/pmza.sk\/index.php?rest_route=\/wp\/v2\/posts"}],"about":[{"href":"https:\/\/pmza.sk\/index.php?rest_route=\/wp\/v2\/types\/post"}],"author":[{"embeddable":true,"href":"https:\/\/pmza.sk\/index.php?rest_route=\/wp\/v2\/users\/2"}],"replies":[{"embeddable":true,"href":"https:\/\/pmza.sk\/index.php?rest_route=%2Fwp%2Fv2%2Fcomments&post=10709"}],"version-history":[{"count":0,"href":"https:\/\/pmza.sk\/index.php?rest_route=\/wp\/v2\/posts\/10709\/revisions"}],"wp:attachment":[{"href":"https:\/\/pmza.sk\/index.php?rest_route=%2Fwp%2Fv2%2Fmedia&parent=10709"}],"wp:term":[{"taxonomy":"category","embeddable":true,"href":"https:\/\/pmza.sk\/index.php?rest_route=%2Fwp%2Fv2%2Fcategories&post=10709"},{"taxonomy":"post_tag","embeddable":true,"href":"https:\/\/pmza.sk\/index.php?rest_route=%2Fwp%2Fv2%2Ftags&post=10709"}],"curies":[{"name":"wp","href":"https:\/\/api.w.org\/{rel}","templated":true}]}}