{"id":10741,"date":"2014-09-11T07:00:33","date_gmt":"2014-09-11T05:00:33","guid":{"rendered":"https:\/\/pmza.sk.sk\/?p=10741"},"modified":"2014-09-11T07:00:33","modified_gmt":"2014-09-11T05:00:33","slug":"zilinska-zupa-pokracuje-v-obnove-narodnej-kulturnej-pamiatky-budatinsky-hrad","status":"publish","type":"post","link":"https:\/\/pmza.sk\/?p=10741","title":{"rendered":"\u017dilinsk\u00e1 \u017eupa pokra\u010duje v obnove n\u00e1rodnej kult\u00farnej pamiatky Budat\u00ednsky hrad"},"content":{"rendered":"<div><a href=\"https:\/\/pmza.sk\/wp-content\/uploads\/2014\/09\/IMG_2193-web.jpg\"><img decoding=\"async\" class=\"alignleft size-full wp-image-10743\" alt=\"IMG_2193 web\" src=\"https:\/\/pmza.sk\/wp-content\/uploads\/2014\/09\/IMG_2193-web.jpg\" width=\"153\" height=\"230\" srcset=\"https:\/\/pmza.sk\/wp-content\/uploads\/2014\/09\/IMG_2193-web.jpg 683w, https:\/\/pmza.sk\/wp-content\/uploads\/2014\/09\/IMG_2193-web-240x360.jpg 240w, https:\/\/pmza.sk\/wp-content\/uploads\/2014\/09\/IMG_2193-web-491x736.jpg 491w, https:\/\/pmza.sk\/wp-content\/uploads\/2014\/09\/IMG_2193-web-600x900.jpg 600w\" sizes=\"(max-width: 153px) 100vw, 153px\" \/><\/a>Starostlivos\u0165 o\u00a0kult\u00farne pamiatky, o\u00a0ktor\u00e9 nie je v\u00a0na\u0161om kraji n\u00fadza, je jednou z\u00a0prior\u00edt \u017dilinskej \u017eupy. D\u00f4kazom toho je aj postupn\u00e1 obnova a\u00a0spr\u00edstupnenie n\u00e1rodnej kult\u00farnej pamiatky Budat\u00ednsky hrad \u0161irokej verejnosti, ktor\u00fd bol pre\u00a0verejnos\u0165 uzatvoren\u00fd od\u00a0janu\u00e1ra 2007. Dnes je vyh\u013ead\u00e1van\u00fdm miestom turistov ako aj samotn\u00fdch \u017dilin\u010danov. V uplynul\u00fdch rokoch realizovala \u017eupa nielen revitaliz\u00e1ciu hradn\u00e9ho parku, in\u0161talovan\u00e9 tie\u017e bolo efekt\u00edvne a\u00a0\u00fasporn\u00e9 osvetlenie hradn\u00e9ho komplexu. Nasledovala kompletn\u00e1 rekon\u0161trukcia ve\u017ee, ktor\u00e1 bola sl\u00e1vnostn\u00e9 otvoren\u00e1 a\u00a0spr\u00edstupnen\u00e1 verejnosti len ned\u00e1vno, a\u00a0to 13. j\u00fala tohto roka a\u00a0odvtedy l\u00e1ka \u010doraz viac n\u00e1v\u0161tevn\u00edkov. Oprava bola realizovan\u00e1 v\u010faka podpore projektu \u201eObnova objektov \u2013 stavebn\u00e9 \u00fapravy are\u00e1lu Budat\u00ednskeho z\u00e1mku\u201c z\u00a0eurofondov vo\u00a0v\u00fd\u0161ke 2, 2 mil. eur, pri\u010dom \u017dilinsk\u00fd samospr\u00e1vny kraj <!--more-->spolufinancoval projekt sumou 117-tis\u00edc eur. V\u010faka tejto invest\u00edcii do\u0161lo k obnove hradnej ve\u017ee vr\u00e1tane strechy nad hradn\u00fdm pal\u00e1com, vybudovaniu toaliet, rekon\u0161trukcii terasy na\u00a02. poschod\u00ed vr\u00e1tane pr\u00edstupov\u00e9ho schodiska a\u00a0vybudovaniu pr\u00edstupovej komunik\u00e1cie z\u00a0vr\u00e1tnice. <em>\u201eDobrou spr\u00e1vou je, \u017ee v\u010faka \u00faspe\u0161n\u00e9mu projektu \u010fal\u0161ej etapy rekon\u0161trukcie, ktor\u00fd n\u00e1m bol schv\u00e1len\u00fd len pred p\u00e1r d\u0148ami, budeme v\u00a0z\u00e1chrane tejto historickej a\u00a0kult\u00farnej pamiatky pokra\u010dova\u0165 aj v\u00a0nasleduj\u00facom obdob\u00ed, a\u00a0to v\u010faka eurofondom,\u201c <\/em>informoval o\u00a0aktu\u00e1lnej situ\u00e1cii \u017eupan Juraj Blan\u00e1r. Projekt s\u00a0n\u00e1zvom \u201eN\u00e1vrat m\u00fazea do\u00a0Budat\u00ednskeho hradu&#8220; vo\u00a0v\u00fd\u0161ke 1,176 mil. eur by sa mal za\u010da\u0165 realizova\u0165 u\u017e v\u00a0okt\u00f3bri tohto roka a\u00a0rekon\u0161truk\u010dn\u00e9 pr\u00e1ce potrvaj\u00fa do\u00a0septembra 2015. <em>\u201eV\u010faka realiz\u00e1cii projektu sa umo\u017en\u00ed op\u00e4tovn\u00e9 vyu\u017e\u00edvanie hradu na\u00a0expozi\u010dn\u00e9 \u00fa\u010dely, pri\u010dom zrekon\u0161truovan\u00e1 \u010das\u0165 objektu hradu umo\u017en\u00ed realizova\u0165 trasu prehliadky pre\u00a0n\u00e1v\u0161tevn\u00edkov hradu s\u00a0vyu\u017eit\u00edm expon\u00e1tov Pova\u017esk\u00e9ho m\u00fazea, ktor\u00fdch preva\u017en\u00e1 \u010das\u0165 je dnes v\u00a0depozitoch,\u201c <\/em>uviedol J. Blan\u00e1r.<\/div>\n<div>Projekt \u010fal\u0161ej rekon\u0161trukcie Budat\u00ednskeho hradu, ktor\u00fd bude podporen\u00fd z\u00a0Region\u00e1lneho opera\u010dn\u00e9ho programu, po\u010d\u00edta s\u00a0obnovou takmer tis\u00edc metrov \u0161tvorcov\u00fdch pl\u00f4ch na\u00a0prvom, druhom a\u00a0tre\u0165om podla\u017e\u00ed hradu. Vznikn\u00fa\u0165 by tie\u017e mali tvoriv\u00e9 dielne pre\u00a0ml\u00e1de\u017e a\u00a0vo vzniknutej prezenta\u010dnej miestnosti sa bud\u00fa realizova\u0165 semin\u00e1re \u010di men\u0161ie konferencie. Miestnosti bud\u00fa ma\u0165 kompletne vymenen\u00e9 okn\u00e1. Podlahy na\u00a03. podla\u017e\u00ed a\u00a0v rie\u0161enej \u010dasti 2. podla\u017eia bud\u00fa kompletne vymenen\u00e9, schodisk\u00e1 bud\u00fa repasovan\u00e9. Historick\u00e9 dvere po konzult\u00e1cii s\u00a0pamiatkov\u00fdm \u00faradom bud\u00fa zachr\u00e1nen\u00e9 a\u00a0zrenovovan\u00e9. Ch\u00fdbaj\u00face stropy a\u00a0stropy zna\u010dne po\u0161koden\u00e9 nahradia nov\u00e9 stavebn\u00e9 kon\u0161trukcie, dreven\u00e9 tr\u00e1mov\u00e9 stropy a\u00a0tie\u017e dreven\u00fd obklad reprezenta\u010dnej jed\u00e1lne bud\u00fa primerane o\u0161etren\u00e9. Odstr\u00e1nia sa novodob\u00e9 omietky a\u00a0p\u00f4vodn\u00e9 omietky sa doplnia a\u00a0zre\u0161tauruj\u00fa pod\u013ea pokynov Krajsk\u00e9ho pamiatkov\u00e9ho \u00faradu.<\/div>\n<div><\/div>\n<p>Mgr. Hana Sahul\u010d\u00edkov\u00e1<br \/> hovorky\u0148a \u017dSK<\/p>\n","protected":false},"excerpt":{"rendered":"<p>Starostlivos\u0165 o\u00a0kult\u00farne pamiatky, o\u00a0ktor\u00e9 nie je v\u00a0na\u0161om kraji n\u00fadza, je jednou z\u00a0prior\u00edt \u017dilinskej \u017eupy. D\u00f4kazom toho je aj postupn\u00e1 obnova a\u00a0spr\u00edstupnenie n\u00e1rodnej kult\u00farnej pamiatky Budat\u00ednsky hrad \u0161irokej verejnosti, ktor\u00fd bol pre\u00a0verejnos\u0165 uzatvoren\u00fd od\u00a0janu\u00e1ra 2007. Dnes je vyh\u013ead\u00e1van\u00fdm miestom turistov ako aj samotn\u00fdch \u017dilin\u010danov. V uplynul\u00fdch rokoch realizovala \u017eupa nielen revitaliz\u00e1ciu hradn\u00e9ho parku, in\u0161talovan\u00e9 tie\u017e bolo [&hellip;]<\/p>\n","protected":false},"author":2,"featured_media":0,"comment_status":"closed","ping_status":"closed","sticky":false,"template":"","format":"standard","meta":{"site-sidebar-layout":"default","site-content-layout":"","ast-site-content-layout":"","site-content-style":"default","site-sidebar-style":"default","ast-global-header-display":"","ast-banner-title-visibility":"","ast-main-header-display":"","ast-hfb-above-header-display":"","ast-hfb-below-header-display":"","ast-hfb-mobile-header-display":"","site-post-title":"","ast-breadcrumbs-content":"","ast-featured-img":"","footer-sml-layout":"","theme-transparent-header-meta":"","adv-header-id-meta":"","stick-header-meta":"","header-above-stick-meta":"","header-main-stick-meta":"","header-below-stick-meta":"","astra-migrate-meta-layouts":"default","ast-page-background-enabled":"default","ast-page-background-meta":{"desktop":{"background-color":"var(--ast-global-color-4)","background-image":"","background-repeat":"repeat","background-position":"center center","background-size":"auto","background-attachment":"scroll","background-type":"","background-media":"","overlay-type":"","overlay-color":"","overlay-opacity":"","overlay-gradient":""},"tablet":{"background-color":"","background-image":"","background-repeat":"repeat","background-position":"center center","background-size":"auto","background-attachment":"scroll","background-type":"","background-media":"","overlay-type":"","overlay-color":"","overlay-opacity":"","overlay-gradient":""},"mobile":{"background-color":"","background-image":"","background-repeat":"repeat","background-position":"center center","background-size":"auto","background-attachment":"scroll","background-type":"","background-media":"","overlay-type":"","overlay-color":"","overlay-opacity":"","overlay-gradient":""}},"ast-content-background-meta":{"desktop":{"background-color":"var(--ast-global-color-5)","background-image":"","background-repeat":"repeat","background-position":"center center","background-size":"auto","background-attachment":"scroll","background-type":"","background-media":"","overlay-type":"","overlay-color":"","overlay-opacity":"","overlay-gradient":""},"tablet":{"background-color":"var(--ast-global-color-5)","background-image":"","background-repeat":"repeat","background-position":"center center","background-size":"auto","background-attachment":"scroll","background-type":"","background-media":"","overlay-type":"","overlay-color":"","overlay-opacity":"","overlay-gradient":""},"mobile":{"background-color":"var(--ast-global-color-5)","background-image":"","background-repeat":"repeat","background-position":"center center","background-size":"auto","background-attachment":"scroll","background-type":"","background-media":"","overlay-type":"","overlay-color":"","overlay-opacity":"","overlay-gradient":""}},"footnotes":""},"categories":[36],"tags":[],"class_list":["post-10741","post","type-post","status-publish","format-standard","hentry","category-archiv-2014"],"yoast_head":"<!-- This site is optimized with the Yoast SEO plugin v27.4 - https:\/\/yoast.com\/product\/yoast-seo-wordpress\/ -->\n<title>\u017dilinsk\u00e1 \u017eupa pokra\u010duje v obnove n\u00e1rodnej kult\u00farnej pamiatky Budat\u00ednsky hrad - Pova\u017esk\u00e9 m\u00fazeum<\/title>\n<meta name=\"robots\" content=\"index, follow, max-snippet:-1, max-image-preview:large, max-video-preview:-1\" \/>\n<link rel=\"canonical\" href=\"https:\/\/pmza.sk\/?p=10741\" \/>\n<meta property=\"og:locale\" content=\"sk_SK\" \/>\n<meta property=\"og:type\" content=\"article\" \/>\n<meta property=\"og:title\" content=\"\u017dilinsk\u00e1 \u017eupa pokra\u010duje v obnove n\u00e1rodnej kult\u00farnej pamiatky Budat\u00ednsky hrad - Pova\u017esk\u00e9 m\u00fazeum\" \/>\n<meta property=\"og:description\" content=\"Starostlivos\u0165 o\u00a0kult\u00farne pamiatky, o\u00a0ktor\u00e9 nie je v\u00a0na\u0161om kraji n\u00fadza, je jednou z\u00a0prior\u00edt \u017dilinskej \u017eupy. D\u00f4kazom toho je aj postupn\u00e1 obnova a\u00a0spr\u00edstupnenie n\u00e1rodnej kult\u00farnej pamiatky Budat\u00ednsky hrad \u0161irokej verejnosti, ktor\u00fd bol pre\u00a0verejnos\u0165 uzatvoren\u00fd od\u00a0janu\u00e1ra 2007. Dnes je vyh\u013ead\u00e1van\u00fdm miestom turistov ako aj samotn\u00fdch \u017dilin\u010danov. V uplynul\u00fdch rokoch realizovala \u017eupa nielen revitaliz\u00e1ciu hradn\u00e9ho parku, in\u0161talovan\u00e9 tie\u017e bolo [&hellip;]\" \/>\n<meta property=\"og:url\" content=\"https:\/\/pmza.sk\/?p=10741\" \/>\n<meta property=\"og:site_name\" content=\"Pova\u017esk\u00e9 m\u00fazeum\" \/>\n<meta property=\"article:publisher\" content=\"https:\/\/www.facebook.com\/povazskemuzeum\" \/>\n<meta property=\"article:published_time\" content=\"2014-09-11T05:00:33+00:00\" \/>\n<meta property=\"og:image\" content=\"https:\/\/pmza.sk\/wp-content\/uploads\/2014\/09\/IMG_2193-web.jpg\" \/>\n<meta name=\"author\" content=\"Pova\u017esk\u00e9 m\u00fazeum\" \/>\n<meta name=\"twitter:card\" content=\"summary_large_image\" \/>\n<meta name=\"twitter:label1\" content=\"Autor\" \/>\n\t<meta name=\"twitter:data1\" content=\"Pova\u017esk\u00e9 m\u00fazeum\" \/>\n\t<meta name=\"twitter:label2\" content=\"Predpokladan\u00fd \u010das \u010d\u00edtania\" \/>\n\t<meta name=\"twitter:data2\" content=\"3 min\u00faty\" \/>\n<script type=\"application\/ld+json\" class=\"yoast-schema-graph\">{\"@context\":\"https:\\\/\\\/schema.org\",\"@graph\":[{\"@type\":\"Article\",\"@id\":\"https:\\\/\\\/pmza.sk\\\/?p=10741#article\",\"isPartOf\":{\"@id\":\"https:\\\/\\\/pmza.sk\\\/?p=10741\"},\"author\":{\"name\":\"Pova\u017esk\u00e9 m\u00fazeum\",\"@id\":\"https:\\\/\\\/pmza.sk\\\/#\\\/schema\\\/person\\\/595e6a2ce731ea94dcd5d7f50a41ae33\"},\"headline\":\"\u017dilinsk\u00e1 \u017eupa pokra\u010duje v obnove n\u00e1rodnej kult\u00farnej pamiatky Budat\u00ednsky hrad\",\"datePublished\":\"2014-09-11T05:00:33+00:00\",\"mainEntityOfPage\":{\"@id\":\"https:\\\/\\\/pmza.sk\\\/?p=10741\"},\"wordCount\":529,\"publisher\":{\"@id\":\"https:\\\/\\\/pmza.sk\\\/#organization\"},\"image\":{\"@id\":\"https:\\\/\\\/pmza.sk\\\/?p=10741#primaryimage\"},\"thumbnailUrl\":\"http:\\\/\\\/pmza.sk\\\/wp-content\\\/uploads\\\/2014\\\/09\\\/IMG_2193-web.jpg\",\"articleSection\":[\"Arch\u00edv 2014\"],\"inLanguage\":\"sk-SK\"},{\"@type\":\"WebPage\",\"@id\":\"https:\\\/\\\/pmza.sk\\\/?p=10741\",\"url\":\"https:\\\/\\\/pmza.sk\\\/?p=10741\",\"name\":\"\u017dilinsk\u00e1 \u017eupa pokra\u010duje v obnove n\u00e1rodnej kult\u00farnej pamiatky Budat\u00ednsky hrad - Pova\u017esk\u00e9 m\u00fazeum\",\"isPartOf\":{\"@id\":\"https:\\\/\\\/pmza.sk\\\/#website\"},\"primaryImageOfPage\":{\"@id\":\"https:\\\/\\\/pmza.sk\\\/?p=10741#primaryimage\"},\"image\":{\"@id\":\"https:\\\/\\\/pmza.sk\\\/?p=10741#primaryimage\"},\"thumbnailUrl\":\"http:\\\/\\\/pmza.sk\\\/wp-content\\\/uploads\\\/2014\\\/09\\\/IMG_2193-web.jpg\",\"datePublished\":\"2014-09-11T05:00:33+00:00\",\"breadcrumb\":{\"@id\":\"https:\\\/\\\/pmza.sk\\\/?p=10741#breadcrumb\"},\"inLanguage\":\"sk-SK\",\"potentialAction\":[{\"@type\":\"ReadAction\",\"target\":[\"https:\\\/\\\/pmza.sk\\\/?p=10741\"]}]},{\"@type\":\"ImageObject\",\"inLanguage\":\"sk-SK\",\"@id\":\"https:\\\/\\\/pmza.sk\\\/?p=10741#primaryimage\",\"url\":\"https:\\\/\\\/pmza.sk\\\/wp-content\\\/uploads\\\/2014\\\/09\\\/IMG_2193-web.jpg\",\"contentUrl\":\"https:\\\/\\\/pmza.sk\\\/wp-content\\\/uploads\\\/2014\\\/09\\\/IMG_2193-web.jpg\",\"width\":683,\"height\":1024},{\"@type\":\"BreadcrumbList\",\"@id\":\"https:\\\/\\\/pmza.sk\\\/?p=10741#breadcrumb\",\"itemListElement\":[{\"@type\":\"ListItem\",\"position\":1,\"name\":\"Domovsk\u00e1 str\u00e1nka\",\"item\":\"https:\\\/\\\/pmza.sk\\\/\"},{\"@type\":\"ListItem\",\"position\":2,\"name\":\"\u017dilinsk\u00e1 \u017eupa pokra\u010duje v obnove n\u00e1rodnej kult\u00farnej pamiatky Budat\u00ednsky hrad\"}]},{\"@type\":\"WebSite\",\"@id\":\"https:\\\/\\\/pmza.sk\\\/#website\",\"url\":\"https:\\\/\\\/pmza.sk\\\/\",\"name\":\"Pova\u017esk\u00e9 m\u00fazeum\",\"description\":\"Pova\u017esk\u00e9 m\u00fazeum v \u017diline je region\u00e1lne m\u00fazeum so s\u00eddlom v Budat\u00edne. Jeho expoz\u00edcie s\u00fa zameran\u00e9 na dejiny slovensk\u00e9ho umenia, kult\u00fary a dopravy.\",\"publisher\":{\"@id\":\"https:\\\/\\\/pmza.sk\\\/#organization\"},\"potentialAction\":[{\"@type\":\"SearchAction\",\"target\":{\"@type\":\"EntryPoint\",\"urlTemplate\":\"https:\\\/\\\/pmza.sk\\\/?s={search_term_string}\"},\"query-input\":{\"@type\":\"PropertyValueSpecification\",\"valueRequired\":true,\"valueName\":\"search_term_string\"}}],\"inLanguage\":\"sk-SK\"},{\"@type\":\"Organization\",\"@id\":\"https:\\\/\\\/pmza.sk\\\/#organization\",\"name\":\"Pova\u017esk\u00e9 m\u00fazeum\",\"url\":\"https:\\\/\\\/pmza.sk\\\/\",\"logo\":{\"@type\":\"ImageObject\",\"inLanguage\":\"sk-SK\",\"@id\":\"https:\\\/\\\/pmza.sk\\\/#\\\/schema\\\/logo\\\/image\\\/\",\"url\":\"https:\\\/\\\/pmza.sk\\\/wp-content\\\/uploads\\\/2022\\\/01\\\/logo_PM_horizontal.jpg\",\"contentUrl\":\"https:\\\/\\\/pmza.sk\\\/wp-content\\\/uploads\\\/2022\\\/01\\\/logo_PM_horizontal.jpg\",\"width\":231,\"height\":142,\"caption\":\"Pova\u017esk\u00e9 m\u00fazeum\"},\"image\":{\"@id\":\"https:\\\/\\\/pmza.sk\\\/#\\\/schema\\\/logo\\\/image\\\/\"},\"sameAs\":[\"https:\\\/\\\/www.facebook.com\\\/povazskemuzeum\",\"https:\\\/\\\/www.instagram.com\\\/povazskemuzeum\\\/\"]},{\"@type\":\"Person\",\"@id\":\"https:\\\/\\\/pmza.sk\\\/#\\\/schema\\\/person\\\/595e6a2ce731ea94dcd5d7f50a41ae33\",\"name\":\"Pova\u017esk\u00e9 m\u00fazeum\",\"image\":{\"@type\":\"ImageObject\",\"inLanguage\":\"sk-SK\",\"@id\":\"https:\\\/\\\/secure.gravatar.com\\\/avatar\\\/2bb7f1561282132fb5826dfeccc66c7996d11ee392ac6aaf7ced8a1c2027fbb2?s=96&d=mm&r=g\",\"url\":\"https:\\\/\\\/secure.gravatar.com\\\/avatar\\\/2bb7f1561282132fb5826dfeccc66c7996d11ee392ac6aaf7ced8a1c2027fbb2?s=96&d=mm&r=g\",\"contentUrl\":\"https:\\\/\\\/secure.gravatar.com\\\/avatar\\\/2bb7f1561282132fb5826dfeccc66c7996d11ee392ac6aaf7ced8a1c2027fbb2?s=96&d=mm&r=g\",\"caption\":\"Pova\u017esk\u00e9 m\u00fazeum\"}}]}<\/script>\n<!-- \/ Yoast SEO plugin. -->","yoast_head_json":{"title":"\u017dilinsk\u00e1 \u017eupa pokra\u010duje v obnove n\u00e1rodnej kult\u00farnej pamiatky Budat\u00ednsky hrad - Pova\u017esk\u00e9 m\u00fazeum","robots":{"index":"index","follow":"follow","max-snippet":"max-snippet:-1","max-image-preview":"max-image-preview:large","max-video-preview":"max-video-preview:-1"},"canonical":"https:\/\/pmza.sk\/?p=10741","og_locale":"sk_SK","og_type":"article","og_title":"\u017dilinsk\u00e1 \u017eupa pokra\u010duje v obnove n\u00e1rodnej kult\u00farnej pamiatky Budat\u00ednsky hrad - Pova\u017esk\u00e9 m\u00fazeum","og_description":"Starostlivos\u0165 o\u00a0kult\u00farne pamiatky, o\u00a0ktor\u00e9 nie je v\u00a0na\u0161om kraji n\u00fadza, je jednou z\u00a0prior\u00edt \u017dilinskej \u017eupy. D\u00f4kazom toho je aj postupn\u00e1 obnova a\u00a0spr\u00edstupnenie n\u00e1rodnej kult\u00farnej pamiatky Budat\u00ednsky hrad \u0161irokej verejnosti, ktor\u00fd bol pre\u00a0verejnos\u0165 uzatvoren\u00fd od\u00a0janu\u00e1ra 2007. Dnes je vyh\u013ead\u00e1van\u00fdm miestom turistov ako aj samotn\u00fdch \u017dilin\u010danov. V uplynul\u00fdch rokoch realizovala \u017eupa nielen revitaliz\u00e1ciu hradn\u00e9ho parku, in\u0161talovan\u00e9 tie\u017e bolo [&hellip;]","og_url":"https:\/\/pmza.sk\/?p=10741","og_site_name":"Pova\u017esk\u00e9 m\u00fazeum","article_publisher":"https:\/\/www.facebook.com\/povazskemuzeum","article_published_time":"2014-09-11T05:00:33+00:00","og_image":[{"url":"https:\/\/pmza.sk\/wp-content\/uploads\/2014\/09\/IMG_2193-web.jpg","type":"","width":"","height":""}],"author":"Pova\u017esk\u00e9 m\u00fazeum","twitter_card":"summary_large_image","twitter_misc":{"Autor":"Pova\u017esk\u00e9 m\u00fazeum","Predpokladan\u00fd \u010das \u010d\u00edtania":"3 min\u00faty"},"schema":{"@context":"https:\/\/schema.org","@graph":[{"@type":"Article","@id":"https:\/\/pmza.sk\/?p=10741#article","isPartOf":{"@id":"https:\/\/pmza.sk\/?p=10741"},"author":{"name":"Pova\u017esk\u00e9 m\u00fazeum","@id":"https:\/\/pmza.sk\/#\/schema\/person\/595e6a2ce731ea94dcd5d7f50a41ae33"},"headline":"\u017dilinsk\u00e1 \u017eupa pokra\u010duje v obnove n\u00e1rodnej kult\u00farnej pamiatky Budat\u00ednsky hrad","datePublished":"2014-09-11T05:00:33+00:00","mainEntityOfPage":{"@id":"https:\/\/pmza.sk\/?p=10741"},"wordCount":529,"publisher":{"@id":"https:\/\/pmza.sk\/#organization"},"image":{"@id":"https:\/\/pmza.sk\/?p=10741#primaryimage"},"thumbnailUrl":"https:\/\/pmza.sk\/wp-content\/uploads\/2014\/09\/IMG_2193-web.jpg","articleSection":["Arch\u00edv 2014"],"inLanguage":"sk-SK"},{"@type":"WebPage","@id":"https:\/\/pmza.sk\/?p=10741","url":"https:\/\/pmza.sk\/?p=10741","name":"\u017dilinsk\u00e1 \u017eupa pokra\u010duje v obnove n\u00e1rodnej kult\u00farnej pamiatky Budat\u00ednsky hrad - Pova\u017esk\u00e9 m\u00fazeum","isPartOf":{"@id":"https:\/\/pmza.sk\/#website"},"primaryImageOfPage":{"@id":"https:\/\/pmza.sk\/?p=10741#primaryimage"},"image":{"@id":"https:\/\/pmza.sk\/?p=10741#primaryimage"},"thumbnailUrl":"https:\/\/pmza.sk\/wp-content\/uploads\/2014\/09\/IMG_2193-web.jpg","datePublished":"2014-09-11T05:00:33+00:00","breadcrumb":{"@id":"https:\/\/pmza.sk\/?p=10741#breadcrumb"},"inLanguage":"sk-SK","potentialAction":[{"@type":"ReadAction","target":["https:\/\/pmza.sk\/?p=10741"]}]},{"@type":"ImageObject","inLanguage":"sk-SK","@id":"https:\/\/pmza.sk\/?p=10741#primaryimage","url":"https:\/\/pmza.sk\/wp-content\/uploads\/2014\/09\/IMG_2193-web.jpg","contentUrl":"https:\/\/pmza.sk\/wp-content\/uploads\/2014\/09\/IMG_2193-web.jpg","width":683,"height":1024},{"@type":"BreadcrumbList","@id":"https:\/\/pmza.sk\/?p=10741#breadcrumb","itemListElement":[{"@type":"ListItem","position":1,"name":"Domovsk\u00e1 str\u00e1nka","item":"https:\/\/pmza.sk\/"},{"@type":"ListItem","position":2,"name":"\u017dilinsk\u00e1 \u017eupa pokra\u010duje v obnove n\u00e1rodnej kult\u00farnej pamiatky Budat\u00ednsky hrad"}]},{"@type":"WebSite","@id":"https:\/\/pmza.sk\/#website","url":"https:\/\/pmza.sk\/","name":"Pova\u017esk\u00e9 m\u00fazeum","description":"Pova\u017esk\u00e9 m\u00fazeum v \u017diline je region\u00e1lne m\u00fazeum so s\u00eddlom v Budat\u00edne. Jeho expoz\u00edcie s\u00fa zameran\u00e9 na dejiny slovensk\u00e9ho umenia, kult\u00fary a dopravy.","publisher":{"@id":"https:\/\/pmza.sk\/#organization"},"potentialAction":[{"@type":"SearchAction","target":{"@type":"EntryPoint","urlTemplate":"https:\/\/pmza.sk\/?s={search_term_string}"},"query-input":{"@type":"PropertyValueSpecification","valueRequired":true,"valueName":"search_term_string"}}],"inLanguage":"sk-SK"},{"@type":"Organization","@id":"https:\/\/pmza.sk\/#organization","name":"Pova\u017esk\u00e9 m\u00fazeum","url":"https:\/\/pmza.sk\/","logo":{"@type":"ImageObject","inLanguage":"sk-SK","@id":"https:\/\/pmza.sk\/#\/schema\/logo\/image\/","url":"https:\/\/pmza.sk\/wp-content\/uploads\/2022\/01\/logo_PM_horizontal.jpg","contentUrl":"https:\/\/pmza.sk\/wp-content\/uploads\/2022\/01\/logo_PM_horizontal.jpg","width":231,"height":142,"caption":"Pova\u017esk\u00e9 m\u00fazeum"},"image":{"@id":"https:\/\/pmza.sk\/#\/schema\/logo\/image\/"},"sameAs":["https:\/\/www.facebook.com\/povazskemuzeum","https:\/\/www.instagram.com\/povazskemuzeum\/"]},{"@type":"Person","@id":"https:\/\/pmza.sk\/#\/schema\/person\/595e6a2ce731ea94dcd5d7f50a41ae33","name":"Pova\u017esk\u00e9 m\u00fazeum","image":{"@type":"ImageObject","inLanguage":"sk-SK","@id":"https:\/\/secure.gravatar.com\/avatar\/2bb7f1561282132fb5826dfeccc66c7996d11ee392ac6aaf7ced8a1c2027fbb2?s=96&d=mm&r=g","url":"https:\/\/secure.gravatar.com\/avatar\/2bb7f1561282132fb5826dfeccc66c7996d11ee392ac6aaf7ced8a1c2027fbb2?s=96&d=mm&r=g","contentUrl":"https:\/\/secure.gravatar.com\/avatar\/2bb7f1561282132fb5826dfeccc66c7996d11ee392ac6aaf7ced8a1c2027fbb2?s=96&d=mm&r=g","caption":"Pova\u017esk\u00e9 m\u00fazeum"}}]}},"_links":{"self":[{"href":"https:\/\/pmza.sk\/index.php?rest_route=\/wp\/v2\/posts\/10741","targetHints":{"allow":["GET"]}}],"collection":[{"href":"https:\/\/pmza.sk\/index.php?rest_route=\/wp\/v2\/posts"}],"about":[{"href":"https:\/\/pmza.sk\/index.php?rest_route=\/wp\/v2\/types\/post"}],"author":[{"embeddable":true,"href":"https:\/\/pmza.sk\/index.php?rest_route=\/wp\/v2\/users\/2"}],"replies":[{"embeddable":true,"href":"https:\/\/pmza.sk\/index.php?rest_route=%2Fwp%2Fv2%2Fcomments&post=10741"}],"version-history":[{"count":0,"href":"https:\/\/pmza.sk\/index.php?rest_route=\/wp\/v2\/posts\/10741\/revisions"}],"wp:attachment":[{"href":"https:\/\/pmza.sk\/index.php?rest_route=%2Fwp%2Fv2%2Fmedia&parent=10741"}],"wp:term":[{"taxonomy":"category","embeddable":true,"href":"https:\/\/pmza.sk\/index.php?rest_route=%2Fwp%2Fv2%2Fcategories&post=10741"},{"taxonomy":"post_tag","embeddable":true,"href":"https:\/\/pmza.sk\/index.php?rest_route=%2Fwp%2Fv2%2Ftags&post=10741"}],"curies":[{"name":"wp","href":"https:\/\/api.w.org\/{rel}","templated":true}]}}