{"id":10754,"date":"2014-09-17T15:06:25","date_gmt":"2014-09-17T13:06:25","guid":{"rendered":"https:\/\/pmza.sk.sk\/?p=10754"},"modified":"2014-09-17T15:06:25","modified_gmt":"2014-09-17T13:06:25","slug":"medzinarodny-den-cestovneho-ruchu-so-znizenym-vstupnym","status":"publish","type":"post","link":"https:\/\/pmza.sk\/?p=10754","title":{"rendered":"Medzin\u00e1rodn\u00fd de\u0148 cestovn\u00e9ho ruchu so zn\u00ed\u017een\u00fdm vstupn\u00fdm"},"content":{"rendered":"<p><a href=\"https:\/\/pmza.sk\/wp-content\/uploads\/2014\/09\/Medzinarodny-den-cestovneho-ruchu-na-Strecne-scaled-1.jpg\"><img decoding=\"async\" class=\"alignleft size-full wp-image-10758\" alt=\"Medzin\u00e1rodn\u00fd de\u0148 cestovn\u00e9ho ruchu na Stre\u010dne_web\" src=\"https:\/\/pmza.sk\/wp-content\/uploads\/2014\/09\/Medzinarodny-den-cestovneho-ruchu-na-Strecne_web.jpg\" width=\"167\" height=\"242\" srcset=\"https:\/\/pmza.sk\/wp-content\/uploads\/2014\/09\/Medzinarodny-den-cestovneho-ruchu-na-Strecne_web.jpg 707w, https:\/\/pmza.sk\/wp-content\/uploads\/2014\/09\/Medzinarodny-den-cestovneho-ruchu-na-Strecne_web-249x360.jpg 249w, https:\/\/pmza.sk\/wp-content\/uploads\/2014\/09\/Medzinarodny-den-cestovneho-ruchu-na-Strecne_web-508x736.jpg 508w, https:\/\/pmza.sk\/wp-content\/uploads\/2014\/09\/Medzinarodny-den-cestovneho-ruchu-na-Strecne_web-600x869.jpg 600w\" sizes=\"(max-width: 167px) 100vw, 167px\" \/><\/a>Pri pr\u00edle\u017eitosti Medzin\u00e1rodn\u00e9ho d\u0148a cestovn\u00e9ho ruchu, v\u00a0sobotu 27. septembra 2014, bud\u00fa m\u00f4c\u0165 priaznivci Pova\u017esk\u00e9ho m\u00fazea v\u00a0\u017diline nav\u0161t\u00edvi\u0165 v\u0161etky jeho expoz\u00edcie za zv\u00fdhodnen\u00e9 vstupn\u00e9. Sob\u00e1\u0161ny pal\u00e1c v\u00a0Byt\u010di je celoro\u010dne pr\u00edstupn\u00fd bezplatne. Pova\u017esk\u00e9 m\u00fazeum v\u00a0\u017diline, ktor\u00e9 je v\u00a0zria\u010fovate\u013eskej p\u00f4sobnosti \u017dilinsk\u00e9ho samospr\u00e1vneho kraja, zn\u00ed\u017een\u00fdm vstupn\u00fdm v\u00a0tento de\u0148 prispieva k\u00a0rozvoju cestovn\u00e9ho ruchu a\u00a0vytv\u00e1raniu povedomia o\u00a0jeho mo\u017enostiach.<\/p>\n<p>Okrem z\u013eavy zo vstupn\u00e9ho v\u00a0jednotliv\u00fdch expoz\u00edci\u00e1ch pripravilo m\u00fazeum 27. 9. 2014 na hrade Stre\u010dno atrakt\u00edvny program pre v\u0161etky vekov\u00e9 kateg\u00f3rie. <i>\u201eV r\u00e1mci cezhrani\u010dnej spolupr\u00e1ce pokra\u010dujeme v\u00a0spolo\u010dn\u00fdch aktivit\u00e1ch so s\u00fakromn\u00fdm m\u00fazeom v\u00a0Suszci, odkia\u013e pr\u00edde bylink\u00e1rka a\u00a0rezb\u00e1r. Svoje vo\u0148av\u00e9 bylinky a\u00a0dreven\u00e9 v\u00fdrobky<!--more--> bud\u00fa pon\u00faka\u0165 aj na predaj. V\u00a0stredovekej dedine Paseka o\u00a012-tej a\u00a014-tej hodine porozpr\u00e1va zool\u00f3g Ladislav Hl\u00f4\u0161ka zauj\u00edmavosti zo sveta vt\u00e1kov a\u00a0cicavcov, pri\u010dom p\u00fatav\u00e9 rozpr\u00e1vanie spoj\u00ed aj s\u00a0praktickou uk\u00e1\u017ekou odchytu vt\u00e1kov,\u201c <\/i>uviedla spr\u00e1vky\u0148a hradu Stre\u010dno Katar\u00edna Rep\u00e1\u0148ov\u00e1. Cech Terra de Selinan je tradi\u010dnou s\u00fa\u010das\u0165ou podujat\u00ed na hrade, kde bude op\u00e4\u0165 predv\u00e1dza\u0165 umenie stredovekej kuchyne. Deti sa zabavia na drevenom koloto\u010di, v\u00a0kaplnke zaznie dobov\u00e1 hudba v\u00a0podan\u00ed Martina Tomeka a\u00a0n\u00e1v\u0161tevn\u00edci bud\u00fa m\u00f4c\u0165 po\u010du\u0165 a\u00a0vidie\u0165 aj stre\u010dnianskych delostrelcov na \u010dele s\u00a0kapr\u00e1lom \u010carom. S\u00fa\u010das\u0165ou prehliadok hradu Stre\u010dno je aktu\u00e1lne aj v\u00fdstava z\u00a0cyklu Umenie na hrade s\u00a0n\u00e1zvom Dobr\u00fd ro\u010dn\u00edk (Severn\u00fd pal\u00e1c). Na\u00a0Paseke pod hradom je o\u00a013-tej a\u00a015-tej hodine napl\u00e1novan\u00fd koncert mladej \u017eilinskej skupiny 4EWER. Hrad Stre\u010dno je otvoren\u00fd v\u00a0\u010dase od 9.00 do 18.00 hod. (posledn\u00fd vstup o\u00a017.00).<\/p>\n<p>&nbsp;<\/p>\n<p><b>Vstupn\u00e9 v\u00a0jednotliv\u00fdch expoz\u00edci\u00e1ch PMZA <span style=\"color: #ff0000;\">27. septembra 2014 <\/span><\/b>(dospel\u00ed, deti od 6 rokov, \u0161tudenti, \u0164ZP, d\u00f4chodcovia)<b>:<\/b><\/p>\n<p>Hrad Stre\u010dno <strong>2 \u20ac<\/strong><\/p>\n<p>Ve\u017ea Budat\u00ednskeho hradu <strong>1 \u20ac<\/strong><\/p>\n<p>Objekty \u013eudovej architekt\u00fary \u010ci\u010dmany <strong>1 \u20ac<\/strong><\/p>\n<p>M\u00fazeum dopravy Rajeck\u00e9 Teplice\u00a0<strong>1 \u20ac<\/strong><\/p>\n<p>J\u00e1no\u0161\u00edk a\u00a0Terchov\u00e1 v\u00a0Terchovej <strong>1 \u20ac<\/strong><\/p>\n<p>Sob\u00e1\u0161ny pal\u00e1c v\u00a0Byt\u010di <strong>0 \u20ac<\/strong><\/p>\n<p>&nbsp;<\/p>\n","protected":false},"excerpt":{"rendered":"<p>Pri pr\u00edle\u017eitosti Medzin\u00e1rodn\u00e9ho d\u0148a cestovn\u00e9ho ruchu, v\u00a0sobotu 27. septembra 2014, bud\u00fa m\u00f4c\u0165 priaznivci Pova\u017esk\u00e9ho m\u00fazea v\u00a0\u017diline nav\u0161t\u00edvi\u0165 v\u0161etky jeho expoz\u00edcie za zv\u00fdhodnen\u00e9 vstupn\u00e9. Sob\u00e1\u0161ny pal\u00e1c v\u00a0Byt\u010di je celoro\u010dne pr\u00edstupn\u00fd bezplatne. Pova\u017esk\u00e9 m\u00fazeum v\u00a0\u017diline, ktor\u00e9 je v\u00a0zria\u010fovate\u013eskej p\u00f4sobnosti \u017dilinsk\u00e9ho samospr\u00e1vneho kraja, zn\u00ed\u017een\u00fdm vstupn\u00fdm v\u00a0tento de\u0148 prispieva k\u00a0rozvoju cestovn\u00e9ho ruchu a\u00a0vytv\u00e1raniu povedomia o\u00a0jeho mo\u017enostiach. Okrem z\u013eavy zo [&hellip;]<\/p>\n","protected":false},"author":2,"featured_media":0,"comment_status":"closed","ping_status":"closed","sticky":false,"template":"","format":"standard","meta":{"site-sidebar-layout":"default","site-content-layout":"","ast-site-content-layout":"","site-content-style":"default","site-sidebar-style":"default","ast-global-header-display":"","ast-banner-title-visibility":"","ast-main-header-display":"","ast-hfb-above-header-display":"","ast-hfb-below-header-display":"","ast-hfb-mobile-header-display":"","site-post-title":"","ast-breadcrumbs-content":"","ast-featured-img":"","footer-sml-layout":"","theme-transparent-header-meta":"","adv-header-id-meta":"","stick-header-meta":"","header-above-stick-meta":"","header-main-stick-meta":"","header-below-stick-meta":"","astra-migrate-meta-layouts":"default","ast-page-background-enabled":"default","ast-page-background-meta":{"desktop":{"background-color":"var(--ast-global-color-4)","background-image":"","background-repeat":"repeat","background-position":"center center","background-size":"auto","background-attachment":"scroll","background-type":"","background-media":"","overlay-type":"","overlay-color":"","overlay-opacity":"","overlay-gradient":""},"tablet":{"background-color":"","background-image":"","background-repeat":"repeat","background-position":"center center","background-size":"auto","background-attachment":"scroll","background-type":"","background-media":"","overlay-type":"","overlay-color":"","overlay-opacity":"","overlay-gradient":""},"mobile":{"background-color":"","background-image":"","background-repeat":"repeat","background-position":"center center","background-size":"auto","background-attachment":"scroll","background-type":"","background-media":"","overlay-type":"","overlay-color":"","overlay-opacity":"","overlay-gradient":""}},"ast-content-background-meta":{"desktop":{"background-color":"var(--ast-global-color-5)","background-image":"","background-repeat":"repeat","background-position":"center center","background-size":"auto","background-attachment":"scroll","background-type":"","background-media":"","overlay-type":"","overlay-color":"","overlay-opacity":"","overlay-gradient":""},"tablet":{"background-color":"var(--ast-global-color-5)","background-image":"","background-repeat":"repeat","background-position":"center center","background-size":"auto","background-attachment":"scroll","background-type":"","background-media":"","overlay-type":"","overlay-color":"","overlay-opacity":"","overlay-gradient":""},"mobile":{"background-color":"var(--ast-global-color-5)","background-image":"","background-repeat":"repeat","background-position":"center center","background-size":"auto","background-attachment":"scroll","background-type":"","background-media":"","overlay-type":"","overlay-color":"","overlay-opacity":"","overlay-gradient":""}},"footnotes":""},"categories":[36],"tags":[],"class_list":["post-10754","post","type-post","status-publish","format-standard","hentry","category-archiv-2014"],"yoast_head":"<!-- This site is optimized with the Yoast SEO plugin v27.4 - https:\/\/yoast.com\/product\/yoast-seo-wordpress\/ -->\n<title>Medzin\u00e1rodn\u00fd de\u0148 cestovn\u00e9ho ruchu so zn\u00ed\u017een\u00fdm vstupn\u00fdm - Pova\u017esk\u00e9 m\u00fazeum<\/title>\n<meta name=\"robots\" content=\"index, follow, max-snippet:-1, max-image-preview:large, max-video-preview:-1\" \/>\n<link rel=\"canonical\" href=\"https:\/\/pmza.sk\/?p=10754\" \/>\n<meta property=\"og:locale\" content=\"sk_SK\" \/>\n<meta property=\"og:type\" content=\"article\" \/>\n<meta property=\"og:title\" content=\"Medzin\u00e1rodn\u00fd de\u0148 cestovn\u00e9ho ruchu so zn\u00ed\u017een\u00fdm vstupn\u00fdm - Pova\u017esk\u00e9 m\u00fazeum\" \/>\n<meta property=\"og:description\" content=\"Pri pr\u00edle\u017eitosti Medzin\u00e1rodn\u00e9ho d\u0148a cestovn\u00e9ho ruchu, v\u00a0sobotu 27. septembra 2014, bud\u00fa m\u00f4c\u0165 priaznivci Pova\u017esk\u00e9ho m\u00fazea v\u00a0\u017diline nav\u0161t\u00edvi\u0165 v\u0161etky jeho expoz\u00edcie za zv\u00fdhodnen\u00e9 vstupn\u00e9. Sob\u00e1\u0161ny pal\u00e1c v\u00a0Byt\u010di je celoro\u010dne pr\u00edstupn\u00fd bezplatne. Pova\u017esk\u00e9 m\u00fazeum v\u00a0\u017diline, ktor\u00e9 je v\u00a0zria\u010fovate\u013eskej p\u00f4sobnosti \u017dilinsk\u00e9ho samospr\u00e1vneho kraja, zn\u00ed\u017een\u00fdm vstupn\u00fdm v\u00a0tento de\u0148 prispieva k\u00a0rozvoju cestovn\u00e9ho ruchu a\u00a0vytv\u00e1raniu povedomia o\u00a0jeho mo\u017enostiach. Okrem z\u013eavy zo [&hellip;]\" \/>\n<meta property=\"og:url\" content=\"https:\/\/pmza.sk\/?p=10754\" \/>\n<meta property=\"og:site_name\" content=\"Pova\u017esk\u00e9 m\u00fazeum\" \/>\n<meta property=\"article:publisher\" content=\"https:\/\/www.facebook.com\/povazskemuzeum\" \/>\n<meta property=\"article:published_time\" content=\"2014-09-17T13:06:25+00:00\" \/>\n<meta property=\"og:image\" content=\"https:\/\/pmza.sk\/wp-content\/uploads\/2014\/09\/Medzinarodny-den-cestovneho-ruchu-na-Strecne_web.jpg\" \/>\n<meta name=\"author\" content=\"Pova\u017esk\u00e9 m\u00fazeum\" \/>\n<meta name=\"twitter:card\" content=\"summary_large_image\" \/>\n<meta name=\"twitter:label1\" content=\"Autor\" \/>\n\t<meta name=\"twitter:data1\" content=\"Pova\u017esk\u00e9 m\u00fazeum\" \/>\n\t<meta name=\"twitter:label2\" content=\"Predpokladan\u00fd \u010das \u010d\u00edtania\" \/>\n\t<meta name=\"twitter:data2\" content=\"2 min\u00faty\" \/>\n<script type=\"application\/ld+json\" class=\"yoast-schema-graph\">{\"@context\":\"https:\\\/\\\/schema.org\",\"@graph\":[{\"@type\":\"Article\",\"@id\":\"https:\\\/\\\/pmza.sk\\\/?p=10754#article\",\"isPartOf\":{\"@id\":\"https:\\\/\\\/pmza.sk\\\/?p=10754\"},\"author\":{\"name\":\"Pova\u017esk\u00e9 m\u00fazeum\",\"@id\":\"https:\\\/\\\/pmza.sk\\\/#\\\/schema\\\/person\\\/595e6a2ce731ea94dcd5d7f50a41ae33\"},\"headline\":\"Medzin\u00e1rodn\u00fd de\u0148 cestovn\u00e9ho ruchu so zn\u00ed\u017een\u00fdm vstupn\u00fdm\",\"datePublished\":\"2014-09-17T13:06:25+00:00\",\"mainEntityOfPage\":{\"@id\":\"https:\\\/\\\/pmza.sk\\\/?p=10754\"},\"wordCount\":396,\"publisher\":{\"@id\":\"https:\\\/\\\/pmza.sk\\\/#organization\"},\"image\":{\"@id\":\"https:\\\/\\\/pmza.sk\\\/?p=10754#primaryimage\"},\"thumbnailUrl\":\"http:\\\/\\\/pmza.sk\\\/wp-content\\\/uploads\\\/2014\\\/09\\\/Medzinarodny-den-cestovneho-ruchu-na-Strecne_web.jpg\",\"articleSection\":[\"Arch\u00edv 2014\"],\"inLanguage\":\"sk-SK\"},{\"@type\":\"WebPage\",\"@id\":\"https:\\\/\\\/pmza.sk\\\/?p=10754\",\"url\":\"https:\\\/\\\/pmza.sk\\\/?p=10754\",\"name\":\"Medzin\u00e1rodn\u00fd de\u0148 cestovn\u00e9ho ruchu so zn\u00ed\u017een\u00fdm vstupn\u00fdm - Pova\u017esk\u00e9 m\u00fazeum\",\"isPartOf\":{\"@id\":\"https:\\\/\\\/pmza.sk\\\/#website\"},\"primaryImageOfPage\":{\"@id\":\"https:\\\/\\\/pmza.sk\\\/?p=10754#primaryimage\"},\"image\":{\"@id\":\"https:\\\/\\\/pmza.sk\\\/?p=10754#primaryimage\"},\"thumbnailUrl\":\"http:\\\/\\\/pmza.sk\\\/wp-content\\\/uploads\\\/2014\\\/09\\\/Medzinarodny-den-cestovneho-ruchu-na-Strecne_web.jpg\",\"datePublished\":\"2014-09-17T13:06:25+00:00\",\"breadcrumb\":{\"@id\":\"https:\\\/\\\/pmza.sk\\\/?p=10754#breadcrumb\"},\"inLanguage\":\"sk-SK\",\"potentialAction\":[{\"@type\":\"ReadAction\",\"target\":[\"https:\\\/\\\/pmza.sk\\\/?p=10754\"]}]},{\"@type\":\"ImageObject\",\"inLanguage\":\"sk-SK\",\"@id\":\"https:\\\/\\\/pmza.sk\\\/?p=10754#primaryimage\",\"url\":\"https:\\\/\\\/pmza.sk\\\/wp-content\\\/uploads\\\/2014\\\/09\\\/Medzinarodny-den-cestovneho-ruchu-na-Strecne_web.jpg\",\"contentUrl\":\"https:\\\/\\\/pmza.sk\\\/wp-content\\\/uploads\\\/2014\\\/09\\\/Medzinarodny-den-cestovneho-ruchu-na-Strecne_web.jpg\",\"width\":707,\"height\":1024},{\"@type\":\"BreadcrumbList\",\"@id\":\"https:\\\/\\\/pmza.sk\\\/?p=10754#breadcrumb\",\"itemListElement\":[{\"@type\":\"ListItem\",\"position\":1,\"name\":\"Domovsk\u00e1 str\u00e1nka\",\"item\":\"https:\\\/\\\/pmza.sk\\\/\"},{\"@type\":\"ListItem\",\"position\":2,\"name\":\"Medzin\u00e1rodn\u00fd de\u0148 cestovn\u00e9ho ruchu so zn\u00ed\u017een\u00fdm vstupn\u00fdm\"}]},{\"@type\":\"WebSite\",\"@id\":\"https:\\\/\\\/pmza.sk\\\/#website\",\"url\":\"https:\\\/\\\/pmza.sk\\\/\",\"name\":\"Pova\u017esk\u00e9 m\u00fazeum\",\"description\":\"Pova\u017esk\u00e9 m\u00fazeum v \u017diline je region\u00e1lne m\u00fazeum so s\u00eddlom v Budat\u00edne. Jeho expoz\u00edcie s\u00fa zameran\u00e9 na dejiny slovensk\u00e9ho umenia, kult\u00fary a dopravy.\",\"publisher\":{\"@id\":\"https:\\\/\\\/pmza.sk\\\/#organization\"},\"potentialAction\":[{\"@type\":\"SearchAction\",\"target\":{\"@type\":\"EntryPoint\",\"urlTemplate\":\"https:\\\/\\\/pmza.sk\\\/?s={search_term_string}\"},\"query-input\":{\"@type\":\"PropertyValueSpecification\",\"valueRequired\":true,\"valueName\":\"search_term_string\"}}],\"inLanguage\":\"sk-SK\"},{\"@type\":\"Organization\",\"@id\":\"https:\\\/\\\/pmza.sk\\\/#organization\",\"name\":\"Pova\u017esk\u00e9 m\u00fazeum\",\"url\":\"https:\\\/\\\/pmza.sk\\\/\",\"logo\":{\"@type\":\"ImageObject\",\"inLanguage\":\"sk-SK\",\"@id\":\"https:\\\/\\\/pmza.sk\\\/#\\\/schema\\\/logo\\\/image\\\/\",\"url\":\"https:\\\/\\\/pmza.sk\\\/wp-content\\\/uploads\\\/2022\\\/01\\\/logo_PM_horizontal.jpg\",\"contentUrl\":\"https:\\\/\\\/pmza.sk\\\/wp-content\\\/uploads\\\/2022\\\/01\\\/logo_PM_horizontal.jpg\",\"width\":231,\"height\":142,\"caption\":\"Pova\u017esk\u00e9 m\u00fazeum\"},\"image\":{\"@id\":\"https:\\\/\\\/pmza.sk\\\/#\\\/schema\\\/logo\\\/image\\\/\"},\"sameAs\":[\"https:\\\/\\\/www.facebook.com\\\/povazskemuzeum\",\"https:\\\/\\\/www.instagram.com\\\/povazskemuzeum\\\/\"]},{\"@type\":\"Person\",\"@id\":\"https:\\\/\\\/pmza.sk\\\/#\\\/schema\\\/person\\\/595e6a2ce731ea94dcd5d7f50a41ae33\",\"name\":\"Pova\u017esk\u00e9 m\u00fazeum\",\"image\":{\"@type\":\"ImageObject\",\"inLanguage\":\"sk-SK\",\"@id\":\"https:\\\/\\\/secure.gravatar.com\\\/avatar\\\/2bb7f1561282132fb5826dfeccc66c7996d11ee392ac6aaf7ced8a1c2027fbb2?s=96&d=mm&r=g\",\"url\":\"https:\\\/\\\/secure.gravatar.com\\\/avatar\\\/2bb7f1561282132fb5826dfeccc66c7996d11ee392ac6aaf7ced8a1c2027fbb2?s=96&d=mm&r=g\",\"contentUrl\":\"https:\\\/\\\/secure.gravatar.com\\\/avatar\\\/2bb7f1561282132fb5826dfeccc66c7996d11ee392ac6aaf7ced8a1c2027fbb2?s=96&d=mm&r=g\",\"caption\":\"Pova\u017esk\u00e9 m\u00fazeum\"}}]}<\/script>\n<!-- \/ Yoast SEO plugin. -->","yoast_head_json":{"title":"Medzin\u00e1rodn\u00fd de\u0148 cestovn\u00e9ho ruchu so zn\u00ed\u017een\u00fdm vstupn\u00fdm - Pova\u017esk\u00e9 m\u00fazeum","robots":{"index":"index","follow":"follow","max-snippet":"max-snippet:-1","max-image-preview":"max-image-preview:large","max-video-preview":"max-video-preview:-1"},"canonical":"https:\/\/pmza.sk\/?p=10754","og_locale":"sk_SK","og_type":"article","og_title":"Medzin\u00e1rodn\u00fd de\u0148 cestovn\u00e9ho ruchu so zn\u00ed\u017een\u00fdm vstupn\u00fdm - Pova\u017esk\u00e9 m\u00fazeum","og_description":"Pri pr\u00edle\u017eitosti Medzin\u00e1rodn\u00e9ho d\u0148a cestovn\u00e9ho ruchu, v\u00a0sobotu 27. septembra 2014, bud\u00fa m\u00f4c\u0165 priaznivci Pova\u017esk\u00e9ho m\u00fazea v\u00a0\u017diline nav\u0161t\u00edvi\u0165 v\u0161etky jeho expoz\u00edcie za zv\u00fdhodnen\u00e9 vstupn\u00e9. Sob\u00e1\u0161ny pal\u00e1c v\u00a0Byt\u010di je celoro\u010dne pr\u00edstupn\u00fd bezplatne. Pova\u017esk\u00e9 m\u00fazeum v\u00a0\u017diline, ktor\u00e9 je v\u00a0zria\u010fovate\u013eskej p\u00f4sobnosti \u017dilinsk\u00e9ho samospr\u00e1vneho kraja, zn\u00ed\u017een\u00fdm vstupn\u00fdm v\u00a0tento de\u0148 prispieva k\u00a0rozvoju cestovn\u00e9ho ruchu a\u00a0vytv\u00e1raniu povedomia o\u00a0jeho mo\u017enostiach. Okrem z\u013eavy zo [&hellip;]","og_url":"https:\/\/pmza.sk\/?p=10754","og_site_name":"Pova\u017esk\u00e9 m\u00fazeum","article_publisher":"https:\/\/www.facebook.com\/povazskemuzeum","article_published_time":"2014-09-17T13:06:25+00:00","og_image":[{"url":"https:\/\/pmza.sk\/wp-content\/uploads\/2014\/09\/Medzinarodny-den-cestovneho-ruchu-na-Strecne_web.jpg","type":"","width":"","height":""}],"author":"Pova\u017esk\u00e9 m\u00fazeum","twitter_card":"summary_large_image","twitter_misc":{"Autor":"Pova\u017esk\u00e9 m\u00fazeum","Predpokladan\u00fd \u010das \u010d\u00edtania":"2 min\u00faty"},"schema":{"@context":"https:\/\/schema.org","@graph":[{"@type":"Article","@id":"https:\/\/pmza.sk\/?p=10754#article","isPartOf":{"@id":"https:\/\/pmza.sk\/?p=10754"},"author":{"name":"Pova\u017esk\u00e9 m\u00fazeum","@id":"https:\/\/pmza.sk\/#\/schema\/person\/595e6a2ce731ea94dcd5d7f50a41ae33"},"headline":"Medzin\u00e1rodn\u00fd de\u0148 cestovn\u00e9ho ruchu so zn\u00ed\u017een\u00fdm vstupn\u00fdm","datePublished":"2014-09-17T13:06:25+00:00","mainEntityOfPage":{"@id":"https:\/\/pmza.sk\/?p=10754"},"wordCount":396,"publisher":{"@id":"https:\/\/pmza.sk\/#organization"},"image":{"@id":"https:\/\/pmza.sk\/?p=10754#primaryimage"},"thumbnailUrl":"https:\/\/pmza.sk\/wp-content\/uploads\/2014\/09\/Medzinarodny-den-cestovneho-ruchu-na-Strecne_web.jpg","articleSection":["Arch\u00edv 2014"],"inLanguage":"sk-SK"},{"@type":"WebPage","@id":"https:\/\/pmza.sk\/?p=10754","url":"https:\/\/pmza.sk\/?p=10754","name":"Medzin\u00e1rodn\u00fd de\u0148 cestovn\u00e9ho ruchu so zn\u00ed\u017een\u00fdm vstupn\u00fdm - Pova\u017esk\u00e9 m\u00fazeum","isPartOf":{"@id":"https:\/\/pmza.sk\/#website"},"primaryImageOfPage":{"@id":"https:\/\/pmza.sk\/?p=10754#primaryimage"},"image":{"@id":"https:\/\/pmza.sk\/?p=10754#primaryimage"},"thumbnailUrl":"https:\/\/pmza.sk\/wp-content\/uploads\/2014\/09\/Medzinarodny-den-cestovneho-ruchu-na-Strecne_web.jpg","datePublished":"2014-09-17T13:06:25+00:00","breadcrumb":{"@id":"https:\/\/pmza.sk\/?p=10754#breadcrumb"},"inLanguage":"sk-SK","potentialAction":[{"@type":"ReadAction","target":["https:\/\/pmza.sk\/?p=10754"]}]},{"@type":"ImageObject","inLanguage":"sk-SK","@id":"https:\/\/pmza.sk\/?p=10754#primaryimage","url":"https:\/\/pmza.sk\/wp-content\/uploads\/2014\/09\/Medzinarodny-den-cestovneho-ruchu-na-Strecne_web.jpg","contentUrl":"https:\/\/pmza.sk\/wp-content\/uploads\/2014\/09\/Medzinarodny-den-cestovneho-ruchu-na-Strecne_web.jpg","width":707,"height":1024},{"@type":"BreadcrumbList","@id":"https:\/\/pmza.sk\/?p=10754#breadcrumb","itemListElement":[{"@type":"ListItem","position":1,"name":"Domovsk\u00e1 str\u00e1nka","item":"https:\/\/pmza.sk\/"},{"@type":"ListItem","position":2,"name":"Medzin\u00e1rodn\u00fd de\u0148 cestovn\u00e9ho ruchu so zn\u00ed\u017een\u00fdm vstupn\u00fdm"}]},{"@type":"WebSite","@id":"https:\/\/pmza.sk\/#website","url":"https:\/\/pmza.sk\/","name":"Pova\u017esk\u00e9 m\u00fazeum","description":"Pova\u017esk\u00e9 m\u00fazeum v \u017diline je region\u00e1lne m\u00fazeum so s\u00eddlom v Budat\u00edne. Jeho expoz\u00edcie s\u00fa zameran\u00e9 na dejiny slovensk\u00e9ho umenia, kult\u00fary a dopravy.","publisher":{"@id":"https:\/\/pmza.sk\/#organization"},"potentialAction":[{"@type":"SearchAction","target":{"@type":"EntryPoint","urlTemplate":"https:\/\/pmza.sk\/?s={search_term_string}"},"query-input":{"@type":"PropertyValueSpecification","valueRequired":true,"valueName":"search_term_string"}}],"inLanguage":"sk-SK"},{"@type":"Organization","@id":"https:\/\/pmza.sk\/#organization","name":"Pova\u017esk\u00e9 m\u00fazeum","url":"https:\/\/pmza.sk\/","logo":{"@type":"ImageObject","inLanguage":"sk-SK","@id":"https:\/\/pmza.sk\/#\/schema\/logo\/image\/","url":"https:\/\/pmza.sk\/wp-content\/uploads\/2022\/01\/logo_PM_horizontal.jpg","contentUrl":"https:\/\/pmza.sk\/wp-content\/uploads\/2022\/01\/logo_PM_horizontal.jpg","width":231,"height":142,"caption":"Pova\u017esk\u00e9 m\u00fazeum"},"image":{"@id":"https:\/\/pmza.sk\/#\/schema\/logo\/image\/"},"sameAs":["https:\/\/www.facebook.com\/povazskemuzeum","https:\/\/www.instagram.com\/povazskemuzeum\/"]},{"@type":"Person","@id":"https:\/\/pmza.sk\/#\/schema\/person\/595e6a2ce731ea94dcd5d7f50a41ae33","name":"Pova\u017esk\u00e9 m\u00fazeum","image":{"@type":"ImageObject","inLanguage":"sk-SK","@id":"https:\/\/secure.gravatar.com\/avatar\/2bb7f1561282132fb5826dfeccc66c7996d11ee392ac6aaf7ced8a1c2027fbb2?s=96&d=mm&r=g","url":"https:\/\/secure.gravatar.com\/avatar\/2bb7f1561282132fb5826dfeccc66c7996d11ee392ac6aaf7ced8a1c2027fbb2?s=96&d=mm&r=g","contentUrl":"https:\/\/secure.gravatar.com\/avatar\/2bb7f1561282132fb5826dfeccc66c7996d11ee392ac6aaf7ced8a1c2027fbb2?s=96&d=mm&r=g","caption":"Pova\u017esk\u00e9 m\u00fazeum"}}]}},"_links":{"self":[{"href":"https:\/\/pmza.sk\/index.php?rest_route=\/wp\/v2\/posts\/10754","targetHints":{"allow":["GET"]}}],"collection":[{"href":"https:\/\/pmza.sk\/index.php?rest_route=\/wp\/v2\/posts"}],"about":[{"href":"https:\/\/pmza.sk\/index.php?rest_route=\/wp\/v2\/types\/post"}],"author":[{"embeddable":true,"href":"https:\/\/pmza.sk\/index.php?rest_route=\/wp\/v2\/users\/2"}],"replies":[{"embeddable":true,"href":"https:\/\/pmza.sk\/index.php?rest_route=%2Fwp%2Fv2%2Fcomments&post=10754"}],"version-history":[{"count":0,"href":"https:\/\/pmza.sk\/index.php?rest_route=\/wp\/v2\/posts\/10754\/revisions"}],"wp:attachment":[{"href":"https:\/\/pmza.sk\/index.php?rest_route=%2Fwp%2Fv2%2Fmedia&parent=10754"}],"wp:term":[{"taxonomy":"category","embeddable":true,"href":"https:\/\/pmza.sk\/index.php?rest_route=%2Fwp%2Fv2%2Fcategories&post=10754"},{"taxonomy":"post_tag","embeddable":true,"href":"https:\/\/pmza.sk\/index.php?rest_route=%2Fwp%2Fv2%2Ftags&post=10754"}],"curies":[{"name":"wp","href":"https:\/\/api.w.org\/{rel}","templated":true}]}}