{"id":10776,"date":"2014-09-22T10:15:08","date_gmt":"2014-09-22T08:15:08","guid":{"rendered":"https:\/\/pmza.sk.sk\/?p=10776"},"modified":"2014-09-22T10:15:08","modified_gmt":"2014-09-22T08:15:08","slug":"konferencia-dejiny-cestnej-dopravy-na-slovensku-2","status":"publish","type":"post","link":"https:\/\/pmza.sk\/?p=10776","title":{"rendered":"Konferencia Dejiny cestnej dopravy na Slovensku"},"content":{"rendered":"<p><a href=\"https:\/\/pmza.sk\/wp-content\/uploads\/2014\/09\/pozvanka-konferencia_2.jpg\"><img decoding=\"async\" class=\"alignleft  wp-image-10770\" alt=\"pozvanka konferencia_web\" src=\"https:\/\/pmza.sk\/wp-content\/uploads\/2014\/09\/pozvanka-konferencia_web.jpg\" width=\"160\" height=\"228\" srcset=\"https:\/\/pmza.sk\/wp-content\/uploads\/2014\/09\/pozvanka-konferencia_web.jpg 721w, https:\/\/pmza.sk\/wp-content\/uploads\/2014\/09\/pozvanka-konferencia_web-253x360.jpg 253w, https:\/\/pmza.sk\/wp-content\/uploads\/2014\/09\/pozvanka-konferencia_web-518x736.jpg 518w, https:\/\/pmza.sk\/wp-content\/uploads\/2014\/09\/pozvanka-konferencia_web-600x852.jpg 600w\" sizes=\"(max-width: 160px) 100vw, 160px\" \/><\/a>Pova\u017esk\u00e9 m\u00fazeum v\u00a0\u017diline v\u00a0zria\u010fovate\u013eskej p\u00f4sobnosti \u017dilinsk\u00e9ho samospr\u00e1vneho kraja organizuje 25. septembra 2014 v Sob\u00e1\u0161nom pal\u00e1ci v\u00a0Byt\u010di konferenciu <b>Dejiny cestnej dopravy na Slovensku<\/b>. Konferencia je rozdelen\u00e1 tematicky na star\u0161ie a\u00a0nov\u0161ie dejiny. Odborn\u00edci bud\u00fa hovori\u0165 o\u00a0star\u00fdch vozov\u00fdch cest\u00e1ch, cestnej doprave v\u00a0stredoveku, tie\u017e o\u00a0tzv. so\u013enej ceste, o\u00a0mestskej ko\u013eajovej doprave, najstar\u0161ej trolejbusovej linke monarchie vo Vysok\u00fdch Tatr\u00e1ch, za\u010diatkoch autobusovej \u010di po\u0161tovej autobusovej dopravy a\u00a0rovnako aj o\u00a0v\u00fdvoji v\u00a0automobilovom priemysle.<\/p>\n<p><i>\u201eMy\u0161lienkou usporiada\u0165 konferenciu sme sa zaoberali u\u017e za\u010diatkom roka. Na konferenciu prijali pozvanie nielen odborn\u00edci zo Slovenska, <!--more-->ale aj z\u00a0\u010ceskej republiky. Dejiny cestnej dopravy s\u00fa dlhodobou v\u00fdskumnou \u00falohou odborn\u00fdch pracovn\u00edkov Pova\u017esk\u00e9ho m\u00fazea v\u00a0\u017diline. Zauj\u00edma n\u00e1s nielen automobilizmus, ale aj prv\u00e9 zmienky o\u00a0cest\u00e1ch v\u00a0stredoveku. Dokonca sa n\u00e1m podarilo zisti\u0165 najstar\u0161ie doklady o\u00a0pou\u017e\u00edvan\u00ed voza na Slovensku v\u00a0podobe pravek\u00fdch hlinen\u00fdch amfor a\u00a0modelov voz\u00edkov, ktor\u00e9 s\u00fa prezentovan\u00e9 v\u00a0na\u0161om M\u00fazeu dopravy v\u00a0Rajeck\u00fdch Tepliciach. M\u00e1lokto by veril, \u017ee u\u017e v\u00a0obdob\u00ed stredoveku existovali dopravn\u00e9 predpisy pre vozy, jazdcov na ko\u0148och a\u00a0pe\u0161\u00edch,\u201c<\/i> povedal historik Pova\u017esk\u00e9ho m\u00fazea v\u00a0\u017diline Peter \u0160imko.<\/p>\n<p>K\u00fdm k\u00a0dejin\u00e1m \u017eelezni\u010dnej dopravy na Slovensku vy\u0161la kvalitn\u00e1 monografia u\u017e v\u00a090. rokoch minul\u00e9ho storo\u010dia, k\u00a0cestnej doprave zatia\u013e tak\u00e1to publik\u00e1cia nevy\u0161la. Dlhodob\u00fdm cie\u013eom Pova\u017esk\u00e9ho m\u00fazea je tak\u00fato publik\u00e1ciu vyda\u0165. Konferencia, kde sa s\u00fastredia a\u00a0porovnaj\u00fa vedeck\u00e9 v\u00fdskumy viacer\u00fdch odborn\u00edkov a\u00a0star\u0161ie zn\u00e1me poznatky, bude jedn\u00fdm z\u00a0prv\u00fdch krokov k\u00a0tvorbe tohto diela.<\/p>\n<p>Prezent\u00e1cia \u00fa\u010dastn\u00edkov: 9.30 \u2013 10.00 hod.<\/p>\n<p>Otvorenie konferencie: 10.00 hod.<\/p>\n<p>Vstup na konferenciu je vo\u013en\u00fd.<\/p>\n","protected":false},"excerpt":{"rendered":"<p>Pova\u017esk\u00e9 m\u00fazeum v\u00a0\u017diline v\u00a0zria\u010fovate\u013eskej p\u00f4sobnosti \u017dilinsk\u00e9ho samospr\u00e1vneho kraja organizuje 25. septembra 2014 v Sob\u00e1\u0161nom pal\u00e1ci v\u00a0Byt\u010di konferenciu Dejiny cestnej dopravy na Slovensku. Konferencia je rozdelen\u00e1 tematicky na star\u0161ie a\u00a0nov\u0161ie dejiny. Odborn\u00edci bud\u00fa hovori\u0165 o\u00a0star\u00fdch vozov\u00fdch cest\u00e1ch, cestnej doprave v\u00a0stredoveku, tie\u017e o\u00a0tzv. so\u013enej ceste, o\u00a0mestskej ko\u013eajovej doprave, najstar\u0161ej trolejbusovej linke monarchie vo Vysok\u00fdch Tatr\u00e1ch, za\u010diatkoch autobusovej [&hellip;]<\/p>\n","protected":false},"author":2,"featured_media":0,"comment_status":"closed","ping_status":"closed","sticky":false,"template":"","format":"standard","meta":{"site-sidebar-layout":"default","site-content-layout":"","ast-site-content-layout":"","site-content-style":"default","site-sidebar-style":"default","ast-global-header-display":"","ast-banner-title-visibility":"","ast-main-header-display":"","ast-hfb-above-header-display":"","ast-hfb-below-header-display":"","ast-hfb-mobile-header-display":"","site-post-title":"","ast-breadcrumbs-content":"","ast-featured-img":"","footer-sml-layout":"","theme-transparent-header-meta":"","adv-header-id-meta":"","stick-header-meta":"","header-above-stick-meta":"","header-main-stick-meta":"","header-below-stick-meta":"","astra-migrate-meta-layouts":"default","ast-page-background-enabled":"default","ast-page-background-meta":{"desktop":{"background-color":"var(--ast-global-color-4)","background-image":"","background-repeat":"repeat","background-position":"center center","background-size":"auto","background-attachment":"scroll","background-type":"","background-media":"","overlay-type":"","overlay-color":"","overlay-opacity":"","overlay-gradient":""},"tablet":{"background-color":"","background-image":"","background-repeat":"repeat","background-position":"center center","background-size":"auto","background-attachment":"scroll","background-type":"","background-media":"","overlay-type":"","overlay-color":"","overlay-opacity":"","overlay-gradient":""},"mobile":{"background-color":"","background-image":"","background-repeat":"repeat","background-position":"center center","background-size":"auto","background-attachment":"scroll","background-type":"","background-media":"","overlay-type":"","overlay-color":"","overlay-opacity":"","overlay-gradient":""}},"ast-content-background-meta":{"desktop":{"background-color":"var(--ast-global-color-5)","background-image":"","background-repeat":"repeat","background-position":"center center","background-size":"auto","background-attachment":"scroll","background-type":"","background-media":"","overlay-type":"","overlay-color":"","overlay-opacity":"","overlay-gradient":""},"tablet":{"background-color":"var(--ast-global-color-5)","background-image":"","background-repeat":"repeat","background-position":"center center","background-size":"auto","background-attachment":"scroll","background-type":"","background-media":"","overlay-type":"","overlay-color":"","overlay-opacity":"","overlay-gradient":""},"mobile":{"background-color":"var(--ast-global-color-5)","background-image":"","background-repeat":"repeat","background-position":"center center","background-size":"auto","background-attachment":"scroll","background-type":"","background-media":"","overlay-type":"","overlay-color":"","overlay-opacity":"","overlay-gradient":""}},"footnotes":""},"categories":[36],"tags":[],"class_list":["post-10776","post","type-post","status-publish","format-standard","hentry","category-archiv-2014"],"yoast_head":"<!-- This site is optimized with the Yoast SEO plugin v27.4 - https:\/\/yoast.com\/product\/yoast-seo-wordpress\/ -->\n<title>Konferencia Dejiny cestnej dopravy na Slovensku - Pova\u017esk\u00e9 m\u00fazeum<\/title>\n<meta name=\"robots\" content=\"index, follow, max-snippet:-1, max-image-preview:large, max-video-preview:-1\" \/>\n<link rel=\"canonical\" href=\"https:\/\/pmza.sk\/?p=10776\" \/>\n<meta property=\"og:locale\" content=\"sk_SK\" \/>\n<meta property=\"og:type\" content=\"article\" \/>\n<meta property=\"og:title\" content=\"Konferencia Dejiny cestnej dopravy na Slovensku - Pova\u017esk\u00e9 m\u00fazeum\" \/>\n<meta property=\"og:description\" content=\"Pova\u017esk\u00e9 m\u00fazeum v\u00a0\u017diline v\u00a0zria\u010fovate\u013eskej p\u00f4sobnosti \u017dilinsk\u00e9ho samospr\u00e1vneho kraja organizuje 25. septembra 2014 v Sob\u00e1\u0161nom pal\u00e1ci v\u00a0Byt\u010di konferenciu Dejiny cestnej dopravy na Slovensku. Konferencia je rozdelen\u00e1 tematicky na star\u0161ie a\u00a0nov\u0161ie dejiny. Odborn\u00edci bud\u00fa hovori\u0165 o\u00a0star\u00fdch vozov\u00fdch cest\u00e1ch, cestnej doprave v\u00a0stredoveku, tie\u017e o\u00a0tzv. so\u013enej ceste, o\u00a0mestskej ko\u013eajovej doprave, najstar\u0161ej trolejbusovej linke monarchie vo Vysok\u00fdch Tatr\u00e1ch, za\u010diatkoch autobusovej [&hellip;]\" \/>\n<meta property=\"og:url\" content=\"https:\/\/pmza.sk\/?p=10776\" \/>\n<meta property=\"og:site_name\" content=\"Pova\u017esk\u00e9 m\u00fazeum\" \/>\n<meta property=\"article:publisher\" content=\"https:\/\/www.facebook.com\/povazskemuzeum\" \/>\n<meta property=\"article:published_time\" content=\"2014-09-22T08:15:08+00:00\" \/>\n<meta property=\"og:image\" content=\"https:\/\/pmza.sk\/wp-content\/uploads\/2014\/09\/pozvanka-konferencia_web.jpg\" \/>\n<meta name=\"author\" content=\"Pova\u017esk\u00e9 m\u00fazeum\" \/>\n<meta name=\"twitter:card\" content=\"summary_large_image\" \/>\n<meta name=\"twitter:label1\" content=\"Autor\" \/>\n\t<meta name=\"twitter:data1\" content=\"Pova\u017esk\u00e9 m\u00fazeum\" \/>\n\t<meta name=\"twitter:label2\" content=\"Predpokladan\u00fd \u010das \u010d\u00edtania\" \/>\n\t<meta name=\"twitter:data2\" content=\"2 min\u00faty\" \/>\n<script type=\"application\/ld+json\" class=\"yoast-schema-graph\">{\"@context\":\"https:\\\/\\\/schema.org\",\"@graph\":[{\"@type\":\"Article\",\"@id\":\"https:\\\/\\\/pmza.sk\\\/?p=10776#article\",\"isPartOf\":{\"@id\":\"https:\\\/\\\/pmza.sk\\\/?p=10776\"},\"author\":{\"name\":\"Pova\u017esk\u00e9 m\u00fazeum\",\"@id\":\"https:\\\/\\\/pmza.sk\\\/#\\\/schema\\\/person\\\/595e6a2ce731ea94dcd5d7f50a41ae33\"},\"headline\":\"Konferencia Dejiny cestnej dopravy na Slovensku\",\"datePublished\":\"2014-09-22T08:15:08+00:00\",\"mainEntityOfPage\":{\"@id\":\"https:\\\/\\\/pmza.sk\\\/?p=10776\"},\"wordCount\":324,\"publisher\":{\"@id\":\"https:\\\/\\\/pmza.sk\\\/#organization\"},\"image\":{\"@id\":\"https:\\\/\\\/pmza.sk\\\/?p=10776#primaryimage\"},\"thumbnailUrl\":\"http:\\\/\\\/pmza.sk\\\/wp-content\\\/uploads\\\/2014\\\/09\\\/pozvanka-konferencia_web.jpg\",\"articleSection\":[\"Arch\u00edv 2014\"],\"inLanguage\":\"sk-SK\"},{\"@type\":\"WebPage\",\"@id\":\"https:\\\/\\\/pmza.sk\\\/?p=10776\",\"url\":\"https:\\\/\\\/pmza.sk\\\/?p=10776\",\"name\":\"Konferencia Dejiny cestnej dopravy na Slovensku - Pova\u017esk\u00e9 m\u00fazeum\",\"isPartOf\":{\"@id\":\"https:\\\/\\\/pmza.sk\\\/#website\"},\"primaryImageOfPage\":{\"@id\":\"https:\\\/\\\/pmza.sk\\\/?p=10776#primaryimage\"},\"image\":{\"@id\":\"https:\\\/\\\/pmza.sk\\\/?p=10776#primaryimage\"},\"thumbnailUrl\":\"http:\\\/\\\/pmza.sk\\\/wp-content\\\/uploads\\\/2014\\\/09\\\/pozvanka-konferencia_web.jpg\",\"datePublished\":\"2014-09-22T08:15:08+00:00\",\"breadcrumb\":{\"@id\":\"https:\\\/\\\/pmza.sk\\\/?p=10776#breadcrumb\"},\"inLanguage\":\"sk-SK\",\"potentialAction\":[{\"@type\":\"ReadAction\",\"target\":[\"https:\\\/\\\/pmza.sk\\\/?p=10776\"]}]},{\"@type\":\"ImageObject\",\"inLanguage\":\"sk-SK\",\"@id\":\"https:\\\/\\\/pmza.sk\\\/?p=10776#primaryimage\",\"url\":\"https:\\\/\\\/pmza.sk\\\/wp-content\\\/uploads\\\/2014\\\/09\\\/pozvanka-konferencia_web.jpg\",\"contentUrl\":\"https:\\\/\\\/pmza.sk\\\/wp-content\\\/uploads\\\/2014\\\/09\\\/pozvanka-konferencia_web.jpg\",\"width\":721,\"height\":1024},{\"@type\":\"BreadcrumbList\",\"@id\":\"https:\\\/\\\/pmza.sk\\\/?p=10776#breadcrumb\",\"itemListElement\":[{\"@type\":\"ListItem\",\"position\":1,\"name\":\"Domovsk\u00e1 str\u00e1nka\",\"item\":\"https:\\\/\\\/pmza.sk\\\/\"},{\"@type\":\"ListItem\",\"position\":2,\"name\":\"Konferencia Dejiny cestnej dopravy na Slovensku\"}]},{\"@type\":\"WebSite\",\"@id\":\"https:\\\/\\\/pmza.sk\\\/#website\",\"url\":\"https:\\\/\\\/pmza.sk\\\/\",\"name\":\"Pova\u017esk\u00e9 m\u00fazeum\",\"description\":\"Pova\u017esk\u00e9 m\u00fazeum v \u017diline je region\u00e1lne m\u00fazeum so s\u00eddlom v Budat\u00edne. Jeho expoz\u00edcie s\u00fa zameran\u00e9 na dejiny slovensk\u00e9ho umenia, kult\u00fary a dopravy.\",\"publisher\":{\"@id\":\"https:\\\/\\\/pmza.sk\\\/#organization\"},\"potentialAction\":[{\"@type\":\"SearchAction\",\"target\":{\"@type\":\"EntryPoint\",\"urlTemplate\":\"https:\\\/\\\/pmza.sk\\\/?s={search_term_string}\"},\"query-input\":{\"@type\":\"PropertyValueSpecification\",\"valueRequired\":true,\"valueName\":\"search_term_string\"}}],\"inLanguage\":\"sk-SK\"},{\"@type\":\"Organization\",\"@id\":\"https:\\\/\\\/pmza.sk\\\/#organization\",\"name\":\"Pova\u017esk\u00e9 m\u00fazeum\",\"url\":\"https:\\\/\\\/pmza.sk\\\/\",\"logo\":{\"@type\":\"ImageObject\",\"inLanguage\":\"sk-SK\",\"@id\":\"https:\\\/\\\/pmza.sk\\\/#\\\/schema\\\/logo\\\/image\\\/\",\"url\":\"https:\\\/\\\/pmza.sk\\\/wp-content\\\/uploads\\\/2022\\\/01\\\/logo_PM_horizontal.jpg\",\"contentUrl\":\"https:\\\/\\\/pmza.sk\\\/wp-content\\\/uploads\\\/2022\\\/01\\\/logo_PM_horizontal.jpg\",\"width\":231,\"height\":142,\"caption\":\"Pova\u017esk\u00e9 m\u00fazeum\"},\"image\":{\"@id\":\"https:\\\/\\\/pmza.sk\\\/#\\\/schema\\\/logo\\\/image\\\/\"},\"sameAs\":[\"https:\\\/\\\/www.facebook.com\\\/povazskemuzeum\",\"https:\\\/\\\/www.instagram.com\\\/povazskemuzeum\\\/\"]},{\"@type\":\"Person\",\"@id\":\"https:\\\/\\\/pmza.sk\\\/#\\\/schema\\\/person\\\/595e6a2ce731ea94dcd5d7f50a41ae33\",\"name\":\"Pova\u017esk\u00e9 m\u00fazeum\",\"image\":{\"@type\":\"ImageObject\",\"inLanguage\":\"sk-SK\",\"@id\":\"https:\\\/\\\/secure.gravatar.com\\\/avatar\\\/2bb7f1561282132fb5826dfeccc66c7996d11ee392ac6aaf7ced8a1c2027fbb2?s=96&d=mm&r=g\",\"url\":\"https:\\\/\\\/secure.gravatar.com\\\/avatar\\\/2bb7f1561282132fb5826dfeccc66c7996d11ee392ac6aaf7ced8a1c2027fbb2?s=96&d=mm&r=g\",\"contentUrl\":\"https:\\\/\\\/secure.gravatar.com\\\/avatar\\\/2bb7f1561282132fb5826dfeccc66c7996d11ee392ac6aaf7ced8a1c2027fbb2?s=96&d=mm&r=g\",\"caption\":\"Pova\u017esk\u00e9 m\u00fazeum\"}}]}<\/script>\n<!-- \/ Yoast SEO plugin. -->","yoast_head_json":{"title":"Konferencia Dejiny cestnej dopravy na Slovensku - Pova\u017esk\u00e9 m\u00fazeum","robots":{"index":"index","follow":"follow","max-snippet":"max-snippet:-1","max-image-preview":"max-image-preview:large","max-video-preview":"max-video-preview:-1"},"canonical":"https:\/\/pmza.sk\/?p=10776","og_locale":"sk_SK","og_type":"article","og_title":"Konferencia Dejiny cestnej dopravy na Slovensku - Pova\u017esk\u00e9 m\u00fazeum","og_description":"Pova\u017esk\u00e9 m\u00fazeum v\u00a0\u017diline v\u00a0zria\u010fovate\u013eskej p\u00f4sobnosti \u017dilinsk\u00e9ho samospr\u00e1vneho kraja organizuje 25. septembra 2014 v Sob\u00e1\u0161nom pal\u00e1ci v\u00a0Byt\u010di konferenciu Dejiny cestnej dopravy na Slovensku. Konferencia je rozdelen\u00e1 tematicky na star\u0161ie a\u00a0nov\u0161ie dejiny. Odborn\u00edci bud\u00fa hovori\u0165 o\u00a0star\u00fdch vozov\u00fdch cest\u00e1ch, cestnej doprave v\u00a0stredoveku, tie\u017e o\u00a0tzv. so\u013enej ceste, o\u00a0mestskej ko\u013eajovej doprave, najstar\u0161ej trolejbusovej linke monarchie vo Vysok\u00fdch Tatr\u00e1ch, za\u010diatkoch autobusovej [&hellip;]","og_url":"https:\/\/pmza.sk\/?p=10776","og_site_name":"Pova\u017esk\u00e9 m\u00fazeum","article_publisher":"https:\/\/www.facebook.com\/povazskemuzeum","article_published_time":"2014-09-22T08:15:08+00:00","og_image":[{"url":"https:\/\/pmza.sk\/wp-content\/uploads\/2014\/09\/pozvanka-konferencia_web.jpg","type":"","width":"","height":""}],"author":"Pova\u017esk\u00e9 m\u00fazeum","twitter_card":"summary_large_image","twitter_misc":{"Autor":"Pova\u017esk\u00e9 m\u00fazeum","Predpokladan\u00fd \u010das \u010d\u00edtania":"2 min\u00faty"},"schema":{"@context":"https:\/\/schema.org","@graph":[{"@type":"Article","@id":"https:\/\/pmza.sk\/?p=10776#article","isPartOf":{"@id":"https:\/\/pmza.sk\/?p=10776"},"author":{"name":"Pova\u017esk\u00e9 m\u00fazeum","@id":"https:\/\/pmza.sk\/#\/schema\/person\/595e6a2ce731ea94dcd5d7f50a41ae33"},"headline":"Konferencia Dejiny cestnej dopravy na Slovensku","datePublished":"2014-09-22T08:15:08+00:00","mainEntityOfPage":{"@id":"https:\/\/pmza.sk\/?p=10776"},"wordCount":324,"publisher":{"@id":"https:\/\/pmza.sk\/#organization"},"image":{"@id":"https:\/\/pmza.sk\/?p=10776#primaryimage"},"thumbnailUrl":"https:\/\/pmza.sk\/wp-content\/uploads\/2014\/09\/pozvanka-konferencia_web.jpg","articleSection":["Arch\u00edv 2014"],"inLanguage":"sk-SK"},{"@type":"WebPage","@id":"https:\/\/pmza.sk\/?p=10776","url":"https:\/\/pmza.sk\/?p=10776","name":"Konferencia Dejiny cestnej dopravy na Slovensku - Pova\u017esk\u00e9 m\u00fazeum","isPartOf":{"@id":"https:\/\/pmza.sk\/#website"},"primaryImageOfPage":{"@id":"https:\/\/pmza.sk\/?p=10776#primaryimage"},"image":{"@id":"https:\/\/pmza.sk\/?p=10776#primaryimage"},"thumbnailUrl":"https:\/\/pmza.sk\/wp-content\/uploads\/2014\/09\/pozvanka-konferencia_web.jpg","datePublished":"2014-09-22T08:15:08+00:00","breadcrumb":{"@id":"https:\/\/pmza.sk\/?p=10776#breadcrumb"},"inLanguage":"sk-SK","potentialAction":[{"@type":"ReadAction","target":["https:\/\/pmza.sk\/?p=10776"]}]},{"@type":"ImageObject","inLanguage":"sk-SK","@id":"https:\/\/pmza.sk\/?p=10776#primaryimage","url":"https:\/\/pmza.sk\/wp-content\/uploads\/2014\/09\/pozvanka-konferencia_web.jpg","contentUrl":"https:\/\/pmza.sk\/wp-content\/uploads\/2014\/09\/pozvanka-konferencia_web.jpg","width":721,"height":1024},{"@type":"BreadcrumbList","@id":"https:\/\/pmza.sk\/?p=10776#breadcrumb","itemListElement":[{"@type":"ListItem","position":1,"name":"Domovsk\u00e1 str\u00e1nka","item":"https:\/\/pmza.sk\/"},{"@type":"ListItem","position":2,"name":"Konferencia Dejiny cestnej dopravy na Slovensku"}]},{"@type":"WebSite","@id":"https:\/\/pmza.sk\/#website","url":"https:\/\/pmza.sk\/","name":"Pova\u017esk\u00e9 m\u00fazeum","description":"Pova\u017esk\u00e9 m\u00fazeum v \u017diline je region\u00e1lne m\u00fazeum so s\u00eddlom v Budat\u00edne. Jeho expoz\u00edcie s\u00fa zameran\u00e9 na dejiny slovensk\u00e9ho umenia, kult\u00fary a dopravy.","publisher":{"@id":"https:\/\/pmza.sk\/#organization"},"potentialAction":[{"@type":"SearchAction","target":{"@type":"EntryPoint","urlTemplate":"https:\/\/pmza.sk\/?s={search_term_string}"},"query-input":{"@type":"PropertyValueSpecification","valueRequired":true,"valueName":"search_term_string"}}],"inLanguage":"sk-SK"},{"@type":"Organization","@id":"https:\/\/pmza.sk\/#organization","name":"Pova\u017esk\u00e9 m\u00fazeum","url":"https:\/\/pmza.sk\/","logo":{"@type":"ImageObject","inLanguage":"sk-SK","@id":"https:\/\/pmza.sk\/#\/schema\/logo\/image\/","url":"https:\/\/pmza.sk\/wp-content\/uploads\/2022\/01\/logo_PM_horizontal.jpg","contentUrl":"https:\/\/pmza.sk\/wp-content\/uploads\/2022\/01\/logo_PM_horizontal.jpg","width":231,"height":142,"caption":"Pova\u017esk\u00e9 m\u00fazeum"},"image":{"@id":"https:\/\/pmza.sk\/#\/schema\/logo\/image\/"},"sameAs":["https:\/\/www.facebook.com\/povazskemuzeum","https:\/\/www.instagram.com\/povazskemuzeum\/"]},{"@type":"Person","@id":"https:\/\/pmza.sk\/#\/schema\/person\/595e6a2ce731ea94dcd5d7f50a41ae33","name":"Pova\u017esk\u00e9 m\u00fazeum","image":{"@type":"ImageObject","inLanguage":"sk-SK","@id":"https:\/\/secure.gravatar.com\/avatar\/2bb7f1561282132fb5826dfeccc66c7996d11ee392ac6aaf7ced8a1c2027fbb2?s=96&d=mm&r=g","url":"https:\/\/secure.gravatar.com\/avatar\/2bb7f1561282132fb5826dfeccc66c7996d11ee392ac6aaf7ced8a1c2027fbb2?s=96&d=mm&r=g","contentUrl":"https:\/\/secure.gravatar.com\/avatar\/2bb7f1561282132fb5826dfeccc66c7996d11ee392ac6aaf7ced8a1c2027fbb2?s=96&d=mm&r=g","caption":"Pova\u017esk\u00e9 m\u00fazeum"}}]}},"_links":{"self":[{"href":"https:\/\/pmza.sk\/index.php?rest_route=\/wp\/v2\/posts\/10776","targetHints":{"allow":["GET"]}}],"collection":[{"href":"https:\/\/pmza.sk\/index.php?rest_route=\/wp\/v2\/posts"}],"about":[{"href":"https:\/\/pmza.sk\/index.php?rest_route=\/wp\/v2\/types\/post"}],"author":[{"embeddable":true,"href":"https:\/\/pmza.sk\/index.php?rest_route=\/wp\/v2\/users\/2"}],"replies":[{"embeddable":true,"href":"https:\/\/pmza.sk\/index.php?rest_route=%2Fwp%2Fv2%2Fcomments&post=10776"}],"version-history":[{"count":0,"href":"https:\/\/pmza.sk\/index.php?rest_route=\/wp\/v2\/posts\/10776\/revisions"}],"wp:attachment":[{"href":"https:\/\/pmza.sk\/index.php?rest_route=%2Fwp%2Fv2%2Fmedia&parent=10776"}],"wp:term":[{"taxonomy":"category","embeddable":true,"href":"https:\/\/pmza.sk\/index.php?rest_route=%2Fwp%2Fv2%2Fcategories&post=10776"},{"taxonomy":"post_tag","embeddable":true,"href":"https:\/\/pmza.sk\/index.php?rest_route=%2Fwp%2Fv2%2Ftags&post=10776"}],"curies":[{"name":"wp","href":"https:\/\/api.w.org\/{rel}","templated":true}]}}