{"id":10796,"date":"2014-09-24T08:07:01","date_gmt":"2014-09-24T06:07:01","guid":{"rendered":"https:\/\/pmza.sk.sk\/?p=10796"},"modified":"2014-09-24T08:07:01","modified_gmt":"2014-09-24T06:07:01","slug":"uspesna-letna-sezona-v-zilinskom-kraji","status":"publish","type":"post","link":"https:\/\/pmza.sk\/?p=10796","title":{"rendered":"\u00daspe\u0161n\u00e1 letn\u00e1 sez\u00f3na v \u017dilinskom kraji"},"content":{"rendered":"<p><a href=\"https:\/\/pmza.sk\/wp-content\/uploads\/2014\/09\/IMG_2193-web.jpg\"><img decoding=\"async\" class=\"alignleft size-full wp-image-10743\" alt=\"IMG_2193 web\" src=\"https:\/\/pmza.sk\/wp-content\/uploads\/2014\/09\/IMG_2193-web.jpg\" width=\"150\" height=\"225\" srcset=\"https:\/\/pmza.sk\/wp-content\/uploads\/2014\/09\/IMG_2193-web.jpg 683w, https:\/\/pmza.sk\/wp-content\/uploads\/2014\/09\/IMG_2193-web-240x360.jpg 240w, https:\/\/pmza.sk\/wp-content\/uploads\/2014\/09\/IMG_2193-web-491x736.jpg 491w, https:\/\/pmza.sk\/wp-content\/uploads\/2014\/09\/IMG_2193-web-600x900.jpg 600w\" sizes=\"(max-width: 150px) 100vw, 150px\" \/><\/a>Kult\u00farne in\u0161tit\u00facie v\u00a0zria\u010fovate\u013eskej p\u00f4sobnosti \u017dilinsk\u00e9ho samospr\u00e1vneho kraja (\u017dSK) vyhodnotili uplynul\u00fa letn\u00fa sez\u00f3nu. Hrady, m\u00faze\u00e1 \u010di gal\u00e9rie v\u00a0kraji l\u00e1kaj\u00fa \u010doraz viac obdivovate\u013eov, \u010d\u00edsla n\u00e1v\u0161tevnosti v\u00a0porovnan\u00ed s\u00a0minul\u00fdm letom s\u00fa viac ako pozit\u00edvne. Pod ich po\u010det sa podp\u00edsalo aj nepriazniv\u00e9 po\u010dasie, ke\u010f \u013eudia namiesto k\u00fapal\u00edsk vyh\u013ead\u00e1vali kult\u00faru a\u00a0nav\u0161t\u00edvili niektor\u00e9 zo\u00a0\u017eupn\u00fdch expoz\u00edci\u00ed.<\/p>\n<p>S\u00a0pozit\u00edvnymi ohlasmi zo strany verejnosti sa m\u00f4\u017ee pochv\u00e1li\u0165 aj p\u00e4\u0165 expoz\u00edci\u00ed Pova\u017esk\u00e9ho m\u00fazea v\u00a0\u017diline, ktor\u00e9 v\u00a0mesiacoch j\u00fan \u2013 august 2014 pril\u00e1kalo takmer 46-tis\u00edc n\u00e1v\u0161tevn\u00edkov, \u010do je o\u00a05 349 viac ako po\u010das vla\u0148aj\u0161ieho leta. <em>\u201eAko spr\u00e1vna sa uk\u00e1zala invest\u00edcia rekon\u0161trukcie ve\u017ee Budat\u00ednskeho hradu, <!--more-->ktor\u00fd l\u00e1ka z\u00e1ujem verejnosti. Viac ako dvojn\u00e1sobn\u00fd n\u00e1rast n\u00e1v\u0161tevnosti hradu je toho jasn\u00fdm d\u00f4kazom,\u201c<\/em> uviedol \u017eupan Juraj Blan\u00e1r. Budat\u00ednsky hrad zaznamenal po\u010das minulej letnej sez\u00f3ny n\u00e1v\u0161tevnos\u0165 na \u00farovni 2 377, toto leto to u\u017e bolo 5 742 n\u00e1v\u0161tevn\u00edkov. <em>\u201eV\u00a0rekon\u0161trukcii tejto n\u00e1rodnej kult\u00farnej pamiatky budeme pokra\u010dova\u0165 aj v\u010faka \u00faspe\u0161n\u00e9mu \u010derpaniu eurofondov a\u00a0spr\u00edstupn\u00edme aj \u010fal\u0161ie priestory hradu \u0161irokej verejnosti,\u201c<\/em> doplnil J. Blan\u00e1r. Okrem Budat\u00ednskeho hradu zaujal turistov na Hornom Pova\u017e\u00ed aj Hrad Stre\u010dno s\u00a027\u00a0138 n\u00e1v\u0161tevn\u00edkmi (n\u00e1rast o\u00a020), Objekty \u013eudovej architekt\u00fary v\u00a0\u010ci\u010dmanoch s\u00a06 526 n\u00e1v\u0161tevn\u00edkmi (n\u00e1rast o\u00a0149) a\u00a0novootvoren\u00e9 M\u00fazeum dopravy v\u00a0Rajeck\u00fdch Tepliciach si pri\u0161lo po\u010das tohto leta pozrie\u0165 2 362 n\u00e1v\u0161tevn\u00edkov. Mierny pokles (o 547) oproti minul\u00e9mu letu zaznamenala expoz\u00edcia J\u00e1no\u0161\u00edk a\u00a0Terchov\u00e1, a\u00a0to najm\u00e4 v\u00a0d\u00f4sledku ni\u010divej povodne vo Vr\u00e1tnej. Expoz\u00edciu v\u00a0Terchovej si pri\u0161lo pozrie\u0165 4\u00a0083 turistov.<\/p>\n<p>Viac inform\u00e1ci\u00ed <a href=\"http:\/\/www.regionzilina.sk\/sk\/aktuality\/aktuality\/uspesna-letna-sezona-zilinskom-kraji-turistov-najviac-lakali-hrady-muzea-ci-zaujimave-expozicie-2.html\">TU<\/a><\/p>\n<p style=\"text-align: right;\">Mgr. Hana Sahul\u010d\u00edkov\u00e1<\/p>\n<p style=\"text-align: right;\">hovorky\u0148a \u017dSK<\/p>\n<p style=\"text-align: left;\">\n","protected":false},"excerpt":{"rendered":"<p>Kult\u00farne in\u0161tit\u00facie v\u00a0zria\u010fovate\u013eskej p\u00f4sobnosti \u017dilinsk\u00e9ho samospr\u00e1vneho kraja (\u017dSK) vyhodnotili uplynul\u00fa letn\u00fa sez\u00f3nu. Hrady, m\u00faze\u00e1 \u010di gal\u00e9rie v\u00a0kraji l\u00e1kaj\u00fa \u010doraz viac obdivovate\u013eov, \u010d\u00edsla n\u00e1v\u0161tevnosti v\u00a0porovnan\u00ed s\u00a0minul\u00fdm letom s\u00fa viac ako pozit\u00edvne. Pod ich po\u010det sa podp\u00edsalo aj nepriazniv\u00e9 po\u010dasie, ke\u010f \u013eudia namiesto k\u00fapal\u00edsk vyh\u013ead\u00e1vali kult\u00faru a\u00a0nav\u0161t\u00edvili niektor\u00e9 zo\u00a0\u017eupn\u00fdch expoz\u00edci\u00ed. S\u00a0pozit\u00edvnymi ohlasmi zo strany verejnosti sa m\u00f4\u017ee [&hellip;]<\/p>\n","protected":false},"author":2,"featured_media":0,"comment_status":"closed","ping_status":"closed","sticky":false,"template":"","format":"standard","meta":{"site-sidebar-layout":"default","site-content-layout":"","ast-site-content-layout":"","site-content-style":"default","site-sidebar-style":"default","ast-global-header-display":"","ast-banner-title-visibility":"","ast-main-header-display":"","ast-hfb-above-header-display":"","ast-hfb-below-header-display":"","ast-hfb-mobile-header-display":"","site-post-title":"","ast-breadcrumbs-content":"","ast-featured-img":"","footer-sml-layout":"","theme-transparent-header-meta":"","adv-header-id-meta":"","stick-header-meta":"","header-above-stick-meta":"","header-main-stick-meta":"","header-below-stick-meta":"","astra-migrate-meta-layouts":"default","ast-page-background-enabled":"default","ast-page-background-meta":{"desktop":{"background-color":"var(--ast-global-color-4)","background-image":"","background-repeat":"repeat","background-position":"center center","background-size":"auto","background-attachment":"scroll","background-type":"","background-media":"","overlay-type":"","overlay-color":"","overlay-opacity":"","overlay-gradient":""},"tablet":{"background-color":"","background-image":"","background-repeat":"repeat","background-position":"center center","background-size":"auto","background-attachment":"scroll","background-type":"","background-media":"","overlay-type":"","overlay-color":"","overlay-opacity":"","overlay-gradient":""},"mobile":{"background-color":"","background-image":"","background-repeat":"repeat","background-position":"center center","background-size":"auto","background-attachment":"scroll","background-type":"","background-media":"","overlay-type":"","overlay-color":"","overlay-opacity":"","overlay-gradient":""}},"ast-content-background-meta":{"desktop":{"background-color":"var(--ast-global-color-5)","background-image":"","background-repeat":"repeat","background-position":"center center","background-size":"auto","background-attachment":"scroll","background-type":"","background-media":"","overlay-type":"","overlay-color":"","overlay-opacity":"","overlay-gradient":""},"tablet":{"background-color":"var(--ast-global-color-5)","background-image":"","background-repeat":"repeat","background-position":"center center","background-size":"auto","background-attachment":"scroll","background-type":"","background-media":"","overlay-type":"","overlay-color":"","overlay-opacity":"","overlay-gradient":""},"mobile":{"background-color":"var(--ast-global-color-5)","background-image":"","background-repeat":"repeat","background-position":"center center","background-size":"auto","background-attachment":"scroll","background-type":"","background-media":"","overlay-type":"","overlay-color":"","overlay-opacity":"","overlay-gradient":""}},"footnotes":""},"categories":[36],"tags":[],"class_list":["post-10796","post","type-post","status-publish","format-standard","hentry","category-archiv-2014"],"yoast_head":"<!-- This site is optimized with the Yoast SEO plugin v27.4 - https:\/\/yoast.com\/product\/yoast-seo-wordpress\/ -->\n<title>\u00daspe\u0161n\u00e1 letn\u00e1 sez\u00f3na v \u017dilinskom kraji - Pova\u017esk\u00e9 m\u00fazeum<\/title>\n<meta name=\"robots\" content=\"index, follow, max-snippet:-1, max-image-preview:large, max-video-preview:-1\" \/>\n<link rel=\"canonical\" href=\"https:\/\/pmza.sk\/?p=10796\" \/>\n<meta property=\"og:locale\" content=\"sk_SK\" \/>\n<meta property=\"og:type\" content=\"article\" \/>\n<meta property=\"og:title\" content=\"\u00daspe\u0161n\u00e1 letn\u00e1 sez\u00f3na v \u017dilinskom kraji - Pova\u017esk\u00e9 m\u00fazeum\" \/>\n<meta property=\"og:description\" content=\"Kult\u00farne in\u0161tit\u00facie v\u00a0zria\u010fovate\u013eskej p\u00f4sobnosti \u017dilinsk\u00e9ho samospr\u00e1vneho kraja (\u017dSK) vyhodnotili uplynul\u00fa letn\u00fa sez\u00f3nu. Hrady, m\u00faze\u00e1 \u010di gal\u00e9rie v\u00a0kraji l\u00e1kaj\u00fa \u010doraz viac obdivovate\u013eov, \u010d\u00edsla n\u00e1v\u0161tevnosti v\u00a0porovnan\u00ed s\u00a0minul\u00fdm letom s\u00fa viac ako pozit\u00edvne. Pod ich po\u010det sa podp\u00edsalo aj nepriazniv\u00e9 po\u010dasie, ke\u010f \u013eudia namiesto k\u00fapal\u00edsk vyh\u013ead\u00e1vali kult\u00faru a\u00a0nav\u0161t\u00edvili niektor\u00e9 zo\u00a0\u017eupn\u00fdch expoz\u00edci\u00ed. S\u00a0pozit\u00edvnymi ohlasmi zo strany verejnosti sa m\u00f4\u017ee [&hellip;]\" \/>\n<meta property=\"og:url\" content=\"https:\/\/pmza.sk\/?p=10796\" \/>\n<meta property=\"og:site_name\" content=\"Pova\u017esk\u00e9 m\u00fazeum\" \/>\n<meta property=\"article:publisher\" content=\"https:\/\/www.facebook.com\/povazskemuzeum\" \/>\n<meta property=\"article:published_time\" content=\"2014-09-24T06:07:01+00:00\" \/>\n<meta property=\"og:image\" content=\"https:\/\/pmza.sk\/wp-content\/uploads\/2014\/09\/IMG_2193-web.jpg\" \/>\n<meta name=\"author\" content=\"Pova\u017esk\u00e9 m\u00fazeum\" \/>\n<meta name=\"twitter:card\" content=\"summary_large_image\" \/>\n<meta name=\"twitter:label1\" content=\"Autor\" \/>\n\t<meta name=\"twitter:data1\" content=\"Pova\u017esk\u00e9 m\u00fazeum\" \/>\n\t<meta name=\"twitter:label2\" content=\"Predpokladan\u00fd \u010das \u010d\u00edtania\" \/>\n\t<meta name=\"twitter:data2\" content=\"2 min\u00faty\" \/>\n<script type=\"application\/ld+json\" class=\"yoast-schema-graph\">{\"@context\":\"https:\\\/\\\/schema.org\",\"@graph\":[{\"@type\":\"Article\",\"@id\":\"https:\\\/\\\/pmza.sk\\\/?p=10796#article\",\"isPartOf\":{\"@id\":\"https:\\\/\\\/pmza.sk\\\/?p=10796\"},\"author\":{\"name\":\"Pova\u017esk\u00e9 m\u00fazeum\",\"@id\":\"https:\\\/\\\/pmza.sk\\\/#\\\/schema\\\/person\\\/595e6a2ce731ea94dcd5d7f50a41ae33\"},\"headline\":\"\u00daspe\u0161n\u00e1 letn\u00e1 sez\u00f3na v \u017dilinskom kraji\",\"datePublished\":\"2014-09-24T06:07:01+00:00\",\"mainEntityOfPage\":{\"@id\":\"https:\\\/\\\/pmza.sk\\\/?p=10796\"},\"wordCount\":345,\"publisher\":{\"@id\":\"https:\\\/\\\/pmza.sk\\\/#organization\"},\"image\":{\"@id\":\"https:\\\/\\\/pmza.sk\\\/?p=10796#primaryimage\"},\"thumbnailUrl\":\"http:\\\/\\\/pmza.sk\\\/wp-content\\\/uploads\\\/2014\\\/09\\\/IMG_2193-web.jpg\",\"articleSection\":[\"Arch\u00edv 2014\"],\"inLanguage\":\"sk-SK\"},{\"@type\":\"WebPage\",\"@id\":\"https:\\\/\\\/pmza.sk\\\/?p=10796\",\"url\":\"https:\\\/\\\/pmza.sk\\\/?p=10796\",\"name\":\"\u00daspe\u0161n\u00e1 letn\u00e1 sez\u00f3na v \u017dilinskom kraji - Pova\u017esk\u00e9 m\u00fazeum\",\"isPartOf\":{\"@id\":\"https:\\\/\\\/pmza.sk\\\/#website\"},\"primaryImageOfPage\":{\"@id\":\"https:\\\/\\\/pmza.sk\\\/?p=10796#primaryimage\"},\"image\":{\"@id\":\"https:\\\/\\\/pmza.sk\\\/?p=10796#primaryimage\"},\"thumbnailUrl\":\"http:\\\/\\\/pmza.sk\\\/wp-content\\\/uploads\\\/2014\\\/09\\\/IMG_2193-web.jpg\",\"datePublished\":\"2014-09-24T06:07:01+00:00\",\"breadcrumb\":{\"@id\":\"https:\\\/\\\/pmza.sk\\\/?p=10796#breadcrumb\"},\"inLanguage\":\"sk-SK\",\"potentialAction\":[{\"@type\":\"ReadAction\",\"target\":[\"https:\\\/\\\/pmza.sk\\\/?p=10796\"]}]},{\"@type\":\"ImageObject\",\"inLanguage\":\"sk-SK\",\"@id\":\"https:\\\/\\\/pmza.sk\\\/?p=10796#primaryimage\",\"url\":\"https:\\\/\\\/pmza.sk\\\/wp-content\\\/uploads\\\/2014\\\/09\\\/IMG_2193-web.jpg\",\"contentUrl\":\"https:\\\/\\\/pmza.sk\\\/wp-content\\\/uploads\\\/2014\\\/09\\\/IMG_2193-web.jpg\",\"width\":683,\"height\":1024},{\"@type\":\"BreadcrumbList\",\"@id\":\"https:\\\/\\\/pmza.sk\\\/?p=10796#breadcrumb\",\"itemListElement\":[{\"@type\":\"ListItem\",\"position\":1,\"name\":\"Domovsk\u00e1 str\u00e1nka\",\"item\":\"https:\\\/\\\/pmza.sk\\\/\"},{\"@type\":\"ListItem\",\"position\":2,\"name\":\"\u00daspe\u0161n\u00e1 letn\u00e1 sez\u00f3na v \u017dilinskom kraji\"}]},{\"@type\":\"WebSite\",\"@id\":\"https:\\\/\\\/pmza.sk\\\/#website\",\"url\":\"https:\\\/\\\/pmza.sk\\\/\",\"name\":\"Pova\u017esk\u00e9 m\u00fazeum\",\"description\":\"Pova\u017esk\u00e9 m\u00fazeum v \u017diline je region\u00e1lne m\u00fazeum so s\u00eddlom v Budat\u00edne. Jeho expoz\u00edcie s\u00fa zameran\u00e9 na dejiny slovensk\u00e9ho umenia, kult\u00fary a dopravy.\",\"publisher\":{\"@id\":\"https:\\\/\\\/pmza.sk\\\/#organization\"},\"potentialAction\":[{\"@type\":\"SearchAction\",\"target\":{\"@type\":\"EntryPoint\",\"urlTemplate\":\"https:\\\/\\\/pmza.sk\\\/?s={search_term_string}\"},\"query-input\":{\"@type\":\"PropertyValueSpecification\",\"valueRequired\":true,\"valueName\":\"search_term_string\"}}],\"inLanguage\":\"sk-SK\"},{\"@type\":\"Organization\",\"@id\":\"https:\\\/\\\/pmza.sk\\\/#organization\",\"name\":\"Pova\u017esk\u00e9 m\u00fazeum\",\"url\":\"https:\\\/\\\/pmza.sk\\\/\",\"logo\":{\"@type\":\"ImageObject\",\"inLanguage\":\"sk-SK\",\"@id\":\"https:\\\/\\\/pmza.sk\\\/#\\\/schema\\\/logo\\\/image\\\/\",\"url\":\"https:\\\/\\\/pmza.sk\\\/wp-content\\\/uploads\\\/2022\\\/01\\\/logo_PM_horizontal.jpg\",\"contentUrl\":\"https:\\\/\\\/pmza.sk\\\/wp-content\\\/uploads\\\/2022\\\/01\\\/logo_PM_horizontal.jpg\",\"width\":231,\"height\":142,\"caption\":\"Pova\u017esk\u00e9 m\u00fazeum\"},\"image\":{\"@id\":\"https:\\\/\\\/pmza.sk\\\/#\\\/schema\\\/logo\\\/image\\\/\"},\"sameAs\":[\"https:\\\/\\\/www.facebook.com\\\/povazskemuzeum\",\"https:\\\/\\\/www.instagram.com\\\/povazskemuzeum\\\/\"]},{\"@type\":\"Person\",\"@id\":\"https:\\\/\\\/pmza.sk\\\/#\\\/schema\\\/person\\\/595e6a2ce731ea94dcd5d7f50a41ae33\",\"name\":\"Pova\u017esk\u00e9 m\u00fazeum\",\"image\":{\"@type\":\"ImageObject\",\"inLanguage\":\"sk-SK\",\"@id\":\"https:\\\/\\\/secure.gravatar.com\\\/avatar\\\/2bb7f1561282132fb5826dfeccc66c7996d11ee392ac6aaf7ced8a1c2027fbb2?s=96&d=mm&r=g\",\"url\":\"https:\\\/\\\/secure.gravatar.com\\\/avatar\\\/2bb7f1561282132fb5826dfeccc66c7996d11ee392ac6aaf7ced8a1c2027fbb2?s=96&d=mm&r=g\",\"contentUrl\":\"https:\\\/\\\/secure.gravatar.com\\\/avatar\\\/2bb7f1561282132fb5826dfeccc66c7996d11ee392ac6aaf7ced8a1c2027fbb2?s=96&d=mm&r=g\",\"caption\":\"Pova\u017esk\u00e9 m\u00fazeum\"}}]}<\/script>\n<!-- \/ Yoast SEO plugin. -->","yoast_head_json":{"title":"\u00daspe\u0161n\u00e1 letn\u00e1 sez\u00f3na v \u017dilinskom kraji - Pova\u017esk\u00e9 m\u00fazeum","robots":{"index":"index","follow":"follow","max-snippet":"max-snippet:-1","max-image-preview":"max-image-preview:large","max-video-preview":"max-video-preview:-1"},"canonical":"https:\/\/pmza.sk\/?p=10796","og_locale":"sk_SK","og_type":"article","og_title":"\u00daspe\u0161n\u00e1 letn\u00e1 sez\u00f3na v \u017dilinskom kraji - Pova\u017esk\u00e9 m\u00fazeum","og_description":"Kult\u00farne in\u0161tit\u00facie v\u00a0zria\u010fovate\u013eskej p\u00f4sobnosti \u017dilinsk\u00e9ho samospr\u00e1vneho kraja (\u017dSK) vyhodnotili uplynul\u00fa letn\u00fa sez\u00f3nu. Hrady, m\u00faze\u00e1 \u010di gal\u00e9rie v\u00a0kraji l\u00e1kaj\u00fa \u010doraz viac obdivovate\u013eov, \u010d\u00edsla n\u00e1v\u0161tevnosti v\u00a0porovnan\u00ed s\u00a0minul\u00fdm letom s\u00fa viac ako pozit\u00edvne. Pod ich po\u010det sa podp\u00edsalo aj nepriazniv\u00e9 po\u010dasie, ke\u010f \u013eudia namiesto k\u00fapal\u00edsk vyh\u013ead\u00e1vali kult\u00faru a\u00a0nav\u0161t\u00edvili niektor\u00e9 zo\u00a0\u017eupn\u00fdch expoz\u00edci\u00ed. S\u00a0pozit\u00edvnymi ohlasmi zo strany verejnosti sa m\u00f4\u017ee [&hellip;]","og_url":"https:\/\/pmza.sk\/?p=10796","og_site_name":"Pova\u017esk\u00e9 m\u00fazeum","article_publisher":"https:\/\/www.facebook.com\/povazskemuzeum","article_published_time":"2014-09-24T06:07:01+00:00","og_image":[{"url":"https:\/\/pmza.sk\/wp-content\/uploads\/2014\/09\/IMG_2193-web.jpg","type":"","width":"","height":""}],"author":"Pova\u017esk\u00e9 m\u00fazeum","twitter_card":"summary_large_image","twitter_misc":{"Autor":"Pova\u017esk\u00e9 m\u00fazeum","Predpokladan\u00fd \u010das \u010d\u00edtania":"2 min\u00faty"},"schema":{"@context":"https:\/\/schema.org","@graph":[{"@type":"Article","@id":"https:\/\/pmza.sk\/?p=10796#article","isPartOf":{"@id":"https:\/\/pmza.sk\/?p=10796"},"author":{"name":"Pova\u017esk\u00e9 m\u00fazeum","@id":"https:\/\/pmza.sk\/#\/schema\/person\/595e6a2ce731ea94dcd5d7f50a41ae33"},"headline":"\u00daspe\u0161n\u00e1 letn\u00e1 sez\u00f3na v \u017dilinskom kraji","datePublished":"2014-09-24T06:07:01+00:00","mainEntityOfPage":{"@id":"https:\/\/pmza.sk\/?p=10796"},"wordCount":345,"publisher":{"@id":"https:\/\/pmza.sk\/#organization"},"image":{"@id":"https:\/\/pmza.sk\/?p=10796#primaryimage"},"thumbnailUrl":"https:\/\/pmza.sk\/wp-content\/uploads\/2014\/09\/IMG_2193-web.jpg","articleSection":["Arch\u00edv 2014"],"inLanguage":"sk-SK"},{"@type":"WebPage","@id":"https:\/\/pmza.sk\/?p=10796","url":"https:\/\/pmza.sk\/?p=10796","name":"\u00daspe\u0161n\u00e1 letn\u00e1 sez\u00f3na v \u017dilinskom kraji - Pova\u017esk\u00e9 m\u00fazeum","isPartOf":{"@id":"https:\/\/pmza.sk\/#website"},"primaryImageOfPage":{"@id":"https:\/\/pmza.sk\/?p=10796#primaryimage"},"image":{"@id":"https:\/\/pmza.sk\/?p=10796#primaryimage"},"thumbnailUrl":"https:\/\/pmza.sk\/wp-content\/uploads\/2014\/09\/IMG_2193-web.jpg","datePublished":"2014-09-24T06:07:01+00:00","breadcrumb":{"@id":"https:\/\/pmza.sk\/?p=10796#breadcrumb"},"inLanguage":"sk-SK","potentialAction":[{"@type":"ReadAction","target":["https:\/\/pmza.sk\/?p=10796"]}]},{"@type":"ImageObject","inLanguage":"sk-SK","@id":"https:\/\/pmza.sk\/?p=10796#primaryimage","url":"https:\/\/pmza.sk\/wp-content\/uploads\/2014\/09\/IMG_2193-web.jpg","contentUrl":"https:\/\/pmza.sk\/wp-content\/uploads\/2014\/09\/IMG_2193-web.jpg","width":683,"height":1024},{"@type":"BreadcrumbList","@id":"https:\/\/pmza.sk\/?p=10796#breadcrumb","itemListElement":[{"@type":"ListItem","position":1,"name":"Domovsk\u00e1 str\u00e1nka","item":"https:\/\/pmza.sk\/"},{"@type":"ListItem","position":2,"name":"\u00daspe\u0161n\u00e1 letn\u00e1 sez\u00f3na v \u017dilinskom kraji"}]},{"@type":"WebSite","@id":"https:\/\/pmza.sk\/#website","url":"https:\/\/pmza.sk\/","name":"Pova\u017esk\u00e9 m\u00fazeum","description":"Pova\u017esk\u00e9 m\u00fazeum v \u017diline je region\u00e1lne m\u00fazeum so s\u00eddlom v Budat\u00edne. Jeho expoz\u00edcie s\u00fa zameran\u00e9 na dejiny slovensk\u00e9ho umenia, kult\u00fary a dopravy.","publisher":{"@id":"https:\/\/pmza.sk\/#organization"},"potentialAction":[{"@type":"SearchAction","target":{"@type":"EntryPoint","urlTemplate":"https:\/\/pmza.sk\/?s={search_term_string}"},"query-input":{"@type":"PropertyValueSpecification","valueRequired":true,"valueName":"search_term_string"}}],"inLanguage":"sk-SK"},{"@type":"Organization","@id":"https:\/\/pmza.sk\/#organization","name":"Pova\u017esk\u00e9 m\u00fazeum","url":"https:\/\/pmza.sk\/","logo":{"@type":"ImageObject","inLanguage":"sk-SK","@id":"https:\/\/pmza.sk\/#\/schema\/logo\/image\/","url":"https:\/\/pmza.sk\/wp-content\/uploads\/2022\/01\/logo_PM_horizontal.jpg","contentUrl":"https:\/\/pmza.sk\/wp-content\/uploads\/2022\/01\/logo_PM_horizontal.jpg","width":231,"height":142,"caption":"Pova\u017esk\u00e9 m\u00fazeum"},"image":{"@id":"https:\/\/pmza.sk\/#\/schema\/logo\/image\/"},"sameAs":["https:\/\/www.facebook.com\/povazskemuzeum","https:\/\/www.instagram.com\/povazskemuzeum\/"]},{"@type":"Person","@id":"https:\/\/pmza.sk\/#\/schema\/person\/595e6a2ce731ea94dcd5d7f50a41ae33","name":"Pova\u017esk\u00e9 m\u00fazeum","image":{"@type":"ImageObject","inLanguage":"sk-SK","@id":"https:\/\/secure.gravatar.com\/avatar\/2bb7f1561282132fb5826dfeccc66c7996d11ee392ac6aaf7ced8a1c2027fbb2?s=96&d=mm&r=g","url":"https:\/\/secure.gravatar.com\/avatar\/2bb7f1561282132fb5826dfeccc66c7996d11ee392ac6aaf7ced8a1c2027fbb2?s=96&d=mm&r=g","contentUrl":"https:\/\/secure.gravatar.com\/avatar\/2bb7f1561282132fb5826dfeccc66c7996d11ee392ac6aaf7ced8a1c2027fbb2?s=96&d=mm&r=g","caption":"Pova\u017esk\u00e9 m\u00fazeum"}}]}},"_links":{"self":[{"href":"https:\/\/pmza.sk\/index.php?rest_route=\/wp\/v2\/posts\/10796","targetHints":{"allow":["GET"]}}],"collection":[{"href":"https:\/\/pmza.sk\/index.php?rest_route=\/wp\/v2\/posts"}],"about":[{"href":"https:\/\/pmza.sk\/index.php?rest_route=\/wp\/v2\/types\/post"}],"author":[{"embeddable":true,"href":"https:\/\/pmza.sk\/index.php?rest_route=\/wp\/v2\/users\/2"}],"replies":[{"embeddable":true,"href":"https:\/\/pmza.sk\/index.php?rest_route=%2Fwp%2Fv2%2Fcomments&post=10796"}],"version-history":[{"count":0,"href":"https:\/\/pmza.sk\/index.php?rest_route=\/wp\/v2\/posts\/10796\/revisions"}],"wp:attachment":[{"href":"https:\/\/pmza.sk\/index.php?rest_route=%2Fwp%2Fv2%2Fmedia&parent=10796"}],"wp:term":[{"taxonomy":"category","embeddable":true,"href":"https:\/\/pmza.sk\/index.php?rest_route=%2Fwp%2Fv2%2Fcategories&post=10796"},{"taxonomy":"post_tag","embeddable":true,"href":"https:\/\/pmza.sk\/index.php?rest_route=%2Fwp%2Fv2%2Ftags&post=10796"}],"curies":[{"name":"wp","href":"https:\/\/api.w.org\/{rel}","templated":true}]}}