{"id":10835,"date":"2014-10-02T12:27:00","date_gmt":"2014-10-02T10:27:00","guid":{"rendered":"https:\/\/pmza.sk.sk\/?p=10835"},"modified":"2014-10-02T12:27:00","modified_gmt":"2014-10-02T10:27:00","slug":"nostalgicka-jazda-rajeckou-ancou-2","status":"publish","type":"post","link":"https:\/\/pmza.sk\/?p=10835","title":{"rendered":"Nostalgick\u00e1 jazda Rajeckou An\u010dou"},"content":{"rendered":"<p><a href=\"https:\/\/pmza.sk\/wp-content\/uploads\/2014\/10\/Nostalgicka-jazda-Rajeckou-Ancou_web.jpg\"><img decoding=\"async\" class=\"alignleft size-full wp-image-10824\" alt=\"Nostalgick\u00e1 jazda Rajeckou An\u010dou_web\" src=\"https:\/\/pmza.sk\/wp-content\/uploads\/2014\/10\/Nostalgicka-jazda-Rajeckou-Ancou_web.jpg\" width=\"150\" height=\"215\" srcset=\"https:\/\/pmza.sk\/wp-content\/uploads\/2014\/10\/Nostalgicka-jazda-Rajeckou-Ancou_web.jpg 710w, https:\/\/pmza.sk\/wp-content\/uploads\/2014\/10\/Nostalgicka-jazda-Rajeckou-Ancou_web-250x360.jpg 250w, https:\/\/pmza.sk\/wp-content\/uploads\/2014\/10\/Nostalgicka-jazda-Rajeckou-Ancou_web-510x736.jpg 510w, https:\/\/pmza.sk\/wp-content\/uploads\/2014\/10\/Nostalgicka-jazda-Rajeckou-Ancou_web-600x865.jpg 600w\" sizes=\"(max-width: 150px) 100vw, 150px\" \/><\/a>Chcete za\u017ei\u0165, ako sa cestovalo na \u017eeleznici pred 60 rokmi? Pon\u00fakame V\u00e1m mo\u017enos\u0165 odviez\u0165 sa historick\u00fdm motorov\u00fdm vl\u00e1\u010dikom\u00a0<strong>Hurv\u00ednek<\/strong> na trati \u017dilina \u2013 Rajec.<\/p>\n<p>Do M\u00fazea dopravy v\u00a0Rajeck\u00fdch Tepliciach dovezie n\u00e1v\u0161tevn\u00edkov po\u010das v\u00edkendu <strong>11. \u2013 12. 10. 2014<\/strong> historick\u00fd motorov\u00fd vlak na \u010dele s motorov\u00fdm voz\u0148om M131.1443 zvan\u00fdm Hurv\u00ednek. Podujatie <strong>Nostalgick\u00e1 jazda Rajeckou An\u010dou<\/strong> sa kon\u00e1 u\u017e po piaty raz. Uskuto\u010d\u0148uje sa v \u010dase, kedy si miestna \u017eeleznica \u017dilina \u2013 Rajec pripom\u00edna 115. v\u00fdro\u010die svojho uvedenia do prev\u00e1dzky (10. okt\u00f3bra 1899). Rajeck\u00e1 An\u010da je prez\u00fdvka prv\u00e9ho ru\u0161\u0148a na rajeckej \u017eeleznici.<!--more--><img decoding=\"async\" title=\"\u010c\u00edtajte \u010falej...\" alt=\"\" src=\"https:\/\/pmza.sk.sk\/wp-includes\/js\/tinymce\/plugins\/wordpress\/img\/trans.gif\" \/><\/p>\n<p><i>\u201eJe to mo\u017enos\u0165, ako za\u017ei\u0165 sp\u00f4sob cestovania na \u017eeleznici pred 60 rokmi. Popritom m\u00f4\u017eu z\u00e1ujemcovia nav\u0161t\u00edvi\u0165 k\u00fape\u013en\u00e9 meste\u010dko Rajeck\u00e9 Teplice a pozrie\u0165 si tu na\u0161e m\u00fazeum dopravy, v ktorom na nich \u010dak\u00e1 nieko\u013eko zauj\u00edmavost\u00ed,\u201c<\/i> uviedol riadite\u013e Pova\u017esk\u00e9ho m\u00fazea v\u00a0\u017diline Ladislav Cimer\u00e1k. Jazdy historick\u00fdm vlakom sa uskuto\u010dnia po oba dni v\u00edkendu 11. a\u00a012. okt\u00f3bra. Hurv\u00ednek od\u00edde zo \u017eilinskej \u017eelezni\u010dnej stanice o 9.30 a 13.30 hod., z Rajca p\u00f4jde o 11.30 a 15.30 hod. Presn\u00e9 \u010dasy historick\u00fdch j\u00e1zd s\u00fa uveden\u00e9 na plag\u00e1te. Hurv\u00ednek m\u00e1 dreven\u00e9 sedadl\u00e1 a nieko\u013eko desa\u0165ro\u010d\u00ed poslu\u0161ne pracuj\u00faci motor z podniku Tatra Stud\u00e9nka s typick\u00fdm zvukom i v\u00f4\u0148ou.<i> \u201eAk vyst\u00fapite v Rajeck\u00fdch Tepliciach, v M\u00fazeu dopravy na \u017eelezni\u010dnej zast\u00e1vke bude pre V\u00e1s pripraven\u00e1 v\u00fdstava t\u00fdkaj\u00faca sa 115 rokov v\u00fdvoja \u017eeleznice \u017dilina \u2013 Rajec, hry pre deti a mal\u00e9 motoristick\u00e9 prekvapenie. Po pr\u00edchode vlaku bude pripraven\u00fd interakt\u00edvny lektorsk\u00fd v\u00fdklad a nebude ch\u00fdba\u0165 uk\u00e1\u017eka parn\u00e9ho stroja, funk\u010dn\u00e9 modely a expon\u00e1ty, ako aj dobov\u00e9 uniformy a cestovn\u00e9 l\u00edstky,\u201c <\/i>pribl\u00ed\u017eil historik PMZA Peter \u0160imko.<\/p>\n<p>Podujatie organizuje Spolo\u010dnos\u0165 Pova\u017eskej dr\u00e1hy \u017dilina a Pova\u017esk\u00e9 m\u00fazeum v \u017diline v\u00a0zria\u010fovate\u013eskej p\u00f4sobnosti \u017dilinsk\u00e9ho samospr\u00e1vneho kraja s\u00a0finan\u010dnou podporou Mesta \u017dilina.<\/p>\n","protected":false},"excerpt":{"rendered":"<p>Chcete za\u017ei\u0165, ako sa cestovalo na \u017eeleznici pred 60 rokmi? Pon\u00fakame V\u00e1m mo\u017enos\u0165 odviez\u0165 sa historick\u00fdm motorov\u00fdm vl\u00e1\u010dikom\u00a0Hurv\u00ednek na trati \u017dilina \u2013 Rajec. Do M\u00fazea dopravy v\u00a0Rajeck\u00fdch Tepliciach dovezie n\u00e1v\u0161tevn\u00edkov po\u010das v\u00edkendu 11. \u2013 12. 10. 2014 historick\u00fd motorov\u00fd vlak na \u010dele s motorov\u00fdm voz\u0148om M131.1443 zvan\u00fdm Hurv\u00ednek. Podujatie Nostalgick\u00e1 jazda Rajeckou An\u010dou sa kon\u00e1 [&hellip;]<\/p>\n","protected":false},"author":2,"featured_media":0,"comment_status":"closed","ping_status":"closed","sticky":false,"template":"","format":"standard","meta":{"site-sidebar-layout":"default","site-content-layout":"","ast-site-content-layout":"","site-content-style":"default","site-sidebar-style":"default","ast-global-header-display":"","ast-banner-title-visibility":"","ast-main-header-display":"","ast-hfb-above-header-display":"","ast-hfb-below-header-display":"","ast-hfb-mobile-header-display":"","site-post-title":"","ast-breadcrumbs-content":"","ast-featured-img":"","footer-sml-layout":"","theme-transparent-header-meta":"","adv-header-id-meta":"","stick-header-meta":"","header-above-stick-meta":"","header-main-stick-meta":"","header-below-stick-meta":"","astra-migrate-meta-layouts":"default","ast-page-background-enabled":"default","ast-page-background-meta":{"desktop":{"background-color":"var(--ast-global-color-4)","background-image":"","background-repeat":"repeat","background-position":"center center","background-size":"auto","background-attachment":"scroll","background-type":"","background-media":"","overlay-type":"","overlay-color":"","overlay-opacity":"","overlay-gradient":""},"tablet":{"background-color":"","background-image":"","background-repeat":"repeat","background-position":"center center","background-size":"auto","background-attachment":"scroll","background-type":"","background-media":"","overlay-type":"","overlay-color":"","overlay-opacity":"","overlay-gradient":""},"mobile":{"background-color":"","background-image":"","background-repeat":"repeat","background-position":"center center","background-size":"auto","background-attachment":"scroll","background-type":"","background-media":"","overlay-type":"","overlay-color":"","overlay-opacity":"","overlay-gradient":""}},"ast-content-background-meta":{"desktop":{"background-color":"var(--ast-global-color-5)","background-image":"","background-repeat":"repeat","background-position":"center center","background-size":"auto","background-attachment":"scroll","background-type":"","background-media":"","overlay-type":"","overlay-color":"","overlay-opacity":"","overlay-gradient":""},"tablet":{"background-color":"var(--ast-global-color-5)","background-image":"","background-repeat":"repeat","background-position":"center center","background-size":"auto","background-attachment":"scroll","background-type":"","background-media":"","overlay-type":"","overlay-color":"","overlay-opacity":"","overlay-gradient":""},"mobile":{"background-color":"var(--ast-global-color-5)","background-image":"","background-repeat":"repeat","background-position":"center center","background-size":"auto","background-attachment":"scroll","background-type":"","background-media":"","overlay-type":"","overlay-color":"","overlay-opacity":"","overlay-gradient":""}},"footnotes":""},"categories":[36],"tags":[],"class_list":["post-10835","post","type-post","status-publish","format-standard","hentry","category-archiv-2014"],"yoast_head":"<!-- This site is optimized with the Yoast SEO plugin v27.4 - https:\/\/yoast.com\/product\/yoast-seo-wordpress\/ -->\n<title>Nostalgick\u00e1 jazda Rajeckou An\u010dou - Pova\u017esk\u00e9 m\u00fazeum<\/title>\n<meta name=\"robots\" content=\"index, follow, max-snippet:-1, max-image-preview:large, max-video-preview:-1\" \/>\n<link rel=\"canonical\" href=\"https:\/\/pmza.sk\/?p=10835\" \/>\n<meta property=\"og:locale\" content=\"sk_SK\" \/>\n<meta property=\"og:type\" content=\"article\" \/>\n<meta property=\"og:title\" content=\"Nostalgick\u00e1 jazda Rajeckou An\u010dou - Pova\u017esk\u00e9 m\u00fazeum\" \/>\n<meta property=\"og:description\" content=\"Chcete za\u017ei\u0165, ako sa cestovalo na \u017eeleznici pred 60 rokmi? Pon\u00fakame V\u00e1m mo\u017enos\u0165 odviez\u0165 sa historick\u00fdm motorov\u00fdm vl\u00e1\u010dikom\u00a0Hurv\u00ednek na trati \u017dilina \u2013 Rajec. Do M\u00fazea dopravy v\u00a0Rajeck\u00fdch Tepliciach dovezie n\u00e1v\u0161tevn\u00edkov po\u010das v\u00edkendu 11. \u2013 12. 10. 2014 historick\u00fd motorov\u00fd vlak na \u010dele s motorov\u00fdm voz\u0148om M131.1443 zvan\u00fdm Hurv\u00ednek. Podujatie Nostalgick\u00e1 jazda Rajeckou An\u010dou sa kon\u00e1 [&hellip;]\" \/>\n<meta property=\"og:url\" content=\"https:\/\/pmza.sk\/?p=10835\" \/>\n<meta property=\"og:site_name\" content=\"Pova\u017esk\u00e9 m\u00fazeum\" \/>\n<meta property=\"article:publisher\" content=\"https:\/\/www.facebook.com\/povazskemuzeum\" \/>\n<meta property=\"article:published_time\" content=\"2014-10-02T10:27:00+00:00\" \/>\n<meta property=\"og:image\" content=\"https:\/\/pmza.sk\/wp-content\/uploads\/2014\/10\/Nostalgicka-jazda-Rajeckou-Ancou_web.jpg\" \/>\n<meta name=\"author\" content=\"Pova\u017esk\u00e9 m\u00fazeum\" \/>\n<meta name=\"twitter:card\" content=\"summary_large_image\" \/>\n<meta name=\"twitter:label1\" content=\"Autor\" \/>\n\t<meta name=\"twitter:data1\" content=\"Pova\u017esk\u00e9 m\u00fazeum\" \/>\n\t<meta name=\"twitter:label2\" content=\"Predpokladan\u00fd \u010das \u010d\u00edtania\" \/>\n\t<meta name=\"twitter:data2\" content=\"2 min\u00faty\" \/>\n<script type=\"application\/ld+json\" class=\"yoast-schema-graph\">{\"@context\":\"https:\\\/\\\/schema.org\",\"@graph\":[{\"@type\":\"Article\",\"@id\":\"https:\\\/\\\/pmza.sk\\\/?p=10835#article\",\"isPartOf\":{\"@id\":\"https:\\\/\\\/pmza.sk\\\/?p=10835\"},\"author\":{\"name\":\"Pova\u017esk\u00e9 m\u00fazeum\",\"@id\":\"https:\\\/\\\/pmza.sk\\\/#\\\/schema\\\/person\\\/595e6a2ce731ea94dcd5d7f50a41ae33\"},\"headline\":\"Nostalgick\u00e1 jazda Rajeckou An\u010dou\",\"datePublished\":\"2014-10-02T10:27:00+00:00\",\"mainEntityOfPage\":{\"@id\":\"https:\\\/\\\/pmza.sk\\\/?p=10835\"},\"wordCount\":359,\"publisher\":{\"@id\":\"https:\\\/\\\/pmza.sk\\\/#organization\"},\"image\":{\"@id\":\"https:\\\/\\\/pmza.sk\\\/?p=10835#primaryimage\"},\"thumbnailUrl\":\"http:\\\/\\\/pmza.sk\\\/wp-content\\\/uploads\\\/2014\\\/10\\\/Nostalgicka-jazda-Rajeckou-Ancou_web.jpg\",\"articleSection\":[\"Arch\u00edv 2014\"],\"inLanguage\":\"sk-SK\"},{\"@type\":\"WebPage\",\"@id\":\"https:\\\/\\\/pmza.sk\\\/?p=10835\",\"url\":\"https:\\\/\\\/pmza.sk\\\/?p=10835\",\"name\":\"Nostalgick\u00e1 jazda Rajeckou An\u010dou - Pova\u017esk\u00e9 m\u00fazeum\",\"isPartOf\":{\"@id\":\"https:\\\/\\\/pmza.sk\\\/#website\"},\"primaryImageOfPage\":{\"@id\":\"https:\\\/\\\/pmza.sk\\\/?p=10835#primaryimage\"},\"image\":{\"@id\":\"https:\\\/\\\/pmza.sk\\\/?p=10835#primaryimage\"},\"thumbnailUrl\":\"http:\\\/\\\/pmza.sk\\\/wp-content\\\/uploads\\\/2014\\\/10\\\/Nostalgicka-jazda-Rajeckou-Ancou_web.jpg\",\"datePublished\":\"2014-10-02T10:27:00+00:00\",\"breadcrumb\":{\"@id\":\"https:\\\/\\\/pmza.sk\\\/?p=10835#breadcrumb\"},\"inLanguage\":\"sk-SK\",\"potentialAction\":[{\"@type\":\"ReadAction\",\"target\":[\"https:\\\/\\\/pmza.sk\\\/?p=10835\"]}]},{\"@type\":\"ImageObject\",\"inLanguage\":\"sk-SK\",\"@id\":\"https:\\\/\\\/pmza.sk\\\/?p=10835#primaryimage\",\"url\":\"https:\\\/\\\/pmza.sk\\\/wp-content\\\/uploads\\\/2014\\\/10\\\/Nostalgicka-jazda-Rajeckou-Ancou_web.jpg\",\"contentUrl\":\"https:\\\/\\\/pmza.sk\\\/wp-content\\\/uploads\\\/2014\\\/10\\\/Nostalgicka-jazda-Rajeckou-Ancou_web.jpg\",\"width\":710,\"height\":1024},{\"@type\":\"BreadcrumbList\",\"@id\":\"https:\\\/\\\/pmza.sk\\\/?p=10835#breadcrumb\",\"itemListElement\":[{\"@type\":\"ListItem\",\"position\":1,\"name\":\"Domovsk\u00e1 str\u00e1nka\",\"item\":\"https:\\\/\\\/pmza.sk\\\/\"},{\"@type\":\"ListItem\",\"position\":2,\"name\":\"Nostalgick\u00e1 jazda Rajeckou An\u010dou\"}]},{\"@type\":\"WebSite\",\"@id\":\"https:\\\/\\\/pmza.sk\\\/#website\",\"url\":\"https:\\\/\\\/pmza.sk\\\/\",\"name\":\"Pova\u017esk\u00e9 m\u00fazeum\",\"description\":\"Pova\u017esk\u00e9 m\u00fazeum v \u017diline je region\u00e1lne m\u00fazeum so s\u00eddlom v Budat\u00edne. Jeho expoz\u00edcie s\u00fa zameran\u00e9 na dejiny slovensk\u00e9ho umenia, kult\u00fary a dopravy.\",\"publisher\":{\"@id\":\"https:\\\/\\\/pmza.sk\\\/#organization\"},\"potentialAction\":[{\"@type\":\"SearchAction\",\"target\":{\"@type\":\"EntryPoint\",\"urlTemplate\":\"https:\\\/\\\/pmza.sk\\\/?s={search_term_string}\"},\"query-input\":{\"@type\":\"PropertyValueSpecification\",\"valueRequired\":true,\"valueName\":\"search_term_string\"}}],\"inLanguage\":\"sk-SK\"},{\"@type\":\"Organization\",\"@id\":\"https:\\\/\\\/pmza.sk\\\/#organization\",\"name\":\"Pova\u017esk\u00e9 m\u00fazeum\",\"url\":\"https:\\\/\\\/pmza.sk\\\/\",\"logo\":{\"@type\":\"ImageObject\",\"inLanguage\":\"sk-SK\",\"@id\":\"https:\\\/\\\/pmza.sk\\\/#\\\/schema\\\/logo\\\/image\\\/\",\"url\":\"https:\\\/\\\/pmza.sk\\\/wp-content\\\/uploads\\\/2022\\\/01\\\/logo_PM_horizontal.jpg\",\"contentUrl\":\"https:\\\/\\\/pmza.sk\\\/wp-content\\\/uploads\\\/2022\\\/01\\\/logo_PM_horizontal.jpg\",\"width\":231,\"height\":142,\"caption\":\"Pova\u017esk\u00e9 m\u00fazeum\"},\"image\":{\"@id\":\"https:\\\/\\\/pmza.sk\\\/#\\\/schema\\\/logo\\\/image\\\/\"},\"sameAs\":[\"https:\\\/\\\/www.facebook.com\\\/povazskemuzeum\",\"https:\\\/\\\/www.instagram.com\\\/povazskemuzeum\\\/\"]},{\"@type\":\"Person\",\"@id\":\"https:\\\/\\\/pmza.sk\\\/#\\\/schema\\\/person\\\/595e6a2ce731ea94dcd5d7f50a41ae33\",\"name\":\"Pova\u017esk\u00e9 m\u00fazeum\",\"image\":{\"@type\":\"ImageObject\",\"inLanguage\":\"sk-SK\",\"@id\":\"https:\\\/\\\/secure.gravatar.com\\\/avatar\\\/2bb7f1561282132fb5826dfeccc66c7996d11ee392ac6aaf7ced8a1c2027fbb2?s=96&d=mm&r=g\",\"url\":\"https:\\\/\\\/secure.gravatar.com\\\/avatar\\\/2bb7f1561282132fb5826dfeccc66c7996d11ee392ac6aaf7ced8a1c2027fbb2?s=96&d=mm&r=g\",\"contentUrl\":\"https:\\\/\\\/secure.gravatar.com\\\/avatar\\\/2bb7f1561282132fb5826dfeccc66c7996d11ee392ac6aaf7ced8a1c2027fbb2?s=96&d=mm&r=g\",\"caption\":\"Pova\u017esk\u00e9 m\u00fazeum\"}}]}<\/script>\n<!-- \/ Yoast SEO plugin. -->","yoast_head_json":{"title":"Nostalgick\u00e1 jazda Rajeckou An\u010dou - Pova\u017esk\u00e9 m\u00fazeum","robots":{"index":"index","follow":"follow","max-snippet":"max-snippet:-1","max-image-preview":"max-image-preview:large","max-video-preview":"max-video-preview:-1"},"canonical":"https:\/\/pmza.sk\/?p=10835","og_locale":"sk_SK","og_type":"article","og_title":"Nostalgick\u00e1 jazda Rajeckou An\u010dou - Pova\u017esk\u00e9 m\u00fazeum","og_description":"Chcete za\u017ei\u0165, ako sa cestovalo na \u017eeleznici pred 60 rokmi? Pon\u00fakame V\u00e1m mo\u017enos\u0165 odviez\u0165 sa historick\u00fdm motorov\u00fdm vl\u00e1\u010dikom\u00a0Hurv\u00ednek na trati \u017dilina \u2013 Rajec. Do M\u00fazea dopravy v\u00a0Rajeck\u00fdch Tepliciach dovezie n\u00e1v\u0161tevn\u00edkov po\u010das v\u00edkendu 11. \u2013 12. 10. 2014 historick\u00fd motorov\u00fd vlak na \u010dele s motorov\u00fdm voz\u0148om M131.1443 zvan\u00fdm Hurv\u00ednek. Podujatie Nostalgick\u00e1 jazda Rajeckou An\u010dou sa kon\u00e1 [&hellip;]","og_url":"https:\/\/pmza.sk\/?p=10835","og_site_name":"Pova\u017esk\u00e9 m\u00fazeum","article_publisher":"https:\/\/www.facebook.com\/povazskemuzeum","article_published_time":"2014-10-02T10:27:00+00:00","og_image":[{"url":"https:\/\/pmza.sk\/wp-content\/uploads\/2014\/10\/Nostalgicka-jazda-Rajeckou-Ancou_web.jpg","type":"","width":"","height":""}],"author":"Pova\u017esk\u00e9 m\u00fazeum","twitter_card":"summary_large_image","twitter_misc":{"Autor":"Pova\u017esk\u00e9 m\u00fazeum","Predpokladan\u00fd \u010das \u010d\u00edtania":"2 min\u00faty"},"schema":{"@context":"https:\/\/schema.org","@graph":[{"@type":"Article","@id":"https:\/\/pmza.sk\/?p=10835#article","isPartOf":{"@id":"https:\/\/pmza.sk\/?p=10835"},"author":{"name":"Pova\u017esk\u00e9 m\u00fazeum","@id":"https:\/\/pmza.sk\/#\/schema\/person\/595e6a2ce731ea94dcd5d7f50a41ae33"},"headline":"Nostalgick\u00e1 jazda Rajeckou An\u010dou","datePublished":"2014-10-02T10:27:00+00:00","mainEntityOfPage":{"@id":"https:\/\/pmza.sk\/?p=10835"},"wordCount":359,"publisher":{"@id":"https:\/\/pmza.sk\/#organization"},"image":{"@id":"https:\/\/pmza.sk\/?p=10835#primaryimage"},"thumbnailUrl":"https:\/\/pmza.sk\/wp-content\/uploads\/2014\/10\/Nostalgicka-jazda-Rajeckou-Ancou_web.jpg","articleSection":["Arch\u00edv 2014"],"inLanguage":"sk-SK"},{"@type":"WebPage","@id":"https:\/\/pmza.sk\/?p=10835","url":"https:\/\/pmza.sk\/?p=10835","name":"Nostalgick\u00e1 jazda Rajeckou An\u010dou - Pova\u017esk\u00e9 m\u00fazeum","isPartOf":{"@id":"https:\/\/pmza.sk\/#website"},"primaryImageOfPage":{"@id":"https:\/\/pmza.sk\/?p=10835#primaryimage"},"image":{"@id":"https:\/\/pmza.sk\/?p=10835#primaryimage"},"thumbnailUrl":"https:\/\/pmza.sk\/wp-content\/uploads\/2014\/10\/Nostalgicka-jazda-Rajeckou-Ancou_web.jpg","datePublished":"2014-10-02T10:27:00+00:00","breadcrumb":{"@id":"https:\/\/pmza.sk\/?p=10835#breadcrumb"},"inLanguage":"sk-SK","potentialAction":[{"@type":"ReadAction","target":["https:\/\/pmza.sk\/?p=10835"]}]},{"@type":"ImageObject","inLanguage":"sk-SK","@id":"https:\/\/pmza.sk\/?p=10835#primaryimage","url":"https:\/\/pmza.sk\/wp-content\/uploads\/2014\/10\/Nostalgicka-jazda-Rajeckou-Ancou_web.jpg","contentUrl":"https:\/\/pmza.sk\/wp-content\/uploads\/2014\/10\/Nostalgicka-jazda-Rajeckou-Ancou_web.jpg","width":710,"height":1024},{"@type":"BreadcrumbList","@id":"https:\/\/pmza.sk\/?p=10835#breadcrumb","itemListElement":[{"@type":"ListItem","position":1,"name":"Domovsk\u00e1 str\u00e1nka","item":"https:\/\/pmza.sk\/"},{"@type":"ListItem","position":2,"name":"Nostalgick\u00e1 jazda Rajeckou An\u010dou"}]},{"@type":"WebSite","@id":"https:\/\/pmza.sk\/#website","url":"https:\/\/pmza.sk\/","name":"Pova\u017esk\u00e9 m\u00fazeum","description":"Pova\u017esk\u00e9 m\u00fazeum v \u017diline je region\u00e1lne m\u00fazeum so s\u00eddlom v Budat\u00edne. Jeho expoz\u00edcie s\u00fa zameran\u00e9 na dejiny slovensk\u00e9ho umenia, kult\u00fary a dopravy.","publisher":{"@id":"https:\/\/pmza.sk\/#organization"},"potentialAction":[{"@type":"SearchAction","target":{"@type":"EntryPoint","urlTemplate":"https:\/\/pmza.sk\/?s={search_term_string}"},"query-input":{"@type":"PropertyValueSpecification","valueRequired":true,"valueName":"search_term_string"}}],"inLanguage":"sk-SK"},{"@type":"Organization","@id":"https:\/\/pmza.sk\/#organization","name":"Pova\u017esk\u00e9 m\u00fazeum","url":"https:\/\/pmza.sk\/","logo":{"@type":"ImageObject","inLanguage":"sk-SK","@id":"https:\/\/pmza.sk\/#\/schema\/logo\/image\/","url":"https:\/\/pmza.sk\/wp-content\/uploads\/2022\/01\/logo_PM_horizontal.jpg","contentUrl":"https:\/\/pmza.sk\/wp-content\/uploads\/2022\/01\/logo_PM_horizontal.jpg","width":231,"height":142,"caption":"Pova\u017esk\u00e9 m\u00fazeum"},"image":{"@id":"https:\/\/pmza.sk\/#\/schema\/logo\/image\/"},"sameAs":["https:\/\/www.facebook.com\/povazskemuzeum","https:\/\/www.instagram.com\/povazskemuzeum\/"]},{"@type":"Person","@id":"https:\/\/pmza.sk\/#\/schema\/person\/595e6a2ce731ea94dcd5d7f50a41ae33","name":"Pova\u017esk\u00e9 m\u00fazeum","image":{"@type":"ImageObject","inLanguage":"sk-SK","@id":"https:\/\/secure.gravatar.com\/avatar\/2bb7f1561282132fb5826dfeccc66c7996d11ee392ac6aaf7ced8a1c2027fbb2?s=96&d=mm&r=g","url":"https:\/\/secure.gravatar.com\/avatar\/2bb7f1561282132fb5826dfeccc66c7996d11ee392ac6aaf7ced8a1c2027fbb2?s=96&d=mm&r=g","contentUrl":"https:\/\/secure.gravatar.com\/avatar\/2bb7f1561282132fb5826dfeccc66c7996d11ee392ac6aaf7ced8a1c2027fbb2?s=96&d=mm&r=g","caption":"Pova\u017esk\u00e9 m\u00fazeum"}}]}},"_links":{"self":[{"href":"https:\/\/pmza.sk\/index.php?rest_route=\/wp\/v2\/posts\/10835","targetHints":{"allow":["GET"]}}],"collection":[{"href":"https:\/\/pmza.sk\/index.php?rest_route=\/wp\/v2\/posts"}],"about":[{"href":"https:\/\/pmza.sk\/index.php?rest_route=\/wp\/v2\/types\/post"}],"author":[{"embeddable":true,"href":"https:\/\/pmza.sk\/index.php?rest_route=\/wp\/v2\/users\/2"}],"replies":[{"embeddable":true,"href":"https:\/\/pmza.sk\/index.php?rest_route=%2Fwp%2Fv2%2Fcomments&post=10835"}],"version-history":[{"count":0,"href":"https:\/\/pmza.sk\/index.php?rest_route=\/wp\/v2\/posts\/10835\/revisions"}],"wp:attachment":[{"href":"https:\/\/pmza.sk\/index.php?rest_route=%2Fwp%2Fv2%2Fmedia&parent=10835"}],"wp:term":[{"taxonomy":"category","embeddable":true,"href":"https:\/\/pmza.sk\/index.php?rest_route=%2Fwp%2Fv2%2Fcategories&post=10835"},{"taxonomy":"post_tag","embeddable":true,"href":"https:\/\/pmza.sk\/index.php?rest_route=%2Fwp%2Fv2%2Ftags&post=10835"}],"curies":[{"name":"wp","href":"https:\/\/api.w.org\/{rel}","templated":true}]}}