{"id":10867,"date":"2014-10-26T15:04:15","date_gmt":"2014-10-26T14:04:15","guid":{"rendered":"https:\/\/pmza.sk.sk\/?p=10867"},"modified":"2014-10-26T15:04:15","modified_gmt":"2014-10-26T14:04:15","slug":"noc-duchov-tekvic-a-strasidiel-2","status":"publish","type":"post","link":"https:\/\/pmza.sk\/?p=10867","title":{"rendered":"Noc duchov, tekv\u00edc a stra\u0161idiel"},"content":{"rendered":"<p><a href=\"https:\/\/pmza.sk\/wp-content\/uploads\/2014\/10\/noc_duchov_QR-a-GPS-scaled-1.jpg\"><img decoding=\"async\" class=\"alignleft size-full wp-image-10921\" src=\"https:\/\/pmza.sk\/wp-content\/uploads\/2014\/10\/noc_duchov_QR-a-GPS_web.jpg\" alt=\"noc_duchov_QR a GPS_web\" width=\"178\" height=\"255\" srcset=\"https:\/\/pmza.sk\/wp-content\/uploads\/2014\/10\/noc_duchov_QR-a-GPS_web.jpg 713w, https:\/\/pmza.sk\/wp-content\/uploads\/2014\/10\/noc_duchov_QR-a-GPS_web-251x360.jpg 251w, https:\/\/pmza.sk\/wp-content\/uploads\/2014\/10\/noc_duchov_QR-a-GPS_web-512x736.jpg 512w, https:\/\/pmza.sk\/wp-content\/uploads\/2014\/10\/noc_duchov_QR-a-GPS_web-600x862.jpg 600w\" sizes=\"(max-width: 178px) 100vw, 178px\" \/><\/a>Pova\u017esk\u00e9 m\u00fazeum v \u017diline v zria\u010fovate\u013eskej p\u00f4sobnosti \u017dilinsk\u00e9ho samospr\u00e1vneho kraja v spolupr\u00e1ci s Krajskou hvezd\u00e1r\u0148ou v \u017diline pripravuj\u00fa z\u00e1vere\u010dn\u00e9 podujatie aktu\u00e1lnej sez\u00f3ny na hrade Stre\u010dno &#8211; <strong>Noc duchov, tekv\u00edc a stra\u0161idiel<\/strong> &#8211; 29. 10. 2014 od 18.00 &#8211; 21.00 hod.<\/p>\n<p>* pozorovanie tmy i nebesk\u00fdch telies<\/p>\n<p>* delostrelci s kapr\u00e1lom \u010carom namie\u0161aj\u00fa \u010darodelogu\u013eu<\/p>\n<p>* hradn\u00ed duchovia, kostlivci, mu\u010den\u00e9 du\u0161e, strigy a in\u00e9 potvory<\/p>\n<p>*Jack Rozparova\u010d, &#8222;Zrod Vlkodlaka&#8220;<\/p>\n<p>* \u010daro\u010daj a pe\u010den\u00e1 \u010darodobrota<!--more--><\/p>\n<p><i>\u201eHrad Stre\u010dno a\u00a0stredovek\u00fa dedinu Paseka sme tento rok otv\u00e1rali v\u010faka priazniv\u00e9mu po\u010dasiu u\u017e v\u00a0z\u00e1vere marca. O\u00a0\u00faspe\u0161nosti tohtoro\u010dnej sez\u00f3ny sved\u010d\u00ed po\u010det n\u00e1v\u0161tevn\u00edkov presahuj\u00faci 45-tis\u00edc. Aj preto si ich chceme na z\u00e1ver aktu\u00e1lnej sez\u00f3ny ucti\u0165 pestr\u00fdm a\u00a0atrakt\u00edvnym programom,\u201c <\/i>povedal riadite\u013e Pova\u017esk\u00e9ho m\u00fazea v\u00a0\u017diline Ladislav Cimer\u00e1k. Hrad Stre\u010dno a\u00a0stredovek\u00e1 dedina Paseka v\u00a0podhrad\u00ed s\u00fa ka\u017edoro\u010dne otvoren\u00e9 denne od apr\u00edla do okt\u00f3bra, v\u00a0novembri len po\u010das v\u00edkendov.<\/p>\n<p>Na podujat\u00ed Noc duchov, tekv\u00edc a\u00a0stra\u0161idiel n\u00e1v\u0161tevn\u00edkov priv\u00edta Skupina historick\u00e9ho \u0161ermu Wagus, divadelno-improviza\u010dn\u00e9 zoskupenie Kapor na sc\u00e9ne, spolupracovn\u00edci Krajskej hvezd\u00e1rne v\u00a0\u017diline, stre\u010dnianski delostrelci a\u00a0mnoh\u00ed \u010fal\u0161\u00ed. <i>\u201eHne\u010f na \u00favod podujatia bude pripraven\u00fd \u010daro\u010daj u\u00a0Moniky, v\u00a0hrade sa pobij\u00fa pir\u00e1ti, n\u00e1v\u0161tevn\u00edkov \u010dak\u00e1 stredovek\u00e1 tort\u00fara. Strigami a\u00a0hradn\u00fdmi duchmi sa to bude na hrade len tak hem\u017ei\u0165. Ani dere\u0161 nezostane nepov\u0161imnut\u00fd a\u00a0v\u00a0tento ve\u010der bude atmosf\u00e9ra v\u00a0pr\u00edtm\u00ed kaplnky tajomnohus\u013eov\u00e1,\u201c<\/i> prezradila spr\u00e1vky\u0148a hradu Stre\u010dno Katar\u00edna Rep\u00e1\u0148ov\u00e1. Vstup na podujatie je vhodn\u00fd pre deti od 8 rokov.<\/p>\n<p>Tekvice bud\u00fa tento rok na hrade v\u010faka n\u00e1v\u0161tevn\u00edkom Budat\u00ednskeho r\u00ednka, ktor\u00ed ich vlastnoru\u010dne vyre\u017e\u00fa a\u00a0dones\u00fa na podujatie 25. okt\u00f3bra do are\u00e1lu Budat\u00ednskeho hradu. Na z\u00e1klade prinesen\u00fdch tekv\u00edc maj\u00fa mo\u017enos\u0165 z\u00edska\u0165 \u017erebovan\u00edm vo\u013en\u00fd vstup na podujatie Noc duchov, tekv\u00edc a\u00a0stra\u0161idiel.<\/p>\n","protected":false},"excerpt":{"rendered":"<p>Pova\u017esk\u00e9 m\u00fazeum v \u017diline v zria\u010fovate\u013eskej p\u00f4sobnosti \u017dilinsk\u00e9ho samospr\u00e1vneho kraja v spolupr\u00e1ci s Krajskou hvezd\u00e1r\u0148ou v \u017diline pripravuj\u00fa z\u00e1vere\u010dn\u00e9 podujatie aktu\u00e1lnej sez\u00f3ny na hrade Stre\u010dno &#8211; Noc duchov, tekv\u00edc a stra\u0161idiel &#8211; 29. 10. 2014 od 18.00 &#8211; 21.00 hod. * pozorovanie tmy i nebesk\u00fdch telies * delostrelci s kapr\u00e1lom \u010carom namie\u0161aj\u00fa \u010darodelogu\u013eu * hradn\u00ed [&hellip;]<\/p>\n","protected":false},"author":2,"featured_media":0,"comment_status":"closed","ping_status":"closed","sticky":false,"template":"","format":"standard","meta":{"site-sidebar-layout":"default","site-content-layout":"","ast-site-content-layout":"","site-content-style":"default","site-sidebar-style":"default","ast-global-header-display":"","ast-banner-title-visibility":"","ast-main-header-display":"","ast-hfb-above-header-display":"","ast-hfb-below-header-display":"","ast-hfb-mobile-header-display":"","site-post-title":"","ast-breadcrumbs-content":"","ast-featured-img":"","footer-sml-layout":"","theme-transparent-header-meta":"","adv-header-id-meta":"","stick-header-meta":"","header-above-stick-meta":"","header-main-stick-meta":"","header-below-stick-meta":"","astra-migrate-meta-layouts":"default","ast-page-background-enabled":"default","ast-page-background-meta":{"desktop":{"background-color":"var(--ast-global-color-4)","background-image":"","background-repeat":"repeat","background-position":"center center","background-size":"auto","background-attachment":"scroll","background-type":"","background-media":"","overlay-type":"","overlay-color":"","overlay-opacity":"","overlay-gradient":""},"tablet":{"background-color":"","background-image":"","background-repeat":"repeat","background-position":"center center","background-size":"auto","background-attachment":"scroll","background-type":"","background-media":"","overlay-type":"","overlay-color":"","overlay-opacity":"","overlay-gradient":""},"mobile":{"background-color":"","background-image":"","background-repeat":"repeat","background-position":"center center","background-size":"auto","background-attachment":"scroll","background-type":"","background-media":"","overlay-type":"","overlay-color":"","overlay-opacity":"","overlay-gradient":""}},"ast-content-background-meta":{"desktop":{"background-color":"var(--ast-global-color-5)","background-image":"","background-repeat":"repeat","background-position":"center center","background-size":"auto","background-attachment":"scroll","background-type":"","background-media":"","overlay-type":"","overlay-color":"","overlay-opacity":"","overlay-gradient":""},"tablet":{"background-color":"var(--ast-global-color-5)","background-image":"","background-repeat":"repeat","background-position":"center center","background-size":"auto","background-attachment":"scroll","background-type":"","background-media":"","overlay-type":"","overlay-color":"","overlay-opacity":"","overlay-gradient":""},"mobile":{"background-color":"var(--ast-global-color-5)","background-image":"","background-repeat":"repeat","background-position":"center center","background-size":"auto","background-attachment":"scroll","background-type":"","background-media":"","overlay-type":"","overlay-color":"","overlay-opacity":"","overlay-gradient":""}},"footnotes":""},"categories":[36],"tags":[],"class_list":["post-10867","post","type-post","status-publish","format-standard","hentry","category-archiv-2014"],"yoast_head":"<!-- This site is optimized with the Yoast SEO plugin v27.4 - https:\/\/yoast.com\/product\/yoast-seo-wordpress\/ -->\n<title>Noc duchov, tekv\u00edc a stra\u0161idiel - Pova\u017esk\u00e9 m\u00fazeum<\/title>\n<meta name=\"robots\" content=\"index, follow, max-snippet:-1, max-image-preview:large, max-video-preview:-1\" \/>\n<link rel=\"canonical\" href=\"https:\/\/pmza.sk\/?p=10867\" \/>\n<meta property=\"og:locale\" content=\"sk_SK\" \/>\n<meta property=\"og:type\" content=\"article\" \/>\n<meta property=\"og:title\" content=\"Noc duchov, tekv\u00edc a stra\u0161idiel - Pova\u017esk\u00e9 m\u00fazeum\" \/>\n<meta property=\"og:description\" content=\"Pova\u017esk\u00e9 m\u00fazeum v \u017diline v zria\u010fovate\u013eskej p\u00f4sobnosti \u017dilinsk\u00e9ho samospr\u00e1vneho kraja v spolupr\u00e1ci s Krajskou hvezd\u00e1r\u0148ou v \u017diline pripravuj\u00fa z\u00e1vere\u010dn\u00e9 podujatie aktu\u00e1lnej sez\u00f3ny na hrade Stre\u010dno &#8211; Noc duchov, tekv\u00edc a stra\u0161idiel &#8211; 29. 10. 2014 od 18.00 &#8211; 21.00 hod. * pozorovanie tmy i nebesk\u00fdch telies * delostrelci s kapr\u00e1lom \u010carom namie\u0161aj\u00fa \u010darodelogu\u013eu * hradn\u00ed [&hellip;]\" \/>\n<meta property=\"og:url\" content=\"https:\/\/pmza.sk\/?p=10867\" \/>\n<meta property=\"og:site_name\" content=\"Pova\u017esk\u00e9 m\u00fazeum\" \/>\n<meta property=\"article:publisher\" content=\"https:\/\/www.facebook.com\/povazskemuzeum\" \/>\n<meta property=\"article:published_time\" content=\"2014-10-26T14:04:15+00:00\" \/>\n<meta property=\"og:image\" content=\"https:\/\/pmza.sk\/wp-content\/uploads\/2014\/10\/noc_duchov_QR-a-GPS_web.jpg\" \/>\n<meta name=\"author\" content=\"Pova\u017esk\u00e9 m\u00fazeum\" \/>\n<meta name=\"twitter:card\" content=\"summary_large_image\" \/>\n<meta name=\"twitter:label1\" content=\"Autor\" \/>\n\t<meta name=\"twitter:data1\" content=\"Pova\u017esk\u00e9 m\u00fazeum\" \/>\n\t<meta name=\"twitter:label2\" content=\"Predpokladan\u00fd \u010das \u010d\u00edtania\" \/>\n\t<meta name=\"twitter:data2\" content=\"2 min\u00faty\" \/>\n<script type=\"application\/ld+json\" class=\"yoast-schema-graph\">{\"@context\":\"https:\\\/\\\/schema.org\",\"@graph\":[{\"@type\":\"Article\",\"@id\":\"https:\\\/\\\/pmza.sk\\\/?p=10867#article\",\"isPartOf\":{\"@id\":\"https:\\\/\\\/pmza.sk\\\/?p=10867\"},\"author\":{\"name\":\"Pova\u017esk\u00e9 m\u00fazeum\",\"@id\":\"https:\\\/\\\/pmza.sk\\\/#\\\/schema\\\/person\\\/595e6a2ce731ea94dcd5d7f50a41ae33\"},\"headline\":\"Noc duchov, tekv\u00edc a stra\u0161idiel\",\"datePublished\":\"2014-10-26T14:04:15+00:00\",\"mainEntityOfPage\":{\"@id\":\"https:\\\/\\\/pmza.sk\\\/?p=10867\"},\"wordCount\":371,\"publisher\":{\"@id\":\"https:\\\/\\\/pmza.sk\\\/#organization\"},\"image\":{\"@id\":\"https:\\\/\\\/pmza.sk\\\/?p=10867#primaryimage\"},\"thumbnailUrl\":\"http:\\\/\\\/pmza.sk\\\/wp-content\\\/uploads\\\/2014\\\/10\\\/noc_duchov_QR-a-GPS_web.jpg\",\"articleSection\":[\"Arch\u00edv 2014\"],\"inLanguage\":\"sk-SK\"},{\"@type\":\"WebPage\",\"@id\":\"https:\\\/\\\/pmza.sk\\\/?p=10867\",\"url\":\"https:\\\/\\\/pmza.sk\\\/?p=10867\",\"name\":\"Noc duchov, tekv\u00edc a stra\u0161idiel - Pova\u017esk\u00e9 m\u00fazeum\",\"isPartOf\":{\"@id\":\"https:\\\/\\\/pmza.sk\\\/#website\"},\"primaryImageOfPage\":{\"@id\":\"https:\\\/\\\/pmza.sk\\\/?p=10867#primaryimage\"},\"image\":{\"@id\":\"https:\\\/\\\/pmza.sk\\\/?p=10867#primaryimage\"},\"thumbnailUrl\":\"http:\\\/\\\/pmza.sk\\\/wp-content\\\/uploads\\\/2014\\\/10\\\/noc_duchov_QR-a-GPS_web.jpg\",\"datePublished\":\"2014-10-26T14:04:15+00:00\",\"breadcrumb\":{\"@id\":\"https:\\\/\\\/pmza.sk\\\/?p=10867#breadcrumb\"},\"inLanguage\":\"sk-SK\",\"potentialAction\":[{\"@type\":\"ReadAction\",\"target\":[\"https:\\\/\\\/pmza.sk\\\/?p=10867\"]}]},{\"@type\":\"ImageObject\",\"inLanguage\":\"sk-SK\",\"@id\":\"https:\\\/\\\/pmza.sk\\\/?p=10867#primaryimage\",\"url\":\"https:\\\/\\\/pmza.sk\\\/wp-content\\\/uploads\\\/2014\\\/10\\\/noc_duchov_QR-a-GPS_web.jpg\",\"contentUrl\":\"https:\\\/\\\/pmza.sk\\\/wp-content\\\/uploads\\\/2014\\\/10\\\/noc_duchov_QR-a-GPS_web.jpg\",\"width\":713,\"height\":1024},{\"@type\":\"BreadcrumbList\",\"@id\":\"https:\\\/\\\/pmza.sk\\\/?p=10867#breadcrumb\",\"itemListElement\":[{\"@type\":\"ListItem\",\"position\":1,\"name\":\"Domovsk\u00e1 str\u00e1nka\",\"item\":\"https:\\\/\\\/pmza.sk\\\/\"},{\"@type\":\"ListItem\",\"position\":2,\"name\":\"Noc duchov, tekv\u00edc a stra\u0161idiel\"}]},{\"@type\":\"WebSite\",\"@id\":\"https:\\\/\\\/pmza.sk\\\/#website\",\"url\":\"https:\\\/\\\/pmza.sk\\\/\",\"name\":\"Pova\u017esk\u00e9 m\u00fazeum\",\"description\":\"Pova\u017esk\u00e9 m\u00fazeum v \u017diline je region\u00e1lne m\u00fazeum so s\u00eddlom v Budat\u00edne. Jeho expoz\u00edcie s\u00fa zameran\u00e9 na dejiny slovensk\u00e9ho umenia, kult\u00fary a dopravy.\",\"publisher\":{\"@id\":\"https:\\\/\\\/pmza.sk\\\/#organization\"},\"potentialAction\":[{\"@type\":\"SearchAction\",\"target\":{\"@type\":\"EntryPoint\",\"urlTemplate\":\"https:\\\/\\\/pmza.sk\\\/?s={search_term_string}\"},\"query-input\":{\"@type\":\"PropertyValueSpecification\",\"valueRequired\":true,\"valueName\":\"search_term_string\"}}],\"inLanguage\":\"sk-SK\"},{\"@type\":\"Organization\",\"@id\":\"https:\\\/\\\/pmza.sk\\\/#organization\",\"name\":\"Pova\u017esk\u00e9 m\u00fazeum\",\"url\":\"https:\\\/\\\/pmza.sk\\\/\",\"logo\":{\"@type\":\"ImageObject\",\"inLanguage\":\"sk-SK\",\"@id\":\"https:\\\/\\\/pmza.sk\\\/#\\\/schema\\\/logo\\\/image\\\/\",\"url\":\"https:\\\/\\\/pmza.sk\\\/wp-content\\\/uploads\\\/2022\\\/01\\\/logo_PM_horizontal.jpg\",\"contentUrl\":\"https:\\\/\\\/pmza.sk\\\/wp-content\\\/uploads\\\/2022\\\/01\\\/logo_PM_horizontal.jpg\",\"width\":231,\"height\":142,\"caption\":\"Pova\u017esk\u00e9 m\u00fazeum\"},\"image\":{\"@id\":\"https:\\\/\\\/pmza.sk\\\/#\\\/schema\\\/logo\\\/image\\\/\"},\"sameAs\":[\"https:\\\/\\\/www.facebook.com\\\/povazskemuzeum\",\"https:\\\/\\\/www.instagram.com\\\/povazskemuzeum\\\/\"]},{\"@type\":\"Person\",\"@id\":\"https:\\\/\\\/pmza.sk\\\/#\\\/schema\\\/person\\\/595e6a2ce731ea94dcd5d7f50a41ae33\",\"name\":\"Pova\u017esk\u00e9 m\u00fazeum\",\"image\":{\"@type\":\"ImageObject\",\"inLanguage\":\"sk-SK\",\"@id\":\"https:\\\/\\\/secure.gravatar.com\\\/avatar\\\/2bb7f1561282132fb5826dfeccc66c7996d11ee392ac6aaf7ced8a1c2027fbb2?s=96&d=mm&r=g\",\"url\":\"https:\\\/\\\/secure.gravatar.com\\\/avatar\\\/2bb7f1561282132fb5826dfeccc66c7996d11ee392ac6aaf7ced8a1c2027fbb2?s=96&d=mm&r=g\",\"contentUrl\":\"https:\\\/\\\/secure.gravatar.com\\\/avatar\\\/2bb7f1561282132fb5826dfeccc66c7996d11ee392ac6aaf7ced8a1c2027fbb2?s=96&d=mm&r=g\",\"caption\":\"Pova\u017esk\u00e9 m\u00fazeum\"}}]}<\/script>\n<!-- \/ Yoast SEO plugin. -->","yoast_head_json":{"title":"Noc duchov, tekv\u00edc a stra\u0161idiel - Pova\u017esk\u00e9 m\u00fazeum","robots":{"index":"index","follow":"follow","max-snippet":"max-snippet:-1","max-image-preview":"max-image-preview:large","max-video-preview":"max-video-preview:-1"},"canonical":"https:\/\/pmza.sk\/?p=10867","og_locale":"sk_SK","og_type":"article","og_title":"Noc duchov, tekv\u00edc a stra\u0161idiel - Pova\u017esk\u00e9 m\u00fazeum","og_description":"Pova\u017esk\u00e9 m\u00fazeum v \u017diline v zria\u010fovate\u013eskej p\u00f4sobnosti \u017dilinsk\u00e9ho samospr\u00e1vneho kraja v spolupr\u00e1ci s Krajskou hvezd\u00e1r\u0148ou v \u017diline pripravuj\u00fa z\u00e1vere\u010dn\u00e9 podujatie aktu\u00e1lnej sez\u00f3ny na hrade Stre\u010dno &#8211; Noc duchov, tekv\u00edc a stra\u0161idiel &#8211; 29. 10. 2014 od 18.00 &#8211; 21.00 hod. * pozorovanie tmy i nebesk\u00fdch telies * delostrelci s kapr\u00e1lom \u010carom namie\u0161aj\u00fa \u010darodelogu\u013eu * hradn\u00ed [&hellip;]","og_url":"https:\/\/pmza.sk\/?p=10867","og_site_name":"Pova\u017esk\u00e9 m\u00fazeum","article_publisher":"https:\/\/www.facebook.com\/povazskemuzeum","article_published_time":"2014-10-26T14:04:15+00:00","og_image":[{"url":"https:\/\/pmza.sk\/wp-content\/uploads\/2014\/10\/noc_duchov_QR-a-GPS_web.jpg","type":"","width":"","height":""}],"author":"Pova\u017esk\u00e9 m\u00fazeum","twitter_card":"summary_large_image","twitter_misc":{"Autor":"Pova\u017esk\u00e9 m\u00fazeum","Predpokladan\u00fd \u010das \u010d\u00edtania":"2 min\u00faty"},"schema":{"@context":"https:\/\/schema.org","@graph":[{"@type":"Article","@id":"https:\/\/pmza.sk\/?p=10867#article","isPartOf":{"@id":"https:\/\/pmza.sk\/?p=10867"},"author":{"name":"Pova\u017esk\u00e9 m\u00fazeum","@id":"https:\/\/pmza.sk\/#\/schema\/person\/595e6a2ce731ea94dcd5d7f50a41ae33"},"headline":"Noc duchov, tekv\u00edc a stra\u0161idiel","datePublished":"2014-10-26T14:04:15+00:00","mainEntityOfPage":{"@id":"https:\/\/pmza.sk\/?p=10867"},"wordCount":371,"publisher":{"@id":"https:\/\/pmza.sk\/#organization"},"image":{"@id":"https:\/\/pmza.sk\/?p=10867#primaryimage"},"thumbnailUrl":"https:\/\/pmza.sk\/wp-content\/uploads\/2014\/10\/noc_duchov_QR-a-GPS_web.jpg","articleSection":["Arch\u00edv 2014"],"inLanguage":"sk-SK"},{"@type":"WebPage","@id":"https:\/\/pmza.sk\/?p=10867","url":"https:\/\/pmza.sk\/?p=10867","name":"Noc duchov, tekv\u00edc a stra\u0161idiel - Pova\u017esk\u00e9 m\u00fazeum","isPartOf":{"@id":"https:\/\/pmza.sk\/#website"},"primaryImageOfPage":{"@id":"https:\/\/pmza.sk\/?p=10867#primaryimage"},"image":{"@id":"https:\/\/pmza.sk\/?p=10867#primaryimage"},"thumbnailUrl":"https:\/\/pmza.sk\/wp-content\/uploads\/2014\/10\/noc_duchov_QR-a-GPS_web.jpg","datePublished":"2014-10-26T14:04:15+00:00","breadcrumb":{"@id":"https:\/\/pmza.sk\/?p=10867#breadcrumb"},"inLanguage":"sk-SK","potentialAction":[{"@type":"ReadAction","target":["https:\/\/pmza.sk\/?p=10867"]}]},{"@type":"ImageObject","inLanguage":"sk-SK","@id":"https:\/\/pmza.sk\/?p=10867#primaryimage","url":"https:\/\/pmza.sk\/wp-content\/uploads\/2014\/10\/noc_duchov_QR-a-GPS_web.jpg","contentUrl":"https:\/\/pmza.sk\/wp-content\/uploads\/2014\/10\/noc_duchov_QR-a-GPS_web.jpg","width":713,"height":1024},{"@type":"BreadcrumbList","@id":"https:\/\/pmza.sk\/?p=10867#breadcrumb","itemListElement":[{"@type":"ListItem","position":1,"name":"Domovsk\u00e1 str\u00e1nka","item":"https:\/\/pmza.sk\/"},{"@type":"ListItem","position":2,"name":"Noc duchov, tekv\u00edc a stra\u0161idiel"}]},{"@type":"WebSite","@id":"https:\/\/pmza.sk\/#website","url":"https:\/\/pmza.sk\/","name":"Pova\u017esk\u00e9 m\u00fazeum","description":"Pova\u017esk\u00e9 m\u00fazeum v \u017diline je region\u00e1lne m\u00fazeum so s\u00eddlom v Budat\u00edne. Jeho expoz\u00edcie s\u00fa zameran\u00e9 na dejiny slovensk\u00e9ho umenia, kult\u00fary a dopravy.","publisher":{"@id":"https:\/\/pmza.sk\/#organization"},"potentialAction":[{"@type":"SearchAction","target":{"@type":"EntryPoint","urlTemplate":"https:\/\/pmza.sk\/?s={search_term_string}"},"query-input":{"@type":"PropertyValueSpecification","valueRequired":true,"valueName":"search_term_string"}}],"inLanguage":"sk-SK"},{"@type":"Organization","@id":"https:\/\/pmza.sk\/#organization","name":"Pova\u017esk\u00e9 m\u00fazeum","url":"https:\/\/pmza.sk\/","logo":{"@type":"ImageObject","inLanguage":"sk-SK","@id":"https:\/\/pmza.sk\/#\/schema\/logo\/image\/","url":"https:\/\/pmza.sk\/wp-content\/uploads\/2022\/01\/logo_PM_horizontal.jpg","contentUrl":"https:\/\/pmza.sk\/wp-content\/uploads\/2022\/01\/logo_PM_horizontal.jpg","width":231,"height":142,"caption":"Pova\u017esk\u00e9 m\u00fazeum"},"image":{"@id":"https:\/\/pmza.sk\/#\/schema\/logo\/image\/"},"sameAs":["https:\/\/www.facebook.com\/povazskemuzeum","https:\/\/www.instagram.com\/povazskemuzeum\/"]},{"@type":"Person","@id":"https:\/\/pmza.sk\/#\/schema\/person\/595e6a2ce731ea94dcd5d7f50a41ae33","name":"Pova\u017esk\u00e9 m\u00fazeum","image":{"@type":"ImageObject","inLanguage":"sk-SK","@id":"https:\/\/secure.gravatar.com\/avatar\/2bb7f1561282132fb5826dfeccc66c7996d11ee392ac6aaf7ced8a1c2027fbb2?s=96&d=mm&r=g","url":"https:\/\/secure.gravatar.com\/avatar\/2bb7f1561282132fb5826dfeccc66c7996d11ee392ac6aaf7ced8a1c2027fbb2?s=96&d=mm&r=g","contentUrl":"https:\/\/secure.gravatar.com\/avatar\/2bb7f1561282132fb5826dfeccc66c7996d11ee392ac6aaf7ced8a1c2027fbb2?s=96&d=mm&r=g","caption":"Pova\u017esk\u00e9 m\u00fazeum"}}]}},"_links":{"self":[{"href":"https:\/\/pmza.sk\/index.php?rest_route=\/wp\/v2\/posts\/10867","targetHints":{"allow":["GET"]}}],"collection":[{"href":"https:\/\/pmza.sk\/index.php?rest_route=\/wp\/v2\/posts"}],"about":[{"href":"https:\/\/pmza.sk\/index.php?rest_route=\/wp\/v2\/types\/post"}],"author":[{"embeddable":true,"href":"https:\/\/pmza.sk\/index.php?rest_route=\/wp\/v2\/users\/2"}],"replies":[{"embeddable":true,"href":"https:\/\/pmza.sk\/index.php?rest_route=%2Fwp%2Fv2%2Fcomments&post=10867"}],"version-history":[{"count":0,"href":"https:\/\/pmza.sk\/index.php?rest_route=\/wp\/v2\/posts\/10867\/revisions"}],"wp:attachment":[{"href":"https:\/\/pmza.sk\/index.php?rest_route=%2Fwp%2Fv2%2Fmedia&parent=10867"}],"wp:term":[{"taxonomy":"category","embeddable":true,"href":"https:\/\/pmza.sk\/index.php?rest_route=%2Fwp%2Fv2%2Fcategories&post=10867"},{"taxonomy":"post_tag","embeddable":true,"href":"https:\/\/pmza.sk\/index.php?rest_route=%2Fwp%2Fv2%2Ftags&post=10867"}],"curies":[{"name":"wp","href":"https:\/\/api.w.org\/{rel}","templated":true}]}}