{"id":10952,"date":"2014-10-22T14:01:05","date_gmt":"2014-10-22T12:01:05","guid":{"rendered":"https:\/\/pmza.sk.sk\/?p=10952"},"modified":"2014-10-22T14:01:05","modified_gmt":"2014-10-22T12:01:05","slug":"budatinsky-rinok-2014","status":"publish","type":"post","link":"https:\/\/pmza.sk\/?p=10952","title":{"rendered":"Budat\u00ednsky r\u00ednok 2014"},"content":{"rendered":"<p><a href=\"https:\/\/pmza.sk\/wp-content\/uploads\/2014\/10\/vlacik.jpg\"><img decoding=\"async\" class=\"alignleft size-full wp-image-10965\" alt=\"vl\u00e1\u010dik\" src=\"https:\/\/pmza.sk\/wp-content\/uploads\/2014\/10\/vlacik.jpg\" width=\"214\" height=\"141\" srcset=\"https:\/\/pmza.sk\/wp-content\/uploads\/2014\/10\/vlacik.jpg 640w, https:\/\/pmza.sk\/wp-content\/uploads\/2014\/10\/vlacik-543x360.jpg 543w, https:\/\/pmza.sk\/wp-content\/uploads\/2014\/10\/vlacik-600x398.jpg 600w\" sizes=\"(max-width: 214px) 100vw, 214px\" \/><\/a>Pova\u017esk\u00e9 m\u00fazeum v\u00a0\u017diline v\u00a0zria\u010fovate\u013eskej p\u00f4sobnosti \u017dilinsk\u00e9ho samospr\u00e1vneho kraja v\u00a0spolupr\u00e1ci s\u00a0Mestom \u017dilina organizuje v sobotu <strong>25. okt\u00f3bra 2014<\/strong> tradi\u010dn\u00e9 podujatie <strong>Budat\u00ednsky r\u00ednok<\/strong>, ktor\u00fdm uzatv\u00e1ra aktu\u00e1lnu sez\u00f3nu podujat\u00ed v are\u00e1li Budat\u00ednskeho hradu.<\/p>\n<p>\u00da\u010das\u0165 na podujat\u00ed Budat\u00ednsky r\u00ednok pris\u013e\u00fabil aj predseda \u017dilinsk\u00e9ho samospr\u00e1vneho kraja Juraj Blan\u00e1r. Podujatie otvoria truba\u010di sl\u00e1vnostn\u00fdmi fanf\u00e1rami z ve\u017ee na poludnie a potrv\u00e1 do 19.00 hod. Viac k programu sa do\u010d\u00edtate <a href=\"https:\/\/pmza.sk.sk\/vezmi-svoju-tekvicu-na-rinok\/\">TU<\/a>.<\/p>\n<p>Podtitulom aktu\u00e1lneho ro\u010dn\u00edka je \u201evezmi svoju tekvicu na r\u00ednok\u201c. Kto prinesie na podujatie Budat\u00ednsky r\u00ednok vyrezan\u00fa tekvicu (a nech\u00e1 n\u00e1m ju), bude zaraden\u00fd do \u017erebovania o\u00a0vo\u013en\u00fd vstup na podujatie na hrade Stre\u010dno Noc duchov, tekv\u00edc a\u00a0stra\u0161idiel (29. 10.).<\/p>\n<p>Vzh\u013eadom na obmedzen\u00fa mo\u017enos\u0165 parkovania v bl\u00edzkosti are\u00e1lu Budat\u00ednskeho hradu, <!--more-->m\u00f4\u017eu n\u00e1v\u0161tevn\u00edci vyu\u017ei\u0165 v de\u0148 Budat\u00ednskeho r\u00ednka <a href=\"http:\/\/www.dpmz.sk\/plan-siete-mhd\/\">pravideln\u00e9 spoje MHD \u017dilina<\/a> (autobusov\u00e9 linky \u010d. 21, 22, 27, 29, 30). Info na <a href=\"http:\/\/www.dpmz.sk\/\">www.dpmz.sk<\/a>. K dispoz\u00edcii bude aj kyvadlov\u00e1 doprava z Autobusovej stanice v \u017diline ku are\u00e1lu Budat\u00ednskeho hradu &#8211; <span style=\"color: #0000ff;\">detsk\u00fd cestn\u00fd vl\u00e1\u010dik<\/span>, ktor\u00fd bude prem\u00e1va\u0165 v pravideln\u00fdch intervaloch z n\u00e1stupi\u0161\u0165a \u010d. 2:<\/p>\n<p><strong><span style=\"color: #0000ff;\">Autobusov\u00e1 stanica \u017dilina \u2013 Budat\u00edn<\/span><\/strong><br \/> 11.00, 11.30, 12.00, 12.30, 13.00, 13.30, 14.00, 14.30, 15.00, 15.30, 16.00, 16.30, 17.00, 17.30, 18.00, 18.30, 19.00 a posledn\u00fd spoj 19.30 hod.<\/p>\n<p><strong><span style=\"color: #0000ff;\">Budat\u00edn \u2013 Autobusov\u00e1 stanica \u017dilina<\/span><\/strong><\/p>\n<p>11.15, 11.45, 12.15, 12.45, 13.15, 13.45, 14.15, 14.45, 15.15, 15.45, 16.15, 16.45, 17.15, 17.45, 18.15, 18.45, 19.15 a posledn\u00fd spoj 19.45 hod.<\/p>\n<p><strong><span style=\"color: #0000ff;\">Cena vl\u00e1\u010dika:<\/span><\/strong> <strong>z\u00e1kladn\u00fd l\u00edstok<\/strong> 0,70 \u20ac; <strong>die\u0165a do 6 rokov<\/strong> v sprievode rodi\u010da ZADARMO.<\/p>\n<p><span style=\"color: #0000ff;\"><strong>Vstupn\u00e9 na podujatie:<\/strong> <\/span><\/p>\n<p><strong>z\u00e1kladn\u00e9:<\/strong> 2 \u20ac<br \/> <strong>z\u013eavnen\u00e9 (deti od 6 do 15 rokov, \u0161tudenti, d\u00f4chodcovia, \u0164ZP):<\/strong> 1 \u20ac<br \/> <strong>deti do 6 rokov:<\/strong> bezplatne<\/p>\n<p><strong><span style=\"color: #0000ff;\">Vstupn\u00e9 do ve\u017ee<\/span> Budat\u00ednskeho hradu (po zak\u00fapen\u00ed vstupn\u00e9ho na r\u00ednok):<\/strong><\/p>\n<p><strong>z\u00e1kladn\u00e9:<\/strong> 1 \u20ac<br \/> <strong>z\u013eavnen\u00e9 (deti od 6 do 15 rokov, \u0161tudenti, d\u00f4chodcovia, \u0164ZP):<\/strong> 0,50 \u20ac<br \/> <strong>deti do 6 rokov:<\/strong> bezplatne<\/p>\n<p>&nbsp;<\/p>\n","protected":false},"excerpt":{"rendered":"<p>Pova\u017esk\u00e9 m\u00fazeum v\u00a0\u017diline v\u00a0zria\u010fovate\u013eskej p\u00f4sobnosti \u017dilinsk\u00e9ho samospr\u00e1vneho kraja v\u00a0spolupr\u00e1ci s\u00a0Mestom \u017dilina organizuje v sobotu 25. okt\u00f3bra 2014 tradi\u010dn\u00e9 podujatie Budat\u00ednsky r\u00ednok, ktor\u00fdm uzatv\u00e1ra aktu\u00e1lnu sez\u00f3nu podujat\u00ed v are\u00e1li Budat\u00ednskeho hradu. \u00da\u010das\u0165 na podujat\u00ed Budat\u00ednsky r\u00ednok pris\u013e\u00fabil aj predseda \u017dilinsk\u00e9ho samospr\u00e1vneho kraja Juraj Blan\u00e1r. Podujatie otvoria truba\u010di sl\u00e1vnostn\u00fdmi fanf\u00e1rami z ve\u017ee na poludnie a potrv\u00e1 do [&hellip;]<\/p>\n","protected":false},"author":2,"featured_media":0,"comment_status":"closed","ping_status":"closed","sticky":false,"template":"","format":"standard","meta":{"site-sidebar-layout":"default","site-content-layout":"","ast-site-content-layout":"","site-content-style":"default","site-sidebar-style":"default","ast-global-header-display":"","ast-banner-title-visibility":"","ast-main-header-display":"","ast-hfb-above-header-display":"","ast-hfb-below-header-display":"","ast-hfb-mobile-header-display":"","site-post-title":"","ast-breadcrumbs-content":"","ast-featured-img":"","footer-sml-layout":"","theme-transparent-header-meta":"","adv-header-id-meta":"","stick-header-meta":"","header-above-stick-meta":"","header-main-stick-meta":"","header-below-stick-meta":"","astra-migrate-meta-layouts":"default","ast-page-background-enabled":"default","ast-page-background-meta":{"desktop":{"background-color":"var(--ast-global-color-4)","background-image":"","background-repeat":"repeat","background-position":"center center","background-size":"auto","background-attachment":"scroll","background-type":"","background-media":"","overlay-type":"","overlay-color":"","overlay-opacity":"","overlay-gradient":""},"tablet":{"background-color":"","background-image":"","background-repeat":"repeat","background-position":"center center","background-size":"auto","background-attachment":"scroll","background-type":"","background-media":"","overlay-type":"","overlay-color":"","overlay-opacity":"","overlay-gradient":""},"mobile":{"background-color":"","background-image":"","background-repeat":"repeat","background-position":"center center","background-size":"auto","background-attachment":"scroll","background-type":"","background-media":"","overlay-type":"","overlay-color":"","overlay-opacity":"","overlay-gradient":""}},"ast-content-background-meta":{"desktop":{"background-color":"var(--ast-global-color-5)","background-image":"","background-repeat":"repeat","background-position":"center center","background-size":"auto","background-attachment":"scroll","background-type":"","background-media":"","overlay-type":"","overlay-color":"","overlay-opacity":"","overlay-gradient":""},"tablet":{"background-color":"var(--ast-global-color-5)","background-image":"","background-repeat":"repeat","background-position":"center center","background-size":"auto","background-attachment":"scroll","background-type":"","background-media":"","overlay-type":"","overlay-color":"","overlay-opacity":"","overlay-gradient":""},"mobile":{"background-color":"var(--ast-global-color-5)","background-image":"","background-repeat":"repeat","background-position":"center center","background-size":"auto","background-attachment":"scroll","background-type":"","background-media":"","overlay-type":"","overlay-color":"","overlay-opacity":"","overlay-gradient":""}},"footnotes":""},"categories":[36],"tags":[],"class_list":["post-10952","post","type-post","status-publish","format-standard","hentry","category-archiv-2014"],"yoast_head":"<!-- This site is optimized with the Yoast SEO plugin v27.4 - https:\/\/yoast.com\/product\/yoast-seo-wordpress\/ -->\n<title>Budat\u00ednsky r\u00ednok 2014 - Pova\u017esk\u00e9 m\u00fazeum<\/title>\n<meta name=\"robots\" content=\"index, follow, max-snippet:-1, max-image-preview:large, max-video-preview:-1\" \/>\n<link rel=\"canonical\" href=\"https:\/\/pmza.sk\/?p=10952\" \/>\n<meta property=\"og:locale\" content=\"sk_SK\" \/>\n<meta property=\"og:type\" content=\"article\" \/>\n<meta property=\"og:title\" content=\"Budat\u00ednsky r\u00ednok 2014 - Pova\u017esk\u00e9 m\u00fazeum\" \/>\n<meta property=\"og:description\" content=\"Pova\u017esk\u00e9 m\u00fazeum v\u00a0\u017diline v\u00a0zria\u010fovate\u013eskej p\u00f4sobnosti \u017dilinsk\u00e9ho samospr\u00e1vneho kraja v\u00a0spolupr\u00e1ci s\u00a0Mestom \u017dilina organizuje v sobotu 25. okt\u00f3bra 2014 tradi\u010dn\u00e9 podujatie Budat\u00ednsky r\u00ednok, ktor\u00fdm uzatv\u00e1ra aktu\u00e1lnu sez\u00f3nu podujat\u00ed v are\u00e1li Budat\u00ednskeho hradu. \u00da\u010das\u0165 na podujat\u00ed Budat\u00ednsky r\u00ednok pris\u013e\u00fabil aj predseda \u017dilinsk\u00e9ho samospr\u00e1vneho kraja Juraj Blan\u00e1r. Podujatie otvoria truba\u010di sl\u00e1vnostn\u00fdmi fanf\u00e1rami z ve\u017ee na poludnie a potrv\u00e1 do [&hellip;]\" \/>\n<meta property=\"og:url\" content=\"https:\/\/pmza.sk\/?p=10952\" \/>\n<meta property=\"og:site_name\" content=\"Pova\u017esk\u00e9 m\u00fazeum\" \/>\n<meta property=\"article:publisher\" content=\"https:\/\/www.facebook.com\/povazskemuzeum\" \/>\n<meta property=\"article:published_time\" content=\"2014-10-22T12:01:05+00:00\" \/>\n<meta property=\"og:image\" content=\"https:\/\/pmza.sk\/wp-content\/uploads\/2014\/10\/vlacik.jpg\" \/>\n<meta name=\"author\" content=\"Pova\u017esk\u00e9 m\u00fazeum\" \/>\n<meta name=\"twitter:card\" content=\"summary_large_image\" \/>\n<meta name=\"twitter:label1\" content=\"Autor\" \/>\n\t<meta name=\"twitter:data1\" content=\"Pova\u017esk\u00e9 m\u00fazeum\" \/>\n\t<meta name=\"twitter:label2\" content=\"Predpokladan\u00fd \u010das \u010d\u00edtania\" \/>\n\t<meta name=\"twitter:data2\" content=\"2 min\u00faty\" \/>\n<script type=\"application\/ld+json\" class=\"yoast-schema-graph\">{\"@context\":\"https:\\\/\\\/schema.org\",\"@graph\":[{\"@type\":\"Article\",\"@id\":\"https:\\\/\\\/pmza.sk\\\/?p=10952#article\",\"isPartOf\":{\"@id\":\"https:\\\/\\\/pmza.sk\\\/?p=10952\"},\"author\":{\"name\":\"Pova\u017esk\u00e9 m\u00fazeum\",\"@id\":\"https:\\\/\\\/pmza.sk\\\/#\\\/schema\\\/person\\\/595e6a2ce731ea94dcd5d7f50a41ae33\"},\"headline\":\"Budat\u00ednsky r\u00ednok 2014\",\"datePublished\":\"2014-10-22T12:01:05+00:00\",\"mainEntityOfPage\":{\"@id\":\"https:\\\/\\\/pmza.sk\\\/?p=10952\"},\"wordCount\":307,\"publisher\":{\"@id\":\"https:\\\/\\\/pmza.sk\\\/#organization\"},\"image\":{\"@id\":\"https:\\\/\\\/pmza.sk\\\/?p=10952#primaryimage\"},\"thumbnailUrl\":\"http:\\\/\\\/pmza.sk\\\/wp-content\\\/uploads\\\/2014\\\/10\\\/vlacik.jpg\",\"articleSection\":[\"Arch\u00edv 2014\"],\"inLanguage\":\"sk-SK\"},{\"@type\":\"WebPage\",\"@id\":\"https:\\\/\\\/pmza.sk\\\/?p=10952\",\"url\":\"https:\\\/\\\/pmza.sk\\\/?p=10952\",\"name\":\"Budat\u00ednsky r\u00ednok 2014 - Pova\u017esk\u00e9 m\u00fazeum\",\"isPartOf\":{\"@id\":\"https:\\\/\\\/pmza.sk\\\/#website\"},\"primaryImageOfPage\":{\"@id\":\"https:\\\/\\\/pmza.sk\\\/?p=10952#primaryimage\"},\"image\":{\"@id\":\"https:\\\/\\\/pmza.sk\\\/?p=10952#primaryimage\"},\"thumbnailUrl\":\"http:\\\/\\\/pmza.sk\\\/wp-content\\\/uploads\\\/2014\\\/10\\\/vlacik.jpg\",\"datePublished\":\"2014-10-22T12:01:05+00:00\",\"breadcrumb\":{\"@id\":\"https:\\\/\\\/pmza.sk\\\/?p=10952#breadcrumb\"},\"inLanguage\":\"sk-SK\",\"potentialAction\":[{\"@type\":\"ReadAction\",\"target\":[\"https:\\\/\\\/pmza.sk\\\/?p=10952\"]}]},{\"@type\":\"ImageObject\",\"inLanguage\":\"sk-SK\",\"@id\":\"https:\\\/\\\/pmza.sk\\\/?p=10952#primaryimage\",\"url\":\"https:\\\/\\\/pmza.sk\\\/wp-content\\\/uploads\\\/2014\\\/10\\\/vlacik.jpg\",\"contentUrl\":\"https:\\\/\\\/pmza.sk\\\/wp-content\\\/uploads\\\/2014\\\/10\\\/vlacik.jpg\",\"width\":640,\"height\":424},{\"@type\":\"BreadcrumbList\",\"@id\":\"https:\\\/\\\/pmza.sk\\\/?p=10952#breadcrumb\",\"itemListElement\":[{\"@type\":\"ListItem\",\"position\":1,\"name\":\"Domovsk\u00e1 str\u00e1nka\",\"item\":\"https:\\\/\\\/pmza.sk\\\/\"},{\"@type\":\"ListItem\",\"position\":2,\"name\":\"Budat\u00ednsky r\u00ednok 2014\"}]},{\"@type\":\"WebSite\",\"@id\":\"https:\\\/\\\/pmza.sk\\\/#website\",\"url\":\"https:\\\/\\\/pmza.sk\\\/\",\"name\":\"Pova\u017esk\u00e9 m\u00fazeum\",\"description\":\"Pova\u017esk\u00e9 m\u00fazeum v \u017diline je region\u00e1lne m\u00fazeum so s\u00eddlom v Budat\u00edne. Jeho expoz\u00edcie s\u00fa zameran\u00e9 na dejiny slovensk\u00e9ho umenia, kult\u00fary a dopravy.\",\"publisher\":{\"@id\":\"https:\\\/\\\/pmza.sk\\\/#organization\"},\"potentialAction\":[{\"@type\":\"SearchAction\",\"target\":{\"@type\":\"EntryPoint\",\"urlTemplate\":\"https:\\\/\\\/pmza.sk\\\/?s={search_term_string}\"},\"query-input\":{\"@type\":\"PropertyValueSpecification\",\"valueRequired\":true,\"valueName\":\"search_term_string\"}}],\"inLanguage\":\"sk-SK\"},{\"@type\":\"Organization\",\"@id\":\"https:\\\/\\\/pmza.sk\\\/#organization\",\"name\":\"Pova\u017esk\u00e9 m\u00fazeum\",\"url\":\"https:\\\/\\\/pmza.sk\\\/\",\"logo\":{\"@type\":\"ImageObject\",\"inLanguage\":\"sk-SK\",\"@id\":\"https:\\\/\\\/pmza.sk\\\/#\\\/schema\\\/logo\\\/image\\\/\",\"url\":\"https:\\\/\\\/pmza.sk\\\/wp-content\\\/uploads\\\/2022\\\/01\\\/logo_PM_horizontal.jpg\",\"contentUrl\":\"https:\\\/\\\/pmza.sk\\\/wp-content\\\/uploads\\\/2022\\\/01\\\/logo_PM_horizontal.jpg\",\"width\":231,\"height\":142,\"caption\":\"Pova\u017esk\u00e9 m\u00fazeum\"},\"image\":{\"@id\":\"https:\\\/\\\/pmza.sk\\\/#\\\/schema\\\/logo\\\/image\\\/\"},\"sameAs\":[\"https:\\\/\\\/www.facebook.com\\\/povazskemuzeum\",\"https:\\\/\\\/www.instagram.com\\\/povazskemuzeum\\\/\"]},{\"@type\":\"Person\",\"@id\":\"https:\\\/\\\/pmza.sk\\\/#\\\/schema\\\/person\\\/595e6a2ce731ea94dcd5d7f50a41ae33\",\"name\":\"Pova\u017esk\u00e9 m\u00fazeum\",\"image\":{\"@type\":\"ImageObject\",\"inLanguage\":\"sk-SK\",\"@id\":\"https:\\\/\\\/secure.gravatar.com\\\/avatar\\\/2bb7f1561282132fb5826dfeccc66c7996d11ee392ac6aaf7ced8a1c2027fbb2?s=96&d=mm&r=g\",\"url\":\"https:\\\/\\\/secure.gravatar.com\\\/avatar\\\/2bb7f1561282132fb5826dfeccc66c7996d11ee392ac6aaf7ced8a1c2027fbb2?s=96&d=mm&r=g\",\"contentUrl\":\"https:\\\/\\\/secure.gravatar.com\\\/avatar\\\/2bb7f1561282132fb5826dfeccc66c7996d11ee392ac6aaf7ced8a1c2027fbb2?s=96&d=mm&r=g\",\"caption\":\"Pova\u017esk\u00e9 m\u00fazeum\"}}]}<\/script>\n<!-- \/ Yoast SEO plugin. -->","yoast_head_json":{"title":"Budat\u00ednsky r\u00ednok 2014 - Pova\u017esk\u00e9 m\u00fazeum","robots":{"index":"index","follow":"follow","max-snippet":"max-snippet:-1","max-image-preview":"max-image-preview:large","max-video-preview":"max-video-preview:-1"},"canonical":"https:\/\/pmza.sk\/?p=10952","og_locale":"sk_SK","og_type":"article","og_title":"Budat\u00ednsky r\u00ednok 2014 - Pova\u017esk\u00e9 m\u00fazeum","og_description":"Pova\u017esk\u00e9 m\u00fazeum v\u00a0\u017diline v\u00a0zria\u010fovate\u013eskej p\u00f4sobnosti \u017dilinsk\u00e9ho samospr\u00e1vneho kraja v\u00a0spolupr\u00e1ci s\u00a0Mestom \u017dilina organizuje v sobotu 25. okt\u00f3bra 2014 tradi\u010dn\u00e9 podujatie Budat\u00ednsky r\u00ednok, ktor\u00fdm uzatv\u00e1ra aktu\u00e1lnu sez\u00f3nu podujat\u00ed v are\u00e1li Budat\u00ednskeho hradu. \u00da\u010das\u0165 na podujat\u00ed Budat\u00ednsky r\u00ednok pris\u013e\u00fabil aj predseda \u017dilinsk\u00e9ho samospr\u00e1vneho kraja Juraj Blan\u00e1r. Podujatie otvoria truba\u010di sl\u00e1vnostn\u00fdmi fanf\u00e1rami z ve\u017ee na poludnie a potrv\u00e1 do [&hellip;]","og_url":"https:\/\/pmza.sk\/?p=10952","og_site_name":"Pova\u017esk\u00e9 m\u00fazeum","article_publisher":"https:\/\/www.facebook.com\/povazskemuzeum","article_published_time":"2014-10-22T12:01:05+00:00","og_image":[{"url":"https:\/\/pmza.sk\/wp-content\/uploads\/2014\/10\/vlacik.jpg","type":"","width":"","height":""}],"author":"Pova\u017esk\u00e9 m\u00fazeum","twitter_card":"summary_large_image","twitter_misc":{"Autor":"Pova\u017esk\u00e9 m\u00fazeum","Predpokladan\u00fd \u010das \u010d\u00edtania":"2 min\u00faty"},"schema":{"@context":"https:\/\/schema.org","@graph":[{"@type":"Article","@id":"https:\/\/pmza.sk\/?p=10952#article","isPartOf":{"@id":"https:\/\/pmza.sk\/?p=10952"},"author":{"name":"Pova\u017esk\u00e9 m\u00fazeum","@id":"https:\/\/pmza.sk\/#\/schema\/person\/595e6a2ce731ea94dcd5d7f50a41ae33"},"headline":"Budat\u00ednsky r\u00ednok 2014","datePublished":"2014-10-22T12:01:05+00:00","mainEntityOfPage":{"@id":"https:\/\/pmza.sk\/?p=10952"},"wordCount":307,"publisher":{"@id":"https:\/\/pmza.sk\/#organization"},"image":{"@id":"https:\/\/pmza.sk\/?p=10952#primaryimage"},"thumbnailUrl":"https:\/\/pmza.sk\/wp-content\/uploads\/2014\/10\/vlacik.jpg","articleSection":["Arch\u00edv 2014"],"inLanguage":"sk-SK"},{"@type":"WebPage","@id":"https:\/\/pmza.sk\/?p=10952","url":"https:\/\/pmza.sk\/?p=10952","name":"Budat\u00ednsky r\u00ednok 2014 - Pova\u017esk\u00e9 m\u00fazeum","isPartOf":{"@id":"https:\/\/pmza.sk\/#website"},"primaryImageOfPage":{"@id":"https:\/\/pmza.sk\/?p=10952#primaryimage"},"image":{"@id":"https:\/\/pmza.sk\/?p=10952#primaryimage"},"thumbnailUrl":"https:\/\/pmza.sk\/wp-content\/uploads\/2014\/10\/vlacik.jpg","datePublished":"2014-10-22T12:01:05+00:00","breadcrumb":{"@id":"https:\/\/pmza.sk\/?p=10952#breadcrumb"},"inLanguage":"sk-SK","potentialAction":[{"@type":"ReadAction","target":["https:\/\/pmza.sk\/?p=10952"]}]},{"@type":"ImageObject","inLanguage":"sk-SK","@id":"https:\/\/pmza.sk\/?p=10952#primaryimage","url":"https:\/\/pmza.sk\/wp-content\/uploads\/2014\/10\/vlacik.jpg","contentUrl":"https:\/\/pmza.sk\/wp-content\/uploads\/2014\/10\/vlacik.jpg","width":640,"height":424},{"@type":"BreadcrumbList","@id":"https:\/\/pmza.sk\/?p=10952#breadcrumb","itemListElement":[{"@type":"ListItem","position":1,"name":"Domovsk\u00e1 str\u00e1nka","item":"https:\/\/pmza.sk\/"},{"@type":"ListItem","position":2,"name":"Budat\u00ednsky r\u00ednok 2014"}]},{"@type":"WebSite","@id":"https:\/\/pmza.sk\/#website","url":"https:\/\/pmza.sk\/","name":"Pova\u017esk\u00e9 m\u00fazeum","description":"Pova\u017esk\u00e9 m\u00fazeum v \u017diline je region\u00e1lne m\u00fazeum so s\u00eddlom v Budat\u00edne. Jeho expoz\u00edcie s\u00fa zameran\u00e9 na dejiny slovensk\u00e9ho umenia, kult\u00fary a dopravy.","publisher":{"@id":"https:\/\/pmza.sk\/#organization"},"potentialAction":[{"@type":"SearchAction","target":{"@type":"EntryPoint","urlTemplate":"https:\/\/pmza.sk\/?s={search_term_string}"},"query-input":{"@type":"PropertyValueSpecification","valueRequired":true,"valueName":"search_term_string"}}],"inLanguage":"sk-SK"},{"@type":"Organization","@id":"https:\/\/pmza.sk\/#organization","name":"Pova\u017esk\u00e9 m\u00fazeum","url":"https:\/\/pmza.sk\/","logo":{"@type":"ImageObject","inLanguage":"sk-SK","@id":"https:\/\/pmza.sk\/#\/schema\/logo\/image\/","url":"https:\/\/pmza.sk\/wp-content\/uploads\/2022\/01\/logo_PM_horizontal.jpg","contentUrl":"https:\/\/pmza.sk\/wp-content\/uploads\/2022\/01\/logo_PM_horizontal.jpg","width":231,"height":142,"caption":"Pova\u017esk\u00e9 m\u00fazeum"},"image":{"@id":"https:\/\/pmza.sk\/#\/schema\/logo\/image\/"},"sameAs":["https:\/\/www.facebook.com\/povazskemuzeum","https:\/\/www.instagram.com\/povazskemuzeum\/"]},{"@type":"Person","@id":"https:\/\/pmza.sk\/#\/schema\/person\/595e6a2ce731ea94dcd5d7f50a41ae33","name":"Pova\u017esk\u00e9 m\u00fazeum","image":{"@type":"ImageObject","inLanguage":"sk-SK","@id":"https:\/\/secure.gravatar.com\/avatar\/2bb7f1561282132fb5826dfeccc66c7996d11ee392ac6aaf7ced8a1c2027fbb2?s=96&d=mm&r=g","url":"https:\/\/secure.gravatar.com\/avatar\/2bb7f1561282132fb5826dfeccc66c7996d11ee392ac6aaf7ced8a1c2027fbb2?s=96&d=mm&r=g","contentUrl":"https:\/\/secure.gravatar.com\/avatar\/2bb7f1561282132fb5826dfeccc66c7996d11ee392ac6aaf7ced8a1c2027fbb2?s=96&d=mm&r=g","caption":"Pova\u017esk\u00e9 m\u00fazeum"}}]}},"_links":{"self":[{"href":"https:\/\/pmza.sk\/index.php?rest_route=\/wp\/v2\/posts\/10952","targetHints":{"allow":["GET"]}}],"collection":[{"href":"https:\/\/pmza.sk\/index.php?rest_route=\/wp\/v2\/posts"}],"about":[{"href":"https:\/\/pmza.sk\/index.php?rest_route=\/wp\/v2\/types\/post"}],"author":[{"embeddable":true,"href":"https:\/\/pmza.sk\/index.php?rest_route=\/wp\/v2\/users\/2"}],"replies":[{"embeddable":true,"href":"https:\/\/pmza.sk\/index.php?rest_route=%2Fwp%2Fv2%2Fcomments&post=10952"}],"version-history":[{"count":0,"href":"https:\/\/pmza.sk\/index.php?rest_route=\/wp\/v2\/posts\/10952\/revisions"}],"wp:attachment":[{"href":"https:\/\/pmza.sk\/index.php?rest_route=%2Fwp%2Fv2%2Fmedia&parent=10952"}],"wp:term":[{"taxonomy":"category","embeddable":true,"href":"https:\/\/pmza.sk\/index.php?rest_route=%2Fwp%2Fv2%2Fcategories&post=10952"},{"taxonomy":"post_tag","embeddable":true,"href":"https:\/\/pmza.sk\/index.php?rest_route=%2Fwp%2Fv2%2Ftags&post=10952"}],"curies":[{"name":"wp","href":"https:\/\/api.w.org\/{rel}","templated":true}]}}