{"id":10967,"date":"2014-11-19T10:21:48","date_gmt":"2014-11-19T09:21:48","guid":{"rendered":"https:\/\/pmza.sk.sk\/?p=10967"},"modified":"2014-11-19T10:21:48","modified_gmt":"2014-11-19T09:21:48","slug":"pohrdanie-a-sebavedomie-sebaucta-pravdivy-pribeh-o-kotlaroch-drotaroch-a-korytaroch","status":"publish","type":"post","link":"https:\/\/pmza.sk\/?p=10967","title":{"rendered":"Poh\u0155danie a sebavedomie (seba\u00facta) \u2013 Pravdiv\u00fd pr\u00edbeh o kotl\u00e1roch, drot\u00e1roch a koryt\u00e1roch"},"content":{"rendered":"<p><a href=\"https:\/\/pmza.sk\/wp-content\/uploads\/2014\/11\/madari.jpg\"><img decoding=\"async\" class=\"alignleft  wp-image-11113\" src=\"https:\/\/pmza.sk\/wp-content\/uploads\/2014\/11\/madari.jpg\" alt=\"madari\" width=\"153\" height=\"154\" srcset=\"https:\/\/pmza.sk\/wp-content\/uploads\/2014\/11\/madari.jpg 606w, https:\/\/pmza.sk\/wp-content\/uploads\/2014\/11\/madari-359x360.jpg 359w, https:\/\/pmza.sk\/wp-content\/uploads\/2014\/11\/madari-300x300.jpg 300w, https:\/\/pmza.sk\/wp-content\/uploads\/2014\/11\/madari-600x602.jpg 600w, https:\/\/pmza.sk\/wp-content\/uploads\/2014\/11\/madari-100x100.jpg 100w\" sizes=\"(max-width: 153px) 100vw, 153px\" \/><\/a>Pova\u017esk\u00e9 m\u00fazeum v\u00a0\u017diline sa spolupodie\u013ea na v\u00fdstave Etnografick\u00e9ho m\u00fazea v\u00a0Budape\u0161ti, ktor\u00e1 je pr\u00edstupn\u00e1 verejnosti od 25. j\u00fana 2014 do 4. janu\u00e1ra 2015. V\u00fdstava predstavuje po\u010dtom expon\u00e1tov i plochou rozsiahly a\u00a0reprezentat\u00edvny v\u00fdstavn\u00fd projekt zameran\u00fd na vandrovn\u00e9 zamestnania a\u00a0podomov\u00fd obchod a\u00a0t\u00e9mu rozober\u00e1 v\u00a0dvoch rovin\u00e1ch, z\u00a0h\u013eadiska historick\u00e9ho i s\u00fa\u010dasn\u00e9ho:<\/p>\n<p><strong>Minulos\u0165 a\u00a0trad\u00edcia:\u00a0<\/strong><!--more--><\/p>\n<p style=\"text-align: left; padding-left: 30px;\">Kto boli b\u00fdval\u00ed vandrovn\u00ed remeseln\u00edci?<\/p>\n<p style=\"text-align: left; padding-left: 30px;\">Ako \u017eili z\u00a0podomov\u00e9ho obchodu a remesla?<\/p>\n<p style=\"text-align: left; padding-left: 30px;\">Ak\u00fd vz\u0165ah k\u00a0nim malo miestne obyvate\u013estvo?<\/p>\n<p style=\"text-align: left; padding-left: 30px;\">Ako, opovrhovan\u00ed svoj\u00edm okol\u00edm, posil\u0148ovali svoju seba\u00factu \/ sebavedomie?<\/p>\n<p style=\"text-align: left; padding-left: 30px;\">Ako prispeli k vn\u00edmaniu obrazu svojho vlastn\u00e9ho n\u00e1roda?<\/p>\n<p><strong>S\u00fa\u010dasnos\u0165:<\/strong><\/p>\n<p style=\"padding-left: 30px;\">Kto s\u00fa dne\u0161n\u00ed podomov\u00ed remeseln\u00edci?<\/p>\n<p style=\"padding-left: 30px;\">Ako sa rozv\u00edja vandrovn\u00e9 zamestnanie a\u00a0podomov\u00fd obchod v\u00a0s\u00fa\u010dasnej dobe?<\/p>\n<p>V\u00fdstava prostredn\u00edctvom mno\u017estva tradi\u010dn\u00fdch trojrozmern\u00fdch expon\u00e1tov, obrazov\u00e9ho a\u00a0filmov\u00e9ho materi\u00e1lu i osobn\u00fdch pr\u00edbehov vykres\u013euje hist\u00f3riu tradi\u010dn\u00fdch vandrovn\u00fdch remesiel a\u00a0zamestnan\u00ed na \u00fazem\u00ed b\u00fdvalej Rak\u00fasko-Uhorskej monarchie, reprezentovan\u00fdch pestrou zmesou r\u00f4znych soci\u00e1lnych a\u00a0etnick\u00fdch spolo\u010denstiev vykon\u00e1vaj\u00facich tieto \u010dinnosti a\u00a0interpretuje ju na pozad\u00ed dobov\u00fdch ekonomick\u00fdch procesov. Ukazuje vz\u00e1jomn\u00e9 vz\u0165ahy jednotliv\u00fdch profesijn\u00fdch skup\u00edn, ich\u00a0vz\u0165ahy s majoritn\u00fdm obyvate\u013estvom a zachyt\u00e1va proces redukcie predsudkov vo\u010di nim, ako aj ich postupn\u00e9 sebauvedomovanie a\u00a0posil\u0148ovanie seba\u00facty. pon\u00faka n\u00e1v\u0161tevn\u00edkom emot\u00edvnu prehliadku a\u00a0nostalgick\u00fa atmosf\u00e9ru ru\u0161nej vidieckej \u010di mestskej ulice v\u00a0minulosti s mno\u017estvom remeseln\u00edckych majstrov a\u00a0obchodn\u00edkov, ktor\u00ed pon\u00fakali svoje v\u00fdrobky a slu\u017eby: okn\u00e1ri, in\u0161talat\u00e9ri, holi\u010di, zvonolej\u00e1ri, drot\u00e1ri, oprav\u00e1ri d\u00e1\u017ednikov, v\u00fdrobcovia dreven\u00fdch ly\u017e\u00edc, fotografi, ko\u0161ik\u00e1ri, komin\u00e1ri, brusi\u010di no\u017eov, v\u00fdrobcovia vrt\u00e1kov, z\u00e1mo\u010dn\u00edci, povrazn\u00edci, c\u00edn\u00e1ri, praclik\u00e1ri, kotl\u00e1ri, krotitelia\/cvi\u010ditelia medve\u010fov a\u00a0op\u00edc, klauni, v\u00fdrobcovia teh\u00e1l, peciari, koryt\u00e1ri, medikov\u00e1\u010di, handr\u00e1ri, vykupova\u010di peria a\u00a0\u010fal\u0161\u00ed&#8230;<\/p>\n<p>V\u00fdstavu realizovalo N\u00e1rodopisn\u00e9 m\u00fazeum v\u00a0spolupr\u00e1ci s\u00a0Pova\u017esk\u00fdm m\u00fazeom v \u017diline. Jej autorom je Peter Szuhay, hlavn\u00fd kur\u00e1tor a\u00a0muzeol\u00f3g Etnografick\u00e9ho m\u00fazea v\u00a0Budape\u0161ti a\u00a0spolupracuj\u00facimi kur\u00e1tormi s\u00fa\u00a0 Esther Ker\u00e9k\u00a0a\u00a0za slovensk\u00fa stranu Mgr. Katar\u00edna Hallonov\u00e1, ved\u00faca oddelenia drot\u00e1rstva Pova\u017esk\u00e9ho m\u00fazea v\u00a0\u017diline.<\/p>\n<p>\u00daspe\u0161nou realiz\u00e1ciou v\u00fdstavn\u00e9ho projektu prispelo Pova\u017esk\u00e9 m\u00fazeum v\u00a0\u017diline k\u00a0d\u00f4stojnej prezent\u00e1cii \u017dSK, ale najm\u00e4 k\u00a0propag\u00e1cii Slovenska a\u00a0jeho kult\u00farnych trad\u00edci\u00ed v\u00a0zahrani\u010d\u00ed. Sn\u00e1\u010f tak\u00e9to aktivity prispej\u00fa aj rozvoju cestovn\u00e9ho ruchu a\u00a0k\u00a0\u0161\u00edreniu dobr\u00e9ho meno Slovenska vo svete a zv\u00fd\u0161ia atraktivitu n\u00e1\u0161ho regi\u00f3nu pre zahrani\u010dn\u00fdch n\u00e1v\u0161tevn\u00edkov.<\/p>\n<p>Tento projekt dal Pova\u017esk\u00e9mu m\u00fazeu v\u00a0\u017diline pr\u00edle\u017eitos\u0165 prezentova\u0165 sa v\u00a0\u010fal\u0161ej z\u00a0Eur\u00f3pskych metropol\u00ed (po Par\u00ed\u017ei, Viedni, Berl\u00edne, Lisabone, Helsink\u00e1ch, Bruseli, Var\u0161ave. Rijeke a\u00a0\u010fal\u0161\u00edch) v\u00a0\u010dase, ke\u010f bolo n\u00faten\u00e9 do\u010dasne zru\u0161i\u0165 expoz\u00edciu drot\u00e1rstva z\u00a0d\u00f4vodu realiz\u00e1cie projektu digitaliz\u00e1cie kult\u00farneho dedi\u010dstva.<\/p>\n<p>&nbsp;<\/p>\n<p>Etnografick\u00e9 m\u00fazeum v\u00a0Budape\u0161ti (N\u00e9prajzi m\u00fazeum)<\/p>\n<p>Trvanie v\u00fdstavy: 25. j\u00fan 2014 &#8211; 04. janu\u00e1r 2015<\/p>\n<p style=\"text-align: center;\">\u00a0<a href=\"https:\/\/pmza.sk\/wp-content\/uploads\/2014\/12\/hrnce.jpg\"><img fetchpriority=\"high\" decoding=\"async\" class=\" wp-image-11346\" src=\"https:\/\/pmza.sk\/wp-content\/uploads\/2014\/12\/hrnce.jpg\" alt=\"hrnce\" width=\"226\" height=\"303\" srcset=\"https:\/\/pmza.sk\/wp-content\/uploads\/2014\/12\/hrnce.jpg 600w, https:\/\/pmza.sk\/wp-content\/uploads\/2014\/12\/hrnce-269x360.jpg 269w, https:\/\/pmza.sk\/wp-content\/uploads\/2014\/12\/hrnce-549x736.jpg 549w\" sizes=\"(max-width: 226px) 100vw, 226px\" \/><\/a><\/p>\n","protected":false},"excerpt":{"rendered":"<p>Pova\u017esk\u00e9 m\u00fazeum v\u00a0\u017diline sa spolupodie\u013ea na v\u00fdstave Etnografick\u00e9ho m\u00fazea v\u00a0Budape\u0161ti, ktor\u00e1 je pr\u00edstupn\u00e1 verejnosti od 25. j\u00fana 2014 do 4. janu\u00e1ra 2015. V\u00fdstava predstavuje po\u010dtom expon\u00e1tov i plochou rozsiahly a\u00a0reprezentat\u00edvny v\u00fdstavn\u00fd projekt zameran\u00fd na vandrovn\u00e9 zamestnania a\u00a0podomov\u00fd obchod a\u00a0t\u00e9mu rozober\u00e1 v\u00a0dvoch rovin\u00e1ch, z\u00a0h\u013eadiska historick\u00e9ho i s\u00fa\u010dasn\u00e9ho: Minulos\u0165 a\u00a0trad\u00edcia:\u00a0<\/p>\n","protected":false},"author":2,"featured_media":0,"comment_status":"closed","ping_status":"closed","sticky":false,"template":"","format":"standard","meta":{"site-sidebar-layout":"default","site-content-layout":"","ast-site-content-layout":"","site-content-style":"default","site-sidebar-style":"default","ast-global-header-display":"","ast-banner-title-visibility":"","ast-main-header-display":"","ast-hfb-above-header-display":"","ast-hfb-below-header-display":"","ast-hfb-mobile-header-display":"","site-post-title":"","ast-breadcrumbs-content":"","ast-featured-img":"","footer-sml-layout":"","theme-transparent-header-meta":"","adv-header-id-meta":"","stick-header-meta":"","header-above-stick-meta":"","header-main-stick-meta":"","header-below-stick-meta":"","astra-migrate-meta-layouts":"default","ast-page-background-enabled":"default","ast-page-background-meta":{"desktop":{"background-color":"var(--ast-global-color-4)","background-image":"","background-repeat":"repeat","background-position":"center center","background-size":"auto","background-attachment":"scroll","background-type":"","background-media":"","overlay-type":"","overlay-color":"","overlay-opacity":"","overlay-gradient":""},"tablet":{"background-color":"","background-image":"","background-repeat":"repeat","background-position":"center center","background-size":"auto","background-attachment":"scroll","background-type":"","background-media":"","overlay-type":"","overlay-color":"","overlay-opacity":"","overlay-gradient":""},"mobile":{"background-color":"","background-image":"","background-repeat":"repeat","background-position":"center center","background-size":"auto","background-attachment":"scroll","background-type":"","background-media":"","overlay-type":"","overlay-color":"","overlay-opacity":"","overlay-gradient":""}},"ast-content-background-meta":{"desktop":{"background-color":"var(--ast-global-color-5)","background-image":"","background-repeat":"repeat","background-position":"center center","background-size":"auto","background-attachment":"scroll","background-type":"","background-media":"","overlay-type":"","overlay-color":"","overlay-opacity":"","overlay-gradient":""},"tablet":{"background-color":"var(--ast-global-color-5)","background-image":"","background-repeat":"repeat","background-position":"center center","background-size":"auto","background-attachment":"scroll","background-type":"","background-media":"","overlay-type":"","overlay-color":"","overlay-opacity":"","overlay-gradient":""},"mobile":{"background-color":"var(--ast-global-color-5)","background-image":"","background-repeat":"repeat","background-position":"center center","background-size":"auto","background-attachment":"scroll","background-type":"","background-media":"","overlay-type":"","overlay-color":"","overlay-opacity":"","overlay-gradient":""}},"footnotes":""},"categories":[36],"tags":[],"class_list":["post-10967","post","type-post","status-publish","format-standard","hentry","category-archiv-2014"],"yoast_head":"<!-- This site is optimized with the Yoast SEO plugin v27.4 - https:\/\/yoast.com\/product\/yoast-seo-wordpress\/ -->\n<title>Poh\u0155danie a sebavedomie (seba\u00facta) \u2013 Pravdiv\u00fd pr\u00edbeh o kotl\u00e1roch, drot\u00e1roch a koryt\u00e1roch - Pova\u017esk\u00e9 m\u00fazeum<\/title>\n<meta name=\"robots\" content=\"index, follow, max-snippet:-1, max-image-preview:large, max-video-preview:-1\" \/>\n<link rel=\"canonical\" href=\"https:\/\/pmza.sk\/?p=10967\" \/>\n<meta property=\"og:locale\" content=\"sk_SK\" \/>\n<meta property=\"og:type\" content=\"article\" \/>\n<meta property=\"og:title\" content=\"Poh\u0155danie a sebavedomie (seba\u00facta) \u2013 Pravdiv\u00fd pr\u00edbeh o kotl\u00e1roch, drot\u00e1roch a koryt\u00e1roch - Pova\u017esk\u00e9 m\u00fazeum\" \/>\n<meta property=\"og:description\" content=\"Pova\u017esk\u00e9 m\u00fazeum v\u00a0\u017diline sa spolupodie\u013ea na v\u00fdstave Etnografick\u00e9ho m\u00fazea v\u00a0Budape\u0161ti, ktor\u00e1 je pr\u00edstupn\u00e1 verejnosti od 25. j\u00fana 2014 do 4. janu\u00e1ra 2015. V\u00fdstava predstavuje po\u010dtom expon\u00e1tov i plochou rozsiahly a\u00a0reprezentat\u00edvny v\u00fdstavn\u00fd projekt zameran\u00fd na vandrovn\u00e9 zamestnania a\u00a0podomov\u00fd obchod a\u00a0t\u00e9mu rozober\u00e1 v\u00a0dvoch rovin\u00e1ch, z\u00a0h\u013eadiska historick\u00e9ho i s\u00fa\u010dasn\u00e9ho: Minulos\u0165 a\u00a0trad\u00edcia:\u00a0\" \/>\n<meta property=\"og:url\" content=\"https:\/\/pmza.sk\/?p=10967\" \/>\n<meta property=\"og:site_name\" content=\"Pova\u017esk\u00e9 m\u00fazeum\" \/>\n<meta property=\"article:publisher\" content=\"https:\/\/www.facebook.com\/povazskemuzeum\" \/>\n<meta property=\"article:published_time\" content=\"2014-11-19T09:21:48+00:00\" \/>\n<meta property=\"og:image\" content=\"https:\/\/pmza.sk\/wp-content\/uploads\/2014\/11\/madari.jpg\" \/>\n<meta name=\"author\" content=\"Pova\u017esk\u00e9 m\u00fazeum\" \/>\n<meta name=\"twitter:card\" content=\"summary_large_image\" \/>\n<meta name=\"twitter:label1\" content=\"Autor\" \/>\n\t<meta name=\"twitter:data1\" content=\"Pova\u017esk\u00e9 m\u00fazeum\" \/>\n\t<meta name=\"twitter:label2\" content=\"Predpokladan\u00fd \u010das \u010d\u00edtania\" \/>\n\t<meta name=\"twitter:data2\" content=\"3 min\u00faty\" \/>\n<script type=\"application\/ld+json\" class=\"yoast-schema-graph\">{\"@context\":\"https:\\\/\\\/schema.org\",\"@graph\":[{\"@type\":\"Article\",\"@id\":\"https:\\\/\\\/pmza.sk\\\/?p=10967#article\",\"isPartOf\":{\"@id\":\"https:\\\/\\\/pmza.sk\\\/?p=10967\"},\"author\":{\"name\":\"Pova\u017esk\u00e9 m\u00fazeum\",\"@id\":\"https:\\\/\\\/pmza.sk\\\/#\\\/schema\\\/person\\\/595e6a2ce731ea94dcd5d7f50a41ae33\"},\"headline\":\"Poh\u0155danie a sebavedomie (seba\u00facta) \u2013 Pravdiv\u00fd pr\u00edbeh o kotl\u00e1roch, drot\u00e1roch a koryt\u00e1roch\",\"datePublished\":\"2014-11-19T09:21:48+00:00\",\"mainEntityOfPage\":{\"@id\":\"https:\\\/\\\/pmza.sk\\\/?p=10967\"},\"wordCount\":600,\"publisher\":{\"@id\":\"https:\\\/\\\/pmza.sk\\\/#organization\"},\"image\":{\"@id\":\"https:\\\/\\\/pmza.sk\\\/?p=10967#primaryimage\"},\"thumbnailUrl\":\"http:\\\/\\\/pmza.sk\\\/wp-content\\\/uploads\\\/2014\\\/11\\\/madari.jpg\",\"articleSection\":[\"Arch\u00edv 2014\"],\"inLanguage\":\"sk-SK\"},{\"@type\":\"WebPage\",\"@id\":\"https:\\\/\\\/pmza.sk\\\/?p=10967\",\"url\":\"https:\\\/\\\/pmza.sk\\\/?p=10967\",\"name\":\"Poh\u0155danie a sebavedomie (seba\u00facta) \u2013 Pravdiv\u00fd pr\u00edbeh o kotl\u00e1roch, drot\u00e1roch a koryt\u00e1roch - Pova\u017esk\u00e9 m\u00fazeum\",\"isPartOf\":{\"@id\":\"https:\\\/\\\/pmza.sk\\\/#website\"},\"primaryImageOfPage\":{\"@id\":\"https:\\\/\\\/pmza.sk\\\/?p=10967#primaryimage\"},\"image\":{\"@id\":\"https:\\\/\\\/pmza.sk\\\/?p=10967#primaryimage\"},\"thumbnailUrl\":\"http:\\\/\\\/pmza.sk\\\/wp-content\\\/uploads\\\/2014\\\/11\\\/madari.jpg\",\"datePublished\":\"2014-11-19T09:21:48+00:00\",\"breadcrumb\":{\"@id\":\"https:\\\/\\\/pmza.sk\\\/?p=10967#breadcrumb\"},\"inLanguage\":\"sk-SK\",\"potentialAction\":[{\"@type\":\"ReadAction\",\"target\":[\"https:\\\/\\\/pmza.sk\\\/?p=10967\"]}]},{\"@type\":\"ImageObject\",\"inLanguage\":\"sk-SK\",\"@id\":\"https:\\\/\\\/pmza.sk\\\/?p=10967#primaryimage\",\"url\":\"https:\\\/\\\/pmza.sk\\\/wp-content\\\/uploads\\\/2014\\\/11\\\/madari.jpg\",\"contentUrl\":\"https:\\\/\\\/pmza.sk\\\/wp-content\\\/uploads\\\/2014\\\/11\\\/madari.jpg\",\"width\":606,\"height\":608},{\"@type\":\"BreadcrumbList\",\"@id\":\"https:\\\/\\\/pmza.sk\\\/?p=10967#breadcrumb\",\"itemListElement\":[{\"@type\":\"ListItem\",\"position\":1,\"name\":\"Domovsk\u00e1 str\u00e1nka\",\"item\":\"https:\\\/\\\/pmza.sk\\\/\"},{\"@type\":\"ListItem\",\"position\":2,\"name\":\"Poh\u0155danie a sebavedomie (seba\u00facta) \u2013 Pravdiv\u00fd pr\u00edbeh o kotl\u00e1roch, drot\u00e1roch a koryt\u00e1roch\"}]},{\"@type\":\"WebSite\",\"@id\":\"https:\\\/\\\/pmza.sk\\\/#website\",\"url\":\"https:\\\/\\\/pmza.sk\\\/\",\"name\":\"Pova\u017esk\u00e9 m\u00fazeum\",\"description\":\"Pova\u017esk\u00e9 m\u00fazeum v \u017diline je region\u00e1lne m\u00fazeum so s\u00eddlom v Budat\u00edne. Jeho expoz\u00edcie s\u00fa zameran\u00e9 na dejiny slovensk\u00e9ho umenia, kult\u00fary a dopravy.\",\"publisher\":{\"@id\":\"https:\\\/\\\/pmza.sk\\\/#organization\"},\"potentialAction\":[{\"@type\":\"SearchAction\",\"target\":{\"@type\":\"EntryPoint\",\"urlTemplate\":\"https:\\\/\\\/pmza.sk\\\/?s={search_term_string}\"},\"query-input\":{\"@type\":\"PropertyValueSpecification\",\"valueRequired\":true,\"valueName\":\"search_term_string\"}}],\"inLanguage\":\"sk-SK\"},{\"@type\":\"Organization\",\"@id\":\"https:\\\/\\\/pmza.sk\\\/#organization\",\"name\":\"Pova\u017esk\u00e9 m\u00fazeum\",\"url\":\"https:\\\/\\\/pmza.sk\\\/\",\"logo\":{\"@type\":\"ImageObject\",\"inLanguage\":\"sk-SK\",\"@id\":\"https:\\\/\\\/pmza.sk\\\/#\\\/schema\\\/logo\\\/image\\\/\",\"url\":\"https:\\\/\\\/pmza.sk\\\/wp-content\\\/uploads\\\/2022\\\/01\\\/logo_PM_horizontal.jpg\",\"contentUrl\":\"https:\\\/\\\/pmza.sk\\\/wp-content\\\/uploads\\\/2022\\\/01\\\/logo_PM_horizontal.jpg\",\"width\":231,\"height\":142,\"caption\":\"Pova\u017esk\u00e9 m\u00fazeum\"},\"image\":{\"@id\":\"https:\\\/\\\/pmza.sk\\\/#\\\/schema\\\/logo\\\/image\\\/\"},\"sameAs\":[\"https:\\\/\\\/www.facebook.com\\\/povazskemuzeum\",\"https:\\\/\\\/www.instagram.com\\\/povazskemuzeum\\\/\"]},{\"@type\":\"Person\",\"@id\":\"https:\\\/\\\/pmza.sk\\\/#\\\/schema\\\/person\\\/595e6a2ce731ea94dcd5d7f50a41ae33\",\"name\":\"Pova\u017esk\u00e9 m\u00fazeum\",\"image\":{\"@type\":\"ImageObject\",\"inLanguage\":\"sk-SK\",\"@id\":\"https:\\\/\\\/secure.gravatar.com\\\/avatar\\\/2bb7f1561282132fb5826dfeccc66c7996d11ee392ac6aaf7ced8a1c2027fbb2?s=96&d=mm&r=g\",\"url\":\"https:\\\/\\\/secure.gravatar.com\\\/avatar\\\/2bb7f1561282132fb5826dfeccc66c7996d11ee392ac6aaf7ced8a1c2027fbb2?s=96&d=mm&r=g\",\"contentUrl\":\"https:\\\/\\\/secure.gravatar.com\\\/avatar\\\/2bb7f1561282132fb5826dfeccc66c7996d11ee392ac6aaf7ced8a1c2027fbb2?s=96&d=mm&r=g\",\"caption\":\"Pova\u017esk\u00e9 m\u00fazeum\"}}]}<\/script>\n<!-- \/ Yoast SEO plugin. -->","yoast_head_json":{"title":"Poh\u0155danie a sebavedomie (seba\u00facta) \u2013 Pravdiv\u00fd pr\u00edbeh o kotl\u00e1roch, drot\u00e1roch a koryt\u00e1roch - Pova\u017esk\u00e9 m\u00fazeum","robots":{"index":"index","follow":"follow","max-snippet":"max-snippet:-1","max-image-preview":"max-image-preview:large","max-video-preview":"max-video-preview:-1"},"canonical":"https:\/\/pmza.sk\/?p=10967","og_locale":"sk_SK","og_type":"article","og_title":"Poh\u0155danie a sebavedomie (seba\u00facta) \u2013 Pravdiv\u00fd pr\u00edbeh o kotl\u00e1roch, drot\u00e1roch a koryt\u00e1roch - Pova\u017esk\u00e9 m\u00fazeum","og_description":"Pova\u017esk\u00e9 m\u00fazeum v\u00a0\u017diline sa spolupodie\u013ea na v\u00fdstave Etnografick\u00e9ho m\u00fazea v\u00a0Budape\u0161ti, ktor\u00e1 je pr\u00edstupn\u00e1 verejnosti od 25. j\u00fana 2014 do 4. janu\u00e1ra 2015. V\u00fdstava predstavuje po\u010dtom expon\u00e1tov i plochou rozsiahly a\u00a0reprezentat\u00edvny v\u00fdstavn\u00fd projekt zameran\u00fd na vandrovn\u00e9 zamestnania a\u00a0podomov\u00fd obchod a\u00a0t\u00e9mu rozober\u00e1 v\u00a0dvoch rovin\u00e1ch, z\u00a0h\u013eadiska historick\u00e9ho i s\u00fa\u010dasn\u00e9ho: Minulos\u0165 a\u00a0trad\u00edcia:\u00a0","og_url":"https:\/\/pmza.sk\/?p=10967","og_site_name":"Pova\u017esk\u00e9 m\u00fazeum","article_publisher":"https:\/\/www.facebook.com\/povazskemuzeum","article_published_time":"2014-11-19T09:21:48+00:00","og_image":[{"url":"https:\/\/pmza.sk\/wp-content\/uploads\/2014\/11\/madari.jpg","type":"","width":"","height":""}],"author":"Pova\u017esk\u00e9 m\u00fazeum","twitter_card":"summary_large_image","twitter_misc":{"Autor":"Pova\u017esk\u00e9 m\u00fazeum","Predpokladan\u00fd \u010das \u010d\u00edtania":"3 min\u00faty"},"schema":{"@context":"https:\/\/schema.org","@graph":[{"@type":"Article","@id":"https:\/\/pmza.sk\/?p=10967#article","isPartOf":{"@id":"https:\/\/pmza.sk\/?p=10967"},"author":{"name":"Pova\u017esk\u00e9 m\u00fazeum","@id":"https:\/\/pmza.sk\/#\/schema\/person\/595e6a2ce731ea94dcd5d7f50a41ae33"},"headline":"Poh\u0155danie a sebavedomie (seba\u00facta) \u2013 Pravdiv\u00fd pr\u00edbeh o kotl\u00e1roch, drot\u00e1roch a koryt\u00e1roch","datePublished":"2014-11-19T09:21:48+00:00","mainEntityOfPage":{"@id":"https:\/\/pmza.sk\/?p=10967"},"wordCount":600,"publisher":{"@id":"https:\/\/pmza.sk\/#organization"},"image":{"@id":"https:\/\/pmza.sk\/?p=10967#primaryimage"},"thumbnailUrl":"https:\/\/pmza.sk\/wp-content\/uploads\/2014\/11\/madari.jpg","articleSection":["Arch\u00edv 2014"],"inLanguage":"sk-SK"},{"@type":"WebPage","@id":"https:\/\/pmza.sk\/?p=10967","url":"https:\/\/pmza.sk\/?p=10967","name":"Poh\u0155danie a sebavedomie (seba\u00facta) \u2013 Pravdiv\u00fd pr\u00edbeh o kotl\u00e1roch, drot\u00e1roch a koryt\u00e1roch - Pova\u017esk\u00e9 m\u00fazeum","isPartOf":{"@id":"https:\/\/pmza.sk\/#website"},"primaryImageOfPage":{"@id":"https:\/\/pmza.sk\/?p=10967#primaryimage"},"image":{"@id":"https:\/\/pmza.sk\/?p=10967#primaryimage"},"thumbnailUrl":"https:\/\/pmza.sk\/wp-content\/uploads\/2014\/11\/madari.jpg","datePublished":"2014-11-19T09:21:48+00:00","breadcrumb":{"@id":"https:\/\/pmza.sk\/?p=10967#breadcrumb"},"inLanguage":"sk-SK","potentialAction":[{"@type":"ReadAction","target":["https:\/\/pmza.sk\/?p=10967"]}]},{"@type":"ImageObject","inLanguage":"sk-SK","@id":"https:\/\/pmza.sk\/?p=10967#primaryimage","url":"https:\/\/pmza.sk\/wp-content\/uploads\/2014\/11\/madari.jpg","contentUrl":"https:\/\/pmza.sk\/wp-content\/uploads\/2014\/11\/madari.jpg","width":606,"height":608},{"@type":"BreadcrumbList","@id":"https:\/\/pmza.sk\/?p=10967#breadcrumb","itemListElement":[{"@type":"ListItem","position":1,"name":"Domovsk\u00e1 str\u00e1nka","item":"https:\/\/pmza.sk\/"},{"@type":"ListItem","position":2,"name":"Poh\u0155danie a sebavedomie (seba\u00facta) \u2013 Pravdiv\u00fd pr\u00edbeh o kotl\u00e1roch, drot\u00e1roch a koryt\u00e1roch"}]},{"@type":"WebSite","@id":"https:\/\/pmza.sk\/#website","url":"https:\/\/pmza.sk\/","name":"Pova\u017esk\u00e9 m\u00fazeum","description":"Pova\u017esk\u00e9 m\u00fazeum v \u017diline je region\u00e1lne m\u00fazeum so s\u00eddlom v Budat\u00edne. Jeho expoz\u00edcie s\u00fa zameran\u00e9 na dejiny slovensk\u00e9ho umenia, kult\u00fary a dopravy.","publisher":{"@id":"https:\/\/pmza.sk\/#organization"},"potentialAction":[{"@type":"SearchAction","target":{"@type":"EntryPoint","urlTemplate":"https:\/\/pmza.sk\/?s={search_term_string}"},"query-input":{"@type":"PropertyValueSpecification","valueRequired":true,"valueName":"search_term_string"}}],"inLanguage":"sk-SK"},{"@type":"Organization","@id":"https:\/\/pmza.sk\/#organization","name":"Pova\u017esk\u00e9 m\u00fazeum","url":"https:\/\/pmza.sk\/","logo":{"@type":"ImageObject","inLanguage":"sk-SK","@id":"https:\/\/pmza.sk\/#\/schema\/logo\/image\/","url":"https:\/\/pmza.sk\/wp-content\/uploads\/2022\/01\/logo_PM_horizontal.jpg","contentUrl":"https:\/\/pmza.sk\/wp-content\/uploads\/2022\/01\/logo_PM_horizontal.jpg","width":231,"height":142,"caption":"Pova\u017esk\u00e9 m\u00fazeum"},"image":{"@id":"https:\/\/pmza.sk\/#\/schema\/logo\/image\/"},"sameAs":["https:\/\/www.facebook.com\/povazskemuzeum","https:\/\/www.instagram.com\/povazskemuzeum\/"]},{"@type":"Person","@id":"https:\/\/pmza.sk\/#\/schema\/person\/595e6a2ce731ea94dcd5d7f50a41ae33","name":"Pova\u017esk\u00e9 m\u00fazeum","image":{"@type":"ImageObject","inLanguage":"sk-SK","@id":"https:\/\/secure.gravatar.com\/avatar\/2bb7f1561282132fb5826dfeccc66c7996d11ee392ac6aaf7ced8a1c2027fbb2?s=96&d=mm&r=g","url":"https:\/\/secure.gravatar.com\/avatar\/2bb7f1561282132fb5826dfeccc66c7996d11ee392ac6aaf7ced8a1c2027fbb2?s=96&d=mm&r=g","contentUrl":"https:\/\/secure.gravatar.com\/avatar\/2bb7f1561282132fb5826dfeccc66c7996d11ee392ac6aaf7ced8a1c2027fbb2?s=96&d=mm&r=g","caption":"Pova\u017esk\u00e9 m\u00fazeum"}}]}},"_links":{"self":[{"href":"https:\/\/pmza.sk\/index.php?rest_route=\/wp\/v2\/posts\/10967","targetHints":{"allow":["GET"]}}],"collection":[{"href":"https:\/\/pmza.sk\/index.php?rest_route=\/wp\/v2\/posts"}],"about":[{"href":"https:\/\/pmza.sk\/index.php?rest_route=\/wp\/v2\/types\/post"}],"author":[{"embeddable":true,"href":"https:\/\/pmza.sk\/index.php?rest_route=\/wp\/v2\/users\/2"}],"replies":[{"embeddable":true,"href":"https:\/\/pmza.sk\/index.php?rest_route=%2Fwp%2Fv2%2Fcomments&post=10967"}],"version-history":[{"count":0,"href":"https:\/\/pmza.sk\/index.php?rest_route=\/wp\/v2\/posts\/10967\/revisions"}],"wp:attachment":[{"href":"https:\/\/pmza.sk\/index.php?rest_route=%2Fwp%2Fv2%2Fmedia&parent=10967"}],"wp:term":[{"taxonomy":"category","embeddable":true,"href":"https:\/\/pmza.sk\/index.php?rest_route=%2Fwp%2Fv2%2Fcategories&post=10967"},{"taxonomy":"post_tag","embeddable":true,"href":"https:\/\/pmza.sk\/index.php?rest_route=%2Fwp%2Fv2%2Ftags&post=10967"}],"curies":[{"name":"wp","href":"https:\/\/api.w.org\/{rel}","templated":true}]}}