{"id":11005,"date":"2014-11-05T14:11:38","date_gmt":"2014-11-05T13:11:38","guid":{"rendered":"https:\/\/pmza.sk.sk\/?p=11005"},"modified":"2014-11-05T14:11:38","modified_gmt":"2014-11-05T13:11:38","slug":"medzi-uspesnymi-novymi-ziadatelmi-norskych-fondov-aj-zilinsky-samospravny-kraj","status":"publish","type":"post","link":"https:\/\/pmza.sk\/?p=11005","title":{"rendered":"Medzi \u00faspe\u0161n\u00fdmi nov\u00fdmi \u017eiadate\u013emi N\u00f3rskych fondov aj \u017dilinsk\u00fd samospr\u00e1vny kraj"},"content":{"rendered":"<p><a href=\"https:\/\/pmza.sk\/wp-content\/uploads\/2014\/11\/DSC_0059.jpg\"><img decoding=\"async\" class=\"alignleft  wp-image-11015\" src=\"https:\/\/pmza.sk\/wp-content\/uploads\/2014\/11\/DSC_0059.jpg\" alt=\"DSC_0059\" width=\"234\" height=\"156\" srcset=\"https:\/\/pmza.sk\/wp-content\/uploads\/2014\/11\/DSC_0059.jpg 1024w, https:\/\/pmza.sk\/wp-content\/uploads\/2014\/11\/DSC_0059-540x360.jpg 540w, https:\/\/pmza.sk\/wp-content\/uploads\/2014\/11\/DSC_0059-768x512.jpg 768w, https:\/\/pmza.sk\/wp-content\/uploads\/2014\/11\/DSC_0059-600x400.jpg 600w\" sizes=\"(max-width: 234px) 100vw, 234px\" \/><\/a>V Sob\u00e1\u0161nom pal\u00e1ci v\u00a0Byt\u010di sa 4. novembra 2014 uskuto\u010dnilo sl\u00e1vnostn\u00e9 podpisovanie zml\u00fav \u00faspe\u0161n\u00fdch \u017eiadate\u013eov na\u00a0projekty obnovy a\u00a0z\u00e1chrany kult\u00farneho dedi\u010dstva na\u00a0Slovensku. Jedn\u00fdm z\u00a0\u00faspe\u0161n\u00fdch je aj projekt \u017dilinsk\u00e9ho samospr\u00e1vneho kraja <strong>\u201eBez kaplnky nie je hrad.\u201c<\/strong> \u201eProjekt je s\u00fa\u010das\u0165ou komplexnej rekon\u0161trukcie Budat\u00ednskeho hradu, pri\u010dom t\u00e1to etapa je zameran\u00e1 na\u00a0obnovu hradnej kaplnky, ktor\u00e1 je dnes pre\u00a0verejnos\u0165 je uzatvoren\u00e1. Celkov\u00e1 suma projektu je 522 tis\u00edc eur, pri\u010dom nen\u00e1vratn\u00fd pr\u00edspevok predstavuje sumu takmer 444 tis\u00edc eur,\u201c povedal predseda \u017dSK Juraj Blan\u00e1r.<!--more--><\/p>\n<p>V\u0161etky sl\u00e1vnostne podp\u00edsan\u00e9 projekty sa bud\u00fa realizova\u0165 v\u010faka programu <strong>Zachovanie a\u00a0revitaliz\u00e1cia kult\u00farneho a\u00a0pr\u00edrodn\u00e9ho dedi\u010dstva, podpora rozmanitosti v\u00a0oblasti kult\u00fary a\u00a0umenia v\u00a0r\u00e1mci eur\u00f3pskeho kult\u00farneho dedi\u010dstva <\/strong>financovan\u00e9ho z\u00a0grantov Eur\u00f3pskeho hospod\u00e1rskeho priestoru. Celkov\u00e1 suma ur\u010den\u00e1 na\u00a0projekty predstavuje pribli\u017ene 6 mili\u00f3nov eur. Podporen\u00e9 projekty v\u00fdrazne prispej\u00fa k zachovaniu pamiatok eur\u00f3pskeho \u010di svetov\u00e9ho v\u00fdznamu na\u00a0Slovensku.<\/p>\n<p>Z\u00e1rove\u0148 sa pri tejto pr\u00edle\u017eitosti konala konferencia s\u00a0n\u00e1zvom <strong>\u017div\u00e9 pamiatky o\u00a0pr\u00edle\u017eitostiach v\u00a0oblasti turizmu, ekonomick\u00e9ho a\u00a0soci\u00e1lneho rozvoja, ktor\u00e9 prin\u00e1\u0161aj\u00fa pamiatky zrekon\u0161truovan\u00e9 v\u00a0r\u00e1mci grantov EHP a\u00a0N\u00f3rska <\/strong>organizovan\u00e1 v\u00a0spolupr\u00e1ci s\u00a0\u00daradom vl\u00e1dy SR a\u00a0Ve\u013evyslanectvom N\u00f3rskeho kr\u00e1\u013eovstva. S\u00fa\u010das\u0165ou podujatia bola aj prezent\u00e1cia projektov podporen\u00fdch z\u00a0t\u00fdchto grantov, ako aj sl\u00e1vnostn\u00e9 otvorenie vernis\u00e1\u017ee <strong>Znovuzroden\u00e9 dedi\u010dstvo<\/strong> &#8211; putovnej v\u00fdstavy projektov kult\u00farneho dedi\u010dstva zrealizovan\u00fdch na\u00a0Slovensku, ktor\u00fa organizuje ve\u013evyslanectvo N\u00f3rskeho kr\u00e1\u013eovstva v\u00a0SR.<\/p>\n<p>\u201e\u017dilinsk\u00fd samospr\u00e1vny kraj bol v\u00a0\u010derpan\u00ed N\u00f3rskych fondov \u00faspe\u0161n\u00fd u\u017e v\u00a0rokoch 2007- 2009. V\u010faka nim prebehla obnova budovy Sob\u00e1\u0161neho pal\u00e1ca v\u00a0Byt\u010di. Pri rekon\u0161trukcii sa vtedy preinvestovalo viac ako 2 mili\u00f3ny eur. Sob\u00e1\u0161ny pal\u00e1c sa tak stane symbolick\u00fdm miestom podpisovania nov\u00fdch zml\u00fav\u201c dodal Juraj Blan\u00e1r.<\/p>\n<p><a href=\"https:\/\/pmza.sk\/wp-content\/uploads\/2014\/11\/DSC_0042.jpg\"><img fetchpriority=\"high\" decoding=\"async\" class=\"alignleft  wp-image-11016\" src=\"https:\/\/pmza.sk\/wp-content\/uploads\/2014\/11\/DSC_0042.jpg\" alt=\"DSC_0042\" width=\"275\" height=\"184\" srcset=\"https:\/\/pmza.sk\/wp-content\/uploads\/2014\/11\/DSC_0042.jpg 1024w, https:\/\/pmza.sk\/wp-content\/uploads\/2014\/11\/DSC_0042-540x360.jpg 540w, https:\/\/pmza.sk\/wp-content\/uploads\/2014\/11\/DSC_0042-768x512.jpg 768w, https:\/\/pmza.sk\/wp-content\/uploads\/2014\/11\/DSC_0042-600x400.jpg 600w\" sizes=\"(max-width: 275px) 100vw, 275px\" \/><\/a> <a href=\"https:\/\/pmza.sk\/wp-content\/uploads\/2014\/11\/DSC_0045.jpg\"><img decoding=\"async\" class=\"alignleft  wp-image-11017\" src=\"https:\/\/pmza.sk\/wp-content\/uploads\/2014\/11\/DSC_0045.jpg\" alt=\"DSC_0045\" width=\"281\" height=\"184\" srcset=\"https:\/\/pmza.sk\/wp-content\/uploads\/2014\/11\/DSC_0045.jpg 1024w, https:\/\/pmza.sk\/wp-content\/uploads\/2014\/11\/DSC_0045-550x360.jpg 550w, https:\/\/pmza.sk\/wp-content\/uploads\/2014\/11\/DSC_0045-768x503.jpg 768w, https:\/\/pmza.sk\/wp-content\/uploads\/2014\/11\/DSC_0045-600x393.jpg 600w\" sizes=\"(max-width: 281px) 100vw, 281px\" \/><\/a><\/p>\n<p>&nbsp;<\/p>\n<p>&nbsp;<\/p>\n<p>&nbsp;<\/p>\n<p>&nbsp;<\/p>\n<p>&nbsp;<\/p>\n<p>ZDROJ: Tla\u010dov\u00e1 spr\u00e1va \u017dSK, Mgr. Jarmila \u0160ev\u010d\u00edkov\u00e1<\/p>\n","protected":false},"excerpt":{"rendered":"<p>V Sob\u00e1\u0161nom pal\u00e1ci v\u00a0Byt\u010di sa 4. novembra 2014 uskuto\u010dnilo sl\u00e1vnostn\u00e9 podpisovanie zml\u00fav \u00faspe\u0161n\u00fdch \u017eiadate\u013eov na\u00a0projekty obnovy a\u00a0z\u00e1chrany kult\u00farneho dedi\u010dstva na\u00a0Slovensku. Jedn\u00fdm z\u00a0\u00faspe\u0161n\u00fdch je aj projekt \u017dilinsk\u00e9ho samospr\u00e1vneho kraja \u201eBez kaplnky nie je hrad.\u201c \u201eProjekt je s\u00fa\u010das\u0165ou komplexnej rekon\u0161trukcie Budat\u00ednskeho hradu, pri\u010dom t\u00e1to etapa je zameran\u00e1 na\u00a0obnovu hradnej kaplnky, ktor\u00e1 je dnes pre\u00a0verejnos\u0165 je uzatvoren\u00e1. Celkov\u00e1 [&hellip;]<\/p>\n","protected":false},"author":2,"featured_media":0,"comment_status":"closed","ping_status":"closed","sticky":false,"template":"","format":"standard","meta":{"site-sidebar-layout":"default","site-content-layout":"","ast-site-content-layout":"","site-content-style":"default","site-sidebar-style":"default","ast-global-header-display":"","ast-banner-title-visibility":"","ast-main-header-display":"","ast-hfb-above-header-display":"","ast-hfb-below-header-display":"","ast-hfb-mobile-header-display":"","site-post-title":"","ast-breadcrumbs-content":"","ast-featured-img":"","footer-sml-layout":"","theme-transparent-header-meta":"","adv-header-id-meta":"","stick-header-meta":"","header-above-stick-meta":"","header-main-stick-meta":"","header-below-stick-meta":"","astra-migrate-meta-layouts":"default","ast-page-background-enabled":"default","ast-page-background-meta":{"desktop":{"background-color":"var(--ast-global-color-4)","background-image":"","background-repeat":"repeat","background-position":"center center","background-size":"auto","background-attachment":"scroll","background-type":"","background-media":"","overlay-type":"","overlay-color":"","overlay-opacity":"","overlay-gradient":""},"tablet":{"background-color":"","background-image":"","background-repeat":"repeat","background-position":"center center","background-size":"auto","background-attachment":"scroll","background-type":"","background-media":"","overlay-type":"","overlay-color":"","overlay-opacity":"","overlay-gradient":""},"mobile":{"background-color":"","background-image":"","background-repeat":"repeat","background-position":"center center","background-size":"auto","background-attachment":"scroll","background-type":"","background-media":"","overlay-type":"","overlay-color":"","overlay-opacity":"","overlay-gradient":""}},"ast-content-background-meta":{"desktop":{"background-color":"var(--ast-global-color-5)","background-image":"","background-repeat":"repeat","background-position":"center center","background-size":"auto","background-attachment":"scroll","background-type":"","background-media":"","overlay-type":"","overlay-color":"","overlay-opacity":"","overlay-gradient":""},"tablet":{"background-color":"var(--ast-global-color-5)","background-image":"","background-repeat":"repeat","background-position":"center center","background-size":"auto","background-attachment":"scroll","background-type":"","background-media":"","overlay-type":"","overlay-color":"","overlay-opacity":"","overlay-gradient":""},"mobile":{"background-color":"var(--ast-global-color-5)","background-image":"","background-repeat":"repeat","background-position":"center center","background-size":"auto","background-attachment":"scroll","background-type":"","background-media":"","overlay-type":"","overlay-color":"","overlay-opacity":"","overlay-gradient":""}},"footnotes":""},"categories":[36],"tags":[],"class_list":["post-11005","post","type-post","status-publish","format-standard","hentry","category-archiv-2014"],"yoast_head":"<!-- This site is optimized with the Yoast SEO plugin v27.4 - https:\/\/yoast.com\/product\/yoast-seo-wordpress\/ -->\n<title>Medzi \u00faspe\u0161n\u00fdmi nov\u00fdmi \u017eiadate\u013emi N\u00f3rskych fondov aj \u017dilinsk\u00fd samospr\u00e1vny kraj - Pova\u017esk\u00e9 m\u00fazeum<\/title>\n<meta name=\"robots\" content=\"index, follow, max-snippet:-1, max-image-preview:large, max-video-preview:-1\" \/>\n<link rel=\"canonical\" href=\"https:\/\/pmza.sk\/?p=11005\" \/>\n<meta property=\"og:locale\" content=\"sk_SK\" \/>\n<meta property=\"og:type\" content=\"article\" \/>\n<meta property=\"og:title\" content=\"Medzi \u00faspe\u0161n\u00fdmi nov\u00fdmi \u017eiadate\u013emi N\u00f3rskych fondov aj \u017dilinsk\u00fd samospr\u00e1vny kraj - Pova\u017esk\u00e9 m\u00fazeum\" \/>\n<meta property=\"og:description\" content=\"V Sob\u00e1\u0161nom pal\u00e1ci v\u00a0Byt\u010di sa 4. novembra 2014 uskuto\u010dnilo sl\u00e1vnostn\u00e9 podpisovanie zml\u00fav \u00faspe\u0161n\u00fdch \u017eiadate\u013eov na\u00a0projekty obnovy a\u00a0z\u00e1chrany kult\u00farneho dedi\u010dstva na\u00a0Slovensku. Jedn\u00fdm z\u00a0\u00faspe\u0161n\u00fdch je aj projekt \u017dilinsk\u00e9ho samospr\u00e1vneho kraja \u201eBez kaplnky nie je hrad.\u201c \u201eProjekt je s\u00fa\u010das\u0165ou komplexnej rekon\u0161trukcie Budat\u00ednskeho hradu, pri\u010dom t\u00e1to etapa je zameran\u00e1 na\u00a0obnovu hradnej kaplnky, ktor\u00e1 je dnes pre\u00a0verejnos\u0165 je uzatvoren\u00e1. Celkov\u00e1 [&hellip;]\" \/>\n<meta property=\"og:url\" content=\"https:\/\/pmza.sk\/?p=11005\" \/>\n<meta property=\"og:site_name\" content=\"Pova\u017esk\u00e9 m\u00fazeum\" \/>\n<meta property=\"article:publisher\" content=\"https:\/\/www.facebook.com\/povazskemuzeum\" \/>\n<meta property=\"article:published_time\" content=\"2014-11-05T13:11:38+00:00\" \/>\n<meta property=\"og:image\" content=\"https:\/\/pmza.sk\/wp-content\/uploads\/2014\/11\/DSC_0059.jpg\" \/>\n<meta name=\"author\" content=\"Pova\u017esk\u00e9 m\u00fazeum\" \/>\n<meta name=\"twitter:card\" content=\"summary_large_image\" \/>\n<meta name=\"twitter:label1\" content=\"Autor\" \/>\n\t<meta name=\"twitter:data1\" content=\"Pova\u017esk\u00e9 m\u00fazeum\" \/>\n\t<meta name=\"twitter:label2\" content=\"Predpokladan\u00fd \u010das \u010d\u00edtania\" \/>\n\t<meta name=\"twitter:data2\" content=\"2 min\u00faty\" \/>\n<script type=\"application\/ld+json\" class=\"yoast-schema-graph\">{\"@context\":\"https:\\\/\\\/schema.org\",\"@graph\":[{\"@type\":\"Article\",\"@id\":\"https:\\\/\\\/pmza.sk\\\/?p=11005#article\",\"isPartOf\":{\"@id\":\"https:\\\/\\\/pmza.sk\\\/?p=11005\"},\"author\":{\"name\":\"Pova\u017esk\u00e9 m\u00fazeum\",\"@id\":\"https:\\\/\\\/pmza.sk\\\/#\\\/schema\\\/person\\\/595e6a2ce731ea94dcd5d7f50a41ae33\"},\"headline\":\"Medzi \u00faspe\u0161n\u00fdmi nov\u00fdmi \u017eiadate\u013emi N\u00f3rskych fondov aj \u017dilinsk\u00fd samospr\u00e1vny kraj\",\"datePublished\":\"2014-11-05T13:11:38+00:00\",\"mainEntityOfPage\":{\"@id\":\"https:\\\/\\\/pmza.sk\\\/?p=11005\"},\"wordCount\":383,\"publisher\":{\"@id\":\"https:\\\/\\\/pmza.sk\\\/#organization\"},\"image\":{\"@id\":\"https:\\\/\\\/pmza.sk\\\/?p=11005#primaryimage\"},\"thumbnailUrl\":\"http:\\\/\\\/pmza.sk\\\/wp-content\\\/uploads\\\/2014\\\/11\\\/DSC_0059.jpg\",\"articleSection\":[\"Arch\u00edv 2014\"],\"inLanguage\":\"sk-SK\"},{\"@type\":\"WebPage\",\"@id\":\"https:\\\/\\\/pmza.sk\\\/?p=11005\",\"url\":\"https:\\\/\\\/pmza.sk\\\/?p=11005\",\"name\":\"Medzi \u00faspe\u0161n\u00fdmi nov\u00fdmi \u017eiadate\u013emi N\u00f3rskych fondov aj \u017dilinsk\u00fd samospr\u00e1vny kraj - Pova\u017esk\u00e9 m\u00fazeum\",\"isPartOf\":{\"@id\":\"https:\\\/\\\/pmza.sk\\\/#website\"},\"primaryImageOfPage\":{\"@id\":\"https:\\\/\\\/pmza.sk\\\/?p=11005#primaryimage\"},\"image\":{\"@id\":\"https:\\\/\\\/pmza.sk\\\/?p=11005#primaryimage\"},\"thumbnailUrl\":\"http:\\\/\\\/pmza.sk\\\/wp-content\\\/uploads\\\/2014\\\/11\\\/DSC_0059.jpg\",\"datePublished\":\"2014-11-05T13:11:38+00:00\",\"breadcrumb\":{\"@id\":\"https:\\\/\\\/pmza.sk\\\/?p=11005#breadcrumb\"},\"inLanguage\":\"sk-SK\",\"potentialAction\":[{\"@type\":\"ReadAction\",\"target\":[\"https:\\\/\\\/pmza.sk\\\/?p=11005\"]}]},{\"@type\":\"ImageObject\",\"inLanguage\":\"sk-SK\",\"@id\":\"https:\\\/\\\/pmza.sk\\\/?p=11005#primaryimage\",\"url\":\"https:\\\/\\\/pmza.sk\\\/wp-content\\\/uploads\\\/2014\\\/11\\\/DSC_0059.jpg\",\"contentUrl\":\"https:\\\/\\\/pmza.sk\\\/wp-content\\\/uploads\\\/2014\\\/11\\\/DSC_0059.jpg\",\"width\":1024,\"height\":683},{\"@type\":\"BreadcrumbList\",\"@id\":\"https:\\\/\\\/pmza.sk\\\/?p=11005#breadcrumb\",\"itemListElement\":[{\"@type\":\"ListItem\",\"position\":1,\"name\":\"Domovsk\u00e1 str\u00e1nka\",\"item\":\"https:\\\/\\\/pmza.sk\\\/\"},{\"@type\":\"ListItem\",\"position\":2,\"name\":\"Medzi \u00faspe\u0161n\u00fdmi nov\u00fdmi \u017eiadate\u013emi N\u00f3rskych fondov aj \u017dilinsk\u00fd samospr\u00e1vny kraj\"}]},{\"@type\":\"WebSite\",\"@id\":\"https:\\\/\\\/pmza.sk\\\/#website\",\"url\":\"https:\\\/\\\/pmza.sk\\\/\",\"name\":\"Pova\u017esk\u00e9 m\u00fazeum\",\"description\":\"Pova\u017esk\u00e9 m\u00fazeum v \u017diline je region\u00e1lne m\u00fazeum so s\u00eddlom v Budat\u00edne. Jeho expoz\u00edcie s\u00fa zameran\u00e9 na dejiny slovensk\u00e9ho umenia, kult\u00fary a dopravy.\",\"publisher\":{\"@id\":\"https:\\\/\\\/pmza.sk\\\/#organization\"},\"potentialAction\":[{\"@type\":\"SearchAction\",\"target\":{\"@type\":\"EntryPoint\",\"urlTemplate\":\"https:\\\/\\\/pmza.sk\\\/?s={search_term_string}\"},\"query-input\":{\"@type\":\"PropertyValueSpecification\",\"valueRequired\":true,\"valueName\":\"search_term_string\"}}],\"inLanguage\":\"sk-SK\"},{\"@type\":\"Organization\",\"@id\":\"https:\\\/\\\/pmza.sk\\\/#organization\",\"name\":\"Pova\u017esk\u00e9 m\u00fazeum\",\"url\":\"https:\\\/\\\/pmza.sk\\\/\",\"logo\":{\"@type\":\"ImageObject\",\"inLanguage\":\"sk-SK\",\"@id\":\"https:\\\/\\\/pmza.sk\\\/#\\\/schema\\\/logo\\\/image\\\/\",\"url\":\"https:\\\/\\\/pmza.sk\\\/wp-content\\\/uploads\\\/2022\\\/01\\\/logo_PM_horizontal.jpg\",\"contentUrl\":\"https:\\\/\\\/pmza.sk\\\/wp-content\\\/uploads\\\/2022\\\/01\\\/logo_PM_horizontal.jpg\",\"width\":231,\"height\":142,\"caption\":\"Pova\u017esk\u00e9 m\u00fazeum\"},\"image\":{\"@id\":\"https:\\\/\\\/pmza.sk\\\/#\\\/schema\\\/logo\\\/image\\\/\"},\"sameAs\":[\"https:\\\/\\\/www.facebook.com\\\/povazskemuzeum\",\"https:\\\/\\\/www.instagram.com\\\/povazskemuzeum\\\/\"]},{\"@type\":\"Person\",\"@id\":\"https:\\\/\\\/pmza.sk\\\/#\\\/schema\\\/person\\\/595e6a2ce731ea94dcd5d7f50a41ae33\",\"name\":\"Pova\u017esk\u00e9 m\u00fazeum\",\"image\":{\"@type\":\"ImageObject\",\"inLanguage\":\"sk-SK\",\"@id\":\"https:\\\/\\\/secure.gravatar.com\\\/avatar\\\/2bb7f1561282132fb5826dfeccc66c7996d11ee392ac6aaf7ced8a1c2027fbb2?s=96&d=mm&r=g\",\"url\":\"https:\\\/\\\/secure.gravatar.com\\\/avatar\\\/2bb7f1561282132fb5826dfeccc66c7996d11ee392ac6aaf7ced8a1c2027fbb2?s=96&d=mm&r=g\",\"contentUrl\":\"https:\\\/\\\/secure.gravatar.com\\\/avatar\\\/2bb7f1561282132fb5826dfeccc66c7996d11ee392ac6aaf7ced8a1c2027fbb2?s=96&d=mm&r=g\",\"caption\":\"Pova\u017esk\u00e9 m\u00fazeum\"}}]}<\/script>\n<!-- \/ Yoast SEO plugin. -->","yoast_head_json":{"title":"Medzi \u00faspe\u0161n\u00fdmi nov\u00fdmi \u017eiadate\u013emi N\u00f3rskych fondov aj \u017dilinsk\u00fd samospr\u00e1vny kraj - Pova\u017esk\u00e9 m\u00fazeum","robots":{"index":"index","follow":"follow","max-snippet":"max-snippet:-1","max-image-preview":"max-image-preview:large","max-video-preview":"max-video-preview:-1"},"canonical":"https:\/\/pmza.sk\/?p=11005","og_locale":"sk_SK","og_type":"article","og_title":"Medzi \u00faspe\u0161n\u00fdmi nov\u00fdmi \u017eiadate\u013emi N\u00f3rskych fondov aj \u017dilinsk\u00fd samospr\u00e1vny kraj - Pova\u017esk\u00e9 m\u00fazeum","og_description":"V Sob\u00e1\u0161nom pal\u00e1ci v\u00a0Byt\u010di sa 4. novembra 2014 uskuto\u010dnilo sl\u00e1vnostn\u00e9 podpisovanie zml\u00fav \u00faspe\u0161n\u00fdch \u017eiadate\u013eov na\u00a0projekty obnovy a\u00a0z\u00e1chrany kult\u00farneho dedi\u010dstva na\u00a0Slovensku. Jedn\u00fdm z\u00a0\u00faspe\u0161n\u00fdch je aj projekt \u017dilinsk\u00e9ho samospr\u00e1vneho kraja \u201eBez kaplnky nie je hrad.\u201c \u201eProjekt je s\u00fa\u010das\u0165ou komplexnej rekon\u0161trukcie Budat\u00ednskeho hradu, pri\u010dom t\u00e1to etapa je zameran\u00e1 na\u00a0obnovu hradnej kaplnky, ktor\u00e1 je dnes pre\u00a0verejnos\u0165 je uzatvoren\u00e1. Celkov\u00e1 [&hellip;]","og_url":"https:\/\/pmza.sk\/?p=11005","og_site_name":"Pova\u017esk\u00e9 m\u00fazeum","article_publisher":"https:\/\/www.facebook.com\/povazskemuzeum","article_published_time":"2014-11-05T13:11:38+00:00","og_image":[{"url":"https:\/\/pmza.sk\/wp-content\/uploads\/2014\/11\/DSC_0059.jpg","type":"","width":"","height":""}],"author":"Pova\u017esk\u00e9 m\u00fazeum","twitter_card":"summary_large_image","twitter_misc":{"Autor":"Pova\u017esk\u00e9 m\u00fazeum","Predpokladan\u00fd \u010das \u010d\u00edtania":"2 min\u00faty"},"schema":{"@context":"https:\/\/schema.org","@graph":[{"@type":"Article","@id":"https:\/\/pmza.sk\/?p=11005#article","isPartOf":{"@id":"https:\/\/pmza.sk\/?p=11005"},"author":{"name":"Pova\u017esk\u00e9 m\u00fazeum","@id":"https:\/\/pmza.sk\/#\/schema\/person\/595e6a2ce731ea94dcd5d7f50a41ae33"},"headline":"Medzi \u00faspe\u0161n\u00fdmi nov\u00fdmi \u017eiadate\u013emi N\u00f3rskych fondov aj \u017dilinsk\u00fd samospr\u00e1vny kraj","datePublished":"2014-11-05T13:11:38+00:00","mainEntityOfPage":{"@id":"https:\/\/pmza.sk\/?p=11005"},"wordCount":383,"publisher":{"@id":"https:\/\/pmza.sk\/#organization"},"image":{"@id":"https:\/\/pmza.sk\/?p=11005#primaryimage"},"thumbnailUrl":"https:\/\/pmza.sk\/wp-content\/uploads\/2014\/11\/DSC_0059.jpg","articleSection":["Arch\u00edv 2014"],"inLanguage":"sk-SK"},{"@type":"WebPage","@id":"https:\/\/pmza.sk\/?p=11005","url":"https:\/\/pmza.sk\/?p=11005","name":"Medzi \u00faspe\u0161n\u00fdmi nov\u00fdmi \u017eiadate\u013emi N\u00f3rskych fondov aj \u017dilinsk\u00fd samospr\u00e1vny kraj - Pova\u017esk\u00e9 m\u00fazeum","isPartOf":{"@id":"https:\/\/pmza.sk\/#website"},"primaryImageOfPage":{"@id":"https:\/\/pmza.sk\/?p=11005#primaryimage"},"image":{"@id":"https:\/\/pmza.sk\/?p=11005#primaryimage"},"thumbnailUrl":"https:\/\/pmza.sk\/wp-content\/uploads\/2014\/11\/DSC_0059.jpg","datePublished":"2014-11-05T13:11:38+00:00","breadcrumb":{"@id":"https:\/\/pmza.sk\/?p=11005#breadcrumb"},"inLanguage":"sk-SK","potentialAction":[{"@type":"ReadAction","target":["https:\/\/pmza.sk\/?p=11005"]}]},{"@type":"ImageObject","inLanguage":"sk-SK","@id":"https:\/\/pmza.sk\/?p=11005#primaryimage","url":"https:\/\/pmza.sk\/wp-content\/uploads\/2014\/11\/DSC_0059.jpg","contentUrl":"https:\/\/pmza.sk\/wp-content\/uploads\/2014\/11\/DSC_0059.jpg","width":1024,"height":683},{"@type":"BreadcrumbList","@id":"https:\/\/pmza.sk\/?p=11005#breadcrumb","itemListElement":[{"@type":"ListItem","position":1,"name":"Domovsk\u00e1 str\u00e1nka","item":"https:\/\/pmza.sk\/"},{"@type":"ListItem","position":2,"name":"Medzi \u00faspe\u0161n\u00fdmi nov\u00fdmi \u017eiadate\u013emi N\u00f3rskych fondov aj \u017dilinsk\u00fd samospr\u00e1vny kraj"}]},{"@type":"WebSite","@id":"https:\/\/pmza.sk\/#website","url":"https:\/\/pmza.sk\/","name":"Pova\u017esk\u00e9 m\u00fazeum","description":"Pova\u017esk\u00e9 m\u00fazeum v \u017diline je region\u00e1lne m\u00fazeum so s\u00eddlom v Budat\u00edne. Jeho expoz\u00edcie s\u00fa zameran\u00e9 na dejiny slovensk\u00e9ho umenia, kult\u00fary a dopravy.","publisher":{"@id":"https:\/\/pmza.sk\/#organization"},"potentialAction":[{"@type":"SearchAction","target":{"@type":"EntryPoint","urlTemplate":"https:\/\/pmza.sk\/?s={search_term_string}"},"query-input":{"@type":"PropertyValueSpecification","valueRequired":true,"valueName":"search_term_string"}}],"inLanguage":"sk-SK"},{"@type":"Organization","@id":"https:\/\/pmza.sk\/#organization","name":"Pova\u017esk\u00e9 m\u00fazeum","url":"https:\/\/pmza.sk\/","logo":{"@type":"ImageObject","inLanguage":"sk-SK","@id":"https:\/\/pmza.sk\/#\/schema\/logo\/image\/","url":"https:\/\/pmza.sk\/wp-content\/uploads\/2022\/01\/logo_PM_horizontal.jpg","contentUrl":"https:\/\/pmza.sk\/wp-content\/uploads\/2022\/01\/logo_PM_horizontal.jpg","width":231,"height":142,"caption":"Pova\u017esk\u00e9 m\u00fazeum"},"image":{"@id":"https:\/\/pmza.sk\/#\/schema\/logo\/image\/"},"sameAs":["https:\/\/www.facebook.com\/povazskemuzeum","https:\/\/www.instagram.com\/povazskemuzeum\/"]},{"@type":"Person","@id":"https:\/\/pmza.sk\/#\/schema\/person\/595e6a2ce731ea94dcd5d7f50a41ae33","name":"Pova\u017esk\u00e9 m\u00fazeum","image":{"@type":"ImageObject","inLanguage":"sk-SK","@id":"https:\/\/secure.gravatar.com\/avatar\/2bb7f1561282132fb5826dfeccc66c7996d11ee392ac6aaf7ced8a1c2027fbb2?s=96&d=mm&r=g","url":"https:\/\/secure.gravatar.com\/avatar\/2bb7f1561282132fb5826dfeccc66c7996d11ee392ac6aaf7ced8a1c2027fbb2?s=96&d=mm&r=g","contentUrl":"https:\/\/secure.gravatar.com\/avatar\/2bb7f1561282132fb5826dfeccc66c7996d11ee392ac6aaf7ced8a1c2027fbb2?s=96&d=mm&r=g","caption":"Pova\u017esk\u00e9 m\u00fazeum"}}]}},"_links":{"self":[{"href":"https:\/\/pmza.sk\/index.php?rest_route=\/wp\/v2\/posts\/11005","targetHints":{"allow":["GET"]}}],"collection":[{"href":"https:\/\/pmza.sk\/index.php?rest_route=\/wp\/v2\/posts"}],"about":[{"href":"https:\/\/pmza.sk\/index.php?rest_route=\/wp\/v2\/types\/post"}],"author":[{"embeddable":true,"href":"https:\/\/pmza.sk\/index.php?rest_route=\/wp\/v2\/users\/2"}],"replies":[{"embeddable":true,"href":"https:\/\/pmza.sk\/index.php?rest_route=%2Fwp%2Fv2%2Fcomments&post=11005"}],"version-history":[{"count":0,"href":"https:\/\/pmza.sk\/index.php?rest_route=\/wp\/v2\/posts\/11005\/revisions"}],"wp:attachment":[{"href":"https:\/\/pmza.sk\/index.php?rest_route=%2Fwp%2Fv2%2Fmedia&parent=11005"}],"wp:term":[{"taxonomy":"category","embeddable":true,"href":"https:\/\/pmza.sk\/index.php?rest_route=%2Fwp%2Fv2%2Fcategories&post=11005"},{"taxonomy":"post_tag","embeddable":true,"href":"https:\/\/pmza.sk\/index.php?rest_route=%2Fwp%2Fv2%2Ftags&post=11005"}],"curies":[{"name":"wp","href":"https:\/\/api.w.org\/{rel}","templated":true}]}}