{"id":11286,"date":"2014-12-01T09:22:23","date_gmt":"2014-12-01T08:22:23","guid":{"rendered":"https:\/\/pmza.sk.sk\/?p=11286"},"modified":"2014-12-01T09:22:23","modified_gmt":"2014-12-01T08:22:23","slug":"prihlasovanie-do-sutaze-o-svadobny-dar-palatina-turzu-predlzene","status":"publish","type":"post","link":"https:\/\/pmza.sk\/?p=11286","title":{"rendered":"Prihlasovanie do s\u00fa\u0165a\u017ee o Svadobn\u00fd dar palat\u00edna Turzu pred\u013a\u017een\u00e9"},"content":{"rendered":"<p><a href=\"https:\/\/pmza.sk\/wp-content\/uploads\/2014\/12\/Zrebovanie-Svadobneho-daru-palatina-Turzu_14_02_2014_predlzenie-terminu.jpg\"><img decoding=\"async\" class=\"alignleft  wp-image-11285\" src=\"https:\/\/pmza.sk\/wp-content\/uploads\/2014\/12\/Zrebovanie-Svadobneho-daru-palatina-Turzu_14_02_2014_predlzenie-terminu.jpg\" alt=\"\u017drebovanie Svadobn\u00e9ho daru palat\u00edna Turzu_14_02_2014_pred\u013a\u017eenie term\u00ednu\" width=\"161\" height=\"170\" \/><\/a>S\u00fa\u0165a\u017e o\u00a0Svadobn\u00fd dar palat\u00edna Turzu je z\u00a0d\u00f4vodu uzatvoren\u00fdch expoz\u00edci\u00ed Pova\u017esk\u00e9ho m\u00fazea v\u00a0\u017diline (PMZA) pred\u013a\u017een\u00e1 do konca janu\u00e1ra 2015. Svadbu v\u00a0priestoroch Sob\u00e1\u0161neho pal\u00e1ca v\u00a0Byt\u010di m\u00f4\u017eu absolvova\u0165 dva sn\u00fabeneck\u00e9 p\u00e1ry, ktor\u00e9 splnia s\u00fa\u0165a\u017en\u00e9 podmienky stanoven\u00e9 \u017dilinsk\u00fdm samospr\u00e1vnym krajom: n\u00e1v\u0161teva kult\u00farnych kr\u00e1s severoz\u00e1padn\u00e9ho Slovenska a\u00a0zbieranie pe\u010diatok do mapy Poklady m\u00faze\u00ed \u017dilinsk\u00e9ho kraja. Vyhl\u00e1senie v\u00fdhercov aktu\u00e1lneho ro\u010dn\u00edka s\u00fa\u0165a\u017ee bude tradi\u010dne na Svadobnom ve\u013etrhu v\u00a0Bratislave, v\u00a0piatok 13. febru\u00e1ra 2015 o\u00a012. hodine.<!--more--><\/p>\n<p><em>\u201ePred\u013a\u017een\u00edm term\u00ednu uz\u00e1vierky prihl\u00e1\u0161ok d\u00e1vame sn\u00fabencom pr\u00edle\u017eitos\u0165, aby zozbierali pe\u010diatky do mapy Poklady m\u00faze\u00ed \u017dilinsk\u00e9ho kraja, ktor\u00e9 im e\u0161te ch\u00fdbaj\u00fa k\u00a0splneniu podmienok pre zaradenie do s\u00fa\u0165a\u017ee,\u201c<\/em> povedal riadite\u013e Pova\u017esk\u00e9ho m\u00fazea v\u00a0\u017diline Ladislav Cimer\u00e1k. Piaty ro\u010dn\u00edk s\u00fa\u0165a\u017ee je \u010diasto\u010dne ovplyvnen\u00fd uzatvoren\u00fdmi expoz\u00edciami PMZA. Expoz\u00edcia J\u00e1no\u0161\u00edk a\u00a0Terchov\u00e1 v\u00a0Terchovej je uzavret\u00e1 z\u00a0d\u00f4vodu rekon\u0161trukcie budovy Obecn\u00e9ho \u00faradu v\u00a0Terchovej a\u00a0Objekty \u013eudovej architekt\u00fary (O\u013dA) v\u00a0\u010ci\u010dmanoch s\u00fa pre verejnos\u0165 do\u010dasne nepr\u00edstupn\u00e9 kv\u00f4li obnove expoz\u00edcie v\u00a0Radenovom dome. <em>\u201eAk sn\u00fabencom ch\u00fdbaj\u00fa do mapy pe\u010diatky pr\u00e1ve z\u00a0t\u00fdchto dvoch expoz\u00edci\u00ed, je mo\u017en\u00e9 z\u00edska\u0165 za ne n\u00e1hradn\u00e9 pe\u010diatky v\u00a0expoz\u00edci\u00e1ch, ktor\u00e9 s\u00fa verejnosti pr\u00edstupn\u00e9 aj v\u00a0tomto obdob\u00ed. Ide o\u00a0M\u00fazeum dopravy Rajeck\u00e9 Teplice, ve\u017eu Budat\u00ednskeho hradu a\u00a0Sob\u00e1\u0161ny pal\u00e1c v\u00a0Byt\u010di,\u201c<\/em> doplnil L. Cimer\u00e1k. Hrad Stre\u010dno je od decembra do marca kv\u00f4li poveternostn\u00fdm podmienkam zatvoren\u00fd.<\/p>\n<p>Sn\u00fabeneck\u00e9 p\u00e1ry mohli po\u010das roka okrem v\u0161etk\u00fdch expoz\u00edci\u00ed Pova\u017esk\u00e9ho m\u00fazea v\u00a0\u017diline nav\u0161t\u00edvi\u0165 aj Oravsk\u00fd hrad a\u00a0Oravsk\u00fa lesn\u00fa \u00favra\u0165ov\u00fa \u017eeleznicu na Orave, ka\u0161tie\u013e Rado\u013ea na Kysuciach a\u00a0hrad Likavka \u010di skanzen Vlkol\u00ednec na Liptove. V\u00a0tomto i\u00a0\u010fal\u0161\u00edch ro\u010dn\u00edkoch je novou podmienkou to, aby aspo\u0148 jeden zo sn\u00fabeneckej dvojice mal trval\u00fd pobyt na \u00fazem\u00ed \u017dilinsk\u00e9ho kraja. Sn\u00fabencov \u010dak\u00e1 svadobn\u00fd obrad i\u00a0hostina v\u00a0priestoroch Sob\u00e1\u0161neho pal\u00e1ca v\u00a0Byt\u010di, uv\u00edtac\u00ed svadobn\u00fd ceremoni\u00e1l, sl\u00e1vnostn\u00fd pr\u00edpitok od palat\u00edna Turzu, z\u013eava na kompletn\u00fa kvetinov\u00fa svadobn\u00fa v\u00fdzdobu a\u00a0\u010fal\u0161ie exkluz\u00edvne svadobn\u00e9 bonusy.<\/p>\n<p>S\u00fa\u0165a\u017e o\u00a0Svadobn\u00fd dar palat\u00edna Turzu vyhlasuje ka\u017edoro\u010dne Pova\u017esk\u00e9 m\u00fazeum v\u00a0\u017diline, ktor\u00e9 je v\u00a0zria\u010fovate\u013eskej p\u00f4sobnosti \u017dilinsk\u00e9ho samospr\u00e1vneho kraja.<\/p>\n","protected":false},"excerpt":{"rendered":"<p>S\u00fa\u0165a\u017e o\u00a0Svadobn\u00fd dar palat\u00edna Turzu je z\u00a0d\u00f4vodu uzatvoren\u00fdch expoz\u00edci\u00ed Pova\u017esk\u00e9ho m\u00fazea v\u00a0\u017diline (PMZA) pred\u013a\u017een\u00e1 do konca janu\u00e1ra 2015. Svadbu v\u00a0priestoroch Sob\u00e1\u0161neho pal\u00e1ca v\u00a0Byt\u010di m\u00f4\u017eu absolvova\u0165 dva sn\u00fabeneck\u00e9 p\u00e1ry, ktor\u00e9 splnia s\u00fa\u0165a\u017en\u00e9 podmienky stanoven\u00e9 \u017dilinsk\u00fdm samospr\u00e1vnym krajom: n\u00e1v\u0161teva kult\u00farnych kr\u00e1s severoz\u00e1padn\u00e9ho Slovenska a\u00a0zbieranie pe\u010diatok do mapy Poklady m\u00faze\u00ed \u017dilinsk\u00e9ho kraja. Vyhl\u00e1senie v\u00fdhercov aktu\u00e1lneho ro\u010dn\u00edka s\u00fa\u0165a\u017ee bude [&hellip;]<\/p>\n","protected":false},"author":2,"featured_media":0,"comment_status":"closed","ping_status":"closed","sticky":false,"template":"","format":"standard","meta":{"site-sidebar-layout":"default","site-content-layout":"","ast-site-content-layout":"","site-content-style":"default","site-sidebar-style":"default","ast-global-header-display":"","ast-banner-title-visibility":"","ast-main-header-display":"","ast-hfb-above-header-display":"","ast-hfb-below-header-display":"","ast-hfb-mobile-header-display":"","site-post-title":"","ast-breadcrumbs-content":"","ast-featured-img":"","footer-sml-layout":"","theme-transparent-header-meta":"","adv-header-id-meta":"","stick-header-meta":"","header-above-stick-meta":"","header-main-stick-meta":"","header-below-stick-meta":"","astra-migrate-meta-layouts":"default","ast-page-background-enabled":"default","ast-page-background-meta":{"desktop":{"background-color":"var(--ast-global-color-4)","background-image":"","background-repeat":"repeat","background-position":"center center","background-size":"auto","background-attachment":"scroll","background-type":"","background-media":"","overlay-type":"","overlay-color":"","overlay-opacity":"","overlay-gradient":""},"tablet":{"background-color":"","background-image":"","background-repeat":"repeat","background-position":"center center","background-size":"auto","background-attachment":"scroll","background-type":"","background-media":"","overlay-type":"","overlay-color":"","overlay-opacity":"","overlay-gradient":""},"mobile":{"background-color":"","background-image":"","background-repeat":"repeat","background-position":"center center","background-size":"auto","background-attachment":"scroll","background-type":"","background-media":"","overlay-type":"","overlay-color":"","overlay-opacity":"","overlay-gradient":""}},"ast-content-background-meta":{"desktop":{"background-color":"var(--ast-global-color-5)","background-image":"","background-repeat":"repeat","background-position":"center center","background-size":"auto","background-attachment":"scroll","background-type":"","background-media":"","overlay-type":"","overlay-color":"","overlay-opacity":"","overlay-gradient":""},"tablet":{"background-color":"var(--ast-global-color-5)","background-image":"","background-repeat":"repeat","background-position":"center center","background-size":"auto","background-attachment":"scroll","background-type":"","background-media":"","overlay-type":"","overlay-color":"","overlay-opacity":"","overlay-gradient":""},"mobile":{"background-color":"var(--ast-global-color-5)","background-image":"","background-repeat":"repeat","background-position":"center center","background-size":"auto","background-attachment":"scroll","background-type":"","background-media":"","overlay-type":"","overlay-color":"","overlay-opacity":"","overlay-gradient":""}},"footnotes":""},"categories":[36],"tags":[],"class_list":["post-11286","post","type-post","status-publish","format-standard","hentry","category-archiv-2014"],"yoast_head":"<!-- This site is optimized with the Yoast SEO plugin v27.4 - https:\/\/yoast.com\/product\/yoast-seo-wordpress\/ -->\n<title>Prihlasovanie do s\u00fa\u0165a\u017ee o Svadobn\u00fd dar palat\u00edna Turzu pred\u013a\u017een\u00e9 - Pova\u017esk\u00e9 m\u00fazeum<\/title>\n<meta name=\"robots\" content=\"index, follow, max-snippet:-1, max-image-preview:large, max-video-preview:-1\" \/>\n<link rel=\"canonical\" href=\"https:\/\/pmza.sk\/?p=11286\" \/>\n<meta property=\"og:locale\" content=\"sk_SK\" \/>\n<meta property=\"og:type\" content=\"article\" \/>\n<meta property=\"og:title\" content=\"Prihlasovanie do s\u00fa\u0165a\u017ee o Svadobn\u00fd dar palat\u00edna Turzu pred\u013a\u017een\u00e9 - Pova\u017esk\u00e9 m\u00fazeum\" \/>\n<meta property=\"og:description\" content=\"S\u00fa\u0165a\u017e o\u00a0Svadobn\u00fd dar palat\u00edna Turzu je z\u00a0d\u00f4vodu uzatvoren\u00fdch expoz\u00edci\u00ed Pova\u017esk\u00e9ho m\u00fazea v\u00a0\u017diline (PMZA) pred\u013a\u017een\u00e1 do konca janu\u00e1ra 2015. Svadbu v\u00a0priestoroch Sob\u00e1\u0161neho pal\u00e1ca v\u00a0Byt\u010di m\u00f4\u017eu absolvova\u0165 dva sn\u00fabeneck\u00e9 p\u00e1ry, ktor\u00e9 splnia s\u00fa\u0165a\u017en\u00e9 podmienky stanoven\u00e9 \u017dilinsk\u00fdm samospr\u00e1vnym krajom: n\u00e1v\u0161teva kult\u00farnych kr\u00e1s severoz\u00e1padn\u00e9ho Slovenska a\u00a0zbieranie pe\u010diatok do mapy Poklady m\u00faze\u00ed \u017dilinsk\u00e9ho kraja. Vyhl\u00e1senie v\u00fdhercov aktu\u00e1lneho ro\u010dn\u00edka s\u00fa\u0165a\u017ee bude [&hellip;]\" \/>\n<meta property=\"og:url\" content=\"https:\/\/pmza.sk\/?p=11286\" \/>\n<meta property=\"og:site_name\" content=\"Pova\u017esk\u00e9 m\u00fazeum\" \/>\n<meta property=\"article:publisher\" content=\"https:\/\/www.facebook.com\/povazskemuzeum\" \/>\n<meta property=\"article:published_time\" content=\"2014-12-01T08:22:23+00:00\" \/>\n<meta property=\"og:image\" content=\"https:\/\/pmza.sk\/wp-content\/uploads\/2014\/12\/Zrebovanie-Svadobneho-daru-palatina-Turzu_14_02_2014_predlzenie-terminu.jpg\" \/>\n<meta name=\"author\" content=\"Pova\u017esk\u00e9 m\u00fazeum\" \/>\n<meta name=\"twitter:card\" content=\"summary_large_image\" \/>\n<meta name=\"twitter:label1\" content=\"Autor\" \/>\n\t<meta name=\"twitter:data1\" content=\"Pova\u017esk\u00e9 m\u00fazeum\" \/>\n\t<meta name=\"twitter:label2\" content=\"Predpokladan\u00fd \u010das \u010d\u00edtania\" \/>\n\t<meta name=\"twitter:data2\" content=\"2 min\u00faty\" \/>\n<script type=\"application\/ld+json\" class=\"yoast-schema-graph\">{\"@context\":\"https:\\\/\\\/schema.org\",\"@graph\":[{\"@type\":\"Article\",\"@id\":\"https:\\\/\\\/pmza.sk\\\/?p=11286#article\",\"isPartOf\":{\"@id\":\"https:\\\/\\\/pmza.sk\\\/?p=11286\"},\"author\":{\"name\":\"Pova\u017esk\u00e9 m\u00fazeum\",\"@id\":\"https:\\\/\\\/pmza.sk\\\/#\\\/schema\\\/person\\\/595e6a2ce731ea94dcd5d7f50a41ae33\"},\"headline\":\"Prihlasovanie do s\u00fa\u0165a\u017ee o Svadobn\u00fd dar palat\u00edna Turzu pred\u013a\u017een\u00e9\",\"datePublished\":\"2014-12-01T08:22:23+00:00\",\"mainEntityOfPage\":{\"@id\":\"https:\\\/\\\/pmza.sk\\\/?p=11286\"},\"wordCount\":472,\"publisher\":{\"@id\":\"https:\\\/\\\/pmza.sk\\\/#organization\"},\"image\":{\"@id\":\"https:\\\/\\\/pmza.sk\\\/?p=11286#primaryimage\"},\"thumbnailUrl\":\"http:\\\/\\\/pmza.sk\\\/wp-content\\\/uploads\\\/2014\\\/12\\\/Zrebovanie-Svadobneho-daru-palatina-Turzu_14_02_2014_predlzenie-terminu.jpg\",\"articleSection\":[\"Arch\u00edv 2014\"],\"inLanguage\":\"sk-SK\"},{\"@type\":\"WebPage\",\"@id\":\"https:\\\/\\\/pmza.sk\\\/?p=11286\",\"url\":\"https:\\\/\\\/pmza.sk\\\/?p=11286\",\"name\":\"Prihlasovanie do s\u00fa\u0165a\u017ee o Svadobn\u00fd dar palat\u00edna Turzu pred\u013a\u017een\u00e9 - Pova\u017esk\u00e9 m\u00fazeum\",\"isPartOf\":{\"@id\":\"https:\\\/\\\/pmza.sk\\\/#website\"},\"primaryImageOfPage\":{\"@id\":\"https:\\\/\\\/pmza.sk\\\/?p=11286#primaryimage\"},\"image\":{\"@id\":\"https:\\\/\\\/pmza.sk\\\/?p=11286#primaryimage\"},\"thumbnailUrl\":\"http:\\\/\\\/pmza.sk\\\/wp-content\\\/uploads\\\/2014\\\/12\\\/Zrebovanie-Svadobneho-daru-palatina-Turzu_14_02_2014_predlzenie-terminu.jpg\",\"datePublished\":\"2014-12-01T08:22:23+00:00\",\"breadcrumb\":{\"@id\":\"https:\\\/\\\/pmza.sk\\\/?p=11286#breadcrumb\"},\"inLanguage\":\"sk-SK\",\"potentialAction\":[{\"@type\":\"ReadAction\",\"target\":[\"https:\\\/\\\/pmza.sk\\\/?p=11286\"]}]},{\"@type\":\"ImageObject\",\"inLanguage\":\"sk-SK\",\"@id\":\"https:\\\/\\\/pmza.sk\\\/?p=11286#primaryimage\",\"url\":\"https:\\\/\\\/pmza.sk\\\/wp-content\\\/uploads\\\/2014\\\/12\\\/Zrebovanie-Svadobneho-daru-palatina-Turzu_14_02_2014_predlzenie-terminu.jpg\",\"contentUrl\":\"https:\\\/\\\/pmza.sk\\\/wp-content\\\/uploads\\\/2014\\\/12\\\/Zrebovanie-Svadobneho-daru-palatina-Turzu_14_02_2014_predlzenie-terminu.jpg\",\"width\":335,\"height\":355},{\"@type\":\"BreadcrumbList\",\"@id\":\"https:\\\/\\\/pmza.sk\\\/?p=11286#breadcrumb\",\"itemListElement\":[{\"@type\":\"ListItem\",\"position\":1,\"name\":\"Domovsk\u00e1 str\u00e1nka\",\"item\":\"https:\\\/\\\/pmza.sk\\\/\"},{\"@type\":\"ListItem\",\"position\":2,\"name\":\"Prihlasovanie do s\u00fa\u0165a\u017ee o Svadobn\u00fd dar palat\u00edna Turzu pred\u013a\u017een\u00e9\"}]},{\"@type\":\"WebSite\",\"@id\":\"https:\\\/\\\/pmza.sk\\\/#website\",\"url\":\"https:\\\/\\\/pmza.sk\\\/\",\"name\":\"Pova\u017esk\u00e9 m\u00fazeum\",\"description\":\"Pova\u017esk\u00e9 m\u00fazeum v \u017diline je region\u00e1lne m\u00fazeum so s\u00eddlom v Budat\u00edne. Jeho expoz\u00edcie s\u00fa zameran\u00e9 na dejiny slovensk\u00e9ho umenia, kult\u00fary a dopravy.\",\"publisher\":{\"@id\":\"https:\\\/\\\/pmza.sk\\\/#organization\"},\"potentialAction\":[{\"@type\":\"SearchAction\",\"target\":{\"@type\":\"EntryPoint\",\"urlTemplate\":\"https:\\\/\\\/pmza.sk\\\/?s={search_term_string}\"},\"query-input\":{\"@type\":\"PropertyValueSpecification\",\"valueRequired\":true,\"valueName\":\"search_term_string\"}}],\"inLanguage\":\"sk-SK\"},{\"@type\":\"Organization\",\"@id\":\"https:\\\/\\\/pmza.sk\\\/#organization\",\"name\":\"Pova\u017esk\u00e9 m\u00fazeum\",\"url\":\"https:\\\/\\\/pmza.sk\\\/\",\"logo\":{\"@type\":\"ImageObject\",\"inLanguage\":\"sk-SK\",\"@id\":\"https:\\\/\\\/pmza.sk\\\/#\\\/schema\\\/logo\\\/image\\\/\",\"url\":\"https:\\\/\\\/pmza.sk\\\/wp-content\\\/uploads\\\/2022\\\/01\\\/logo_PM_horizontal.jpg\",\"contentUrl\":\"https:\\\/\\\/pmza.sk\\\/wp-content\\\/uploads\\\/2022\\\/01\\\/logo_PM_horizontal.jpg\",\"width\":231,\"height\":142,\"caption\":\"Pova\u017esk\u00e9 m\u00fazeum\"},\"image\":{\"@id\":\"https:\\\/\\\/pmza.sk\\\/#\\\/schema\\\/logo\\\/image\\\/\"},\"sameAs\":[\"https:\\\/\\\/www.facebook.com\\\/povazskemuzeum\",\"https:\\\/\\\/www.instagram.com\\\/povazskemuzeum\\\/\"]},{\"@type\":\"Person\",\"@id\":\"https:\\\/\\\/pmza.sk\\\/#\\\/schema\\\/person\\\/595e6a2ce731ea94dcd5d7f50a41ae33\",\"name\":\"Pova\u017esk\u00e9 m\u00fazeum\",\"image\":{\"@type\":\"ImageObject\",\"inLanguage\":\"sk-SK\",\"@id\":\"https:\\\/\\\/secure.gravatar.com\\\/avatar\\\/2bb7f1561282132fb5826dfeccc66c7996d11ee392ac6aaf7ced8a1c2027fbb2?s=96&d=mm&r=g\",\"url\":\"https:\\\/\\\/secure.gravatar.com\\\/avatar\\\/2bb7f1561282132fb5826dfeccc66c7996d11ee392ac6aaf7ced8a1c2027fbb2?s=96&d=mm&r=g\",\"contentUrl\":\"https:\\\/\\\/secure.gravatar.com\\\/avatar\\\/2bb7f1561282132fb5826dfeccc66c7996d11ee392ac6aaf7ced8a1c2027fbb2?s=96&d=mm&r=g\",\"caption\":\"Pova\u017esk\u00e9 m\u00fazeum\"}}]}<\/script>\n<!-- \/ Yoast SEO plugin. -->","yoast_head_json":{"title":"Prihlasovanie do s\u00fa\u0165a\u017ee o Svadobn\u00fd dar palat\u00edna Turzu pred\u013a\u017een\u00e9 - Pova\u017esk\u00e9 m\u00fazeum","robots":{"index":"index","follow":"follow","max-snippet":"max-snippet:-1","max-image-preview":"max-image-preview:large","max-video-preview":"max-video-preview:-1"},"canonical":"https:\/\/pmza.sk\/?p=11286","og_locale":"sk_SK","og_type":"article","og_title":"Prihlasovanie do s\u00fa\u0165a\u017ee o Svadobn\u00fd dar palat\u00edna Turzu pred\u013a\u017een\u00e9 - Pova\u017esk\u00e9 m\u00fazeum","og_description":"S\u00fa\u0165a\u017e o\u00a0Svadobn\u00fd dar palat\u00edna Turzu je z\u00a0d\u00f4vodu uzatvoren\u00fdch expoz\u00edci\u00ed Pova\u017esk\u00e9ho m\u00fazea v\u00a0\u017diline (PMZA) pred\u013a\u017een\u00e1 do konca janu\u00e1ra 2015. Svadbu v\u00a0priestoroch Sob\u00e1\u0161neho pal\u00e1ca v\u00a0Byt\u010di m\u00f4\u017eu absolvova\u0165 dva sn\u00fabeneck\u00e9 p\u00e1ry, ktor\u00e9 splnia s\u00fa\u0165a\u017en\u00e9 podmienky stanoven\u00e9 \u017dilinsk\u00fdm samospr\u00e1vnym krajom: n\u00e1v\u0161teva kult\u00farnych kr\u00e1s severoz\u00e1padn\u00e9ho Slovenska a\u00a0zbieranie pe\u010diatok do mapy Poklady m\u00faze\u00ed \u017dilinsk\u00e9ho kraja. Vyhl\u00e1senie v\u00fdhercov aktu\u00e1lneho ro\u010dn\u00edka s\u00fa\u0165a\u017ee bude [&hellip;]","og_url":"https:\/\/pmza.sk\/?p=11286","og_site_name":"Pova\u017esk\u00e9 m\u00fazeum","article_publisher":"https:\/\/www.facebook.com\/povazskemuzeum","article_published_time":"2014-12-01T08:22:23+00:00","og_image":[{"url":"https:\/\/pmza.sk\/wp-content\/uploads\/2014\/12\/Zrebovanie-Svadobneho-daru-palatina-Turzu_14_02_2014_predlzenie-terminu.jpg","type":"","width":"","height":""}],"author":"Pova\u017esk\u00e9 m\u00fazeum","twitter_card":"summary_large_image","twitter_misc":{"Autor":"Pova\u017esk\u00e9 m\u00fazeum","Predpokladan\u00fd \u010das \u010d\u00edtania":"2 min\u00faty"},"schema":{"@context":"https:\/\/schema.org","@graph":[{"@type":"Article","@id":"https:\/\/pmza.sk\/?p=11286#article","isPartOf":{"@id":"https:\/\/pmza.sk\/?p=11286"},"author":{"name":"Pova\u017esk\u00e9 m\u00fazeum","@id":"https:\/\/pmza.sk\/#\/schema\/person\/595e6a2ce731ea94dcd5d7f50a41ae33"},"headline":"Prihlasovanie do s\u00fa\u0165a\u017ee o Svadobn\u00fd dar palat\u00edna Turzu pred\u013a\u017een\u00e9","datePublished":"2014-12-01T08:22:23+00:00","mainEntityOfPage":{"@id":"https:\/\/pmza.sk\/?p=11286"},"wordCount":472,"publisher":{"@id":"https:\/\/pmza.sk\/#organization"},"image":{"@id":"https:\/\/pmza.sk\/?p=11286#primaryimage"},"thumbnailUrl":"https:\/\/pmza.sk\/wp-content\/uploads\/2014\/12\/Zrebovanie-Svadobneho-daru-palatina-Turzu_14_02_2014_predlzenie-terminu.jpg","articleSection":["Arch\u00edv 2014"],"inLanguage":"sk-SK"},{"@type":"WebPage","@id":"https:\/\/pmza.sk\/?p=11286","url":"https:\/\/pmza.sk\/?p=11286","name":"Prihlasovanie do s\u00fa\u0165a\u017ee o Svadobn\u00fd dar palat\u00edna Turzu pred\u013a\u017een\u00e9 - Pova\u017esk\u00e9 m\u00fazeum","isPartOf":{"@id":"https:\/\/pmza.sk\/#website"},"primaryImageOfPage":{"@id":"https:\/\/pmza.sk\/?p=11286#primaryimage"},"image":{"@id":"https:\/\/pmza.sk\/?p=11286#primaryimage"},"thumbnailUrl":"https:\/\/pmza.sk\/wp-content\/uploads\/2014\/12\/Zrebovanie-Svadobneho-daru-palatina-Turzu_14_02_2014_predlzenie-terminu.jpg","datePublished":"2014-12-01T08:22:23+00:00","breadcrumb":{"@id":"https:\/\/pmza.sk\/?p=11286#breadcrumb"},"inLanguage":"sk-SK","potentialAction":[{"@type":"ReadAction","target":["https:\/\/pmza.sk\/?p=11286"]}]},{"@type":"ImageObject","inLanguage":"sk-SK","@id":"https:\/\/pmza.sk\/?p=11286#primaryimage","url":"https:\/\/pmza.sk\/wp-content\/uploads\/2014\/12\/Zrebovanie-Svadobneho-daru-palatina-Turzu_14_02_2014_predlzenie-terminu.jpg","contentUrl":"https:\/\/pmza.sk\/wp-content\/uploads\/2014\/12\/Zrebovanie-Svadobneho-daru-palatina-Turzu_14_02_2014_predlzenie-terminu.jpg","width":335,"height":355},{"@type":"BreadcrumbList","@id":"https:\/\/pmza.sk\/?p=11286#breadcrumb","itemListElement":[{"@type":"ListItem","position":1,"name":"Domovsk\u00e1 str\u00e1nka","item":"https:\/\/pmza.sk\/"},{"@type":"ListItem","position":2,"name":"Prihlasovanie do s\u00fa\u0165a\u017ee o Svadobn\u00fd dar palat\u00edna Turzu pred\u013a\u017een\u00e9"}]},{"@type":"WebSite","@id":"https:\/\/pmza.sk\/#website","url":"https:\/\/pmza.sk\/","name":"Pova\u017esk\u00e9 m\u00fazeum","description":"Pova\u017esk\u00e9 m\u00fazeum v \u017diline je region\u00e1lne m\u00fazeum so s\u00eddlom v Budat\u00edne. Jeho expoz\u00edcie s\u00fa zameran\u00e9 na dejiny slovensk\u00e9ho umenia, kult\u00fary a dopravy.","publisher":{"@id":"https:\/\/pmza.sk\/#organization"},"potentialAction":[{"@type":"SearchAction","target":{"@type":"EntryPoint","urlTemplate":"https:\/\/pmza.sk\/?s={search_term_string}"},"query-input":{"@type":"PropertyValueSpecification","valueRequired":true,"valueName":"search_term_string"}}],"inLanguage":"sk-SK"},{"@type":"Organization","@id":"https:\/\/pmza.sk\/#organization","name":"Pova\u017esk\u00e9 m\u00fazeum","url":"https:\/\/pmza.sk\/","logo":{"@type":"ImageObject","inLanguage":"sk-SK","@id":"https:\/\/pmza.sk\/#\/schema\/logo\/image\/","url":"https:\/\/pmza.sk\/wp-content\/uploads\/2022\/01\/logo_PM_horizontal.jpg","contentUrl":"https:\/\/pmza.sk\/wp-content\/uploads\/2022\/01\/logo_PM_horizontal.jpg","width":231,"height":142,"caption":"Pova\u017esk\u00e9 m\u00fazeum"},"image":{"@id":"https:\/\/pmza.sk\/#\/schema\/logo\/image\/"},"sameAs":["https:\/\/www.facebook.com\/povazskemuzeum","https:\/\/www.instagram.com\/povazskemuzeum\/"]},{"@type":"Person","@id":"https:\/\/pmza.sk\/#\/schema\/person\/595e6a2ce731ea94dcd5d7f50a41ae33","name":"Pova\u017esk\u00e9 m\u00fazeum","image":{"@type":"ImageObject","inLanguage":"sk-SK","@id":"https:\/\/secure.gravatar.com\/avatar\/2bb7f1561282132fb5826dfeccc66c7996d11ee392ac6aaf7ced8a1c2027fbb2?s=96&d=mm&r=g","url":"https:\/\/secure.gravatar.com\/avatar\/2bb7f1561282132fb5826dfeccc66c7996d11ee392ac6aaf7ced8a1c2027fbb2?s=96&d=mm&r=g","contentUrl":"https:\/\/secure.gravatar.com\/avatar\/2bb7f1561282132fb5826dfeccc66c7996d11ee392ac6aaf7ced8a1c2027fbb2?s=96&d=mm&r=g","caption":"Pova\u017esk\u00e9 m\u00fazeum"}}]}},"_links":{"self":[{"href":"https:\/\/pmza.sk\/index.php?rest_route=\/wp\/v2\/posts\/11286","targetHints":{"allow":["GET"]}}],"collection":[{"href":"https:\/\/pmza.sk\/index.php?rest_route=\/wp\/v2\/posts"}],"about":[{"href":"https:\/\/pmza.sk\/index.php?rest_route=\/wp\/v2\/types\/post"}],"author":[{"embeddable":true,"href":"https:\/\/pmza.sk\/index.php?rest_route=\/wp\/v2\/users\/2"}],"replies":[{"embeddable":true,"href":"https:\/\/pmza.sk\/index.php?rest_route=%2Fwp%2Fv2%2Fcomments&post=11286"}],"version-history":[{"count":0,"href":"https:\/\/pmza.sk\/index.php?rest_route=\/wp\/v2\/posts\/11286\/revisions"}],"wp:attachment":[{"href":"https:\/\/pmza.sk\/index.php?rest_route=%2Fwp%2Fv2%2Fmedia&parent=11286"}],"wp:term":[{"taxonomy":"category","embeddable":true,"href":"https:\/\/pmza.sk\/index.php?rest_route=%2Fwp%2Fv2%2Fcategories&post=11286"},{"taxonomy":"post_tag","embeddable":true,"href":"https:\/\/pmza.sk\/index.php?rest_route=%2Fwp%2Fv2%2Ftags&post=11286"}],"curies":[{"name":"wp","href":"https:\/\/api.w.org\/{rel}","templated":true}]}}