{"id":11466,"date":"2015-01-02T08:00:01","date_gmt":"2015-01-02T07:00:01","guid":{"rendered":"https:\/\/pmza.sk.sk\/?p=11466"},"modified":"2015-01-02T08:00:01","modified_gmt":"2015-01-02T07:00:01","slug":"pripravujeme-vystavu-feudalov-horneho-povazia","status":"publish","type":"post","link":"https:\/\/pmza.sk\/?p=11466","title":{"rendered":"Pripravujeme v\u00fdstavu Feud\u00e1li horn\u00e9ho Pova\u017eia"},"content":{"rendered":"<p><a href=\"https:\/\/pmza.sk\/wp-content\/uploads\/2014\/12\/Detail-Erbu-Grofa-Gejzu-Cakiho.jpg\"><img decoding=\"async\" class=\"alignleft  wp-image-11465\" src=\"https:\/\/pmza.sk\/wp-content\/uploads\/2014\/12\/Detail-Erbu-Grofa-Gejzu-Cakiho.jpg\" alt=\"Detail Erbu Gr\u00f3fa Gejzu \u010c\u00e1kiho\" width=\"116\" height=\"192\" \/><\/a>Prvou tohtoro\u010dnou v\u00fdstavou v\u00a0Sob\u00e1\u0161nom pal\u00e1ci v\u00a0Byt\u010di bud\u00fa <strong>Feud\u00e1li horn\u00e9ho Pova\u017eia<\/strong>. Ide o\u00a0v\u00fdsledok spolupr\u00e1ce pracovn\u00edkov Pova\u017esk\u00e9ho a\u00a0Kysuck\u00e9ho m\u00fazea. \u201eT\u00e1to p\u00fatav\u00e1 v\u00fdstava mapuje panstv\u00e1 a\u00a0rody severoz\u00e1padn\u00e9ho Slovenska. Inform\u00e1cie doplnia zauj\u00edmav\u00e9 predmety z\u00a0historick\u00fdch fondov. \u010ci u\u017e p\u00f4jde o\u00a0pracov\u0148u bar\u00f3na Poppera, alebo jednotliv\u00e9 predmety via\u017euce sa k\u00a0rodine \u010c\u00e1kiovcov, Pongr\u00e1covcov alebo Su\u0148ogovcov,\u201c pribli\u017euje zameranie v\u00fdstavy historik Pova\u017esk\u00e9ho m\u00fazea v\u00a0\u017diline Michal Jureck\u00fd.<\/p>\n<p>Medzi zauj\u00edmav\u00e9 zbierkov\u00e9 predmety fondov Pova\u017esk\u00e9ho m\u00fazea <!--more-->v\u00a0\u017diline nepochybne patr\u00ed rodokme\u0148 Gejzu \u010c\u00e1kiho. Je to rodokme\u0148 posledn\u00e9ho majite\u013ea Budat\u00ednskeho hradu vyobrazen\u00fd tu\u0161om a\u00a0akvarelom na papieri s\u00a0rozmermi 102 cm na \u0161\u00edrku a\u00a067 cm na v\u00fd\u0161ku. \u201eJeho v\u00fdznam je nielen v\u00a0historickej hodnote, ale aj v\u00a0skuto\u010dnosti, \u017ee sa priamo via\u017ee k\u00a0\u0161\u013eachtick\u00e9mu rodu \u010c\u00e1kiovcov a\u00a0v\u00a0osobe Gejzu \u010c\u00e1kiho aj k\u00a0samotn\u00e9mu hradu Budat\u00edn. T\u00fdm dop\u013a\u0148a mozaiku rodov\u00fdch, ale aj majetkov\u00fdch vz\u0165ahov,\u201c vysvet\u013euje M. Jureck\u00fd a\u00a0dop\u013a\u0148a: \u201eSpomenut\u00fd rodokme\u0148 je v\u00fdvodom, to znamen\u00e1 s\u00fapisom v\u0161etk\u00fdch priamych predkov od probanta, \u010di\u017ee osoby, od ktorej predkov h\u013ead\u00e1me. Rodov\u00e1 l\u00ednia sleduje predkov rovnako zo strany otca, teda po me\u010di, ako aj zo strany matky, po praslici.\u201c<\/p>\n<p><a href=\"https:\/\/pmza.sk\/wp-content\/uploads\/2014\/12\/Rodokmen-Gejzu-Cakiho.jpg\"><img fetchpriority=\"high\" decoding=\"async\" class=\"alignleft size-full wp-image-11464\" src=\"https:\/\/pmza.sk\/wp-content\/uploads\/2014\/12\/Rodokmen-Gejzu-Cakiho.jpg\" alt=\"Rodokme\u0148 Gejzu \u010c\u00e1kiho\" width=\"605\" height=\"423\" srcset=\"https:\/\/pmza.sk\/wp-content\/uploads\/2014\/12\/Rodokmen-Gejzu-Cakiho.jpg 605w, https:\/\/pmza.sk\/wp-content\/uploads\/2014\/12\/Rodokmen-Gejzu-Cakiho-515x360.jpg 515w, https:\/\/pmza.sk\/wp-content\/uploads\/2014\/12\/Rodokmen-Gejzu-Cakiho-600x420.jpg 600w\" sizes=\"(max-width: 605px) 100vw, 605px\" \/><\/a><\/p>\n<p style=\"text-align: center;\"><strong>Rodokme\u0148 gr\u00f3fa Gejzu \u010c\u00e1kiho<\/strong><\/p>\n<p>P\u00f4vod rodokme\u0148a je z\u00a0prelomu alebo\u00a0za\u010diatku 20. storo\u010dia. Dal ho vyhotovi\u0165 gr\u00f3f Gejza \u010c\u00e1ki u\u00a0nezn\u00e1meho autora, ktor\u00e9mu poskytol svoje podklady k\u00a0jednotliv\u00fdm pr\u00edslu\u0161n\u00edkom rodu a\u00a0z\u00e1rove\u0148 ho dal potvrdi\u0165 \u0161tyrom \u010dlenom kr\u00e1\u013eovskej komory. Vyhotovenie a potvrdenie rodokme\u0148ov bolo v\u00a0rodov\u00fdch l\u00edni\u00e1ch \u0161\u013eachty d\u00f4le\u017eit\u00e9 pre dedi\u010dsk\u00e9 n\u00e1roky a\u00a0ich uplat\u0148ovanie.<\/p>\n<p style=\"text-align: center;\"><a href=\"https:\/\/pmza.sk\/wp-content\/uploads\/2014\/12\/Detail-Erbu-Grofa-Gejzu-Cakiho.jpg\"><img decoding=\"async\" class=\"size-full wp-image-11465 aligncenter\" src=\"https:\/\/pmza.sk\/wp-content\/uploads\/2014\/12\/Detail-Erbu-Grofa-Gejzu-Cakiho.jpg\" alt=\"Detail Erbu Gr\u00f3fa Gejzu \u010c\u00e1kiho\" width=\"155\" height=\"256\" \/><\/a><strong>Detail erbu gr\u00f3fa Gejzu \u010c\u00e1kiho<\/strong><\/p>\n<p>V\u00fdstava <strong>Feud\u00e1li horn\u00e9ho Pova\u017eia<\/strong> je v\u00a0\u0161t\u00e1diu pr\u00edpravy a\u00a0spr\u00edstupnen\u00e1 bude <strong>od 16. 1. 2015<\/strong> v\u00a0Sob\u00e1\u0161nom pal\u00e1ci v\u00a0Byt\u010di. Te\u0161\u00edme sa na va\u0161u n\u00e1v\u0161tevu.<\/p>\n","protected":false},"excerpt":{"rendered":"<p>Prvou tohtoro\u010dnou v\u00fdstavou v\u00a0Sob\u00e1\u0161nom pal\u00e1ci v\u00a0Byt\u010di bud\u00fa Feud\u00e1li horn\u00e9ho Pova\u017eia. Ide o\u00a0v\u00fdsledok spolupr\u00e1ce pracovn\u00edkov Pova\u017esk\u00e9ho a\u00a0Kysuck\u00e9ho m\u00fazea. \u201eT\u00e1to p\u00fatav\u00e1 v\u00fdstava mapuje panstv\u00e1 a\u00a0rody severoz\u00e1padn\u00e9ho Slovenska. Inform\u00e1cie doplnia zauj\u00edmav\u00e9 predmety z\u00a0historick\u00fdch fondov. \u010ci u\u017e p\u00f4jde o\u00a0pracov\u0148u bar\u00f3na Poppera, alebo jednotliv\u00e9 predmety via\u017euce sa k\u00a0rodine \u010c\u00e1kiovcov, Pongr\u00e1covcov alebo Su\u0148ogovcov,\u201c pribli\u017euje zameranie v\u00fdstavy historik Pova\u017esk\u00e9ho m\u00fazea v\u00a0\u017diline Michal [&hellip;]<\/p>\n","protected":false},"author":2,"featured_media":0,"comment_status":"closed","ping_status":"closed","sticky":false,"template":"","format":"standard","meta":{"site-sidebar-layout":"default","site-content-layout":"","ast-site-content-layout":"","site-content-style":"default","site-sidebar-style":"default","ast-global-header-display":"","ast-banner-title-visibility":"","ast-main-header-display":"","ast-hfb-above-header-display":"","ast-hfb-below-header-display":"","ast-hfb-mobile-header-display":"","site-post-title":"","ast-breadcrumbs-content":"","ast-featured-img":"","footer-sml-layout":"","theme-transparent-header-meta":"","adv-header-id-meta":"","stick-header-meta":"","header-above-stick-meta":"","header-main-stick-meta":"","header-below-stick-meta":"","astra-migrate-meta-layouts":"default","ast-page-background-enabled":"default","ast-page-background-meta":{"desktop":{"background-color":"var(--ast-global-color-4)","background-image":"","background-repeat":"repeat","background-position":"center center","background-size":"auto","background-attachment":"scroll","background-type":"","background-media":"","overlay-type":"","overlay-color":"","overlay-opacity":"","overlay-gradient":""},"tablet":{"background-color":"","background-image":"","background-repeat":"repeat","background-position":"center center","background-size":"auto","background-attachment":"scroll","background-type":"","background-media":"","overlay-type":"","overlay-color":"","overlay-opacity":"","overlay-gradient":""},"mobile":{"background-color":"","background-image":"","background-repeat":"repeat","background-position":"center center","background-size":"auto","background-attachment":"scroll","background-type":"","background-media":"","overlay-type":"","overlay-color":"","overlay-opacity":"","overlay-gradient":""}},"ast-content-background-meta":{"desktop":{"background-color":"var(--ast-global-color-5)","background-image":"","background-repeat":"repeat","background-position":"center center","background-size":"auto","background-attachment":"scroll","background-type":"","background-media":"","overlay-type":"","overlay-color":"","overlay-opacity":"","overlay-gradient":""},"tablet":{"background-color":"var(--ast-global-color-5)","background-image":"","background-repeat":"repeat","background-position":"center center","background-size":"auto","background-attachment":"scroll","background-type":"","background-media":"","overlay-type":"","overlay-color":"","overlay-opacity":"","overlay-gradient":""},"mobile":{"background-color":"var(--ast-global-color-5)","background-image":"","background-repeat":"repeat","background-position":"center center","background-size":"auto","background-attachment":"scroll","background-type":"","background-media":"","overlay-type":"","overlay-color":"","overlay-opacity":"","overlay-gradient":""}},"footnotes":""},"categories":[31],"tags":[],"class_list":["post-11466","post","type-post","status-publish","format-standard","hentry","category-aktuality"],"yoast_head":"<!-- This site is optimized with the Yoast SEO plugin v27.4 - https:\/\/yoast.com\/product\/yoast-seo-wordpress\/ -->\n<title>Pripravujeme v\u00fdstavu Feud\u00e1li horn\u00e9ho Pova\u017eia - Pova\u017esk\u00e9 m\u00fazeum<\/title>\n<meta name=\"robots\" content=\"index, follow, max-snippet:-1, max-image-preview:large, max-video-preview:-1\" \/>\n<link rel=\"canonical\" href=\"https:\/\/pmza.sk\/?p=11466\" \/>\n<meta property=\"og:locale\" content=\"sk_SK\" \/>\n<meta property=\"og:type\" content=\"article\" \/>\n<meta property=\"og:title\" content=\"Pripravujeme v\u00fdstavu Feud\u00e1li horn\u00e9ho Pova\u017eia - Pova\u017esk\u00e9 m\u00fazeum\" \/>\n<meta property=\"og:description\" content=\"Prvou tohtoro\u010dnou v\u00fdstavou v\u00a0Sob\u00e1\u0161nom pal\u00e1ci v\u00a0Byt\u010di bud\u00fa Feud\u00e1li horn\u00e9ho Pova\u017eia. Ide o\u00a0v\u00fdsledok spolupr\u00e1ce pracovn\u00edkov Pova\u017esk\u00e9ho a\u00a0Kysuck\u00e9ho m\u00fazea. \u201eT\u00e1to p\u00fatav\u00e1 v\u00fdstava mapuje panstv\u00e1 a\u00a0rody severoz\u00e1padn\u00e9ho Slovenska. Inform\u00e1cie doplnia zauj\u00edmav\u00e9 predmety z\u00a0historick\u00fdch fondov. \u010ci u\u017e p\u00f4jde o\u00a0pracov\u0148u bar\u00f3na Poppera, alebo jednotliv\u00e9 predmety via\u017euce sa k\u00a0rodine \u010c\u00e1kiovcov, Pongr\u00e1covcov alebo Su\u0148ogovcov,\u201c pribli\u017euje zameranie v\u00fdstavy historik Pova\u017esk\u00e9ho m\u00fazea v\u00a0\u017diline Michal [&hellip;]\" \/>\n<meta property=\"og:url\" content=\"https:\/\/pmza.sk\/?p=11466\" \/>\n<meta property=\"og:site_name\" content=\"Pova\u017esk\u00e9 m\u00fazeum\" \/>\n<meta property=\"article:publisher\" content=\"https:\/\/www.facebook.com\/povazskemuzeum\" \/>\n<meta property=\"article:published_time\" content=\"2015-01-02T07:00:01+00:00\" \/>\n<meta property=\"og:image\" content=\"https:\/\/pmza.sk\/wp-content\/uploads\/2014\/12\/Detail-Erbu-Grofa-Gejzu-Cakiho.jpg\" \/>\n<meta name=\"author\" content=\"Pova\u017esk\u00e9 m\u00fazeum\" \/>\n<meta name=\"twitter:card\" content=\"summary_large_image\" \/>\n<meta name=\"twitter:label1\" content=\"Autor\" \/>\n\t<meta name=\"twitter:data1\" content=\"Pova\u017esk\u00e9 m\u00fazeum\" \/>\n\t<meta name=\"twitter:label2\" content=\"Predpokladan\u00fd \u010das \u010d\u00edtania\" \/>\n\t<meta name=\"twitter:data2\" content=\"2 min\u00faty\" \/>\n<script type=\"application\/ld+json\" class=\"yoast-schema-graph\">{\"@context\":\"https:\\\/\\\/schema.org\",\"@graph\":[{\"@type\":\"Article\",\"@id\":\"https:\\\/\\\/pmza.sk\\\/?p=11466#article\",\"isPartOf\":{\"@id\":\"https:\\\/\\\/pmza.sk\\\/?p=11466\"},\"author\":{\"name\":\"Pova\u017esk\u00e9 m\u00fazeum\",\"@id\":\"https:\\\/\\\/pmza.sk\\\/#\\\/schema\\\/person\\\/595e6a2ce731ea94dcd5d7f50a41ae33\"},\"headline\":\"Pripravujeme v\u00fdstavu Feud\u00e1li horn\u00e9ho Pova\u017eia\",\"datePublished\":\"2015-01-02T07:00:01+00:00\",\"mainEntityOfPage\":{\"@id\":\"https:\\\/\\\/pmza.sk\\\/?p=11466\"},\"wordCount\":372,\"publisher\":{\"@id\":\"https:\\\/\\\/pmza.sk\\\/#organization\"},\"image\":{\"@id\":\"https:\\\/\\\/pmza.sk\\\/?p=11466#primaryimage\"},\"thumbnailUrl\":\"http:\\\/\\\/pmza.sk\\\/wp-content\\\/uploads\\\/2014\\\/12\\\/Detail-Erbu-Grofa-Gejzu-Cakiho.jpg\",\"articleSection\":[\"Aktuality\"],\"inLanguage\":\"sk-SK\"},{\"@type\":\"WebPage\",\"@id\":\"https:\\\/\\\/pmza.sk\\\/?p=11466\",\"url\":\"https:\\\/\\\/pmza.sk\\\/?p=11466\",\"name\":\"Pripravujeme v\u00fdstavu Feud\u00e1li horn\u00e9ho Pova\u017eia - Pova\u017esk\u00e9 m\u00fazeum\",\"isPartOf\":{\"@id\":\"https:\\\/\\\/pmza.sk\\\/#website\"},\"primaryImageOfPage\":{\"@id\":\"https:\\\/\\\/pmza.sk\\\/?p=11466#primaryimage\"},\"image\":{\"@id\":\"https:\\\/\\\/pmza.sk\\\/?p=11466#primaryimage\"},\"thumbnailUrl\":\"http:\\\/\\\/pmza.sk\\\/wp-content\\\/uploads\\\/2014\\\/12\\\/Detail-Erbu-Grofa-Gejzu-Cakiho.jpg\",\"datePublished\":\"2015-01-02T07:00:01+00:00\",\"breadcrumb\":{\"@id\":\"https:\\\/\\\/pmza.sk\\\/?p=11466#breadcrumb\"},\"inLanguage\":\"sk-SK\",\"potentialAction\":[{\"@type\":\"ReadAction\",\"target\":[\"https:\\\/\\\/pmza.sk\\\/?p=11466\"]}]},{\"@type\":\"ImageObject\",\"inLanguage\":\"sk-SK\",\"@id\":\"https:\\\/\\\/pmza.sk\\\/?p=11466#primaryimage\",\"url\":\"https:\\\/\\\/pmza.sk\\\/wp-content\\\/uploads\\\/2014\\\/12\\\/Detail-Erbu-Grofa-Gejzu-Cakiho.jpg\",\"contentUrl\":\"https:\\\/\\\/pmza.sk\\\/wp-content\\\/uploads\\\/2014\\\/12\\\/Detail-Erbu-Grofa-Gejzu-Cakiho.jpg\",\"width\":155,\"height\":256},{\"@type\":\"BreadcrumbList\",\"@id\":\"https:\\\/\\\/pmza.sk\\\/?p=11466#breadcrumb\",\"itemListElement\":[{\"@type\":\"ListItem\",\"position\":1,\"name\":\"Domovsk\u00e1 str\u00e1nka\",\"item\":\"https:\\\/\\\/pmza.sk\\\/\"},{\"@type\":\"ListItem\",\"position\":2,\"name\":\"Pripravujeme v\u00fdstavu Feud\u00e1li horn\u00e9ho Pova\u017eia\"}]},{\"@type\":\"WebSite\",\"@id\":\"https:\\\/\\\/pmza.sk\\\/#website\",\"url\":\"https:\\\/\\\/pmza.sk\\\/\",\"name\":\"Pova\u017esk\u00e9 m\u00fazeum\",\"description\":\"Pova\u017esk\u00e9 m\u00fazeum v \u017diline je region\u00e1lne m\u00fazeum so s\u00eddlom v Budat\u00edne. Jeho expoz\u00edcie s\u00fa zameran\u00e9 na dejiny slovensk\u00e9ho umenia, kult\u00fary a dopravy.\",\"publisher\":{\"@id\":\"https:\\\/\\\/pmza.sk\\\/#organization\"},\"potentialAction\":[{\"@type\":\"SearchAction\",\"target\":{\"@type\":\"EntryPoint\",\"urlTemplate\":\"https:\\\/\\\/pmza.sk\\\/?s={search_term_string}\"},\"query-input\":{\"@type\":\"PropertyValueSpecification\",\"valueRequired\":true,\"valueName\":\"search_term_string\"}}],\"inLanguage\":\"sk-SK\"},{\"@type\":\"Organization\",\"@id\":\"https:\\\/\\\/pmza.sk\\\/#organization\",\"name\":\"Pova\u017esk\u00e9 m\u00fazeum\",\"url\":\"https:\\\/\\\/pmza.sk\\\/\",\"logo\":{\"@type\":\"ImageObject\",\"inLanguage\":\"sk-SK\",\"@id\":\"https:\\\/\\\/pmza.sk\\\/#\\\/schema\\\/logo\\\/image\\\/\",\"url\":\"https:\\\/\\\/pmza.sk\\\/wp-content\\\/uploads\\\/2022\\\/01\\\/logo_PM_horizontal.jpg\",\"contentUrl\":\"https:\\\/\\\/pmza.sk\\\/wp-content\\\/uploads\\\/2022\\\/01\\\/logo_PM_horizontal.jpg\",\"width\":231,\"height\":142,\"caption\":\"Pova\u017esk\u00e9 m\u00fazeum\"},\"image\":{\"@id\":\"https:\\\/\\\/pmza.sk\\\/#\\\/schema\\\/logo\\\/image\\\/\"},\"sameAs\":[\"https:\\\/\\\/www.facebook.com\\\/povazskemuzeum\",\"https:\\\/\\\/www.instagram.com\\\/povazskemuzeum\\\/\"]},{\"@type\":\"Person\",\"@id\":\"https:\\\/\\\/pmza.sk\\\/#\\\/schema\\\/person\\\/595e6a2ce731ea94dcd5d7f50a41ae33\",\"name\":\"Pova\u017esk\u00e9 m\u00fazeum\",\"image\":{\"@type\":\"ImageObject\",\"inLanguage\":\"sk-SK\",\"@id\":\"https:\\\/\\\/secure.gravatar.com\\\/avatar\\\/2bb7f1561282132fb5826dfeccc66c7996d11ee392ac6aaf7ced8a1c2027fbb2?s=96&d=mm&r=g\",\"url\":\"https:\\\/\\\/secure.gravatar.com\\\/avatar\\\/2bb7f1561282132fb5826dfeccc66c7996d11ee392ac6aaf7ced8a1c2027fbb2?s=96&d=mm&r=g\",\"contentUrl\":\"https:\\\/\\\/secure.gravatar.com\\\/avatar\\\/2bb7f1561282132fb5826dfeccc66c7996d11ee392ac6aaf7ced8a1c2027fbb2?s=96&d=mm&r=g\",\"caption\":\"Pova\u017esk\u00e9 m\u00fazeum\"}}]}<\/script>\n<!-- \/ Yoast SEO plugin. -->","yoast_head_json":{"title":"Pripravujeme v\u00fdstavu Feud\u00e1li horn\u00e9ho Pova\u017eia - Pova\u017esk\u00e9 m\u00fazeum","robots":{"index":"index","follow":"follow","max-snippet":"max-snippet:-1","max-image-preview":"max-image-preview:large","max-video-preview":"max-video-preview:-1"},"canonical":"https:\/\/pmza.sk\/?p=11466","og_locale":"sk_SK","og_type":"article","og_title":"Pripravujeme v\u00fdstavu Feud\u00e1li horn\u00e9ho Pova\u017eia - Pova\u017esk\u00e9 m\u00fazeum","og_description":"Prvou tohtoro\u010dnou v\u00fdstavou v\u00a0Sob\u00e1\u0161nom pal\u00e1ci v\u00a0Byt\u010di bud\u00fa Feud\u00e1li horn\u00e9ho Pova\u017eia. Ide o\u00a0v\u00fdsledok spolupr\u00e1ce pracovn\u00edkov Pova\u017esk\u00e9ho a\u00a0Kysuck\u00e9ho m\u00fazea. \u201eT\u00e1to p\u00fatav\u00e1 v\u00fdstava mapuje panstv\u00e1 a\u00a0rody severoz\u00e1padn\u00e9ho Slovenska. Inform\u00e1cie doplnia zauj\u00edmav\u00e9 predmety z\u00a0historick\u00fdch fondov. \u010ci u\u017e p\u00f4jde o\u00a0pracov\u0148u bar\u00f3na Poppera, alebo jednotliv\u00e9 predmety via\u017euce sa k\u00a0rodine \u010c\u00e1kiovcov, Pongr\u00e1covcov alebo Su\u0148ogovcov,\u201c pribli\u017euje zameranie v\u00fdstavy historik Pova\u017esk\u00e9ho m\u00fazea v\u00a0\u017diline Michal [&hellip;]","og_url":"https:\/\/pmza.sk\/?p=11466","og_site_name":"Pova\u017esk\u00e9 m\u00fazeum","article_publisher":"https:\/\/www.facebook.com\/povazskemuzeum","article_published_time":"2015-01-02T07:00:01+00:00","og_image":[{"url":"https:\/\/pmza.sk\/wp-content\/uploads\/2014\/12\/Detail-Erbu-Grofa-Gejzu-Cakiho.jpg","type":"","width":"","height":""}],"author":"Pova\u017esk\u00e9 m\u00fazeum","twitter_card":"summary_large_image","twitter_misc":{"Autor":"Pova\u017esk\u00e9 m\u00fazeum","Predpokladan\u00fd \u010das \u010d\u00edtania":"2 min\u00faty"},"schema":{"@context":"https:\/\/schema.org","@graph":[{"@type":"Article","@id":"https:\/\/pmza.sk\/?p=11466#article","isPartOf":{"@id":"https:\/\/pmza.sk\/?p=11466"},"author":{"name":"Pova\u017esk\u00e9 m\u00fazeum","@id":"https:\/\/pmza.sk\/#\/schema\/person\/595e6a2ce731ea94dcd5d7f50a41ae33"},"headline":"Pripravujeme v\u00fdstavu Feud\u00e1li horn\u00e9ho Pova\u017eia","datePublished":"2015-01-02T07:00:01+00:00","mainEntityOfPage":{"@id":"https:\/\/pmza.sk\/?p=11466"},"wordCount":372,"publisher":{"@id":"https:\/\/pmza.sk\/#organization"},"image":{"@id":"https:\/\/pmza.sk\/?p=11466#primaryimage"},"thumbnailUrl":"https:\/\/pmza.sk\/wp-content\/uploads\/2014\/12\/Detail-Erbu-Grofa-Gejzu-Cakiho.jpg","articleSection":["Aktuality"],"inLanguage":"sk-SK"},{"@type":"WebPage","@id":"https:\/\/pmza.sk\/?p=11466","url":"https:\/\/pmza.sk\/?p=11466","name":"Pripravujeme v\u00fdstavu Feud\u00e1li horn\u00e9ho Pova\u017eia - Pova\u017esk\u00e9 m\u00fazeum","isPartOf":{"@id":"https:\/\/pmza.sk\/#website"},"primaryImageOfPage":{"@id":"https:\/\/pmza.sk\/?p=11466#primaryimage"},"image":{"@id":"https:\/\/pmza.sk\/?p=11466#primaryimage"},"thumbnailUrl":"https:\/\/pmza.sk\/wp-content\/uploads\/2014\/12\/Detail-Erbu-Grofa-Gejzu-Cakiho.jpg","datePublished":"2015-01-02T07:00:01+00:00","breadcrumb":{"@id":"https:\/\/pmza.sk\/?p=11466#breadcrumb"},"inLanguage":"sk-SK","potentialAction":[{"@type":"ReadAction","target":["https:\/\/pmza.sk\/?p=11466"]}]},{"@type":"ImageObject","inLanguage":"sk-SK","@id":"https:\/\/pmza.sk\/?p=11466#primaryimage","url":"https:\/\/pmza.sk\/wp-content\/uploads\/2014\/12\/Detail-Erbu-Grofa-Gejzu-Cakiho.jpg","contentUrl":"https:\/\/pmza.sk\/wp-content\/uploads\/2014\/12\/Detail-Erbu-Grofa-Gejzu-Cakiho.jpg","width":155,"height":256},{"@type":"BreadcrumbList","@id":"https:\/\/pmza.sk\/?p=11466#breadcrumb","itemListElement":[{"@type":"ListItem","position":1,"name":"Domovsk\u00e1 str\u00e1nka","item":"https:\/\/pmza.sk\/"},{"@type":"ListItem","position":2,"name":"Pripravujeme v\u00fdstavu Feud\u00e1li horn\u00e9ho Pova\u017eia"}]},{"@type":"WebSite","@id":"https:\/\/pmza.sk\/#website","url":"https:\/\/pmza.sk\/","name":"Pova\u017esk\u00e9 m\u00fazeum","description":"Pova\u017esk\u00e9 m\u00fazeum v \u017diline je region\u00e1lne m\u00fazeum so s\u00eddlom v Budat\u00edne. Jeho expoz\u00edcie s\u00fa zameran\u00e9 na dejiny slovensk\u00e9ho umenia, kult\u00fary a dopravy.","publisher":{"@id":"https:\/\/pmza.sk\/#organization"},"potentialAction":[{"@type":"SearchAction","target":{"@type":"EntryPoint","urlTemplate":"https:\/\/pmza.sk\/?s={search_term_string}"},"query-input":{"@type":"PropertyValueSpecification","valueRequired":true,"valueName":"search_term_string"}}],"inLanguage":"sk-SK"},{"@type":"Organization","@id":"https:\/\/pmza.sk\/#organization","name":"Pova\u017esk\u00e9 m\u00fazeum","url":"https:\/\/pmza.sk\/","logo":{"@type":"ImageObject","inLanguage":"sk-SK","@id":"https:\/\/pmza.sk\/#\/schema\/logo\/image\/","url":"https:\/\/pmza.sk\/wp-content\/uploads\/2022\/01\/logo_PM_horizontal.jpg","contentUrl":"https:\/\/pmza.sk\/wp-content\/uploads\/2022\/01\/logo_PM_horizontal.jpg","width":231,"height":142,"caption":"Pova\u017esk\u00e9 m\u00fazeum"},"image":{"@id":"https:\/\/pmza.sk\/#\/schema\/logo\/image\/"},"sameAs":["https:\/\/www.facebook.com\/povazskemuzeum","https:\/\/www.instagram.com\/povazskemuzeum\/"]},{"@type":"Person","@id":"https:\/\/pmza.sk\/#\/schema\/person\/595e6a2ce731ea94dcd5d7f50a41ae33","name":"Pova\u017esk\u00e9 m\u00fazeum","image":{"@type":"ImageObject","inLanguage":"sk-SK","@id":"https:\/\/secure.gravatar.com\/avatar\/2bb7f1561282132fb5826dfeccc66c7996d11ee392ac6aaf7ced8a1c2027fbb2?s=96&d=mm&r=g","url":"https:\/\/secure.gravatar.com\/avatar\/2bb7f1561282132fb5826dfeccc66c7996d11ee392ac6aaf7ced8a1c2027fbb2?s=96&d=mm&r=g","contentUrl":"https:\/\/secure.gravatar.com\/avatar\/2bb7f1561282132fb5826dfeccc66c7996d11ee392ac6aaf7ced8a1c2027fbb2?s=96&d=mm&r=g","caption":"Pova\u017esk\u00e9 m\u00fazeum"}}]}},"_links":{"self":[{"href":"https:\/\/pmza.sk\/index.php?rest_route=\/wp\/v2\/posts\/11466","targetHints":{"allow":["GET"]}}],"collection":[{"href":"https:\/\/pmza.sk\/index.php?rest_route=\/wp\/v2\/posts"}],"about":[{"href":"https:\/\/pmza.sk\/index.php?rest_route=\/wp\/v2\/types\/post"}],"author":[{"embeddable":true,"href":"https:\/\/pmza.sk\/index.php?rest_route=\/wp\/v2\/users\/2"}],"replies":[{"embeddable":true,"href":"https:\/\/pmza.sk\/index.php?rest_route=%2Fwp%2Fv2%2Fcomments&post=11466"}],"version-history":[{"count":0,"href":"https:\/\/pmza.sk\/index.php?rest_route=\/wp\/v2\/posts\/11466\/revisions"}],"wp:attachment":[{"href":"https:\/\/pmza.sk\/index.php?rest_route=%2Fwp%2Fv2%2Fmedia&parent=11466"}],"wp:term":[{"taxonomy":"category","embeddable":true,"href":"https:\/\/pmza.sk\/index.php?rest_route=%2Fwp%2Fv2%2Fcategories&post=11466"},{"taxonomy":"post_tag","embeddable":true,"href":"https:\/\/pmza.sk\/index.php?rest_route=%2Fwp%2Fv2%2Ftags&post=11466"}],"curies":[{"name":"wp","href":"https:\/\/api.w.org\/{rel}","templated":true}]}}