{"id":11470,"date":"2014-12-29T15:12:57","date_gmt":"2014-12-29T14:12:57","guid":{"rendered":"https:\/\/pmza.sk.sk\/?p=11470"},"modified":"2014-12-29T15:12:57","modified_gmt":"2014-12-29T14:12:57","slug":"rok-2014-bol-v-znameni-novych-expozicii","status":"publish","type":"post","link":"https:\/\/pmza.sk\/?p=11470","title":{"rendered":"Rok 2014 bol v znamen\u00ed nov\u00fdch expoz\u00edci\u00ed"},"content":{"rendered":"<p><a href=\"https:\/\/pmza.sk.sk\/wp-content\/uploads\/2010\/02\/IMG_3640-\u2013-k\u00f3pia.jpg\"><img decoding=\"async\" class=\"alignleft  wp-image-10293\" src=\"https:\/\/pmza.sk.sk\/wp-content\/uploads\/2010\/02\/IMG_3640-\u2013-k\u00f3pia.jpg\" alt=\"IMG_3640 \u2013 k\u00f3pia\" width=\"201\" height=\"134\" \/><\/a>Pova\u017esk\u00e9 m\u00fazeum v\u00a0\u017diline m\u00e1 za sebou rok pln\u00fd pestr\u00fdch podujat\u00ed, aktiv\u00edt a\u00a0akci\u00ed, ktor\u00fdmi poukazovalo na svoj bohat\u00fd zbierkov\u00fd fond, na r\u00f4znorodos\u0165 svojich expoz\u00edci\u00ed a v\u010faka ktor\u00fdm tie\u017e poz\u00fdvalo \u0161irok\u00e9 spektrum n\u00e1v\u0161tevn\u00edkov do svojich objektov. V\u00a0apr\u00edli tohto roka sme otvorili nov\u00fa expoz\u00edciu \u2013 M\u00fazeum dopravy v\u00a0budove \u017eelezni\u010dnej stanice Rajeck\u00e9 Teplice, do ktorej sme n\u00e1v\u0161tevn\u00edkov po\u010das jedn\u00e9ho v\u00edkendu v\u00a0okt\u00f3bri priviezli historick\u00fdm motorov\u00fdm vlakom Hurv\u00ednek. V\u00a0j\u00fali sme spr\u00edstupnili st\u00e1lu expoz\u00edciu venovan\u00fa hist\u00f3rii \u017diliny a\u00a0Budat\u00edna vo ve\u017ei Budat\u00ednskeho hradu, <!--more-->kde sa nach\u00e1dza aj v\u00fdstava hod\u00edn \u010di obrazov zo 17. \u2013 19. storo\u010dia, \u010di novovytvoren\u00e1 vyhliadka z\u00a0ve\u017ee.<\/p>\n<p>Viac sa do\u010d\u00edtate v\u00a0aktu\u00e1lnom vydan\u00ed n\u00e1\u0161ho elektronick\u00e9ho \u010dasopisu <a href=\"http:\/\/www.floowie.com\/sk\/citaj\/muza2-2014\/#\/strana\/24\/zvacsenie\/100\/\">M\u00daZA<\/a>.<\/p>\n","protected":false},"excerpt":{"rendered":"<p>Pova\u017esk\u00e9 m\u00fazeum v\u00a0\u017diline m\u00e1 za sebou rok pln\u00fd pestr\u00fdch podujat\u00ed, aktiv\u00edt a\u00a0akci\u00ed, ktor\u00fdmi poukazovalo na svoj bohat\u00fd zbierkov\u00fd fond, na r\u00f4znorodos\u0165 svojich expoz\u00edci\u00ed a v\u010faka ktor\u00fdm tie\u017e poz\u00fdvalo \u0161irok\u00e9 spektrum n\u00e1v\u0161tevn\u00edkov do svojich objektov. V\u00a0apr\u00edli tohto roka sme otvorili nov\u00fa expoz\u00edciu \u2013 M\u00fazeum dopravy v\u00a0budove \u017eelezni\u010dnej stanice Rajeck\u00e9 Teplice, do ktorej sme n\u00e1v\u0161tevn\u00edkov po\u010das jedn\u00e9ho [&hellip;]<\/p>\n","protected":false},"author":2,"featured_media":0,"comment_status":"closed","ping_status":"closed","sticky":false,"template":"","format":"standard","meta":{"site-sidebar-layout":"default","site-content-layout":"","ast-site-content-layout":"","site-content-style":"default","site-sidebar-style":"default","ast-global-header-display":"","ast-banner-title-visibility":"","ast-main-header-display":"","ast-hfb-above-header-display":"","ast-hfb-below-header-display":"","ast-hfb-mobile-header-display":"","site-post-title":"","ast-breadcrumbs-content":"","ast-featured-img":"","footer-sml-layout":"","theme-transparent-header-meta":"","adv-header-id-meta":"","stick-header-meta":"","header-above-stick-meta":"","header-main-stick-meta":"","header-below-stick-meta":"","astra-migrate-meta-layouts":"default","ast-page-background-enabled":"default","ast-page-background-meta":{"desktop":{"background-color":"var(--ast-global-color-4)","background-image":"","background-repeat":"repeat","background-position":"center center","background-size":"auto","background-attachment":"scroll","background-type":"","background-media":"","overlay-type":"","overlay-color":"","overlay-opacity":"","overlay-gradient":""},"tablet":{"background-color":"","background-image":"","background-repeat":"repeat","background-position":"center center","background-size":"auto","background-attachment":"scroll","background-type":"","background-media":"","overlay-type":"","overlay-color":"","overlay-opacity":"","overlay-gradient":""},"mobile":{"background-color":"","background-image":"","background-repeat":"repeat","background-position":"center center","background-size":"auto","background-attachment":"scroll","background-type":"","background-media":"","overlay-type":"","overlay-color":"","overlay-opacity":"","overlay-gradient":""}},"ast-content-background-meta":{"desktop":{"background-color":"var(--ast-global-color-5)","background-image":"","background-repeat":"repeat","background-position":"center center","background-size":"auto","background-attachment":"scroll","background-type":"","background-media":"","overlay-type":"","overlay-color":"","overlay-opacity":"","overlay-gradient":""},"tablet":{"background-color":"var(--ast-global-color-5)","background-image":"","background-repeat":"repeat","background-position":"center center","background-size":"auto","background-attachment":"scroll","background-type":"","background-media":"","overlay-type":"","overlay-color":"","overlay-opacity":"","overlay-gradient":""},"mobile":{"background-color":"var(--ast-global-color-5)","background-image":"","background-repeat":"repeat","background-position":"center center","background-size":"auto","background-attachment":"scroll","background-type":"","background-media":"","overlay-type":"","overlay-color":"","overlay-opacity":"","overlay-gradient":""}},"footnotes":""},"categories":[36],"tags":[],"class_list":["post-11470","post","type-post","status-publish","format-standard","hentry","category-archiv-2014"],"yoast_head":"<!-- This site is optimized with the Yoast SEO plugin v27.4 - https:\/\/yoast.com\/product\/yoast-seo-wordpress\/ -->\n<title>Rok 2014 bol v znamen\u00ed nov\u00fdch expoz\u00edci\u00ed - Pova\u017esk\u00e9 m\u00fazeum<\/title>\n<meta name=\"robots\" content=\"index, follow, max-snippet:-1, max-image-preview:large, max-video-preview:-1\" \/>\n<link rel=\"canonical\" href=\"https:\/\/pmza.sk\/?p=11470\" \/>\n<meta property=\"og:locale\" content=\"sk_SK\" \/>\n<meta property=\"og:type\" content=\"article\" \/>\n<meta property=\"og:title\" content=\"Rok 2014 bol v znamen\u00ed nov\u00fdch expoz\u00edci\u00ed - Pova\u017esk\u00e9 m\u00fazeum\" \/>\n<meta property=\"og:description\" content=\"Pova\u017esk\u00e9 m\u00fazeum v\u00a0\u017diline m\u00e1 za sebou rok pln\u00fd pestr\u00fdch podujat\u00ed, aktiv\u00edt a\u00a0akci\u00ed, ktor\u00fdmi poukazovalo na svoj bohat\u00fd zbierkov\u00fd fond, na r\u00f4znorodos\u0165 svojich expoz\u00edci\u00ed a v\u010faka ktor\u00fdm tie\u017e poz\u00fdvalo \u0161irok\u00e9 spektrum n\u00e1v\u0161tevn\u00edkov do svojich objektov. V\u00a0apr\u00edli tohto roka sme otvorili nov\u00fa expoz\u00edciu \u2013 M\u00fazeum dopravy v\u00a0budove \u017eelezni\u010dnej stanice Rajeck\u00e9 Teplice, do ktorej sme n\u00e1v\u0161tevn\u00edkov po\u010das jedn\u00e9ho [&hellip;]\" \/>\n<meta property=\"og:url\" content=\"https:\/\/pmza.sk\/?p=11470\" \/>\n<meta property=\"og:site_name\" content=\"Pova\u017esk\u00e9 m\u00fazeum\" \/>\n<meta property=\"article:publisher\" content=\"https:\/\/www.facebook.com\/povazskemuzeum\" \/>\n<meta property=\"article:published_time\" content=\"2014-12-29T14:12:57+00:00\" \/>\n<meta name=\"author\" content=\"Pova\u017esk\u00e9 m\u00fazeum\" \/>\n<meta name=\"twitter:card\" content=\"summary_large_image\" \/>\n<meta name=\"twitter:label1\" content=\"Autor\" \/>\n\t<meta name=\"twitter:data1\" content=\"Pova\u017esk\u00e9 m\u00fazeum\" \/>\n\t<meta name=\"twitter:label2\" content=\"Predpokladan\u00fd \u010das \u010d\u00edtania\" \/>\n\t<meta name=\"twitter:data2\" content=\"1 min\u00fata\" \/>\n<script type=\"application\/ld+json\" class=\"yoast-schema-graph\">{\"@context\":\"https:\\\/\\\/schema.org\",\"@graph\":[{\"@type\":\"Article\",\"@id\":\"https:\\\/\\\/pmza.sk\\\/?p=11470#article\",\"isPartOf\":{\"@id\":\"https:\\\/\\\/pmza.sk\\\/?p=11470\"},\"author\":{\"name\":\"Pova\u017esk\u00e9 m\u00fazeum\",\"@id\":\"https:\\\/\\\/pmza.sk\\\/#\\\/schema\\\/person\\\/595e6a2ce731ea94dcd5d7f50a41ae33\"},\"headline\":\"Rok 2014 bol v znamen\u00ed nov\u00fdch expoz\u00edci\u00ed\",\"datePublished\":\"2014-12-29T14:12:57+00:00\",\"mainEntityOfPage\":{\"@id\":\"https:\\\/\\\/pmza.sk\\\/?p=11470\"},\"wordCount\":159,\"publisher\":{\"@id\":\"https:\\\/\\\/pmza.sk\\\/#organization\"},\"articleSection\":[\"Arch\u00edv 2014\"],\"inLanguage\":\"sk-SK\"},{\"@type\":\"WebPage\",\"@id\":\"https:\\\/\\\/pmza.sk\\\/?p=11470\",\"url\":\"https:\\\/\\\/pmza.sk\\\/?p=11470\",\"name\":\"Rok 2014 bol v znamen\u00ed nov\u00fdch expoz\u00edci\u00ed - Pova\u017esk\u00e9 m\u00fazeum\",\"isPartOf\":{\"@id\":\"https:\\\/\\\/pmza.sk\\\/#website\"},\"datePublished\":\"2014-12-29T14:12:57+00:00\",\"breadcrumb\":{\"@id\":\"https:\\\/\\\/pmza.sk\\\/?p=11470#breadcrumb\"},\"inLanguage\":\"sk-SK\",\"potentialAction\":[{\"@type\":\"ReadAction\",\"target\":[\"https:\\\/\\\/pmza.sk\\\/?p=11470\"]}]},{\"@type\":\"BreadcrumbList\",\"@id\":\"https:\\\/\\\/pmza.sk\\\/?p=11470#breadcrumb\",\"itemListElement\":[{\"@type\":\"ListItem\",\"position\":1,\"name\":\"Domovsk\u00e1 str\u00e1nka\",\"item\":\"https:\\\/\\\/pmza.sk\\\/\"},{\"@type\":\"ListItem\",\"position\":2,\"name\":\"Rok 2014 bol v znamen\u00ed nov\u00fdch expoz\u00edci\u00ed\"}]},{\"@type\":\"WebSite\",\"@id\":\"https:\\\/\\\/pmza.sk\\\/#website\",\"url\":\"https:\\\/\\\/pmza.sk\\\/\",\"name\":\"Pova\u017esk\u00e9 m\u00fazeum\",\"description\":\"Pova\u017esk\u00e9 m\u00fazeum v \u017diline je region\u00e1lne m\u00fazeum so s\u00eddlom v Budat\u00edne. Jeho expoz\u00edcie s\u00fa zameran\u00e9 na dejiny slovensk\u00e9ho umenia, kult\u00fary a dopravy.\",\"publisher\":{\"@id\":\"https:\\\/\\\/pmza.sk\\\/#organization\"},\"potentialAction\":[{\"@type\":\"SearchAction\",\"target\":{\"@type\":\"EntryPoint\",\"urlTemplate\":\"https:\\\/\\\/pmza.sk\\\/?s={search_term_string}\"},\"query-input\":{\"@type\":\"PropertyValueSpecification\",\"valueRequired\":true,\"valueName\":\"search_term_string\"}}],\"inLanguage\":\"sk-SK\"},{\"@type\":\"Organization\",\"@id\":\"https:\\\/\\\/pmza.sk\\\/#organization\",\"name\":\"Pova\u017esk\u00e9 m\u00fazeum\",\"url\":\"https:\\\/\\\/pmza.sk\\\/\",\"logo\":{\"@type\":\"ImageObject\",\"inLanguage\":\"sk-SK\",\"@id\":\"https:\\\/\\\/pmza.sk\\\/#\\\/schema\\\/logo\\\/image\\\/\",\"url\":\"https:\\\/\\\/pmza.sk\\\/wp-content\\\/uploads\\\/2022\\\/01\\\/logo_PM_horizontal.jpg\",\"contentUrl\":\"https:\\\/\\\/pmza.sk\\\/wp-content\\\/uploads\\\/2022\\\/01\\\/logo_PM_horizontal.jpg\",\"width\":231,\"height\":142,\"caption\":\"Pova\u017esk\u00e9 m\u00fazeum\"},\"image\":{\"@id\":\"https:\\\/\\\/pmza.sk\\\/#\\\/schema\\\/logo\\\/image\\\/\"},\"sameAs\":[\"https:\\\/\\\/www.facebook.com\\\/povazskemuzeum\",\"https:\\\/\\\/www.instagram.com\\\/povazskemuzeum\\\/\"]},{\"@type\":\"Person\",\"@id\":\"https:\\\/\\\/pmza.sk\\\/#\\\/schema\\\/person\\\/595e6a2ce731ea94dcd5d7f50a41ae33\",\"name\":\"Pova\u017esk\u00e9 m\u00fazeum\",\"image\":{\"@type\":\"ImageObject\",\"inLanguage\":\"sk-SK\",\"@id\":\"https:\\\/\\\/secure.gravatar.com\\\/avatar\\\/2bb7f1561282132fb5826dfeccc66c7996d11ee392ac6aaf7ced8a1c2027fbb2?s=96&d=mm&r=g\",\"url\":\"https:\\\/\\\/secure.gravatar.com\\\/avatar\\\/2bb7f1561282132fb5826dfeccc66c7996d11ee392ac6aaf7ced8a1c2027fbb2?s=96&d=mm&r=g\",\"contentUrl\":\"https:\\\/\\\/secure.gravatar.com\\\/avatar\\\/2bb7f1561282132fb5826dfeccc66c7996d11ee392ac6aaf7ced8a1c2027fbb2?s=96&d=mm&r=g\",\"caption\":\"Pova\u017esk\u00e9 m\u00fazeum\"}}]}<\/script>\n<!-- \/ Yoast SEO plugin. -->","yoast_head_json":{"title":"Rok 2014 bol v znamen\u00ed nov\u00fdch expoz\u00edci\u00ed - Pova\u017esk\u00e9 m\u00fazeum","robots":{"index":"index","follow":"follow","max-snippet":"max-snippet:-1","max-image-preview":"max-image-preview:large","max-video-preview":"max-video-preview:-1"},"canonical":"https:\/\/pmza.sk\/?p=11470","og_locale":"sk_SK","og_type":"article","og_title":"Rok 2014 bol v znamen\u00ed nov\u00fdch expoz\u00edci\u00ed - Pova\u017esk\u00e9 m\u00fazeum","og_description":"Pova\u017esk\u00e9 m\u00fazeum v\u00a0\u017diline m\u00e1 za sebou rok pln\u00fd pestr\u00fdch podujat\u00ed, aktiv\u00edt a\u00a0akci\u00ed, ktor\u00fdmi poukazovalo na svoj bohat\u00fd zbierkov\u00fd fond, na r\u00f4znorodos\u0165 svojich expoz\u00edci\u00ed a v\u010faka ktor\u00fdm tie\u017e poz\u00fdvalo \u0161irok\u00e9 spektrum n\u00e1v\u0161tevn\u00edkov do svojich objektov. V\u00a0apr\u00edli tohto roka sme otvorili nov\u00fa expoz\u00edciu \u2013 M\u00fazeum dopravy v\u00a0budove \u017eelezni\u010dnej stanice Rajeck\u00e9 Teplice, do ktorej sme n\u00e1v\u0161tevn\u00edkov po\u010das jedn\u00e9ho [&hellip;]","og_url":"https:\/\/pmza.sk\/?p=11470","og_site_name":"Pova\u017esk\u00e9 m\u00fazeum","article_publisher":"https:\/\/www.facebook.com\/povazskemuzeum","article_published_time":"2014-12-29T14:12:57+00:00","author":"Pova\u017esk\u00e9 m\u00fazeum","twitter_card":"summary_large_image","twitter_misc":{"Autor":"Pova\u017esk\u00e9 m\u00fazeum","Predpokladan\u00fd \u010das \u010d\u00edtania":"1 min\u00fata"},"schema":{"@context":"https:\/\/schema.org","@graph":[{"@type":"Article","@id":"https:\/\/pmza.sk\/?p=11470#article","isPartOf":{"@id":"https:\/\/pmza.sk\/?p=11470"},"author":{"name":"Pova\u017esk\u00e9 m\u00fazeum","@id":"https:\/\/pmza.sk\/#\/schema\/person\/595e6a2ce731ea94dcd5d7f50a41ae33"},"headline":"Rok 2014 bol v znamen\u00ed nov\u00fdch expoz\u00edci\u00ed","datePublished":"2014-12-29T14:12:57+00:00","mainEntityOfPage":{"@id":"https:\/\/pmza.sk\/?p=11470"},"wordCount":159,"publisher":{"@id":"https:\/\/pmza.sk\/#organization"},"articleSection":["Arch\u00edv 2014"],"inLanguage":"sk-SK"},{"@type":"WebPage","@id":"https:\/\/pmza.sk\/?p=11470","url":"https:\/\/pmza.sk\/?p=11470","name":"Rok 2014 bol v znamen\u00ed nov\u00fdch expoz\u00edci\u00ed - Pova\u017esk\u00e9 m\u00fazeum","isPartOf":{"@id":"https:\/\/pmza.sk\/#website"},"datePublished":"2014-12-29T14:12:57+00:00","breadcrumb":{"@id":"https:\/\/pmza.sk\/?p=11470#breadcrumb"},"inLanguage":"sk-SK","potentialAction":[{"@type":"ReadAction","target":["https:\/\/pmza.sk\/?p=11470"]}]},{"@type":"BreadcrumbList","@id":"https:\/\/pmza.sk\/?p=11470#breadcrumb","itemListElement":[{"@type":"ListItem","position":1,"name":"Domovsk\u00e1 str\u00e1nka","item":"https:\/\/pmza.sk\/"},{"@type":"ListItem","position":2,"name":"Rok 2014 bol v znamen\u00ed nov\u00fdch expoz\u00edci\u00ed"}]},{"@type":"WebSite","@id":"https:\/\/pmza.sk\/#website","url":"https:\/\/pmza.sk\/","name":"Pova\u017esk\u00e9 m\u00fazeum","description":"Pova\u017esk\u00e9 m\u00fazeum v \u017diline je region\u00e1lne m\u00fazeum so s\u00eddlom v Budat\u00edne. Jeho expoz\u00edcie s\u00fa zameran\u00e9 na dejiny slovensk\u00e9ho umenia, kult\u00fary a dopravy.","publisher":{"@id":"https:\/\/pmza.sk\/#organization"},"potentialAction":[{"@type":"SearchAction","target":{"@type":"EntryPoint","urlTemplate":"https:\/\/pmza.sk\/?s={search_term_string}"},"query-input":{"@type":"PropertyValueSpecification","valueRequired":true,"valueName":"search_term_string"}}],"inLanguage":"sk-SK"},{"@type":"Organization","@id":"https:\/\/pmza.sk\/#organization","name":"Pova\u017esk\u00e9 m\u00fazeum","url":"https:\/\/pmza.sk\/","logo":{"@type":"ImageObject","inLanguage":"sk-SK","@id":"https:\/\/pmza.sk\/#\/schema\/logo\/image\/","url":"https:\/\/pmza.sk\/wp-content\/uploads\/2022\/01\/logo_PM_horizontal.jpg","contentUrl":"https:\/\/pmza.sk\/wp-content\/uploads\/2022\/01\/logo_PM_horizontal.jpg","width":231,"height":142,"caption":"Pova\u017esk\u00e9 m\u00fazeum"},"image":{"@id":"https:\/\/pmza.sk\/#\/schema\/logo\/image\/"},"sameAs":["https:\/\/www.facebook.com\/povazskemuzeum","https:\/\/www.instagram.com\/povazskemuzeum\/"]},{"@type":"Person","@id":"https:\/\/pmza.sk\/#\/schema\/person\/595e6a2ce731ea94dcd5d7f50a41ae33","name":"Pova\u017esk\u00e9 m\u00fazeum","image":{"@type":"ImageObject","inLanguage":"sk-SK","@id":"https:\/\/secure.gravatar.com\/avatar\/2bb7f1561282132fb5826dfeccc66c7996d11ee392ac6aaf7ced8a1c2027fbb2?s=96&d=mm&r=g","url":"https:\/\/secure.gravatar.com\/avatar\/2bb7f1561282132fb5826dfeccc66c7996d11ee392ac6aaf7ced8a1c2027fbb2?s=96&d=mm&r=g","contentUrl":"https:\/\/secure.gravatar.com\/avatar\/2bb7f1561282132fb5826dfeccc66c7996d11ee392ac6aaf7ced8a1c2027fbb2?s=96&d=mm&r=g","caption":"Pova\u017esk\u00e9 m\u00fazeum"}}]}},"_links":{"self":[{"href":"https:\/\/pmza.sk\/index.php?rest_route=\/wp\/v2\/posts\/11470","targetHints":{"allow":["GET"]}}],"collection":[{"href":"https:\/\/pmza.sk\/index.php?rest_route=\/wp\/v2\/posts"}],"about":[{"href":"https:\/\/pmza.sk\/index.php?rest_route=\/wp\/v2\/types\/post"}],"author":[{"embeddable":true,"href":"https:\/\/pmza.sk\/index.php?rest_route=\/wp\/v2\/users\/2"}],"replies":[{"embeddable":true,"href":"https:\/\/pmza.sk\/index.php?rest_route=%2Fwp%2Fv2%2Fcomments&post=11470"}],"version-history":[{"count":0,"href":"https:\/\/pmza.sk\/index.php?rest_route=\/wp\/v2\/posts\/11470\/revisions"}],"wp:attachment":[{"href":"https:\/\/pmza.sk\/index.php?rest_route=%2Fwp%2Fv2%2Fmedia&parent=11470"}],"wp:term":[{"taxonomy":"category","embeddable":true,"href":"https:\/\/pmza.sk\/index.php?rest_route=%2Fwp%2Fv2%2Fcategories&post=11470"},{"taxonomy":"post_tag","embeddable":true,"href":"https:\/\/pmza.sk\/index.php?rest_route=%2Fwp%2Fv2%2Ftags&post=11470"}],"curies":[{"name":"wp","href":"https:\/\/api.w.org\/{rel}","templated":true}]}}