{"id":11545,"date":"2015-01-11T14:53:14","date_gmt":"2015-01-11T13:53:14","guid":{"rendered":"https:\/\/pmza.sk.sk\/?p=11545"},"modified":"2015-01-11T14:53:14","modified_gmt":"2015-01-11T13:53:14","slug":"ako-sme-zili-vo-velkom-rovnom","status":"publish","type":"post","link":"https:\/\/pmza.sk\/?p=11545","title":{"rendered":"&#8222;Ako sme \u017eili&#8220; vo Ve\u013ekom Rovnom"},"content":{"rendered":"<p><span class=\"userContent\"><a href=\"https:\/\/pmza.sk\/wp-content\/uploads\/2015\/01\/Muzeum-drotarie-Velke-Rovne.jpg\"><img decoding=\"async\" class=\"alignleft  wp-image-11544\" src=\"https:\/\/pmza.sk\/wp-content\/uploads\/2015\/01\/Muzeum-drotarie-Velke-Rovne.jpg\" alt=\"M\u00fazeum drot\u00e1rie Ve\u013ek\u00e9 Rovn\u00e9\" width=\"216\" height=\"162\" srcset=\"https:\/\/pmza.sk\/wp-content\/uploads\/2015\/01\/Muzeum-drotarie-Velke-Rovne.jpg 2048w, https:\/\/pmza.sk\/wp-content\/uploads\/2015\/01\/Muzeum-drotarie-Velke-Rovne-480x360.jpg 480w, https:\/\/pmza.sk\/wp-content\/uploads\/2015\/01\/Muzeum-drotarie-Velke-Rovne-981x736.jpg 981w, https:\/\/pmza.sk\/wp-content\/uploads\/2015\/01\/Muzeum-drotarie-Velke-Rovne-768x576.jpg 768w, https:\/\/pmza.sk\/wp-content\/uploads\/2015\/01\/Muzeum-drotarie-Velke-Rovne-1536x1152.jpg 1536w, https:\/\/pmza.sk\/wp-content\/uploads\/2015\/01\/Muzeum-drotarie-Velke-Rovne-600x450.jpg 600w\" sizes=\"(max-width: 216px) 100vw, 216px\" \/><\/a>V piatok 16. janu\u00e1ra si m\u00f4\u017eete na v\u0161etk\u00fdch okruhoch R\u00e1dia Regina vypo\u010du\u0165 zauj\u00edmav\u00e9 rozpr\u00e1vanie o drot\u00e1rstve vo Ve\u013ekom Rovnom. Po\u010d\u00favajte od 17:30 h. rel\u00e1ciu &#8222;Ako sme \u017eili&#8220;. V M\u00fazeu drot\u00e1rie s histori\u010dkou drot\u00e1rstva Mgr. Katar\u00ednou Hallonovou, etnologi\u010dkou drot\u00e1rstva Mgr. Katar\u00ednou Kendrovou a s drot\u00e1rom Miroslavom Kalmanom nahr\u00e1val Ladislav Elia\u0161.<\/span><\/p>\n<p><!--more--><\/p>\n<p>Rel\u00e1ciu si m\u00f4\u017eete vypo\u010du\u0165 <a href=\"http:\/\/www.rtvs.sk\/radio\/archiv\/1580\/144069\">TU<\/a><\/p>\n","protected":false},"excerpt":{"rendered":"<p>V piatok 16. janu\u00e1ra si m\u00f4\u017eete na v\u0161etk\u00fdch okruhoch R\u00e1dia Regina vypo\u010du\u0165 zauj\u00edmav\u00e9 rozpr\u00e1vanie o drot\u00e1rstve vo Ve\u013ekom Rovnom. Po\u010d\u00favajte od 17:30 h. rel\u00e1ciu &#8222;Ako sme \u017eili&#8220;. V M\u00fazeu drot\u00e1rie s histori\u010dkou drot\u00e1rstva Mgr. Katar\u00ednou Hallonovou, etnologi\u010dkou drot\u00e1rstva Mgr. Katar\u00ednou Kendrovou a s drot\u00e1rom Miroslavom Kalmanom nahr\u00e1val Ladislav Elia\u0161.<\/p>\n","protected":false},"author":2,"featured_media":0,"comment_status":"closed","ping_status":"closed","sticky":false,"template":"","format":"standard","meta":{"site-sidebar-layout":"default","site-content-layout":"","ast-site-content-layout":"","site-content-style":"default","site-sidebar-style":"default","ast-global-header-display":"","ast-banner-title-visibility":"","ast-main-header-display":"","ast-hfb-above-header-display":"","ast-hfb-below-header-display":"","ast-hfb-mobile-header-display":"","site-post-title":"","ast-breadcrumbs-content":"","ast-featured-img":"","footer-sml-layout":"","theme-transparent-header-meta":"","adv-header-id-meta":"","stick-header-meta":"","header-above-stick-meta":"","header-main-stick-meta":"","header-below-stick-meta":"","astra-migrate-meta-layouts":"default","ast-page-background-enabled":"default","ast-page-background-meta":{"desktop":{"background-color":"var(--ast-global-color-4)","background-image":"","background-repeat":"repeat","background-position":"center center","background-size":"auto","background-attachment":"scroll","background-type":"","background-media":"","overlay-type":"","overlay-color":"","overlay-opacity":"","overlay-gradient":""},"tablet":{"background-color":"","background-image":"","background-repeat":"repeat","background-position":"center center","background-size":"auto","background-attachment":"scroll","background-type":"","background-media":"","overlay-type":"","overlay-color":"","overlay-opacity":"","overlay-gradient":""},"mobile":{"background-color":"","background-image":"","background-repeat":"repeat","background-position":"center center","background-size":"auto","background-attachment":"scroll","background-type":"","background-media":"","overlay-type":"","overlay-color":"","overlay-opacity":"","overlay-gradient":""}},"ast-content-background-meta":{"desktop":{"background-color":"var(--ast-global-color-5)","background-image":"","background-repeat":"repeat","background-position":"center center","background-size":"auto","background-attachment":"scroll","background-type":"","background-media":"","overlay-type":"","overlay-color":"","overlay-opacity":"","overlay-gradient":""},"tablet":{"background-color":"var(--ast-global-color-5)","background-image":"","background-repeat":"repeat","background-position":"center center","background-size":"auto","background-attachment":"scroll","background-type":"","background-media":"","overlay-type":"","overlay-color":"","overlay-opacity":"","overlay-gradient":""},"mobile":{"background-color":"var(--ast-global-color-5)","background-image":"","background-repeat":"repeat","background-position":"center center","background-size":"auto","background-attachment":"scroll","background-type":"","background-media":"","overlay-type":"","overlay-color":"","overlay-opacity":"","overlay-gradient":""}},"footnotes":""},"categories":[31],"tags":[],"class_list":["post-11545","post","type-post","status-publish","format-standard","hentry","category-aktuality"],"yoast_head":"<!-- This site is optimized with the Yoast SEO plugin v27.4 - https:\/\/yoast.com\/product\/yoast-seo-wordpress\/ -->\n<title>&quot;Ako sme \u017eili&quot; vo Ve\u013ekom Rovnom - Pova\u017esk\u00e9 m\u00fazeum<\/title>\n<meta name=\"robots\" content=\"index, follow, max-snippet:-1, max-image-preview:large, max-video-preview:-1\" \/>\n<link rel=\"canonical\" href=\"https:\/\/pmza.sk\/?p=11545\" \/>\n<meta property=\"og:locale\" content=\"sk_SK\" \/>\n<meta property=\"og:type\" content=\"article\" \/>\n<meta property=\"og:title\" content=\"&quot;Ako sme \u017eili&quot; vo Ve\u013ekom Rovnom - Pova\u017esk\u00e9 m\u00fazeum\" \/>\n<meta property=\"og:description\" content=\"V piatok 16. janu\u00e1ra si m\u00f4\u017eete na v\u0161etk\u00fdch okruhoch R\u00e1dia Regina vypo\u010du\u0165 zauj\u00edmav\u00e9 rozpr\u00e1vanie o drot\u00e1rstve vo Ve\u013ekom Rovnom. Po\u010d\u00favajte od 17:30 h. rel\u00e1ciu &#8222;Ako sme \u017eili&#8220;. V M\u00fazeu drot\u00e1rie s histori\u010dkou drot\u00e1rstva Mgr. Katar\u00ednou Hallonovou, etnologi\u010dkou drot\u00e1rstva Mgr. Katar\u00ednou Kendrovou a s drot\u00e1rom Miroslavom Kalmanom nahr\u00e1val Ladislav Elia\u0161.\" \/>\n<meta property=\"og:url\" content=\"https:\/\/pmza.sk\/?p=11545\" \/>\n<meta property=\"og:site_name\" content=\"Pova\u017esk\u00e9 m\u00fazeum\" \/>\n<meta property=\"article:publisher\" content=\"https:\/\/www.facebook.com\/povazskemuzeum\" \/>\n<meta property=\"article:published_time\" content=\"2015-01-11T13:53:14+00:00\" \/>\n<meta property=\"og:image\" content=\"https:\/\/pmza.sk\/wp-content\/uploads\/2015\/01\/Muzeum-drotarie-Velke-Rovne.jpg\" \/>\n<meta name=\"author\" content=\"Pova\u017esk\u00e9 m\u00fazeum\" \/>\n<meta name=\"twitter:card\" content=\"summary_large_image\" \/>\n<meta name=\"twitter:label1\" content=\"Autor\" \/>\n\t<meta name=\"twitter:data1\" content=\"Pova\u017esk\u00e9 m\u00fazeum\" \/>\n<script type=\"application\/ld+json\" class=\"yoast-schema-graph\">{\"@context\":\"https:\\\/\\\/schema.org\",\"@graph\":[{\"@type\":\"Article\",\"@id\":\"https:\\\/\\\/pmza.sk\\\/?p=11545#article\",\"isPartOf\":{\"@id\":\"https:\\\/\\\/pmza.sk\\\/?p=11545\"},\"author\":{\"name\":\"Pova\u017esk\u00e9 m\u00fazeum\",\"@id\":\"https:\\\/\\\/pmza.sk\\\/#\\\/schema\\\/person\\\/595e6a2ce731ea94dcd5d7f50a41ae33\"},\"headline\":\"&#8222;Ako sme \u017eili&#8220; vo Ve\u013ekom Rovnom\",\"datePublished\":\"2015-01-11T13:53:14+00:00\",\"mainEntityOfPage\":{\"@id\":\"https:\\\/\\\/pmza.sk\\\/?p=11545\"},\"wordCount\":84,\"publisher\":{\"@id\":\"https:\\\/\\\/pmza.sk\\\/#organization\"},\"image\":{\"@id\":\"https:\\\/\\\/pmza.sk\\\/?p=11545#primaryimage\"},\"thumbnailUrl\":\"http:\\\/\\\/pmza.sk\\\/wp-content\\\/uploads\\\/2015\\\/01\\\/Muzeum-drotarie-Velke-Rovne.jpg\",\"articleSection\":[\"Aktuality\"],\"inLanguage\":\"sk-SK\"},{\"@type\":\"WebPage\",\"@id\":\"https:\\\/\\\/pmza.sk\\\/?p=11545\",\"url\":\"https:\\\/\\\/pmza.sk\\\/?p=11545\",\"name\":\"\\\"Ako sme \u017eili\\\" vo Ve\u013ekom Rovnom - Pova\u017esk\u00e9 m\u00fazeum\",\"isPartOf\":{\"@id\":\"https:\\\/\\\/pmza.sk\\\/#website\"},\"primaryImageOfPage\":{\"@id\":\"https:\\\/\\\/pmza.sk\\\/?p=11545#primaryimage\"},\"image\":{\"@id\":\"https:\\\/\\\/pmza.sk\\\/?p=11545#primaryimage\"},\"thumbnailUrl\":\"http:\\\/\\\/pmza.sk\\\/wp-content\\\/uploads\\\/2015\\\/01\\\/Muzeum-drotarie-Velke-Rovne.jpg\",\"datePublished\":\"2015-01-11T13:53:14+00:00\",\"breadcrumb\":{\"@id\":\"https:\\\/\\\/pmza.sk\\\/?p=11545#breadcrumb\"},\"inLanguage\":\"sk-SK\",\"potentialAction\":[{\"@type\":\"ReadAction\",\"target\":[\"https:\\\/\\\/pmza.sk\\\/?p=11545\"]}]},{\"@type\":\"ImageObject\",\"inLanguage\":\"sk-SK\",\"@id\":\"https:\\\/\\\/pmza.sk\\\/?p=11545#primaryimage\",\"url\":\"https:\\\/\\\/pmza.sk\\\/wp-content\\\/uploads\\\/2015\\\/01\\\/Muzeum-drotarie-Velke-Rovne.jpg\",\"contentUrl\":\"https:\\\/\\\/pmza.sk\\\/wp-content\\\/uploads\\\/2015\\\/01\\\/Muzeum-drotarie-Velke-Rovne.jpg\",\"width\":2048,\"height\":1536},{\"@type\":\"BreadcrumbList\",\"@id\":\"https:\\\/\\\/pmza.sk\\\/?p=11545#breadcrumb\",\"itemListElement\":[{\"@type\":\"ListItem\",\"position\":1,\"name\":\"Domovsk\u00e1 str\u00e1nka\",\"item\":\"https:\\\/\\\/pmza.sk\\\/\"},{\"@type\":\"ListItem\",\"position\":2,\"name\":\"&#8222;Ako sme \u017eili&#8220; vo Ve\u013ekom Rovnom\"}]},{\"@type\":\"WebSite\",\"@id\":\"https:\\\/\\\/pmza.sk\\\/#website\",\"url\":\"https:\\\/\\\/pmza.sk\\\/\",\"name\":\"Pova\u017esk\u00e9 m\u00fazeum\",\"description\":\"Pova\u017esk\u00e9 m\u00fazeum v \u017diline je region\u00e1lne m\u00fazeum so s\u00eddlom v Budat\u00edne. Jeho expoz\u00edcie s\u00fa zameran\u00e9 na dejiny slovensk\u00e9ho umenia, kult\u00fary a dopravy.\",\"publisher\":{\"@id\":\"https:\\\/\\\/pmza.sk\\\/#organization\"},\"potentialAction\":[{\"@type\":\"SearchAction\",\"target\":{\"@type\":\"EntryPoint\",\"urlTemplate\":\"https:\\\/\\\/pmza.sk\\\/?s={search_term_string}\"},\"query-input\":{\"@type\":\"PropertyValueSpecification\",\"valueRequired\":true,\"valueName\":\"search_term_string\"}}],\"inLanguage\":\"sk-SK\"},{\"@type\":\"Organization\",\"@id\":\"https:\\\/\\\/pmza.sk\\\/#organization\",\"name\":\"Pova\u017esk\u00e9 m\u00fazeum\",\"url\":\"https:\\\/\\\/pmza.sk\\\/\",\"logo\":{\"@type\":\"ImageObject\",\"inLanguage\":\"sk-SK\",\"@id\":\"https:\\\/\\\/pmza.sk\\\/#\\\/schema\\\/logo\\\/image\\\/\",\"url\":\"https:\\\/\\\/pmza.sk\\\/wp-content\\\/uploads\\\/2022\\\/01\\\/logo_PM_horizontal.jpg\",\"contentUrl\":\"https:\\\/\\\/pmza.sk\\\/wp-content\\\/uploads\\\/2022\\\/01\\\/logo_PM_horizontal.jpg\",\"width\":231,\"height\":142,\"caption\":\"Pova\u017esk\u00e9 m\u00fazeum\"},\"image\":{\"@id\":\"https:\\\/\\\/pmza.sk\\\/#\\\/schema\\\/logo\\\/image\\\/\"},\"sameAs\":[\"https:\\\/\\\/www.facebook.com\\\/povazskemuzeum\",\"https:\\\/\\\/www.instagram.com\\\/povazskemuzeum\\\/\"]},{\"@type\":\"Person\",\"@id\":\"https:\\\/\\\/pmza.sk\\\/#\\\/schema\\\/person\\\/595e6a2ce731ea94dcd5d7f50a41ae33\",\"name\":\"Pova\u017esk\u00e9 m\u00fazeum\",\"image\":{\"@type\":\"ImageObject\",\"inLanguage\":\"sk-SK\",\"@id\":\"https:\\\/\\\/secure.gravatar.com\\\/avatar\\\/2bb7f1561282132fb5826dfeccc66c7996d11ee392ac6aaf7ced8a1c2027fbb2?s=96&d=mm&r=g\",\"url\":\"https:\\\/\\\/secure.gravatar.com\\\/avatar\\\/2bb7f1561282132fb5826dfeccc66c7996d11ee392ac6aaf7ced8a1c2027fbb2?s=96&d=mm&r=g\",\"contentUrl\":\"https:\\\/\\\/secure.gravatar.com\\\/avatar\\\/2bb7f1561282132fb5826dfeccc66c7996d11ee392ac6aaf7ced8a1c2027fbb2?s=96&d=mm&r=g\",\"caption\":\"Pova\u017esk\u00e9 m\u00fazeum\"}}]}<\/script>\n<!-- \/ Yoast SEO plugin. -->","yoast_head_json":{"title":"\"Ako sme \u017eili\" vo Ve\u013ekom Rovnom - Pova\u017esk\u00e9 m\u00fazeum","robots":{"index":"index","follow":"follow","max-snippet":"max-snippet:-1","max-image-preview":"max-image-preview:large","max-video-preview":"max-video-preview:-1"},"canonical":"https:\/\/pmza.sk\/?p=11545","og_locale":"sk_SK","og_type":"article","og_title":"\"Ako sme \u017eili\" vo Ve\u013ekom Rovnom - Pova\u017esk\u00e9 m\u00fazeum","og_description":"V piatok 16. janu\u00e1ra si m\u00f4\u017eete na v\u0161etk\u00fdch okruhoch R\u00e1dia Regina vypo\u010du\u0165 zauj\u00edmav\u00e9 rozpr\u00e1vanie o drot\u00e1rstve vo Ve\u013ekom Rovnom. Po\u010d\u00favajte od 17:30 h. rel\u00e1ciu &#8222;Ako sme \u017eili&#8220;. V M\u00fazeu drot\u00e1rie s histori\u010dkou drot\u00e1rstva Mgr. Katar\u00ednou Hallonovou, etnologi\u010dkou drot\u00e1rstva Mgr. Katar\u00ednou Kendrovou a s drot\u00e1rom Miroslavom Kalmanom nahr\u00e1val Ladislav Elia\u0161.","og_url":"https:\/\/pmza.sk\/?p=11545","og_site_name":"Pova\u017esk\u00e9 m\u00fazeum","article_publisher":"https:\/\/www.facebook.com\/povazskemuzeum","article_published_time":"2015-01-11T13:53:14+00:00","og_image":[{"url":"https:\/\/pmza.sk\/wp-content\/uploads\/2015\/01\/Muzeum-drotarie-Velke-Rovne.jpg","type":"","width":"","height":""}],"author":"Pova\u017esk\u00e9 m\u00fazeum","twitter_card":"summary_large_image","twitter_misc":{"Autor":"Pova\u017esk\u00e9 m\u00fazeum"},"schema":{"@context":"https:\/\/schema.org","@graph":[{"@type":"Article","@id":"https:\/\/pmza.sk\/?p=11545#article","isPartOf":{"@id":"https:\/\/pmza.sk\/?p=11545"},"author":{"name":"Pova\u017esk\u00e9 m\u00fazeum","@id":"https:\/\/pmza.sk\/#\/schema\/person\/595e6a2ce731ea94dcd5d7f50a41ae33"},"headline":"&#8222;Ako sme \u017eili&#8220; vo Ve\u013ekom Rovnom","datePublished":"2015-01-11T13:53:14+00:00","mainEntityOfPage":{"@id":"https:\/\/pmza.sk\/?p=11545"},"wordCount":84,"publisher":{"@id":"https:\/\/pmza.sk\/#organization"},"image":{"@id":"https:\/\/pmza.sk\/?p=11545#primaryimage"},"thumbnailUrl":"https:\/\/pmza.sk\/wp-content\/uploads\/2015\/01\/Muzeum-drotarie-Velke-Rovne.jpg","articleSection":["Aktuality"],"inLanguage":"sk-SK"},{"@type":"WebPage","@id":"https:\/\/pmza.sk\/?p=11545","url":"https:\/\/pmza.sk\/?p=11545","name":"\"Ako sme \u017eili\" vo Ve\u013ekom Rovnom - Pova\u017esk\u00e9 m\u00fazeum","isPartOf":{"@id":"https:\/\/pmza.sk\/#website"},"primaryImageOfPage":{"@id":"https:\/\/pmza.sk\/?p=11545#primaryimage"},"image":{"@id":"https:\/\/pmza.sk\/?p=11545#primaryimage"},"thumbnailUrl":"https:\/\/pmza.sk\/wp-content\/uploads\/2015\/01\/Muzeum-drotarie-Velke-Rovne.jpg","datePublished":"2015-01-11T13:53:14+00:00","breadcrumb":{"@id":"https:\/\/pmza.sk\/?p=11545#breadcrumb"},"inLanguage":"sk-SK","potentialAction":[{"@type":"ReadAction","target":["https:\/\/pmza.sk\/?p=11545"]}]},{"@type":"ImageObject","inLanguage":"sk-SK","@id":"https:\/\/pmza.sk\/?p=11545#primaryimage","url":"https:\/\/pmza.sk\/wp-content\/uploads\/2015\/01\/Muzeum-drotarie-Velke-Rovne.jpg","contentUrl":"https:\/\/pmza.sk\/wp-content\/uploads\/2015\/01\/Muzeum-drotarie-Velke-Rovne.jpg","width":2048,"height":1536},{"@type":"BreadcrumbList","@id":"https:\/\/pmza.sk\/?p=11545#breadcrumb","itemListElement":[{"@type":"ListItem","position":1,"name":"Domovsk\u00e1 str\u00e1nka","item":"https:\/\/pmza.sk\/"},{"@type":"ListItem","position":2,"name":"&#8222;Ako sme \u017eili&#8220; vo Ve\u013ekom Rovnom"}]},{"@type":"WebSite","@id":"https:\/\/pmza.sk\/#website","url":"https:\/\/pmza.sk\/","name":"Pova\u017esk\u00e9 m\u00fazeum","description":"Pova\u017esk\u00e9 m\u00fazeum v \u017diline je region\u00e1lne m\u00fazeum so s\u00eddlom v Budat\u00edne. Jeho expoz\u00edcie s\u00fa zameran\u00e9 na dejiny slovensk\u00e9ho umenia, kult\u00fary a dopravy.","publisher":{"@id":"https:\/\/pmza.sk\/#organization"},"potentialAction":[{"@type":"SearchAction","target":{"@type":"EntryPoint","urlTemplate":"https:\/\/pmza.sk\/?s={search_term_string}"},"query-input":{"@type":"PropertyValueSpecification","valueRequired":true,"valueName":"search_term_string"}}],"inLanguage":"sk-SK"},{"@type":"Organization","@id":"https:\/\/pmza.sk\/#organization","name":"Pova\u017esk\u00e9 m\u00fazeum","url":"https:\/\/pmza.sk\/","logo":{"@type":"ImageObject","inLanguage":"sk-SK","@id":"https:\/\/pmza.sk\/#\/schema\/logo\/image\/","url":"https:\/\/pmza.sk\/wp-content\/uploads\/2022\/01\/logo_PM_horizontal.jpg","contentUrl":"https:\/\/pmza.sk\/wp-content\/uploads\/2022\/01\/logo_PM_horizontal.jpg","width":231,"height":142,"caption":"Pova\u017esk\u00e9 m\u00fazeum"},"image":{"@id":"https:\/\/pmza.sk\/#\/schema\/logo\/image\/"},"sameAs":["https:\/\/www.facebook.com\/povazskemuzeum","https:\/\/www.instagram.com\/povazskemuzeum\/"]},{"@type":"Person","@id":"https:\/\/pmza.sk\/#\/schema\/person\/595e6a2ce731ea94dcd5d7f50a41ae33","name":"Pova\u017esk\u00e9 m\u00fazeum","image":{"@type":"ImageObject","inLanguage":"sk-SK","@id":"https:\/\/secure.gravatar.com\/avatar\/2bb7f1561282132fb5826dfeccc66c7996d11ee392ac6aaf7ced8a1c2027fbb2?s=96&d=mm&r=g","url":"https:\/\/secure.gravatar.com\/avatar\/2bb7f1561282132fb5826dfeccc66c7996d11ee392ac6aaf7ced8a1c2027fbb2?s=96&d=mm&r=g","contentUrl":"https:\/\/secure.gravatar.com\/avatar\/2bb7f1561282132fb5826dfeccc66c7996d11ee392ac6aaf7ced8a1c2027fbb2?s=96&d=mm&r=g","caption":"Pova\u017esk\u00e9 m\u00fazeum"}}]}},"_links":{"self":[{"href":"https:\/\/pmza.sk\/index.php?rest_route=\/wp\/v2\/posts\/11545","targetHints":{"allow":["GET"]}}],"collection":[{"href":"https:\/\/pmza.sk\/index.php?rest_route=\/wp\/v2\/posts"}],"about":[{"href":"https:\/\/pmza.sk\/index.php?rest_route=\/wp\/v2\/types\/post"}],"author":[{"embeddable":true,"href":"https:\/\/pmza.sk\/index.php?rest_route=\/wp\/v2\/users\/2"}],"replies":[{"embeddable":true,"href":"https:\/\/pmza.sk\/index.php?rest_route=%2Fwp%2Fv2%2Fcomments&post=11545"}],"version-history":[{"count":0,"href":"https:\/\/pmza.sk\/index.php?rest_route=\/wp\/v2\/posts\/11545\/revisions"}],"wp:attachment":[{"href":"https:\/\/pmza.sk\/index.php?rest_route=%2Fwp%2Fv2%2Fmedia&parent=11545"}],"wp:term":[{"taxonomy":"category","embeddable":true,"href":"https:\/\/pmza.sk\/index.php?rest_route=%2Fwp%2Fv2%2Fcategories&post=11545"},{"taxonomy":"post_tag","embeddable":true,"href":"https:\/\/pmza.sk\/index.php?rest_route=%2Fwp%2Fv2%2Ftags&post=11545"}],"curies":[{"name":"wp","href":"https:\/\/api.w.org\/{rel}","templated":true}]}}