{"id":1167,"date":"2010-08-02T07:33:59","date_gmt":"2010-08-02T05:33:59","guid":{"rendered":"https:\/\/pmza.sk.sk\/?p=1167"},"modified":"2010-08-02T07:33:59","modified_gmt":"2010-08-02T05:33:59","slug":"vikend-aj-so-zofiou-bosniakovou","status":"publish","type":"post","link":"https:\/\/pmza.sk\/?p=1167","title":{"rendered":"V\u00edkend aj so \u017dofiou Bosniakovou"},"content":{"rendered":"<p style=\"text-align: justify;\"><a href=\"https:\/\/pmza.sk\/wp-content\/uploads\/2010\/08\/hradne_hry.jpg\"><img decoding=\"async\" class=\"alignleft size-medium wp-image-1168\" style=\"margin-left: 3px; margin-right: 3px; border: 2px solid black;\" title=\"hradne_hry\" src=\"https:\/\/pmza.sk.sk\/wp-content\/uploads\/2010\/08\/hradne_hry-225x300.jpg\" alt=\"\" width=\"180\" height=\"240\" \/><\/a>Druh\u00fd augustov\u00fd v\u00edkend bude na stre\u010dnianskom hrade naozaj bohat\u00fd. Otvor\u00ed ho posledn\u00e1 letn\u00e1 no\u010dn\u00e1 prehliadka, ktor\u00e1 zav\u0155\u0161i vy\u010d\u00ed\u0148anie tajomn\u00fdch bytost\u00ed a\u00a0duchov. \u00dastrednou postavou v\u00a0t\u00fato noc bude gr\u00f3f Dracula h\u013eadaj\u00faci svoje obete, ale aj kuch\u00e1r obvinen\u00fd z\u00a0kanibalizmu. Div\u00e1ci uvidia zoskok z\u00a0hradieb a\u00a0bud\u00fa m\u00f4c\u0165 zap\u00e1li\u0165 svie\u010dku svetovej ekonomike, ktor\u00e1 je u\u017e dlh\u0161\u00ed \u010das v\u00a0k\u00f3me. Mo\u017eno sa jej duch zobud\u00ed pr\u00e1ve v\u00a0t\u00fato noc.<\/p>\n<p style=\"text-align: justify;\"><!--more--><\/p>\n<p style=\"text-align: justify;\">Po stra\u0161idelnom piatku pripravilo Pova\u017esk\u00e9 m\u00fazeum v\u00a0\u017diline nede\u013eu pln\u00fa hier, z\u00e1bavy a\u00a0spomienok na patr\u00f3nku hradu Stre\u010dno \u2013 \u017dofiu Bosniakov\u00fa. <em>\u201eHoci si osobnos\u0165 \u017dofie Bosniakovej pripom\u00edname po\u010das cel\u00e9ho roka, na podujat\u00ed Hradn\u00e9 hry \u017dofie Bosniakovej sa jej venuje \u0161peci\u00e1lna pozornos\u0165 prostredn\u00edctvom v\u00fdjavov z\u00a0jej \u017eivota, alebo pripom\u00ednan\u00edm si jej \u0161\u013eachetn\u00fdch skutkov,\u201c<\/em> povedal Boris Schubert, riadite\u013e Pova\u017esk\u00e9ho m\u00fazea v\u00a0\u017diline. N\u00e1v\u0161tevn\u00edkom sa cel\u00fd de\u0148 bude venova\u0165 spolo\u010dnos\u0165 historick\u00fdch umen\u00ed Bojn\u00edk z\u00a0Prievidze.<\/p>\n<p style=\"text-align: justify;\">Hudobn\u00e9 a\u00a0tane\u010dn\u00e9 vyst\u00fapenia, rytierske turnaje, \u0161ermiarske s\u00faboje, delostrelci, lukostrelci a\u00a0stredovek\u00e1 kuchy\u0148a s\u013eubuj\u00fa, \u017ee nede\u013ea aj so \u017dofiou bude bohat\u00e1 a\u00a0pr\u00edjemn\u00e1. Ke\u010f\u017ee podujatie Hradn\u00e9 hry \u017dofie Bosniakovej je predov\u0161etk\u00fdm o\u00a0hr\u00e1ch, pripraven\u00e9 s\u00fa zauj\u00edmav\u00e9 dobov\u00e9 hry ako dreven\u00e9 puzzle, balans na kladine, labyrint, pre\u0165ahovanie lanom, dreven\u00e9 ly\u017ee \u2013 koordin\u00e1cia pohybu, vrecov\u00fd tunel, limbo,\u00a0 hlavolamy a\u00a0r\u00f4zne h\u00e1danky.<\/p>\n<p style=\"text-align: justify;\">Organiz\u00e1torom podujat\u00ed <strong>Duchovia, elfovia, stre\u010dniansky des <\/strong>v\u00a0piatok 6. augusta 2010\u00a0 v\u00a0\u010dase od 20,00h do 23,00h a\u00a0<strong>Hradn\u00fdch hier \u017dofie Bosniakovej v<\/strong> nede\u013eu 8. augusta 2010 od 9,00h do 18,00h je \u017dilinsk\u00fd samospr\u00e1vny kraj a\u00a0Pova\u017esk\u00e9 m\u00fazeum v\u00a0\u017diline.<\/p>\n<p>Mgr. Adriana Brziakov\u00e1<\/p>\n<p>Foto: \u00a0arch\u00edv PMZA<\/p>\n<p><a title=\"Plag\u00e1t - Duchovia, elfovia a stre\u010dniansky des III\" href=\"http:\/\/www.pmza.sk\/plag\/duchoviaiii.jpg\" target=\"_blank\" rel=\"noopener\">Plag\u00e1t &#8211; Duchovia, elfovia a stre\u010dniansky des III<\/a><\/p>\n<p><a title=\"Plag\u00e1t - Hradn\u00e9 dni \u017dofie Bosniakovej\" href=\"http:\/\/www.pmza.sk\/plag\/zofia.jpg\">Plag\u00e1t &#8211; Hradn\u00e9 dni \u017dofie Bosniakovej<\/a><\/p>\n","protected":false},"excerpt":{"rendered":"<p>Druh\u00fd augustov\u00fd v\u00edkend bude na stre\u010dnianskom hrade naozaj bohat\u00fd. Otvor\u00ed ho posledn\u00e1 letn\u00e1 no\u010dn\u00e1 prehliadka, ktor\u00e1 zav\u0155\u0161i vy\u010d\u00ed\u0148anie tajomn\u00fdch bytost\u00ed a\u00a0duchov. \u00dastrednou postavou v\u00a0t\u00fato noc bude gr\u00f3f Dracula h\u013eadaj\u00faci svoje obete, ale aj kuch\u00e1r obvinen\u00fd z\u00a0kanibalizmu. Div\u00e1ci uvidia zoskok z\u00a0hradieb a\u00a0bud\u00fa m\u00f4c\u0165 zap\u00e1li\u0165 svie\u010dku svetovej ekonomike, ktor\u00e1 je u\u017e dlh\u0161\u00ed \u010das v\u00a0k\u00f3me. Mo\u017eno sa jej [&hellip;]<\/p>\n","protected":false},"author":2,"featured_media":0,"comment_status":"closed","ping_status":"closed","sticky":false,"template":"","format":"standard","meta":{"site-sidebar-layout":"default","site-content-layout":"","ast-site-content-layout":"","site-content-style":"default","site-sidebar-style":"default","ast-global-header-display":"","ast-banner-title-visibility":"","ast-main-header-display":"","ast-hfb-above-header-display":"","ast-hfb-below-header-display":"","ast-hfb-mobile-header-display":"","site-post-title":"","ast-breadcrumbs-content":"","ast-featured-img":"","footer-sml-layout":"","theme-transparent-header-meta":"","adv-header-id-meta":"","stick-header-meta":"","header-above-stick-meta":"","header-main-stick-meta":"","header-below-stick-meta":"","astra-migrate-meta-layouts":"default","ast-page-background-enabled":"default","ast-page-background-meta":{"desktop":{"background-color":"var(--ast-global-color-4)","background-image":"","background-repeat":"repeat","background-position":"center center","background-size":"auto","background-attachment":"scroll","background-type":"","background-media":"","overlay-type":"","overlay-color":"","overlay-opacity":"","overlay-gradient":""},"tablet":{"background-color":"","background-image":"","background-repeat":"repeat","background-position":"center center","background-size":"auto","background-attachment":"scroll","background-type":"","background-media":"","overlay-type":"","overlay-color":"","overlay-opacity":"","overlay-gradient":""},"mobile":{"background-color":"","background-image":"","background-repeat":"repeat","background-position":"center center","background-size":"auto","background-attachment":"scroll","background-type":"","background-media":"","overlay-type":"","overlay-color":"","overlay-opacity":"","overlay-gradient":""}},"ast-content-background-meta":{"desktop":{"background-color":"var(--ast-global-color-5)","background-image":"","background-repeat":"repeat","background-position":"center center","background-size":"auto","background-attachment":"scroll","background-type":"","background-media":"","overlay-type":"","overlay-color":"","overlay-opacity":"","overlay-gradient":""},"tablet":{"background-color":"var(--ast-global-color-5)","background-image":"","background-repeat":"repeat","background-position":"center center","background-size":"auto","background-attachment":"scroll","background-type":"","background-media":"","overlay-type":"","overlay-color":"","overlay-opacity":"","overlay-gradient":""},"mobile":{"background-color":"var(--ast-global-color-5)","background-image":"","background-repeat":"repeat","background-position":"center center","background-size":"auto","background-attachment":"scroll","background-type":"","background-media":"","overlay-type":"","overlay-color":"","overlay-opacity":"","overlay-gradient":""}},"footnotes":""},"categories":[29],"tags":[],"class_list":["post-1167","post","type-post","status-publish","format-standard","hentry","category-archiv-2010"],"yoast_head":"<!-- This site is optimized with the Yoast SEO plugin v27.4 - https:\/\/yoast.com\/product\/yoast-seo-wordpress\/ -->\n<title>V\u00edkend aj so \u017dofiou Bosniakovou - Pova\u017esk\u00e9 m\u00fazeum<\/title>\n<meta name=\"robots\" content=\"index, follow, max-snippet:-1, max-image-preview:large, max-video-preview:-1\" \/>\n<link rel=\"canonical\" href=\"https:\/\/pmza.sk\/?p=1167\" \/>\n<meta property=\"og:locale\" content=\"sk_SK\" \/>\n<meta property=\"og:type\" content=\"article\" \/>\n<meta property=\"og:title\" content=\"V\u00edkend aj so \u017dofiou Bosniakovou - Pova\u017esk\u00e9 m\u00fazeum\" \/>\n<meta property=\"og:description\" content=\"Druh\u00fd augustov\u00fd v\u00edkend bude na stre\u010dnianskom hrade naozaj bohat\u00fd. Otvor\u00ed ho posledn\u00e1 letn\u00e1 no\u010dn\u00e1 prehliadka, ktor\u00e1 zav\u0155\u0161i vy\u010d\u00ed\u0148anie tajomn\u00fdch bytost\u00ed a\u00a0duchov. \u00dastrednou postavou v\u00a0t\u00fato noc bude gr\u00f3f Dracula h\u013eadaj\u00faci svoje obete, ale aj kuch\u00e1r obvinen\u00fd z\u00a0kanibalizmu. Div\u00e1ci uvidia zoskok z\u00a0hradieb a\u00a0bud\u00fa m\u00f4c\u0165 zap\u00e1li\u0165 svie\u010dku svetovej ekonomike, ktor\u00e1 je u\u017e dlh\u0161\u00ed \u010das v\u00a0k\u00f3me. Mo\u017eno sa jej [&hellip;]\" \/>\n<meta property=\"og:url\" content=\"https:\/\/pmza.sk\/?p=1167\" \/>\n<meta property=\"og:site_name\" content=\"Pova\u017esk\u00e9 m\u00fazeum\" \/>\n<meta property=\"article:publisher\" content=\"https:\/\/www.facebook.com\/povazskemuzeum\" \/>\n<meta property=\"article:published_time\" content=\"2010-08-02T05:33:59+00:00\" \/>\n<meta property=\"og:image\" content=\"https:\/\/pmza.sk.sk\/wp-content\/uploads\/2010\/08\/hradne_hry-225x300.jpg\" \/>\n<meta name=\"author\" content=\"Pova\u017esk\u00e9 m\u00fazeum\" \/>\n<meta name=\"twitter:card\" content=\"summary_large_image\" \/>\n<meta name=\"twitter:label1\" content=\"Autor\" \/>\n\t<meta name=\"twitter:data1\" content=\"Pova\u017esk\u00e9 m\u00fazeum\" \/>\n\t<meta name=\"twitter:label2\" content=\"Predpokladan\u00fd \u010das \u010d\u00edtania\" \/>\n\t<meta name=\"twitter:data2\" content=\"2 min\u00faty\" \/>\n<script type=\"application\/ld+json\" class=\"yoast-schema-graph\">{\"@context\":\"https:\\\/\\\/schema.org\",\"@graph\":[{\"@type\":\"Article\",\"@id\":\"https:\\\/\\\/pmza.sk\\\/?p=1167#article\",\"isPartOf\":{\"@id\":\"https:\\\/\\\/pmza.sk\\\/?p=1167\"},\"author\":{\"name\":\"Pova\u017esk\u00e9 m\u00fazeum\",\"@id\":\"https:\\\/\\\/pmza.sk\\\/#\\\/schema\\\/person\\\/595e6a2ce731ea94dcd5d7f50a41ae33\"},\"headline\":\"V\u00edkend aj so \u017dofiou Bosniakovou\",\"datePublished\":\"2010-08-02T05:33:59+00:00\",\"mainEntityOfPage\":{\"@id\":\"https:\\\/\\\/pmza.sk\\\/?p=1167\"},\"wordCount\":330,\"publisher\":{\"@id\":\"https:\\\/\\\/pmza.sk\\\/#organization\"},\"image\":{\"@id\":\"https:\\\/\\\/pmza.sk\\\/?p=1167#primaryimage\"},\"thumbnailUrl\":\"http:\\\/\\\/pmza.sk.sk\\\/wp-content\\\/uploads\\\/2010\\\/08\\\/hradne_hry-225x300.jpg\",\"articleSection\":[\"Arch\u00edv 2010\"],\"inLanguage\":\"sk-SK\"},{\"@type\":\"WebPage\",\"@id\":\"https:\\\/\\\/pmza.sk\\\/?p=1167\",\"url\":\"https:\\\/\\\/pmza.sk\\\/?p=1167\",\"name\":\"V\u00edkend aj so \u017dofiou Bosniakovou - Pova\u017esk\u00e9 m\u00fazeum\",\"isPartOf\":{\"@id\":\"https:\\\/\\\/pmza.sk\\\/#website\"},\"primaryImageOfPage\":{\"@id\":\"https:\\\/\\\/pmza.sk\\\/?p=1167#primaryimage\"},\"image\":{\"@id\":\"https:\\\/\\\/pmza.sk\\\/?p=1167#primaryimage\"},\"thumbnailUrl\":\"http:\\\/\\\/pmza.sk.sk\\\/wp-content\\\/uploads\\\/2010\\\/08\\\/hradne_hry-225x300.jpg\",\"datePublished\":\"2010-08-02T05:33:59+00:00\",\"breadcrumb\":{\"@id\":\"https:\\\/\\\/pmza.sk\\\/?p=1167#breadcrumb\"},\"inLanguage\":\"sk-SK\",\"potentialAction\":[{\"@type\":\"ReadAction\",\"target\":[\"https:\\\/\\\/pmza.sk\\\/?p=1167\"]}]},{\"@type\":\"ImageObject\",\"inLanguage\":\"sk-SK\",\"@id\":\"https:\\\/\\\/pmza.sk\\\/?p=1167#primaryimage\",\"url\":\"http:\\\/\\\/pmza.sk.sk\\\/wp-content\\\/uploads\\\/2010\\\/08\\\/hradne_hry-225x300.jpg\",\"contentUrl\":\"http:\\\/\\\/pmza.sk.sk\\\/wp-content\\\/uploads\\\/2010\\\/08\\\/hradne_hry-225x300.jpg\"},{\"@type\":\"BreadcrumbList\",\"@id\":\"https:\\\/\\\/pmza.sk\\\/?p=1167#breadcrumb\",\"itemListElement\":[{\"@type\":\"ListItem\",\"position\":1,\"name\":\"Domovsk\u00e1 str\u00e1nka\",\"item\":\"https:\\\/\\\/pmza.sk\\\/\"},{\"@type\":\"ListItem\",\"position\":2,\"name\":\"V\u00edkend aj so \u017dofiou Bosniakovou\"}]},{\"@type\":\"WebSite\",\"@id\":\"https:\\\/\\\/pmza.sk\\\/#website\",\"url\":\"https:\\\/\\\/pmza.sk\\\/\",\"name\":\"Pova\u017esk\u00e9 m\u00fazeum\",\"description\":\"Pova\u017esk\u00e9 m\u00fazeum v \u017diline je region\u00e1lne m\u00fazeum so s\u00eddlom v Budat\u00edne. Jeho expoz\u00edcie s\u00fa zameran\u00e9 na dejiny slovensk\u00e9ho umenia, kult\u00fary a dopravy.\",\"publisher\":{\"@id\":\"https:\\\/\\\/pmza.sk\\\/#organization\"},\"potentialAction\":[{\"@type\":\"SearchAction\",\"target\":{\"@type\":\"EntryPoint\",\"urlTemplate\":\"https:\\\/\\\/pmza.sk\\\/?s={search_term_string}\"},\"query-input\":{\"@type\":\"PropertyValueSpecification\",\"valueRequired\":true,\"valueName\":\"search_term_string\"}}],\"inLanguage\":\"sk-SK\"},{\"@type\":\"Organization\",\"@id\":\"https:\\\/\\\/pmza.sk\\\/#organization\",\"name\":\"Pova\u017esk\u00e9 m\u00fazeum\",\"url\":\"https:\\\/\\\/pmza.sk\\\/\",\"logo\":{\"@type\":\"ImageObject\",\"inLanguage\":\"sk-SK\",\"@id\":\"https:\\\/\\\/pmza.sk\\\/#\\\/schema\\\/logo\\\/image\\\/\",\"url\":\"https:\\\/\\\/pmza.sk\\\/wp-content\\\/uploads\\\/2022\\\/01\\\/logo_PM_horizontal.jpg\",\"contentUrl\":\"https:\\\/\\\/pmza.sk\\\/wp-content\\\/uploads\\\/2022\\\/01\\\/logo_PM_horizontal.jpg\",\"width\":231,\"height\":142,\"caption\":\"Pova\u017esk\u00e9 m\u00fazeum\"},\"image\":{\"@id\":\"https:\\\/\\\/pmza.sk\\\/#\\\/schema\\\/logo\\\/image\\\/\"},\"sameAs\":[\"https:\\\/\\\/www.facebook.com\\\/povazskemuzeum\",\"https:\\\/\\\/www.instagram.com\\\/povazskemuzeum\\\/\"]},{\"@type\":\"Person\",\"@id\":\"https:\\\/\\\/pmza.sk\\\/#\\\/schema\\\/person\\\/595e6a2ce731ea94dcd5d7f50a41ae33\",\"name\":\"Pova\u017esk\u00e9 m\u00fazeum\",\"image\":{\"@type\":\"ImageObject\",\"inLanguage\":\"sk-SK\",\"@id\":\"https:\\\/\\\/secure.gravatar.com\\\/avatar\\\/2bb7f1561282132fb5826dfeccc66c7996d11ee392ac6aaf7ced8a1c2027fbb2?s=96&d=mm&r=g\",\"url\":\"https:\\\/\\\/secure.gravatar.com\\\/avatar\\\/2bb7f1561282132fb5826dfeccc66c7996d11ee392ac6aaf7ced8a1c2027fbb2?s=96&d=mm&r=g\",\"contentUrl\":\"https:\\\/\\\/secure.gravatar.com\\\/avatar\\\/2bb7f1561282132fb5826dfeccc66c7996d11ee392ac6aaf7ced8a1c2027fbb2?s=96&d=mm&r=g\",\"caption\":\"Pova\u017esk\u00e9 m\u00fazeum\"}}]}<\/script>\n<!-- \/ Yoast SEO plugin. -->","yoast_head_json":{"title":"V\u00edkend aj so \u017dofiou Bosniakovou - Pova\u017esk\u00e9 m\u00fazeum","robots":{"index":"index","follow":"follow","max-snippet":"max-snippet:-1","max-image-preview":"max-image-preview:large","max-video-preview":"max-video-preview:-1"},"canonical":"https:\/\/pmza.sk\/?p=1167","og_locale":"sk_SK","og_type":"article","og_title":"V\u00edkend aj so \u017dofiou Bosniakovou - Pova\u017esk\u00e9 m\u00fazeum","og_description":"Druh\u00fd augustov\u00fd v\u00edkend bude na stre\u010dnianskom hrade naozaj bohat\u00fd. Otvor\u00ed ho posledn\u00e1 letn\u00e1 no\u010dn\u00e1 prehliadka, ktor\u00e1 zav\u0155\u0161i vy\u010d\u00ed\u0148anie tajomn\u00fdch bytost\u00ed a\u00a0duchov. \u00dastrednou postavou v\u00a0t\u00fato noc bude gr\u00f3f Dracula h\u013eadaj\u00faci svoje obete, ale aj kuch\u00e1r obvinen\u00fd z\u00a0kanibalizmu. Div\u00e1ci uvidia zoskok z\u00a0hradieb a\u00a0bud\u00fa m\u00f4c\u0165 zap\u00e1li\u0165 svie\u010dku svetovej ekonomike, ktor\u00e1 je u\u017e dlh\u0161\u00ed \u010das v\u00a0k\u00f3me. Mo\u017eno sa jej [&hellip;]","og_url":"https:\/\/pmza.sk\/?p=1167","og_site_name":"Pova\u017esk\u00e9 m\u00fazeum","article_publisher":"https:\/\/www.facebook.com\/povazskemuzeum","article_published_time":"2010-08-02T05:33:59+00:00","og_image":[{"url":"https:\/\/pmza.sk.sk\/wp-content\/uploads\/2010\/08\/hradne_hry-225x300.jpg","type":"","width":"","height":""}],"author":"Pova\u017esk\u00e9 m\u00fazeum","twitter_card":"summary_large_image","twitter_misc":{"Autor":"Pova\u017esk\u00e9 m\u00fazeum","Predpokladan\u00fd \u010das \u010d\u00edtania":"2 min\u00faty"},"schema":{"@context":"https:\/\/schema.org","@graph":[{"@type":"Article","@id":"https:\/\/pmza.sk\/?p=1167#article","isPartOf":{"@id":"https:\/\/pmza.sk\/?p=1167"},"author":{"name":"Pova\u017esk\u00e9 m\u00fazeum","@id":"https:\/\/pmza.sk\/#\/schema\/person\/595e6a2ce731ea94dcd5d7f50a41ae33"},"headline":"V\u00edkend aj so \u017dofiou Bosniakovou","datePublished":"2010-08-02T05:33:59+00:00","mainEntityOfPage":{"@id":"https:\/\/pmza.sk\/?p=1167"},"wordCount":330,"publisher":{"@id":"https:\/\/pmza.sk\/#organization"},"image":{"@id":"https:\/\/pmza.sk\/?p=1167#primaryimage"},"thumbnailUrl":"https:\/\/pmza.sk.sk\/wp-content\/uploads\/2010\/08\/hradne_hry-225x300.jpg","articleSection":["Arch\u00edv 2010"],"inLanguage":"sk-SK"},{"@type":"WebPage","@id":"https:\/\/pmza.sk\/?p=1167","url":"https:\/\/pmza.sk\/?p=1167","name":"V\u00edkend aj so \u017dofiou Bosniakovou - Pova\u017esk\u00e9 m\u00fazeum","isPartOf":{"@id":"https:\/\/pmza.sk\/#website"},"primaryImageOfPage":{"@id":"https:\/\/pmza.sk\/?p=1167#primaryimage"},"image":{"@id":"https:\/\/pmza.sk\/?p=1167#primaryimage"},"thumbnailUrl":"https:\/\/pmza.sk.sk\/wp-content\/uploads\/2010\/08\/hradne_hry-225x300.jpg","datePublished":"2010-08-02T05:33:59+00:00","breadcrumb":{"@id":"https:\/\/pmza.sk\/?p=1167#breadcrumb"},"inLanguage":"sk-SK","potentialAction":[{"@type":"ReadAction","target":["https:\/\/pmza.sk\/?p=1167"]}]},{"@type":"ImageObject","inLanguage":"sk-SK","@id":"https:\/\/pmza.sk\/?p=1167#primaryimage","url":"https:\/\/pmza.sk.sk\/wp-content\/uploads\/2010\/08\/hradne_hry-225x300.jpg","contentUrl":"https:\/\/pmza.sk.sk\/wp-content\/uploads\/2010\/08\/hradne_hry-225x300.jpg"},{"@type":"BreadcrumbList","@id":"https:\/\/pmza.sk\/?p=1167#breadcrumb","itemListElement":[{"@type":"ListItem","position":1,"name":"Domovsk\u00e1 str\u00e1nka","item":"https:\/\/pmza.sk\/"},{"@type":"ListItem","position":2,"name":"V\u00edkend aj so \u017dofiou Bosniakovou"}]},{"@type":"WebSite","@id":"https:\/\/pmza.sk\/#website","url":"https:\/\/pmza.sk\/","name":"Pova\u017esk\u00e9 m\u00fazeum","description":"Pova\u017esk\u00e9 m\u00fazeum v \u017diline je region\u00e1lne m\u00fazeum so s\u00eddlom v Budat\u00edne. Jeho expoz\u00edcie s\u00fa zameran\u00e9 na dejiny slovensk\u00e9ho umenia, kult\u00fary a dopravy.","publisher":{"@id":"https:\/\/pmza.sk\/#organization"},"potentialAction":[{"@type":"SearchAction","target":{"@type":"EntryPoint","urlTemplate":"https:\/\/pmza.sk\/?s={search_term_string}"},"query-input":{"@type":"PropertyValueSpecification","valueRequired":true,"valueName":"search_term_string"}}],"inLanguage":"sk-SK"},{"@type":"Organization","@id":"https:\/\/pmza.sk\/#organization","name":"Pova\u017esk\u00e9 m\u00fazeum","url":"https:\/\/pmza.sk\/","logo":{"@type":"ImageObject","inLanguage":"sk-SK","@id":"https:\/\/pmza.sk\/#\/schema\/logo\/image\/","url":"https:\/\/pmza.sk\/wp-content\/uploads\/2022\/01\/logo_PM_horizontal.jpg","contentUrl":"https:\/\/pmza.sk\/wp-content\/uploads\/2022\/01\/logo_PM_horizontal.jpg","width":231,"height":142,"caption":"Pova\u017esk\u00e9 m\u00fazeum"},"image":{"@id":"https:\/\/pmza.sk\/#\/schema\/logo\/image\/"},"sameAs":["https:\/\/www.facebook.com\/povazskemuzeum","https:\/\/www.instagram.com\/povazskemuzeum\/"]},{"@type":"Person","@id":"https:\/\/pmza.sk\/#\/schema\/person\/595e6a2ce731ea94dcd5d7f50a41ae33","name":"Pova\u017esk\u00e9 m\u00fazeum","image":{"@type":"ImageObject","inLanguage":"sk-SK","@id":"https:\/\/secure.gravatar.com\/avatar\/2bb7f1561282132fb5826dfeccc66c7996d11ee392ac6aaf7ced8a1c2027fbb2?s=96&d=mm&r=g","url":"https:\/\/secure.gravatar.com\/avatar\/2bb7f1561282132fb5826dfeccc66c7996d11ee392ac6aaf7ced8a1c2027fbb2?s=96&d=mm&r=g","contentUrl":"https:\/\/secure.gravatar.com\/avatar\/2bb7f1561282132fb5826dfeccc66c7996d11ee392ac6aaf7ced8a1c2027fbb2?s=96&d=mm&r=g","caption":"Pova\u017esk\u00e9 m\u00fazeum"}}]}},"_links":{"self":[{"href":"https:\/\/pmza.sk\/index.php?rest_route=\/wp\/v2\/posts\/1167","targetHints":{"allow":["GET"]}}],"collection":[{"href":"https:\/\/pmza.sk\/index.php?rest_route=\/wp\/v2\/posts"}],"about":[{"href":"https:\/\/pmza.sk\/index.php?rest_route=\/wp\/v2\/types\/post"}],"author":[{"embeddable":true,"href":"https:\/\/pmza.sk\/index.php?rest_route=\/wp\/v2\/users\/2"}],"replies":[{"embeddable":true,"href":"https:\/\/pmza.sk\/index.php?rest_route=%2Fwp%2Fv2%2Fcomments&post=1167"}],"version-history":[{"count":0,"href":"https:\/\/pmza.sk\/index.php?rest_route=\/wp\/v2\/posts\/1167\/revisions"}],"wp:attachment":[{"href":"https:\/\/pmza.sk\/index.php?rest_route=%2Fwp%2Fv2%2Fmedia&parent=1167"}],"wp:term":[{"taxonomy":"category","embeddable":true,"href":"https:\/\/pmza.sk\/index.php?rest_route=%2Fwp%2Fv2%2Fcategories&post=1167"},{"taxonomy":"post_tag","embeddable":true,"href":"https:\/\/pmza.sk\/index.php?rest_route=%2Fwp%2Fv2%2Ftags&post=1167"}],"curies":[{"name":"wp","href":"https:\/\/api.w.org\/{rel}","templated":true}]}}