{"id":1172,"date":"2010-08-03T13:11:27","date_gmt":"2010-08-03T11:11:27","guid":{"rendered":"https:\/\/pmza.sk.sk\/?p=1172"},"modified":"2010-08-03T13:11:27","modified_gmt":"2010-08-03T11:11:27","slug":"umelecka-sobota-alebo-malujeme-na-hrade-strecno","status":"publish","type":"post","link":"https:\/\/pmza.sk\/?p=1172","title":{"rendered":"Umeleck\u00e1 sobota alebo \u201ema\u013eujeme na hrade Stre\u010dno\u201c"},"content":{"rendered":"<p style=\"text-align: justify;\"><a href=\"https:\/\/pmza.sk\/wp-content\/uploads\/2010\/08\/malovanie.jpg\"><img fetchpriority=\"high\" decoding=\"async\" class=\"alignleft size-medium wp-image-1174\" style=\"margin: 4px; border: black 2px solid;\" title=\"malovanie\" src=\"https:\/\/pmza.sk.sk\/wp-content\/uploads\/2010\/08\/malovanie-200x300.jpg\" alt=\"\" width=\"200\" height=\"300\" \/><\/a>Leto na hrade Stre\u010dno je\u00a0 oproti minul\u00fdm sez\u00f3nam bohat\u0161ie na atrakt\u00edvne podujatia,\u00a0 zameran\u00e9 najm\u00e4 na z\u00e1bavu, vzdel\u00e1vanie, hry, \u0161port, ale aj zdrav\u00fa d\u00e1vku strachu. Medzi novinky patria gastronomick\u00e9 dni, ktor\u00e9 dop\u013a\u0148aj\u00fa zauj\u00edmav\u00fd program na hrade alebo v\u00a0podhrad\u00ed. \u00a0Sobota <strong>14. augusta 2010<\/strong> <strong>od 11,00 h<\/strong> sa bude nies\u0165 v\u00a0umeleckom \u0161t\u00fdle. Happening pod n\u00e1zvom <strong>Umelci na hrade Stre\u010dno <\/strong>pon\u00fakne n\u00e1v\u0161tevn\u00edkom<strong> <\/strong>mo\u017enos\u0165 zapoji\u0165 sa do procesu v\u00fdtvarn\u00e9ho stv\u00e1rnenia hradu a\u00a0okolitej krajiny. <!--more-->Hlavn\u00fdmi akt\u00e9rmi bude okolo \u0161es\u0165desiat \u0161tudentov S\u00fakromnej strednej umeleckej \u0161koly zo \u017diliny. Pod veden\u00edm sk\u00fasen\u00fdch pedag\u00f3gov \u0161koly a\u00a0profesion\u00e1lnych v\u00fdtvarn\u00edkov sa z\u00e1ujemcovia bud\u00fa m\u00f4c\u0165 zdokonali\u0165 v\u00a0r\u00f4znych v\u00fdtvarn\u00fdch technik\u00e1ch. Vytvoren\u00e9 pr\u00e1ce ostan\u00fa vystaven\u00e9 na hrade.<br \/>\n\u201e<em>So S\u00fakromnou strednou umeleckou \u0161kolou zo \u017diliny sme za\u010dali intenz\u00edvne spolupracova\u0165 u\u017e na za\u010diatku roka 2010. \u00davodn\u00fdm spolo\u010dn\u00fdm projektom bolo otvorenie v\u00fdstavy Dal\u00ed, Mir\u00f3, Picasso v\u00a0are\u00e1li Budat\u00ednskeho hradu. Napriek tomu, \u017ee \u0161kola vznikla pred rokom, jej \u017eiaci u\u017e dosiahli ve\u013ea v\u00fdznamn\u00fdch \u00faspechov. Realiz\u00e1cia plen\u00e9ru v\u00a0n\u00e1ro\u010dnom prostred\u00ed hrad<\/em>u <em>so zapojen\u00edm n\u00e1v\u0161tevn\u00edkov do tejto otvorenej maliarskej \u0161koly m\u00f4\u017ee by\u0165 zauj\u00edmav\u00fdm v\u00fdstupom pre obe strany,\u201c<\/em> upozornil Boris Schubert, riadite\u013e Pova\u017esk\u00e9ho m\u00fazea v\u00a0\u017diline.<br \/>\n\u010eal\u0161\u00edm bonusom pre akt\u00edvnych n\u00e1v\u0161tevn\u00edkov &#8211; maliarov bude vr\u00e1tenie vstupn\u00e9ho. Pod hradom bud\u00fa prebieha\u0165 cel\u00fd de\u0148 sprievodn\u00e9 akcie ako lukostre\u013eba, ma\u013eovanie na tv\u00e1r alebo\u00a0pod\u00e1vanie gastronomick\u00fdch \u0161pecial\u00edt, tentokr\u00e1t z\u00a0kuchyne star\u00fdch m\u00e1m. Od 18,00 h do neskor\u00fdch no\u010dn\u00fdch hod\u00edn atmosf\u00e9ru umeleckej soboty zav\u0155\u0161i folkl\u00f3rne vyst\u00fapenie terchovskej muziky Pupov.<\/p>\n<p style=\"text-align: justify;\">Hlavn\u00fdm organiz\u00e1torom podujatia <strong>Umelci na hrade Stre\u010dno<\/strong> v\u00a0sobotu 14. augusta 2010 na hrade Stre\u010dno je S\u00fakromn\u00e1 stredn\u00e1 umeleck\u00e1 \u0161kola v \u017diline a\u00a0Pova\u017esk\u00e9 m\u00fazeum v\u00a0\u017diline v\u00a0zria\u010fovate\u013eskej p\u00f4sobnosti \u017dilinsk\u00e9ho samospr\u00e1vneho kraja.<\/p>\n","protected":false},"excerpt":{"rendered":"<p>Leto na hrade Stre\u010dno je\u00a0 oproti minul\u00fdm sez\u00f3nam bohat\u0161ie na atrakt\u00edvne podujatia,\u00a0 zameran\u00e9 najm\u00e4 na z\u00e1bavu, vzdel\u00e1vanie, hry, \u0161port, ale aj zdrav\u00fa d\u00e1vku strachu. Medzi novinky patria gastronomick\u00e9 dni, ktor\u00e9 dop\u013a\u0148aj\u00fa zauj\u00edmav\u00fd program na hrade alebo v\u00a0podhrad\u00ed. \u00a0Sobota 14. augusta 2010 od 11,00 h sa bude nies\u0165 v\u00a0umeleckom \u0161t\u00fdle. Happening pod n\u00e1zvom Umelci na hrade [&hellip;]<\/p>\n","protected":false},"author":2,"featured_media":0,"comment_status":"closed","ping_status":"closed","sticky":false,"template":"","format":"standard","meta":{"site-sidebar-layout":"default","site-content-layout":"","ast-site-content-layout":"","site-content-style":"default","site-sidebar-style":"default","ast-global-header-display":"","ast-banner-title-visibility":"","ast-main-header-display":"","ast-hfb-above-header-display":"","ast-hfb-below-header-display":"","ast-hfb-mobile-header-display":"","site-post-title":"","ast-breadcrumbs-content":"","ast-featured-img":"","footer-sml-layout":"","theme-transparent-header-meta":"","adv-header-id-meta":"","stick-header-meta":"","header-above-stick-meta":"","header-main-stick-meta":"","header-below-stick-meta":"","astra-migrate-meta-layouts":"default","ast-page-background-enabled":"default","ast-page-background-meta":{"desktop":{"background-color":"var(--ast-global-color-4)","background-image":"","background-repeat":"repeat","background-position":"center center","background-size":"auto","background-attachment":"scroll","background-type":"","background-media":"","overlay-type":"","overlay-color":"","overlay-opacity":"","overlay-gradient":""},"tablet":{"background-color":"","background-image":"","background-repeat":"repeat","background-position":"center center","background-size":"auto","background-attachment":"scroll","background-type":"","background-media":"","overlay-type":"","overlay-color":"","overlay-opacity":"","overlay-gradient":""},"mobile":{"background-color":"","background-image":"","background-repeat":"repeat","background-position":"center center","background-size":"auto","background-attachment":"scroll","background-type":"","background-media":"","overlay-type":"","overlay-color":"","overlay-opacity":"","overlay-gradient":""}},"ast-content-background-meta":{"desktop":{"background-color":"var(--ast-global-color-5)","background-image":"","background-repeat":"repeat","background-position":"center center","background-size":"auto","background-attachment":"scroll","background-type":"","background-media":"","overlay-type":"","overlay-color":"","overlay-opacity":"","overlay-gradient":""},"tablet":{"background-color":"var(--ast-global-color-5)","background-image":"","background-repeat":"repeat","background-position":"center center","background-size":"auto","background-attachment":"scroll","background-type":"","background-media":"","overlay-type":"","overlay-color":"","overlay-opacity":"","overlay-gradient":""},"mobile":{"background-color":"var(--ast-global-color-5)","background-image":"","background-repeat":"repeat","background-position":"center center","background-size":"auto","background-attachment":"scroll","background-type":"","background-media":"","overlay-type":"","overlay-color":"","overlay-opacity":"","overlay-gradient":""}},"footnotes":""},"categories":[29],"tags":[],"class_list":["post-1172","post","type-post","status-publish","format-standard","hentry","category-archiv-2010"],"yoast_head":"<!-- This site is optimized with the Yoast SEO plugin v27.4 - https:\/\/yoast.com\/product\/yoast-seo-wordpress\/ -->\n<title>Umeleck\u00e1 sobota alebo \u201ema\u013eujeme na hrade Stre\u010dno\u201c - Pova\u017esk\u00e9 m\u00fazeum<\/title>\n<meta name=\"robots\" content=\"index, follow, max-snippet:-1, max-image-preview:large, max-video-preview:-1\" \/>\n<link rel=\"canonical\" href=\"https:\/\/pmza.sk\/?p=1172\" \/>\n<meta property=\"og:locale\" content=\"sk_SK\" \/>\n<meta property=\"og:type\" content=\"article\" \/>\n<meta property=\"og:title\" content=\"Umeleck\u00e1 sobota alebo \u201ema\u013eujeme na hrade Stre\u010dno\u201c - Pova\u017esk\u00e9 m\u00fazeum\" \/>\n<meta property=\"og:description\" content=\"Leto na hrade Stre\u010dno je\u00a0 oproti minul\u00fdm sez\u00f3nam bohat\u0161ie na atrakt\u00edvne podujatia,\u00a0 zameran\u00e9 najm\u00e4 na z\u00e1bavu, vzdel\u00e1vanie, hry, \u0161port, ale aj zdrav\u00fa d\u00e1vku strachu. Medzi novinky patria gastronomick\u00e9 dni, ktor\u00e9 dop\u013a\u0148aj\u00fa zauj\u00edmav\u00fd program na hrade alebo v\u00a0podhrad\u00ed. \u00a0Sobota 14. augusta 2010 od 11,00 h sa bude nies\u0165 v\u00a0umeleckom \u0161t\u00fdle. Happening pod n\u00e1zvom Umelci na hrade [&hellip;]\" \/>\n<meta property=\"og:url\" content=\"https:\/\/pmza.sk\/?p=1172\" \/>\n<meta property=\"og:site_name\" content=\"Pova\u017esk\u00e9 m\u00fazeum\" \/>\n<meta property=\"article:publisher\" content=\"https:\/\/www.facebook.com\/povazskemuzeum\" \/>\n<meta property=\"article:published_time\" content=\"2010-08-03T11:11:27+00:00\" \/>\n<meta property=\"og:image\" content=\"https:\/\/pmza.sk.sk\/wp-content\/uploads\/2010\/08\/malovanie-200x300.jpg\" \/>\n<meta name=\"author\" content=\"Pova\u017esk\u00e9 m\u00fazeum\" \/>\n<meta name=\"twitter:card\" content=\"summary_large_image\" \/>\n<meta name=\"twitter:label1\" content=\"Autor\" \/>\n\t<meta name=\"twitter:data1\" content=\"Pova\u017esk\u00e9 m\u00fazeum\" \/>\n\t<meta name=\"twitter:label2\" content=\"Predpokladan\u00fd \u010das \u010d\u00edtania\" \/>\n\t<meta name=\"twitter:data2\" content=\"2 min\u00faty\" \/>\n<script type=\"application\/ld+json\" class=\"yoast-schema-graph\">{\"@context\":\"https:\\\/\\\/schema.org\",\"@graph\":[{\"@type\":\"Article\",\"@id\":\"https:\\\/\\\/pmza.sk\\\/?p=1172#article\",\"isPartOf\":{\"@id\":\"https:\\\/\\\/pmza.sk\\\/?p=1172\"},\"author\":{\"name\":\"Pova\u017esk\u00e9 m\u00fazeum\",\"@id\":\"https:\\\/\\\/pmza.sk\\\/#\\\/schema\\\/person\\\/595e6a2ce731ea94dcd5d7f50a41ae33\"},\"headline\":\"Umeleck\u00e1 sobota alebo \u201ema\u013eujeme na hrade Stre\u010dno\u201c\",\"datePublished\":\"2010-08-03T11:11:27+00:00\",\"mainEntityOfPage\":{\"@id\":\"https:\\\/\\\/pmza.sk\\\/?p=1172\"},\"wordCount\":364,\"publisher\":{\"@id\":\"https:\\\/\\\/pmza.sk\\\/#organization\"},\"image\":{\"@id\":\"https:\\\/\\\/pmza.sk\\\/?p=1172#primaryimage\"},\"thumbnailUrl\":\"http:\\\/\\\/pmza.sk.sk\\\/wp-content\\\/uploads\\\/2010\\\/08\\\/malovanie-200x300.jpg\",\"articleSection\":[\"Arch\u00edv 2010\"],\"inLanguage\":\"sk-SK\"},{\"@type\":\"WebPage\",\"@id\":\"https:\\\/\\\/pmza.sk\\\/?p=1172\",\"url\":\"https:\\\/\\\/pmza.sk\\\/?p=1172\",\"name\":\"Umeleck\u00e1 sobota alebo \u201ema\u013eujeme na hrade Stre\u010dno\u201c - Pova\u017esk\u00e9 m\u00fazeum\",\"isPartOf\":{\"@id\":\"https:\\\/\\\/pmza.sk\\\/#website\"},\"primaryImageOfPage\":{\"@id\":\"https:\\\/\\\/pmza.sk\\\/?p=1172#primaryimage\"},\"image\":{\"@id\":\"https:\\\/\\\/pmza.sk\\\/?p=1172#primaryimage\"},\"thumbnailUrl\":\"http:\\\/\\\/pmza.sk.sk\\\/wp-content\\\/uploads\\\/2010\\\/08\\\/malovanie-200x300.jpg\",\"datePublished\":\"2010-08-03T11:11:27+00:00\",\"breadcrumb\":{\"@id\":\"https:\\\/\\\/pmza.sk\\\/?p=1172#breadcrumb\"},\"inLanguage\":\"sk-SK\",\"potentialAction\":[{\"@type\":\"ReadAction\",\"target\":[\"https:\\\/\\\/pmza.sk\\\/?p=1172\"]}]},{\"@type\":\"ImageObject\",\"inLanguage\":\"sk-SK\",\"@id\":\"https:\\\/\\\/pmza.sk\\\/?p=1172#primaryimage\",\"url\":\"http:\\\/\\\/pmza.sk.sk\\\/wp-content\\\/uploads\\\/2010\\\/08\\\/malovanie-200x300.jpg\",\"contentUrl\":\"http:\\\/\\\/pmza.sk.sk\\\/wp-content\\\/uploads\\\/2010\\\/08\\\/malovanie-200x300.jpg\"},{\"@type\":\"BreadcrumbList\",\"@id\":\"https:\\\/\\\/pmza.sk\\\/?p=1172#breadcrumb\",\"itemListElement\":[{\"@type\":\"ListItem\",\"position\":1,\"name\":\"Domovsk\u00e1 str\u00e1nka\",\"item\":\"https:\\\/\\\/pmza.sk\\\/\"},{\"@type\":\"ListItem\",\"position\":2,\"name\":\"Umeleck\u00e1 sobota alebo \u201ema\u013eujeme na hrade Stre\u010dno\u201c\"}]},{\"@type\":\"WebSite\",\"@id\":\"https:\\\/\\\/pmza.sk\\\/#website\",\"url\":\"https:\\\/\\\/pmza.sk\\\/\",\"name\":\"Pova\u017esk\u00e9 m\u00fazeum\",\"description\":\"Pova\u017esk\u00e9 m\u00fazeum v \u017diline je region\u00e1lne m\u00fazeum so s\u00eddlom v Budat\u00edne. Jeho expoz\u00edcie s\u00fa zameran\u00e9 na dejiny slovensk\u00e9ho umenia, kult\u00fary a dopravy.\",\"publisher\":{\"@id\":\"https:\\\/\\\/pmza.sk\\\/#organization\"},\"potentialAction\":[{\"@type\":\"SearchAction\",\"target\":{\"@type\":\"EntryPoint\",\"urlTemplate\":\"https:\\\/\\\/pmza.sk\\\/?s={search_term_string}\"},\"query-input\":{\"@type\":\"PropertyValueSpecification\",\"valueRequired\":true,\"valueName\":\"search_term_string\"}}],\"inLanguage\":\"sk-SK\"},{\"@type\":\"Organization\",\"@id\":\"https:\\\/\\\/pmza.sk\\\/#organization\",\"name\":\"Pova\u017esk\u00e9 m\u00fazeum\",\"url\":\"https:\\\/\\\/pmza.sk\\\/\",\"logo\":{\"@type\":\"ImageObject\",\"inLanguage\":\"sk-SK\",\"@id\":\"https:\\\/\\\/pmza.sk\\\/#\\\/schema\\\/logo\\\/image\\\/\",\"url\":\"https:\\\/\\\/pmza.sk\\\/wp-content\\\/uploads\\\/2022\\\/01\\\/logo_PM_horizontal.jpg\",\"contentUrl\":\"https:\\\/\\\/pmza.sk\\\/wp-content\\\/uploads\\\/2022\\\/01\\\/logo_PM_horizontal.jpg\",\"width\":231,\"height\":142,\"caption\":\"Pova\u017esk\u00e9 m\u00fazeum\"},\"image\":{\"@id\":\"https:\\\/\\\/pmza.sk\\\/#\\\/schema\\\/logo\\\/image\\\/\"},\"sameAs\":[\"https:\\\/\\\/www.facebook.com\\\/povazskemuzeum\",\"https:\\\/\\\/www.instagram.com\\\/povazskemuzeum\\\/\"]},{\"@type\":\"Person\",\"@id\":\"https:\\\/\\\/pmza.sk\\\/#\\\/schema\\\/person\\\/595e6a2ce731ea94dcd5d7f50a41ae33\",\"name\":\"Pova\u017esk\u00e9 m\u00fazeum\",\"image\":{\"@type\":\"ImageObject\",\"inLanguage\":\"sk-SK\",\"@id\":\"https:\\\/\\\/secure.gravatar.com\\\/avatar\\\/2bb7f1561282132fb5826dfeccc66c7996d11ee392ac6aaf7ced8a1c2027fbb2?s=96&d=mm&r=g\",\"url\":\"https:\\\/\\\/secure.gravatar.com\\\/avatar\\\/2bb7f1561282132fb5826dfeccc66c7996d11ee392ac6aaf7ced8a1c2027fbb2?s=96&d=mm&r=g\",\"contentUrl\":\"https:\\\/\\\/secure.gravatar.com\\\/avatar\\\/2bb7f1561282132fb5826dfeccc66c7996d11ee392ac6aaf7ced8a1c2027fbb2?s=96&d=mm&r=g\",\"caption\":\"Pova\u017esk\u00e9 m\u00fazeum\"}}]}<\/script>\n<!-- \/ Yoast SEO plugin. -->","yoast_head_json":{"title":"Umeleck\u00e1 sobota alebo \u201ema\u013eujeme na hrade Stre\u010dno\u201c - Pova\u017esk\u00e9 m\u00fazeum","robots":{"index":"index","follow":"follow","max-snippet":"max-snippet:-1","max-image-preview":"max-image-preview:large","max-video-preview":"max-video-preview:-1"},"canonical":"https:\/\/pmza.sk\/?p=1172","og_locale":"sk_SK","og_type":"article","og_title":"Umeleck\u00e1 sobota alebo \u201ema\u013eujeme na hrade Stre\u010dno\u201c - Pova\u017esk\u00e9 m\u00fazeum","og_description":"Leto na hrade Stre\u010dno je\u00a0 oproti minul\u00fdm sez\u00f3nam bohat\u0161ie na atrakt\u00edvne podujatia,\u00a0 zameran\u00e9 najm\u00e4 na z\u00e1bavu, vzdel\u00e1vanie, hry, \u0161port, ale aj zdrav\u00fa d\u00e1vku strachu. Medzi novinky patria gastronomick\u00e9 dni, ktor\u00e9 dop\u013a\u0148aj\u00fa zauj\u00edmav\u00fd program na hrade alebo v\u00a0podhrad\u00ed. \u00a0Sobota 14. augusta 2010 od 11,00 h sa bude nies\u0165 v\u00a0umeleckom \u0161t\u00fdle. Happening pod n\u00e1zvom Umelci na hrade [&hellip;]","og_url":"https:\/\/pmza.sk\/?p=1172","og_site_name":"Pova\u017esk\u00e9 m\u00fazeum","article_publisher":"https:\/\/www.facebook.com\/povazskemuzeum","article_published_time":"2010-08-03T11:11:27+00:00","og_image":[{"url":"https:\/\/pmza.sk.sk\/wp-content\/uploads\/2010\/08\/malovanie-200x300.jpg","type":"","width":"","height":""}],"author":"Pova\u017esk\u00e9 m\u00fazeum","twitter_card":"summary_large_image","twitter_misc":{"Autor":"Pova\u017esk\u00e9 m\u00fazeum","Predpokladan\u00fd \u010das \u010d\u00edtania":"2 min\u00faty"},"schema":{"@context":"https:\/\/schema.org","@graph":[{"@type":"Article","@id":"https:\/\/pmza.sk\/?p=1172#article","isPartOf":{"@id":"https:\/\/pmza.sk\/?p=1172"},"author":{"name":"Pova\u017esk\u00e9 m\u00fazeum","@id":"https:\/\/pmza.sk\/#\/schema\/person\/595e6a2ce731ea94dcd5d7f50a41ae33"},"headline":"Umeleck\u00e1 sobota alebo \u201ema\u013eujeme na hrade Stre\u010dno\u201c","datePublished":"2010-08-03T11:11:27+00:00","mainEntityOfPage":{"@id":"https:\/\/pmza.sk\/?p=1172"},"wordCount":364,"publisher":{"@id":"https:\/\/pmza.sk\/#organization"},"image":{"@id":"https:\/\/pmza.sk\/?p=1172#primaryimage"},"thumbnailUrl":"https:\/\/pmza.sk.sk\/wp-content\/uploads\/2010\/08\/malovanie-200x300.jpg","articleSection":["Arch\u00edv 2010"],"inLanguage":"sk-SK"},{"@type":"WebPage","@id":"https:\/\/pmza.sk\/?p=1172","url":"https:\/\/pmza.sk\/?p=1172","name":"Umeleck\u00e1 sobota alebo \u201ema\u013eujeme na hrade Stre\u010dno\u201c - Pova\u017esk\u00e9 m\u00fazeum","isPartOf":{"@id":"https:\/\/pmza.sk\/#website"},"primaryImageOfPage":{"@id":"https:\/\/pmza.sk\/?p=1172#primaryimage"},"image":{"@id":"https:\/\/pmza.sk\/?p=1172#primaryimage"},"thumbnailUrl":"https:\/\/pmza.sk.sk\/wp-content\/uploads\/2010\/08\/malovanie-200x300.jpg","datePublished":"2010-08-03T11:11:27+00:00","breadcrumb":{"@id":"https:\/\/pmza.sk\/?p=1172#breadcrumb"},"inLanguage":"sk-SK","potentialAction":[{"@type":"ReadAction","target":["https:\/\/pmza.sk\/?p=1172"]}]},{"@type":"ImageObject","inLanguage":"sk-SK","@id":"https:\/\/pmza.sk\/?p=1172#primaryimage","url":"https:\/\/pmza.sk.sk\/wp-content\/uploads\/2010\/08\/malovanie-200x300.jpg","contentUrl":"https:\/\/pmza.sk.sk\/wp-content\/uploads\/2010\/08\/malovanie-200x300.jpg"},{"@type":"BreadcrumbList","@id":"https:\/\/pmza.sk\/?p=1172#breadcrumb","itemListElement":[{"@type":"ListItem","position":1,"name":"Domovsk\u00e1 str\u00e1nka","item":"https:\/\/pmza.sk\/"},{"@type":"ListItem","position":2,"name":"Umeleck\u00e1 sobota alebo \u201ema\u013eujeme na hrade Stre\u010dno\u201c"}]},{"@type":"WebSite","@id":"https:\/\/pmza.sk\/#website","url":"https:\/\/pmza.sk\/","name":"Pova\u017esk\u00e9 m\u00fazeum","description":"Pova\u017esk\u00e9 m\u00fazeum v \u017diline je region\u00e1lne m\u00fazeum so s\u00eddlom v Budat\u00edne. Jeho expoz\u00edcie s\u00fa zameran\u00e9 na dejiny slovensk\u00e9ho umenia, kult\u00fary a dopravy.","publisher":{"@id":"https:\/\/pmza.sk\/#organization"},"potentialAction":[{"@type":"SearchAction","target":{"@type":"EntryPoint","urlTemplate":"https:\/\/pmza.sk\/?s={search_term_string}"},"query-input":{"@type":"PropertyValueSpecification","valueRequired":true,"valueName":"search_term_string"}}],"inLanguage":"sk-SK"},{"@type":"Organization","@id":"https:\/\/pmza.sk\/#organization","name":"Pova\u017esk\u00e9 m\u00fazeum","url":"https:\/\/pmza.sk\/","logo":{"@type":"ImageObject","inLanguage":"sk-SK","@id":"https:\/\/pmza.sk\/#\/schema\/logo\/image\/","url":"https:\/\/pmza.sk\/wp-content\/uploads\/2022\/01\/logo_PM_horizontal.jpg","contentUrl":"https:\/\/pmza.sk\/wp-content\/uploads\/2022\/01\/logo_PM_horizontal.jpg","width":231,"height":142,"caption":"Pova\u017esk\u00e9 m\u00fazeum"},"image":{"@id":"https:\/\/pmza.sk\/#\/schema\/logo\/image\/"},"sameAs":["https:\/\/www.facebook.com\/povazskemuzeum","https:\/\/www.instagram.com\/povazskemuzeum\/"]},{"@type":"Person","@id":"https:\/\/pmza.sk\/#\/schema\/person\/595e6a2ce731ea94dcd5d7f50a41ae33","name":"Pova\u017esk\u00e9 m\u00fazeum","image":{"@type":"ImageObject","inLanguage":"sk-SK","@id":"https:\/\/secure.gravatar.com\/avatar\/2bb7f1561282132fb5826dfeccc66c7996d11ee392ac6aaf7ced8a1c2027fbb2?s=96&d=mm&r=g","url":"https:\/\/secure.gravatar.com\/avatar\/2bb7f1561282132fb5826dfeccc66c7996d11ee392ac6aaf7ced8a1c2027fbb2?s=96&d=mm&r=g","contentUrl":"https:\/\/secure.gravatar.com\/avatar\/2bb7f1561282132fb5826dfeccc66c7996d11ee392ac6aaf7ced8a1c2027fbb2?s=96&d=mm&r=g","caption":"Pova\u017esk\u00e9 m\u00fazeum"}}]}},"_links":{"self":[{"href":"https:\/\/pmza.sk\/index.php?rest_route=\/wp\/v2\/posts\/1172","targetHints":{"allow":["GET"]}}],"collection":[{"href":"https:\/\/pmza.sk\/index.php?rest_route=\/wp\/v2\/posts"}],"about":[{"href":"https:\/\/pmza.sk\/index.php?rest_route=\/wp\/v2\/types\/post"}],"author":[{"embeddable":true,"href":"https:\/\/pmza.sk\/index.php?rest_route=\/wp\/v2\/users\/2"}],"replies":[{"embeddable":true,"href":"https:\/\/pmza.sk\/index.php?rest_route=%2Fwp%2Fv2%2Fcomments&post=1172"}],"version-history":[{"count":0,"href":"https:\/\/pmza.sk\/index.php?rest_route=\/wp\/v2\/posts\/1172\/revisions"}],"wp:attachment":[{"href":"https:\/\/pmza.sk\/index.php?rest_route=%2Fwp%2Fv2%2Fmedia&parent=1172"}],"wp:term":[{"taxonomy":"category","embeddable":true,"href":"https:\/\/pmza.sk\/index.php?rest_route=%2Fwp%2Fv2%2Fcategories&post=1172"},{"taxonomy":"post_tag","embeddable":true,"href":"https:\/\/pmza.sk\/index.php?rest_route=%2Fwp%2Fv2%2Ftags&post=1172"}],"curies":[{"name":"wp","href":"https:\/\/api.w.org\/{rel}","templated":true}]}}