{"id":11727,"date":"2015-02-13T20:53:54","date_gmt":"2015-02-13T19:53:54","guid":{"rendered":"https:\/\/pmza.sk.sk\/?p=11727"},"modified":"2015-02-13T20:53:54","modified_gmt":"2015-02-13T19:53:54","slug":"vyhercovia-svadobneho-daru-palatina-turzu","status":"publish","type":"post","link":"https:\/\/pmza.sk\/?p=11727","title":{"rendered":"V\u00fdhercovia Svadobn\u00e9ho daru palat\u00edna Turzu"},"content":{"rendered":"<p><a href=\"https:\/\/pmza.sk\/wp-content\/uploads\/2015\/02\/foto-veltrh-2015.jpg\"><img fetchpriority=\"high\" decoding=\"async\" class=\"alignleft  wp-image-11726\" src=\"https:\/\/pmza.sk\/wp-content\/uploads\/2015\/02\/foto-veltrh-2015.jpg\" alt=\"foto ve\u013etrh 2015\" width=\"200\" height=\"361\" srcset=\"https:\/\/pmza.sk\/wp-content\/uploads\/2015\/02\/foto-veltrh-2015.jpg 419w, https:\/\/pmza.sk\/wp-content\/uploads\/2015\/02\/foto-veltrh-2015-200x360.jpg 200w, https:\/\/pmza.sk\/wp-content\/uploads\/2015\/02\/foto-veltrh-2015-409x736.jpg 409w\" sizes=\"(max-width: 200px) 100vw, 200px\" \/><\/a>Aj v\u00a0roku 2015 m\u00f4\u017eu dva p\u00e1ry sn\u00fabencov za\u017ei\u0165 svadbu snov v\u00a0Sob\u00e1\u0161nom pal\u00e1ci v\u00a0Byt\u010di. V\u00a0piatok 13. febru\u00e1ra sme na najv\u00e4\u010d\u0161om slovenskom Svadobnom ve\u013etrhu v\u00a0Bratislave vy\u017erebovali dva sn\u00fabeneck\u00e9 p\u00e1ry, ktor\u00e9 sa spolu s\u00a0\u010fal\u0161\u00edmi zapojili do s\u00fa\u0165a\u017ee o\u00a0Svadobn\u00fd dar palat\u00edna Turzu. Okrem svadobnej hostiny v\u00a0prekr\u00e1snom Sob\u00e1\u0161nom pal\u00e1ci v Byt\u010di vr\u00e1tane sl\u00e1vnostn\u00e9ho pr\u00edpitku od samotn\u00e9ho palat\u00edna Turzu z\u00edskali za\u013e\u00fabenci 25 % z\u013eavu na kvetinov\u00fa v\u00fdzdobu od spolo\u010dnosti Bar\u010da Decor a\u00a0v\u00edkendov\u00fd pobyt v\u00a0Hoteli Gold v\u00a0Terchovej. \u00a0V\u00fdhercami piateho ro\u010dn\u00edka s\u00fa\u0165a\u017ee s\u00fa <strong>Veronika Mosorov\u00e1 a\u00a0Mari\u00e1n Mi\u010d\u00edk<\/strong> a\u00a0<strong>Anna Tich\u00e1 a\u00a0Daniel Reimann<\/strong>.<!--more--><\/p>\n<p>Novou podmienkou pre s\u00fa\u0165a\u017en\u00e9 p\u00e1ry bolo uplynul\u00fd rok to, aby aspo\u0148 jeden z\u00a0dvojice sn\u00fabencov mal trval\u00fd pobyt v\u00a0\u017eilinskom regi\u00f3ne.<\/p>\n<p>Do piateho ro\u010dn\u00edka s\u00fa\u0165a\u017ee sa prihl\u00e1silo 6 zamilovan\u00fdch dvoj\u00edc, z\u00a0ktor\u00fdch v\u0161etky splnili stanoven\u00e9 podmienky:<\/p>\n<ol style=\"list-style-type: upper-roman;\">\n<li>Tatiana Masn\u00e1 a Boris Smolen<\/li>\n<li>Juliana Bukovinov\u00e1 a Marek Gajdo\u0161<\/li>\n<li>Michaela Jotovov\u00e1 a Slavom\u00edr Mat\u00fa\u0161ka<\/li>\n<li>Marta \u0160ul\u00edkov\u00e1 a Miroslav Vr\u00e1bel<\/li>\n<li>Veronika Mosorov\u00e1 a Mari\u00e1n Mi\u010d\u00edk<\/li>\n<li>Anna Tich\u00e1 a Daniel Reimann<\/li>\n<\/ol>\n<p>S\u00fa\u0165a\u017e vyhlasuje Pova\u017esk\u00e9 m\u00fazeum v\u00a0\u017diline, ktor\u00e9 je v\u00a0zria\u010fovate\u013eskej p\u00f4sobnosti \u017dilinsk\u00e9ho samospr\u00e1vneho kraja.<\/p>\n<p><a href=\"https:\/\/pmza.sk\/wp-content\/uploads\/2014\/02\/Barca-decor_banner.jpg\"><img decoding=\"async\" class=\"alignleft  wp-image-9101\" src=\"https:\/\/pmza.sk\/wp-content\/uploads\/2014\/02\/Barca-decor_banner.jpg\" alt=\"Bar\u010da decor_banner\" width=\"180\" height=\"121\" srcset=\"https:\/\/pmza.sk\/wp-content\/uploads\/2014\/02\/Barca-decor_banner.jpg 2394w, https:\/\/pmza.sk\/wp-content\/uploads\/2014\/02\/Barca-decor_banner-537x360.jpg 537w, https:\/\/pmza.sk\/wp-content\/uploads\/2014\/02\/Barca-decor_banner-1097x736.jpg 1097w, https:\/\/pmza.sk\/wp-content\/uploads\/2014\/02\/Barca-decor_banner-768x515.jpg 768w, https:\/\/pmza.sk\/wp-content\/uploads\/2014\/02\/Barca-decor_banner-1536x1030.jpg 1536w, https:\/\/pmza.sk\/wp-content\/uploads\/2014\/02\/Barca-decor_banner-2048x1374.jpg 2048w, https:\/\/pmza.sk\/wp-content\/uploads\/2014\/02\/Barca-decor_banner-600x403.jpg 600w\" sizes=\"(max-width: 180px) 100vw, 180px\" \/><\/a> <a href=\"https:\/\/pmza.sk\/wp-content\/uploads\/2014\/10\/logo-gold.png\"><img decoding=\"async\" class=\"alignleft  wp-image-10913\" src=\"https:\/\/pmza.sk\/wp-content\/uploads\/2014\/10\/logo-gold.png\" alt=\"logo gold\" width=\"255\" height=\"124\" \/><\/a><\/p>\n<p>&nbsp;<\/p>\n","protected":false},"excerpt":{"rendered":"<p>Aj v\u00a0roku 2015 m\u00f4\u017eu dva p\u00e1ry sn\u00fabencov za\u017ei\u0165 svadbu snov v\u00a0Sob\u00e1\u0161nom pal\u00e1ci v\u00a0Byt\u010di. V\u00a0piatok 13. febru\u00e1ra sme na najv\u00e4\u010d\u0161om slovenskom Svadobnom ve\u013etrhu v\u00a0Bratislave vy\u017erebovali dva sn\u00fabeneck\u00e9 p\u00e1ry, ktor\u00e9 sa spolu s\u00a0\u010fal\u0161\u00edmi zapojili do s\u00fa\u0165a\u017ee o\u00a0Svadobn\u00fd dar palat\u00edna Turzu. Okrem svadobnej hostiny v\u00a0prekr\u00e1snom Sob\u00e1\u0161nom pal\u00e1ci v Byt\u010di vr\u00e1tane sl\u00e1vnostn\u00e9ho pr\u00edpitku od samotn\u00e9ho palat\u00edna Turzu z\u00edskali za\u013e\u00fabenci [&hellip;]<\/p>\n","protected":false},"author":2,"featured_media":0,"comment_status":"closed","ping_status":"closed","sticky":false,"template":"","format":"standard","meta":{"site-sidebar-layout":"default","site-content-layout":"","ast-site-content-layout":"","site-content-style":"default","site-sidebar-style":"default","ast-global-header-display":"","ast-banner-title-visibility":"","ast-main-header-display":"","ast-hfb-above-header-display":"","ast-hfb-below-header-display":"","ast-hfb-mobile-header-display":"","site-post-title":"","ast-breadcrumbs-content":"","ast-featured-img":"","footer-sml-layout":"","theme-transparent-header-meta":"","adv-header-id-meta":"","stick-header-meta":"","header-above-stick-meta":"","header-main-stick-meta":"","header-below-stick-meta":"","astra-migrate-meta-layouts":"default","ast-page-background-enabled":"default","ast-page-background-meta":{"desktop":{"background-color":"var(--ast-global-color-4)","background-image":"","background-repeat":"repeat","background-position":"center center","background-size":"auto","background-attachment":"scroll","background-type":"","background-media":"","overlay-type":"","overlay-color":"","overlay-opacity":"","overlay-gradient":""},"tablet":{"background-color":"","background-image":"","background-repeat":"repeat","background-position":"center center","background-size":"auto","background-attachment":"scroll","background-type":"","background-media":"","overlay-type":"","overlay-color":"","overlay-opacity":"","overlay-gradient":""},"mobile":{"background-color":"","background-image":"","background-repeat":"repeat","background-position":"center center","background-size":"auto","background-attachment":"scroll","background-type":"","background-media":"","overlay-type":"","overlay-color":"","overlay-opacity":"","overlay-gradient":""}},"ast-content-background-meta":{"desktop":{"background-color":"var(--ast-global-color-5)","background-image":"","background-repeat":"repeat","background-position":"center center","background-size":"auto","background-attachment":"scroll","background-type":"","background-media":"","overlay-type":"","overlay-color":"","overlay-opacity":"","overlay-gradient":""},"tablet":{"background-color":"var(--ast-global-color-5)","background-image":"","background-repeat":"repeat","background-position":"center center","background-size":"auto","background-attachment":"scroll","background-type":"","background-media":"","overlay-type":"","overlay-color":"","overlay-opacity":"","overlay-gradient":""},"mobile":{"background-color":"var(--ast-global-color-5)","background-image":"","background-repeat":"repeat","background-position":"center center","background-size":"auto","background-attachment":"scroll","background-type":"","background-media":"","overlay-type":"","overlay-color":"","overlay-opacity":"","overlay-gradient":""}},"footnotes":""},"categories":[31],"tags":[],"class_list":["post-11727","post","type-post","status-publish","format-standard","hentry","category-aktuality"],"yoast_head":"<!-- This site is optimized with the Yoast SEO plugin v27.4 - https:\/\/yoast.com\/product\/yoast-seo-wordpress\/ -->\n<title>V\u00fdhercovia Svadobn\u00e9ho daru palat\u00edna Turzu - Pova\u017esk\u00e9 m\u00fazeum<\/title>\n<meta name=\"robots\" content=\"index, follow, max-snippet:-1, max-image-preview:large, max-video-preview:-1\" \/>\n<link rel=\"canonical\" href=\"https:\/\/pmza.sk\/?p=11727\" \/>\n<meta property=\"og:locale\" content=\"sk_SK\" \/>\n<meta property=\"og:type\" content=\"article\" \/>\n<meta property=\"og:title\" content=\"V\u00fdhercovia Svadobn\u00e9ho daru palat\u00edna Turzu - Pova\u017esk\u00e9 m\u00fazeum\" \/>\n<meta property=\"og:description\" content=\"Aj v\u00a0roku 2015 m\u00f4\u017eu dva p\u00e1ry sn\u00fabencov za\u017ei\u0165 svadbu snov v\u00a0Sob\u00e1\u0161nom pal\u00e1ci v\u00a0Byt\u010di. V\u00a0piatok 13. febru\u00e1ra sme na najv\u00e4\u010d\u0161om slovenskom Svadobnom ve\u013etrhu v\u00a0Bratislave vy\u017erebovali dva sn\u00fabeneck\u00e9 p\u00e1ry, ktor\u00e9 sa spolu s\u00a0\u010fal\u0161\u00edmi zapojili do s\u00fa\u0165a\u017ee o\u00a0Svadobn\u00fd dar palat\u00edna Turzu. Okrem svadobnej hostiny v\u00a0prekr\u00e1snom Sob\u00e1\u0161nom pal\u00e1ci v Byt\u010di vr\u00e1tane sl\u00e1vnostn\u00e9ho pr\u00edpitku od samotn\u00e9ho palat\u00edna Turzu z\u00edskali za\u013e\u00fabenci [&hellip;]\" \/>\n<meta property=\"og:url\" content=\"https:\/\/pmza.sk\/?p=11727\" \/>\n<meta property=\"og:site_name\" content=\"Pova\u017esk\u00e9 m\u00fazeum\" \/>\n<meta property=\"article:publisher\" content=\"https:\/\/www.facebook.com\/povazskemuzeum\" \/>\n<meta property=\"article:published_time\" content=\"2015-02-13T19:53:54+00:00\" \/>\n<meta property=\"og:image\" content=\"https:\/\/pmza.sk\/wp-content\/uploads\/2015\/02\/foto-veltrh-2015.jpg\" \/>\n<meta name=\"author\" content=\"Pova\u017esk\u00e9 m\u00fazeum\" \/>\n<meta name=\"twitter:card\" content=\"summary_large_image\" \/>\n<meta name=\"twitter:label1\" content=\"Autor\" \/>\n\t<meta name=\"twitter:data1\" content=\"Pova\u017esk\u00e9 m\u00fazeum\" \/>\n\t<meta name=\"twitter:label2\" content=\"Predpokladan\u00fd \u010das \u010d\u00edtania\" \/>\n\t<meta name=\"twitter:data2\" content=\"1 min\u00fata\" \/>\n<script type=\"application\/ld+json\" class=\"yoast-schema-graph\">{\"@context\":\"https:\\\/\\\/schema.org\",\"@graph\":[{\"@type\":\"Article\",\"@id\":\"https:\\\/\\\/pmza.sk\\\/?p=11727#article\",\"isPartOf\":{\"@id\":\"https:\\\/\\\/pmza.sk\\\/?p=11727\"},\"author\":{\"name\":\"Pova\u017esk\u00e9 m\u00fazeum\",\"@id\":\"https:\\\/\\\/pmza.sk\\\/#\\\/schema\\\/person\\\/595e6a2ce731ea94dcd5d7f50a41ae33\"},\"headline\":\"V\u00fdhercovia Svadobn\u00e9ho daru palat\u00edna Turzu\",\"datePublished\":\"2015-02-13T19:53:54+00:00\",\"mainEntityOfPage\":{\"@id\":\"https:\\\/\\\/pmza.sk\\\/?p=11727\"},\"wordCount\":250,\"publisher\":{\"@id\":\"https:\\\/\\\/pmza.sk\\\/#organization\"},\"image\":{\"@id\":\"https:\\\/\\\/pmza.sk\\\/?p=11727#primaryimage\"},\"thumbnailUrl\":\"http:\\\/\\\/pmza.sk\\\/wp-content\\\/uploads\\\/2015\\\/02\\\/foto-veltrh-2015.jpg\",\"articleSection\":[\"Aktuality\"],\"inLanguage\":\"sk-SK\"},{\"@type\":\"WebPage\",\"@id\":\"https:\\\/\\\/pmza.sk\\\/?p=11727\",\"url\":\"https:\\\/\\\/pmza.sk\\\/?p=11727\",\"name\":\"V\u00fdhercovia Svadobn\u00e9ho daru palat\u00edna Turzu - Pova\u017esk\u00e9 m\u00fazeum\",\"isPartOf\":{\"@id\":\"https:\\\/\\\/pmza.sk\\\/#website\"},\"primaryImageOfPage\":{\"@id\":\"https:\\\/\\\/pmza.sk\\\/?p=11727#primaryimage\"},\"image\":{\"@id\":\"https:\\\/\\\/pmza.sk\\\/?p=11727#primaryimage\"},\"thumbnailUrl\":\"http:\\\/\\\/pmza.sk\\\/wp-content\\\/uploads\\\/2015\\\/02\\\/foto-veltrh-2015.jpg\",\"datePublished\":\"2015-02-13T19:53:54+00:00\",\"breadcrumb\":{\"@id\":\"https:\\\/\\\/pmza.sk\\\/?p=11727#breadcrumb\"},\"inLanguage\":\"sk-SK\",\"potentialAction\":[{\"@type\":\"ReadAction\",\"target\":[\"https:\\\/\\\/pmza.sk\\\/?p=11727\"]}]},{\"@type\":\"ImageObject\",\"inLanguage\":\"sk-SK\",\"@id\":\"https:\\\/\\\/pmza.sk\\\/?p=11727#primaryimage\",\"url\":\"https:\\\/\\\/pmza.sk\\\/wp-content\\\/uploads\\\/2015\\\/02\\\/foto-veltrh-2015.jpg\",\"contentUrl\":\"https:\\\/\\\/pmza.sk\\\/wp-content\\\/uploads\\\/2015\\\/02\\\/foto-veltrh-2015.jpg\",\"width\":419,\"height\":754},{\"@type\":\"BreadcrumbList\",\"@id\":\"https:\\\/\\\/pmza.sk\\\/?p=11727#breadcrumb\",\"itemListElement\":[{\"@type\":\"ListItem\",\"position\":1,\"name\":\"Domovsk\u00e1 str\u00e1nka\",\"item\":\"https:\\\/\\\/pmza.sk\\\/\"},{\"@type\":\"ListItem\",\"position\":2,\"name\":\"V\u00fdhercovia Svadobn\u00e9ho daru palat\u00edna Turzu\"}]},{\"@type\":\"WebSite\",\"@id\":\"https:\\\/\\\/pmza.sk\\\/#website\",\"url\":\"https:\\\/\\\/pmza.sk\\\/\",\"name\":\"Pova\u017esk\u00e9 m\u00fazeum\",\"description\":\"Pova\u017esk\u00e9 m\u00fazeum v \u017diline je region\u00e1lne m\u00fazeum so s\u00eddlom v Budat\u00edne. Jeho expoz\u00edcie s\u00fa zameran\u00e9 na dejiny slovensk\u00e9ho umenia, kult\u00fary a dopravy.\",\"publisher\":{\"@id\":\"https:\\\/\\\/pmza.sk\\\/#organization\"},\"potentialAction\":[{\"@type\":\"SearchAction\",\"target\":{\"@type\":\"EntryPoint\",\"urlTemplate\":\"https:\\\/\\\/pmza.sk\\\/?s={search_term_string}\"},\"query-input\":{\"@type\":\"PropertyValueSpecification\",\"valueRequired\":true,\"valueName\":\"search_term_string\"}}],\"inLanguage\":\"sk-SK\"},{\"@type\":\"Organization\",\"@id\":\"https:\\\/\\\/pmza.sk\\\/#organization\",\"name\":\"Pova\u017esk\u00e9 m\u00fazeum\",\"url\":\"https:\\\/\\\/pmza.sk\\\/\",\"logo\":{\"@type\":\"ImageObject\",\"inLanguage\":\"sk-SK\",\"@id\":\"https:\\\/\\\/pmza.sk\\\/#\\\/schema\\\/logo\\\/image\\\/\",\"url\":\"https:\\\/\\\/pmza.sk\\\/wp-content\\\/uploads\\\/2022\\\/01\\\/logo_PM_horizontal.jpg\",\"contentUrl\":\"https:\\\/\\\/pmza.sk\\\/wp-content\\\/uploads\\\/2022\\\/01\\\/logo_PM_horizontal.jpg\",\"width\":231,\"height\":142,\"caption\":\"Pova\u017esk\u00e9 m\u00fazeum\"},\"image\":{\"@id\":\"https:\\\/\\\/pmza.sk\\\/#\\\/schema\\\/logo\\\/image\\\/\"},\"sameAs\":[\"https:\\\/\\\/www.facebook.com\\\/povazskemuzeum\",\"https:\\\/\\\/www.instagram.com\\\/povazskemuzeum\\\/\"]},{\"@type\":\"Person\",\"@id\":\"https:\\\/\\\/pmza.sk\\\/#\\\/schema\\\/person\\\/595e6a2ce731ea94dcd5d7f50a41ae33\",\"name\":\"Pova\u017esk\u00e9 m\u00fazeum\",\"image\":{\"@type\":\"ImageObject\",\"inLanguage\":\"sk-SK\",\"@id\":\"https:\\\/\\\/secure.gravatar.com\\\/avatar\\\/2bb7f1561282132fb5826dfeccc66c7996d11ee392ac6aaf7ced8a1c2027fbb2?s=96&d=mm&r=g\",\"url\":\"https:\\\/\\\/secure.gravatar.com\\\/avatar\\\/2bb7f1561282132fb5826dfeccc66c7996d11ee392ac6aaf7ced8a1c2027fbb2?s=96&d=mm&r=g\",\"contentUrl\":\"https:\\\/\\\/secure.gravatar.com\\\/avatar\\\/2bb7f1561282132fb5826dfeccc66c7996d11ee392ac6aaf7ced8a1c2027fbb2?s=96&d=mm&r=g\",\"caption\":\"Pova\u017esk\u00e9 m\u00fazeum\"}}]}<\/script>\n<!-- \/ Yoast SEO plugin. -->","yoast_head_json":{"title":"V\u00fdhercovia Svadobn\u00e9ho daru palat\u00edna Turzu - Pova\u017esk\u00e9 m\u00fazeum","robots":{"index":"index","follow":"follow","max-snippet":"max-snippet:-1","max-image-preview":"max-image-preview:large","max-video-preview":"max-video-preview:-1"},"canonical":"https:\/\/pmza.sk\/?p=11727","og_locale":"sk_SK","og_type":"article","og_title":"V\u00fdhercovia Svadobn\u00e9ho daru palat\u00edna Turzu - Pova\u017esk\u00e9 m\u00fazeum","og_description":"Aj v\u00a0roku 2015 m\u00f4\u017eu dva p\u00e1ry sn\u00fabencov za\u017ei\u0165 svadbu snov v\u00a0Sob\u00e1\u0161nom pal\u00e1ci v\u00a0Byt\u010di. V\u00a0piatok 13. febru\u00e1ra sme na najv\u00e4\u010d\u0161om slovenskom Svadobnom ve\u013etrhu v\u00a0Bratislave vy\u017erebovali dva sn\u00fabeneck\u00e9 p\u00e1ry, ktor\u00e9 sa spolu s\u00a0\u010fal\u0161\u00edmi zapojili do s\u00fa\u0165a\u017ee o\u00a0Svadobn\u00fd dar palat\u00edna Turzu. Okrem svadobnej hostiny v\u00a0prekr\u00e1snom Sob\u00e1\u0161nom pal\u00e1ci v Byt\u010di vr\u00e1tane sl\u00e1vnostn\u00e9ho pr\u00edpitku od samotn\u00e9ho palat\u00edna Turzu z\u00edskali za\u013e\u00fabenci [&hellip;]","og_url":"https:\/\/pmza.sk\/?p=11727","og_site_name":"Pova\u017esk\u00e9 m\u00fazeum","article_publisher":"https:\/\/www.facebook.com\/povazskemuzeum","article_published_time":"2015-02-13T19:53:54+00:00","og_image":[{"url":"https:\/\/pmza.sk\/wp-content\/uploads\/2015\/02\/foto-veltrh-2015.jpg","type":"","width":"","height":""}],"author":"Pova\u017esk\u00e9 m\u00fazeum","twitter_card":"summary_large_image","twitter_misc":{"Autor":"Pova\u017esk\u00e9 m\u00fazeum","Predpokladan\u00fd \u010das \u010d\u00edtania":"1 min\u00fata"},"schema":{"@context":"https:\/\/schema.org","@graph":[{"@type":"Article","@id":"https:\/\/pmza.sk\/?p=11727#article","isPartOf":{"@id":"https:\/\/pmza.sk\/?p=11727"},"author":{"name":"Pova\u017esk\u00e9 m\u00fazeum","@id":"https:\/\/pmza.sk\/#\/schema\/person\/595e6a2ce731ea94dcd5d7f50a41ae33"},"headline":"V\u00fdhercovia Svadobn\u00e9ho daru palat\u00edna Turzu","datePublished":"2015-02-13T19:53:54+00:00","mainEntityOfPage":{"@id":"https:\/\/pmza.sk\/?p=11727"},"wordCount":250,"publisher":{"@id":"https:\/\/pmza.sk\/#organization"},"image":{"@id":"https:\/\/pmza.sk\/?p=11727#primaryimage"},"thumbnailUrl":"https:\/\/pmza.sk\/wp-content\/uploads\/2015\/02\/foto-veltrh-2015.jpg","articleSection":["Aktuality"],"inLanguage":"sk-SK"},{"@type":"WebPage","@id":"https:\/\/pmza.sk\/?p=11727","url":"https:\/\/pmza.sk\/?p=11727","name":"V\u00fdhercovia Svadobn\u00e9ho daru palat\u00edna Turzu - Pova\u017esk\u00e9 m\u00fazeum","isPartOf":{"@id":"https:\/\/pmza.sk\/#website"},"primaryImageOfPage":{"@id":"https:\/\/pmza.sk\/?p=11727#primaryimage"},"image":{"@id":"https:\/\/pmza.sk\/?p=11727#primaryimage"},"thumbnailUrl":"https:\/\/pmza.sk\/wp-content\/uploads\/2015\/02\/foto-veltrh-2015.jpg","datePublished":"2015-02-13T19:53:54+00:00","breadcrumb":{"@id":"https:\/\/pmza.sk\/?p=11727#breadcrumb"},"inLanguage":"sk-SK","potentialAction":[{"@type":"ReadAction","target":["https:\/\/pmza.sk\/?p=11727"]}]},{"@type":"ImageObject","inLanguage":"sk-SK","@id":"https:\/\/pmza.sk\/?p=11727#primaryimage","url":"https:\/\/pmza.sk\/wp-content\/uploads\/2015\/02\/foto-veltrh-2015.jpg","contentUrl":"https:\/\/pmza.sk\/wp-content\/uploads\/2015\/02\/foto-veltrh-2015.jpg","width":419,"height":754},{"@type":"BreadcrumbList","@id":"https:\/\/pmza.sk\/?p=11727#breadcrumb","itemListElement":[{"@type":"ListItem","position":1,"name":"Domovsk\u00e1 str\u00e1nka","item":"https:\/\/pmza.sk\/"},{"@type":"ListItem","position":2,"name":"V\u00fdhercovia Svadobn\u00e9ho daru palat\u00edna Turzu"}]},{"@type":"WebSite","@id":"https:\/\/pmza.sk\/#website","url":"https:\/\/pmza.sk\/","name":"Pova\u017esk\u00e9 m\u00fazeum","description":"Pova\u017esk\u00e9 m\u00fazeum v \u017diline je region\u00e1lne m\u00fazeum so s\u00eddlom v Budat\u00edne. Jeho expoz\u00edcie s\u00fa zameran\u00e9 na dejiny slovensk\u00e9ho umenia, kult\u00fary a dopravy.","publisher":{"@id":"https:\/\/pmza.sk\/#organization"},"potentialAction":[{"@type":"SearchAction","target":{"@type":"EntryPoint","urlTemplate":"https:\/\/pmza.sk\/?s={search_term_string}"},"query-input":{"@type":"PropertyValueSpecification","valueRequired":true,"valueName":"search_term_string"}}],"inLanguage":"sk-SK"},{"@type":"Organization","@id":"https:\/\/pmza.sk\/#organization","name":"Pova\u017esk\u00e9 m\u00fazeum","url":"https:\/\/pmza.sk\/","logo":{"@type":"ImageObject","inLanguage":"sk-SK","@id":"https:\/\/pmza.sk\/#\/schema\/logo\/image\/","url":"https:\/\/pmza.sk\/wp-content\/uploads\/2022\/01\/logo_PM_horizontal.jpg","contentUrl":"https:\/\/pmza.sk\/wp-content\/uploads\/2022\/01\/logo_PM_horizontal.jpg","width":231,"height":142,"caption":"Pova\u017esk\u00e9 m\u00fazeum"},"image":{"@id":"https:\/\/pmza.sk\/#\/schema\/logo\/image\/"},"sameAs":["https:\/\/www.facebook.com\/povazskemuzeum","https:\/\/www.instagram.com\/povazskemuzeum\/"]},{"@type":"Person","@id":"https:\/\/pmza.sk\/#\/schema\/person\/595e6a2ce731ea94dcd5d7f50a41ae33","name":"Pova\u017esk\u00e9 m\u00fazeum","image":{"@type":"ImageObject","inLanguage":"sk-SK","@id":"https:\/\/secure.gravatar.com\/avatar\/2bb7f1561282132fb5826dfeccc66c7996d11ee392ac6aaf7ced8a1c2027fbb2?s=96&d=mm&r=g","url":"https:\/\/secure.gravatar.com\/avatar\/2bb7f1561282132fb5826dfeccc66c7996d11ee392ac6aaf7ced8a1c2027fbb2?s=96&d=mm&r=g","contentUrl":"https:\/\/secure.gravatar.com\/avatar\/2bb7f1561282132fb5826dfeccc66c7996d11ee392ac6aaf7ced8a1c2027fbb2?s=96&d=mm&r=g","caption":"Pova\u017esk\u00e9 m\u00fazeum"}}]}},"_links":{"self":[{"href":"https:\/\/pmza.sk\/index.php?rest_route=\/wp\/v2\/posts\/11727","targetHints":{"allow":["GET"]}}],"collection":[{"href":"https:\/\/pmza.sk\/index.php?rest_route=\/wp\/v2\/posts"}],"about":[{"href":"https:\/\/pmza.sk\/index.php?rest_route=\/wp\/v2\/types\/post"}],"author":[{"embeddable":true,"href":"https:\/\/pmza.sk\/index.php?rest_route=\/wp\/v2\/users\/2"}],"replies":[{"embeddable":true,"href":"https:\/\/pmza.sk\/index.php?rest_route=%2Fwp%2Fv2%2Fcomments&post=11727"}],"version-history":[{"count":0,"href":"https:\/\/pmza.sk\/index.php?rest_route=\/wp\/v2\/posts\/11727\/revisions"}],"wp:attachment":[{"href":"https:\/\/pmza.sk\/index.php?rest_route=%2Fwp%2Fv2%2Fmedia&parent=11727"}],"wp:term":[{"taxonomy":"category","embeddable":true,"href":"https:\/\/pmza.sk\/index.php?rest_route=%2Fwp%2Fv2%2Fcategories&post=11727"},{"taxonomy":"post_tag","embeddable":true,"href":"https:\/\/pmza.sk\/index.php?rest_route=%2Fwp%2Fv2%2Ftags&post=11727"}],"curies":[{"name":"wp","href":"https:\/\/api.w.org\/{rel}","templated":true}]}}