{"id":11894,"date":"2015-03-10T13:20:33","date_gmt":"2015-03-10T12:20:33","guid":{"rendered":"https:\/\/pmza.sk.sk\/?p=11894"},"modified":"2015-03-10T13:20:33","modified_gmt":"2015-03-10T12:20:33","slug":"morenu-neseme-zimu-zaneseme","status":"publish","type":"post","link":"https:\/\/pmza.sk\/?p=11894","title":{"rendered":"&#8222;Morenu neseme, zimu zaneseme&#8220;"},"content":{"rendered":"<p><a href=\"https:\/\/pmza.sk\/wp-content\/uploads\/2015\/03\/Morena-made-by-Ada.jpg\"><img decoding=\"async\" class=\"alignleft  wp-image-11942\" src=\"https:\/\/pmza.sk\/wp-content\/uploads\/2015\/03\/Morena-made-by-Ada.jpg\" alt=\"Morena made by A\u010fa\" width=\"190\" height=\"143\" srcset=\"https:\/\/pmza.sk\/wp-content\/uploads\/2015\/03\/Morena-made-by-Ada.jpg 2048w, https:\/\/pmza.sk\/wp-content\/uploads\/2015\/03\/Morena-made-by-Ada-480x360.jpg 480w, https:\/\/pmza.sk\/wp-content\/uploads\/2015\/03\/Morena-made-by-Ada-981x736.jpg 981w, https:\/\/pmza.sk\/wp-content\/uploads\/2015\/03\/Morena-made-by-Ada-768x576.jpg 768w, https:\/\/pmza.sk\/wp-content\/uploads\/2015\/03\/Morena-made-by-Ada-1536x1152.jpg 1536w, https:\/\/pmza.sk\/wp-content\/uploads\/2015\/03\/Morena-made-by-Ada-600x450.jpg 600w\" sizes=\"(max-width: 190px) 100vw, 190px\" \/><\/a>Pova\u017esk\u00e9 m\u00fazeum v \u017diline v zria\u010fovate\u013eskej p\u00f4sobnosti \u017dilinsk\u00e9ho samospr\u00e1vneho kraja v spolupr\u00e1ci s Centrom vo\u013en\u00e9ho \u010dasu \u017dilina v zria\u010fovate\u013eskej p\u00f4sobnosti Mesta \u017dilina sa rozhodlo tento rok o\u017eivi\u0165 trad\u00edciu vyn\u00e1\u0161ania Moreny. Ide o jeden zo zachovan\u00fdch zastaran\u00fdch zvykov, ktor\u00fd sa kon\u00e1 na prelome zimy a jari. Podujatie sa v are\u00e1li Budat\u00ednskeho hradu uskuto\u010dn\u00ed v sobotu 21. marca 2015 od 14.00 hod.<\/p>\n<p>Zvyk vyn\u00e1\u0161a\u0165 Morenu predstavuje \u013eudsk\u00fa t\u00fa\u017ebu po sko\u010den\u00ed zimy. <em>\u201ePre toto podujatie sme si zvolili de\u0148 jarnej rovnodennosti, ktor\u00fd vych\u00e1dza tento rok na sobotu. Hoci sa Morena vyn\u00e1\u0161ala aj na Smrtn\u00fa nede\u013eu, \u010do je pod\u013ea trad\u00edci\u00ed t\u00fd\u017ede\u0148 pred Kvetnou nede\u013eou. My sme sa v\u0161ak metaforicky zamerali na odchod zimy, preto\u017ee samotn\u00e1 symbolika vyn\u00e1\u0161ania Moreny pod\u013ea poverov\u00fdch predst\u00e1v, jej vynesenie a up\u00e1lenie, vyjadruje z\u00e1nik zimy a magick\u00e9 privolanie jari,\u201c<\/em> povedala kult\u00farna mana\u017e\u00e9rka Pova\u017esk\u00e9ho m\u00fazea v \u017diline Andrea Luk\u00e1csov\u00e1.<!--more--><\/p>\n<p>Podstatou jarnej obch\u00f4dzky vyn\u00e1\u0161ania Moreny bolo chodenie diev\u010dat s Morenou po dedine za spevu obradov\u00fdch piesn\u00ed. O tento tradi\u010dn\u00fd akt sa postar\u00e1 Detsk\u00fd folkl\u00f3rny s\u00fabor (DFS) Cipovi\u010dka z Centra vo\u013en\u00e9ho \u010dasu (CV\u010c) \u017dilina. <em>\u201eSlamen\u00e1 figur\u00edna Moreny, alebo Moren\u00e1ra, ktor\u00e1 je zhotoven\u00e1 z ne\u017eiv\u00fdch predmetov, zodpovedala predstave o symbolickom boji jari so zimou. \u013dudia u\u017e od prad\u00e1vna kolekt\u00edvnymi, jarn\u00fdmi obch\u00f4dzkami p\u00e1lili Morenu, h\u00e1dzali ju do vody, a t\u00fdm zah\u00e1\u0148ali \u0161kodliv\u00e9 sily, zimu a mor. Detsk\u00fd folkl\u00f3rny s\u00fabor Cipovi\u010dka z CV\u010c \u017dilina sa venuje slovensk\u00fdm trad\u00edci\u00e1m, zvykom a oby\u010dajom slovensk\u00e9ho \u013eudu a predvedie zvyky vyn\u00e1\u0161ania Moreny z regi\u00f3nu Doln\u00fdch Kys\u00fac,\u201c<\/em> uviedla ved\u00faca DFS Cipovi\u010dka Janka Vesel\u00e1.<\/p>\n<p>Sprievodn\u00fdmi aktivitami v de\u0148 vyn\u00e1\u0161ania Moreny v Budat\u00edne bud\u00fa: workshop pre deti zameran\u00fd na v\u00fdrobu Moreny, ochutn\u00e1vka tradi\u010dnej p\u00f4stnej kuchyne, odborn\u00e1 predn\u00e1\u0161ka etnologi\u010dky Pova\u017esk\u00e9ho m\u00fazea v \u017diline Katar\u00edny Zacharovej.<\/p>\n<p>\u00a0<a href=\"https:\/\/pmza.sk\/wp-content\/uploads\/2015\/03\/plagat-morena.jpg\"><img fetchpriority=\"high\" decoding=\"async\" class=\"wp-image-11902 aligncenter\" src=\"https:\/\/pmza.sk\/wp-content\/uploads\/2015\/03\/plagat-morena.jpg\" alt=\"plagat morena\" width=\"247\" height=\"349\" srcset=\"https:\/\/pmza.sk\/wp-content\/uploads\/2015\/03\/plagat-morena.jpg 1108w, https:\/\/pmza.sk\/wp-content\/uploads\/2015\/03\/plagat-morena-255x360.jpg 255w, https:\/\/pmza.sk\/wp-content\/uploads\/2015\/03\/plagat-morena-521x736.jpg 521w, https:\/\/pmza.sk\/wp-content\/uploads\/2015\/03\/plagat-morena-768x1085.jpg 768w, https:\/\/pmza.sk\/wp-content\/uploads\/2015\/03\/plagat-morena-1087x1536.jpg 1087w, https:\/\/pmza.sk\/wp-content\/uploads\/2015\/03\/plagat-morena-600x848.jpg 600w\" sizes=\"(max-width: 247px) 100vw, 247px\" \/><\/a><\/p>\n","protected":false},"excerpt":{"rendered":"<p>Pova\u017esk\u00e9 m\u00fazeum v \u017diline v zria\u010fovate\u013eskej p\u00f4sobnosti \u017dilinsk\u00e9ho samospr\u00e1vneho kraja v spolupr\u00e1ci s Centrom vo\u013en\u00e9ho \u010dasu \u017dilina v zria\u010fovate\u013eskej p\u00f4sobnosti Mesta \u017dilina sa rozhodlo tento rok o\u017eivi\u0165 trad\u00edciu vyn\u00e1\u0161ania Moreny. Ide o jeden zo zachovan\u00fdch zastaran\u00fdch zvykov, ktor\u00fd sa kon\u00e1 na prelome zimy a jari. Podujatie sa v are\u00e1li Budat\u00ednskeho hradu uskuto\u010dn\u00ed v sobotu 21. [&hellip;]<\/p>\n","protected":false},"author":2,"featured_media":0,"comment_status":"closed","ping_status":"closed","sticky":false,"template":"","format":"standard","meta":{"site-sidebar-layout":"default","site-content-layout":"","ast-site-content-layout":"","site-content-style":"default","site-sidebar-style":"default","ast-global-header-display":"","ast-banner-title-visibility":"","ast-main-header-display":"","ast-hfb-above-header-display":"","ast-hfb-below-header-display":"","ast-hfb-mobile-header-display":"","site-post-title":"","ast-breadcrumbs-content":"","ast-featured-img":"","footer-sml-layout":"","theme-transparent-header-meta":"","adv-header-id-meta":"","stick-header-meta":"","header-above-stick-meta":"","header-main-stick-meta":"","header-below-stick-meta":"","astra-migrate-meta-layouts":"default","ast-page-background-enabled":"default","ast-page-background-meta":{"desktop":{"background-color":"var(--ast-global-color-4)","background-image":"","background-repeat":"repeat","background-position":"center center","background-size":"auto","background-attachment":"scroll","background-type":"","background-media":"","overlay-type":"","overlay-color":"","overlay-opacity":"","overlay-gradient":""},"tablet":{"background-color":"","background-image":"","background-repeat":"repeat","background-position":"center center","background-size":"auto","background-attachment":"scroll","background-type":"","background-media":"","overlay-type":"","overlay-color":"","overlay-opacity":"","overlay-gradient":""},"mobile":{"background-color":"","background-image":"","background-repeat":"repeat","background-position":"center center","background-size":"auto","background-attachment":"scroll","background-type":"","background-media":"","overlay-type":"","overlay-color":"","overlay-opacity":"","overlay-gradient":""}},"ast-content-background-meta":{"desktop":{"background-color":"var(--ast-global-color-5)","background-image":"","background-repeat":"repeat","background-position":"center center","background-size":"auto","background-attachment":"scroll","background-type":"","background-media":"","overlay-type":"","overlay-color":"","overlay-opacity":"","overlay-gradient":""},"tablet":{"background-color":"var(--ast-global-color-5)","background-image":"","background-repeat":"repeat","background-position":"center center","background-size":"auto","background-attachment":"scroll","background-type":"","background-media":"","overlay-type":"","overlay-color":"","overlay-opacity":"","overlay-gradient":""},"mobile":{"background-color":"var(--ast-global-color-5)","background-image":"","background-repeat":"repeat","background-position":"center center","background-size":"auto","background-attachment":"scroll","background-type":"","background-media":"","overlay-type":"","overlay-color":"","overlay-opacity":"","overlay-gradient":""}},"footnotes":""},"categories":[31],"tags":[],"class_list":["post-11894","post","type-post","status-publish","format-standard","hentry","category-aktuality"],"yoast_head":"<!-- This site is optimized with the Yoast SEO plugin v27.4 - https:\/\/yoast.com\/product\/yoast-seo-wordpress\/ -->\n<title>&quot;Morenu neseme, zimu zaneseme&quot; - Pova\u017esk\u00e9 m\u00fazeum<\/title>\n<meta name=\"robots\" content=\"index, follow, max-snippet:-1, max-image-preview:large, max-video-preview:-1\" \/>\n<link rel=\"canonical\" href=\"https:\/\/pmza.sk\/?p=11894\" \/>\n<meta property=\"og:locale\" content=\"sk_SK\" \/>\n<meta property=\"og:type\" content=\"article\" \/>\n<meta property=\"og:title\" content=\"&quot;Morenu neseme, zimu zaneseme&quot; - Pova\u017esk\u00e9 m\u00fazeum\" \/>\n<meta property=\"og:description\" content=\"Pova\u017esk\u00e9 m\u00fazeum v \u017diline v zria\u010fovate\u013eskej p\u00f4sobnosti \u017dilinsk\u00e9ho samospr\u00e1vneho kraja v spolupr\u00e1ci s Centrom vo\u013en\u00e9ho \u010dasu \u017dilina v zria\u010fovate\u013eskej p\u00f4sobnosti Mesta \u017dilina sa rozhodlo tento rok o\u017eivi\u0165 trad\u00edciu vyn\u00e1\u0161ania Moreny. Ide o jeden zo zachovan\u00fdch zastaran\u00fdch zvykov, ktor\u00fd sa kon\u00e1 na prelome zimy a jari. Podujatie sa v are\u00e1li Budat\u00ednskeho hradu uskuto\u010dn\u00ed v sobotu 21. [&hellip;]\" \/>\n<meta property=\"og:url\" content=\"https:\/\/pmza.sk\/?p=11894\" \/>\n<meta property=\"og:site_name\" content=\"Pova\u017esk\u00e9 m\u00fazeum\" \/>\n<meta property=\"article:publisher\" content=\"https:\/\/www.facebook.com\/povazskemuzeum\" \/>\n<meta property=\"article:published_time\" content=\"2015-03-10T12:20:33+00:00\" \/>\n<meta property=\"og:image\" content=\"https:\/\/pmza.sk\/wp-content\/uploads\/2015\/03\/Morena-made-by-Ada.jpg\" \/>\n<meta name=\"author\" content=\"Pova\u017esk\u00e9 m\u00fazeum\" \/>\n<meta name=\"twitter:card\" content=\"summary_large_image\" \/>\n<meta name=\"twitter:label1\" content=\"Autor\" \/>\n\t<meta name=\"twitter:data1\" content=\"Pova\u017esk\u00e9 m\u00fazeum\" \/>\n\t<meta name=\"twitter:label2\" content=\"Predpokladan\u00fd \u010das \u010d\u00edtania\" \/>\n\t<meta name=\"twitter:data2\" content=\"2 min\u00faty\" \/>\n<script type=\"application\/ld+json\" class=\"yoast-schema-graph\">{\"@context\":\"https:\\\/\\\/schema.org\",\"@graph\":[{\"@type\":\"Article\",\"@id\":\"https:\\\/\\\/pmza.sk\\\/?p=11894#article\",\"isPartOf\":{\"@id\":\"https:\\\/\\\/pmza.sk\\\/?p=11894\"},\"author\":{\"name\":\"Pova\u017esk\u00e9 m\u00fazeum\",\"@id\":\"https:\\\/\\\/pmza.sk\\\/#\\\/schema\\\/person\\\/595e6a2ce731ea94dcd5d7f50a41ae33\"},\"headline\":\"&#8222;Morenu neseme, zimu zaneseme&#8220;\",\"datePublished\":\"2015-03-10T12:20:33+00:00\",\"mainEntityOfPage\":{\"@id\":\"https:\\\/\\\/pmza.sk\\\/?p=11894\"},\"wordCount\":365,\"publisher\":{\"@id\":\"https:\\\/\\\/pmza.sk\\\/#organization\"},\"image\":{\"@id\":\"https:\\\/\\\/pmza.sk\\\/?p=11894#primaryimage\"},\"thumbnailUrl\":\"http:\\\/\\\/pmza.sk\\\/wp-content\\\/uploads\\\/2015\\\/03\\\/Morena-made-by-Ada.jpg\",\"articleSection\":[\"Aktuality\"],\"inLanguage\":\"sk-SK\"},{\"@type\":\"WebPage\",\"@id\":\"https:\\\/\\\/pmza.sk\\\/?p=11894\",\"url\":\"https:\\\/\\\/pmza.sk\\\/?p=11894\",\"name\":\"\\\"Morenu neseme, zimu zaneseme\\\" - Pova\u017esk\u00e9 m\u00fazeum\",\"isPartOf\":{\"@id\":\"https:\\\/\\\/pmza.sk\\\/#website\"},\"primaryImageOfPage\":{\"@id\":\"https:\\\/\\\/pmza.sk\\\/?p=11894#primaryimage\"},\"image\":{\"@id\":\"https:\\\/\\\/pmza.sk\\\/?p=11894#primaryimage\"},\"thumbnailUrl\":\"http:\\\/\\\/pmza.sk\\\/wp-content\\\/uploads\\\/2015\\\/03\\\/Morena-made-by-Ada.jpg\",\"datePublished\":\"2015-03-10T12:20:33+00:00\",\"breadcrumb\":{\"@id\":\"https:\\\/\\\/pmza.sk\\\/?p=11894#breadcrumb\"},\"inLanguage\":\"sk-SK\",\"potentialAction\":[{\"@type\":\"ReadAction\",\"target\":[\"https:\\\/\\\/pmza.sk\\\/?p=11894\"]}]},{\"@type\":\"ImageObject\",\"inLanguage\":\"sk-SK\",\"@id\":\"https:\\\/\\\/pmza.sk\\\/?p=11894#primaryimage\",\"url\":\"https:\\\/\\\/pmza.sk\\\/wp-content\\\/uploads\\\/2015\\\/03\\\/Morena-made-by-Ada.jpg\",\"contentUrl\":\"https:\\\/\\\/pmza.sk\\\/wp-content\\\/uploads\\\/2015\\\/03\\\/Morena-made-by-Ada.jpg\",\"width\":2048,\"height\":1536},{\"@type\":\"BreadcrumbList\",\"@id\":\"https:\\\/\\\/pmza.sk\\\/?p=11894#breadcrumb\",\"itemListElement\":[{\"@type\":\"ListItem\",\"position\":1,\"name\":\"Domovsk\u00e1 str\u00e1nka\",\"item\":\"https:\\\/\\\/pmza.sk\\\/\"},{\"@type\":\"ListItem\",\"position\":2,\"name\":\"&#8222;Morenu neseme, zimu zaneseme&#8220;\"}]},{\"@type\":\"WebSite\",\"@id\":\"https:\\\/\\\/pmza.sk\\\/#website\",\"url\":\"https:\\\/\\\/pmza.sk\\\/\",\"name\":\"Pova\u017esk\u00e9 m\u00fazeum\",\"description\":\"Pova\u017esk\u00e9 m\u00fazeum v \u017diline je region\u00e1lne m\u00fazeum so s\u00eddlom v Budat\u00edne. Jeho expoz\u00edcie s\u00fa zameran\u00e9 na dejiny slovensk\u00e9ho umenia, kult\u00fary a dopravy.\",\"publisher\":{\"@id\":\"https:\\\/\\\/pmza.sk\\\/#organization\"},\"potentialAction\":[{\"@type\":\"SearchAction\",\"target\":{\"@type\":\"EntryPoint\",\"urlTemplate\":\"https:\\\/\\\/pmza.sk\\\/?s={search_term_string}\"},\"query-input\":{\"@type\":\"PropertyValueSpecification\",\"valueRequired\":true,\"valueName\":\"search_term_string\"}}],\"inLanguage\":\"sk-SK\"},{\"@type\":\"Organization\",\"@id\":\"https:\\\/\\\/pmza.sk\\\/#organization\",\"name\":\"Pova\u017esk\u00e9 m\u00fazeum\",\"url\":\"https:\\\/\\\/pmza.sk\\\/\",\"logo\":{\"@type\":\"ImageObject\",\"inLanguage\":\"sk-SK\",\"@id\":\"https:\\\/\\\/pmza.sk\\\/#\\\/schema\\\/logo\\\/image\\\/\",\"url\":\"https:\\\/\\\/pmza.sk\\\/wp-content\\\/uploads\\\/2022\\\/01\\\/logo_PM_horizontal.jpg\",\"contentUrl\":\"https:\\\/\\\/pmza.sk\\\/wp-content\\\/uploads\\\/2022\\\/01\\\/logo_PM_horizontal.jpg\",\"width\":231,\"height\":142,\"caption\":\"Pova\u017esk\u00e9 m\u00fazeum\"},\"image\":{\"@id\":\"https:\\\/\\\/pmza.sk\\\/#\\\/schema\\\/logo\\\/image\\\/\"},\"sameAs\":[\"https:\\\/\\\/www.facebook.com\\\/povazskemuzeum\",\"https:\\\/\\\/www.instagram.com\\\/povazskemuzeum\\\/\"]},{\"@type\":\"Person\",\"@id\":\"https:\\\/\\\/pmza.sk\\\/#\\\/schema\\\/person\\\/595e6a2ce731ea94dcd5d7f50a41ae33\",\"name\":\"Pova\u017esk\u00e9 m\u00fazeum\",\"image\":{\"@type\":\"ImageObject\",\"inLanguage\":\"sk-SK\",\"@id\":\"https:\\\/\\\/secure.gravatar.com\\\/avatar\\\/2bb7f1561282132fb5826dfeccc66c7996d11ee392ac6aaf7ced8a1c2027fbb2?s=96&d=mm&r=g\",\"url\":\"https:\\\/\\\/secure.gravatar.com\\\/avatar\\\/2bb7f1561282132fb5826dfeccc66c7996d11ee392ac6aaf7ced8a1c2027fbb2?s=96&d=mm&r=g\",\"contentUrl\":\"https:\\\/\\\/secure.gravatar.com\\\/avatar\\\/2bb7f1561282132fb5826dfeccc66c7996d11ee392ac6aaf7ced8a1c2027fbb2?s=96&d=mm&r=g\",\"caption\":\"Pova\u017esk\u00e9 m\u00fazeum\"}}]}<\/script>\n<!-- \/ Yoast SEO plugin. -->","yoast_head_json":{"title":"\"Morenu neseme, zimu zaneseme\" - Pova\u017esk\u00e9 m\u00fazeum","robots":{"index":"index","follow":"follow","max-snippet":"max-snippet:-1","max-image-preview":"max-image-preview:large","max-video-preview":"max-video-preview:-1"},"canonical":"https:\/\/pmza.sk\/?p=11894","og_locale":"sk_SK","og_type":"article","og_title":"\"Morenu neseme, zimu zaneseme\" - Pova\u017esk\u00e9 m\u00fazeum","og_description":"Pova\u017esk\u00e9 m\u00fazeum v \u017diline v zria\u010fovate\u013eskej p\u00f4sobnosti \u017dilinsk\u00e9ho samospr\u00e1vneho kraja v spolupr\u00e1ci s Centrom vo\u013en\u00e9ho \u010dasu \u017dilina v zria\u010fovate\u013eskej p\u00f4sobnosti Mesta \u017dilina sa rozhodlo tento rok o\u017eivi\u0165 trad\u00edciu vyn\u00e1\u0161ania Moreny. Ide o jeden zo zachovan\u00fdch zastaran\u00fdch zvykov, ktor\u00fd sa kon\u00e1 na prelome zimy a jari. Podujatie sa v are\u00e1li Budat\u00ednskeho hradu uskuto\u010dn\u00ed v sobotu 21. [&hellip;]","og_url":"https:\/\/pmza.sk\/?p=11894","og_site_name":"Pova\u017esk\u00e9 m\u00fazeum","article_publisher":"https:\/\/www.facebook.com\/povazskemuzeum","article_published_time":"2015-03-10T12:20:33+00:00","og_image":[{"url":"https:\/\/pmza.sk\/wp-content\/uploads\/2015\/03\/Morena-made-by-Ada.jpg","type":"","width":"","height":""}],"author":"Pova\u017esk\u00e9 m\u00fazeum","twitter_card":"summary_large_image","twitter_misc":{"Autor":"Pova\u017esk\u00e9 m\u00fazeum","Predpokladan\u00fd \u010das \u010d\u00edtania":"2 min\u00faty"},"schema":{"@context":"https:\/\/schema.org","@graph":[{"@type":"Article","@id":"https:\/\/pmza.sk\/?p=11894#article","isPartOf":{"@id":"https:\/\/pmza.sk\/?p=11894"},"author":{"name":"Pova\u017esk\u00e9 m\u00fazeum","@id":"https:\/\/pmza.sk\/#\/schema\/person\/595e6a2ce731ea94dcd5d7f50a41ae33"},"headline":"&#8222;Morenu neseme, zimu zaneseme&#8220;","datePublished":"2015-03-10T12:20:33+00:00","mainEntityOfPage":{"@id":"https:\/\/pmza.sk\/?p=11894"},"wordCount":365,"publisher":{"@id":"https:\/\/pmza.sk\/#organization"},"image":{"@id":"https:\/\/pmza.sk\/?p=11894#primaryimage"},"thumbnailUrl":"https:\/\/pmza.sk\/wp-content\/uploads\/2015\/03\/Morena-made-by-Ada.jpg","articleSection":["Aktuality"],"inLanguage":"sk-SK"},{"@type":"WebPage","@id":"https:\/\/pmza.sk\/?p=11894","url":"https:\/\/pmza.sk\/?p=11894","name":"\"Morenu neseme, zimu zaneseme\" - Pova\u017esk\u00e9 m\u00fazeum","isPartOf":{"@id":"https:\/\/pmza.sk\/#website"},"primaryImageOfPage":{"@id":"https:\/\/pmza.sk\/?p=11894#primaryimage"},"image":{"@id":"https:\/\/pmza.sk\/?p=11894#primaryimage"},"thumbnailUrl":"https:\/\/pmza.sk\/wp-content\/uploads\/2015\/03\/Morena-made-by-Ada.jpg","datePublished":"2015-03-10T12:20:33+00:00","breadcrumb":{"@id":"https:\/\/pmza.sk\/?p=11894#breadcrumb"},"inLanguage":"sk-SK","potentialAction":[{"@type":"ReadAction","target":["https:\/\/pmza.sk\/?p=11894"]}]},{"@type":"ImageObject","inLanguage":"sk-SK","@id":"https:\/\/pmza.sk\/?p=11894#primaryimage","url":"https:\/\/pmza.sk\/wp-content\/uploads\/2015\/03\/Morena-made-by-Ada.jpg","contentUrl":"https:\/\/pmza.sk\/wp-content\/uploads\/2015\/03\/Morena-made-by-Ada.jpg","width":2048,"height":1536},{"@type":"BreadcrumbList","@id":"https:\/\/pmza.sk\/?p=11894#breadcrumb","itemListElement":[{"@type":"ListItem","position":1,"name":"Domovsk\u00e1 str\u00e1nka","item":"https:\/\/pmza.sk\/"},{"@type":"ListItem","position":2,"name":"&#8222;Morenu neseme, zimu zaneseme&#8220;"}]},{"@type":"WebSite","@id":"https:\/\/pmza.sk\/#website","url":"https:\/\/pmza.sk\/","name":"Pova\u017esk\u00e9 m\u00fazeum","description":"Pova\u017esk\u00e9 m\u00fazeum v \u017diline je region\u00e1lne m\u00fazeum so s\u00eddlom v Budat\u00edne. Jeho expoz\u00edcie s\u00fa zameran\u00e9 na dejiny slovensk\u00e9ho umenia, kult\u00fary a dopravy.","publisher":{"@id":"https:\/\/pmza.sk\/#organization"},"potentialAction":[{"@type":"SearchAction","target":{"@type":"EntryPoint","urlTemplate":"https:\/\/pmza.sk\/?s={search_term_string}"},"query-input":{"@type":"PropertyValueSpecification","valueRequired":true,"valueName":"search_term_string"}}],"inLanguage":"sk-SK"},{"@type":"Organization","@id":"https:\/\/pmza.sk\/#organization","name":"Pova\u017esk\u00e9 m\u00fazeum","url":"https:\/\/pmza.sk\/","logo":{"@type":"ImageObject","inLanguage":"sk-SK","@id":"https:\/\/pmza.sk\/#\/schema\/logo\/image\/","url":"https:\/\/pmza.sk\/wp-content\/uploads\/2022\/01\/logo_PM_horizontal.jpg","contentUrl":"https:\/\/pmza.sk\/wp-content\/uploads\/2022\/01\/logo_PM_horizontal.jpg","width":231,"height":142,"caption":"Pova\u017esk\u00e9 m\u00fazeum"},"image":{"@id":"https:\/\/pmza.sk\/#\/schema\/logo\/image\/"},"sameAs":["https:\/\/www.facebook.com\/povazskemuzeum","https:\/\/www.instagram.com\/povazskemuzeum\/"]},{"@type":"Person","@id":"https:\/\/pmza.sk\/#\/schema\/person\/595e6a2ce731ea94dcd5d7f50a41ae33","name":"Pova\u017esk\u00e9 m\u00fazeum","image":{"@type":"ImageObject","inLanguage":"sk-SK","@id":"https:\/\/secure.gravatar.com\/avatar\/2bb7f1561282132fb5826dfeccc66c7996d11ee392ac6aaf7ced8a1c2027fbb2?s=96&d=mm&r=g","url":"https:\/\/secure.gravatar.com\/avatar\/2bb7f1561282132fb5826dfeccc66c7996d11ee392ac6aaf7ced8a1c2027fbb2?s=96&d=mm&r=g","contentUrl":"https:\/\/secure.gravatar.com\/avatar\/2bb7f1561282132fb5826dfeccc66c7996d11ee392ac6aaf7ced8a1c2027fbb2?s=96&d=mm&r=g","caption":"Pova\u017esk\u00e9 m\u00fazeum"}}]}},"_links":{"self":[{"href":"https:\/\/pmza.sk\/index.php?rest_route=\/wp\/v2\/posts\/11894","targetHints":{"allow":["GET"]}}],"collection":[{"href":"https:\/\/pmza.sk\/index.php?rest_route=\/wp\/v2\/posts"}],"about":[{"href":"https:\/\/pmza.sk\/index.php?rest_route=\/wp\/v2\/types\/post"}],"author":[{"embeddable":true,"href":"https:\/\/pmza.sk\/index.php?rest_route=\/wp\/v2\/users\/2"}],"replies":[{"embeddable":true,"href":"https:\/\/pmza.sk\/index.php?rest_route=%2Fwp%2Fv2%2Fcomments&post=11894"}],"version-history":[{"count":0,"href":"https:\/\/pmza.sk\/index.php?rest_route=\/wp\/v2\/posts\/11894\/revisions"}],"wp:attachment":[{"href":"https:\/\/pmza.sk\/index.php?rest_route=%2Fwp%2Fv2%2Fmedia&parent=11894"}],"wp:term":[{"taxonomy":"category","embeddable":true,"href":"https:\/\/pmza.sk\/index.php?rest_route=%2Fwp%2Fv2%2Fcategories&post=11894"},{"taxonomy":"post_tag","embeddable":true,"href":"https:\/\/pmza.sk\/index.php?rest_route=%2Fwp%2Fv2%2Ftags&post=11894"}],"curies":[{"name":"wp","href":"https:\/\/api.w.org\/{rel}","templated":true}]}}