{"id":11914,"date":"2015-03-13T12:29:52","date_gmt":"2015-03-13T11:29:52","guid":{"rendered":"https:\/\/pmza.sk.sk\/?p=11914"},"modified":"2015-03-13T12:29:52","modified_gmt":"2015-03-13T11:29:52","slug":"do-kniznice-vstup-volny","status":"publish","type":"post","link":"https:\/\/pmza.sk\/?p=11914","title":{"rendered":"Do kni\u017enice vstup vo\u013en\u00fd"},"content":{"rendered":"<p><a href=\"https:\/\/pmza.sk\/wp-content\/uploads\/2015\/03\/Tyzden-otvorenych-dveri-kniznice-PMZA.jpg\"><img decoding=\"async\" class=\"alignleft  wp-image-11913\" src=\"https:\/\/pmza.sk\/wp-content\/uploads\/2015\/03\/Tyzden-otvorenych-dveri-kniznice-PMZA.jpg\" alt=\"T\u00fd\u017ede\u0148 otvoren\u00fdch dver\u00ed kni\u017enice PMZA\" width=\"219\" height=\"146\" srcset=\"https:\/\/pmza.sk\/wp-content\/uploads\/2015\/03\/Tyzden-otvorenych-dveri-kniznice-PMZA.jpg 1280w, https:\/\/pmza.sk\/wp-content\/uploads\/2015\/03\/Tyzden-otvorenych-dveri-kniznice-PMZA-538x360.jpg 538w, https:\/\/pmza.sk\/wp-content\/uploads\/2015\/03\/Tyzden-otvorenych-dveri-kniznice-PMZA-1101x736.jpg 1101w, https:\/\/pmza.sk\/wp-content\/uploads\/2015\/03\/Tyzden-otvorenych-dveri-kniznice-PMZA-768x514.jpg 768w, https:\/\/pmza.sk\/wp-content\/uploads\/2015\/03\/Tyzden-otvorenych-dveri-kniznice-PMZA-600x401.jpg 600w\" sizes=\"(max-width: 219px) 100vw, 219px\" \/><\/a>Dvere \u0161peci\u00e1lnej odbornej kni\u017enice v\u00a0Pova\u017eskom m\u00fazeu v\u00a0\u017diline op\u00e4\u0165 otv\u00e1rame verejnosti v\u00a0t\u00fd\u017edni <strong>od 23. do 27. marca 2015<\/strong>. Podujatie T\u00fd\u017ede\u0148 slovensk\u00fdch kni\u017en\u00edc, do ktor\u00e9ho sa pravidelne zap\u00e1ja aj Pova\u017esk\u00e9 m\u00fazeum v\u00a0\u017diline, sa uskuto\u010dn\u00ed tento rok pod spolo\u010dn\u00fdm mottom <strong>Kni\u017enice pre v\u0161etk\u00fdch<\/strong>.<\/p>\n<p>Pova\u017esk\u00e9 m\u00fazeum tradi\u010dne umo\u017e\u0148uje nazrie\u0165 do bohatstva hist\u00f3rie, pr\u00edrodovedy, archeol\u00f3gie, dopravy, etnografie, drot\u00e1rstva a\u00a0\u010fal\u0161\u00edch zauj\u00edmav\u00fdch oblast\u00ed. <em>\u201eBohat\u00fd fond literat\u00fary m\u00f4\u017ee by\u0165 zauj\u00edmav\u00fdm spolo\u010dn\u00edkom pre odborn\u00fa, ale aj laick\u00fa verejnos\u0165. Radi priv\u00edtame \u0161tudentov stredn\u00fdch a\u00a0vysok\u00fdch \u0161k\u00f4l. Inform\u00e1cie, ktor\u00e9 tu n\u00e1jdu, m\u00f4\u017eu by\u0165 pre nich vhodn\u00fdm pomocn\u00edkom pri \u0161t\u00fadiu a\u00a0vypracovan\u00ed odborn\u00fdch pr\u00e1c,\u201c<\/em> uviedla knihovn\u00ed\u010dka Pova\u017esk\u00e9ho m\u00fazea v\u00a0\u017diline Jana Sakalov\u00e1.<!--more--><\/p>\n<p>V\u00a0t\u00fd\u017edni od 23. do 27. marca 2015 marca je <strong>registr\u00e1cia <\/strong>v\u00a0kni\u017enici <strong>bezplatn\u00e1<\/strong>, bonusom bude dar\u010dekov\u00fd bal\u00ed\u010dek z\u00a0edi\u010dnej \u010dinnosti m\u00fazea, ktor\u00fd m\u00f4\u017eu registrovan\u00ed n\u00e1v\u0161tevn\u00edci vyhra\u0165. Kni\u017enica je otvoren\u00e1 denne v\u00a0\u010dase od 8.00 do 13.00 hod., v\u00a0stredu v\u00a0pred\u013a\u017eenom \u010dase do 17.00 hod., resp. v\u00a0inom dohodnutom term\u00edne.<\/p>\n<p>Ambas\u00e1dorom T\u00fd\u017ed\u0148a slovensk\u00fdch kni\u017en\u00edc 2015 bude J\u00e1n Gallovi\u010d, \u010dlen \u010cinohry Slovensk\u00e9ho n\u00e1rodn\u00e9ho divadla. T\u00fd\u017ede\u0148 slovensk\u00fdch kni\u017en\u00edc tradi\u010dne nemen\u00ed svoj z\u00e1kladn\u00fd cie\u013e: pozit\u00edvne zvidite\u013e\u0148ova\u0165 kni\u017enice ako kult\u00farne a vzdel\u00e1vacie in\u0161tit\u00facie prostredn\u00edctvom najrozmanitej\u0161ieho spektra aktiv\u00edt a podujat\u00ed.<\/p>\n<p>\u0160peci\u00e1lna, vedeck\u00e1, odborn\u00e1 kni\u017enica s bohat\u00fdm fondom je s\u00fa\u010das\u0165ou Pova\u017esk\u00e9ho m\u00fazea v\u00a0\u017diline od roku 1953. Vo fonde kni\u017enice sa nach\u00e1dza viac ako 12 000 kni\u017eni\u010dn\u00fdch jednotiek, z toho je\u00a0488 star\u00fdch tla\u010d\u00ed do r. 1918. Fond tvor\u00ed literat\u00fara spolo\u010denskovedn\u00e1, pr\u00edrodovedn\u00e1 a\u00a0vlastivedn\u00e1, s\u00a0mno\u017estvom zborn\u00edkov a\u00a0periodickej literat\u00fary z hist\u00f3rie, archeol\u00f3gie, geol\u00f3gie, botaniky, zool\u00f3gie, dopravy a n\u00e1rodopisu z dom\u00e1cej aj zahrani\u010dnej produkcie. Bli\u017e\u0161ie inform\u00e1cie o\u00a0kni\u017enici, ako aj jej <a href=\"http:\/\/194.160.178.22\/mask\/\">online katal\u00f3g<\/a> n\u00e1jdete na web str\u00e1nke m\u00fazea.<\/p>\n","protected":false},"excerpt":{"rendered":"<p>Dvere \u0161peci\u00e1lnej odbornej kni\u017enice v\u00a0Pova\u017eskom m\u00fazeu v\u00a0\u017diline op\u00e4\u0165 otv\u00e1rame verejnosti v\u00a0t\u00fd\u017edni od 23. do 27. marca 2015. Podujatie T\u00fd\u017ede\u0148 slovensk\u00fdch kni\u017en\u00edc, do ktor\u00e9ho sa pravidelne zap\u00e1ja aj Pova\u017esk\u00e9 m\u00fazeum v\u00a0\u017diline, sa uskuto\u010dn\u00ed tento rok pod spolo\u010dn\u00fdm mottom Kni\u017enice pre v\u0161etk\u00fdch. Pova\u017esk\u00e9 m\u00fazeum tradi\u010dne umo\u017e\u0148uje nazrie\u0165 do bohatstva hist\u00f3rie, pr\u00edrodovedy, archeol\u00f3gie, dopravy, etnografie, drot\u00e1rstva a\u00a0\u010fal\u0161\u00edch zauj\u00edmav\u00fdch [&hellip;]<\/p>\n","protected":false},"author":2,"featured_media":0,"comment_status":"closed","ping_status":"closed","sticky":false,"template":"","format":"standard","meta":{"site-sidebar-layout":"default","site-content-layout":"","ast-site-content-layout":"","site-content-style":"default","site-sidebar-style":"default","ast-global-header-display":"","ast-banner-title-visibility":"","ast-main-header-display":"","ast-hfb-above-header-display":"","ast-hfb-below-header-display":"","ast-hfb-mobile-header-display":"","site-post-title":"","ast-breadcrumbs-content":"","ast-featured-img":"","footer-sml-layout":"","theme-transparent-header-meta":"","adv-header-id-meta":"","stick-header-meta":"","header-above-stick-meta":"","header-main-stick-meta":"","header-below-stick-meta":"","astra-migrate-meta-layouts":"default","ast-page-background-enabled":"default","ast-page-background-meta":{"desktop":{"background-color":"var(--ast-global-color-4)","background-image":"","background-repeat":"repeat","background-position":"center center","background-size":"auto","background-attachment":"scroll","background-type":"","background-media":"","overlay-type":"","overlay-color":"","overlay-opacity":"","overlay-gradient":""},"tablet":{"background-color":"","background-image":"","background-repeat":"repeat","background-position":"center center","background-size":"auto","background-attachment":"scroll","background-type":"","background-media":"","overlay-type":"","overlay-color":"","overlay-opacity":"","overlay-gradient":""},"mobile":{"background-color":"","background-image":"","background-repeat":"repeat","background-position":"center center","background-size":"auto","background-attachment":"scroll","background-type":"","background-media":"","overlay-type":"","overlay-color":"","overlay-opacity":"","overlay-gradient":""}},"ast-content-background-meta":{"desktop":{"background-color":"var(--ast-global-color-5)","background-image":"","background-repeat":"repeat","background-position":"center center","background-size":"auto","background-attachment":"scroll","background-type":"","background-media":"","overlay-type":"","overlay-color":"","overlay-opacity":"","overlay-gradient":""},"tablet":{"background-color":"var(--ast-global-color-5)","background-image":"","background-repeat":"repeat","background-position":"center center","background-size":"auto","background-attachment":"scroll","background-type":"","background-media":"","overlay-type":"","overlay-color":"","overlay-opacity":"","overlay-gradient":""},"mobile":{"background-color":"var(--ast-global-color-5)","background-image":"","background-repeat":"repeat","background-position":"center center","background-size":"auto","background-attachment":"scroll","background-type":"","background-media":"","overlay-type":"","overlay-color":"","overlay-opacity":"","overlay-gradient":""}},"footnotes":""},"categories":[31],"tags":[],"class_list":["post-11914","post","type-post","status-publish","format-standard","hentry","category-aktuality"],"yoast_head":"<!-- This site is optimized with the Yoast SEO plugin v27.4 - https:\/\/yoast.com\/product\/yoast-seo-wordpress\/ -->\n<title>Do kni\u017enice vstup vo\u013en\u00fd - Pova\u017esk\u00e9 m\u00fazeum<\/title>\n<meta name=\"robots\" content=\"index, follow, max-snippet:-1, max-image-preview:large, max-video-preview:-1\" \/>\n<link rel=\"canonical\" href=\"https:\/\/pmza.sk\/?p=11914\" \/>\n<meta property=\"og:locale\" content=\"sk_SK\" \/>\n<meta property=\"og:type\" content=\"article\" \/>\n<meta property=\"og:title\" content=\"Do kni\u017enice vstup vo\u013en\u00fd - Pova\u017esk\u00e9 m\u00fazeum\" \/>\n<meta property=\"og:description\" content=\"Dvere \u0161peci\u00e1lnej odbornej kni\u017enice v\u00a0Pova\u017eskom m\u00fazeu v\u00a0\u017diline op\u00e4\u0165 otv\u00e1rame verejnosti v\u00a0t\u00fd\u017edni od 23. do 27. marca 2015. Podujatie T\u00fd\u017ede\u0148 slovensk\u00fdch kni\u017en\u00edc, do ktor\u00e9ho sa pravidelne zap\u00e1ja aj Pova\u017esk\u00e9 m\u00fazeum v\u00a0\u017diline, sa uskuto\u010dn\u00ed tento rok pod spolo\u010dn\u00fdm mottom Kni\u017enice pre v\u0161etk\u00fdch. Pova\u017esk\u00e9 m\u00fazeum tradi\u010dne umo\u017e\u0148uje nazrie\u0165 do bohatstva hist\u00f3rie, pr\u00edrodovedy, archeol\u00f3gie, dopravy, etnografie, drot\u00e1rstva a\u00a0\u010fal\u0161\u00edch zauj\u00edmav\u00fdch [&hellip;]\" \/>\n<meta property=\"og:url\" content=\"https:\/\/pmza.sk\/?p=11914\" \/>\n<meta property=\"og:site_name\" content=\"Pova\u017esk\u00e9 m\u00fazeum\" \/>\n<meta property=\"article:publisher\" content=\"https:\/\/www.facebook.com\/povazskemuzeum\" \/>\n<meta property=\"article:published_time\" content=\"2015-03-13T11:29:52+00:00\" \/>\n<meta property=\"og:image\" content=\"https:\/\/pmza.sk\/wp-content\/uploads\/2015\/03\/Tyzden-otvorenych-dveri-kniznice-PMZA.jpg\" \/>\n<meta name=\"author\" content=\"Pova\u017esk\u00e9 m\u00fazeum\" \/>\n<meta name=\"twitter:card\" content=\"summary_large_image\" \/>\n<meta name=\"twitter:label1\" content=\"Autor\" \/>\n\t<meta name=\"twitter:data1\" content=\"Pova\u017esk\u00e9 m\u00fazeum\" \/>\n\t<meta name=\"twitter:label2\" content=\"Predpokladan\u00fd \u010das \u010d\u00edtania\" \/>\n\t<meta name=\"twitter:data2\" content=\"2 min\u00faty\" \/>\n<script type=\"application\/ld+json\" class=\"yoast-schema-graph\">{\"@context\":\"https:\\\/\\\/schema.org\",\"@graph\":[{\"@type\":\"Article\",\"@id\":\"https:\\\/\\\/pmza.sk\\\/?p=11914#article\",\"isPartOf\":{\"@id\":\"https:\\\/\\\/pmza.sk\\\/?p=11914\"},\"author\":{\"name\":\"Pova\u017esk\u00e9 m\u00fazeum\",\"@id\":\"https:\\\/\\\/pmza.sk\\\/#\\\/schema\\\/person\\\/595e6a2ce731ea94dcd5d7f50a41ae33\"},\"headline\":\"Do kni\u017enice vstup vo\u013en\u00fd\",\"datePublished\":\"2015-03-13T11:29:52+00:00\",\"mainEntityOfPage\":{\"@id\":\"https:\\\/\\\/pmza.sk\\\/?p=11914\"},\"wordCount\":386,\"publisher\":{\"@id\":\"https:\\\/\\\/pmza.sk\\\/#organization\"},\"image\":{\"@id\":\"https:\\\/\\\/pmza.sk\\\/?p=11914#primaryimage\"},\"thumbnailUrl\":\"http:\\\/\\\/pmza.sk\\\/wp-content\\\/uploads\\\/2015\\\/03\\\/Tyzden-otvorenych-dveri-kniznice-PMZA.jpg\",\"articleSection\":[\"Aktuality\"],\"inLanguage\":\"sk-SK\"},{\"@type\":\"WebPage\",\"@id\":\"https:\\\/\\\/pmza.sk\\\/?p=11914\",\"url\":\"https:\\\/\\\/pmza.sk\\\/?p=11914\",\"name\":\"Do kni\u017enice vstup vo\u013en\u00fd - Pova\u017esk\u00e9 m\u00fazeum\",\"isPartOf\":{\"@id\":\"https:\\\/\\\/pmza.sk\\\/#website\"},\"primaryImageOfPage\":{\"@id\":\"https:\\\/\\\/pmza.sk\\\/?p=11914#primaryimage\"},\"image\":{\"@id\":\"https:\\\/\\\/pmza.sk\\\/?p=11914#primaryimage\"},\"thumbnailUrl\":\"http:\\\/\\\/pmza.sk\\\/wp-content\\\/uploads\\\/2015\\\/03\\\/Tyzden-otvorenych-dveri-kniznice-PMZA.jpg\",\"datePublished\":\"2015-03-13T11:29:52+00:00\",\"breadcrumb\":{\"@id\":\"https:\\\/\\\/pmza.sk\\\/?p=11914#breadcrumb\"},\"inLanguage\":\"sk-SK\",\"potentialAction\":[{\"@type\":\"ReadAction\",\"target\":[\"https:\\\/\\\/pmza.sk\\\/?p=11914\"]}]},{\"@type\":\"ImageObject\",\"inLanguage\":\"sk-SK\",\"@id\":\"https:\\\/\\\/pmza.sk\\\/?p=11914#primaryimage\",\"url\":\"https:\\\/\\\/pmza.sk\\\/wp-content\\\/uploads\\\/2015\\\/03\\\/Tyzden-otvorenych-dveri-kniznice-PMZA.jpg\",\"contentUrl\":\"https:\\\/\\\/pmza.sk\\\/wp-content\\\/uploads\\\/2015\\\/03\\\/Tyzden-otvorenych-dveri-kniznice-PMZA.jpg\",\"width\":1280,\"height\":856},{\"@type\":\"BreadcrumbList\",\"@id\":\"https:\\\/\\\/pmza.sk\\\/?p=11914#breadcrumb\",\"itemListElement\":[{\"@type\":\"ListItem\",\"position\":1,\"name\":\"Domovsk\u00e1 str\u00e1nka\",\"item\":\"https:\\\/\\\/pmza.sk\\\/\"},{\"@type\":\"ListItem\",\"position\":2,\"name\":\"Do kni\u017enice vstup vo\u013en\u00fd\"}]},{\"@type\":\"WebSite\",\"@id\":\"https:\\\/\\\/pmza.sk\\\/#website\",\"url\":\"https:\\\/\\\/pmza.sk\\\/\",\"name\":\"Pova\u017esk\u00e9 m\u00fazeum\",\"description\":\"Pova\u017esk\u00e9 m\u00fazeum v \u017diline je region\u00e1lne m\u00fazeum so s\u00eddlom v Budat\u00edne. Jeho expoz\u00edcie s\u00fa zameran\u00e9 na dejiny slovensk\u00e9ho umenia, kult\u00fary a dopravy.\",\"publisher\":{\"@id\":\"https:\\\/\\\/pmza.sk\\\/#organization\"},\"potentialAction\":[{\"@type\":\"SearchAction\",\"target\":{\"@type\":\"EntryPoint\",\"urlTemplate\":\"https:\\\/\\\/pmza.sk\\\/?s={search_term_string}\"},\"query-input\":{\"@type\":\"PropertyValueSpecification\",\"valueRequired\":true,\"valueName\":\"search_term_string\"}}],\"inLanguage\":\"sk-SK\"},{\"@type\":\"Organization\",\"@id\":\"https:\\\/\\\/pmza.sk\\\/#organization\",\"name\":\"Pova\u017esk\u00e9 m\u00fazeum\",\"url\":\"https:\\\/\\\/pmza.sk\\\/\",\"logo\":{\"@type\":\"ImageObject\",\"inLanguage\":\"sk-SK\",\"@id\":\"https:\\\/\\\/pmza.sk\\\/#\\\/schema\\\/logo\\\/image\\\/\",\"url\":\"https:\\\/\\\/pmza.sk\\\/wp-content\\\/uploads\\\/2022\\\/01\\\/logo_PM_horizontal.jpg\",\"contentUrl\":\"https:\\\/\\\/pmza.sk\\\/wp-content\\\/uploads\\\/2022\\\/01\\\/logo_PM_horizontal.jpg\",\"width\":231,\"height\":142,\"caption\":\"Pova\u017esk\u00e9 m\u00fazeum\"},\"image\":{\"@id\":\"https:\\\/\\\/pmza.sk\\\/#\\\/schema\\\/logo\\\/image\\\/\"},\"sameAs\":[\"https:\\\/\\\/www.facebook.com\\\/povazskemuzeum\",\"https:\\\/\\\/www.instagram.com\\\/povazskemuzeum\\\/\"]},{\"@type\":\"Person\",\"@id\":\"https:\\\/\\\/pmza.sk\\\/#\\\/schema\\\/person\\\/595e6a2ce731ea94dcd5d7f50a41ae33\",\"name\":\"Pova\u017esk\u00e9 m\u00fazeum\",\"image\":{\"@type\":\"ImageObject\",\"inLanguage\":\"sk-SK\",\"@id\":\"https:\\\/\\\/secure.gravatar.com\\\/avatar\\\/2bb7f1561282132fb5826dfeccc66c7996d11ee392ac6aaf7ced8a1c2027fbb2?s=96&d=mm&r=g\",\"url\":\"https:\\\/\\\/secure.gravatar.com\\\/avatar\\\/2bb7f1561282132fb5826dfeccc66c7996d11ee392ac6aaf7ced8a1c2027fbb2?s=96&d=mm&r=g\",\"contentUrl\":\"https:\\\/\\\/secure.gravatar.com\\\/avatar\\\/2bb7f1561282132fb5826dfeccc66c7996d11ee392ac6aaf7ced8a1c2027fbb2?s=96&d=mm&r=g\",\"caption\":\"Pova\u017esk\u00e9 m\u00fazeum\"}}]}<\/script>\n<!-- \/ Yoast SEO plugin. -->","yoast_head_json":{"title":"Do kni\u017enice vstup vo\u013en\u00fd - Pova\u017esk\u00e9 m\u00fazeum","robots":{"index":"index","follow":"follow","max-snippet":"max-snippet:-1","max-image-preview":"max-image-preview:large","max-video-preview":"max-video-preview:-1"},"canonical":"https:\/\/pmza.sk\/?p=11914","og_locale":"sk_SK","og_type":"article","og_title":"Do kni\u017enice vstup vo\u013en\u00fd - Pova\u017esk\u00e9 m\u00fazeum","og_description":"Dvere \u0161peci\u00e1lnej odbornej kni\u017enice v\u00a0Pova\u017eskom m\u00fazeu v\u00a0\u017diline op\u00e4\u0165 otv\u00e1rame verejnosti v\u00a0t\u00fd\u017edni od 23. do 27. marca 2015. Podujatie T\u00fd\u017ede\u0148 slovensk\u00fdch kni\u017en\u00edc, do ktor\u00e9ho sa pravidelne zap\u00e1ja aj Pova\u017esk\u00e9 m\u00fazeum v\u00a0\u017diline, sa uskuto\u010dn\u00ed tento rok pod spolo\u010dn\u00fdm mottom Kni\u017enice pre v\u0161etk\u00fdch. Pova\u017esk\u00e9 m\u00fazeum tradi\u010dne umo\u017e\u0148uje nazrie\u0165 do bohatstva hist\u00f3rie, pr\u00edrodovedy, archeol\u00f3gie, dopravy, etnografie, drot\u00e1rstva a\u00a0\u010fal\u0161\u00edch zauj\u00edmav\u00fdch [&hellip;]","og_url":"https:\/\/pmza.sk\/?p=11914","og_site_name":"Pova\u017esk\u00e9 m\u00fazeum","article_publisher":"https:\/\/www.facebook.com\/povazskemuzeum","article_published_time":"2015-03-13T11:29:52+00:00","og_image":[{"url":"https:\/\/pmza.sk\/wp-content\/uploads\/2015\/03\/Tyzden-otvorenych-dveri-kniznice-PMZA.jpg","type":"","width":"","height":""}],"author":"Pova\u017esk\u00e9 m\u00fazeum","twitter_card":"summary_large_image","twitter_misc":{"Autor":"Pova\u017esk\u00e9 m\u00fazeum","Predpokladan\u00fd \u010das \u010d\u00edtania":"2 min\u00faty"},"schema":{"@context":"https:\/\/schema.org","@graph":[{"@type":"Article","@id":"https:\/\/pmza.sk\/?p=11914#article","isPartOf":{"@id":"https:\/\/pmza.sk\/?p=11914"},"author":{"name":"Pova\u017esk\u00e9 m\u00fazeum","@id":"https:\/\/pmza.sk\/#\/schema\/person\/595e6a2ce731ea94dcd5d7f50a41ae33"},"headline":"Do kni\u017enice vstup vo\u013en\u00fd","datePublished":"2015-03-13T11:29:52+00:00","mainEntityOfPage":{"@id":"https:\/\/pmza.sk\/?p=11914"},"wordCount":386,"publisher":{"@id":"https:\/\/pmza.sk\/#organization"},"image":{"@id":"https:\/\/pmza.sk\/?p=11914#primaryimage"},"thumbnailUrl":"https:\/\/pmza.sk\/wp-content\/uploads\/2015\/03\/Tyzden-otvorenych-dveri-kniznice-PMZA.jpg","articleSection":["Aktuality"],"inLanguage":"sk-SK"},{"@type":"WebPage","@id":"https:\/\/pmza.sk\/?p=11914","url":"https:\/\/pmza.sk\/?p=11914","name":"Do kni\u017enice vstup vo\u013en\u00fd - Pova\u017esk\u00e9 m\u00fazeum","isPartOf":{"@id":"https:\/\/pmza.sk\/#website"},"primaryImageOfPage":{"@id":"https:\/\/pmza.sk\/?p=11914#primaryimage"},"image":{"@id":"https:\/\/pmza.sk\/?p=11914#primaryimage"},"thumbnailUrl":"https:\/\/pmza.sk\/wp-content\/uploads\/2015\/03\/Tyzden-otvorenych-dveri-kniznice-PMZA.jpg","datePublished":"2015-03-13T11:29:52+00:00","breadcrumb":{"@id":"https:\/\/pmza.sk\/?p=11914#breadcrumb"},"inLanguage":"sk-SK","potentialAction":[{"@type":"ReadAction","target":["https:\/\/pmza.sk\/?p=11914"]}]},{"@type":"ImageObject","inLanguage":"sk-SK","@id":"https:\/\/pmza.sk\/?p=11914#primaryimage","url":"https:\/\/pmza.sk\/wp-content\/uploads\/2015\/03\/Tyzden-otvorenych-dveri-kniznice-PMZA.jpg","contentUrl":"https:\/\/pmza.sk\/wp-content\/uploads\/2015\/03\/Tyzden-otvorenych-dveri-kniznice-PMZA.jpg","width":1280,"height":856},{"@type":"BreadcrumbList","@id":"https:\/\/pmza.sk\/?p=11914#breadcrumb","itemListElement":[{"@type":"ListItem","position":1,"name":"Domovsk\u00e1 str\u00e1nka","item":"https:\/\/pmza.sk\/"},{"@type":"ListItem","position":2,"name":"Do kni\u017enice vstup vo\u013en\u00fd"}]},{"@type":"WebSite","@id":"https:\/\/pmza.sk\/#website","url":"https:\/\/pmza.sk\/","name":"Pova\u017esk\u00e9 m\u00fazeum","description":"Pova\u017esk\u00e9 m\u00fazeum v \u017diline je region\u00e1lne m\u00fazeum so s\u00eddlom v Budat\u00edne. Jeho expoz\u00edcie s\u00fa zameran\u00e9 na dejiny slovensk\u00e9ho umenia, kult\u00fary a dopravy.","publisher":{"@id":"https:\/\/pmza.sk\/#organization"},"potentialAction":[{"@type":"SearchAction","target":{"@type":"EntryPoint","urlTemplate":"https:\/\/pmza.sk\/?s={search_term_string}"},"query-input":{"@type":"PropertyValueSpecification","valueRequired":true,"valueName":"search_term_string"}}],"inLanguage":"sk-SK"},{"@type":"Organization","@id":"https:\/\/pmza.sk\/#organization","name":"Pova\u017esk\u00e9 m\u00fazeum","url":"https:\/\/pmza.sk\/","logo":{"@type":"ImageObject","inLanguage":"sk-SK","@id":"https:\/\/pmza.sk\/#\/schema\/logo\/image\/","url":"https:\/\/pmza.sk\/wp-content\/uploads\/2022\/01\/logo_PM_horizontal.jpg","contentUrl":"https:\/\/pmza.sk\/wp-content\/uploads\/2022\/01\/logo_PM_horizontal.jpg","width":231,"height":142,"caption":"Pova\u017esk\u00e9 m\u00fazeum"},"image":{"@id":"https:\/\/pmza.sk\/#\/schema\/logo\/image\/"},"sameAs":["https:\/\/www.facebook.com\/povazskemuzeum","https:\/\/www.instagram.com\/povazskemuzeum\/"]},{"@type":"Person","@id":"https:\/\/pmza.sk\/#\/schema\/person\/595e6a2ce731ea94dcd5d7f50a41ae33","name":"Pova\u017esk\u00e9 m\u00fazeum","image":{"@type":"ImageObject","inLanguage":"sk-SK","@id":"https:\/\/secure.gravatar.com\/avatar\/2bb7f1561282132fb5826dfeccc66c7996d11ee392ac6aaf7ced8a1c2027fbb2?s=96&d=mm&r=g","url":"https:\/\/secure.gravatar.com\/avatar\/2bb7f1561282132fb5826dfeccc66c7996d11ee392ac6aaf7ced8a1c2027fbb2?s=96&d=mm&r=g","contentUrl":"https:\/\/secure.gravatar.com\/avatar\/2bb7f1561282132fb5826dfeccc66c7996d11ee392ac6aaf7ced8a1c2027fbb2?s=96&d=mm&r=g","caption":"Pova\u017esk\u00e9 m\u00fazeum"}}]}},"_links":{"self":[{"href":"https:\/\/pmza.sk\/index.php?rest_route=\/wp\/v2\/posts\/11914","targetHints":{"allow":["GET"]}}],"collection":[{"href":"https:\/\/pmza.sk\/index.php?rest_route=\/wp\/v2\/posts"}],"about":[{"href":"https:\/\/pmza.sk\/index.php?rest_route=\/wp\/v2\/types\/post"}],"author":[{"embeddable":true,"href":"https:\/\/pmza.sk\/index.php?rest_route=\/wp\/v2\/users\/2"}],"replies":[{"embeddable":true,"href":"https:\/\/pmza.sk\/index.php?rest_route=%2Fwp%2Fv2%2Fcomments&post=11914"}],"version-history":[{"count":0,"href":"https:\/\/pmza.sk\/index.php?rest_route=\/wp\/v2\/posts\/11914\/revisions"}],"wp:attachment":[{"href":"https:\/\/pmza.sk\/index.php?rest_route=%2Fwp%2Fv2%2Fmedia&parent=11914"}],"wp:term":[{"taxonomy":"category","embeddable":true,"href":"https:\/\/pmza.sk\/index.php?rest_route=%2Fwp%2Fv2%2Fcategories&post=11914"},{"taxonomy":"post_tag","embeddable":true,"href":"https:\/\/pmza.sk\/index.php?rest_route=%2Fwp%2Fv2%2Ftags&post=11914"}],"curies":[{"name":"wp","href":"https:\/\/api.w.org\/{rel}","templated":true}]}}