{"id":11932,"date":"2015-03-17T07:25:56","date_gmt":"2015-03-17T06:25:56","guid":{"rendered":"https:\/\/pmza.sk.sk\/?p=11932"},"modified":"2015-03-17T07:25:56","modified_gmt":"2015-03-17T06:25:56","slug":"aj-budatinska-veza-bude-svietit-na-modro","status":"publish","type":"post","link":"https:\/\/pmza.sk\/?p=11932","title":{"rendered":"Aj Budat\u00ednska ve\u017ea bude svieti\u0165 na modro"},"content":{"rendered":"<p><strong><a href=\"https:\/\/pmza.sk\/wp-content\/uploads\/2015\/03\/liub-logo-e1521717944719.png\"><img decoding=\"async\" class=\"alignleft  wp-image-11934\" src=\"https:\/\/pmza.sk\/wp-content\/uploads\/2015\/03\/liub-logo-e1521717944719.png\" alt=\"liub-logo\" width=\"241\" height=\"124\" \/><\/a>Mesto \u017dilina pri pr\u00edle\u017eitosti Svetov\u00e9ho d\u0148a povedomia o\u00a0autizme (2. apr\u00edl), vyjadr\u00ed svoju solidaritu s\u00a0autizmom modr\u00fdm vysvieten\u00edm \u017dilinskej radnice, Burianovej ve\u017ee a\u00a0Budat\u00ednskej ve\u017ee.<\/strong><\/p>\n<p>V\u00fdznamn\u00e1 svetov\u00e1 organiz\u00e1cia <strong>AUTISM SPEAKS<\/strong> vedie od roku 2008 medzin\u00e1rodn\u00fa kampa\u0148 <strong>LIGHT IT UP BLUE<\/strong>, \u010do v preklade znamen\u00e1 <strong>VYSVIE\u0164ME TO NA MODRO.<\/strong> V tento de\u0148 v\u00fdznamn\u00e9 budovy a pam\u00e4tihodnosti po celom svete (Empire State Building, New York, Opera v Sydney, Niagarsk\u00e9 vodop\u00e1dy, Kanada, Svetov\u00e9 obchodn\u00e9 centrum, Bahrain, Parlament v Budape\u0161ti&#8230;) bud\u00fa vysvieten\u00e9 modr\u00fdm svetlom. K tejto kampani sa ka\u017edoro\u010dne prip\u00e1ja aj Slovensko.<!--more--><\/p>\n<p>Modr\u00e1 farba je farbou komunik\u00e1cie a\u00a0z\u00e1rove\u0148 symbolom autizmu<strong>, <\/strong>v\u00fdvinovej poruchy, ktor\u00e1 ovplyv\u0148uje v s\u00fa\u010dasnosti viac ako 70 mili\u00f3nov \u013eud\u00ed na celom svete. Modr\u00e1 sa z\u00e1rove\u0148 stala \u00fastrednou farbou celosvetovej kampane <strong>LIGHT IT UP BLUE.<\/strong><\/p>\n<p><strong>SPOSA \u2013\u017dR<\/strong> (Spolo\u010dnos\u0165 na pomoc osob\u00e1m s autizmom &#8211; \u017dilinsk\u00fd regi\u00f3n) sa u\u017e po tret\u00edkr\u00e1t zap\u00e1ja do modrej kampane. <strong>V\u00a0d\u0148och od 31. marca do 2. apr\u00edla<\/strong> sa \u017dilina rozsvieti na modro po\u010das trojd\u0148ov\u00e9ho festivalu s\u00a0rovnomenn\u00fdm n\u00e1zvom <strong>LIGHT IT UP BLUE. <\/strong><\/p>\n<p><strong>PRV\u00dd DE\u0147 (31.marec)<\/strong><\/p>\n<p>Festival sa za\u010dne otvoren\u00edm v\u00fdstavy autistick\u00fdch diel v\u00a0kn\u00edhkupectve <strong>ARTFORUM v\u00a0\u017diline<\/strong>, ktor\u00e9 si z\u00e1rove\u0148 poct\u00ed Svetov\u00fd de\u0148 povedomia o\u00a0autizme, presklen\u00fdm modr\u00fdm kni\u017en\u00fdm v\u00fdkladom.<\/p>\n<p><strong>31. marca<\/strong> autistick\u00e9 deti a\u00a0ich rodi\u010dov spolo\u010dnosti <strong>SPOSA \u2013 \u017dR<\/strong> (Spolo\u010dnos\u0165 na pomoc osob\u00e1m s autizmom &#8211; \u017dilinsk\u00fd regi\u00f3n) \u010dak\u00e1 <strong>\u201eModr\u00fd v\u00fdlet\u201c<\/strong>. V\u00a0modr\u00fdch tri\u010dk\u00e1ch s\u00a0logom celosvetovej kampane nav\u0161t\u00edvia Budat\u00ednsky park a <strong>Budat\u00ednsku ve\u017eu<\/strong>, kde ich \u010dak\u00e1 \u0161peci\u00e1lne prisp\u00f4soben\u00fd v\u00fdklad lektoriek.<\/p>\n<p>Prv\u00fd de\u0148 festivalu sa ukon\u010d\u00ed mimoriadnymi <strong>ve\u010dern\u00fdmi prehliadkami Budat\u00ednskej ve\u017ee<\/strong> pre verejnos\u0165 a\u00a0modr\u00fdm vysvieten\u00edm tejto pamiatky, ktor\u00e1 skr\u00fdva mnoho zauj\u00edmavost\u00ed a historick\u00fdch skuto\u010dnost\u00ed. Novootvoren\u00e1 ve\u017ea (po rekon\u0161trukcii od j\u00fala 2014), zostane modrou vysvieten\u00e1 v priebehu zotmenia a\u017e do konca festivalu.<\/p>\n<p><strong>DRUH\u00dd DE\u0147 (1.apr\u00edl)<\/strong><\/p>\n<p>Po\u010das <strong>1. apr\u00edla<\/strong> bude na <strong>Mari\u00e1nskom n\u00e1mest\u00ed v\u00a0\u017diline<\/strong> naozaj veselo! Vyst\u00fapi <strong>Juraj \u201e\u0160oko\u201c Taba\u010dek<\/strong> so svojim STAND-UP-om na t\u00e9mu Autizmus , <strong>Basie Frank Band<\/strong> na \u010dele <strong>s\u00a0Barborou<\/strong> <strong>\u0160vidra\u0148ovou<\/strong> v\u00a0hudobnom sprievode jej brata, \u0160imona \u0160vidra\u0148a. Zabav\u00ed v\u00e1s aj akustick\u00fd koncert v\u00a0podan\u00ed <strong>Bystr\u00edka a\u00a0Roba Pappa<\/strong>, \u017eilinsk\u00e9 <strong>Divadlo zo \u0161ufl\u00edka<\/strong> s\u00a0b\u00e1bkov\u00fdm predstaven\u00edm pre deti &#8211; Pinokio, <strong>All stars band<\/strong>, <strong>FS Rov\u0148an<\/strong> a\u00a0\u010fal\u0161\u00ed.<\/p>\n<p>Exkluz\u00edvne v\u00a0r\u00e1mci <strong>LIGHT IT UP BLUE<\/strong> sa klub <strong>M\u0160K \u017dilina<\/strong> na Mari\u00e1nskom n\u00e1mest\u00ed objav\u00ed vo farb\u00e1ch s\u00fapera, \u010d\u00edm <em>podpor\u00ed akciu, ktor\u00e1 je prejavom \u013eudskej tolerancie a pom\u00e1ha v spolo\u010dnosti akceptova\u0165 \u013eud\u00ed, ktor\u00ed s\u00fa trochu in\u00ed.<\/em><\/p>\n<p>Druh\u00fd de\u0148 festivalu bude spestren\u00fd aj o\u00a0s\u00fa\u0165a\u017ee a\u00a0detsk\u00fd k\u00fatik a\u00a0vyvrchol\u00ed o 19:00 sl\u00e1vnostn\u00fdm rozsvieten\u00edm \u201enamodro\u201c <strong>Radnice mesta \u017dilina<\/strong> na Mari\u00e1nskom n\u00e1mest\u00ed a <strong>Burianovej ve\u017ee <\/strong>na Hornom vale.<\/p>\n<p><strong>TRET\u00cd DE\u0147 (2.apr\u00edl)<\/strong><\/p>\n<p>Posledn\u00fd ve\u010der festivalu (2.4.) bude patri\u0165 <strong>Stanici \u017dilina Z\u00e1rie\u010die<\/strong>. Kde sa m\u00f4\u017eete zapoji\u0165 do diskusie \u201e\u017eivot s\u00a0autizmom\u201c s\u00a0odborn\u00ed\u010dkou, Mgr. Katar\u00ednou Melovou a dvomi s\u00farodencami os\u00f4b (\u013eud\u00ed) s\u00a0autizmom. Premieta\u0165 sa bude nov\u00fd film Jara Vojteka \u201eTak \u010faleko, tak bl\u00edzko\u201c, ktor\u00fd vznikal dlh\u00fdch sedem rokov, po\u010das ktor\u00fdch zaznamen\u00e1val dospievanie \u0161tyroch det\u00ed s\u00a0r\u00f4znymi druhmi autizmu.<\/p>\n<p>Cel\u00fdm festivalom bud\u00fa sprev\u00e1dza\u0165 maskoty <strong>SPOSA-\u017dR<\/strong> <strong>\u201eModr\u00ed pan\u00e1\u010dikovia\u201c<\/strong>, ktor\u00ed symbolizuj\u00fa logo tejto organiz\u00e1cie. K dispoz\u00edcii bud\u00fa propaga\u010dn\u00e9 materi\u00e1ly a\u00a0let\u00e1ky, a ako dar\u010dek, magnetka <strong>\u201eModr\u00fd pan\u00e1\u010dik\u201c<\/strong>.<\/p>\n<p><a href=\"https:\/\/pmza.sk\/wp-content\/uploads\/2015\/03\/Ligt-it-up-blue-2015.jpg\"><img fetchpriority=\"high\" decoding=\"async\" class=\"wp-image-11931 aligncenter\" src=\"https:\/\/pmza.sk\/wp-content\/uploads\/2015\/03\/Ligt-it-up-blue-2015.jpg\" alt=\"Ligt it up blue 2015\" width=\"572\" height=\"545\" srcset=\"https:\/\/pmza.sk\/wp-content\/uploads\/2015\/03\/Ligt-it-up-blue-2015.jpg 1280w, https:\/\/pmza.sk\/wp-content\/uploads\/2015\/03\/Ligt-it-up-blue-2015-378x360.jpg 378w, https:\/\/pmza.sk\/wp-content\/uploads\/2015\/03\/Ligt-it-up-blue-2015-773x736.jpg 773w, https:\/\/pmza.sk\/wp-content\/uploads\/2015\/03\/Ligt-it-up-blue-2015-768x731.jpg 768w, https:\/\/pmza.sk\/wp-content\/uploads\/2015\/03\/Ligt-it-up-blue-2015-600x571.jpg 600w\" sizes=\"(max-width: 572px) 100vw, 572px\" \/><\/a><\/p>\n<p>&nbsp;<\/p>\n","protected":false},"excerpt":{"rendered":"<p>Mesto \u017dilina pri pr\u00edle\u017eitosti Svetov\u00e9ho d\u0148a povedomia o\u00a0autizme (2. apr\u00edl), vyjadr\u00ed svoju solidaritu s\u00a0autizmom modr\u00fdm vysvieten\u00edm \u017dilinskej radnice, Burianovej ve\u017ee a\u00a0Budat\u00ednskej ve\u017ee. V\u00fdznamn\u00e1 svetov\u00e1 organiz\u00e1cia AUTISM SPEAKS vedie od roku 2008 medzin\u00e1rodn\u00fa kampa\u0148 LIGHT IT UP BLUE, \u010do v preklade znamen\u00e1 VYSVIE\u0164ME TO NA MODRO. V tento de\u0148 v\u00fdznamn\u00e9 budovy a pam\u00e4tihodnosti po celom svete [&hellip;]<\/p>\n","protected":false},"author":2,"featured_media":0,"comment_status":"closed","ping_status":"closed","sticky":false,"template":"","format":"standard","meta":{"site-sidebar-layout":"default","site-content-layout":"","ast-site-content-layout":"","site-content-style":"default","site-sidebar-style":"default","ast-global-header-display":"","ast-banner-title-visibility":"","ast-main-header-display":"","ast-hfb-above-header-display":"","ast-hfb-below-header-display":"","ast-hfb-mobile-header-display":"","site-post-title":"","ast-breadcrumbs-content":"","ast-featured-img":"","footer-sml-layout":"","theme-transparent-header-meta":"","adv-header-id-meta":"","stick-header-meta":"","header-above-stick-meta":"","header-main-stick-meta":"","header-below-stick-meta":"","astra-migrate-meta-layouts":"default","ast-page-background-enabled":"default","ast-page-background-meta":{"desktop":{"background-color":"var(--ast-global-color-4)","background-image":"","background-repeat":"repeat","background-position":"center center","background-size":"auto","background-attachment":"scroll","background-type":"","background-media":"","overlay-type":"","overlay-color":"","overlay-opacity":"","overlay-gradient":""},"tablet":{"background-color":"","background-image":"","background-repeat":"repeat","background-position":"center center","background-size":"auto","background-attachment":"scroll","background-type":"","background-media":"","overlay-type":"","overlay-color":"","overlay-opacity":"","overlay-gradient":""},"mobile":{"background-color":"","background-image":"","background-repeat":"repeat","background-position":"center center","background-size":"auto","background-attachment":"scroll","background-type":"","background-media":"","overlay-type":"","overlay-color":"","overlay-opacity":"","overlay-gradient":""}},"ast-content-background-meta":{"desktop":{"background-color":"var(--ast-global-color-5)","background-image":"","background-repeat":"repeat","background-position":"center center","background-size":"auto","background-attachment":"scroll","background-type":"","background-media":"","overlay-type":"","overlay-color":"","overlay-opacity":"","overlay-gradient":""},"tablet":{"background-color":"var(--ast-global-color-5)","background-image":"","background-repeat":"repeat","background-position":"center center","background-size":"auto","background-attachment":"scroll","background-type":"","background-media":"","overlay-type":"","overlay-color":"","overlay-opacity":"","overlay-gradient":""},"mobile":{"background-color":"var(--ast-global-color-5)","background-image":"","background-repeat":"repeat","background-position":"center center","background-size":"auto","background-attachment":"scroll","background-type":"","background-media":"","overlay-type":"","overlay-color":"","overlay-opacity":"","overlay-gradient":""}},"footnotes":""},"categories":[31],"tags":[],"class_list":["post-11932","post","type-post","status-publish","format-standard","hentry","category-aktuality"],"yoast_head":"<!-- This site is optimized with the Yoast SEO plugin v27.4 - https:\/\/yoast.com\/product\/yoast-seo-wordpress\/ -->\n<title>Aj Budat\u00ednska ve\u017ea bude svieti\u0165 na modro - Pova\u017esk\u00e9 m\u00fazeum<\/title>\n<meta name=\"robots\" content=\"index, follow, max-snippet:-1, max-image-preview:large, max-video-preview:-1\" \/>\n<link rel=\"canonical\" href=\"https:\/\/pmza.sk\/?p=11932\" \/>\n<meta property=\"og:locale\" content=\"sk_SK\" \/>\n<meta property=\"og:type\" content=\"article\" \/>\n<meta property=\"og:title\" content=\"Aj Budat\u00ednska ve\u017ea bude svieti\u0165 na modro - Pova\u017esk\u00e9 m\u00fazeum\" \/>\n<meta property=\"og:description\" content=\"Mesto \u017dilina pri pr\u00edle\u017eitosti Svetov\u00e9ho d\u0148a povedomia o\u00a0autizme (2. apr\u00edl), vyjadr\u00ed svoju solidaritu s\u00a0autizmom modr\u00fdm vysvieten\u00edm \u017dilinskej radnice, Burianovej ve\u017ee a\u00a0Budat\u00ednskej ve\u017ee. V\u00fdznamn\u00e1 svetov\u00e1 organiz\u00e1cia AUTISM SPEAKS vedie od roku 2008 medzin\u00e1rodn\u00fa kampa\u0148 LIGHT IT UP BLUE, \u010do v preklade znamen\u00e1 VYSVIE\u0164ME TO NA MODRO. V tento de\u0148 v\u00fdznamn\u00e9 budovy a pam\u00e4tihodnosti po celom svete [&hellip;]\" \/>\n<meta property=\"og:url\" content=\"https:\/\/pmza.sk\/?p=11932\" \/>\n<meta property=\"og:site_name\" content=\"Pova\u017esk\u00e9 m\u00fazeum\" \/>\n<meta property=\"article:publisher\" content=\"https:\/\/www.facebook.com\/povazskemuzeum\" \/>\n<meta property=\"article:published_time\" content=\"2015-03-17T06:25:56+00:00\" \/>\n<meta property=\"og:image\" content=\"https:\/\/pmza.sk\/wp-content\/uploads\/2015\/03\/liub-logo-e1521717944719.png\" \/>\n<meta name=\"author\" content=\"Pova\u017esk\u00e9 m\u00fazeum\" \/>\n<meta name=\"twitter:card\" content=\"summary_large_image\" \/>\n<meta name=\"twitter:label1\" content=\"Autor\" \/>\n\t<meta name=\"twitter:data1\" content=\"Pova\u017esk\u00e9 m\u00fazeum\" \/>\n\t<meta name=\"twitter:label2\" content=\"Predpokladan\u00fd \u010das \u010d\u00edtania\" \/>\n\t<meta name=\"twitter:data2\" content=\"3 min\u00faty\" \/>\n<script type=\"application\/ld+json\" class=\"yoast-schema-graph\">{\"@context\":\"https:\\\/\\\/schema.org\",\"@graph\":[{\"@type\":\"Article\",\"@id\":\"https:\\\/\\\/pmza.sk\\\/?p=11932#article\",\"isPartOf\":{\"@id\":\"https:\\\/\\\/pmza.sk\\\/?p=11932\"},\"author\":{\"name\":\"Pova\u017esk\u00e9 m\u00fazeum\",\"@id\":\"https:\\\/\\\/pmza.sk\\\/#\\\/schema\\\/person\\\/595e6a2ce731ea94dcd5d7f50a41ae33\"},\"headline\":\"Aj Budat\u00ednska ve\u017ea bude svieti\u0165 na modro\",\"datePublished\":\"2015-03-17T06:25:56+00:00\",\"mainEntityOfPage\":{\"@id\":\"https:\\\/\\\/pmza.sk\\\/?p=11932\"},\"wordCount\":639,\"publisher\":{\"@id\":\"https:\\\/\\\/pmza.sk\\\/#organization\"},\"image\":{\"@id\":\"https:\\\/\\\/pmza.sk\\\/?p=11932#primaryimage\"},\"thumbnailUrl\":\"http:\\\/\\\/pmza.sk\\\/wp-content\\\/uploads\\\/2015\\\/03\\\/liub-logo-e1521717944719.png\",\"articleSection\":[\"Aktuality\"],\"inLanguage\":\"sk-SK\"},{\"@type\":\"WebPage\",\"@id\":\"https:\\\/\\\/pmza.sk\\\/?p=11932\",\"url\":\"https:\\\/\\\/pmza.sk\\\/?p=11932\",\"name\":\"Aj Budat\u00ednska ve\u017ea bude svieti\u0165 na modro - Pova\u017esk\u00e9 m\u00fazeum\",\"isPartOf\":{\"@id\":\"https:\\\/\\\/pmza.sk\\\/#website\"},\"primaryImageOfPage\":{\"@id\":\"https:\\\/\\\/pmza.sk\\\/?p=11932#primaryimage\"},\"image\":{\"@id\":\"https:\\\/\\\/pmza.sk\\\/?p=11932#primaryimage\"},\"thumbnailUrl\":\"http:\\\/\\\/pmza.sk\\\/wp-content\\\/uploads\\\/2015\\\/03\\\/liub-logo-e1521717944719.png\",\"datePublished\":\"2015-03-17T06:25:56+00:00\",\"breadcrumb\":{\"@id\":\"https:\\\/\\\/pmza.sk\\\/?p=11932#breadcrumb\"},\"inLanguage\":\"sk-SK\",\"potentialAction\":[{\"@type\":\"ReadAction\",\"target\":[\"https:\\\/\\\/pmza.sk\\\/?p=11932\"]}]},{\"@type\":\"ImageObject\",\"inLanguage\":\"sk-SK\",\"@id\":\"https:\\\/\\\/pmza.sk\\\/?p=11932#primaryimage\",\"url\":\"https:\\\/\\\/pmza.sk\\\/wp-content\\\/uploads\\\/2015\\\/03\\\/liub-logo-e1521717944719.png\",\"contentUrl\":\"https:\\\/\\\/pmza.sk\\\/wp-content\\\/uploads\\\/2015\\\/03\\\/liub-logo-e1521717944719.png\",\"width\":286,\"height\":147},{\"@type\":\"BreadcrumbList\",\"@id\":\"https:\\\/\\\/pmza.sk\\\/?p=11932#breadcrumb\",\"itemListElement\":[{\"@type\":\"ListItem\",\"position\":1,\"name\":\"Domovsk\u00e1 str\u00e1nka\",\"item\":\"https:\\\/\\\/pmza.sk\\\/\"},{\"@type\":\"ListItem\",\"position\":2,\"name\":\"Aj Budat\u00ednska ve\u017ea bude svieti\u0165 na modro\"}]},{\"@type\":\"WebSite\",\"@id\":\"https:\\\/\\\/pmza.sk\\\/#website\",\"url\":\"https:\\\/\\\/pmza.sk\\\/\",\"name\":\"Pova\u017esk\u00e9 m\u00fazeum\",\"description\":\"Pova\u017esk\u00e9 m\u00fazeum v \u017diline je region\u00e1lne m\u00fazeum so s\u00eddlom v Budat\u00edne. Jeho expoz\u00edcie s\u00fa zameran\u00e9 na dejiny slovensk\u00e9ho umenia, kult\u00fary a dopravy.\",\"publisher\":{\"@id\":\"https:\\\/\\\/pmza.sk\\\/#organization\"},\"potentialAction\":[{\"@type\":\"SearchAction\",\"target\":{\"@type\":\"EntryPoint\",\"urlTemplate\":\"https:\\\/\\\/pmza.sk\\\/?s={search_term_string}\"},\"query-input\":{\"@type\":\"PropertyValueSpecification\",\"valueRequired\":true,\"valueName\":\"search_term_string\"}}],\"inLanguage\":\"sk-SK\"},{\"@type\":\"Organization\",\"@id\":\"https:\\\/\\\/pmza.sk\\\/#organization\",\"name\":\"Pova\u017esk\u00e9 m\u00fazeum\",\"url\":\"https:\\\/\\\/pmza.sk\\\/\",\"logo\":{\"@type\":\"ImageObject\",\"inLanguage\":\"sk-SK\",\"@id\":\"https:\\\/\\\/pmza.sk\\\/#\\\/schema\\\/logo\\\/image\\\/\",\"url\":\"https:\\\/\\\/pmza.sk\\\/wp-content\\\/uploads\\\/2022\\\/01\\\/logo_PM_horizontal.jpg\",\"contentUrl\":\"https:\\\/\\\/pmza.sk\\\/wp-content\\\/uploads\\\/2022\\\/01\\\/logo_PM_horizontal.jpg\",\"width\":231,\"height\":142,\"caption\":\"Pova\u017esk\u00e9 m\u00fazeum\"},\"image\":{\"@id\":\"https:\\\/\\\/pmza.sk\\\/#\\\/schema\\\/logo\\\/image\\\/\"},\"sameAs\":[\"https:\\\/\\\/www.facebook.com\\\/povazskemuzeum\",\"https:\\\/\\\/www.instagram.com\\\/povazskemuzeum\\\/\"]},{\"@type\":\"Person\",\"@id\":\"https:\\\/\\\/pmza.sk\\\/#\\\/schema\\\/person\\\/595e6a2ce731ea94dcd5d7f50a41ae33\",\"name\":\"Pova\u017esk\u00e9 m\u00fazeum\",\"image\":{\"@type\":\"ImageObject\",\"inLanguage\":\"sk-SK\",\"@id\":\"https:\\\/\\\/secure.gravatar.com\\\/avatar\\\/2bb7f1561282132fb5826dfeccc66c7996d11ee392ac6aaf7ced8a1c2027fbb2?s=96&d=mm&r=g\",\"url\":\"https:\\\/\\\/secure.gravatar.com\\\/avatar\\\/2bb7f1561282132fb5826dfeccc66c7996d11ee392ac6aaf7ced8a1c2027fbb2?s=96&d=mm&r=g\",\"contentUrl\":\"https:\\\/\\\/secure.gravatar.com\\\/avatar\\\/2bb7f1561282132fb5826dfeccc66c7996d11ee392ac6aaf7ced8a1c2027fbb2?s=96&d=mm&r=g\",\"caption\":\"Pova\u017esk\u00e9 m\u00fazeum\"}}]}<\/script>\n<!-- \/ Yoast SEO plugin. -->","yoast_head_json":{"title":"Aj Budat\u00ednska ve\u017ea bude svieti\u0165 na modro - Pova\u017esk\u00e9 m\u00fazeum","robots":{"index":"index","follow":"follow","max-snippet":"max-snippet:-1","max-image-preview":"max-image-preview:large","max-video-preview":"max-video-preview:-1"},"canonical":"https:\/\/pmza.sk\/?p=11932","og_locale":"sk_SK","og_type":"article","og_title":"Aj Budat\u00ednska ve\u017ea bude svieti\u0165 na modro - Pova\u017esk\u00e9 m\u00fazeum","og_description":"Mesto \u017dilina pri pr\u00edle\u017eitosti Svetov\u00e9ho d\u0148a povedomia o\u00a0autizme (2. apr\u00edl), vyjadr\u00ed svoju solidaritu s\u00a0autizmom modr\u00fdm vysvieten\u00edm \u017dilinskej radnice, Burianovej ve\u017ee a\u00a0Budat\u00ednskej ve\u017ee. V\u00fdznamn\u00e1 svetov\u00e1 organiz\u00e1cia AUTISM SPEAKS vedie od roku 2008 medzin\u00e1rodn\u00fa kampa\u0148 LIGHT IT UP BLUE, \u010do v preklade znamen\u00e1 VYSVIE\u0164ME TO NA MODRO. V tento de\u0148 v\u00fdznamn\u00e9 budovy a pam\u00e4tihodnosti po celom svete [&hellip;]","og_url":"https:\/\/pmza.sk\/?p=11932","og_site_name":"Pova\u017esk\u00e9 m\u00fazeum","article_publisher":"https:\/\/www.facebook.com\/povazskemuzeum","article_published_time":"2015-03-17T06:25:56+00:00","og_image":[{"url":"https:\/\/pmza.sk\/wp-content\/uploads\/2015\/03\/liub-logo-e1521717944719.png","type":"","width":"","height":""}],"author":"Pova\u017esk\u00e9 m\u00fazeum","twitter_card":"summary_large_image","twitter_misc":{"Autor":"Pova\u017esk\u00e9 m\u00fazeum","Predpokladan\u00fd \u010das \u010d\u00edtania":"3 min\u00faty"},"schema":{"@context":"https:\/\/schema.org","@graph":[{"@type":"Article","@id":"https:\/\/pmza.sk\/?p=11932#article","isPartOf":{"@id":"https:\/\/pmza.sk\/?p=11932"},"author":{"name":"Pova\u017esk\u00e9 m\u00fazeum","@id":"https:\/\/pmza.sk\/#\/schema\/person\/595e6a2ce731ea94dcd5d7f50a41ae33"},"headline":"Aj Budat\u00ednska ve\u017ea bude svieti\u0165 na modro","datePublished":"2015-03-17T06:25:56+00:00","mainEntityOfPage":{"@id":"https:\/\/pmza.sk\/?p=11932"},"wordCount":639,"publisher":{"@id":"https:\/\/pmza.sk\/#organization"},"image":{"@id":"https:\/\/pmza.sk\/?p=11932#primaryimage"},"thumbnailUrl":"https:\/\/pmza.sk\/wp-content\/uploads\/2015\/03\/liub-logo-e1521717944719.png","articleSection":["Aktuality"],"inLanguage":"sk-SK"},{"@type":"WebPage","@id":"https:\/\/pmza.sk\/?p=11932","url":"https:\/\/pmza.sk\/?p=11932","name":"Aj Budat\u00ednska ve\u017ea bude svieti\u0165 na modro - Pova\u017esk\u00e9 m\u00fazeum","isPartOf":{"@id":"https:\/\/pmza.sk\/#website"},"primaryImageOfPage":{"@id":"https:\/\/pmza.sk\/?p=11932#primaryimage"},"image":{"@id":"https:\/\/pmza.sk\/?p=11932#primaryimage"},"thumbnailUrl":"https:\/\/pmza.sk\/wp-content\/uploads\/2015\/03\/liub-logo-e1521717944719.png","datePublished":"2015-03-17T06:25:56+00:00","breadcrumb":{"@id":"https:\/\/pmza.sk\/?p=11932#breadcrumb"},"inLanguage":"sk-SK","potentialAction":[{"@type":"ReadAction","target":["https:\/\/pmza.sk\/?p=11932"]}]},{"@type":"ImageObject","inLanguage":"sk-SK","@id":"https:\/\/pmza.sk\/?p=11932#primaryimage","url":"https:\/\/pmza.sk\/wp-content\/uploads\/2015\/03\/liub-logo-e1521717944719.png","contentUrl":"https:\/\/pmza.sk\/wp-content\/uploads\/2015\/03\/liub-logo-e1521717944719.png","width":286,"height":147},{"@type":"BreadcrumbList","@id":"https:\/\/pmza.sk\/?p=11932#breadcrumb","itemListElement":[{"@type":"ListItem","position":1,"name":"Domovsk\u00e1 str\u00e1nka","item":"https:\/\/pmza.sk\/"},{"@type":"ListItem","position":2,"name":"Aj Budat\u00ednska ve\u017ea bude svieti\u0165 na modro"}]},{"@type":"WebSite","@id":"https:\/\/pmza.sk\/#website","url":"https:\/\/pmza.sk\/","name":"Pova\u017esk\u00e9 m\u00fazeum","description":"Pova\u017esk\u00e9 m\u00fazeum v \u017diline je region\u00e1lne m\u00fazeum so s\u00eddlom v Budat\u00edne. Jeho expoz\u00edcie s\u00fa zameran\u00e9 na dejiny slovensk\u00e9ho umenia, kult\u00fary a dopravy.","publisher":{"@id":"https:\/\/pmza.sk\/#organization"},"potentialAction":[{"@type":"SearchAction","target":{"@type":"EntryPoint","urlTemplate":"https:\/\/pmza.sk\/?s={search_term_string}"},"query-input":{"@type":"PropertyValueSpecification","valueRequired":true,"valueName":"search_term_string"}}],"inLanguage":"sk-SK"},{"@type":"Organization","@id":"https:\/\/pmza.sk\/#organization","name":"Pova\u017esk\u00e9 m\u00fazeum","url":"https:\/\/pmza.sk\/","logo":{"@type":"ImageObject","inLanguage":"sk-SK","@id":"https:\/\/pmza.sk\/#\/schema\/logo\/image\/","url":"https:\/\/pmza.sk\/wp-content\/uploads\/2022\/01\/logo_PM_horizontal.jpg","contentUrl":"https:\/\/pmza.sk\/wp-content\/uploads\/2022\/01\/logo_PM_horizontal.jpg","width":231,"height":142,"caption":"Pova\u017esk\u00e9 m\u00fazeum"},"image":{"@id":"https:\/\/pmza.sk\/#\/schema\/logo\/image\/"},"sameAs":["https:\/\/www.facebook.com\/povazskemuzeum","https:\/\/www.instagram.com\/povazskemuzeum\/"]},{"@type":"Person","@id":"https:\/\/pmza.sk\/#\/schema\/person\/595e6a2ce731ea94dcd5d7f50a41ae33","name":"Pova\u017esk\u00e9 m\u00fazeum","image":{"@type":"ImageObject","inLanguage":"sk-SK","@id":"https:\/\/secure.gravatar.com\/avatar\/2bb7f1561282132fb5826dfeccc66c7996d11ee392ac6aaf7ced8a1c2027fbb2?s=96&d=mm&r=g","url":"https:\/\/secure.gravatar.com\/avatar\/2bb7f1561282132fb5826dfeccc66c7996d11ee392ac6aaf7ced8a1c2027fbb2?s=96&d=mm&r=g","contentUrl":"https:\/\/secure.gravatar.com\/avatar\/2bb7f1561282132fb5826dfeccc66c7996d11ee392ac6aaf7ced8a1c2027fbb2?s=96&d=mm&r=g","caption":"Pova\u017esk\u00e9 m\u00fazeum"}}]}},"_links":{"self":[{"href":"https:\/\/pmza.sk\/index.php?rest_route=\/wp\/v2\/posts\/11932","targetHints":{"allow":["GET"]}}],"collection":[{"href":"https:\/\/pmza.sk\/index.php?rest_route=\/wp\/v2\/posts"}],"about":[{"href":"https:\/\/pmza.sk\/index.php?rest_route=\/wp\/v2\/types\/post"}],"author":[{"embeddable":true,"href":"https:\/\/pmza.sk\/index.php?rest_route=\/wp\/v2\/users\/2"}],"replies":[{"embeddable":true,"href":"https:\/\/pmza.sk\/index.php?rest_route=%2Fwp%2Fv2%2Fcomments&post=11932"}],"version-history":[{"count":0,"href":"https:\/\/pmza.sk\/index.php?rest_route=\/wp\/v2\/posts\/11932\/revisions"}],"wp:attachment":[{"href":"https:\/\/pmza.sk\/index.php?rest_route=%2Fwp%2Fv2%2Fmedia&parent=11932"}],"wp:term":[{"taxonomy":"category","embeddable":true,"href":"https:\/\/pmza.sk\/index.php?rest_route=%2Fwp%2Fv2%2Fcategories&post=11932"},{"taxonomy":"post_tag","embeddable":true,"href":"https:\/\/pmza.sk\/index.php?rest_route=%2Fwp%2Fv2%2Ftags&post=11932"}],"curies":[{"name":"wp","href":"https:\/\/api.w.org\/{rel}","templated":true}]}}