{"id":11955,"date":"2015-03-18T13:26:01","date_gmt":"2015-03-18T12:26:01","guid":{"rendered":"https:\/\/pmza.sk.sk\/?p=11955"},"modified":"2015-03-18T13:26:01","modified_gmt":"2015-03-18T12:26:01","slug":"krizova-cesta-v-budatinskom-parku","status":"publish","type":"post","link":"https:\/\/pmza.sk\/?p=11955","title":{"rendered":"Kr\u00ed\u017eov\u00e1 cesta v Budat\u00ednskom parku"},"content":{"rendered":"<p><a href=\"https:\/\/pmza.sk\/wp-content\/uploads\/2015\/03\/krizova_cesta.jpg\"><img decoding=\"async\" class=\"alignleft  wp-image-11954\" src=\"https:\/\/pmza.sk\/wp-content\/uploads\/2015\/03\/krizova_cesta.jpg\" alt=\"krizova_cesta\" width=\"161\" height=\"228\" srcset=\"https:\/\/pmza.sk\/wp-content\/uploads\/2015\/03\/krizova_cesta.jpg 380w, https:\/\/pmza.sk\/wp-content\/uploads\/2015\/03\/krizova_cesta-254x360.jpg 254w\" sizes=\"(max-width: 161px) 100vw, 161px\" \/><\/a>Ve\u013ekono\u010dn\u00e9 trad\u00edcie sa tento rok rozhodlo Pova\u017esk\u00e9 m\u00fazeum v\u00a0\u017diline pribl\u00ed\u017ei\u0165 duchovn\u00fdm sp\u00f4sobom. V\u00a0spolupr\u00e1ci so \u017dilinskou diec\u00e9zou pripravilo pobo\u017enos\u0165 kr\u00ed\u017eovej cesty. Uskuto\u010dn\u00ed sa v\u00a0Kvetn\u00fa nede\u013eu 29. 3. 2015 o\u00a015.00 hod. v\u00a0Budat\u00ednskom parku. Umelecko-dramatick\u00e9 stv\u00e1rnenie je v\u00a0r\u00e9\u017eii Jozefa Abafiho a\u00a0Divadeln\u00e9ho klubu Makovice (Krajsk\u00e9 kult\u00farne stredisko \u017dilina).<\/p>\n<p>V\u00a0r\u00edmskokatol\u00edckej cirkvi\u00a0sa kr\u00ed\u017eov\u00e1 cesta kon\u00e1 po\u010das\u00a0p\u00f4stneho obdobia, kedy veriaci rozj\u00edmaj\u00fa o\u00a0utrpen\u00ed Je\u017ei\u0161a Krista. Pobo\u017enos\u0165 bude konkretizovan\u00e1 v\u00a0jednotliv\u00fdch 14 zastaveniach v\u00a0Budat\u00ednskom parku, stv\u00e1rnen\u00fdch pr\u00edrodn\u00fdmi mot\u00edvmi.<strong> \u201e<\/strong><em>Modlitba kr\u00ed\u017eovej cesty patr\u00ed medzi typick\u00e9 prejavy \u013eudovej zbo\u017enosti v p\u00f4stnom obdob\u00ed. Ak sa spoj\u00ed s pr\u00edjemn\u00fdm prostred\u00edm parku Budat\u00ednskeho hradu, m\u00f4\u017ee to by\u0165 z\u00e1\u017eitok, ktor\u00fd n\u00e1s oslov\u00ed do h\u013abky srdca,\u201c<\/em> uviedol hovorca \u017dilinskej diec\u00e9zy ThLic. Zdeno Pup\u00edk, PhD.<!--more--><\/p>\n<p>Tento rok sa Pova\u017esk\u00e9 m\u00fazeum v\u00a0\u017diline rozhodlo po prv\u00fd raz uskuto\u010dni\u0165 kr\u00ed\u017eov\u00fa cestu v\u00a0Budat\u00ednskom parku. <em>\u201eV\u00a0tomto pr\u00edpade sme siahli po duchovnej symbolike. Dreven\u00fd kr\u00ed\u017e sme prepojili s\u00a0pr\u00edrodn\u00fdm prostred\u00edm parku. Ten sa n\u00e1m jav\u00ed ako vhodn\u00e9 miesto na realiz\u00e1ciu podujatia tohto typu. Z\u00e1rove\u0148 bolo na\u0161ou snahou vytvori\u0165 nov\u00e9 podujatie nap\u013a\u0148aj\u00face duchovn\u00fd rozmer. Ver\u00edme, \u017ee inov\u00e1cia kr\u00ed\u017eovej cesty v\u00a0are\u00e1li parku sa stane trad\u00edciou<\/em>,<em>\u201c <\/em>povedala kult\u00farna mana\u017e\u00e9rka PMZA Andrea Luk\u00e1csov\u00e1.<\/p>\n<p>Pova\u017esk\u00e9 m\u00fazeum v\u00a0\u017diline je v\u00a0zria\u010fovate\u013eskej p\u00f4sobnosti \u017dilinsk\u00e9ho samospr\u00e1vneho kraja.<\/p>\n","protected":false},"excerpt":{"rendered":"<p>Ve\u013ekono\u010dn\u00e9 trad\u00edcie sa tento rok rozhodlo Pova\u017esk\u00e9 m\u00fazeum v\u00a0\u017diline pribl\u00ed\u017ei\u0165 duchovn\u00fdm sp\u00f4sobom. V\u00a0spolupr\u00e1ci so \u017dilinskou diec\u00e9zou pripravilo pobo\u017enos\u0165 kr\u00ed\u017eovej cesty. Uskuto\u010dn\u00ed sa v\u00a0Kvetn\u00fa nede\u013eu 29. 3. 2015 o\u00a015.00 hod. v\u00a0Budat\u00ednskom parku. Umelecko-dramatick\u00e9 stv\u00e1rnenie je v\u00a0r\u00e9\u017eii Jozefa Abafiho a\u00a0Divadeln\u00e9ho klubu Makovice (Krajsk\u00e9 kult\u00farne stredisko \u017dilina). V\u00a0r\u00edmskokatol\u00edckej cirkvi\u00a0sa kr\u00ed\u017eov\u00e1 cesta kon\u00e1 po\u010das\u00a0p\u00f4stneho obdobia, kedy veriaci rozj\u00edmaj\u00fa o\u00a0utrpen\u00ed [&hellip;]<\/p>\n","protected":false},"author":2,"featured_media":0,"comment_status":"closed","ping_status":"closed","sticky":false,"template":"","format":"standard","meta":{"site-sidebar-layout":"default","site-content-layout":"","ast-site-content-layout":"","site-content-style":"default","site-sidebar-style":"default","ast-global-header-display":"","ast-banner-title-visibility":"","ast-main-header-display":"","ast-hfb-above-header-display":"","ast-hfb-below-header-display":"","ast-hfb-mobile-header-display":"","site-post-title":"","ast-breadcrumbs-content":"","ast-featured-img":"","footer-sml-layout":"","theme-transparent-header-meta":"","adv-header-id-meta":"","stick-header-meta":"","header-above-stick-meta":"","header-main-stick-meta":"","header-below-stick-meta":"","astra-migrate-meta-layouts":"default","ast-page-background-enabled":"default","ast-page-background-meta":{"desktop":{"background-color":"var(--ast-global-color-4)","background-image":"","background-repeat":"repeat","background-position":"center center","background-size":"auto","background-attachment":"scroll","background-type":"","background-media":"","overlay-type":"","overlay-color":"","overlay-opacity":"","overlay-gradient":""},"tablet":{"background-color":"","background-image":"","background-repeat":"repeat","background-position":"center center","background-size":"auto","background-attachment":"scroll","background-type":"","background-media":"","overlay-type":"","overlay-color":"","overlay-opacity":"","overlay-gradient":""},"mobile":{"background-color":"","background-image":"","background-repeat":"repeat","background-position":"center center","background-size":"auto","background-attachment":"scroll","background-type":"","background-media":"","overlay-type":"","overlay-color":"","overlay-opacity":"","overlay-gradient":""}},"ast-content-background-meta":{"desktop":{"background-color":"var(--ast-global-color-5)","background-image":"","background-repeat":"repeat","background-position":"center center","background-size":"auto","background-attachment":"scroll","background-type":"","background-media":"","overlay-type":"","overlay-color":"","overlay-opacity":"","overlay-gradient":""},"tablet":{"background-color":"var(--ast-global-color-5)","background-image":"","background-repeat":"repeat","background-position":"center center","background-size":"auto","background-attachment":"scroll","background-type":"","background-media":"","overlay-type":"","overlay-color":"","overlay-opacity":"","overlay-gradient":""},"mobile":{"background-color":"var(--ast-global-color-5)","background-image":"","background-repeat":"repeat","background-position":"center center","background-size":"auto","background-attachment":"scroll","background-type":"","background-media":"","overlay-type":"","overlay-color":"","overlay-opacity":"","overlay-gradient":""}},"footnotes":""},"categories":[31],"tags":[],"class_list":["post-11955","post","type-post","status-publish","format-standard","hentry","category-aktuality"],"yoast_head":"<!-- This site is optimized with the Yoast SEO plugin v27.4 - https:\/\/yoast.com\/product\/yoast-seo-wordpress\/ -->\n<title>Kr\u00ed\u017eov\u00e1 cesta v Budat\u00ednskom parku - Pova\u017esk\u00e9 m\u00fazeum<\/title>\n<meta name=\"robots\" content=\"index, follow, max-snippet:-1, max-image-preview:large, max-video-preview:-1\" \/>\n<link rel=\"canonical\" href=\"https:\/\/pmza.sk\/?p=11955\" \/>\n<meta property=\"og:locale\" content=\"sk_SK\" \/>\n<meta property=\"og:type\" content=\"article\" \/>\n<meta property=\"og:title\" content=\"Kr\u00ed\u017eov\u00e1 cesta v Budat\u00ednskom parku - Pova\u017esk\u00e9 m\u00fazeum\" \/>\n<meta property=\"og:description\" content=\"Ve\u013ekono\u010dn\u00e9 trad\u00edcie sa tento rok rozhodlo Pova\u017esk\u00e9 m\u00fazeum v\u00a0\u017diline pribl\u00ed\u017ei\u0165 duchovn\u00fdm sp\u00f4sobom. V\u00a0spolupr\u00e1ci so \u017dilinskou diec\u00e9zou pripravilo pobo\u017enos\u0165 kr\u00ed\u017eovej cesty. Uskuto\u010dn\u00ed sa v\u00a0Kvetn\u00fa nede\u013eu 29. 3. 2015 o\u00a015.00 hod. v\u00a0Budat\u00ednskom parku. Umelecko-dramatick\u00e9 stv\u00e1rnenie je v\u00a0r\u00e9\u017eii Jozefa Abafiho a\u00a0Divadeln\u00e9ho klubu Makovice (Krajsk\u00e9 kult\u00farne stredisko \u017dilina). V\u00a0r\u00edmskokatol\u00edckej cirkvi\u00a0sa kr\u00ed\u017eov\u00e1 cesta kon\u00e1 po\u010das\u00a0p\u00f4stneho obdobia, kedy veriaci rozj\u00edmaj\u00fa o\u00a0utrpen\u00ed [&hellip;]\" \/>\n<meta property=\"og:url\" content=\"https:\/\/pmza.sk\/?p=11955\" \/>\n<meta property=\"og:site_name\" content=\"Pova\u017esk\u00e9 m\u00fazeum\" \/>\n<meta property=\"article:publisher\" content=\"https:\/\/www.facebook.com\/povazskemuzeum\" \/>\n<meta property=\"article:published_time\" content=\"2015-03-18T12:26:01+00:00\" \/>\n<meta property=\"og:image\" content=\"https:\/\/pmza.sk\/wp-content\/uploads\/2015\/03\/krizova_cesta.jpg\" \/>\n<meta name=\"author\" content=\"Pova\u017esk\u00e9 m\u00fazeum\" \/>\n<meta name=\"twitter:card\" content=\"summary_large_image\" \/>\n<meta name=\"twitter:label1\" content=\"Autor\" \/>\n\t<meta name=\"twitter:data1\" content=\"Pova\u017esk\u00e9 m\u00fazeum\" \/>\n\t<meta name=\"twitter:label2\" content=\"Predpokladan\u00fd \u010das \u010d\u00edtania\" \/>\n\t<meta name=\"twitter:data2\" content=\"1 min\u00fata\" \/>\n<script type=\"application\/ld+json\" class=\"yoast-schema-graph\">{\"@context\":\"https:\\\/\\\/schema.org\",\"@graph\":[{\"@type\":\"Article\",\"@id\":\"https:\\\/\\\/pmza.sk\\\/?p=11955#article\",\"isPartOf\":{\"@id\":\"https:\\\/\\\/pmza.sk\\\/?p=11955\"},\"author\":{\"name\":\"Pova\u017esk\u00e9 m\u00fazeum\",\"@id\":\"https:\\\/\\\/pmza.sk\\\/#\\\/schema\\\/person\\\/595e6a2ce731ea94dcd5d7f50a41ae33\"},\"headline\":\"Kr\u00ed\u017eov\u00e1 cesta v Budat\u00ednskom parku\",\"datePublished\":\"2015-03-18T12:26:01+00:00\",\"mainEntityOfPage\":{\"@id\":\"https:\\\/\\\/pmza.sk\\\/?p=11955\"},\"wordCount\":283,\"publisher\":{\"@id\":\"https:\\\/\\\/pmza.sk\\\/#organization\"},\"image\":{\"@id\":\"https:\\\/\\\/pmza.sk\\\/?p=11955#primaryimage\"},\"thumbnailUrl\":\"http:\\\/\\\/pmza.sk\\\/wp-content\\\/uploads\\\/2015\\\/03\\\/krizova_cesta.jpg\",\"articleSection\":[\"Aktuality\"],\"inLanguage\":\"sk-SK\"},{\"@type\":\"WebPage\",\"@id\":\"https:\\\/\\\/pmza.sk\\\/?p=11955\",\"url\":\"https:\\\/\\\/pmza.sk\\\/?p=11955\",\"name\":\"Kr\u00ed\u017eov\u00e1 cesta v Budat\u00ednskom parku - Pova\u017esk\u00e9 m\u00fazeum\",\"isPartOf\":{\"@id\":\"https:\\\/\\\/pmza.sk\\\/#website\"},\"primaryImageOfPage\":{\"@id\":\"https:\\\/\\\/pmza.sk\\\/?p=11955#primaryimage\"},\"image\":{\"@id\":\"https:\\\/\\\/pmza.sk\\\/?p=11955#primaryimage\"},\"thumbnailUrl\":\"http:\\\/\\\/pmza.sk\\\/wp-content\\\/uploads\\\/2015\\\/03\\\/krizova_cesta.jpg\",\"datePublished\":\"2015-03-18T12:26:01+00:00\",\"breadcrumb\":{\"@id\":\"https:\\\/\\\/pmza.sk\\\/?p=11955#breadcrumb\"},\"inLanguage\":\"sk-SK\",\"potentialAction\":[{\"@type\":\"ReadAction\",\"target\":[\"https:\\\/\\\/pmza.sk\\\/?p=11955\"]}]},{\"@type\":\"ImageObject\",\"inLanguage\":\"sk-SK\",\"@id\":\"https:\\\/\\\/pmza.sk\\\/?p=11955#primaryimage\",\"url\":\"https:\\\/\\\/pmza.sk\\\/wp-content\\\/uploads\\\/2015\\\/03\\\/krizova_cesta.jpg\",\"contentUrl\":\"https:\\\/\\\/pmza.sk\\\/wp-content\\\/uploads\\\/2015\\\/03\\\/krizova_cesta.jpg\",\"width\":380,\"height\":538},{\"@type\":\"BreadcrumbList\",\"@id\":\"https:\\\/\\\/pmza.sk\\\/?p=11955#breadcrumb\",\"itemListElement\":[{\"@type\":\"ListItem\",\"position\":1,\"name\":\"Domovsk\u00e1 str\u00e1nka\",\"item\":\"https:\\\/\\\/pmza.sk\\\/\"},{\"@type\":\"ListItem\",\"position\":2,\"name\":\"Kr\u00ed\u017eov\u00e1 cesta v Budat\u00ednskom parku\"}]},{\"@type\":\"WebSite\",\"@id\":\"https:\\\/\\\/pmza.sk\\\/#website\",\"url\":\"https:\\\/\\\/pmza.sk\\\/\",\"name\":\"Pova\u017esk\u00e9 m\u00fazeum\",\"description\":\"Pova\u017esk\u00e9 m\u00fazeum v \u017diline je region\u00e1lne m\u00fazeum so s\u00eddlom v Budat\u00edne. Jeho expoz\u00edcie s\u00fa zameran\u00e9 na dejiny slovensk\u00e9ho umenia, kult\u00fary a dopravy.\",\"publisher\":{\"@id\":\"https:\\\/\\\/pmza.sk\\\/#organization\"},\"potentialAction\":[{\"@type\":\"SearchAction\",\"target\":{\"@type\":\"EntryPoint\",\"urlTemplate\":\"https:\\\/\\\/pmza.sk\\\/?s={search_term_string}\"},\"query-input\":{\"@type\":\"PropertyValueSpecification\",\"valueRequired\":true,\"valueName\":\"search_term_string\"}}],\"inLanguage\":\"sk-SK\"},{\"@type\":\"Organization\",\"@id\":\"https:\\\/\\\/pmza.sk\\\/#organization\",\"name\":\"Pova\u017esk\u00e9 m\u00fazeum\",\"url\":\"https:\\\/\\\/pmza.sk\\\/\",\"logo\":{\"@type\":\"ImageObject\",\"inLanguage\":\"sk-SK\",\"@id\":\"https:\\\/\\\/pmza.sk\\\/#\\\/schema\\\/logo\\\/image\\\/\",\"url\":\"https:\\\/\\\/pmza.sk\\\/wp-content\\\/uploads\\\/2022\\\/01\\\/logo_PM_horizontal.jpg\",\"contentUrl\":\"https:\\\/\\\/pmza.sk\\\/wp-content\\\/uploads\\\/2022\\\/01\\\/logo_PM_horizontal.jpg\",\"width\":231,\"height\":142,\"caption\":\"Pova\u017esk\u00e9 m\u00fazeum\"},\"image\":{\"@id\":\"https:\\\/\\\/pmza.sk\\\/#\\\/schema\\\/logo\\\/image\\\/\"},\"sameAs\":[\"https:\\\/\\\/www.facebook.com\\\/povazskemuzeum\",\"https:\\\/\\\/www.instagram.com\\\/povazskemuzeum\\\/\"]},{\"@type\":\"Person\",\"@id\":\"https:\\\/\\\/pmza.sk\\\/#\\\/schema\\\/person\\\/595e6a2ce731ea94dcd5d7f50a41ae33\",\"name\":\"Pova\u017esk\u00e9 m\u00fazeum\",\"image\":{\"@type\":\"ImageObject\",\"inLanguage\":\"sk-SK\",\"@id\":\"https:\\\/\\\/secure.gravatar.com\\\/avatar\\\/2bb7f1561282132fb5826dfeccc66c7996d11ee392ac6aaf7ced8a1c2027fbb2?s=96&d=mm&r=g\",\"url\":\"https:\\\/\\\/secure.gravatar.com\\\/avatar\\\/2bb7f1561282132fb5826dfeccc66c7996d11ee392ac6aaf7ced8a1c2027fbb2?s=96&d=mm&r=g\",\"contentUrl\":\"https:\\\/\\\/secure.gravatar.com\\\/avatar\\\/2bb7f1561282132fb5826dfeccc66c7996d11ee392ac6aaf7ced8a1c2027fbb2?s=96&d=mm&r=g\",\"caption\":\"Pova\u017esk\u00e9 m\u00fazeum\"}}]}<\/script>\n<!-- \/ Yoast SEO plugin. -->","yoast_head_json":{"title":"Kr\u00ed\u017eov\u00e1 cesta v Budat\u00ednskom parku - Pova\u017esk\u00e9 m\u00fazeum","robots":{"index":"index","follow":"follow","max-snippet":"max-snippet:-1","max-image-preview":"max-image-preview:large","max-video-preview":"max-video-preview:-1"},"canonical":"https:\/\/pmza.sk\/?p=11955","og_locale":"sk_SK","og_type":"article","og_title":"Kr\u00ed\u017eov\u00e1 cesta v Budat\u00ednskom parku - Pova\u017esk\u00e9 m\u00fazeum","og_description":"Ve\u013ekono\u010dn\u00e9 trad\u00edcie sa tento rok rozhodlo Pova\u017esk\u00e9 m\u00fazeum v\u00a0\u017diline pribl\u00ed\u017ei\u0165 duchovn\u00fdm sp\u00f4sobom. V\u00a0spolupr\u00e1ci so \u017dilinskou diec\u00e9zou pripravilo pobo\u017enos\u0165 kr\u00ed\u017eovej cesty. Uskuto\u010dn\u00ed sa v\u00a0Kvetn\u00fa nede\u013eu 29. 3. 2015 o\u00a015.00 hod. v\u00a0Budat\u00ednskom parku. Umelecko-dramatick\u00e9 stv\u00e1rnenie je v\u00a0r\u00e9\u017eii Jozefa Abafiho a\u00a0Divadeln\u00e9ho klubu Makovice (Krajsk\u00e9 kult\u00farne stredisko \u017dilina). V\u00a0r\u00edmskokatol\u00edckej cirkvi\u00a0sa kr\u00ed\u017eov\u00e1 cesta kon\u00e1 po\u010das\u00a0p\u00f4stneho obdobia, kedy veriaci rozj\u00edmaj\u00fa o\u00a0utrpen\u00ed [&hellip;]","og_url":"https:\/\/pmza.sk\/?p=11955","og_site_name":"Pova\u017esk\u00e9 m\u00fazeum","article_publisher":"https:\/\/www.facebook.com\/povazskemuzeum","article_published_time":"2015-03-18T12:26:01+00:00","og_image":[{"url":"https:\/\/pmza.sk\/wp-content\/uploads\/2015\/03\/krizova_cesta.jpg","type":"","width":"","height":""}],"author":"Pova\u017esk\u00e9 m\u00fazeum","twitter_card":"summary_large_image","twitter_misc":{"Autor":"Pova\u017esk\u00e9 m\u00fazeum","Predpokladan\u00fd \u010das \u010d\u00edtania":"1 min\u00fata"},"schema":{"@context":"https:\/\/schema.org","@graph":[{"@type":"Article","@id":"https:\/\/pmza.sk\/?p=11955#article","isPartOf":{"@id":"https:\/\/pmza.sk\/?p=11955"},"author":{"name":"Pova\u017esk\u00e9 m\u00fazeum","@id":"https:\/\/pmza.sk\/#\/schema\/person\/595e6a2ce731ea94dcd5d7f50a41ae33"},"headline":"Kr\u00ed\u017eov\u00e1 cesta v Budat\u00ednskom parku","datePublished":"2015-03-18T12:26:01+00:00","mainEntityOfPage":{"@id":"https:\/\/pmza.sk\/?p=11955"},"wordCount":283,"publisher":{"@id":"https:\/\/pmza.sk\/#organization"},"image":{"@id":"https:\/\/pmza.sk\/?p=11955#primaryimage"},"thumbnailUrl":"https:\/\/pmza.sk\/wp-content\/uploads\/2015\/03\/krizova_cesta.jpg","articleSection":["Aktuality"],"inLanguage":"sk-SK"},{"@type":"WebPage","@id":"https:\/\/pmza.sk\/?p=11955","url":"https:\/\/pmza.sk\/?p=11955","name":"Kr\u00ed\u017eov\u00e1 cesta v Budat\u00ednskom parku - Pova\u017esk\u00e9 m\u00fazeum","isPartOf":{"@id":"https:\/\/pmza.sk\/#website"},"primaryImageOfPage":{"@id":"https:\/\/pmza.sk\/?p=11955#primaryimage"},"image":{"@id":"https:\/\/pmza.sk\/?p=11955#primaryimage"},"thumbnailUrl":"https:\/\/pmza.sk\/wp-content\/uploads\/2015\/03\/krizova_cesta.jpg","datePublished":"2015-03-18T12:26:01+00:00","breadcrumb":{"@id":"https:\/\/pmza.sk\/?p=11955#breadcrumb"},"inLanguage":"sk-SK","potentialAction":[{"@type":"ReadAction","target":["https:\/\/pmza.sk\/?p=11955"]}]},{"@type":"ImageObject","inLanguage":"sk-SK","@id":"https:\/\/pmza.sk\/?p=11955#primaryimage","url":"https:\/\/pmza.sk\/wp-content\/uploads\/2015\/03\/krizova_cesta.jpg","contentUrl":"https:\/\/pmza.sk\/wp-content\/uploads\/2015\/03\/krizova_cesta.jpg","width":380,"height":538},{"@type":"BreadcrumbList","@id":"https:\/\/pmza.sk\/?p=11955#breadcrumb","itemListElement":[{"@type":"ListItem","position":1,"name":"Domovsk\u00e1 str\u00e1nka","item":"https:\/\/pmza.sk\/"},{"@type":"ListItem","position":2,"name":"Kr\u00ed\u017eov\u00e1 cesta v Budat\u00ednskom parku"}]},{"@type":"WebSite","@id":"https:\/\/pmza.sk\/#website","url":"https:\/\/pmza.sk\/","name":"Pova\u017esk\u00e9 m\u00fazeum","description":"Pova\u017esk\u00e9 m\u00fazeum v \u017diline je region\u00e1lne m\u00fazeum so s\u00eddlom v Budat\u00edne. Jeho expoz\u00edcie s\u00fa zameran\u00e9 na dejiny slovensk\u00e9ho umenia, kult\u00fary a dopravy.","publisher":{"@id":"https:\/\/pmza.sk\/#organization"},"potentialAction":[{"@type":"SearchAction","target":{"@type":"EntryPoint","urlTemplate":"https:\/\/pmza.sk\/?s={search_term_string}"},"query-input":{"@type":"PropertyValueSpecification","valueRequired":true,"valueName":"search_term_string"}}],"inLanguage":"sk-SK"},{"@type":"Organization","@id":"https:\/\/pmza.sk\/#organization","name":"Pova\u017esk\u00e9 m\u00fazeum","url":"https:\/\/pmza.sk\/","logo":{"@type":"ImageObject","inLanguage":"sk-SK","@id":"https:\/\/pmza.sk\/#\/schema\/logo\/image\/","url":"https:\/\/pmza.sk\/wp-content\/uploads\/2022\/01\/logo_PM_horizontal.jpg","contentUrl":"https:\/\/pmza.sk\/wp-content\/uploads\/2022\/01\/logo_PM_horizontal.jpg","width":231,"height":142,"caption":"Pova\u017esk\u00e9 m\u00fazeum"},"image":{"@id":"https:\/\/pmza.sk\/#\/schema\/logo\/image\/"},"sameAs":["https:\/\/www.facebook.com\/povazskemuzeum","https:\/\/www.instagram.com\/povazskemuzeum\/"]},{"@type":"Person","@id":"https:\/\/pmza.sk\/#\/schema\/person\/595e6a2ce731ea94dcd5d7f50a41ae33","name":"Pova\u017esk\u00e9 m\u00fazeum","image":{"@type":"ImageObject","inLanguage":"sk-SK","@id":"https:\/\/secure.gravatar.com\/avatar\/2bb7f1561282132fb5826dfeccc66c7996d11ee392ac6aaf7ced8a1c2027fbb2?s=96&d=mm&r=g","url":"https:\/\/secure.gravatar.com\/avatar\/2bb7f1561282132fb5826dfeccc66c7996d11ee392ac6aaf7ced8a1c2027fbb2?s=96&d=mm&r=g","contentUrl":"https:\/\/secure.gravatar.com\/avatar\/2bb7f1561282132fb5826dfeccc66c7996d11ee392ac6aaf7ced8a1c2027fbb2?s=96&d=mm&r=g","caption":"Pova\u017esk\u00e9 m\u00fazeum"}}]}},"_links":{"self":[{"href":"https:\/\/pmza.sk\/index.php?rest_route=\/wp\/v2\/posts\/11955","targetHints":{"allow":["GET"]}}],"collection":[{"href":"https:\/\/pmza.sk\/index.php?rest_route=\/wp\/v2\/posts"}],"about":[{"href":"https:\/\/pmza.sk\/index.php?rest_route=\/wp\/v2\/types\/post"}],"author":[{"embeddable":true,"href":"https:\/\/pmza.sk\/index.php?rest_route=\/wp\/v2\/users\/2"}],"replies":[{"embeddable":true,"href":"https:\/\/pmza.sk\/index.php?rest_route=%2Fwp%2Fv2%2Fcomments&post=11955"}],"version-history":[{"count":0,"href":"https:\/\/pmza.sk\/index.php?rest_route=\/wp\/v2\/posts\/11955\/revisions"}],"wp:attachment":[{"href":"https:\/\/pmza.sk\/index.php?rest_route=%2Fwp%2Fv2%2Fmedia&parent=11955"}],"wp:term":[{"taxonomy":"category","embeddable":true,"href":"https:\/\/pmza.sk\/index.php?rest_route=%2Fwp%2Fv2%2Fcategories&post=11955"},{"taxonomy":"post_tag","embeddable":true,"href":"https:\/\/pmza.sk\/index.php?rest_route=%2Fwp%2Fv2%2Ftags&post=11955"}],"curies":[{"name":"wp","href":"https:\/\/api.w.org\/{rel}","templated":true}]}}