{"id":11992,"date":"2015-03-25T11:50:28","date_gmt":"2015-03-25T10:50:28","guid":{"rendered":"https:\/\/pmza.sk.sk\/?p=11992"},"modified":"2015-03-25T11:50:28","modified_gmt":"2015-03-25T10:50:28","slug":"expozicia-janosik-a-terchova-opat-otvorena","status":"publish","type":"post","link":"https:\/\/pmza.sk\/?p=11992","title":{"rendered":"Expoz\u00edcia J\u00e1no\u0161\u00edk a Terchov\u00e1 op\u00e4\u0165 otvoren\u00e1"},"content":{"rendered":"<p><a href=\"https:\/\/pmza.sk\/wp-content\/uploads\/2015\/03\/P1010254.jpg\"><img decoding=\"async\" class=\"alignleft  wp-image-11989\" src=\"https:\/\/pmza.sk\/wp-content\/uploads\/2015\/03\/P1010254.jpg\" alt=\"P1010254\" width=\"212\" height=\"159\" srcset=\"https:\/\/pmza.sk\/wp-content\/uploads\/2015\/03\/P1010254.jpg 1000w, https:\/\/pmza.sk\/wp-content\/uploads\/2015\/03\/P1010254-480x360.jpg 480w, https:\/\/pmza.sk\/wp-content\/uploads\/2015\/03\/P1010254-981x736.jpg 981w, https:\/\/pmza.sk\/wp-content\/uploads\/2015\/03\/P1010254-768x576.jpg 768w, https:\/\/pmza.sk\/wp-content\/uploads\/2015\/03\/P1010254-600x450.jpg 600w\" sizes=\"(max-width: 212px) 100vw, 212px\" \/><\/a>Po rekon\u0161trukcii budovy Obecn\u00e9ho \u00faradu v\u00a0Terchovej sa Pova\u017esk\u00e9 m\u00fazeum v\u00a0\u017diline vr\u00e1tilo do jej priestorov s\u00a0expoz\u00edciou <strong>J\u00e1no\u0161\u00edk a\u00a0Terchov\u00e1<\/strong>. Pre verejnos\u0165 je otvoren\u00e1 od utorka 24. marca 2015.<\/p>\n<p>Obnoven\u00fa expoz\u00edciu n\u00e1v\u0161tevn\u00edci n\u00e1jdu v\u00a0p\u00f4vodn\u00fdch priestoroch, ktor\u00e9 v\u0161ak pre\u0161li \u010diasto\u010dn\u00fdmi stavebn\u00fdmi \u00fapravami. V\u00a0expoz\u00edcii pribudli \u010fal\u0161ie dvere, ktor\u00e9 ju sp\u00e1jaj\u00fa s\u00a0\u00fanikovou cestou v\u00a0pr\u00edpade po\u017eiaru a\u00a0pribudol tie\u017e vchod priamo do expoz\u00edcie a\u00a0vchod k\u00a0v\u00fd\u0165ahu. V\u00fd\u0165ah by mal po dokon\u010den\u00ed sl\u00fa\u017ei\u0165 nielen pracovn\u00edkom obecn\u00e9ho \u00faradu, ale aj imobiln\u00fdm n\u00e1v\u0161tevn\u00edkom expoz\u00edcie. Pr\u00e1ce na jeho sprev\u00e1dzkovan\u00ed e\u0161te pokra\u010duj\u00fa. Skult\u00farnilo sa i\u00a0z\u00e1zemie pre lektorku a\u00a0vznikol nov\u00fd premietac\u00ed priestor.<!--more--><\/p>\n<p>Hoci sa po stavebn\u00fdch \u00faprav\u00e1ch priestor expoz\u00edcie mierne zmen\u0161il, jej p\u00f4vodn\u00e1 koncepcia ostala zachovan\u00e1. \u201e<em>\u010cas\u0165 expoz\u00edcie sme v\u0161ak museli prehradi\u0165 prie\u010dkou, aby sme vytvorili samostatn\u00fd priestor na premietanie \u00favodn\u00e9ho filmu o\u00a0\u017eivote Juraja J\u00e1no\u0161\u00edka a\u00a0neru\u0161ili tak ostatn\u00fdch n\u00e1v\u0161tevn\u00edkov. Zmenilo sa najm\u00e4 priestorov\u00e9 usporiadanie expon\u00e1tov a\u00a0v\u00fdstavn\u00fdch prvkov a\u00a0expoz\u00edcia tak nadobudla komornej\u0161\u00ed, \u00fatulnej\u0161\u00ed charakter. Cel\u00fd priestor expoz\u00edcie bol, samozrejme, komplexne vy\u010disten\u00fd a\u00a0v\u0161etky expon\u00e1ty pred op\u00e4tovnou in\u0161tal\u00e1ciu pre\u0161li o\u0161etren\u00edm. Do expoz\u00edcie sa vr\u00e1til aj jej najvz\u00e1cnej\u0161\u00ed expon\u00e1t, mohutn\u00e1 olejoma\u013eba \u013dudov\u00edta Fullu z\u00a0roku 1955, ktor\u00e1 zobrazuje J\u00e1no\u0161\u00edka na koni ako nesmrte\u013en\u00e9ho hrdinu bojuj\u00faceho za spravodlivos\u0165 oby\u010dajn\u00e9ho \u013eudu,\u201c<\/em> povedala autorka expoz\u00edcie <strong>Katar\u00edna Kendrov\u00e1<\/strong>, etnologi\u010dka drot\u00e1rstva Pova\u017esk\u00e9ho m\u00fazea v\u00a0\u017diline.<\/p>\n<p>St\u00e1la expoz\u00edcia je spr\u00edstupnen\u00e1 (s\u00a0v\u00fdnimkou pr\u00e1ve dokon\u010denej rekon\u0161trukcie) u\u017e od roku 2008 a\u00a0rozdelen\u00e1 do nieko\u013ek\u00fdch tematick\u00fdch celkov: Hist\u00f3ria obce, \u017divot Juraja J\u00e1no\u0161\u00edka a\u00a0j\u00e1no\u0161\u00edkovsk\u00e1 trad\u00edcia, Z\u00a0\u013eudovej kult\u00fary obce. N\u00e1v\u0161tevn\u00edk sa dozvie inform\u00e1cie nielen o\u00a0dejin\u00e1ch obce Terchov\u00e1, ktor\u00e9 dokumentuj\u00fa fotok\u00f3pie dobov\u00fdch list\u00edn a\u00a0fotografie, ale aj d\u00f4le\u017eit\u00e9 historick\u00e9 fakty zo \u017eivota, zbojn\u00ed\u010denia a\u00a0popravy Juraja J\u00e1no\u0161\u00edka. Po\u010detn\u00e9 dobov\u00e9 expon\u00e1ty z\u00a0Terchovej a\u00a0okolia pribli\u017euj\u00fa hudobn\u00fd folkl\u00f3r, dom\u00e1cu textiln\u00fa v\u00fdrobu, sala\u0161n\u00edctvo, po\u013enohospod\u00e1rstvo, \u013eudov\u00fa architekt\u00faru a\u00a0d\u00e1vny sp\u00f4sob b\u00fdvania v\u00a0drevenici.<\/p>\n<p><strong>OTV\u00c1RACIE HODINY:<\/strong><\/p>\n<p><strong>j\u00fan \u2013 august:<\/strong><br \/>UTOROK \u2013 NEDE\u013dA: 9.00 \u2013 17.00, posl. vstup: 16.30 hod.<br \/>obedn\u00e1 prest\u00e1vka: 13.00 \u2013 13.30 hod.<\/p>\n<p><strong>september \u2013 m\u00e1j:<br \/><\/strong>UTOROK \u2013 \u0160TVRTOK: 9.00 \u2013 15.30 hod., posl. vstup: 15.00 hod.<br \/>obedn\u00e1 prest\u00e1vka: 13.00 \u2013 13.30 hod.<\/p>\n<p>PIATOK \u2013 NEDE\u013dA: 9.00 \u2013 16.00 hod., posl. vstup: 15.30 hod.<br \/>obedn\u00e1 prest\u00e1vka: 13.00 \u2013 13.30 hod.<\/p>\n<p><strong>VSTUPN\u00c9:<\/strong><\/p>\n<p><strong>z\u00e1kladn\u00e9:<\/strong>\u00a02 \u20ac\u00a0<br \/><strong>z\u013eavnen\u00e9<\/strong> (deti od 6 do 15 rokov, \u0161tudenti, d\u00f4chodcovia, \u0164ZP):\u00a01,30\u00a0\u20ac\u00a0<br \/><strong>rodinn\u00e9<\/strong> (2 rodi\u010dia a 2 deti od 6 do 15 rokov, ktor\u00e9 spolo\u010dne vychov\u00e1vaj\u00fa): 5,30\u00a0\u20ac\u00a0<br \/><strong>deti do 6 rokov:<\/strong> bezplatne\u00a0<br \/><strong>pedagogick\u00fd dozor<\/strong> nad 15 os\u00f4b a ved\u00faci z\u00e1jazdov: bezplatne\u00a0<br \/><strong>skupina dospel\u00fdch nad 20 os\u00f4b:<\/strong> z\u013eava 10%\u00a0<br \/><strong>Vstupn\u00e9 mimo otv\u00e1rac\u00edch hod\u00edn:<\/strong> pr\u00edplatok 100 % (vstup mo\u017en\u00fd len na z\u00e1klade objedn\u00e1vky a len pre skupiny nad 10 os\u00f4b).<\/p>\n<p><img fetchpriority=\"high\" decoding=\"async\" class=\"wp-image-11988 alignleft\" src=\"https:\/\/pmza.sk\/wp-content\/uploads\/2015\/03\/P1010241.jpg\" alt=\"P1010241\" width=\"280\" height=\"210\" srcset=\"https:\/\/pmza.sk\/wp-content\/uploads\/2015\/03\/P1010241.jpg 1000w, https:\/\/pmza.sk\/wp-content\/uploads\/2015\/03\/P1010241-480x360.jpg 480w, https:\/\/pmza.sk\/wp-content\/uploads\/2015\/03\/P1010241-981x736.jpg 981w, https:\/\/pmza.sk\/wp-content\/uploads\/2015\/03\/P1010241-768x576.jpg 768w, https:\/\/pmza.sk\/wp-content\/uploads\/2015\/03\/P1010241-600x450.jpg 600w\" sizes=\"(max-width: 280px) 100vw, 280px\" \/><\/p>\n<p><a href=\"https:\/\/pmza.sk\/wp-content\/uploads\/2015\/03\/P1010258.jpg\"><img decoding=\"async\" class=\"wp-image-11987 alignleft\" src=\"https:\/\/pmza.sk\/wp-content\/uploads\/2015\/03\/P1010258.jpg\" alt=\"P1010258\" width=\"280\" height=\"210\" srcset=\"https:\/\/pmza.sk\/wp-content\/uploads\/2015\/03\/P1010258.jpg 1000w, https:\/\/pmza.sk\/wp-content\/uploads\/2015\/03\/P1010258-480x360.jpg 480w, https:\/\/pmza.sk\/wp-content\/uploads\/2015\/03\/P1010258-981x736.jpg 981w, https:\/\/pmza.sk\/wp-content\/uploads\/2015\/03\/P1010258-768x576.jpg 768w, https:\/\/pmza.sk\/wp-content\/uploads\/2015\/03\/P1010258-600x450.jpg 600w\" sizes=\"(max-width: 280px) 100vw, 280px\" \/><\/a><\/p>\n","protected":false},"excerpt":{"rendered":"<p>Po rekon\u0161trukcii budovy Obecn\u00e9ho \u00faradu v\u00a0Terchovej sa Pova\u017esk\u00e9 m\u00fazeum v\u00a0\u017diline vr\u00e1tilo do jej priestorov s\u00a0expoz\u00edciou J\u00e1no\u0161\u00edk a\u00a0Terchov\u00e1. Pre verejnos\u0165 je otvoren\u00e1 od utorka 24. marca 2015. Obnoven\u00fa expoz\u00edciu n\u00e1v\u0161tevn\u00edci n\u00e1jdu v\u00a0p\u00f4vodn\u00fdch priestoroch, ktor\u00e9 v\u0161ak pre\u0161li \u010diasto\u010dn\u00fdmi stavebn\u00fdmi \u00fapravami. V\u00a0expoz\u00edcii pribudli \u010fal\u0161ie dvere, ktor\u00e9 ju sp\u00e1jaj\u00fa s\u00a0\u00fanikovou cestou v\u00a0pr\u00edpade po\u017eiaru a\u00a0pribudol tie\u017e vchod priamo do expoz\u00edcie [&hellip;]<\/p>\n","protected":false},"author":2,"featured_media":0,"comment_status":"closed","ping_status":"closed","sticky":false,"template":"","format":"standard","meta":{"site-sidebar-layout":"default","site-content-layout":"","ast-site-content-layout":"","site-content-style":"default","site-sidebar-style":"default","ast-global-header-display":"","ast-banner-title-visibility":"","ast-main-header-display":"","ast-hfb-above-header-display":"","ast-hfb-below-header-display":"","ast-hfb-mobile-header-display":"","site-post-title":"","ast-breadcrumbs-content":"","ast-featured-img":"","footer-sml-layout":"","theme-transparent-header-meta":"","adv-header-id-meta":"","stick-header-meta":"","header-above-stick-meta":"","header-main-stick-meta":"","header-below-stick-meta":"","astra-migrate-meta-layouts":"default","ast-page-background-enabled":"default","ast-page-background-meta":{"desktop":{"background-color":"var(--ast-global-color-4)","background-image":"","background-repeat":"repeat","background-position":"center center","background-size":"auto","background-attachment":"scroll","background-type":"","background-media":"","overlay-type":"","overlay-color":"","overlay-opacity":"","overlay-gradient":""},"tablet":{"background-color":"","background-image":"","background-repeat":"repeat","background-position":"center center","background-size":"auto","background-attachment":"scroll","background-type":"","background-media":"","overlay-type":"","overlay-color":"","overlay-opacity":"","overlay-gradient":""},"mobile":{"background-color":"","background-image":"","background-repeat":"repeat","background-position":"center center","background-size":"auto","background-attachment":"scroll","background-type":"","background-media":"","overlay-type":"","overlay-color":"","overlay-opacity":"","overlay-gradient":""}},"ast-content-background-meta":{"desktop":{"background-color":"var(--ast-global-color-5)","background-image":"","background-repeat":"repeat","background-position":"center center","background-size":"auto","background-attachment":"scroll","background-type":"","background-media":"","overlay-type":"","overlay-color":"","overlay-opacity":"","overlay-gradient":""},"tablet":{"background-color":"var(--ast-global-color-5)","background-image":"","background-repeat":"repeat","background-position":"center center","background-size":"auto","background-attachment":"scroll","background-type":"","background-media":"","overlay-type":"","overlay-color":"","overlay-opacity":"","overlay-gradient":""},"mobile":{"background-color":"var(--ast-global-color-5)","background-image":"","background-repeat":"repeat","background-position":"center center","background-size":"auto","background-attachment":"scroll","background-type":"","background-media":"","overlay-type":"","overlay-color":"","overlay-opacity":"","overlay-gradient":""}},"footnotes":""},"categories":[31],"tags":[],"class_list":["post-11992","post","type-post","status-publish","format-standard","hentry","category-aktuality"],"yoast_head":"<!-- This site is optimized with the Yoast SEO plugin v27.4 - https:\/\/yoast.com\/product\/yoast-seo-wordpress\/ -->\n<title>Expoz\u00edcia J\u00e1no\u0161\u00edk a Terchov\u00e1 op\u00e4\u0165 otvoren\u00e1 - Pova\u017esk\u00e9 m\u00fazeum<\/title>\n<meta name=\"robots\" content=\"index, follow, max-snippet:-1, max-image-preview:large, max-video-preview:-1\" \/>\n<link rel=\"canonical\" href=\"https:\/\/pmza.sk\/?p=11992\" \/>\n<meta property=\"og:locale\" content=\"sk_SK\" \/>\n<meta property=\"og:type\" content=\"article\" \/>\n<meta property=\"og:title\" content=\"Expoz\u00edcia J\u00e1no\u0161\u00edk a Terchov\u00e1 op\u00e4\u0165 otvoren\u00e1 - Pova\u017esk\u00e9 m\u00fazeum\" \/>\n<meta property=\"og:description\" content=\"Po rekon\u0161trukcii budovy Obecn\u00e9ho \u00faradu v\u00a0Terchovej sa Pova\u017esk\u00e9 m\u00fazeum v\u00a0\u017diline vr\u00e1tilo do jej priestorov s\u00a0expoz\u00edciou J\u00e1no\u0161\u00edk a\u00a0Terchov\u00e1. Pre verejnos\u0165 je otvoren\u00e1 od utorka 24. marca 2015. Obnoven\u00fa expoz\u00edciu n\u00e1v\u0161tevn\u00edci n\u00e1jdu v\u00a0p\u00f4vodn\u00fdch priestoroch, ktor\u00e9 v\u0161ak pre\u0161li \u010diasto\u010dn\u00fdmi stavebn\u00fdmi \u00fapravami. V\u00a0expoz\u00edcii pribudli \u010fal\u0161ie dvere, ktor\u00e9 ju sp\u00e1jaj\u00fa s\u00a0\u00fanikovou cestou v\u00a0pr\u00edpade po\u017eiaru a\u00a0pribudol tie\u017e vchod priamo do expoz\u00edcie [&hellip;]\" \/>\n<meta property=\"og:url\" content=\"https:\/\/pmza.sk\/?p=11992\" \/>\n<meta property=\"og:site_name\" content=\"Pova\u017esk\u00e9 m\u00fazeum\" \/>\n<meta property=\"article:publisher\" content=\"https:\/\/www.facebook.com\/povazskemuzeum\" \/>\n<meta property=\"article:published_time\" content=\"2015-03-25T10:50:28+00:00\" \/>\n<meta property=\"og:image\" content=\"https:\/\/pmza.sk\/wp-content\/uploads\/2015\/03\/P1010254.jpg\" \/>\n<meta name=\"author\" content=\"Pova\u017esk\u00e9 m\u00fazeum\" \/>\n<meta name=\"twitter:card\" content=\"summary_large_image\" \/>\n<meta name=\"twitter:label1\" content=\"Autor\" \/>\n\t<meta name=\"twitter:data1\" content=\"Pova\u017esk\u00e9 m\u00fazeum\" \/>\n\t<meta name=\"twitter:label2\" content=\"Predpokladan\u00fd \u010das \u010d\u00edtania\" \/>\n\t<meta name=\"twitter:data2\" content=\"3 min\u00faty\" \/>\n<script type=\"application\/ld+json\" class=\"yoast-schema-graph\">{\"@context\":\"https:\\\/\\\/schema.org\",\"@graph\":[{\"@type\":\"Article\",\"@id\":\"https:\\\/\\\/pmza.sk\\\/?p=11992#article\",\"isPartOf\":{\"@id\":\"https:\\\/\\\/pmza.sk\\\/?p=11992\"},\"author\":{\"name\":\"Pova\u017esk\u00e9 m\u00fazeum\",\"@id\":\"https:\\\/\\\/pmza.sk\\\/#\\\/schema\\\/person\\\/595e6a2ce731ea94dcd5d7f50a41ae33\"},\"headline\":\"Expoz\u00edcia J\u00e1no\u0161\u00edk a Terchov\u00e1 op\u00e4\u0165 otvoren\u00e1\",\"datePublished\":\"2015-03-25T10:50:28+00:00\",\"mainEntityOfPage\":{\"@id\":\"https:\\\/\\\/pmza.sk\\\/?p=11992\"},\"wordCount\":547,\"publisher\":{\"@id\":\"https:\\\/\\\/pmza.sk\\\/#organization\"},\"image\":{\"@id\":\"https:\\\/\\\/pmza.sk\\\/?p=11992#primaryimage\"},\"thumbnailUrl\":\"http:\\\/\\\/pmza.sk\\\/wp-content\\\/uploads\\\/2015\\\/03\\\/P1010254.jpg\",\"articleSection\":[\"Aktuality\"],\"inLanguage\":\"sk-SK\"},{\"@type\":\"WebPage\",\"@id\":\"https:\\\/\\\/pmza.sk\\\/?p=11992\",\"url\":\"https:\\\/\\\/pmza.sk\\\/?p=11992\",\"name\":\"Expoz\u00edcia J\u00e1no\u0161\u00edk a Terchov\u00e1 op\u00e4\u0165 otvoren\u00e1 - Pova\u017esk\u00e9 m\u00fazeum\",\"isPartOf\":{\"@id\":\"https:\\\/\\\/pmza.sk\\\/#website\"},\"primaryImageOfPage\":{\"@id\":\"https:\\\/\\\/pmza.sk\\\/?p=11992#primaryimage\"},\"image\":{\"@id\":\"https:\\\/\\\/pmza.sk\\\/?p=11992#primaryimage\"},\"thumbnailUrl\":\"http:\\\/\\\/pmza.sk\\\/wp-content\\\/uploads\\\/2015\\\/03\\\/P1010254.jpg\",\"datePublished\":\"2015-03-25T10:50:28+00:00\",\"breadcrumb\":{\"@id\":\"https:\\\/\\\/pmza.sk\\\/?p=11992#breadcrumb\"},\"inLanguage\":\"sk-SK\",\"potentialAction\":[{\"@type\":\"ReadAction\",\"target\":[\"https:\\\/\\\/pmza.sk\\\/?p=11992\"]}]},{\"@type\":\"ImageObject\",\"inLanguage\":\"sk-SK\",\"@id\":\"https:\\\/\\\/pmza.sk\\\/?p=11992#primaryimage\",\"url\":\"https:\\\/\\\/pmza.sk\\\/wp-content\\\/uploads\\\/2015\\\/03\\\/P1010254.jpg\",\"contentUrl\":\"https:\\\/\\\/pmza.sk\\\/wp-content\\\/uploads\\\/2015\\\/03\\\/P1010254.jpg\",\"width\":1000,\"height\":750},{\"@type\":\"BreadcrumbList\",\"@id\":\"https:\\\/\\\/pmza.sk\\\/?p=11992#breadcrumb\",\"itemListElement\":[{\"@type\":\"ListItem\",\"position\":1,\"name\":\"Domovsk\u00e1 str\u00e1nka\",\"item\":\"https:\\\/\\\/pmza.sk\\\/\"},{\"@type\":\"ListItem\",\"position\":2,\"name\":\"Expoz\u00edcia J\u00e1no\u0161\u00edk a Terchov\u00e1 op\u00e4\u0165 otvoren\u00e1\"}]},{\"@type\":\"WebSite\",\"@id\":\"https:\\\/\\\/pmza.sk\\\/#website\",\"url\":\"https:\\\/\\\/pmza.sk\\\/\",\"name\":\"Pova\u017esk\u00e9 m\u00fazeum\",\"description\":\"Pova\u017esk\u00e9 m\u00fazeum v \u017diline je region\u00e1lne m\u00fazeum so s\u00eddlom v Budat\u00edne. Jeho expoz\u00edcie s\u00fa zameran\u00e9 na dejiny slovensk\u00e9ho umenia, kult\u00fary a dopravy.\",\"publisher\":{\"@id\":\"https:\\\/\\\/pmza.sk\\\/#organization\"},\"potentialAction\":[{\"@type\":\"SearchAction\",\"target\":{\"@type\":\"EntryPoint\",\"urlTemplate\":\"https:\\\/\\\/pmza.sk\\\/?s={search_term_string}\"},\"query-input\":{\"@type\":\"PropertyValueSpecification\",\"valueRequired\":true,\"valueName\":\"search_term_string\"}}],\"inLanguage\":\"sk-SK\"},{\"@type\":\"Organization\",\"@id\":\"https:\\\/\\\/pmza.sk\\\/#organization\",\"name\":\"Pova\u017esk\u00e9 m\u00fazeum\",\"url\":\"https:\\\/\\\/pmza.sk\\\/\",\"logo\":{\"@type\":\"ImageObject\",\"inLanguage\":\"sk-SK\",\"@id\":\"https:\\\/\\\/pmza.sk\\\/#\\\/schema\\\/logo\\\/image\\\/\",\"url\":\"https:\\\/\\\/pmza.sk\\\/wp-content\\\/uploads\\\/2022\\\/01\\\/logo_PM_horizontal.jpg\",\"contentUrl\":\"https:\\\/\\\/pmza.sk\\\/wp-content\\\/uploads\\\/2022\\\/01\\\/logo_PM_horizontal.jpg\",\"width\":231,\"height\":142,\"caption\":\"Pova\u017esk\u00e9 m\u00fazeum\"},\"image\":{\"@id\":\"https:\\\/\\\/pmza.sk\\\/#\\\/schema\\\/logo\\\/image\\\/\"},\"sameAs\":[\"https:\\\/\\\/www.facebook.com\\\/povazskemuzeum\",\"https:\\\/\\\/www.instagram.com\\\/povazskemuzeum\\\/\"]},{\"@type\":\"Person\",\"@id\":\"https:\\\/\\\/pmza.sk\\\/#\\\/schema\\\/person\\\/595e6a2ce731ea94dcd5d7f50a41ae33\",\"name\":\"Pova\u017esk\u00e9 m\u00fazeum\",\"image\":{\"@type\":\"ImageObject\",\"inLanguage\":\"sk-SK\",\"@id\":\"https:\\\/\\\/secure.gravatar.com\\\/avatar\\\/2bb7f1561282132fb5826dfeccc66c7996d11ee392ac6aaf7ced8a1c2027fbb2?s=96&d=mm&r=g\",\"url\":\"https:\\\/\\\/secure.gravatar.com\\\/avatar\\\/2bb7f1561282132fb5826dfeccc66c7996d11ee392ac6aaf7ced8a1c2027fbb2?s=96&d=mm&r=g\",\"contentUrl\":\"https:\\\/\\\/secure.gravatar.com\\\/avatar\\\/2bb7f1561282132fb5826dfeccc66c7996d11ee392ac6aaf7ced8a1c2027fbb2?s=96&d=mm&r=g\",\"caption\":\"Pova\u017esk\u00e9 m\u00fazeum\"}}]}<\/script>\n<!-- \/ Yoast SEO plugin. -->","yoast_head_json":{"title":"Expoz\u00edcia J\u00e1no\u0161\u00edk a Terchov\u00e1 op\u00e4\u0165 otvoren\u00e1 - Pova\u017esk\u00e9 m\u00fazeum","robots":{"index":"index","follow":"follow","max-snippet":"max-snippet:-1","max-image-preview":"max-image-preview:large","max-video-preview":"max-video-preview:-1"},"canonical":"https:\/\/pmza.sk\/?p=11992","og_locale":"sk_SK","og_type":"article","og_title":"Expoz\u00edcia J\u00e1no\u0161\u00edk a Terchov\u00e1 op\u00e4\u0165 otvoren\u00e1 - Pova\u017esk\u00e9 m\u00fazeum","og_description":"Po rekon\u0161trukcii budovy Obecn\u00e9ho \u00faradu v\u00a0Terchovej sa Pova\u017esk\u00e9 m\u00fazeum v\u00a0\u017diline vr\u00e1tilo do jej priestorov s\u00a0expoz\u00edciou J\u00e1no\u0161\u00edk a\u00a0Terchov\u00e1. Pre verejnos\u0165 je otvoren\u00e1 od utorka 24. marca 2015. Obnoven\u00fa expoz\u00edciu n\u00e1v\u0161tevn\u00edci n\u00e1jdu v\u00a0p\u00f4vodn\u00fdch priestoroch, ktor\u00e9 v\u0161ak pre\u0161li \u010diasto\u010dn\u00fdmi stavebn\u00fdmi \u00fapravami. V\u00a0expoz\u00edcii pribudli \u010fal\u0161ie dvere, ktor\u00e9 ju sp\u00e1jaj\u00fa s\u00a0\u00fanikovou cestou v\u00a0pr\u00edpade po\u017eiaru a\u00a0pribudol tie\u017e vchod priamo do expoz\u00edcie [&hellip;]","og_url":"https:\/\/pmza.sk\/?p=11992","og_site_name":"Pova\u017esk\u00e9 m\u00fazeum","article_publisher":"https:\/\/www.facebook.com\/povazskemuzeum","article_published_time":"2015-03-25T10:50:28+00:00","og_image":[{"url":"https:\/\/pmza.sk\/wp-content\/uploads\/2015\/03\/P1010254.jpg","type":"","width":"","height":""}],"author":"Pova\u017esk\u00e9 m\u00fazeum","twitter_card":"summary_large_image","twitter_misc":{"Autor":"Pova\u017esk\u00e9 m\u00fazeum","Predpokladan\u00fd \u010das \u010d\u00edtania":"3 min\u00faty"},"schema":{"@context":"https:\/\/schema.org","@graph":[{"@type":"Article","@id":"https:\/\/pmza.sk\/?p=11992#article","isPartOf":{"@id":"https:\/\/pmza.sk\/?p=11992"},"author":{"name":"Pova\u017esk\u00e9 m\u00fazeum","@id":"https:\/\/pmza.sk\/#\/schema\/person\/595e6a2ce731ea94dcd5d7f50a41ae33"},"headline":"Expoz\u00edcia J\u00e1no\u0161\u00edk a Terchov\u00e1 op\u00e4\u0165 otvoren\u00e1","datePublished":"2015-03-25T10:50:28+00:00","mainEntityOfPage":{"@id":"https:\/\/pmza.sk\/?p=11992"},"wordCount":547,"publisher":{"@id":"https:\/\/pmza.sk\/#organization"},"image":{"@id":"https:\/\/pmza.sk\/?p=11992#primaryimage"},"thumbnailUrl":"https:\/\/pmza.sk\/wp-content\/uploads\/2015\/03\/P1010254.jpg","articleSection":["Aktuality"],"inLanguage":"sk-SK"},{"@type":"WebPage","@id":"https:\/\/pmza.sk\/?p=11992","url":"https:\/\/pmza.sk\/?p=11992","name":"Expoz\u00edcia J\u00e1no\u0161\u00edk a Terchov\u00e1 op\u00e4\u0165 otvoren\u00e1 - Pova\u017esk\u00e9 m\u00fazeum","isPartOf":{"@id":"https:\/\/pmza.sk\/#website"},"primaryImageOfPage":{"@id":"https:\/\/pmza.sk\/?p=11992#primaryimage"},"image":{"@id":"https:\/\/pmza.sk\/?p=11992#primaryimage"},"thumbnailUrl":"https:\/\/pmza.sk\/wp-content\/uploads\/2015\/03\/P1010254.jpg","datePublished":"2015-03-25T10:50:28+00:00","breadcrumb":{"@id":"https:\/\/pmza.sk\/?p=11992#breadcrumb"},"inLanguage":"sk-SK","potentialAction":[{"@type":"ReadAction","target":["https:\/\/pmza.sk\/?p=11992"]}]},{"@type":"ImageObject","inLanguage":"sk-SK","@id":"https:\/\/pmza.sk\/?p=11992#primaryimage","url":"https:\/\/pmza.sk\/wp-content\/uploads\/2015\/03\/P1010254.jpg","contentUrl":"https:\/\/pmza.sk\/wp-content\/uploads\/2015\/03\/P1010254.jpg","width":1000,"height":750},{"@type":"BreadcrumbList","@id":"https:\/\/pmza.sk\/?p=11992#breadcrumb","itemListElement":[{"@type":"ListItem","position":1,"name":"Domovsk\u00e1 str\u00e1nka","item":"https:\/\/pmza.sk\/"},{"@type":"ListItem","position":2,"name":"Expoz\u00edcia J\u00e1no\u0161\u00edk a Terchov\u00e1 op\u00e4\u0165 otvoren\u00e1"}]},{"@type":"WebSite","@id":"https:\/\/pmza.sk\/#website","url":"https:\/\/pmza.sk\/","name":"Pova\u017esk\u00e9 m\u00fazeum","description":"Pova\u017esk\u00e9 m\u00fazeum v \u017diline je region\u00e1lne m\u00fazeum so s\u00eddlom v Budat\u00edne. Jeho expoz\u00edcie s\u00fa zameran\u00e9 na dejiny slovensk\u00e9ho umenia, kult\u00fary a dopravy.","publisher":{"@id":"https:\/\/pmza.sk\/#organization"},"potentialAction":[{"@type":"SearchAction","target":{"@type":"EntryPoint","urlTemplate":"https:\/\/pmza.sk\/?s={search_term_string}"},"query-input":{"@type":"PropertyValueSpecification","valueRequired":true,"valueName":"search_term_string"}}],"inLanguage":"sk-SK"},{"@type":"Organization","@id":"https:\/\/pmza.sk\/#organization","name":"Pova\u017esk\u00e9 m\u00fazeum","url":"https:\/\/pmza.sk\/","logo":{"@type":"ImageObject","inLanguage":"sk-SK","@id":"https:\/\/pmza.sk\/#\/schema\/logo\/image\/","url":"https:\/\/pmza.sk\/wp-content\/uploads\/2022\/01\/logo_PM_horizontal.jpg","contentUrl":"https:\/\/pmza.sk\/wp-content\/uploads\/2022\/01\/logo_PM_horizontal.jpg","width":231,"height":142,"caption":"Pova\u017esk\u00e9 m\u00fazeum"},"image":{"@id":"https:\/\/pmza.sk\/#\/schema\/logo\/image\/"},"sameAs":["https:\/\/www.facebook.com\/povazskemuzeum","https:\/\/www.instagram.com\/povazskemuzeum\/"]},{"@type":"Person","@id":"https:\/\/pmza.sk\/#\/schema\/person\/595e6a2ce731ea94dcd5d7f50a41ae33","name":"Pova\u017esk\u00e9 m\u00fazeum","image":{"@type":"ImageObject","inLanguage":"sk-SK","@id":"https:\/\/secure.gravatar.com\/avatar\/2bb7f1561282132fb5826dfeccc66c7996d11ee392ac6aaf7ced8a1c2027fbb2?s=96&d=mm&r=g","url":"https:\/\/secure.gravatar.com\/avatar\/2bb7f1561282132fb5826dfeccc66c7996d11ee392ac6aaf7ced8a1c2027fbb2?s=96&d=mm&r=g","contentUrl":"https:\/\/secure.gravatar.com\/avatar\/2bb7f1561282132fb5826dfeccc66c7996d11ee392ac6aaf7ced8a1c2027fbb2?s=96&d=mm&r=g","caption":"Pova\u017esk\u00e9 m\u00fazeum"}}]}},"_links":{"self":[{"href":"https:\/\/pmza.sk\/index.php?rest_route=\/wp\/v2\/posts\/11992","targetHints":{"allow":["GET"]}}],"collection":[{"href":"https:\/\/pmza.sk\/index.php?rest_route=\/wp\/v2\/posts"}],"about":[{"href":"https:\/\/pmza.sk\/index.php?rest_route=\/wp\/v2\/types\/post"}],"author":[{"embeddable":true,"href":"https:\/\/pmza.sk\/index.php?rest_route=\/wp\/v2\/users\/2"}],"replies":[{"embeddable":true,"href":"https:\/\/pmza.sk\/index.php?rest_route=%2Fwp%2Fv2%2Fcomments&post=11992"}],"version-history":[{"count":0,"href":"https:\/\/pmza.sk\/index.php?rest_route=\/wp\/v2\/posts\/11992\/revisions"}],"wp:attachment":[{"href":"https:\/\/pmza.sk\/index.php?rest_route=%2Fwp%2Fv2%2Fmedia&parent=11992"}],"wp:term":[{"taxonomy":"category","embeddable":true,"href":"https:\/\/pmza.sk\/index.php?rest_route=%2Fwp%2Fv2%2Fcategories&post=11992"},{"taxonomy":"post_tag","embeddable":true,"href":"https:\/\/pmza.sk\/index.php?rest_route=%2Fwp%2Fv2%2Ftags&post=11992"}],"curies":[{"name":"wp","href":"https:\/\/api.w.org\/{rel}","templated":true}]}}