{"id":12017,"date":"2015-03-30T08:04:09","date_gmt":"2015-03-30T06:04:09","guid":{"rendered":"https:\/\/pmza.sk.sk\/?p=12017"},"modified":"2015-03-30T08:04:09","modified_gmt":"2015-03-30T06:04:09","slug":"odfotte-sa-v-zilinskom-kraji-a-vyhrajte","status":"publish","type":"post","link":"https:\/\/pmza.sk\/?p=12017","title":{"rendered":"Odfo\u0165te sa v \u017dilinskom kraji a vyhrajte"},"content":{"rendered":"<p><a href=\"https:\/\/pmza.sk\/wp-content\/uploads\/2015\/03\/Odfot-seba-sa_plagat-page-001.jpg\"><img decoding=\"async\" class=\"alignleft  wp-image-12016\" src=\"https:\/\/pmza.sk\/wp-content\/uploads\/2015\/03\/Odfot-seba-sa_plagat-page-001.jpg\" alt=\"Odfo\u0165 seba sa_plag\u00e1t-page-001\" width=\"145\" height=\"205\" srcset=\"https:\/\/pmza.sk\/wp-content\/uploads\/2015\/03\/Odfot-seba-sa_plagat-page-001.jpg 1240w, https:\/\/pmza.sk\/wp-content\/uploads\/2015\/03\/Odfot-seba-sa_plagat-page-001-255x360.jpg 255w, https:\/\/pmza.sk\/wp-content\/uploads\/2015\/03\/Odfot-seba-sa_plagat-page-001-520x736.jpg 520w, https:\/\/pmza.sk\/wp-content\/uploads\/2015\/03\/Odfot-seba-sa_plagat-page-001-768x1086.jpg 768w, https:\/\/pmza.sk\/wp-content\/uploads\/2015\/03\/Odfot-seba-sa_plagat-page-001-1086x1536.jpg 1086w, https:\/\/pmza.sk\/wp-content\/uploads\/2015\/03\/Odfot-seba-sa_plagat-page-001-600x849.jpg 600w\" sizes=\"(max-width: 145px) 100vw, 145px\" \/><\/a>\u017dilinsk\u00e1 \u017eupa vyhlasuje s\u00fa\u0165a\u017e ODFOTSEBASA pre v\u0161etk\u00fdch milovn\u00edkov \u201eselfie\u201c fotografi\u00ed. Minul\u00fd rok sa niesol v\u00a0znamen\u00ed \u201eselfie\u201c, fotografick\u00fdch autoportr\u00e9tov, ktor\u00e9 ovl\u00e1dli cel\u00e9 Slovensko a\u00a0v\u00a0piatok 27. 3. 2015 \u0161tartuje s\u00fa\u0165a\u017e v\u00a0\u017dilinskom kraji pre ka\u017ed\u00e9ho, kto tomuto trendu pod\u013eahol a\u00a0m\u00e1 chu\u0165 z\u00edska\u0165 atrakt\u00edvne ceny. Pravidl\u00e1 s\u00fa jednoduch\u00e9, sta\u010d\u00ed sa od 27. 3. 2015 do 30. 4. 2015 odfoti\u0165 v\u00a0\u0161t\u00fdle \u201eselfie\u201c pri in\u0161tit\u00facii alebo pamiatke \u017dSK, lajkn\u00fa\u0165 Facebook str\u00e1nku \u017dilinsk\u00fd samospr\u00e1vny kraj a svoju fotografiu tam zasla\u0165 do spr\u00e1vy alebo na n\u00e1stenku. Hlasova\u0165 o\u00a0najlep\u0161iu fotku bud\u00fa fan\u00fa\u0161ikovia Facebook str\u00e1nky, ktor\u00ed lajkami podporia svojich favoritov. Cie\u013eom s\u00fa\u0165a\u017ee je vzbudi\u0165 u\u00a0mlad\u00fdch \u013eud\u00ed z\u00e1ujem o\u00a0kult\u00farne pamiatky a\u00a0posilni\u0165 ich vedomosti o\u00a0in\u0161tit\u00faci\u00e1ch, ktor\u00e9 s\u00fa v\u00a0zria\u010fovate\u013eskej p\u00f4sobnosti \u017eupy. <a href=\"https:\/\/pmza.sk.sk\/wp-content\/uploads\/2015\/01\/\u00dadaje-o-objedn\u00e1vke-201556.xls\">Pravidl\u00e1 <\/a>a\u00a0bli\u017e\u0161ie inform\u00e1cie bud\u00fa zverejnen\u00e9 na Facebook str\u00e1nke \u017dilinsk\u00fd samospr\u00e1vny kraj.<!--more--><\/p>\n<p>\u017dilinsk\u00fd kraj je zria\u010fovate\u013eom 66 stredn\u00fdch \u0161k\u00f4l a\u00a0\u0161kolsk\u00fdch zariaden\u00ed, piatich zdravotn\u00edckych a\u00a026 soci\u00e1lnych zariaden\u00ed, piatich z\u00e1vodov Spr\u00e1vy ciest a 22 kult\u00farnych organiz\u00e1ci\u00ed. Medzi najzn\u00e1mej\u0161ie a najnav\u0161tevovanej\u0161ie pamiatky patr\u00ed Oravsk\u00fd hrad, Sob\u00e1\u0161ny pal\u00e1c v\u00a0Byt\u010di, historick\u00e1 lesn\u00e1 \u00favra\u0165ov\u00e1 \u017eelezni\u010dka vo Vychylovke, M\u00fazeum liptovskej dediny v\u00a0Pribyline \u010di N\u00e1rodn\u00fd dom Slovensk\u00e9ho komorn\u00e9ho divadla v Martine a\u00a0mnoh\u00e9 \u010fal\u0161ie.<\/p>\n<p>Fotografie m\u00f4\u017eete posiela\u0165 sem: <a href=\"https:\/\/www.facebook.com\/ZilinskyKraj\">https:\/\/www.facebook.com\/ZilinskyKraj<\/a><\/p>\n<p><strong>Lenka Z\u00e1tekov\u00e1<\/strong><\/p>\n<p><strong>hovorky\u0148a \u017dilinsk\u00e9ho samospr\u00e1vneho kraja<\/strong><\/p>\n","protected":false},"excerpt":{"rendered":"<p>\u017dilinsk\u00e1 \u017eupa vyhlasuje s\u00fa\u0165a\u017e ODFOTSEBASA pre v\u0161etk\u00fdch milovn\u00edkov \u201eselfie\u201c fotografi\u00ed. Minul\u00fd rok sa niesol v\u00a0znamen\u00ed \u201eselfie\u201c, fotografick\u00fdch autoportr\u00e9tov, ktor\u00e9 ovl\u00e1dli cel\u00e9 Slovensko a\u00a0v\u00a0piatok 27. 3. 2015 \u0161tartuje s\u00fa\u0165a\u017e v\u00a0\u017dilinskom kraji pre ka\u017ed\u00e9ho, kto tomuto trendu pod\u013eahol a\u00a0m\u00e1 chu\u0165 z\u00edska\u0165 atrakt\u00edvne ceny. Pravidl\u00e1 s\u00fa jednoduch\u00e9, sta\u010d\u00ed sa od 27. 3. 2015 do 30. 4. 2015 odfoti\u0165 [&hellip;]<\/p>\n","protected":false},"author":2,"featured_media":0,"comment_status":"closed","ping_status":"closed","sticky":false,"template":"","format":"standard","meta":{"site-sidebar-layout":"default","site-content-layout":"","ast-site-content-layout":"","site-content-style":"default","site-sidebar-style":"default","ast-global-header-display":"","ast-banner-title-visibility":"","ast-main-header-display":"","ast-hfb-above-header-display":"","ast-hfb-below-header-display":"","ast-hfb-mobile-header-display":"","site-post-title":"","ast-breadcrumbs-content":"","ast-featured-img":"","footer-sml-layout":"","theme-transparent-header-meta":"","adv-header-id-meta":"","stick-header-meta":"","header-above-stick-meta":"","header-main-stick-meta":"","header-below-stick-meta":"","astra-migrate-meta-layouts":"default","ast-page-background-enabled":"default","ast-page-background-meta":{"desktop":{"background-color":"var(--ast-global-color-4)","background-image":"","background-repeat":"repeat","background-position":"center center","background-size":"auto","background-attachment":"scroll","background-type":"","background-media":"","overlay-type":"","overlay-color":"","overlay-opacity":"","overlay-gradient":""},"tablet":{"background-color":"","background-image":"","background-repeat":"repeat","background-position":"center center","background-size":"auto","background-attachment":"scroll","background-type":"","background-media":"","overlay-type":"","overlay-color":"","overlay-opacity":"","overlay-gradient":""},"mobile":{"background-color":"","background-image":"","background-repeat":"repeat","background-position":"center center","background-size":"auto","background-attachment":"scroll","background-type":"","background-media":"","overlay-type":"","overlay-color":"","overlay-opacity":"","overlay-gradient":""}},"ast-content-background-meta":{"desktop":{"background-color":"var(--ast-global-color-5)","background-image":"","background-repeat":"repeat","background-position":"center center","background-size":"auto","background-attachment":"scroll","background-type":"","background-media":"","overlay-type":"","overlay-color":"","overlay-opacity":"","overlay-gradient":""},"tablet":{"background-color":"var(--ast-global-color-5)","background-image":"","background-repeat":"repeat","background-position":"center center","background-size":"auto","background-attachment":"scroll","background-type":"","background-media":"","overlay-type":"","overlay-color":"","overlay-opacity":"","overlay-gradient":""},"mobile":{"background-color":"var(--ast-global-color-5)","background-image":"","background-repeat":"repeat","background-position":"center center","background-size":"auto","background-attachment":"scroll","background-type":"","background-media":"","overlay-type":"","overlay-color":"","overlay-opacity":"","overlay-gradient":""}},"footnotes":""},"categories":[31],"tags":[],"class_list":["post-12017","post","type-post","status-publish","format-standard","hentry","category-aktuality"],"yoast_head":"<!-- This site is optimized with the Yoast SEO plugin v27.4 - https:\/\/yoast.com\/product\/yoast-seo-wordpress\/ -->\n<title>Odfo\u0165te sa v \u017dilinskom kraji a vyhrajte - Pova\u017esk\u00e9 m\u00fazeum<\/title>\n<meta name=\"robots\" content=\"index, follow, max-snippet:-1, max-image-preview:large, max-video-preview:-1\" \/>\n<link rel=\"canonical\" href=\"https:\/\/pmza.sk\/?p=12017\" \/>\n<meta property=\"og:locale\" content=\"sk_SK\" \/>\n<meta property=\"og:type\" content=\"article\" \/>\n<meta property=\"og:title\" content=\"Odfo\u0165te sa v \u017dilinskom kraji a vyhrajte - Pova\u017esk\u00e9 m\u00fazeum\" \/>\n<meta property=\"og:description\" content=\"\u017dilinsk\u00e1 \u017eupa vyhlasuje s\u00fa\u0165a\u017e ODFOTSEBASA pre v\u0161etk\u00fdch milovn\u00edkov \u201eselfie\u201c fotografi\u00ed. Minul\u00fd rok sa niesol v\u00a0znamen\u00ed \u201eselfie\u201c, fotografick\u00fdch autoportr\u00e9tov, ktor\u00e9 ovl\u00e1dli cel\u00e9 Slovensko a\u00a0v\u00a0piatok 27. 3. 2015 \u0161tartuje s\u00fa\u0165a\u017e v\u00a0\u017dilinskom kraji pre ka\u017ed\u00e9ho, kto tomuto trendu pod\u013eahol a\u00a0m\u00e1 chu\u0165 z\u00edska\u0165 atrakt\u00edvne ceny. Pravidl\u00e1 s\u00fa jednoduch\u00e9, sta\u010d\u00ed sa od 27. 3. 2015 do 30. 4. 2015 odfoti\u0165 [&hellip;]\" \/>\n<meta property=\"og:url\" content=\"https:\/\/pmza.sk\/?p=12017\" \/>\n<meta property=\"og:site_name\" content=\"Pova\u017esk\u00e9 m\u00fazeum\" \/>\n<meta property=\"article:publisher\" content=\"https:\/\/www.facebook.com\/povazskemuzeum\" \/>\n<meta property=\"article:published_time\" content=\"2015-03-30T06:04:09+00:00\" \/>\n<meta property=\"og:image\" content=\"https:\/\/pmza.sk\/wp-content\/uploads\/2015\/03\/Odfot-seba-sa_plagat-page-001.jpg\" \/>\n<meta name=\"author\" content=\"Pova\u017esk\u00e9 m\u00fazeum\" \/>\n<meta name=\"twitter:card\" content=\"summary_large_image\" \/>\n<meta name=\"twitter:label1\" content=\"Autor\" \/>\n\t<meta name=\"twitter:data1\" content=\"Pova\u017esk\u00e9 m\u00fazeum\" \/>\n\t<meta name=\"twitter:label2\" content=\"Predpokladan\u00fd \u010das \u010d\u00edtania\" \/>\n\t<meta name=\"twitter:data2\" content=\"1 min\u00fata\" \/>\n<script type=\"application\/ld+json\" class=\"yoast-schema-graph\">{\"@context\":\"https:\\\/\\\/schema.org\",\"@graph\":[{\"@type\":\"Article\",\"@id\":\"https:\\\/\\\/pmza.sk\\\/?p=12017#article\",\"isPartOf\":{\"@id\":\"https:\\\/\\\/pmza.sk\\\/?p=12017\"},\"author\":{\"name\":\"Pova\u017esk\u00e9 m\u00fazeum\",\"@id\":\"https:\\\/\\\/pmza.sk\\\/#\\\/schema\\\/person\\\/595e6a2ce731ea94dcd5d7f50a41ae33\"},\"headline\":\"Odfo\u0165te sa v \u017dilinskom kraji a vyhrajte\",\"datePublished\":\"2015-03-30T06:04:09+00:00\",\"mainEntityOfPage\":{\"@id\":\"https:\\\/\\\/pmza.sk\\\/?p=12017\"},\"wordCount\":270,\"publisher\":{\"@id\":\"https:\\\/\\\/pmza.sk\\\/#organization\"},\"image\":{\"@id\":\"https:\\\/\\\/pmza.sk\\\/?p=12017#primaryimage\"},\"thumbnailUrl\":\"http:\\\/\\\/pmza.sk\\\/wp-content\\\/uploads\\\/2015\\\/03\\\/Odfot-seba-sa_plagat-page-001.jpg\",\"articleSection\":[\"Aktuality\"],\"inLanguage\":\"sk-SK\"},{\"@type\":\"WebPage\",\"@id\":\"https:\\\/\\\/pmza.sk\\\/?p=12017\",\"url\":\"https:\\\/\\\/pmza.sk\\\/?p=12017\",\"name\":\"Odfo\u0165te sa v \u017dilinskom kraji a vyhrajte - Pova\u017esk\u00e9 m\u00fazeum\",\"isPartOf\":{\"@id\":\"https:\\\/\\\/pmza.sk\\\/#website\"},\"primaryImageOfPage\":{\"@id\":\"https:\\\/\\\/pmza.sk\\\/?p=12017#primaryimage\"},\"image\":{\"@id\":\"https:\\\/\\\/pmza.sk\\\/?p=12017#primaryimage\"},\"thumbnailUrl\":\"http:\\\/\\\/pmza.sk\\\/wp-content\\\/uploads\\\/2015\\\/03\\\/Odfot-seba-sa_plagat-page-001.jpg\",\"datePublished\":\"2015-03-30T06:04:09+00:00\",\"breadcrumb\":{\"@id\":\"https:\\\/\\\/pmza.sk\\\/?p=12017#breadcrumb\"},\"inLanguage\":\"sk-SK\",\"potentialAction\":[{\"@type\":\"ReadAction\",\"target\":[\"https:\\\/\\\/pmza.sk\\\/?p=12017\"]}]},{\"@type\":\"ImageObject\",\"inLanguage\":\"sk-SK\",\"@id\":\"https:\\\/\\\/pmza.sk\\\/?p=12017#primaryimage\",\"url\":\"https:\\\/\\\/pmza.sk\\\/wp-content\\\/uploads\\\/2015\\\/03\\\/Odfot-seba-sa_plagat-page-001.jpg\",\"contentUrl\":\"https:\\\/\\\/pmza.sk\\\/wp-content\\\/uploads\\\/2015\\\/03\\\/Odfot-seba-sa_plagat-page-001.jpg\",\"width\":1240,\"height\":1754},{\"@type\":\"BreadcrumbList\",\"@id\":\"https:\\\/\\\/pmza.sk\\\/?p=12017#breadcrumb\",\"itemListElement\":[{\"@type\":\"ListItem\",\"position\":1,\"name\":\"Domovsk\u00e1 str\u00e1nka\",\"item\":\"https:\\\/\\\/pmza.sk\\\/\"},{\"@type\":\"ListItem\",\"position\":2,\"name\":\"Odfo\u0165te sa v \u017dilinskom kraji a vyhrajte\"}]},{\"@type\":\"WebSite\",\"@id\":\"https:\\\/\\\/pmza.sk\\\/#website\",\"url\":\"https:\\\/\\\/pmza.sk\\\/\",\"name\":\"Pova\u017esk\u00e9 m\u00fazeum\",\"description\":\"Pova\u017esk\u00e9 m\u00fazeum v \u017diline je region\u00e1lne m\u00fazeum so s\u00eddlom v Budat\u00edne. Jeho expoz\u00edcie s\u00fa zameran\u00e9 na dejiny slovensk\u00e9ho umenia, kult\u00fary a dopravy.\",\"publisher\":{\"@id\":\"https:\\\/\\\/pmza.sk\\\/#organization\"},\"potentialAction\":[{\"@type\":\"SearchAction\",\"target\":{\"@type\":\"EntryPoint\",\"urlTemplate\":\"https:\\\/\\\/pmza.sk\\\/?s={search_term_string}\"},\"query-input\":{\"@type\":\"PropertyValueSpecification\",\"valueRequired\":true,\"valueName\":\"search_term_string\"}}],\"inLanguage\":\"sk-SK\"},{\"@type\":\"Organization\",\"@id\":\"https:\\\/\\\/pmza.sk\\\/#organization\",\"name\":\"Pova\u017esk\u00e9 m\u00fazeum\",\"url\":\"https:\\\/\\\/pmza.sk\\\/\",\"logo\":{\"@type\":\"ImageObject\",\"inLanguage\":\"sk-SK\",\"@id\":\"https:\\\/\\\/pmza.sk\\\/#\\\/schema\\\/logo\\\/image\\\/\",\"url\":\"https:\\\/\\\/pmza.sk\\\/wp-content\\\/uploads\\\/2022\\\/01\\\/logo_PM_horizontal.jpg\",\"contentUrl\":\"https:\\\/\\\/pmza.sk\\\/wp-content\\\/uploads\\\/2022\\\/01\\\/logo_PM_horizontal.jpg\",\"width\":231,\"height\":142,\"caption\":\"Pova\u017esk\u00e9 m\u00fazeum\"},\"image\":{\"@id\":\"https:\\\/\\\/pmza.sk\\\/#\\\/schema\\\/logo\\\/image\\\/\"},\"sameAs\":[\"https:\\\/\\\/www.facebook.com\\\/povazskemuzeum\",\"https:\\\/\\\/www.instagram.com\\\/povazskemuzeum\\\/\"]},{\"@type\":\"Person\",\"@id\":\"https:\\\/\\\/pmza.sk\\\/#\\\/schema\\\/person\\\/595e6a2ce731ea94dcd5d7f50a41ae33\",\"name\":\"Pova\u017esk\u00e9 m\u00fazeum\",\"image\":{\"@type\":\"ImageObject\",\"inLanguage\":\"sk-SK\",\"@id\":\"https:\\\/\\\/secure.gravatar.com\\\/avatar\\\/2bb7f1561282132fb5826dfeccc66c7996d11ee392ac6aaf7ced8a1c2027fbb2?s=96&d=mm&r=g\",\"url\":\"https:\\\/\\\/secure.gravatar.com\\\/avatar\\\/2bb7f1561282132fb5826dfeccc66c7996d11ee392ac6aaf7ced8a1c2027fbb2?s=96&d=mm&r=g\",\"contentUrl\":\"https:\\\/\\\/secure.gravatar.com\\\/avatar\\\/2bb7f1561282132fb5826dfeccc66c7996d11ee392ac6aaf7ced8a1c2027fbb2?s=96&d=mm&r=g\",\"caption\":\"Pova\u017esk\u00e9 m\u00fazeum\"}}]}<\/script>\n<!-- \/ Yoast SEO plugin. -->","yoast_head_json":{"title":"Odfo\u0165te sa v \u017dilinskom kraji a vyhrajte - Pova\u017esk\u00e9 m\u00fazeum","robots":{"index":"index","follow":"follow","max-snippet":"max-snippet:-1","max-image-preview":"max-image-preview:large","max-video-preview":"max-video-preview:-1"},"canonical":"https:\/\/pmza.sk\/?p=12017","og_locale":"sk_SK","og_type":"article","og_title":"Odfo\u0165te sa v \u017dilinskom kraji a vyhrajte - Pova\u017esk\u00e9 m\u00fazeum","og_description":"\u017dilinsk\u00e1 \u017eupa vyhlasuje s\u00fa\u0165a\u017e ODFOTSEBASA pre v\u0161etk\u00fdch milovn\u00edkov \u201eselfie\u201c fotografi\u00ed. Minul\u00fd rok sa niesol v\u00a0znamen\u00ed \u201eselfie\u201c, fotografick\u00fdch autoportr\u00e9tov, ktor\u00e9 ovl\u00e1dli cel\u00e9 Slovensko a\u00a0v\u00a0piatok 27. 3. 2015 \u0161tartuje s\u00fa\u0165a\u017e v\u00a0\u017dilinskom kraji pre ka\u017ed\u00e9ho, kto tomuto trendu pod\u013eahol a\u00a0m\u00e1 chu\u0165 z\u00edska\u0165 atrakt\u00edvne ceny. Pravidl\u00e1 s\u00fa jednoduch\u00e9, sta\u010d\u00ed sa od 27. 3. 2015 do 30. 4. 2015 odfoti\u0165 [&hellip;]","og_url":"https:\/\/pmza.sk\/?p=12017","og_site_name":"Pova\u017esk\u00e9 m\u00fazeum","article_publisher":"https:\/\/www.facebook.com\/povazskemuzeum","article_published_time":"2015-03-30T06:04:09+00:00","og_image":[{"url":"https:\/\/pmza.sk\/wp-content\/uploads\/2015\/03\/Odfot-seba-sa_plagat-page-001.jpg","type":"","width":"","height":""}],"author":"Pova\u017esk\u00e9 m\u00fazeum","twitter_card":"summary_large_image","twitter_misc":{"Autor":"Pova\u017esk\u00e9 m\u00fazeum","Predpokladan\u00fd \u010das \u010d\u00edtania":"1 min\u00fata"},"schema":{"@context":"https:\/\/schema.org","@graph":[{"@type":"Article","@id":"https:\/\/pmza.sk\/?p=12017#article","isPartOf":{"@id":"https:\/\/pmza.sk\/?p=12017"},"author":{"name":"Pova\u017esk\u00e9 m\u00fazeum","@id":"https:\/\/pmza.sk\/#\/schema\/person\/595e6a2ce731ea94dcd5d7f50a41ae33"},"headline":"Odfo\u0165te sa v \u017dilinskom kraji a vyhrajte","datePublished":"2015-03-30T06:04:09+00:00","mainEntityOfPage":{"@id":"https:\/\/pmza.sk\/?p=12017"},"wordCount":270,"publisher":{"@id":"https:\/\/pmza.sk\/#organization"},"image":{"@id":"https:\/\/pmza.sk\/?p=12017#primaryimage"},"thumbnailUrl":"https:\/\/pmza.sk\/wp-content\/uploads\/2015\/03\/Odfot-seba-sa_plagat-page-001.jpg","articleSection":["Aktuality"],"inLanguage":"sk-SK"},{"@type":"WebPage","@id":"https:\/\/pmza.sk\/?p=12017","url":"https:\/\/pmza.sk\/?p=12017","name":"Odfo\u0165te sa v \u017dilinskom kraji a vyhrajte - Pova\u017esk\u00e9 m\u00fazeum","isPartOf":{"@id":"https:\/\/pmza.sk\/#website"},"primaryImageOfPage":{"@id":"https:\/\/pmza.sk\/?p=12017#primaryimage"},"image":{"@id":"https:\/\/pmza.sk\/?p=12017#primaryimage"},"thumbnailUrl":"https:\/\/pmza.sk\/wp-content\/uploads\/2015\/03\/Odfot-seba-sa_plagat-page-001.jpg","datePublished":"2015-03-30T06:04:09+00:00","breadcrumb":{"@id":"https:\/\/pmza.sk\/?p=12017#breadcrumb"},"inLanguage":"sk-SK","potentialAction":[{"@type":"ReadAction","target":["https:\/\/pmza.sk\/?p=12017"]}]},{"@type":"ImageObject","inLanguage":"sk-SK","@id":"https:\/\/pmza.sk\/?p=12017#primaryimage","url":"https:\/\/pmza.sk\/wp-content\/uploads\/2015\/03\/Odfot-seba-sa_plagat-page-001.jpg","contentUrl":"https:\/\/pmza.sk\/wp-content\/uploads\/2015\/03\/Odfot-seba-sa_plagat-page-001.jpg","width":1240,"height":1754},{"@type":"BreadcrumbList","@id":"https:\/\/pmza.sk\/?p=12017#breadcrumb","itemListElement":[{"@type":"ListItem","position":1,"name":"Domovsk\u00e1 str\u00e1nka","item":"https:\/\/pmza.sk\/"},{"@type":"ListItem","position":2,"name":"Odfo\u0165te sa v \u017dilinskom kraji a vyhrajte"}]},{"@type":"WebSite","@id":"https:\/\/pmza.sk\/#website","url":"https:\/\/pmza.sk\/","name":"Pova\u017esk\u00e9 m\u00fazeum","description":"Pova\u017esk\u00e9 m\u00fazeum v \u017diline je region\u00e1lne m\u00fazeum so s\u00eddlom v Budat\u00edne. Jeho expoz\u00edcie s\u00fa zameran\u00e9 na dejiny slovensk\u00e9ho umenia, kult\u00fary a dopravy.","publisher":{"@id":"https:\/\/pmza.sk\/#organization"},"potentialAction":[{"@type":"SearchAction","target":{"@type":"EntryPoint","urlTemplate":"https:\/\/pmza.sk\/?s={search_term_string}"},"query-input":{"@type":"PropertyValueSpecification","valueRequired":true,"valueName":"search_term_string"}}],"inLanguage":"sk-SK"},{"@type":"Organization","@id":"https:\/\/pmza.sk\/#organization","name":"Pova\u017esk\u00e9 m\u00fazeum","url":"https:\/\/pmza.sk\/","logo":{"@type":"ImageObject","inLanguage":"sk-SK","@id":"https:\/\/pmza.sk\/#\/schema\/logo\/image\/","url":"https:\/\/pmza.sk\/wp-content\/uploads\/2022\/01\/logo_PM_horizontal.jpg","contentUrl":"https:\/\/pmza.sk\/wp-content\/uploads\/2022\/01\/logo_PM_horizontal.jpg","width":231,"height":142,"caption":"Pova\u017esk\u00e9 m\u00fazeum"},"image":{"@id":"https:\/\/pmza.sk\/#\/schema\/logo\/image\/"},"sameAs":["https:\/\/www.facebook.com\/povazskemuzeum","https:\/\/www.instagram.com\/povazskemuzeum\/"]},{"@type":"Person","@id":"https:\/\/pmza.sk\/#\/schema\/person\/595e6a2ce731ea94dcd5d7f50a41ae33","name":"Pova\u017esk\u00e9 m\u00fazeum","image":{"@type":"ImageObject","inLanguage":"sk-SK","@id":"https:\/\/secure.gravatar.com\/avatar\/2bb7f1561282132fb5826dfeccc66c7996d11ee392ac6aaf7ced8a1c2027fbb2?s=96&d=mm&r=g","url":"https:\/\/secure.gravatar.com\/avatar\/2bb7f1561282132fb5826dfeccc66c7996d11ee392ac6aaf7ced8a1c2027fbb2?s=96&d=mm&r=g","contentUrl":"https:\/\/secure.gravatar.com\/avatar\/2bb7f1561282132fb5826dfeccc66c7996d11ee392ac6aaf7ced8a1c2027fbb2?s=96&d=mm&r=g","caption":"Pova\u017esk\u00e9 m\u00fazeum"}}]}},"_links":{"self":[{"href":"https:\/\/pmza.sk\/index.php?rest_route=\/wp\/v2\/posts\/12017","targetHints":{"allow":["GET"]}}],"collection":[{"href":"https:\/\/pmza.sk\/index.php?rest_route=\/wp\/v2\/posts"}],"about":[{"href":"https:\/\/pmza.sk\/index.php?rest_route=\/wp\/v2\/types\/post"}],"author":[{"embeddable":true,"href":"https:\/\/pmza.sk\/index.php?rest_route=\/wp\/v2\/users\/2"}],"replies":[{"embeddable":true,"href":"https:\/\/pmza.sk\/index.php?rest_route=%2Fwp%2Fv2%2Fcomments&post=12017"}],"version-history":[{"count":0,"href":"https:\/\/pmza.sk\/index.php?rest_route=\/wp\/v2\/posts\/12017\/revisions"}],"wp:attachment":[{"href":"https:\/\/pmza.sk\/index.php?rest_route=%2Fwp%2Fv2%2Fmedia&parent=12017"}],"wp:term":[{"taxonomy":"category","embeddable":true,"href":"https:\/\/pmza.sk\/index.php?rest_route=%2Fwp%2Fv2%2Fcategories&post=12017"},{"taxonomy":"post_tag","embeddable":true,"href":"https:\/\/pmza.sk\/index.php?rest_route=%2Fwp%2Fv2%2Ftags&post=12017"}],"curies":[{"name":"wp","href":"https:\/\/api.w.org\/{rel}","templated":true}]}}