{"id":12043,"date":"2015-04-02T11:53:09","date_gmt":"2015-04-02T09:53:09","guid":{"rendered":"https:\/\/pmza.sk.sk\/?p=12043"},"modified":"2015-04-02T11:53:09","modified_gmt":"2015-04-02T09:53:09","slug":"na-hrade-strecno-a-paseke-sezona-otvorena","status":"publish","type":"post","link":"https:\/\/pmza.sk\/?p=12043","title":{"rendered":"Hrad Stre\u010dno a Paseka s\u00fa op\u00e4\u0165 pre verejnos\u0165 otvoren\u00e9"},"content":{"rendered":"<p><a href=\"https:\/\/pmza.sk\/wp-content\/uploads\/2013\/03\/Strecno.jpg\"><img decoding=\"async\" class=\"alignleft  wp-image-7053\" src=\"https:\/\/pmza.sk\/wp-content\/uploads\/2013\/03\/Strecno.jpg\" alt=\"Stre\u010dno\" width=\"141\" height=\"212\" srcset=\"https:\/\/pmza.sk\/wp-content\/uploads\/2013\/03\/Strecno.jpg 427w, https:\/\/pmza.sk\/wp-content\/uploads\/2013\/03\/Strecno-240x360.jpg 240w\" sizes=\"(max-width: 141px) 100vw, 141px\" \/><\/a>Hrad Stre\u010dno a\u00a0stredovek\u00e1 dedina Paseka s\u00fa po zimnej prest\u00e1vke op\u00e4\u0165 pre verejnos\u0165 otvoren\u00e9.<strong> Sl\u00e1vnostn\u00e9 otvorenie sez\u00f3ny je napl\u00e1novan\u00e9 na 1. m\u00e1ja 2015.<\/strong><\/p>\n<p>N\u00e1v\u0161tevn\u00edkov aktu\u00e1lne pri prehliadke hradu Stre\u010dno \u010dak\u00e1 v\u00fdstava kurioz\u00edt Pova\u017esk\u00e9ho m\u00fazea v\u00a0\u017diline s\u00a0n\u00e1zvom <strong>T\u00falame sa storo\u010diami veselo i\u00a0v\u00e1\u017ene<\/strong>. Ide o\u00a0vtipn\u00fa prezent\u00e1ciu m\u00fazea a\u00a0jeho zbierkov\u00fdch predmetov. <em>\u201eV\u00fdstava je veselou prezent\u00e1ciou, ktor\u00e1 m\u00e1 uvo\u013eni\u0165 atmosf\u00e9ru pri n\u00e1v\u0161teve hradu, aby si \u010dlovek trochu odd\u00fdchol od \u0165a\u017ek\u00fdch kame\u0148ov a\u00a0v\u00e1\u017enych inform\u00e1ci\u00ed z\u00a0dej\u00edn. Je to ak\u00fdsi apr\u00edlov\u00fd pr\u00edspevok, kedy chceme, aby \u00fasmev alebo prekvapenie n\u00e1s v\u0161etk\u00fdch vytrhli zo zau\u017e\u00edvan\u00fdch stereotypov,\u201c<\/em> povedal riadite\u013e Pova\u017esk\u00e9ho m\u00fazea v\u00a0\u017diline Ladislav Cimer\u00e1k.<!--more--> <em>\u201eV\u00fdstava m\u00e1 vtipnou formou prezentova\u0165 predmety zo zbierok, ktor\u00e9 nie s\u00fa celkom tradi\u010dn\u00e9. Ide o\u00a0zbierky z\u00e1hadn\u00e9, niektor\u00e9 zauj\u00edmav\u00e9 a\u00a0in\u00e9 \u00faplne nepochopite\u013en\u00e9. Za ur\u010dite zauj\u00edmav\u00e9 a\u00a0z\u00e1hadn\u00e9 m\u00f4\u017eu by\u0165 pova\u017eovan\u00e9 zbierky z\u00a0archeol\u00f3gie, napr\u00edklad hlinen\u00e1 tabu\u013eka s\u00a0dierkami, ktorej v\u00fdznam a\u00a0ur\u010denie si netr\u00fafnu zhodnoti\u0165 ani samotn\u00ed archeol\u00f3govia. Ur\u010dite najmen\u0161\u00edm zbierkov\u00fdm predmetom je himal\u00e1jska blcha, ktor\u00e1 m\u00e1 najvy\u0161\u0161\u00ed podstavec, a\u00a0najdlh\u0161iu popisku,\u201c <\/em>doplnil historik PMZA Michal Jureck\u00fd.<\/p>\n<p>Cel\u00e1 v\u00fdstava je vlo\u017een\u00e1 do akejsi \u010dasovej l\u00ednie:<\/p>\n<p><em>Pravek:<\/em><\/p>\n<p>Za ur\u010dite zauj\u00edmav\u00e9 a\u00a0z\u00e1hadn\u00e9 m\u00f4\u017eu by\u0165 pova\u017eovan\u00e9 zbierky z\u00a0archeol\u00f3gie, napr\u00edklad hlinen\u00e1 tabu\u013eka s\u00a0dierkami, ktorej v\u00fdznam a\u00a0ur\u010denie si netr\u00fafnu zhodnoti\u0165 ani samotn\u00ed archeol\u00f3govia. Pekn\u00fdm k\u00faskom je aj hlinen\u00e9 vaj\u00ed\u010dko &#8211; hrk\u00e1lka.<\/p>\n<p><em>Etnografia a\u00a019. storo\u010die:<\/em><\/p>\n<p>Pr\u00edbeh Janka Hra\u0161ka, sa odkr\u00fdva pri obrovskej ly\u017eici a\u00a0malom J\u00e1no\u0161\u00edkovi.<\/p>\n<p><em>Pr\u00edroda:<\/em><\/p>\n<p>Raritou je 100-ro\u010dn\u00fd bre\u010dtan z\u00a0Budat\u00ednskeho parku. Ur\u010dite najmen\u0161\u00edm zbierkov\u00fdm predmetom je himal\u00e1jska blcha, ktor\u00e1 m\u00e1 najvy\u0161\u0161\u00ed podstavec a\u00a0najdlh\u0161iu popisku.<\/p>\n<p><em>20. storo\u010die:<\/em><\/p>\n<p>Vojny a\u00a0zbrane s\u00fa pribl\u00ed\u017een\u00e9 detsk\u00fdmi hra\u010dkami, ale aj seri\u00f3znymi vojensk\u00fdmi dlahami z\u00a0dr\u00f4tu, ktor\u00fdmi fixovali vojakom po\u010das vojny pol\u00e1man\u00e9 kon\u010datiny.<\/p>\n<p>Dr\u00f4ten\u00e9 \u010di\u017emy s\u00fa s\u00edce umeleck\u00fdm prejavom drot\u00e1rskeho remesla, av\u0161ak komickos\u0165 tkvie pr\u00e1ve v\u00a0tom, ak dr\u00f4ten\u00e9 \u010di\u017emy predstavujeme bez dodatku, \u017ee sa jedn\u00e1 o\u00a0umeleck\u00e9 dielo.<\/p>\n<p><em>50. roky:<\/em><\/p>\n<p>Relikty komunizmu a\u00a0stalinizmu s\u00fa tu preto, \u017ee dokumentuj\u00fa nejak\u00fa dobu, ktor\u00e1 k\u00fdm neuplynie ist\u00fd \u010das, bude za be\u017en\u00fdch okolnost\u00ed v\u00a0na\u0161om m\u00fazeu bohu\u017eia\u013e neprezentovate\u013en\u00e1. D\u00f4kazom absurdity tej doby je \u010destn\u00e9 ob\u010dianstvo mesta \u017dilina pre Stalina, ktor\u00fd tu ani nikdy nebol. Dnes u\u017e je zo zoznamu \u010destn\u00fdch ob\u010danov vyraden\u00fd.<\/p>\n<p><em>Druh\u00e1 polovica 20. storo\u010dia:<\/em><\/p>\n<p>Odkr\u00fdva sa tu pr\u00edbeh \u00fateku ob\u010danov z \u010cSR v\u00a060. rokoch prostredn\u00edctvom bizarnej in\u0161tal\u00e1cie dermoplastick\u00fdch prepar\u00e1tov, ktor\u00e9 s\u00fa zaiste v\u00fdsledkom veselej povahy ich tvorcu.<\/p>\n<p><em>Dne\u0161n\u00e1 doba a\u00a0jej porovnanie s\u00a0minulos\u0165ou:<\/em><\/p>\n<p>S\u00fa to dve kalkula\u010dky, kedy sa nie\u010do z \u010distej mechaniky premenilo na digit\u00e1lne zariadenie. V\u00fdvoj ide dopredu a\u00a0s\u00a0t\u00fdm je potrebn\u00e9 r\u00e1ta\u0165.<\/p>\n<p>&nbsp;<\/p>\n<p>N\u00e1v\u0161tevn\u00edci sa v\u00a0de\u0148 sl\u00e1vnostn\u00e9ho otvorenia (1. m\u00e1ja) dozvedia nie\u010do nov\u00e9 zo \u017eivota \u017dofie Bosniakovej, ochutnaj\u00fa jedlo stredovekej kuchyne, vo folkl\u00f3rnom p\u00e1sme si pozr\u00fa vyst\u00fapenie FS G\u00f3ralicki, delostrelci im pripravia uk\u00e1\u017eku stre\u013eby z\u00a0\u013eahk\u00e9ho po\u013en\u00e9ho dela, v\u00a0kaplnke bude minikoncert pre ka\u017ed\u00fa skupinu n\u00e1v\u0161tevn\u00edkov a\u00a0mo\u017eno sa n\u00e1v\u0161tevn\u00edci nau\u010dia aj lukostre\u013ebe.<em> \u201eNa aktu\u00e1lnu sez\u00f3nu m\u00e1me pripraven\u00e9 op\u00e4\u0165 zauj\u00edmav\u00e9 i\u00a0tradi\u010dn\u00e9 podujatia, ako napr\u00edklad De\u0148 det\u00ed na hrade Stre\u010dno, Bonus pre \u017dofie a\u00a0Franti\u0161kov, Noc m\u00faze\u00ed a\u00a0gal\u00e9ri\u00ed, Hradn\u00e1 \u0161kola, Hradn\u00e9 hry \u017dofie Bosniakovej, ale aj tri v\u00fdstavy v\u00a0cykle Umenie na hrade. Pokra\u010dova\u0165 budeme aj v\u00a0ob\u013e\u00faben\u00fdch no\u010dn\u00fdch prehliadkach. V\u00a0auguste bude \u00fa\u017easn\u00fd koncert Slovak Tango a\u00a0La Femme,\u201c <\/em>prezradila spr\u00e1vky\u0148a hradu Stre\u010dno Katar\u00edna Rep\u00e1\u0148ov\u00e1.<\/p>\n<p>Pova\u017esk\u00e9 m\u00fazeum v\u00a0\u017diline je v\u00a0zria\u010fovate\u013eskej p\u00f4sobnosti \u017dilinsk\u00e9ho samospr\u00e1vneho kraja.<\/p>\n","protected":false},"excerpt":{"rendered":"<p>Hrad Stre\u010dno a\u00a0stredovek\u00e1 dedina Paseka s\u00fa po zimnej prest\u00e1vke op\u00e4\u0165 pre verejnos\u0165 otvoren\u00e9. Sl\u00e1vnostn\u00e9 otvorenie sez\u00f3ny je napl\u00e1novan\u00e9 na 1. m\u00e1ja 2015. N\u00e1v\u0161tevn\u00edkov aktu\u00e1lne pri prehliadke hradu Stre\u010dno \u010dak\u00e1 v\u00fdstava kurioz\u00edt Pova\u017esk\u00e9ho m\u00fazea v\u00a0\u017diline s\u00a0n\u00e1zvom T\u00falame sa storo\u010diami veselo i\u00a0v\u00e1\u017ene. Ide o\u00a0vtipn\u00fa prezent\u00e1ciu m\u00fazea a\u00a0jeho zbierkov\u00fdch predmetov. \u201eV\u00fdstava je veselou prezent\u00e1ciou, ktor\u00e1 m\u00e1 uvo\u013eni\u0165 atmosf\u00e9ru [&hellip;]<\/p>\n","protected":false},"author":2,"featured_media":0,"comment_status":"closed","ping_status":"closed","sticky":false,"template":"","format":"standard","meta":{"site-sidebar-layout":"default","site-content-layout":"","ast-site-content-layout":"","site-content-style":"default","site-sidebar-style":"default","ast-global-header-display":"","ast-banner-title-visibility":"","ast-main-header-display":"","ast-hfb-above-header-display":"","ast-hfb-below-header-display":"","ast-hfb-mobile-header-display":"","site-post-title":"","ast-breadcrumbs-content":"","ast-featured-img":"","footer-sml-layout":"","theme-transparent-header-meta":"","adv-header-id-meta":"","stick-header-meta":"","header-above-stick-meta":"","header-main-stick-meta":"","header-below-stick-meta":"","astra-migrate-meta-layouts":"default","ast-page-background-enabled":"default","ast-page-background-meta":{"desktop":{"background-color":"var(--ast-global-color-4)","background-image":"","background-repeat":"repeat","background-position":"center center","background-size":"auto","background-attachment":"scroll","background-type":"","background-media":"","overlay-type":"","overlay-color":"","overlay-opacity":"","overlay-gradient":""},"tablet":{"background-color":"","background-image":"","background-repeat":"repeat","background-position":"center center","background-size":"auto","background-attachment":"scroll","background-type":"","background-media":"","overlay-type":"","overlay-color":"","overlay-opacity":"","overlay-gradient":""},"mobile":{"background-color":"","background-image":"","background-repeat":"repeat","background-position":"center center","background-size":"auto","background-attachment":"scroll","background-type":"","background-media":"","overlay-type":"","overlay-color":"","overlay-opacity":"","overlay-gradient":""}},"ast-content-background-meta":{"desktop":{"background-color":"var(--ast-global-color-5)","background-image":"","background-repeat":"repeat","background-position":"center center","background-size":"auto","background-attachment":"scroll","background-type":"","background-media":"","overlay-type":"","overlay-color":"","overlay-opacity":"","overlay-gradient":""},"tablet":{"background-color":"var(--ast-global-color-5)","background-image":"","background-repeat":"repeat","background-position":"center center","background-size":"auto","background-attachment":"scroll","background-type":"","background-media":"","overlay-type":"","overlay-color":"","overlay-opacity":"","overlay-gradient":""},"mobile":{"background-color":"var(--ast-global-color-5)","background-image":"","background-repeat":"repeat","background-position":"center center","background-size":"auto","background-attachment":"scroll","background-type":"","background-media":"","overlay-type":"","overlay-color":"","overlay-opacity":"","overlay-gradient":""}},"footnotes":""},"categories":[31],"tags":[],"class_list":["post-12043","post","type-post","status-publish","format-standard","hentry","category-aktuality"],"yoast_head":"<!-- This site is optimized with the Yoast SEO plugin v27.4 - https:\/\/yoast.com\/product\/yoast-seo-wordpress\/ -->\n<title>Hrad Stre\u010dno a Paseka s\u00fa op\u00e4\u0165 pre verejnos\u0165 otvoren\u00e9 - Pova\u017esk\u00e9 m\u00fazeum<\/title>\n<meta name=\"robots\" content=\"index, follow, max-snippet:-1, max-image-preview:large, max-video-preview:-1\" \/>\n<link rel=\"canonical\" href=\"https:\/\/pmza.sk\/?p=12043\" \/>\n<meta property=\"og:locale\" content=\"sk_SK\" \/>\n<meta property=\"og:type\" content=\"article\" \/>\n<meta property=\"og:title\" content=\"Hrad Stre\u010dno a Paseka s\u00fa op\u00e4\u0165 pre verejnos\u0165 otvoren\u00e9 - Pova\u017esk\u00e9 m\u00fazeum\" \/>\n<meta property=\"og:description\" content=\"Hrad Stre\u010dno a\u00a0stredovek\u00e1 dedina Paseka s\u00fa po zimnej prest\u00e1vke op\u00e4\u0165 pre verejnos\u0165 otvoren\u00e9. Sl\u00e1vnostn\u00e9 otvorenie sez\u00f3ny je napl\u00e1novan\u00e9 na 1. m\u00e1ja 2015. N\u00e1v\u0161tevn\u00edkov aktu\u00e1lne pri prehliadke hradu Stre\u010dno \u010dak\u00e1 v\u00fdstava kurioz\u00edt Pova\u017esk\u00e9ho m\u00fazea v\u00a0\u017diline s\u00a0n\u00e1zvom T\u00falame sa storo\u010diami veselo i\u00a0v\u00e1\u017ene. Ide o\u00a0vtipn\u00fa prezent\u00e1ciu m\u00fazea a\u00a0jeho zbierkov\u00fdch predmetov. \u201eV\u00fdstava je veselou prezent\u00e1ciou, ktor\u00e1 m\u00e1 uvo\u013eni\u0165 atmosf\u00e9ru [&hellip;]\" \/>\n<meta property=\"og:url\" content=\"https:\/\/pmza.sk\/?p=12043\" \/>\n<meta property=\"og:site_name\" content=\"Pova\u017esk\u00e9 m\u00fazeum\" \/>\n<meta property=\"article:publisher\" content=\"https:\/\/www.facebook.com\/povazskemuzeum\" \/>\n<meta property=\"article:published_time\" content=\"2015-04-02T09:53:09+00:00\" \/>\n<meta property=\"og:image\" content=\"https:\/\/pmza.sk\/wp-content\/uploads\/2013\/03\/Strecno.jpg\" \/>\n<meta name=\"author\" content=\"Pova\u017esk\u00e9 m\u00fazeum\" \/>\n<meta name=\"twitter:card\" content=\"summary_large_image\" \/>\n<meta name=\"twitter:label1\" content=\"Autor\" \/>\n\t<meta name=\"twitter:data1\" content=\"Pova\u017esk\u00e9 m\u00fazeum\" \/>\n\t<meta name=\"twitter:label2\" content=\"Predpokladan\u00fd \u010das \u010d\u00edtania\" \/>\n\t<meta name=\"twitter:data2\" content=\"4 min\u00faty\" \/>\n<script type=\"application\/ld+json\" class=\"yoast-schema-graph\">{\"@context\":\"https:\\\/\\\/schema.org\",\"@graph\":[{\"@type\":\"Article\",\"@id\":\"https:\\\/\\\/pmza.sk\\\/?p=12043#article\",\"isPartOf\":{\"@id\":\"https:\\\/\\\/pmza.sk\\\/?p=12043\"},\"author\":{\"name\":\"Pova\u017esk\u00e9 m\u00fazeum\",\"@id\":\"https:\\\/\\\/pmza.sk\\\/#\\\/schema\\\/person\\\/595e6a2ce731ea94dcd5d7f50a41ae33\"},\"headline\":\"Hrad Stre\u010dno a Paseka s\u00fa op\u00e4\u0165 pre verejnos\u0165 otvoren\u00e9\",\"datePublished\":\"2015-04-02T09:53:09+00:00\",\"mainEntityOfPage\":{\"@id\":\"https:\\\/\\\/pmza.sk\\\/?p=12043\"},\"wordCount\":745,\"publisher\":{\"@id\":\"https:\\\/\\\/pmza.sk\\\/#organization\"},\"image\":{\"@id\":\"https:\\\/\\\/pmza.sk\\\/?p=12043#primaryimage\"},\"thumbnailUrl\":\"http:\\\/\\\/pmza.sk\\\/wp-content\\\/uploads\\\/2013\\\/03\\\/Strecno.jpg\",\"articleSection\":[\"Aktuality\"],\"inLanguage\":\"sk-SK\"},{\"@type\":\"WebPage\",\"@id\":\"https:\\\/\\\/pmza.sk\\\/?p=12043\",\"url\":\"https:\\\/\\\/pmza.sk\\\/?p=12043\",\"name\":\"Hrad Stre\u010dno a Paseka s\u00fa op\u00e4\u0165 pre verejnos\u0165 otvoren\u00e9 - Pova\u017esk\u00e9 m\u00fazeum\",\"isPartOf\":{\"@id\":\"https:\\\/\\\/pmza.sk\\\/#website\"},\"primaryImageOfPage\":{\"@id\":\"https:\\\/\\\/pmza.sk\\\/?p=12043#primaryimage\"},\"image\":{\"@id\":\"https:\\\/\\\/pmza.sk\\\/?p=12043#primaryimage\"},\"thumbnailUrl\":\"http:\\\/\\\/pmza.sk\\\/wp-content\\\/uploads\\\/2013\\\/03\\\/Strecno.jpg\",\"datePublished\":\"2015-04-02T09:53:09+00:00\",\"breadcrumb\":{\"@id\":\"https:\\\/\\\/pmza.sk\\\/?p=12043#breadcrumb\"},\"inLanguage\":\"sk-SK\",\"potentialAction\":[{\"@type\":\"ReadAction\",\"target\":[\"https:\\\/\\\/pmza.sk\\\/?p=12043\"]}]},{\"@type\":\"ImageObject\",\"inLanguage\":\"sk-SK\",\"@id\":\"https:\\\/\\\/pmza.sk\\\/?p=12043#primaryimage\",\"url\":\"https:\\\/\\\/pmza.sk\\\/wp-content\\\/uploads\\\/2013\\\/03\\\/Strecno.jpg\",\"contentUrl\":\"https:\\\/\\\/pmza.sk\\\/wp-content\\\/uploads\\\/2013\\\/03\\\/Strecno.jpg\",\"width\":427,\"height\":640},{\"@type\":\"BreadcrumbList\",\"@id\":\"https:\\\/\\\/pmza.sk\\\/?p=12043#breadcrumb\",\"itemListElement\":[{\"@type\":\"ListItem\",\"position\":1,\"name\":\"Domovsk\u00e1 str\u00e1nka\",\"item\":\"https:\\\/\\\/pmza.sk\\\/\"},{\"@type\":\"ListItem\",\"position\":2,\"name\":\"Hrad Stre\u010dno a Paseka s\u00fa op\u00e4\u0165 pre verejnos\u0165 otvoren\u00e9\"}]},{\"@type\":\"WebSite\",\"@id\":\"https:\\\/\\\/pmza.sk\\\/#website\",\"url\":\"https:\\\/\\\/pmza.sk\\\/\",\"name\":\"Pova\u017esk\u00e9 m\u00fazeum\",\"description\":\"Pova\u017esk\u00e9 m\u00fazeum v \u017diline je region\u00e1lne m\u00fazeum so s\u00eddlom v Budat\u00edne. Jeho expoz\u00edcie s\u00fa zameran\u00e9 na dejiny slovensk\u00e9ho umenia, kult\u00fary a dopravy.\",\"publisher\":{\"@id\":\"https:\\\/\\\/pmza.sk\\\/#organization\"},\"potentialAction\":[{\"@type\":\"SearchAction\",\"target\":{\"@type\":\"EntryPoint\",\"urlTemplate\":\"https:\\\/\\\/pmza.sk\\\/?s={search_term_string}\"},\"query-input\":{\"@type\":\"PropertyValueSpecification\",\"valueRequired\":true,\"valueName\":\"search_term_string\"}}],\"inLanguage\":\"sk-SK\"},{\"@type\":\"Organization\",\"@id\":\"https:\\\/\\\/pmza.sk\\\/#organization\",\"name\":\"Pova\u017esk\u00e9 m\u00fazeum\",\"url\":\"https:\\\/\\\/pmza.sk\\\/\",\"logo\":{\"@type\":\"ImageObject\",\"inLanguage\":\"sk-SK\",\"@id\":\"https:\\\/\\\/pmza.sk\\\/#\\\/schema\\\/logo\\\/image\\\/\",\"url\":\"https:\\\/\\\/pmza.sk\\\/wp-content\\\/uploads\\\/2022\\\/01\\\/logo_PM_horizontal.jpg\",\"contentUrl\":\"https:\\\/\\\/pmza.sk\\\/wp-content\\\/uploads\\\/2022\\\/01\\\/logo_PM_horizontal.jpg\",\"width\":231,\"height\":142,\"caption\":\"Pova\u017esk\u00e9 m\u00fazeum\"},\"image\":{\"@id\":\"https:\\\/\\\/pmza.sk\\\/#\\\/schema\\\/logo\\\/image\\\/\"},\"sameAs\":[\"https:\\\/\\\/www.facebook.com\\\/povazskemuzeum\",\"https:\\\/\\\/www.instagram.com\\\/povazskemuzeum\\\/\"]},{\"@type\":\"Person\",\"@id\":\"https:\\\/\\\/pmza.sk\\\/#\\\/schema\\\/person\\\/595e6a2ce731ea94dcd5d7f50a41ae33\",\"name\":\"Pova\u017esk\u00e9 m\u00fazeum\",\"image\":{\"@type\":\"ImageObject\",\"inLanguage\":\"sk-SK\",\"@id\":\"https:\\\/\\\/secure.gravatar.com\\\/avatar\\\/2bb7f1561282132fb5826dfeccc66c7996d11ee392ac6aaf7ced8a1c2027fbb2?s=96&d=mm&r=g\",\"url\":\"https:\\\/\\\/secure.gravatar.com\\\/avatar\\\/2bb7f1561282132fb5826dfeccc66c7996d11ee392ac6aaf7ced8a1c2027fbb2?s=96&d=mm&r=g\",\"contentUrl\":\"https:\\\/\\\/secure.gravatar.com\\\/avatar\\\/2bb7f1561282132fb5826dfeccc66c7996d11ee392ac6aaf7ced8a1c2027fbb2?s=96&d=mm&r=g\",\"caption\":\"Pova\u017esk\u00e9 m\u00fazeum\"}}]}<\/script>\n<!-- \/ Yoast SEO plugin. -->","yoast_head_json":{"title":"Hrad Stre\u010dno a Paseka s\u00fa op\u00e4\u0165 pre verejnos\u0165 otvoren\u00e9 - Pova\u017esk\u00e9 m\u00fazeum","robots":{"index":"index","follow":"follow","max-snippet":"max-snippet:-1","max-image-preview":"max-image-preview:large","max-video-preview":"max-video-preview:-1"},"canonical":"https:\/\/pmza.sk\/?p=12043","og_locale":"sk_SK","og_type":"article","og_title":"Hrad Stre\u010dno a Paseka s\u00fa op\u00e4\u0165 pre verejnos\u0165 otvoren\u00e9 - Pova\u017esk\u00e9 m\u00fazeum","og_description":"Hrad Stre\u010dno a\u00a0stredovek\u00e1 dedina Paseka s\u00fa po zimnej prest\u00e1vke op\u00e4\u0165 pre verejnos\u0165 otvoren\u00e9. Sl\u00e1vnostn\u00e9 otvorenie sez\u00f3ny je napl\u00e1novan\u00e9 na 1. m\u00e1ja 2015. N\u00e1v\u0161tevn\u00edkov aktu\u00e1lne pri prehliadke hradu Stre\u010dno \u010dak\u00e1 v\u00fdstava kurioz\u00edt Pova\u017esk\u00e9ho m\u00fazea v\u00a0\u017diline s\u00a0n\u00e1zvom T\u00falame sa storo\u010diami veselo i\u00a0v\u00e1\u017ene. Ide o\u00a0vtipn\u00fa prezent\u00e1ciu m\u00fazea a\u00a0jeho zbierkov\u00fdch predmetov. \u201eV\u00fdstava je veselou prezent\u00e1ciou, ktor\u00e1 m\u00e1 uvo\u013eni\u0165 atmosf\u00e9ru [&hellip;]","og_url":"https:\/\/pmza.sk\/?p=12043","og_site_name":"Pova\u017esk\u00e9 m\u00fazeum","article_publisher":"https:\/\/www.facebook.com\/povazskemuzeum","article_published_time":"2015-04-02T09:53:09+00:00","og_image":[{"url":"https:\/\/pmza.sk\/wp-content\/uploads\/2013\/03\/Strecno.jpg","type":"","width":"","height":""}],"author":"Pova\u017esk\u00e9 m\u00fazeum","twitter_card":"summary_large_image","twitter_misc":{"Autor":"Pova\u017esk\u00e9 m\u00fazeum","Predpokladan\u00fd \u010das \u010d\u00edtania":"4 min\u00faty"},"schema":{"@context":"https:\/\/schema.org","@graph":[{"@type":"Article","@id":"https:\/\/pmza.sk\/?p=12043#article","isPartOf":{"@id":"https:\/\/pmza.sk\/?p=12043"},"author":{"name":"Pova\u017esk\u00e9 m\u00fazeum","@id":"https:\/\/pmza.sk\/#\/schema\/person\/595e6a2ce731ea94dcd5d7f50a41ae33"},"headline":"Hrad Stre\u010dno a Paseka s\u00fa op\u00e4\u0165 pre verejnos\u0165 otvoren\u00e9","datePublished":"2015-04-02T09:53:09+00:00","mainEntityOfPage":{"@id":"https:\/\/pmza.sk\/?p=12043"},"wordCount":745,"publisher":{"@id":"https:\/\/pmza.sk\/#organization"},"image":{"@id":"https:\/\/pmza.sk\/?p=12043#primaryimage"},"thumbnailUrl":"https:\/\/pmza.sk\/wp-content\/uploads\/2013\/03\/Strecno.jpg","articleSection":["Aktuality"],"inLanguage":"sk-SK"},{"@type":"WebPage","@id":"https:\/\/pmza.sk\/?p=12043","url":"https:\/\/pmza.sk\/?p=12043","name":"Hrad Stre\u010dno a Paseka s\u00fa op\u00e4\u0165 pre verejnos\u0165 otvoren\u00e9 - Pova\u017esk\u00e9 m\u00fazeum","isPartOf":{"@id":"https:\/\/pmza.sk\/#website"},"primaryImageOfPage":{"@id":"https:\/\/pmza.sk\/?p=12043#primaryimage"},"image":{"@id":"https:\/\/pmza.sk\/?p=12043#primaryimage"},"thumbnailUrl":"https:\/\/pmza.sk\/wp-content\/uploads\/2013\/03\/Strecno.jpg","datePublished":"2015-04-02T09:53:09+00:00","breadcrumb":{"@id":"https:\/\/pmza.sk\/?p=12043#breadcrumb"},"inLanguage":"sk-SK","potentialAction":[{"@type":"ReadAction","target":["https:\/\/pmza.sk\/?p=12043"]}]},{"@type":"ImageObject","inLanguage":"sk-SK","@id":"https:\/\/pmza.sk\/?p=12043#primaryimage","url":"https:\/\/pmza.sk\/wp-content\/uploads\/2013\/03\/Strecno.jpg","contentUrl":"https:\/\/pmza.sk\/wp-content\/uploads\/2013\/03\/Strecno.jpg","width":427,"height":640},{"@type":"BreadcrumbList","@id":"https:\/\/pmza.sk\/?p=12043#breadcrumb","itemListElement":[{"@type":"ListItem","position":1,"name":"Domovsk\u00e1 str\u00e1nka","item":"https:\/\/pmza.sk\/"},{"@type":"ListItem","position":2,"name":"Hrad Stre\u010dno a Paseka s\u00fa op\u00e4\u0165 pre verejnos\u0165 otvoren\u00e9"}]},{"@type":"WebSite","@id":"https:\/\/pmza.sk\/#website","url":"https:\/\/pmza.sk\/","name":"Pova\u017esk\u00e9 m\u00fazeum","description":"Pova\u017esk\u00e9 m\u00fazeum v \u017diline je region\u00e1lne m\u00fazeum so s\u00eddlom v Budat\u00edne. Jeho expoz\u00edcie s\u00fa zameran\u00e9 na dejiny slovensk\u00e9ho umenia, kult\u00fary a dopravy.","publisher":{"@id":"https:\/\/pmza.sk\/#organization"},"potentialAction":[{"@type":"SearchAction","target":{"@type":"EntryPoint","urlTemplate":"https:\/\/pmza.sk\/?s={search_term_string}"},"query-input":{"@type":"PropertyValueSpecification","valueRequired":true,"valueName":"search_term_string"}}],"inLanguage":"sk-SK"},{"@type":"Organization","@id":"https:\/\/pmza.sk\/#organization","name":"Pova\u017esk\u00e9 m\u00fazeum","url":"https:\/\/pmza.sk\/","logo":{"@type":"ImageObject","inLanguage":"sk-SK","@id":"https:\/\/pmza.sk\/#\/schema\/logo\/image\/","url":"https:\/\/pmza.sk\/wp-content\/uploads\/2022\/01\/logo_PM_horizontal.jpg","contentUrl":"https:\/\/pmza.sk\/wp-content\/uploads\/2022\/01\/logo_PM_horizontal.jpg","width":231,"height":142,"caption":"Pova\u017esk\u00e9 m\u00fazeum"},"image":{"@id":"https:\/\/pmza.sk\/#\/schema\/logo\/image\/"},"sameAs":["https:\/\/www.facebook.com\/povazskemuzeum","https:\/\/www.instagram.com\/povazskemuzeum\/"]},{"@type":"Person","@id":"https:\/\/pmza.sk\/#\/schema\/person\/595e6a2ce731ea94dcd5d7f50a41ae33","name":"Pova\u017esk\u00e9 m\u00fazeum","image":{"@type":"ImageObject","inLanguage":"sk-SK","@id":"https:\/\/secure.gravatar.com\/avatar\/2bb7f1561282132fb5826dfeccc66c7996d11ee392ac6aaf7ced8a1c2027fbb2?s=96&d=mm&r=g","url":"https:\/\/secure.gravatar.com\/avatar\/2bb7f1561282132fb5826dfeccc66c7996d11ee392ac6aaf7ced8a1c2027fbb2?s=96&d=mm&r=g","contentUrl":"https:\/\/secure.gravatar.com\/avatar\/2bb7f1561282132fb5826dfeccc66c7996d11ee392ac6aaf7ced8a1c2027fbb2?s=96&d=mm&r=g","caption":"Pova\u017esk\u00e9 m\u00fazeum"}}]}},"_links":{"self":[{"href":"https:\/\/pmza.sk\/index.php?rest_route=\/wp\/v2\/posts\/12043","targetHints":{"allow":["GET"]}}],"collection":[{"href":"https:\/\/pmza.sk\/index.php?rest_route=\/wp\/v2\/posts"}],"about":[{"href":"https:\/\/pmza.sk\/index.php?rest_route=\/wp\/v2\/types\/post"}],"author":[{"embeddable":true,"href":"https:\/\/pmza.sk\/index.php?rest_route=\/wp\/v2\/users\/2"}],"replies":[{"embeddable":true,"href":"https:\/\/pmza.sk\/index.php?rest_route=%2Fwp%2Fv2%2Fcomments&post=12043"}],"version-history":[{"count":0,"href":"https:\/\/pmza.sk\/index.php?rest_route=\/wp\/v2\/posts\/12043\/revisions"}],"wp:attachment":[{"href":"https:\/\/pmza.sk\/index.php?rest_route=%2Fwp%2Fv2%2Fmedia&parent=12043"}],"wp:term":[{"taxonomy":"category","embeddable":true,"href":"https:\/\/pmza.sk\/index.php?rest_route=%2Fwp%2Fv2%2Fcategories&post=12043"},{"taxonomy":"post_tag","embeddable":true,"href":"https:\/\/pmza.sk\/index.php?rest_route=%2Fwp%2Fv2%2Ftags&post=12043"}],"curies":[{"name":"wp","href":"https:\/\/api.w.org\/{rel}","templated":true}]}}