{"id":12091,"date":"2015-04-14T12:46:04","date_gmt":"2015-04-14T10:46:04","guid":{"rendered":"https:\/\/pmza.sk.sk\/?p=12091"},"modified":"2015-04-14T12:46:04","modified_gmt":"2015-04-14T10:46:04","slug":"povazske-muzeum-ziskalo-3-miesto-v-sutazi-muzeum-roka-2014","status":"publish","type":"post","link":"https:\/\/pmza.sk\/?p=12091","title":{"rendered":"Pova\u017esk\u00e9 m\u00fazeum z\u00edskalo 3. miesto v s\u00fa\u0165a\u017ei M\u00fazeum roka 2014"},"content":{"rendered":"<p><a href=\"https:\/\/pmza.sk\/wp-content\/uploads\/2015\/04\/Muzeum-roka-3-miesto.jpg\"><img decoding=\"async\" class=\"alignleft  wp-image-12090\" src=\"https:\/\/pmza.sk\/wp-content\/uploads\/2015\/04\/Muzeum-roka-3-miesto.jpg\" alt=\"M\u00fazeum roka 3 miesto\" width=\"127\" height=\"191\" srcset=\"https:\/\/pmza.sk\/wp-content\/uploads\/2015\/04\/Muzeum-roka-3-miesto.jpg 1280w, https:\/\/pmza.sk\/wp-content\/uploads\/2015\/04\/Muzeum-roka-3-miesto-240x360.jpg 240w, https:\/\/pmza.sk\/wp-content\/uploads\/2015\/04\/Muzeum-roka-3-miesto-491x736.jpg 491w, https:\/\/pmza.sk\/wp-content\/uploads\/2015\/04\/Muzeum-roka-3-miesto-768x1152.jpg 768w, https:\/\/pmza.sk\/wp-content\/uploads\/2015\/04\/Muzeum-roka-3-miesto-1024x1536.jpg 1024w, https:\/\/pmza.sk\/wp-content\/uploads\/2015\/04\/Muzeum-roka-3-miesto-600x900.jpg 600w\" sizes=\"(max-width: 127px) 100vw, 127px\" \/><\/a>Pova\u017esk\u00e9 m\u00fazeum v\u00a0\u017diline, ktor\u00e9 je v zria\u010fovate\u013eskej p\u00f4sobnosti \u017dilinsk\u00e9ho samospr\u00e1vneho kraja, z\u00edskalo <strong>tretie miesto<\/strong> v\u00a0s\u00fa\u0165a\u017ei <strong>M\u00fazeum roka 2014<\/strong>, ktor\u00fa ka\u017edoro\u010dne vyhlasuje Ministerstvo kult\u00fary Slovenskej republiky.<\/p>\n<p>V 12. ro\u010dn\u00edku s\u00fa\u0165a\u017ee M\u00fazeum roka\/Gal\u00e9ria roka bolo hodnoten\u00fdm obdob\u00edm 1. janu\u00e1r a\u017e 31. december 2014. Pova\u017esk\u00e9 m\u00fazeum (PMZA) sa do s\u00fa\u0165a\u017ee prihl\u00e1silo s\u00a0v\u00fdskumom Ke\u010f fajka zhasla, s\u00a0M\u00fazeom dopravy v\u00a0Rajeck\u00fdch Tepliciach a\u00a0s\u00a0elektronick\u00fdm \u010dasopisom M\u00daZA.<\/p>\n<p>Porota vymenovan\u00e1 ministrom kult\u00fary zasadala 30. marca 2015. Na z\u00e1klade z\u00edskan\u00fdch bodov v\u00a0hodnoten\u00ed porotcov bolo poradie v\u00a0kateg\u00f3rii M\u00fazeum roka nasledovn\u00e9:<!--more--><\/p>\n<ol>\n<li>Vlastivedn\u00e9 m\u00fazeum v\u00a0Galante \u2013 59 bodov<\/li>\n<li>Z\u00e1horsk\u00e9 m\u00fazeum v\u00a0Skalici \u2013 58 bodov<\/li>\n<li><strong> Pova\u017esk\u00e9 m\u00fazeum v\u00a0\u017diline \u2013 44 bodov<\/strong><\/li>\n<\/ol>\n<p>Projekt<strong> Ke\u010f fajka zhasla<\/strong> je zav\u0155\u0161en\u00edm vedecko-v\u00fdskumnej \u00falohy zacielenej na doteraz nespracovan\u00fa t\u00e9mu vyu\u017eitia drot\u00e1rstva pri oprav\u00e1ch fajok a v\u00fdrobe faj\u010diarskych potrieb. V\u00fdstupom je publik\u00e1cia s celoslovensk\u00fdm z\u00e1berom, ktor\u00e1 po prv\u00fdkr\u00e1t otvor\u00ed dan\u00fa problematiku z h\u013eadiska hist\u00f3rie, materi\u00e1lnych prejavov i terminol\u00f3gie. Mapuje tie\u017e faj\u010diarske potreby opravovan\u00e9, alebo zhotoven\u00e9 drot\u00e1rskymi technikami, dochovan\u00e9 v muze\u00e1lnych i s\u00fakromn\u00fdch zbierkach na Slovensku s amb\u00edciou prispie\u0165 tak k hlb\u0161iemu poznaniu hist\u00f3rie fajk\u00e1rskeho i\u00a0drot\u00e1rskeho remesla. Autorkou je histori\u010dka drot\u00e1rstva Katar\u00edna Hallonov\u00e1.<\/p>\n<p><strong>M\u00fazeum dopravy v\u00a0Rajeck\u00fdch Tepliciach<\/strong> bolo otvoren\u00e9 11. apr\u00edla 2014. Autorom expoz\u00edcie je Peter \u0160imko, spoluautormi s\u00fa Jakub Bielik a\u00a0Patrik Lehotsk\u00fd. Od otvorenia \u2013 apr\u00edl 2014 a\u017e december 2014 nav\u0161t\u00edvilo M\u00fazeum dopravy vy\u0161e 5500 n\u00e1v\u0161tevn\u00edkov. N\u00e1v\u0161tevn\u00edci tu m\u00f4\u017eu vidie\u0165 skuto\u010dn\u00fa tra\u0165majstersk\u00fa \u017eelezni\u010dn\u00fa drezinu, techniku pou\u017e\u00edvan\u00fa na \u017eeleznici v\u00a0minulosti \u010di uk\u00e1\u017eku historickej dopravnej kancel\u00e1rie. Deti sa m\u00f4\u017eu zahra\u0165 s\u00a0historick\u00fdm modelov\u00fdm ko\u013eajiskom. Toto v\u0161etko dop\u013a\u0148a mno\u017estvo dvojrozmern\u00e9ho obrazov\u00e9ho materi\u00e1lu, ktor\u00fd napom\u00e1ha n\u00e1v\u0161tevn\u00edkovi v\u00a0kocke spozna\u0165 v\u00fdvoj dopravy na celom Slovensku.<\/p>\n<p><strong>M\u00daZA<\/strong> je pozn\u00e1vac\u00ed elektronick\u00fd \u010dasopis o\u00a0hist\u00f3rii a\u00a0kr\u00e1sach \u017eilinsk\u00e9ho regi\u00f3nu, je jednou z\u00a0foriem webovej a\u00a0medi\u00e1lnej propag\u00e1cie, ako aj inov\u00e1ciou pr\u00e1ce s\u00a0verejnos\u0165ou. Pripravuj\u00fa ho pracovn\u00edci Pova\u017esk\u00e9ho m\u00fazea v\u00a0\u017diline a je bezplatne dostupn\u00fd na webovej str\u00e1nke m\u00fazea (<a href=\"http:\/\/www.pmza.sk\/\">www.pmza.sk<\/a>) a\u00a0<a href=\"http:\/\/www.floowie.com\/\">www.floowie.com<\/a>, \u010ditatelia ho m\u00f4\u017eu n\u00e1js\u0165 aj na soci\u00e1lnych sie\u0165ach ako Facebook, \u010di Twitter. Nach\u00e1dzaj\u00fa sa v\u00a0\u0148om odborn\u00e9 \u010dl\u00e1nky historikov, archeol\u00f3gov, etnografov, zool\u00f3gov, botanikov PMZA, ktor\u00ed sa venuj\u00fa zauj\u00edmavostiam z dej\u00edn a s\u00fa\u010dasnosti n\u00e1\u0161ho regi\u00f3nu.<\/p>\n<p>Inform\u00e1cie MK SR n\u00e1jdete <a href=\"http:\/\/www.culture.gov.sk\/posobnost-ministerstva\/kulturne-dedicstvo-\/muzea-a-galerie\/sutaze-a-podujatia-154.html\">TU<\/a><\/p>\n<p>&nbsp;<\/p>\n","protected":false},"excerpt":{"rendered":"<p>Pova\u017esk\u00e9 m\u00fazeum v\u00a0\u017diline, ktor\u00e9 je v zria\u010fovate\u013eskej p\u00f4sobnosti \u017dilinsk\u00e9ho samospr\u00e1vneho kraja, z\u00edskalo tretie miesto v\u00a0s\u00fa\u0165a\u017ei M\u00fazeum roka 2014, ktor\u00fa ka\u017edoro\u010dne vyhlasuje Ministerstvo kult\u00fary Slovenskej republiky. V 12. ro\u010dn\u00edku s\u00fa\u0165a\u017ee M\u00fazeum roka\/Gal\u00e9ria roka bolo hodnoten\u00fdm obdob\u00edm 1. janu\u00e1r a\u017e 31. december 2014. Pova\u017esk\u00e9 m\u00fazeum (PMZA) sa do s\u00fa\u0165a\u017ee prihl\u00e1silo s\u00a0v\u00fdskumom Ke\u010f fajka zhasla, s\u00a0M\u00fazeom dopravy v\u00a0Rajeck\u00fdch [&hellip;]<\/p>\n","protected":false},"author":2,"featured_media":0,"comment_status":"closed","ping_status":"closed","sticky":false,"template":"","format":"standard","meta":{"site-sidebar-layout":"default","site-content-layout":"","ast-site-content-layout":"","site-content-style":"default","site-sidebar-style":"default","ast-global-header-display":"","ast-banner-title-visibility":"","ast-main-header-display":"","ast-hfb-above-header-display":"","ast-hfb-below-header-display":"","ast-hfb-mobile-header-display":"","site-post-title":"","ast-breadcrumbs-content":"","ast-featured-img":"","footer-sml-layout":"","theme-transparent-header-meta":"","adv-header-id-meta":"","stick-header-meta":"","header-above-stick-meta":"","header-main-stick-meta":"","header-below-stick-meta":"","astra-migrate-meta-layouts":"default","ast-page-background-enabled":"default","ast-page-background-meta":{"desktop":{"background-color":"var(--ast-global-color-4)","background-image":"","background-repeat":"repeat","background-position":"center center","background-size":"auto","background-attachment":"scroll","background-type":"","background-media":"","overlay-type":"","overlay-color":"","overlay-opacity":"","overlay-gradient":""},"tablet":{"background-color":"","background-image":"","background-repeat":"repeat","background-position":"center center","background-size":"auto","background-attachment":"scroll","background-type":"","background-media":"","overlay-type":"","overlay-color":"","overlay-opacity":"","overlay-gradient":""},"mobile":{"background-color":"","background-image":"","background-repeat":"repeat","background-position":"center center","background-size":"auto","background-attachment":"scroll","background-type":"","background-media":"","overlay-type":"","overlay-color":"","overlay-opacity":"","overlay-gradient":""}},"ast-content-background-meta":{"desktop":{"background-color":"var(--ast-global-color-5)","background-image":"","background-repeat":"repeat","background-position":"center center","background-size":"auto","background-attachment":"scroll","background-type":"","background-media":"","overlay-type":"","overlay-color":"","overlay-opacity":"","overlay-gradient":""},"tablet":{"background-color":"var(--ast-global-color-5)","background-image":"","background-repeat":"repeat","background-position":"center center","background-size":"auto","background-attachment":"scroll","background-type":"","background-media":"","overlay-type":"","overlay-color":"","overlay-opacity":"","overlay-gradient":""},"mobile":{"background-color":"var(--ast-global-color-5)","background-image":"","background-repeat":"repeat","background-position":"center center","background-size":"auto","background-attachment":"scroll","background-type":"","background-media":"","overlay-type":"","overlay-color":"","overlay-opacity":"","overlay-gradient":""}},"footnotes":""},"categories":[31],"tags":[],"class_list":["post-12091","post","type-post","status-publish","format-standard","hentry","category-aktuality"],"yoast_head":"<!-- This site is optimized with the Yoast SEO plugin v27.4 - https:\/\/yoast.com\/product\/yoast-seo-wordpress\/ -->\n<title>Pova\u017esk\u00e9 m\u00fazeum z\u00edskalo 3. miesto v s\u00fa\u0165a\u017ei M\u00fazeum roka 2014 - Pova\u017esk\u00e9 m\u00fazeum<\/title>\n<meta name=\"robots\" content=\"index, follow, max-snippet:-1, max-image-preview:large, max-video-preview:-1\" \/>\n<link rel=\"canonical\" href=\"https:\/\/pmza.sk\/?p=12091\" \/>\n<meta property=\"og:locale\" content=\"sk_SK\" \/>\n<meta property=\"og:type\" content=\"article\" \/>\n<meta property=\"og:title\" content=\"Pova\u017esk\u00e9 m\u00fazeum z\u00edskalo 3. miesto v s\u00fa\u0165a\u017ei M\u00fazeum roka 2014 - Pova\u017esk\u00e9 m\u00fazeum\" \/>\n<meta property=\"og:description\" content=\"Pova\u017esk\u00e9 m\u00fazeum v\u00a0\u017diline, ktor\u00e9 je v zria\u010fovate\u013eskej p\u00f4sobnosti \u017dilinsk\u00e9ho samospr\u00e1vneho kraja, z\u00edskalo tretie miesto v\u00a0s\u00fa\u0165a\u017ei M\u00fazeum roka 2014, ktor\u00fa ka\u017edoro\u010dne vyhlasuje Ministerstvo kult\u00fary Slovenskej republiky. V 12. ro\u010dn\u00edku s\u00fa\u0165a\u017ee M\u00fazeum roka\/Gal\u00e9ria roka bolo hodnoten\u00fdm obdob\u00edm 1. janu\u00e1r a\u017e 31. december 2014. Pova\u017esk\u00e9 m\u00fazeum (PMZA) sa do s\u00fa\u0165a\u017ee prihl\u00e1silo s\u00a0v\u00fdskumom Ke\u010f fajka zhasla, s\u00a0M\u00fazeom dopravy v\u00a0Rajeck\u00fdch [&hellip;]\" \/>\n<meta property=\"og:url\" content=\"https:\/\/pmza.sk\/?p=12091\" \/>\n<meta property=\"og:site_name\" content=\"Pova\u017esk\u00e9 m\u00fazeum\" \/>\n<meta property=\"article:publisher\" content=\"https:\/\/www.facebook.com\/povazskemuzeum\" \/>\n<meta property=\"article:published_time\" content=\"2015-04-14T10:46:04+00:00\" \/>\n<meta property=\"og:image\" content=\"https:\/\/pmza.sk\/wp-content\/uploads\/2015\/04\/Muzeum-roka-3-miesto.jpg\" \/>\n<meta name=\"author\" content=\"Pova\u017esk\u00e9 m\u00fazeum\" \/>\n<meta name=\"twitter:card\" content=\"summary_large_image\" \/>\n<meta name=\"twitter:label1\" content=\"Autor\" \/>\n\t<meta name=\"twitter:data1\" content=\"Pova\u017esk\u00e9 m\u00fazeum\" \/>\n\t<meta name=\"twitter:label2\" content=\"Predpokladan\u00fd \u010das \u010d\u00edtania\" \/>\n\t<meta name=\"twitter:data2\" content=\"2 min\u00faty\" \/>\n<script type=\"application\/ld+json\" class=\"yoast-schema-graph\">{\"@context\":\"https:\\\/\\\/schema.org\",\"@graph\":[{\"@type\":\"Article\",\"@id\":\"https:\\\/\\\/pmza.sk\\\/?p=12091#article\",\"isPartOf\":{\"@id\":\"https:\\\/\\\/pmza.sk\\\/?p=12091\"},\"author\":{\"name\":\"Pova\u017esk\u00e9 m\u00fazeum\",\"@id\":\"https:\\\/\\\/pmza.sk\\\/#\\\/schema\\\/person\\\/595e6a2ce731ea94dcd5d7f50a41ae33\"},\"headline\":\"Pova\u017esk\u00e9 m\u00fazeum z\u00edskalo 3. miesto v s\u00fa\u0165a\u017ei M\u00fazeum roka 2014\",\"datePublished\":\"2015-04-14T10:46:04+00:00\",\"mainEntityOfPage\":{\"@id\":\"https:\\\/\\\/pmza.sk\\\/?p=12091\"},\"wordCount\":494,\"publisher\":{\"@id\":\"https:\\\/\\\/pmza.sk\\\/#organization\"},\"image\":{\"@id\":\"https:\\\/\\\/pmza.sk\\\/?p=12091#primaryimage\"},\"thumbnailUrl\":\"http:\\\/\\\/pmza.sk\\\/wp-content\\\/uploads\\\/2015\\\/04\\\/Muzeum-roka-3-miesto.jpg\",\"articleSection\":[\"Aktuality\"],\"inLanguage\":\"sk-SK\"},{\"@type\":\"WebPage\",\"@id\":\"https:\\\/\\\/pmza.sk\\\/?p=12091\",\"url\":\"https:\\\/\\\/pmza.sk\\\/?p=12091\",\"name\":\"Pova\u017esk\u00e9 m\u00fazeum z\u00edskalo 3. miesto v s\u00fa\u0165a\u017ei M\u00fazeum roka 2014 - Pova\u017esk\u00e9 m\u00fazeum\",\"isPartOf\":{\"@id\":\"https:\\\/\\\/pmza.sk\\\/#website\"},\"primaryImageOfPage\":{\"@id\":\"https:\\\/\\\/pmza.sk\\\/?p=12091#primaryimage\"},\"image\":{\"@id\":\"https:\\\/\\\/pmza.sk\\\/?p=12091#primaryimage\"},\"thumbnailUrl\":\"http:\\\/\\\/pmza.sk\\\/wp-content\\\/uploads\\\/2015\\\/04\\\/Muzeum-roka-3-miesto.jpg\",\"datePublished\":\"2015-04-14T10:46:04+00:00\",\"breadcrumb\":{\"@id\":\"https:\\\/\\\/pmza.sk\\\/?p=12091#breadcrumb\"},\"inLanguage\":\"sk-SK\",\"potentialAction\":[{\"@type\":\"ReadAction\",\"target\":[\"https:\\\/\\\/pmza.sk\\\/?p=12091\"]}]},{\"@type\":\"ImageObject\",\"inLanguage\":\"sk-SK\",\"@id\":\"https:\\\/\\\/pmza.sk\\\/?p=12091#primaryimage\",\"url\":\"https:\\\/\\\/pmza.sk\\\/wp-content\\\/uploads\\\/2015\\\/04\\\/Muzeum-roka-3-miesto.jpg\",\"contentUrl\":\"https:\\\/\\\/pmza.sk\\\/wp-content\\\/uploads\\\/2015\\\/04\\\/Muzeum-roka-3-miesto.jpg\",\"width\":1280,\"height\":1920},{\"@type\":\"BreadcrumbList\",\"@id\":\"https:\\\/\\\/pmza.sk\\\/?p=12091#breadcrumb\",\"itemListElement\":[{\"@type\":\"ListItem\",\"position\":1,\"name\":\"Domovsk\u00e1 str\u00e1nka\",\"item\":\"https:\\\/\\\/pmza.sk\\\/\"},{\"@type\":\"ListItem\",\"position\":2,\"name\":\"Pova\u017esk\u00e9 m\u00fazeum z\u00edskalo 3. miesto v s\u00fa\u0165a\u017ei M\u00fazeum roka 2014\"}]},{\"@type\":\"WebSite\",\"@id\":\"https:\\\/\\\/pmza.sk\\\/#website\",\"url\":\"https:\\\/\\\/pmza.sk\\\/\",\"name\":\"Pova\u017esk\u00e9 m\u00fazeum\",\"description\":\"Pova\u017esk\u00e9 m\u00fazeum v \u017diline je region\u00e1lne m\u00fazeum so s\u00eddlom v Budat\u00edne. Jeho expoz\u00edcie s\u00fa zameran\u00e9 na dejiny slovensk\u00e9ho umenia, kult\u00fary a dopravy.\",\"publisher\":{\"@id\":\"https:\\\/\\\/pmza.sk\\\/#organization\"},\"potentialAction\":[{\"@type\":\"SearchAction\",\"target\":{\"@type\":\"EntryPoint\",\"urlTemplate\":\"https:\\\/\\\/pmza.sk\\\/?s={search_term_string}\"},\"query-input\":{\"@type\":\"PropertyValueSpecification\",\"valueRequired\":true,\"valueName\":\"search_term_string\"}}],\"inLanguage\":\"sk-SK\"},{\"@type\":\"Organization\",\"@id\":\"https:\\\/\\\/pmza.sk\\\/#organization\",\"name\":\"Pova\u017esk\u00e9 m\u00fazeum\",\"url\":\"https:\\\/\\\/pmza.sk\\\/\",\"logo\":{\"@type\":\"ImageObject\",\"inLanguage\":\"sk-SK\",\"@id\":\"https:\\\/\\\/pmza.sk\\\/#\\\/schema\\\/logo\\\/image\\\/\",\"url\":\"https:\\\/\\\/pmza.sk\\\/wp-content\\\/uploads\\\/2022\\\/01\\\/logo_PM_horizontal.jpg\",\"contentUrl\":\"https:\\\/\\\/pmza.sk\\\/wp-content\\\/uploads\\\/2022\\\/01\\\/logo_PM_horizontal.jpg\",\"width\":231,\"height\":142,\"caption\":\"Pova\u017esk\u00e9 m\u00fazeum\"},\"image\":{\"@id\":\"https:\\\/\\\/pmza.sk\\\/#\\\/schema\\\/logo\\\/image\\\/\"},\"sameAs\":[\"https:\\\/\\\/www.facebook.com\\\/povazskemuzeum\",\"https:\\\/\\\/www.instagram.com\\\/povazskemuzeum\\\/\"]},{\"@type\":\"Person\",\"@id\":\"https:\\\/\\\/pmza.sk\\\/#\\\/schema\\\/person\\\/595e6a2ce731ea94dcd5d7f50a41ae33\",\"name\":\"Pova\u017esk\u00e9 m\u00fazeum\",\"image\":{\"@type\":\"ImageObject\",\"inLanguage\":\"sk-SK\",\"@id\":\"https:\\\/\\\/secure.gravatar.com\\\/avatar\\\/2bb7f1561282132fb5826dfeccc66c7996d11ee392ac6aaf7ced8a1c2027fbb2?s=96&d=mm&r=g\",\"url\":\"https:\\\/\\\/secure.gravatar.com\\\/avatar\\\/2bb7f1561282132fb5826dfeccc66c7996d11ee392ac6aaf7ced8a1c2027fbb2?s=96&d=mm&r=g\",\"contentUrl\":\"https:\\\/\\\/secure.gravatar.com\\\/avatar\\\/2bb7f1561282132fb5826dfeccc66c7996d11ee392ac6aaf7ced8a1c2027fbb2?s=96&d=mm&r=g\",\"caption\":\"Pova\u017esk\u00e9 m\u00fazeum\"}}]}<\/script>\n<!-- \/ Yoast SEO plugin. -->","yoast_head_json":{"title":"Pova\u017esk\u00e9 m\u00fazeum z\u00edskalo 3. miesto v s\u00fa\u0165a\u017ei M\u00fazeum roka 2014 - Pova\u017esk\u00e9 m\u00fazeum","robots":{"index":"index","follow":"follow","max-snippet":"max-snippet:-1","max-image-preview":"max-image-preview:large","max-video-preview":"max-video-preview:-1"},"canonical":"https:\/\/pmza.sk\/?p=12091","og_locale":"sk_SK","og_type":"article","og_title":"Pova\u017esk\u00e9 m\u00fazeum z\u00edskalo 3. miesto v s\u00fa\u0165a\u017ei M\u00fazeum roka 2014 - Pova\u017esk\u00e9 m\u00fazeum","og_description":"Pova\u017esk\u00e9 m\u00fazeum v\u00a0\u017diline, ktor\u00e9 je v zria\u010fovate\u013eskej p\u00f4sobnosti \u017dilinsk\u00e9ho samospr\u00e1vneho kraja, z\u00edskalo tretie miesto v\u00a0s\u00fa\u0165a\u017ei M\u00fazeum roka 2014, ktor\u00fa ka\u017edoro\u010dne vyhlasuje Ministerstvo kult\u00fary Slovenskej republiky. V 12. ro\u010dn\u00edku s\u00fa\u0165a\u017ee M\u00fazeum roka\/Gal\u00e9ria roka bolo hodnoten\u00fdm obdob\u00edm 1. janu\u00e1r a\u017e 31. december 2014. Pova\u017esk\u00e9 m\u00fazeum (PMZA) sa do s\u00fa\u0165a\u017ee prihl\u00e1silo s\u00a0v\u00fdskumom Ke\u010f fajka zhasla, s\u00a0M\u00fazeom dopravy v\u00a0Rajeck\u00fdch [&hellip;]","og_url":"https:\/\/pmza.sk\/?p=12091","og_site_name":"Pova\u017esk\u00e9 m\u00fazeum","article_publisher":"https:\/\/www.facebook.com\/povazskemuzeum","article_published_time":"2015-04-14T10:46:04+00:00","og_image":[{"url":"https:\/\/pmza.sk\/wp-content\/uploads\/2015\/04\/Muzeum-roka-3-miesto.jpg","type":"","width":"","height":""}],"author":"Pova\u017esk\u00e9 m\u00fazeum","twitter_card":"summary_large_image","twitter_misc":{"Autor":"Pova\u017esk\u00e9 m\u00fazeum","Predpokladan\u00fd \u010das \u010d\u00edtania":"2 min\u00faty"},"schema":{"@context":"https:\/\/schema.org","@graph":[{"@type":"Article","@id":"https:\/\/pmza.sk\/?p=12091#article","isPartOf":{"@id":"https:\/\/pmza.sk\/?p=12091"},"author":{"name":"Pova\u017esk\u00e9 m\u00fazeum","@id":"https:\/\/pmza.sk\/#\/schema\/person\/595e6a2ce731ea94dcd5d7f50a41ae33"},"headline":"Pova\u017esk\u00e9 m\u00fazeum z\u00edskalo 3. miesto v s\u00fa\u0165a\u017ei M\u00fazeum roka 2014","datePublished":"2015-04-14T10:46:04+00:00","mainEntityOfPage":{"@id":"https:\/\/pmza.sk\/?p=12091"},"wordCount":494,"publisher":{"@id":"https:\/\/pmza.sk\/#organization"},"image":{"@id":"https:\/\/pmza.sk\/?p=12091#primaryimage"},"thumbnailUrl":"https:\/\/pmza.sk\/wp-content\/uploads\/2015\/04\/Muzeum-roka-3-miesto.jpg","articleSection":["Aktuality"],"inLanguage":"sk-SK"},{"@type":"WebPage","@id":"https:\/\/pmza.sk\/?p=12091","url":"https:\/\/pmza.sk\/?p=12091","name":"Pova\u017esk\u00e9 m\u00fazeum z\u00edskalo 3. miesto v s\u00fa\u0165a\u017ei M\u00fazeum roka 2014 - Pova\u017esk\u00e9 m\u00fazeum","isPartOf":{"@id":"https:\/\/pmza.sk\/#website"},"primaryImageOfPage":{"@id":"https:\/\/pmza.sk\/?p=12091#primaryimage"},"image":{"@id":"https:\/\/pmza.sk\/?p=12091#primaryimage"},"thumbnailUrl":"https:\/\/pmza.sk\/wp-content\/uploads\/2015\/04\/Muzeum-roka-3-miesto.jpg","datePublished":"2015-04-14T10:46:04+00:00","breadcrumb":{"@id":"https:\/\/pmza.sk\/?p=12091#breadcrumb"},"inLanguage":"sk-SK","potentialAction":[{"@type":"ReadAction","target":["https:\/\/pmza.sk\/?p=12091"]}]},{"@type":"ImageObject","inLanguage":"sk-SK","@id":"https:\/\/pmza.sk\/?p=12091#primaryimage","url":"https:\/\/pmza.sk\/wp-content\/uploads\/2015\/04\/Muzeum-roka-3-miesto.jpg","contentUrl":"https:\/\/pmza.sk\/wp-content\/uploads\/2015\/04\/Muzeum-roka-3-miesto.jpg","width":1280,"height":1920},{"@type":"BreadcrumbList","@id":"https:\/\/pmza.sk\/?p=12091#breadcrumb","itemListElement":[{"@type":"ListItem","position":1,"name":"Domovsk\u00e1 str\u00e1nka","item":"https:\/\/pmza.sk\/"},{"@type":"ListItem","position":2,"name":"Pova\u017esk\u00e9 m\u00fazeum z\u00edskalo 3. miesto v s\u00fa\u0165a\u017ei M\u00fazeum roka 2014"}]},{"@type":"WebSite","@id":"https:\/\/pmza.sk\/#website","url":"https:\/\/pmza.sk\/","name":"Pova\u017esk\u00e9 m\u00fazeum","description":"Pova\u017esk\u00e9 m\u00fazeum v \u017diline je region\u00e1lne m\u00fazeum so s\u00eddlom v Budat\u00edne. Jeho expoz\u00edcie s\u00fa zameran\u00e9 na dejiny slovensk\u00e9ho umenia, kult\u00fary a dopravy.","publisher":{"@id":"https:\/\/pmza.sk\/#organization"},"potentialAction":[{"@type":"SearchAction","target":{"@type":"EntryPoint","urlTemplate":"https:\/\/pmza.sk\/?s={search_term_string}"},"query-input":{"@type":"PropertyValueSpecification","valueRequired":true,"valueName":"search_term_string"}}],"inLanguage":"sk-SK"},{"@type":"Organization","@id":"https:\/\/pmza.sk\/#organization","name":"Pova\u017esk\u00e9 m\u00fazeum","url":"https:\/\/pmza.sk\/","logo":{"@type":"ImageObject","inLanguage":"sk-SK","@id":"https:\/\/pmza.sk\/#\/schema\/logo\/image\/","url":"https:\/\/pmza.sk\/wp-content\/uploads\/2022\/01\/logo_PM_horizontal.jpg","contentUrl":"https:\/\/pmza.sk\/wp-content\/uploads\/2022\/01\/logo_PM_horizontal.jpg","width":231,"height":142,"caption":"Pova\u017esk\u00e9 m\u00fazeum"},"image":{"@id":"https:\/\/pmza.sk\/#\/schema\/logo\/image\/"},"sameAs":["https:\/\/www.facebook.com\/povazskemuzeum","https:\/\/www.instagram.com\/povazskemuzeum\/"]},{"@type":"Person","@id":"https:\/\/pmza.sk\/#\/schema\/person\/595e6a2ce731ea94dcd5d7f50a41ae33","name":"Pova\u017esk\u00e9 m\u00fazeum","image":{"@type":"ImageObject","inLanguage":"sk-SK","@id":"https:\/\/secure.gravatar.com\/avatar\/2bb7f1561282132fb5826dfeccc66c7996d11ee392ac6aaf7ced8a1c2027fbb2?s=96&d=mm&r=g","url":"https:\/\/secure.gravatar.com\/avatar\/2bb7f1561282132fb5826dfeccc66c7996d11ee392ac6aaf7ced8a1c2027fbb2?s=96&d=mm&r=g","contentUrl":"https:\/\/secure.gravatar.com\/avatar\/2bb7f1561282132fb5826dfeccc66c7996d11ee392ac6aaf7ced8a1c2027fbb2?s=96&d=mm&r=g","caption":"Pova\u017esk\u00e9 m\u00fazeum"}}]}},"_links":{"self":[{"href":"https:\/\/pmza.sk\/index.php?rest_route=\/wp\/v2\/posts\/12091","targetHints":{"allow":["GET"]}}],"collection":[{"href":"https:\/\/pmza.sk\/index.php?rest_route=\/wp\/v2\/posts"}],"about":[{"href":"https:\/\/pmza.sk\/index.php?rest_route=\/wp\/v2\/types\/post"}],"author":[{"embeddable":true,"href":"https:\/\/pmza.sk\/index.php?rest_route=\/wp\/v2\/users\/2"}],"replies":[{"embeddable":true,"href":"https:\/\/pmza.sk\/index.php?rest_route=%2Fwp%2Fv2%2Fcomments&post=12091"}],"version-history":[{"count":0,"href":"https:\/\/pmza.sk\/index.php?rest_route=\/wp\/v2\/posts\/12091\/revisions"}],"wp:attachment":[{"href":"https:\/\/pmza.sk\/index.php?rest_route=%2Fwp%2Fv2%2Fmedia&parent=12091"}],"wp:term":[{"taxonomy":"category","embeddable":true,"href":"https:\/\/pmza.sk\/index.php?rest_route=%2Fwp%2Fv2%2Fcategories&post=12091"},{"taxonomy":"post_tag","embeddable":true,"href":"https:\/\/pmza.sk\/index.php?rest_route=%2Fwp%2Fv2%2Ftags&post=12091"}],"curies":[{"name":"wp","href":"https:\/\/api.w.org\/{rel}","templated":true}]}}