{"id":12101,"date":"2015-04-16T11:35:51","date_gmt":"2015-04-16T09:35:51","guid":{"rendered":"https:\/\/pmza.sk.sk\/?p=12101"},"modified":"2015-04-16T11:35:51","modified_gmt":"2015-04-16T09:35:51","slug":"krasa-pravekej-keramiky","status":"publish","type":"post","link":"https:\/\/pmza.sk\/?p=12101","title":{"rendered":"Kr\u00e1sa pravekej keramiky &#8211; v\u00fdstava pred\u013a\u017een\u00e1 do 25. 7."},"content":{"rendered":"<p><a href=\"https:\/\/pmza.sk\/wp-content\/uploads\/2015\/04\/Amfora-Belusa.jpg\"><img decoding=\"async\" class=\"alignleft wp-image-12106\" title=\"Amfora - Belu\u0161a\" src=\"https:\/\/pmza.sk\/wp-content\/uploads\/2015\/04\/Amfora-Belusa.jpg\" alt=\"Amfora - Belu\u0161a\" width=\"204\" height=\"153\" srcset=\"https:\/\/pmza.sk\/wp-content\/uploads\/2015\/04\/Amfora-Belusa.jpg 1024w, https:\/\/pmza.sk\/wp-content\/uploads\/2015\/04\/Amfora-Belusa-480x360.jpg 480w, https:\/\/pmza.sk\/wp-content\/uploads\/2015\/04\/Amfora-Belusa-981x736.jpg 981w, https:\/\/pmza.sk\/wp-content\/uploads\/2015\/04\/Amfora-Belusa-768x576.jpg 768w, https:\/\/pmza.sk\/wp-content\/uploads\/2015\/04\/Amfora-Belusa-600x450.jpg 600w\" sizes=\"(max-width: 204px) 100vw, 204px\" \/><\/a>V\u00a0podkrov\u00ed ve\u017ee Budat\u00ednskeho hradu pripravilo Pova\u017esk\u00e9 m\u00fazeum v\u00a0\u017diline v\u00fdstavu s\u00a0n\u00e1zvom <strong>Kr\u00e1sa pravekej keramiky<\/strong>. N\u00e1v\u0161tevn\u00edkov obozn\u00e1mi s\u00a0r\u00f4znymi typmi n\u00e1dob pou\u017e\u00edvan\u00fdch \u013eudom lu\u017eickej kult\u00fary v\u00a0dobe bronzovej a\u00a0star\u0161ej dobe \u017eeleznej. Mlad\u0161iu a\u00a0neskor\u00fa dobu \u017eelezn\u00fa bude prezentova\u0165 keramika \u013eudu p\u00fachovskej kult\u00fary. Obe kult\u00fary maj\u00fa dominantn\u00e9 zast\u00fapenie v\u00a0oblasti severoz\u00e1padn\u00e9ho Slovenska. Preva\u017euje keramika roben\u00e1 v\u00a0ruke bez pou\u017eitia hrn\u010diarskeho kruhu, zdoben\u00e1 r\u00f4znymi v\u00fdzdobn\u00fdmi mot\u00edvmi.<!--more--><\/p>\n<p><em>\u201eN\u00e1doby boli vyu\u017e\u00edvan\u00e9 v\u00a0ka\u017edodennom \u017eivote, ako \u00fa\u017eitkov\u00e1 keramika, funer\u00e1lna keramika ale aj v\u00a0oblasti kultu. N\u00e1v\u0161tevn\u00edkov v\u00fdstavy pote\u0161\u00ed poh\u013ead na majstrovstvo hrn\u010diarov pravek\u00fdch kult\u00far a\u00a0na pripraven\u00fdch textoch sa m\u00f4\u017eu obozn\u00e1mi\u0165 s\u00a0v\u00fdrobou, zdoben\u00edm a\u00a0vypa\u013eovan\u00edm jednotliv\u00fdch keramick\u00fdch v\u00fdrobkov. Napr\u00edklad amfor, amforiek, m\u00eds, \u0161\u00e1lok, z\u00e1sobn\u00edc a\u00a0podobne,\u201c<\/em> uviedla archeologi\u010dka Pova\u017esk\u00e9ho m\u00fazea v\u00a0\u017diline Andrea Slan\u00e1, autorka v\u00fdstavy.<\/p>\n<p>Keramick\u00e9 n\u00e1doby a\u00a0predov\u0161etk\u00fdm ove\u013ea \u010dastej\u0161ie sa vyskytuj\u00face ich zlomky predstavuj\u00fa dominantn\u00fd hmotn\u00fd prejav ka\u017edej archeologickej kult\u00fary. Kvalita keramick\u00e9ho materi\u00e1lu vych\u00e1dza z\u00a0jeho charakteru. N\u00e1doby boli \u013eahko zni\u010dite\u013en\u00e9, ale ich zlomky s\u00fa v\u00a0be\u017enom p\u00f4vodnom prostred\u00ed prakticky ve\u010dn\u00e9. Keramika ako z\u00e1kladn\u00fd produkt hrn\u010diarskeho remesla prin\u00e1\u0161a najv\u00e4\u010d\u0161ie mno\u017estvo inform\u00e1ci\u00ed o\u00a0pravek\u00fdch \u0161trukt\u00farach a\u00a0tieto v\u00fdrobky predstavuj\u00fa hlavn\u00fa zlo\u017eku archeologick\u00fdch prame\u0148ov. Zna\u010dn\u00e1 \u010das\u0165 keramick\u00e9ho sortimentu bola v\u00a0praveku vyr\u00e1ban\u00e1 r\u00f4znymi individu\u00e1lnymi v\u00fdrobcami. V\u00a0produkcii hrn\u010diarskych v\u00fdrobkov sa prejavili vtedaj\u0161ie v\u0161eobecn\u00e9 trendy, estetick\u00e9 c\u00edtenie, region\u00e1lne \u0161pecifik\u00e1 a\u00a0do v\u00fdroby prenikli aj impulzy zo susedn\u00fdch a\u00a0niekedy i\u00a0vzdialenej\u0161\u00edch oblast\u00ed.<\/p>\n<p>Pova\u017esk\u00e9 m\u00fazeum v \u017diline je v\u00a0zria\u010fovate\u013eskej p\u00f4sobnosti \u017dilinsk\u00e9ho samospr\u00e1vneho kraja.<\/p>\n<p><span style=\"color: #0000ff;\"><strong>V\u00fdstava je pred\u013a\u017een\u00e1 do soboty 25. j\u00fala 2015.<\/strong><\/span><\/p>\n<p>Plag\u00e1t k v\u00fdstave n\u00e1jdete <a href=\"https:\/\/pmza.sk\/wp-content\/uploads\/2015\/04\/Krasa-pravekej-keramiky_plagat.jpg\">TU<\/a><\/p>\n<p>Na v\u00fdstavu fotoapar\u00e1tov, v\u00fdstavu Kr\u00e1sa pravekej keramiky a do ve\u017ee BH plat\u00ed spolo\u010dn\u00e9 VSTUPN\u00c9 (tzn. v\u0161etky tri expoz\u00edcie za jednu cenu):<\/p>\n<p><strong>z\u00e1kladn\u00e9:<\/strong>\u00a03 \u20ac\u00a0<br \/><strong>z\u013eavnen\u00e9<\/strong> (deti od 6 do 15 rokov, \u0161tudenti, d\u00f4chodcovia, \u0164ZP): 1,50\u00a0\u20ac\u00a0<br \/><strong>rodinn\u00e9<\/strong> (2 rodi\u010dia a 2 deti od 6 do 15 rokov, ktor\u00e9 spolo\u010dne vychov\u00e1vaj\u00fa): 7\u00a0\u20ac\u00a0<br \/><strong>deti do 6 rokov:<\/strong> bezplatne\u00a0<br \/><strong>pedagogick\u00fd dozor<\/strong> nad 15 os\u00f4b a ved\u00faci z\u00e1jazdov: bezplatne\u00a0<br \/><strong>skupina dospel\u00fdch nad 20 os\u00f4b:<\/strong> z\u013eava 10%\u00a0<br \/><strong>Vstupn\u00e9 mimo otv\u00e1rac\u00edch hod\u00edn:<\/strong> pr\u00edplatok 100 % (vstup mo\u017en\u00fd len na z\u00e1klade objedn\u00e1vky a len pre skupiny nad 10 os\u00f4b).<\/p>\n","protected":false},"excerpt":{"rendered":"<p>V\u00a0podkrov\u00ed ve\u017ee Budat\u00ednskeho hradu pripravilo Pova\u017esk\u00e9 m\u00fazeum v\u00a0\u017diline v\u00fdstavu s\u00a0n\u00e1zvom Kr\u00e1sa pravekej keramiky. N\u00e1v\u0161tevn\u00edkov obozn\u00e1mi s\u00a0r\u00f4znymi typmi n\u00e1dob pou\u017e\u00edvan\u00fdch \u013eudom lu\u017eickej kult\u00fary v\u00a0dobe bronzovej a\u00a0star\u0161ej dobe \u017eeleznej. Mlad\u0161iu a\u00a0neskor\u00fa dobu \u017eelezn\u00fa bude prezentova\u0165 keramika \u013eudu p\u00fachovskej kult\u00fary. Obe kult\u00fary maj\u00fa dominantn\u00e9 zast\u00fapenie v\u00a0oblasti severoz\u00e1padn\u00e9ho Slovenska. Preva\u017euje keramika roben\u00e1 v\u00a0ruke bez pou\u017eitia hrn\u010diarskeho kruhu, zdoben\u00e1 r\u00f4znymi [&hellip;]<\/p>\n","protected":false},"author":2,"featured_media":0,"comment_status":"closed","ping_status":"closed","sticky":false,"template":"","format":"standard","meta":{"site-sidebar-layout":"default","site-content-layout":"","ast-site-content-layout":"","site-content-style":"default","site-sidebar-style":"default","ast-global-header-display":"","ast-banner-title-visibility":"","ast-main-header-display":"","ast-hfb-above-header-display":"","ast-hfb-below-header-display":"","ast-hfb-mobile-header-display":"","site-post-title":"","ast-breadcrumbs-content":"","ast-featured-img":"","footer-sml-layout":"","theme-transparent-header-meta":"","adv-header-id-meta":"","stick-header-meta":"","header-above-stick-meta":"","header-main-stick-meta":"","header-below-stick-meta":"","astra-migrate-meta-layouts":"default","ast-page-background-enabled":"default","ast-page-background-meta":{"desktop":{"background-color":"var(--ast-global-color-4)","background-image":"","background-repeat":"repeat","background-position":"center center","background-size":"auto","background-attachment":"scroll","background-type":"","background-media":"","overlay-type":"","overlay-color":"","overlay-opacity":"","overlay-gradient":""},"tablet":{"background-color":"","background-image":"","background-repeat":"repeat","background-position":"center center","background-size":"auto","background-attachment":"scroll","background-type":"","background-media":"","overlay-type":"","overlay-color":"","overlay-opacity":"","overlay-gradient":""},"mobile":{"background-color":"","background-image":"","background-repeat":"repeat","background-position":"center center","background-size":"auto","background-attachment":"scroll","background-type":"","background-media":"","overlay-type":"","overlay-color":"","overlay-opacity":"","overlay-gradient":""}},"ast-content-background-meta":{"desktop":{"background-color":"var(--ast-global-color-5)","background-image":"","background-repeat":"repeat","background-position":"center center","background-size":"auto","background-attachment":"scroll","background-type":"","background-media":"","overlay-type":"","overlay-color":"","overlay-opacity":"","overlay-gradient":""},"tablet":{"background-color":"var(--ast-global-color-5)","background-image":"","background-repeat":"repeat","background-position":"center center","background-size":"auto","background-attachment":"scroll","background-type":"","background-media":"","overlay-type":"","overlay-color":"","overlay-opacity":"","overlay-gradient":""},"mobile":{"background-color":"var(--ast-global-color-5)","background-image":"","background-repeat":"repeat","background-position":"center center","background-size":"auto","background-attachment":"scroll","background-type":"","background-media":"","overlay-type":"","overlay-color":"","overlay-opacity":"","overlay-gradient":""}},"footnotes":""},"categories":[31],"tags":[],"class_list":["post-12101","post","type-post","status-publish","format-standard","hentry","category-aktuality"],"yoast_head":"<!-- This site is optimized with the Yoast SEO plugin v27.4 - https:\/\/yoast.com\/product\/yoast-seo-wordpress\/ -->\n<title>Kr\u00e1sa pravekej keramiky - v\u00fdstava pred\u013a\u017een\u00e1 do 25. 7. - Pova\u017esk\u00e9 m\u00fazeum<\/title>\n<meta name=\"robots\" content=\"index, follow, max-snippet:-1, max-image-preview:large, max-video-preview:-1\" \/>\n<link rel=\"canonical\" href=\"https:\/\/pmza.sk\/?p=12101\" \/>\n<meta property=\"og:locale\" content=\"sk_SK\" \/>\n<meta property=\"og:type\" content=\"article\" \/>\n<meta property=\"og:title\" content=\"Kr\u00e1sa pravekej keramiky - v\u00fdstava pred\u013a\u017een\u00e1 do 25. 7. - Pova\u017esk\u00e9 m\u00fazeum\" \/>\n<meta property=\"og:description\" content=\"V\u00a0podkrov\u00ed ve\u017ee Budat\u00ednskeho hradu pripravilo Pova\u017esk\u00e9 m\u00fazeum v\u00a0\u017diline v\u00fdstavu s\u00a0n\u00e1zvom Kr\u00e1sa pravekej keramiky. N\u00e1v\u0161tevn\u00edkov obozn\u00e1mi s\u00a0r\u00f4znymi typmi n\u00e1dob pou\u017e\u00edvan\u00fdch \u013eudom lu\u017eickej kult\u00fary v\u00a0dobe bronzovej a\u00a0star\u0161ej dobe \u017eeleznej. Mlad\u0161iu a\u00a0neskor\u00fa dobu \u017eelezn\u00fa bude prezentova\u0165 keramika \u013eudu p\u00fachovskej kult\u00fary. Obe kult\u00fary maj\u00fa dominantn\u00e9 zast\u00fapenie v\u00a0oblasti severoz\u00e1padn\u00e9ho Slovenska. Preva\u017euje keramika roben\u00e1 v\u00a0ruke bez pou\u017eitia hrn\u010diarskeho kruhu, zdoben\u00e1 r\u00f4znymi [&hellip;]\" \/>\n<meta property=\"og:url\" content=\"https:\/\/pmza.sk\/?p=12101\" \/>\n<meta property=\"og:site_name\" content=\"Pova\u017esk\u00e9 m\u00fazeum\" \/>\n<meta property=\"article:publisher\" content=\"https:\/\/www.facebook.com\/povazskemuzeum\" \/>\n<meta property=\"article:published_time\" content=\"2015-04-16T09:35:51+00:00\" \/>\n<meta property=\"og:image\" content=\"https:\/\/pmza.sk\/wp-content\/uploads\/2015\/04\/Amfora-Belusa.jpg\" \/>\n<meta name=\"author\" content=\"Pova\u017esk\u00e9 m\u00fazeum\" \/>\n<meta name=\"twitter:card\" content=\"summary_large_image\" \/>\n<meta name=\"twitter:label1\" content=\"Autor\" \/>\n\t<meta name=\"twitter:data1\" content=\"Pova\u017esk\u00e9 m\u00fazeum\" \/>\n\t<meta name=\"twitter:label2\" content=\"Predpokladan\u00fd \u010das \u010d\u00edtania\" \/>\n\t<meta name=\"twitter:data2\" content=\"2 min\u00faty\" \/>\n<script type=\"application\/ld+json\" class=\"yoast-schema-graph\">{\"@context\":\"https:\\\/\\\/schema.org\",\"@graph\":[{\"@type\":\"Article\",\"@id\":\"https:\\\/\\\/pmza.sk\\\/?p=12101#article\",\"isPartOf\":{\"@id\":\"https:\\\/\\\/pmza.sk\\\/?p=12101\"},\"author\":{\"name\":\"Pova\u017esk\u00e9 m\u00fazeum\",\"@id\":\"https:\\\/\\\/pmza.sk\\\/#\\\/schema\\\/person\\\/595e6a2ce731ea94dcd5d7f50a41ae33\"},\"headline\":\"Kr\u00e1sa pravekej keramiky &#8211; v\u00fdstava pred\u013a\u017een\u00e1 do 25. 7.\",\"datePublished\":\"2015-04-16T09:35:51+00:00\",\"mainEntityOfPage\":{\"@id\":\"https:\\\/\\\/pmza.sk\\\/?p=12101\"},\"wordCount\":474,\"publisher\":{\"@id\":\"https:\\\/\\\/pmza.sk\\\/#organization\"},\"image\":{\"@id\":\"https:\\\/\\\/pmza.sk\\\/?p=12101#primaryimage\"},\"thumbnailUrl\":\"http:\\\/\\\/pmza.sk\\\/wp-content\\\/uploads\\\/2015\\\/04\\\/Amfora-Belusa.jpg\",\"articleSection\":[\"Aktuality\"],\"inLanguage\":\"sk-SK\"},{\"@type\":\"WebPage\",\"@id\":\"https:\\\/\\\/pmza.sk\\\/?p=12101\",\"url\":\"https:\\\/\\\/pmza.sk\\\/?p=12101\",\"name\":\"Kr\u00e1sa pravekej keramiky - v\u00fdstava pred\u013a\u017een\u00e1 do 25. 7. - Pova\u017esk\u00e9 m\u00fazeum\",\"isPartOf\":{\"@id\":\"https:\\\/\\\/pmza.sk\\\/#website\"},\"primaryImageOfPage\":{\"@id\":\"https:\\\/\\\/pmza.sk\\\/?p=12101#primaryimage\"},\"image\":{\"@id\":\"https:\\\/\\\/pmza.sk\\\/?p=12101#primaryimage\"},\"thumbnailUrl\":\"http:\\\/\\\/pmza.sk\\\/wp-content\\\/uploads\\\/2015\\\/04\\\/Amfora-Belusa.jpg\",\"datePublished\":\"2015-04-16T09:35:51+00:00\",\"breadcrumb\":{\"@id\":\"https:\\\/\\\/pmza.sk\\\/?p=12101#breadcrumb\"},\"inLanguage\":\"sk-SK\",\"potentialAction\":[{\"@type\":\"ReadAction\",\"target\":[\"https:\\\/\\\/pmza.sk\\\/?p=12101\"]}]},{\"@type\":\"ImageObject\",\"inLanguage\":\"sk-SK\",\"@id\":\"https:\\\/\\\/pmza.sk\\\/?p=12101#primaryimage\",\"url\":\"https:\\\/\\\/pmza.sk\\\/wp-content\\\/uploads\\\/2015\\\/04\\\/Amfora-Belusa.jpg\",\"contentUrl\":\"https:\\\/\\\/pmza.sk\\\/wp-content\\\/uploads\\\/2015\\\/04\\\/Amfora-Belusa.jpg\",\"width\":1024,\"height\":768},{\"@type\":\"BreadcrumbList\",\"@id\":\"https:\\\/\\\/pmza.sk\\\/?p=12101#breadcrumb\",\"itemListElement\":[{\"@type\":\"ListItem\",\"position\":1,\"name\":\"Domovsk\u00e1 str\u00e1nka\",\"item\":\"https:\\\/\\\/pmza.sk\\\/\"},{\"@type\":\"ListItem\",\"position\":2,\"name\":\"Kr\u00e1sa pravekej keramiky &#8211; v\u00fdstava pred\u013a\u017een\u00e1 do 25. 7.\"}]},{\"@type\":\"WebSite\",\"@id\":\"https:\\\/\\\/pmza.sk\\\/#website\",\"url\":\"https:\\\/\\\/pmza.sk\\\/\",\"name\":\"Pova\u017esk\u00e9 m\u00fazeum\",\"description\":\"Pova\u017esk\u00e9 m\u00fazeum v \u017diline je region\u00e1lne m\u00fazeum so s\u00eddlom v Budat\u00edne. Jeho expoz\u00edcie s\u00fa zameran\u00e9 na dejiny slovensk\u00e9ho umenia, kult\u00fary a dopravy.\",\"publisher\":{\"@id\":\"https:\\\/\\\/pmza.sk\\\/#organization\"},\"potentialAction\":[{\"@type\":\"SearchAction\",\"target\":{\"@type\":\"EntryPoint\",\"urlTemplate\":\"https:\\\/\\\/pmza.sk\\\/?s={search_term_string}\"},\"query-input\":{\"@type\":\"PropertyValueSpecification\",\"valueRequired\":true,\"valueName\":\"search_term_string\"}}],\"inLanguage\":\"sk-SK\"},{\"@type\":\"Organization\",\"@id\":\"https:\\\/\\\/pmza.sk\\\/#organization\",\"name\":\"Pova\u017esk\u00e9 m\u00fazeum\",\"url\":\"https:\\\/\\\/pmza.sk\\\/\",\"logo\":{\"@type\":\"ImageObject\",\"inLanguage\":\"sk-SK\",\"@id\":\"https:\\\/\\\/pmza.sk\\\/#\\\/schema\\\/logo\\\/image\\\/\",\"url\":\"https:\\\/\\\/pmza.sk\\\/wp-content\\\/uploads\\\/2022\\\/01\\\/logo_PM_horizontal.jpg\",\"contentUrl\":\"https:\\\/\\\/pmza.sk\\\/wp-content\\\/uploads\\\/2022\\\/01\\\/logo_PM_horizontal.jpg\",\"width\":231,\"height\":142,\"caption\":\"Pova\u017esk\u00e9 m\u00fazeum\"},\"image\":{\"@id\":\"https:\\\/\\\/pmza.sk\\\/#\\\/schema\\\/logo\\\/image\\\/\"},\"sameAs\":[\"https:\\\/\\\/www.facebook.com\\\/povazskemuzeum\",\"https:\\\/\\\/www.instagram.com\\\/povazskemuzeum\\\/\"]},{\"@type\":\"Person\",\"@id\":\"https:\\\/\\\/pmza.sk\\\/#\\\/schema\\\/person\\\/595e6a2ce731ea94dcd5d7f50a41ae33\",\"name\":\"Pova\u017esk\u00e9 m\u00fazeum\",\"image\":{\"@type\":\"ImageObject\",\"inLanguage\":\"sk-SK\",\"@id\":\"https:\\\/\\\/secure.gravatar.com\\\/avatar\\\/2bb7f1561282132fb5826dfeccc66c7996d11ee392ac6aaf7ced8a1c2027fbb2?s=96&d=mm&r=g\",\"url\":\"https:\\\/\\\/secure.gravatar.com\\\/avatar\\\/2bb7f1561282132fb5826dfeccc66c7996d11ee392ac6aaf7ced8a1c2027fbb2?s=96&d=mm&r=g\",\"contentUrl\":\"https:\\\/\\\/secure.gravatar.com\\\/avatar\\\/2bb7f1561282132fb5826dfeccc66c7996d11ee392ac6aaf7ced8a1c2027fbb2?s=96&d=mm&r=g\",\"caption\":\"Pova\u017esk\u00e9 m\u00fazeum\"}}]}<\/script>\n<!-- \/ Yoast SEO plugin. -->","yoast_head_json":{"title":"Kr\u00e1sa pravekej keramiky - v\u00fdstava pred\u013a\u017een\u00e1 do 25. 7. - Pova\u017esk\u00e9 m\u00fazeum","robots":{"index":"index","follow":"follow","max-snippet":"max-snippet:-1","max-image-preview":"max-image-preview:large","max-video-preview":"max-video-preview:-1"},"canonical":"https:\/\/pmza.sk\/?p=12101","og_locale":"sk_SK","og_type":"article","og_title":"Kr\u00e1sa pravekej keramiky - v\u00fdstava pred\u013a\u017een\u00e1 do 25. 7. - Pova\u017esk\u00e9 m\u00fazeum","og_description":"V\u00a0podkrov\u00ed ve\u017ee Budat\u00ednskeho hradu pripravilo Pova\u017esk\u00e9 m\u00fazeum v\u00a0\u017diline v\u00fdstavu s\u00a0n\u00e1zvom Kr\u00e1sa pravekej keramiky. N\u00e1v\u0161tevn\u00edkov obozn\u00e1mi s\u00a0r\u00f4znymi typmi n\u00e1dob pou\u017e\u00edvan\u00fdch \u013eudom lu\u017eickej kult\u00fary v\u00a0dobe bronzovej a\u00a0star\u0161ej dobe \u017eeleznej. Mlad\u0161iu a\u00a0neskor\u00fa dobu \u017eelezn\u00fa bude prezentova\u0165 keramika \u013eudu p\u00fachovskej kult\u00fary. Obe kult\u00fary maj\u00fa dominantn\u00e9 zast\u00fapenie v\u00a0oblasti severoz\u00e1padn\u00e9ho Slovenska. Preva\u017euje keramika roben\u00e1 v\u00a0ruke bez pou\u017eitia hrn\u010diarskeho kruhu, zdoben\u00e1 r\u00f4znymi [&hellip;]","og_url":"https:\/\/pmza.sk\/?p=12101","og_site_name":"Pova\u017esk\u00e9 m\u00fazeum","article_publisher":"https:\/\/www.facebook.com\/povazskemuzeum","article_published_time":"2015-04-16T09:35:51+00:00","og_image":[{"url":"https:\/\/pmza.sk\/wp-content\/uploads\/2015\/04\/Amfora-Belusa.jpg","type":"","width":"","height":""}],"author":"Pova\u017esk\u00e9 m\u00fazeum","twitter_card":"summary_large_image","twitter_misc":{"Autor":"Pova\u017esk\u00e9 m\u00fazeum","Predpokladan\u00fd \u010das \u010d\u00edtania":"2 min\u00faty"},"schema":{"@context":"https:\/\/schema.org","@graph":[{"@type":"Article","@id":"https:\/\/pmza.sk\/?p=12101#article","isPartOf":{"@id":"https:\/\/pmza.sk\/?p=12101"},"author":{"name":"Pova\u017esk\u00e9 m\u00fazeum","@id":"https:\/\/pmza.sk\/#\/schema\/person\/595e6a2ce731ea94dcd5d7f50a41ae33"},"headline":"Kr\u00e1sa pravekej keramiky &#8211; v\u00fdstava pred\u013a\u017een\u00e1 do 25. 7.","datePublished":"2015-04-16T09:35:51+00:00","mainEntityOfPage":{"@id":"https:\/\/pmza.sk\/?p=12101"},"wordCount":474,"publisher":{"@id":"https:\/\/pmza.sk\/#organization"},"image":{"@id":"https:\/\/pmza.sk\/?p=12101#primaryimage"},"thumbnailUrl":"https:\/\/pmza.sk\/wp-content\/uploads\/2015\/04\/Amfora-Belusa.jpg","articleSection":["Aktuality"],"inLanguage":"sk-SK"},{"@type":"WebPage","@id":"https:\/\/pmza.sk\/?p=12101","url":"https:\/\/pmza.sk\/?p=12101","name":"Kr\u00e1sa pravekej keramiky - v\u00fdstava pred\u013a\u017een\u00e1 do 25. 7. - Pova\u017esk\u00e9 m\u00fazeum","isPartOf":{"@id":"https:\/\/pmza.sk\/#website"},"primaryImageOfPage":{"@id":"https:\/\/pmza.sk\/?p=12101#primaryimage"},"image":{"@id":"https:\/\/pmza.sk\/?p=12101#primaryimage"},"thumbnailUrl":"https:\/\/pmza.sk\/wp-content\/uploads\/2015\/04\/Amfora-Belusa.jpg","datePublished":"2015-04-16T09:35:51+00:00","breadcrumb":{"@id":"https:\/\/pmza.sk\/?p=12101#breadcrumb"},"inLanguage":"sk-SK","potentialAction":[{"@type":"ReadAction","target":["https:\/\/pmza.sk\/?p=12101"]}]},{"@type":"ImageObject","inLanguage":"sk-SK","@id":"https:\/\/pmza.sk\/?p=12101#primaryimage","url":"https:\/\/pmza.sk\/wp-content\/uploads\/2015\/04\/Amfora-Belusa.jpg","contentUrl":"https:\/\/pmza.sk\/wp-content\/uploads\/2015\/04\/Amfora-Belusa.jpg","width":1024,"height":768},{"@type":"BreadcrumbList","@id":"https:\/\/pmza.sk\/?p=12101#breadcrumb","itemListElement":[{"@type":"ListItem","position":1,"name":"Domovsk\u00e1 str\u00e1nka","item":"https:\/\/pmza.sk\/"},{"@type":"ListItem","position":2,"name":"Kr\u00e1sa pravekej keramiky &#8211; v\u00fdstava pred\u013a\u017een\u00e1 do 25. 7."}]},{"@type":"WebSite","@id":"https:\/\/pmza.sk\/#website","url":"https:\/\/pmza.sk\/","name":"Pova\u017esk\u00e9 m\u00fazeum","description":"Pova\u017esk\u00e9 m\u00fazeum v \u017diline je region\u00e1lne m\u00fazeum so s\u00eddlom v Budat\u00edne. Jeho expoz\u00edcie s\u00fa zameran\u00e9 na dejiny slovensk\u00e9ho umenia, kult\u00fary a dopravy.","publisher":{"@id":"https:\/\/pmza.sk\/#organization"},"potentialAction":[{"@type":"SearchAction","target":{"@type":"EntryPoint","urlTemplate":"https:\/\/pmza.sk\/?s={search_term_string}"},"query-input":{"@type":"PropertyValueSpecification","valueRequired":true,"valueName":"search_term_string"}}],"inLanguage":"sk-SK"},{"@type":"Organization","@id":"https:\/\/pmza.sk\/#organization","name":"Pova\u017esk\u00e9 m\u00fazeum","url":"https:\/\/pmza.sk\/","logo":{"@type":"ImageObject","inLanguage":"sk-SK","@id":"https:\/\/pmza.sk\/#\/schema\/logo\/image\/","url":"https:\/\/pmza.sk\/wp-content\/uploads\/2022\/01\/logo_PM_horizontal.jpg","contentUrl":"https:\/\/pmza.sk\/wp-content\/uploads\/2022\/01\/logo_PM_horizontal.jpg","width":231,"height":142,"caption":"Pova\u017esk\u00e9 m\u00fazeum"},"image":{"@id":"https:\/\/pmza.sk\/#\/schema\/logo\/image\/"},"sameAs":["https:\/\/www.facebook.com\/povazskemuzeum","https:\/\/www.instagram.com\/povazskemuzeum\/"]},{"@type":"Person","@id":"https:\/\/pmza.sk\/#\/schema\/person\/595e6a2ce731ea94dcd5d7f50a41ae33","name":"Pova\u017esk\u00e9 m\u00fazeum","image":{"@type":"ImageObject","inLanguage":"sk-SK","@id":"https:\/\/secure.gravatar.com\/avatar\/2bb7f1561282132fb5826dfeccc66c7996d11ee392ac6aaf7ced8a1c2027fbb2?s=96&d=mm&r=g","url":"https:\/\/secure.gravatar.com\/avatar\/2bb7f1561282132fb5826dfeccc66c7996d11ee392ac6aaf7ced8a1c2027fbb2?s=96&d=mm&r=g","contentUrl":"https:\/\/secure.gravatar.com\/avatar\/2bb7f1561282132fb5826dfeccc66c7996d11ee392ac6aaf7ced8a1c2027fbb2?s=96&d=mm&r=g","caption":"Pova\u017esk\u00e9 m\u00fazeum"}}]}},"_links":{"self":[{"href":"https:\/\/pmza.sk\/index.php?rest_route=\/wp\/v2\/posts\/12101","targetHints":{"allow":["GET"]}}],"collection":[{"href":"https:\/\/pmza.sk\/index.php?rest_route=\/wp\/v2\/posts"}],"about":[{"href":"https:\/\/pmza.sk\/index.php?rest_route=\/wp\/v2\/types\/post"}],"author":[{"embeddable":true,"href":"https:\/\/pmza.sk\/index.php?rest_route=\/wp\/v2\/users\/2"}],"replies":[{"embeddable":true,"href":"https:\/\/pmza.sk\/index.php?rest_route=%2Fwp%2Fv2%2Fcomments&post=12101"}],"version-history":[{"count":0,"href":"https:\/\/pmza.sk\/index.php?rest_route=\/wp\/v2\/posts\/12101\/revisions"}],"wp:attachment":[{"href":"https:\/\/pmza.sk\/index.php?rest_route=%2Fwp%2Fv2%2Fmedia&parent=12101"}],"wp:term":[{"taxonomy":"category","embeddable":true,"href":"https:\/\/pmza.sk\/index.php?rest_route=%2Fwp%2Fv2%2Fcategories&post=12101"},{"taxonomy":"post_tag","embeddable":true,"href":"https:\/\/pmza.sk\/index.php?rest_route=%2Fwp%2Fv2%2Ftags&post=12101"}],"curies":[{"name":"wp","href":"https:\/\/api.w.org\/{rel}","templated":true}]}}