{"id":12120,"date":"2015-04-20T10:28:19","date_gmt":"2015-04-20T08:28:19","guid":{"rendered":"https:\/\/pmza.sk.sk\/?p=12120"},"modified":"2015-04-20T10:28:19","modified_gmt":"2015-04-20T08:28:19","slug":"slavnostne-otvorenie-sezony-2015","status":"publish","type":"post","link":"https:\/\/pmza.sk\/?p=12120","title":{"rendered":"Sl\u00e1vnostn\u00e9 otvorenie sez\u00f3ny 2015"},"content":{"rendered":"<p><a href=\"https:\/\/pmza.sk\/wp-content\/uploads\/2015\/04\/Slavnostne-otvorenie-sezony_plagat1.jpg\"><img decoding=\"async\" class=\"alignleft  wp-image-12129\" src=\"https:\/\/pmza.sk\/wp-content\/uploads\/2015\/04\/Slavnostne-otvorenie-sezony_plagat1.jpg\" alt=\"Sl\u00e1vnostn\u00e9 otvorenie sez\u00f3ny_plagat\" width=\"137\" height=\"194\" srcset=\"https:\/\/pmza.sk\/wp-content\/uploads\/2015\/04\/Slavnostne-otvorenie-sezony_plagat1.jpg 554w, https:\/\/pmza.sk\/wp-content\/uploads\/2015\/04\/Slavnostne-otvorenie-sezony_plagat1-254x360.jpg 254w, https:\/\/pmza.sk\/wp-content\/uploads\/2015\/04\/Slavnostne-otvorenie-sezony_plagat1-520x736.jpg 520w\" sizes=\"(max-width: 137px) 100vw, 137px\" \/><\/a>Ka\u017edoro\u010dne na 1. m\u00e1ja pripravuje Pova\u017esk\u00e9 m\u00fazeum v\u00a0\u017diline sl\u00e1vnostn\u00e9 otvorenie sez\u00f3ny na hrade Stre\u010dno a\u00a0od minul\u00e9ho roka aj stredovekej dedine Paseka. N\u00e1v\u0161tevn\u00edci sa v\u00a0de\u0148 sl\u00e1vnostn\u00e9ho otvorenia dozvedia nie\u010do nov\u00e9 zo \u017eivota \u017dofie Bosniakovej, ochutnaj\u00fa jedlo stredovekej kuchyne, vo folkl\u00f3rnom p\u00e1sme si pozr\u00fa vyst\u00fapenie FS G\u00f3rolicki, pripraven\u00e9 s\u00fa uk\u00e1\u017eky stre\u013eby, minikoncerty a\u00a0lukostre\u013eba.<\/p>\n<p><em>\u201eDivadeln\u00e9 sc\u00e9nky zo \u017eivota \u017dofie Bosniakovej bud\u00fa v\u00a0podan\u00ed divadelnej skupiny ORLUS, stredovek\u00fa kuchy\u0148u s\u00a0mo\u017enos\u0165ou ochutn\u00e1vky stredovek\u00fdch jed\u00e1l a\u00a0lukostre\u013ebu priprav\u00ed Cech Terra de Selinan, delostrelci z\u00a0Klubu vojenskej hist\u00f3rie Taranis predved\u00fa uk\u00e1\u017eky stre\u013eby z\u00a0\u013eahk\u00e9ho po\u013en\u00e9ho dela a\u00a0v\u00a0kaplnke sme napl\u00e1novali minikoncerty pre ka\u017ed\u00e9ho n\u00e1v\u0161tevn\u00edka. V\u00a0are\u00e1li hradu bude predaj dreven\u00fdch hra\u010diek a\u00a0pre najmen\u0161\u00edch dreven\u00fd koloto\u010d,\u201c<\/em> uviedla spr\u00e1vky\u0148a hradu Stre\u010dno Katar\u00edna Rep\u00e1\u0148ov\u00e1. <!--more-->Na Paseke v\u00a0podhrad\u00ed za\u010dne o\u00a013. hodine vyst\u00fapenie folkl\u00f3rnej skupiny H\u00e1jov\u010dek zo Stre\u010dna a\u00a0v\u00a0r\u00e1mci cezhrani\u010dnej spolupr\u00e1ce vyst\u00fapi Folkl\u00f3rny s\u00fabor G\u00f3rolicki z\u00a0obce \u015alemie\u0144, s\u00a0ktorou \u017dilinsk\u00e1 \u017eupa realizovala projekt \u201e\u015alemie\u0144 a\u00a0Stre\u010dno na spolo\u010dnej ceste cez minulos\u0165 do\u00a0bud\u00facnosti\u201c cez Program cezhrani\u010dnej spolupr\u00e1ce Po\u013esko \u2013 Slovensk\u00e1 republika 2007-2013.<\/p>\n<p>Stredovek\u00e1 dedina Paseka bola vybudovan\u00e1 v\u010faka finan\u010dnej podpore z\u00a0Eur\u00f3pskeho fondu region\u00e1lneho rozvoja, \u0161t\u00e1tneho rozpo\u010dtu a\u00a0rozpo\u010dtu \u017dilinskej \u017eupy. Pova\u017esk\u00e9 m\u00fazeum v\u00a0\u017diline je v\u00a0zria\u010fovate\u013eskej p\u00f4sobnosti \u017dilinsk\u00e9ho samospr\u00e1vneho kraja.<\/p>\n<p><a href=\"https:\/\/pmza.sk\/wp-content\/uploads\/2015\/04\/logo_programu_poziom-slogan_SK-page-001.jpg\"><img decoding=\"async\" class=\"alignleft  wp-image-12123\" src=\"https:\/\/pmza.sk\/wp-content\/uploads\/2015\/04\/logo_programu_poziom-slogan_SK-page-001.jpg\" alt=\"logo_programu_poziom+slogan_SK-page-001\" width=\"167\" height=\"49\" srcset=\"https:\/\/pmza.sk\/wp-content\/uploads\/2015\/04\/logo_programu_poziom-slogan_SK-page-001.jpg 2309w, https:\/\/pmza.sk\/wp-content\/uploads\/2015\/04\/logo_programu_poziom-slogan_SK-page-001-570x167.jpg 570w, https:\/\/pmza.sk\/wp-content\/uploads\/2015\/04\/logo_programu_poziom-slogan_SK-page-001-1170x343.jpg 1170w, https:\/\/pmza.sk\/wp-content\/uploads\/2015\/04\/logo_programu_poziom-slogan_SK-page-001-768x225.jpg 768w, https:\/\/pmza.sk\/wp-content\/uploads\/2015\/04\/logo_programu_poziom-slogan_SK-page-001-1536x450.jpg 1536w, https:\/\/pmza.sk\/wp-content\/uploads\/2015\/04\/logo_programu_poziom-slogan_SK-page-001-2048x600.jpg 2048w, https:\/\/pmza.sk\/wp-content\/uploads\/2015\/04\/logo_programu_poziom-slogan_SK-page-001-600x176.jpg 600w\" sizes=\"(max-width: 167px) 100vw, 167px\" \/><\/a><\/p>\n<p><a href=\"https:\/\/pmza.sk\/wp-content\/uploads\/2015\/04\/ZSK_orig_CMYK_horizontal-page-001.jpg\"><img decoding=\"async\" class=\"alignleft  wp-image-12122\" src=\"https:\/\/pmza.sk\/wp-content\/uploads\/2015\/04\/ZSK_orig_CMYK_horizontal-page-001.jpg\" alt=\"\u017dSK_orig_CMYK_horizontal-page-001\" width=\"126\" height=\"51\" srcset=\"https:\/\/pmza.sk\/wp-content\/uploads\/2015\/04\/ZSK_orig_CMYK_horizontal-page-001.jpg 1417w, https:\/\/pmza.sk\/wp-content\/uploads\/2015\/04\/ZSK_orig_CMYK_horizontal-page-001-570x230.jpg 570w, https:\/\/pmza.sk\/wp-content\/uploads\/2015\/04\/ZSK_orig_CMYK_horizontal-page-001-1170x472.jpg 1170w, https:\/\/pmza.sk\/wp-content\/uploads\/2015\/04\/ZSK_orig_CMYK_horizontal-page-001-768x310.jpg 768w, https:\/\/pmza.sk\/wp-content\/uploads\/2015\/04\/ZSK_orig_CMYK_horizontal-page-001-600x242.jpg 600w\" sizes=\"(max-width: 126px) 100vw, 126px\" \/><\/a><\/p>\n<p>\u00a0<a href=\"https:\/\/pmza.sk\/wp-content\/uploads\/2015\/04\/flaga_UE-unia_europejska_EFRR_z_lewej_SK-page-001.jpg\"><img loading=\"lazy\" decoding=\"async\" class=\"alignleft  wp-image-12124\" src=\"https:\/\/pmza.sk\/wp-content\/uploads\/2015\/04\/flaga_UE-unia_europejska_EFRR_z_lewej_SK-page-001.jpg\" alt=\"flaga_UE+unia_europejska_EFRR_z_lewej_SK-page-001\" width=\"182\" height=\"52\" srcset=\"https:\/\/pmza.sk\/wp-content\/uploads\/2015\/04\/flaga_UE-unia_europejska_EFRR_z_lewej_SK-page-001.jpg 2390w, https:\/\/pmza.sk\/wp-content\/uploads\/2015\/04\/flaga_UE-unia_europejska_EFRR_z_lewej_SK-page-001-570x163.jpg 570w, https:\/\/pmza.sk\/wp-content\/uploads\/2015\/04\/flaga_UE-unia_europejska_EFRR_z_lewej_SK-page-001-1170x335.jpg 1170w, https:\/\/pmza.sk\/wp-content\/uploads\/2015\/04\/flaga_UE-unia_europejska_EFRR_z_lewej_SK-page-001-768x220.jpg 768w, https:\/\/pmza.sk\/wp-content\/uploads\/2015\/04\/flaga_UE-unia_europejska_EFRR_z_lewej_SK-page-001-1536x440.jpg 1536w, https:\/\/pmza.sk\/wp-content\/uploads\/2015\/04\/flaga_UE-unia_europejska_EFRR_z_lewej_SK-page-001-2048x587.jpg 2048w, https:\/\/pmza.sk\/wp-content\/uploads\/2015\/04\/flaga_UE-unia_europejska_EFRR_z_lewej_SK-page-001-600x172.jpg 600w\" sizes=\"(max-width: 182px) 100vw, 182px\" \/><\/a><\/p>\n<p>&nbsp;<\/p>\n<p>Projekt \u201e\u015alemie\u0144 a\u00a0Stre\u010dno na spolo\u010dnej ceste cez minulos\u0165 do\u00a0bud\u00facnosti\u201c, bol spolufinancovan\u00fd Eur\u00f3pskou \u00faniou z\u00a0Eur\u00f3pskeho fondu region\u00e1lneho rozvoja v\u00a0r\u00e1mci Programu cezhrani\u010dnej spolupr\u00e1ce Po\u013esko \u2013 Slovensk\u00e1 republika 2007-2013.<\/p>\n<p><a href=\"https:\/\/pmza.sk\/wp-content\/uploads\/2015\/04\/audio_pozvanka-sezona.mp3\">AUDIO POZV\u00c1NKA<\/a><\/p>\n<p><a href=\"https:\/\/pmza.sk.sk\/foto-mdd\/?album=107\">FOTOGAL\u00c9RIA<\/a><\/p>\n<p>&nbsp;<\/p>\n","protected":false},"excerpt":{"rendered":"<p>Ka\u017edoro\u010dne na 1. m\u00e1ja pripravuje Pova\u017esk\u00e9 m\u00fazeum v\u00a0\u017diline sl\u00e1vnostn\u00e9 otvorenie sez\u00f3ny na hrade Stre\u010dno a\u00a0od minul\u00e9ho roka aj stredovekej dedine Paseka. N\u00e1v\u0161tevn\u00edci sa v\u00a0de\u0148 sl\u00e1vnostn\u00e9ho otvorenia dozvedia nie\u010do nov\u00e9 zo \u017eivota \u017dofie Bosniakovej, ochutnaj\u00fa jedlo stredovekej kuchyne, vo folkl\u00f3rnom p\u00e1sme si pozr\u00fa vyst\u00fapenie FS G\u00f3rolicki, pripraven\u00e9 s\u00fa uk\u00e1\u017eky stre\u013eby, minikoncerty a\u00a0lukostre\u013eba. \u201eDivadeln\u00e9 sc\u00e9nky zo \u017eivota [&hellip;]<\/p>\n","protected":false},"author":2,"featured_media":0,"comment_status":"closed","ping_status":"closed","sticky":false,"template":"","format":"standard","meta":{"site-sidebar-layout":"default","site-content-layout":"","ast-site-content-layout":"","site-content-style":"default","site-sidebar-style":"default","ast-global-header-display":"","ast-banner-title-visibility":"","ast-main-header-display":"","ast-hfb-above-header-display":"","ast-hfb-below-header-display":"","ast-hfb-mobile-header-display":"","site-post-title":"","ast-breadcrumbs-content":"","ast-featured-img":"","footer-sml-layout":"","theme-transparent-header-meta":"","adv-header-id-meta":"","stick-header-meta":"","header-above-stick-meta":"","header-main-stick-meta":"","header-below-stick-meta":"","astra-migrate-meta-layouts":"default","ast-page-background-enabled":"default","ast-page-background-meta":{"desktop":{"background-color":"var(--ast-global-color-4)","background-image":"","background-repeat":"repeat","background-position":"center center","background-size":"auto","background-attachment":"scroll","background-type":"","background-media":"","overlay-type":"","overlay-color":"","overlay-opacity":"","overlay-gradient":""},"tablet":{"background-color":"","background-image":"","background-repeat":"repeat","background-position":"center center","background-size":"auto","background-attachment":"scroll","background-type":"","background-media":"","overlay-type":"","overlay-color":"","overlay-opacity":"","overlay-gradient":""},"mobile":{"background-color":"","background-image":"","background-repeat":"repeat","background-position":"center center","background-size":"auto","background-attachment":"scroll","background-type":"","background-media":"","overlay-type":"","overlay-color":"","overlay-opacity":"","overlay-gradient":""}},"ast-content-background-meta":{"desktop":{"background-color":"var(--ast-global-color-5)","background-image":"","background-repeat":"repeat","background-position":"center center","background-size":"auto","background-attachment":"scroll","background-type":"","background-media":"","overlay-type":"","overlay-color":"","overlay-opacity":"","overlay-gradient":""},"tablet":{"background-color":"var(--ast-global-color-5)","background-image":"","background-repeat":"repeat","background-position":"center center","background-size":"auto","background-attachment":"scroll","background-type":"","background-media":"","overlay-type":"","overlay-color":"","overlay-opacity":"","overlay-gradient":""},"mobile":{"background-color":"var(--ast-global-color-5)","background-image":"","background-repeat":"repeat","background-position":"center center","background-size":"auto","background-attachment":"scroll","background-type":"","background-media":"","overlay-type":"","overlay-color":"","overlay-opacity":"","overlay-gradient":""}},"footnotes":""},"categories":[31],"tags":[],"class_list":["post-12120","post","type-post","status-publish","format-standard","hentry","category-aktuality"],"yoast_head":"<!-- This site is optimized with the Yoast SEO plugin v27.4 - https:\/\/yoast.com\/product\/yoast-seo-wordpress\/ -->\n<title>Sl\u00e1vnostn\u00e9 otvorenie sez\u00f3ny 2015 - Pova\u017esk\u00e9 m\u00fazeum<\/title>\n<meta name=\"robots\" content=\"index, follow, max-snippet:-1, max-image-preview:large, max-video-preview:-1\" \/>\n<link rel=\"canonical\" href=\"https:\/\/pmza.sk\/?p=12120\" \/>\n<meta property=\"og:locale\" content=\"sk_SK\" \/>\n<meta property=\"og:type\" content=\"article\" \/>\n<meta property=\"og:title\" content=\"Sl\u00e1vnostn\u00e9 otvorenie sez\u00f3ny 2015 - Pova\u017esk\u00e9 m\u00fazeum\" \/>\n<meta property=\"og:description\" content=\"Ka\u017edoro\u010dne na 1. m\u00e1ja pripravuje Pova\u017esk\u00e9 m\u00fazeum v\u00a0\u017diline sl\u00e1vnostn\u00e9 otvorenie sez\u00f3ny na hrade Stre\u010dno a\u00a0od minul\u00e9ho roka aj stredovekej dedine Paseka. N\u00e1v\u0161tevn\u00edci sa v\u00a0de\u0148 sl\u00e1vnostn\u00e9ho otvorenia dozvedia nie\u010do nov\u00e9 zo \u017eivota \u017dofie Bosniakovej, ochutnaj\u00fa jedlo stredovekej kuchyne, vo folkl\u00f3rnom p\u00e1sme si pozr\u00fa vyst\u00fapenie FS G\u00f3rolicki, pripraven\u00e9 s\u00fa uk\u00e1\u017eky stre\u013eby, minikoncerty a\u00a0lukostre\u013eba. \u201eDivadeln\u00e9 sc\u00e9nky zo \u017eivota [&hellip;]\" \/>\n<meta property=\"og:url\" content=\"https:\/\/pmza.sk\/?p=12120\" \/>\n<meta property=\"og:site_name\" content=\"Pova\u017esk\u00e9 m\u00fazeum\" \/>\n<meta property=\"article:publisher\" content=\"https:\/\/www.facebook.com\/povazskemuzeum\" \/>\n<meta property=\"article:published_time\" content=\"2015-04-20T08:28:19+00:00\" \/>\n<meta property=\"og:image\" content=\"https:\/\/pmza.sk\/wp-content\/uploads\/2015\/04\/Slavnostne-otvorenie-sezony_plagat1.jpg\" \/>\n<meta name=\"author\" content=\"Pova\u017esk\u00e9 m\u00fazeum\" \/>\n<meta name=\"twitter:card\" content=\"summary_large_image\" \/>\n<meta name=\"twitter:label1\" content=\"Autor\" \/>\n\t<meta name=\"twitter:data1\" content=\"Pova\u017esk\u00e9 m\u00fazeum\" \/>\n\t<meta name=\"twitter:label2\" content=\"Predpokladan\u00fd \u010das \u010d\u00edtania\" \/>\n\t<meta name=\"twitter:data2\" content=\"2 min\u00faty\" \/>\n<script type=\"application\/ld+json\" class=\"yoast-schema-graph\">{\"@context\":\"https:\\\/\\\/schema.org\",\"@graph\":[{\"@type\":\"Article\",\"@id\":\"https:\\\/\\\/pmza.sk\\\/?p=12120#article\",\"isPartOf\":{\"@id\":\"https:\\\/\\\/pmza.sk\\\/?p=12120\"},\"author\":{\"name\":\"Pova\u017esk\u00e9 m\u00fazeum\",\"@id\":\"https:\\\/\\\/pmza.sk\\\/#\\\/schema\\\/person\\\/595e6a2ce731ea94dcd5d7f50a41ae33\"},\"headline\":\"Sl\u00e1vnostn\u00e9 otvorenie sez\u00f3ny 2015\",\"datePublished\":\"2015-04-20T08:28:19+00:00\",\"mainEntityOfPage\":{\"@id\":\"https:\\\/\\\/pmza.sk\\\/?p=12120\"},\"wordCount\":334,\"publisher\":{\"@id\":\"https:\\\/\\\/pmza.sk\\\/#organization\"},\"image\":{\"@id\":\"https:\\\/\\\/pmza.sk\\\/?p=12120#primaryimage\"},\"thumbnailUrl\":\"http:\\\/\\\/pmza.sk\\\/wp-content\\\/uploads\\\/2015\\\/04\\\/Slavnostne-otvorenie-sezony_plagat1.jpg\",\"articleSection\":[\"Aktuality\"],\"inLanguage\":\"sk-SK\"},{\"@type\":\"WebPage\",\"@id\":\"https:\\\/\\\/pmza.sk\\\/?p=12120\",\"url\":\"https:\\\/\\\/pmza.sk\\\/?p=12120\",\"name\":\"Sl\u00e1vnostn\u00e9 otvorenie sez\u00f3ny 2015 - Pova\u017esk\u00e9 m\u00fazeum\",\"isPartOf\":{\"@id\":\"https:\\\/\\\/pmza.sk\\\/#website\"},\"primaryImageOfPage\":{\"@id\":\"https:\\\/\\\/pmza.sk\\\/?p=12120#primaryimage\"},\"image\":{\"@id\":\"https:\\\/\\\/pmza.sk\\\/?p=12120#primaryimage\"},\"thumbnailUrl\":\"http:\\\/\\\/pmza.sk\\\/wp-content\\\/uploads\\\/2015\\\/04\\\/Slavnostne-otvorenie-sezony_plagat1.jpg\",\"datePublished\":\"2015-04-20T08:28:19+00:00\",\"breadcrumb\":{\"@id\":\"https:\\\/\\\/pmza.sk\\\/?p=12120#breadcrumb\"},\"inLanguage\":\"sk-SK\",\"potentialAction\":[{\"@type\":\"ReadAction\",\"target\":[\"https:\\\/\\\/pmza.sk\\\/?p=12120\"]}]},{\"@type\":\"ImageObject\",\"inLanguage\":\"sk-SK\",\"@id\":\"https:\\\/\\\/pmza.sk\\\/?p=12120#primaryimage\",\"url\":\"https:\\\/\\\/pmza.sk\\\/wp-content\\\/uploads\\\/2015\\\/04\\\/Slavnostne-otvorenie-sezony_plagat1.jpg\",\"contentUrl\":\"https:\\\/\\\/pmza.sk\\\/wp-content\\\/uploads\\\/2015\\\/04\\\/Slavnostne-otvorenie-sezony_plagat1.jpg\",\"width\":554,\"height\":784},{\"@type\":\"BreadcrumbList\",\"@id\":\"https:\\\/\\\/pmza.sk\\\/?p=12120#breadcrumb\",\"itemListElement\":[{\"@type\":\"ListItem\",\"position\":1,\"name\":\"Domovsk\u00e1 str\u00e1nka\",\"item\":\"https:\\\/\\\/pmza.sk\\\/\"},{\"@type\":\"ListItem\",\"position\":2,\"name\":\"Sl\u00e1vnostn\u00e9 otvorenie sez\u00f3ny 2015\"}]},{\"@type\":\"WebSite\",\"@id\":\"https:\\\/\\\/pmza.sk\\\/#website\",\"url\":\"https:\\\/\\\/pmza.sk\\\/\",\"name\":\"Pova\u017esk\u00e9 m\u00fazeum\",\"description\":\"Pova\u017esk\u00e9 m\u00fazeum v \u017diline je region\u00e1lne m\u00fazeum so s\u00eddlom v Budat\u00edne. Jeho expoz\u00edcie s\u00fa zameran\u00e9 na dejiny slovensk\u00e9ho umenia, kult\u00fary a dopravy.\",\"publisher\":{\"@id\":\"https:\\\/\\\/pmza.sk\\\/#organization\"},\"potentialAction\":[{\"@type\":\"SearchAction\",\"target\":{\"@type\":\"EntryPoint\",\"urlTemplate\":\"https:\\\/\\\/pmza.sk\\\/?s={search_term_string}\"},\"query-input\":{\"@type\":\"PropertyValueSpecification\",\"valueRequired\":true,\"valueName\":\"search_term_string\"}}],\"inLanguage\":\"sk-SK\"},{\"@type\":\"Organization\",\"@id\":\"https:\\\/\\\/pmza.sk\\\/#organization\",\"name\":\"Pova\u017esk\u00e9 m\u00fazeum\",\"url\":\"https:\\\/\\\/pmza.sk\\\/\",\"logo\":{\"@type\":\"ImageObject\",\"inLanguage\":\"sk-SK\",\"@id\":\"https:\\\/\\\/pmza.sk\\\/#\\\/schema\\\/logo\\\/image\\\/\",\"url\":\"https:\\\/\\\/pmza.sk\\\/wp-content\\\/uploads\\\/2022\\\/01\\\/logo_PM_horizontal.jpg\",\"contentUrl\":\"https:\\\/\\\/pmza.sk\\\/wp-content\\\/uploads\\\/2022\\\/01\\\/logo_PM_horizontal.jpg\",\"width\":231,\"height\":142,\"caption\":\"Pova\u017esk\u00e9 m\u00fazeum\"},\"image\":{\"@id\":\"https:\\\/\\\/pmza.sk\\\/#\\\/schema\\\/logo\\\/image\\\/\"},\"sameAs\":[\"https:\\\/\\\/www.facebook.com\\\/povazskemuzeum\",\"https:\\\/\\\/www.instagram.com\\\/povazskemuzeum\\\/\"]},{\"@type\":\"Person\",\"@id\":\"https:\\\/\\\/pmza.sk\\\/#\\\/schema\\\/person\\\/595e6a2ce731ea94dcd5d7f50a41ae33\",\"name\":\"Pova\u017esk\u00e9 m\u00fazeum\",\"image\":{\"@type\":\"ImageObject\",\"inLanguage\":\"sk-SK\",\"@id\":\"https:\\\/\\\/secure.gravatar.com\\\/avatar\\\/2bb7f1561282132fb5826dfeccc66c7996d11ee392ac6aaf7ced8a1c2027fbb2?s=96&d=mm&r=g\",\"url\":\"https:\\\/\\\/secure.gravatar.com\\\/avatar\\\/2bb7f1561282132fb5826dfeccc66c7996d11ee392ac6aaf7ced8a1c2027fbb2?s=96&d=mm&r=g\",\"contentUrl\":\"https:\\\/\\\/secure.gravatar.com\\\/avatar\\\/2bb7f1561282132fb5826dfeccc66c7996d11ee392ac6aaf7ced8a1c2027fbb2?s=96&d=mm&r=g\",\"caption\":\"Pova\u017esk\u00e9 m\u00fazeum\"}}]}<\/script>\n<!-- \/ Yoast SEO plugin. -->","yoast_head_json":{"title":"Sl\u00e1vnostn\u00e9 otvorenie sez\u00f3ny 2015 - Pova\u017esk\u00e9 m\u00fazeum","robots":{"index":"index","follow":"follow","max-snippet":"max-snippet:-1","max-image-preview":"max-image-preview:large","max-video-preview":"max-video-preview:-1"},"canonical":"https:\/\/pmza.sk\/?p=12120","og_locale":"sk_SK","og_type":"article","og_title":"Sl\u00e1vnostn\u00e9 otvorenie sez\u00f3ny 2015 - Pova\u017esk\u00e9 m\u00fazeum","og_description":"Ka\u017edoro\u010dne na 1. m\u00e1ja pripravuje Pova\u017esk\u00e9 m\u00fazeum v\u00a0\u017diline sl\u00e1vnostn\u00e9 otvorenie sez\u00f3ny na hrade Stre\u010dno a\u00a0od minul\u00e9ho roka aj stredovekej dedine Paseka. N\u00e1v\u0161tevn\u00edci sa v\u00a0de\u0148 sl\u00e1vnostn\u00e9ho otvorenia dozvedia nie\u010do nov\u00e9 zo \u017eivota \u017dofie Bosniakovej, ochutnaj\u00fa jedlo stredovekej kuchyne, vo folkl\u00f3rnom p\u00e1sme si pozr\u00fa vyst\u00fapenie FS G\u00f3rolicki, pripraven\u00e9 s\u00fa uk\u00e1\u017eky stre\u013eby, minikoncerty a\u00a0lukostre\u013eba. \u201eDivadeln\u00e9 sc\u00e9nky zo \u017eivota [&hellip;]","og_url":"https:\/\/pmza.sk\/?p=12120","og_site_name":"Pova\u017esk\u00e9 m\u00fazeum","article_publisher":"https:\/\/www.facebook.com\/povazskemuzeum","article_published_time":"2015-04-20T08:28:19+00:00","og_image":[{"url":"https:\/\/pmza.sk\/wp-content\/uploads\/2015\/04\/Slavnostne-otvorenie-sezony_plagat1.jpg","type":"","width":"","height":""}],"author":"Pova\u017esk\u00e9 m\u00fazeum","twitter_card":"summary_large_image","twitter_misc":{"Autor":"Pova\u017esk\u00e9 m\u00fazeum","Predpokladan\u00fd \u010das \u010d\u00edtania":"2 min\u00faty"},"schema":{"@context":"https:\/\/schema.org","@graph":[{"@type":"Article","@id":"https:\/\/pmza.sk\/?p=12120#article","isPartOf":{"@id":"https:\/\/pmza.sk\/?p=12120"},"author":{"name":"Pova\u017esk\u00e9 m\u00fazeum","@id":"https:\/\/pmza.sk\/#\/schema\/person\/595e6a2ce731ea94dcd5d7f50a41ae33"},"headline":"Sl\u00e1vnostn\u00e9 otvorenie sez\u00f3ny 2015","datePublished":"2015-04-20T08:28:19+00:00","mainEntityOfPage":{"@id":"https:\/\/pmza.sk\/?p=12120"},"wordCount":334,"publisher":{"@id":"https:\/\/pmza.sk\/#organization"},"image":{"@id":"https:\/\/pmza.sk\/?p=12120#primaryimage"},"thumbnailUrl":"https:\/\/pmza.sk\/wp-content\/uploads\/2015\/04\/Slavnostne-otvorenie-sezony_plagat1.jpg","articleSection":["Aktuality"],"inLanguage":"sk-SK"},{"@type":"WebPage","@id":"https:\/\/pmza.sk\/?p=12120","url":"https:\/\/pmza.sk\/?p=12120","name":"Sl\u00e1vnostn\u00e9 otvorenie sez\u00f3ny 2015 - Pova\u017esk\u00e9 m\u00fazeum","isPartOf":{"@id":"https:\/\/pmza.sk\/#website"},"primaryImageOfPage":{"@id":"https:\/\/pmza.sk\/?p=12120#primaryimage"},"image":{"@id":"https:\/\/pmza.sk\/?p=12120#primaryimage"},"thumbnailUrl":"https:\/\/pmza.sk\/wp-content\/uploads\/2015\/04\/Slavnostne-otvorenie-sezony_plagat1.jpg","datePublished":"2015-04-20T08:28:19+00:00","breadcrumb":{"@id":"https:\/\/pmza.sk\/?p=12120#breadcrumb"},"inLanguage":"sk-SK","potentialAction":[{"@type":"ReadAction","target":["https:\/\/pmza.sk\/?p=12120"]}]},{"@type":"ImageObject","inLanguage":"sk-SK","@id":"https:\/\/pmza.sk\/?p=12120#primaryimage","url":"https:\/\/pmza.sk\/wp-content\/uploads\/2015\/04\/Slavnostne-otvorenie-sezony_plagat1.jpg","contentUrl":"https:\/\/pmza.sk\/wp-content\/uploads\/2015\/04\/Slavnostne-otvorenie-sezony_plagat1.jpg","width":554,"height":784},{"@type":"BreadcrumbList","@id":"https:\/\/pmza.sk\/?p=12120#breadcrumb","itemListElement":[{"@type":"ListItem","position":1,"name":"Domovsk\u00e1 str\u00e1nka","item":"https:\/\/pmza.sk\/"},{"@type":"ListItem","position":2,"name":"Sl\u00e1vnostn\u00e9 otvorenie sez\u00f3ny 2015"}]},{"@type":"WebSite","@id":"https:\/\/pmza.sk\/#website","url":"https:\/\/pmza.sk\/","name":"Pova\u017esk\u00e9 m\u00fazeum","description":"Pova\u017esk\u00e9 m\u00fazeum v \u017diline je region\u00e1lne m\u00fazeum so s\u00eddlom v Budat\u00edne. Jeho expoz\u00edcie s\u00fa zameran\u00e9 na dejiny slovensk\u00e9ho umenia, kult\u00fary a dopravy.","publisher":{"@id":"https:\/\/pmza.sk\/#organization"},"potentialAction":[{"@type":"SearchAction","target":{"@type":"EntryPoint","urlTemplate":"https:\/\/pmza.sk\/?s={search_term_string}"},"query-input":{"@type":"PropertyValueSpecification","valueRequired":true,"valueName":"search_term_string"}}],"inLanguage":"sk-SK"},{"@type":"Organization","@id":"https:\/\/pmza.sk\/#organization","name":"Pova\u017esk\u00e9 m\u00fazeum","url":"https:\/\/pmza.sk\/","logo":{"@type":"ImageObject","inLanguage":"sk-SK","@id":"https:\/\/pmza.sk\/#\/schema\/logo\/image\/","url":"https:\/\/pmza.sk\/wp-content\/uploads\/2022\/01\/logo_PM_horizontal.jpg","contentUrl":"https:\/\/pmza.sk\/wp-content\/uploads\/2022\/01\/logo_PM_horizontal.jpg","width":231,"height":142,"caption":"Pova\u017esk\u00e9 m\u00fazeum"},"image":{"@id":"https:\/\/pmza.sk\/#\/schema\/logo\/image\/"},"sameAs":["https:\/\/www.facebook.com\/povazskemuzeum","https:\/\/www.instagram.com\/povazskemuzeum\/"]},{"@type":"Person","@id":"https:\/\/pmza.sk\/#\/schema\/person\/595e6a2ce731ea94dcd5d7f50a41ae33","name":"Pova\u017esk\u00e9 m\u00fazeum","image":{"@type":"ImageObject","inLanguage":"sk-SK","@id":"https:\/\/secure.gravatar.com\/avatar\/2bb7f1561282132fb5826dfeccc66c7996d11ee392ac6aaf7ced8a1c2027fbb2?s=96&d=mm&r=g","url":"https:\/\/secure.gravatar.com\/avatar\/2bb7f1561282132fb5826dfeccc66c7996d11ee392ac6aaf7ced8a1c2027fbb2?s=96&d=mm&r=g","contentUrl":"https:\/\/secure.gravatar.com\/avatar\/2bb7f1561282132fb5826dfeccc66c7996d11ee392ac6aaf7ced8a1c2027fbb2?s=96&d=mm&r=g","caption":"Pova\u017esk\u00e9 m\u00fazeum"}}]}},"_links":{"self":[{"href":"https:\/\/pmza.sk\/index.php?rest_route=\/wp\/v2\/posts\/12120","targetHints":{"allow":["GET"]}}],"collection":[{"href":"https:\/\/pmza.sk\/index.php?rest_route=\/wp\/v2\/posts"}],"about":[{"href":"https:\/\/pmza.sk\/index.php?rest_route=\/wp\/v2\/types\/post"}],"author":[{"embeddable":true,"href":"https:\/\/pmza.sk\/index.php?rest_route=\/wp\/v2\/users\/2"}],"replies":[{"embeddable":true,"href":"https:\/\/pmza.sk\/index.php?rest_route=%2Fwp%2Fv2%2Fcomments&post=12120"}],"version-history":[{"count":0,"href":"https:\/\/pmza.sk\/index.php?rest_route=\/wp\/v2\/posts\/12120\/revisions"}],"wp:attachment":[{"href":"https:\/\/pmza.sk\/index.php?rest_route=%2Fwp%2Fv2%2Fmedia&parent=12120"}],"wp:term":[{"taxonomy":"category","embeddable":true,"href":"https:\/\/pmza.sk\/index.php?rest_route=%2Fwp%2Fv2%2Fcategories&post=12120"},{"taxonomy":"post_tag","embeddable":true,"href":"https:\/\/pmza.sk\/index.php?rest_route=%2Fwp%2Fv2%2Ftags&post=12120"}],"curies":[{"name":"wp","href":"https:\/\/api.w.org\/{rel}","templated":true}]}}