{"id":12213,"date":"2015-04-22T12:48:19","date_gmt":"2015-04-22T10:48:19","guid":{"rendered":"https:\/\/pmza.sk.sk\/?p=12213"},"modified":"2015-04-22T12:48:19","modified_gmt":"2015-04-22T10:48:19","slug":"obrazy-s-dusou","status":"publish","type":"post","link":"https:\/\/pmza.sk\/?p=12213","title":{"rendered":"\u201eObrazy s Du\u0161ou\u201c"},"content":{"rendered":"<p><a href=\"https:\/\/pmza.sk\/wp-content\/uploads\/2015\/04\/Obrazy-s-Dusou_plagat.jpg\"><img decoding=\"async\" class=\"alignleft  wp-image-12211\" src=\"https:\/\/pmza.sk\/wp-content\/uploads\/2015\/04\/Obrazy-s-Dusou_plagat.jpg\" alt=\"Obrazy s Du\u0161ou_plagat\" width=\"132\" height=\"186\" srcset=\"https:\/\/pmza.sk\/wp-content\/uploads\/2015\/04\/Obrazy-s-Dusou_plagat.jpg 1108w, https:\/\/pmza.sk\/wp-content\/uploads\/2015\/04\/Obrazy-s-Dusou_plagat-255x360.jpg 255w, https:\/\/pmza.sk\/wp-content\/uploads\/2015\/04\/Obrazy-s-Dusou_plagat-521x736.jpg 521w, https:\/\/pmza.sk\/wp-content\/uploads\/2015\/04\/Obrazy-s-Dusou_plagat-768x1085.jpg 768w, https:\/\/pmza.sk\/wp-content\/uploads\/2015\/04\/Obrazy-s-Dusou_plagat-1087x1536.jpg 1087w, https:\/\/pmza.sk\/wp-content\/uploads\/2015\/04\/Obrazy-s-Dusou_plagat-600x848.jpg 600w\" sizes=\"(max-width: 132px) 100vw, 132px\" \/><\/a>Pova\u017esk\u00e9 m\u00fazeum v\u00a0\u017diline s\u00a0Muzeom Beskyd Fr\u00fddek-M\u00edstek pripravili v\u00a0Sob\u00e1\u0161nom pal\u00e1ci v\u00a0Byt\u010di v\u00fdstavu s\u00faboru drevorytov Ferdi\u0161a Du\u0161u z\u00a0cyklu Dolu V\u00e1hom <strong>&#8222;Obrazy s Du\u0161ou&#8220;<\/strong>. S\u00fabor pribli\u017euje krajinu a\u00a0objekty z\u00a020. rokov 20. storo\u010dia, napr\u00edklad Kriv\u00e1\u0148, Orava, Na \u010diernom V\u00e1hu, V\u00a0\u013dubochni, Liptovsk\u00fd Hr\u00e1dok, Stre\u010dno, Budat\u00edn, Vrbica, Likava, Hri\u010dov, Sv. Mara a \u010fal\u0161ie.<!--more--><\/p>\n<p><strong>Ferdi\u0161 Du\u0161a<\/strong><\/p>\n<p>Maliar Ferdi\u0161 (vlastn\u00fdm menom Ferdinand) Du\u0161a sa narodil 13. janu\u00e1ra 1888 vo Fr\u00fddlante nad Ostravicou v\u00a0chudobnej robotn\u00edckej rodine. V\u00a0roku 1902 umiera po \u00faraze v\u00a0hutiach jeho otec a\u00a0Ferdi\u0161 ako najstar\u0161\u00ed z\u00a0det\u00ed je n\u00faten\u00fd pom\u00e1ha\u0165 \u017eivi\u0165 rodinu bez oh\u013eadu na jeho maliarske nadanie. Najsk\u00f4r pracoval v\u00a0arcibiskupsk\u00fdch hutiach, n\u00e1sledne v\u00a0maliarni smaltu firmy Postelberg. Po nieko\u013ek\u00fdch rokoch tovary\u0161sk\u00fdch vandrov pracoval ako keramik v\u00a0ro\u017enovsk\u00fdch diel\u0148ach bratov Jaro\u0148kovcov. V\u00a0roku 1913 zalo\u017eil keramick\u00fa diel\u0148u, ktor\u00e1 bola s\u00fa\u010das\u0165ou 1. abstinen\u010dn\u00e9ho sanat\u00f3ria v\u00a0Kun\u010diciach pod Ond\u0159ejn\u00edkom, projekt v\u0161ak po\u010das vojny skrachoval.<\/p>\n<p>Na jar v\u00a0roku 1914 vystavuje svoje pr\u00e1ce vo Fren\u0161t\u00e1te pod Radho\u0161t\u011bm na 1. v\u00fdstave umeleck\u00e9ho spolku Koliba, ktor\u00e9ho \u010dlenom bol potom v\u00a0rokoch 1919 \u2013 1922.<\/p>\n<p>Po n\u00e1vrate z\u00a0vojny za\u010d\u00edna op\u00e4\u0165 s\u00a0keramikou, tentokr\u00e1t vo svojom rodnom meste. Nast\u00e1va jeho najtvorivej\u0161ie obdobie. Vrh\u00e1 sa do pr\u00e1ce s\u00a0el\u00e1nom a\u00a0udivuje priate\u013eov svojimi pl\u00e1nmi a\u00a0realizovan\u00fdmi pr\u00e1cami. Ved\u013ea radu cyklov drevorytov (Chud\u00ed a\u00a0pon\u00ed\u017een\u00ed \u2013 1920, T\u011b\u0161\u00ednsko \u2013 1920, Smutn\u00e1 zem\u011b \u2013 1921, Peklo pr\u00e1ce \u2013 1922, Dolu V\u00e1hom \u2013 1927, Pra\u017esk\u00e9 mosty \u2013 1932, Tatry \u2013 1936, Slovensko \u2013 1938, B\u00edl\u00e9 Slovensko \u2013 1953), v\u00a0ktor\u00fdch v\u00a0s\u00falade so s\u00fa\u010dasnou vlnou prolet\u00e1rskej po\u00e9zie zosobnil kraj a\u00a0jeho du\u0161u, za\u010d\u00edna ma\u013eova\u0165. Tieto jeho pr\u00e1ce s\u00fa in\u0161pirovan\u00e9 intuit\u00edvnym symbolizmom a\u00a0kubizmom.<\/p>\n<p>Koncom 20. rokov odch\u00e1dza do Prahy, kde \u017eije a\u017e do roku 1955. Potom sa vracia do Fr\u00fddlantu nad Ostravicou, kam prich\u00e1dza vlastne u\u017e zomrie\u0165 (1958).<\/p>\n<p>Po\u010das cel\u00e9ho obdobia jeho tvorby je mo\u017en\u00e9 sledova\u0165 jeden v\u00fdrazn\u00fd rys \u2013 t\u00fa\u017ebu po najv\u00e4\u010d\u0161om a\u00a0najpravdivej\u0161om pre\u017eitku. V\u00e4\u010d\u0161inou tvor\u00ed pr\u00e1ce sleduj\u00face \u013eudsk\u00e9 probl\u00e9my z\u00a0tej najhor\u0161ej str\u00e1nky. S\u00fa to diela tvrd\u00e9 a\u017e krut\u00e9, pesimistick\u00e9, a\u00a0preto bud\u00fa asi na\u010falej m\u00e1lo zn\u00e1me.<\/p>\n<p>\u00daplne opa\u010dn\u00e9 mot\u00edvy pou\u017e\u00edva pri svojich dielach vznikaj\u00facich na jeho cest\u00e1ch po Slovensku. To sa stalo jeho l\u00e1skou, tu zab\u00fadal na v\u0161etku \u0165a\u017eobu. Aj ke\u010f ju pozoroval a\u00a0videl, zmie\u0148oval sa o\u00a0nej vo svojich listoch, napriek tomu do jeho pr\u00e1c prenikala len vz\u00e1cne. Slovensko a\u00a0jeho \u013eud s\u00fa pre neho krajinou snov, kde aj t\u00e1 najtvrd\u0161ia pr\u00e1ca maliarom zobrazen\u00e1 nezd\u00f4raz\u0148uje biedu a\u00a0probl\u00e9my, ale po\u00e9ziu pr\u00e1ce, \u010dloveka a\u00a0pr\u00edrody.<\/p>\n<p><strong>Vernis\u00e1\u017e:<\/strong> 29. apr\u00edla 2015 o\u00a016.00 hod.<\/p>\n<p><strong>V\u00fdstava: <\/strong>29. apr\u00edla \u2013 12. j\u00fala 2015<\/p>\n<p>Vstup do Sob\u00e1\u0161neho pal\u00e1ca je bezplatn\u00fd.<\/p>\n","protected":false},"excerpt":{"rendered":"<p>Pova\u017esk\u00e9 m\u00fazeum v\u00a0\u017diline s\u00a0Muzeom Beskyd Fr\u00fddek-M\u00edstek pripravili v\u00a0Sob\u00e1\u0161nom pal\u00e1ci v\u00a0Byt\u010di v\u00fdstavu s\u00faboru drevorytov Ferdi\u0161a Du\u0161u z\u00a0cyklu Dolu V\u00e1hom &#8222;Obrazy s Du\u0161ou&#8220;. S\u00fabor pribli\u017euje krajinu a\u00a0objekty z\u00a020. rokov 20. storo\u010dia, napr\u00edklad Kriv\u00e1\u0148, Orava, Na \u010diernom V\u00e1hu, V\u00a0\u013dubochni, Liptovsk\u00fd Hr\u00e1dok, Stre\u010dno, Budat\u00edn, Vrbica, Likava, Hri\u010dov, Sv. Mara a \u010fal\u0161ie.<\/p>\n","protected":false},"author":2,"featured_media":0,"comment_status":"closed","ping_status":"closed","sticky":false,"template":"","format":"standard","meta":{"site-sidebar-layout":"default","site-content-layout":"","ast-site-content-layout":"","site-content-style":"default","site-sidebar-style":"default","ast-global-header-display":"","ast-banner-title-visibility":"","ast-main-header-display":"","ast-hfb-above-header-display":"","ast-hfb-below-header-display":"","ast-hfb-mobile-header-display":"","site-post-title":"","ast-breadcrumbs-content":"","ast-featured-img":"","footer-sml-layout":"","theme-transparent-header-meta":"","adv-header-id-meta":"","stick-header-meta":"","header-above-stick-meta":"","header-main-stick-meta":"","header-below-stick-meta":"","astra-migrate-meta-layouts":"default","ast-page-background-enabled":"default","ast-page-background-meta":{"desktop":{"background-color":"var(--ast-global-color-4)","background-image":"","background-repeat":"repeat","background-position":"center center","background-size":"auto","background-attachment":"scroll","background-type":"","background-media":"","overlay-type":"","overlay-color":"","overlay-opacity":"","overlay-gradient":""},"tablet":{"background-color":"","background-image":"","background-repeat":"repeat","background-position":"center center","background-size":"auto","background-attachment":"scroll","background-type":"","background-media":"","overlay-type":"","overlay-color":"","overlay-opacity":"","overlay-gradient":""},"mobile":{"background-color":"","background-image":"","background-repeat":"repeat","background-position":"center center","background-size":"auto","background-attachment":"scroll","background-type":"","background-media":"","overlay-type":"","overlay-color":"","overlay-opacity":"","overlay-gradient":""}},"ast-content-background-meta":{"desktop":{"background-color":"var(--ast-global-color-5)","background-image":"","background-repeat":"repeat","background-position":"center center","background-size":"auto","background-attachment":"scroll","background-type":"","background-media":"","overlay-type":"","overlay-color":"","overlay-opacity":"","overlay-gradient":""},"tablet":{"background-color":"var(--ast-global-color-5)","background-image":"","background-repeat":"repeat","background-position":"center center","background-size":"auto","background-attachment":"scroll","background-type":"","background-media":"","overlay-type":"","overlay-color":"","overlay-opacity":"","overlay-gradient":""},"mobile":{"background-color":"var(--ast-global-color-5)","background-image":"","background-repeat":"repeat","background-position":"center center","background-size":"auto","background-attachment":"scroll","background-type":"","background-media":"","overlay-type":"","overlay-color":"","overlay-opacity":"","overlay-gradient":""}},"footnotes":""},"categories":[31],"tags":[],"class_list":["post-12213","post","type-post","status-publish","format-standard","hentry","category-aktuality"],"yoast_head":"<!-- This site is optimized with the Yoast SEO plugin v27.4 - https:\/\/yoast.com\/product\/yoast-seo-wordpress\/ -->\n<title>\u201eObrazy s Du\u0161ou\u201c - Pova\u017esk\u00e9 m\u00fazeum<\/title>\n<meta name=\"robots\" content=\"index, follow, max-snippet:-1, max-image-preview:large, max-video-preview:-1\" \/>\n<link rel=\"canonical\" href=\"https:\/\/pmza.sk\/?p=12213\" \/>\n<meta property=\"og:locale\" content=\"sk_SK\" \/>\n<meta property=\"og:type\" content=\"article\" \/>\n<meta property=\"og:title\" content=\"\u201eObrazy s Du\u0161ou\u201c - Pova\u017esk\u00e9 m\u00fazeum\" \/>\n<meta property=\"og:description\" content=\"Pova\u017esk\u00e9 m\u00fazeum v\u00a0\u017diline s\u00a0Muzeom Beskyd Fr\u00fddek-M\u00edstek pripravili v\u00a0Sob\u00e1\u0161nom pal\u00e1ci v\u00a0Byt\u010di v\u00fdstavu s\u00faboru drevorytov Ferdi\u0161a Du\u0161u z\u00a0cyklu Dolu V\u00e1hom &#8222;Obrazy s Du\u0161ou&#8220;. S\u00fabor pribli\u017euje krajinu a\u00a0objekty z\u00a020. rokov 20. storo\u010dia, napr\u00edklad Kriv\u00e1\u0148, Orava, Na \u010diernom V\u00e1hu, V\u00a0\u013dubochni, Liptovsk\u00fd Hr\u00e1dok, Stre\u010dno, Budat\u00edn, Vrbica, Likava, Hri\u010dov, Sv. Mara a \u010fal\u0161ie.\" \/>\n<meta property=\"og:url\" content=\"https:\/\/pmza.sk\/?p=12213\" \/>\n<meta property=\"og:site_name\" content=\"Pova\u017esk\u00e9 m\u00fazeum\" \/>\n<meta property=\"article:publisher\" content=\"https:\/\/www.facebook.com\/povazskemuzeum\" \/>\n<meta property=\"article:published_time\" content=\"2015-04-22T10:48:19+00:00\" \/>\n<meta property=\"og:image\" content=\"https:\/\/pmza.sk\/wp-content\/uploads\/2015\/04\/Obrazy-s-Dusou_plagat.jpg\" \/>\n<meta name=\"author\" content=\"Pova\u017esk\u00e9 m\u00fazeum\" \/>\n<meta name=\"twitter:card\" content=\"summary_large_image\" \/>\n<meta name=\"twitter:label1\" content=\"Autor\" \/>\n\t<meta name=\"twitter:data1\" content=\"Pova\u017esk\u00e9 m\u00fazeum\" \/>\n\t<meta name=\"twitter:label2\" content=\"Predpokladan\u00fd \u010das \u010d\u00edtania\" \/>\n\t<meta name=\"twitter:data2\" content=\"3 min\u00faty\" \/>\n<script type=\"application\/ld+json\" class=\"yoast-schema-graph\">{\"@context\":\"https:\\\/\\\/schema.org\",\"@graph\":[{\"@type\":\"Article\",\"@id\":\"https:\\\/\\\/pmza.sk\\\/?p=12213#article\",\"isPartOf\":{\"@id\":\"https:\\\/\\\/pmza.sk\\\/?p=12213\"},\"author\":{\"name\":\"Pova\u017esk\u00e9 m\u00fazeum\",\"@id\":\"https:\\\/\\\/pmza.sk\\\/#\\\/schema\\\/person\\\/595e6a2ce731ea94dcd5d7f50a41ae33\"},\"headline\":\"\u201eObrazy s Du\u0161ou\u201c\",\"datePublished\":\"2015-04-22T10:48:19+00:00\",\"mainEntityOfPage\":{\"@id\":\"https:\\\/\\\/pmza.sk\\\/?p=12213\"},\"wordCount\":527,\"publisher\":{\"@id\":\"https:\\\/\\\/pmza.sk\\\/#organization\"},\"image\":{\"@id\":\"https:\\\/\\\/pmza.sk\\\/?p=12213#primaryimage\"},\"thumbnailUrl\":\"http:\\\/\\\/pmza.sk\\\/wp-content\\\/uploads\\\/2015\\\/04\\\/Obrazy-s-Dusou_plagat.jpg\",\"articleSection\":[\"Aktuality\"],\"inLanguage\":\"sk-SK\"},{\"@type\":\"WebPage\",\"@id\":\"https:\\\/\\\/pmza.sk\\\/?p=12213\",\"url\":\"https:\\\/\\\/pmza.sk\\\/?p=12213\",\"name\":\"\u201eObrazy s Du\u0161ou\u201c - Pova\u017esk\u00e9 m\u00fazeum\",\"isPartOf\":{\"@id\":\"https:\\\/\\\/pmza.sk\\\/#website\"},\"primaryImageOfPage\":{\"@id\":\"https:\\\/\\\/pmza.sk\\\/?p=12213#primaryimage\"},\"image\":{\"@id\":\"https:\\\/\\\/pmza.sk\\\/?p=12213#primaryimage\"},\"thumbnailUrl\":\"http:\\\/\\\/pmza.sk\\\/wp-content\\\/uploads\\\/2015\\\/04\\\/Obrazy-s-Dusou_plagat.jpg\",\"datePublished\":\"2015-04-22T10:48:19+00:00\",\"breadcrumb\":{\"@id\":\"https:\\\/\\\/pmza.sk\\\/?p=12213#breadcrumb\"},\"inLanguage\":\"sk-SK\",\"potentialAction\":[{\"@type\":\"ReadAction\",\"target\":[\"https:\\\/\\\/pmza.sk\\\/?p=12213\"]}]},{\"@type\":\"ImageObject\",\"inLanguage\":\"sk-SK\",\"@id\":\"https:\\\/\\\/pmza.sk\\\/?p=12213#primaryimage\",\"url\":\"https:\\\/\\\/pmza.sk\\\/wp-content\\\/uploads\\\/2015\\\/04\\\/Obrazy-s-Dusou_plagat.jpg\",\"contentUrl\":\"https:\\\/\\\/pmza.sk\\\/wp-content\\\/uploads\\\/2015\\\/04\\\/Obrazy-s-Dusou_plagat.jpg\",\"width\":1108,\"height\":1566},{\"@type\":\"BreadcrumbList\",\"@id\":\"https:\\\/\\\/pmza.sk\\\/?p=12213#breadcrumb\",\"itemListElement\":[{\"@type\":\"ListItem\",\"position\":1,\"name\":\"Domovsk\u00e1 str\u00e1nka\",\"item\":\"https:\\\/\\\/pmza.sk\\\/\"},{\"@type\":\"ListItem\",\"position\":2,\"name\":\"\u201eObrazy s Du\u0161ou\u201c\"}]},{\"@type\":\"WebSite\",\"@id\":\"https:\\\/\\\/pmza.sk\\\/#website\",\"url\":\"https:\\\/\\\/pmza.sk\\\/\",\"name\":\"Pova\u017esk\u00e9 m\u00fazeum\",\"description\":\"Pova\u017esk\u00e9 m\u00fazeum v \u017diline je region\u00e1lne m\u00fazeum so s\u00eddlom v Budat\u00edne. Jeho expoz\u00edcie s\u00fa zameran\u00e9 na dejiny slovensk\u00e9ho umenia, kult\u00fary a dopravy.\",\"publisher\":{\"@id\":\"https:\\\/\\\/pmza.sk\\\/#organization\"},\"potentialAction\":[{\"@type\":\"SearchAction\",\"target\":{\"@type\":\"EntryPoint\",\"urlTemplate\":\"https:\\\/\\\/pmza.sk\\\/?s={search_term_string}\"},\"query-input\":{\"@type\":\"PropertyValueSpecification\",\"valueRequired\":true,\"valueName\":\"search_term_string\"}}],\"inLanguage\":\"sk-SK\"},{\"@type\":\"Organization\",\"@id\":\"https:\\\/\\\/pmza.sk\\\/#organization\",\"name\":\"Pova\u017esk\u00e9 m\u00fazeum\",\"url\":\"https:\\\/\\\/pmza.sk\\\/\",\"logo\":{\"@type\":\"ImageObject\",\"inLanguage\":\"sk-SK\",\"@id\":\"https:\\\/\\\/pmza.sk\\\/#\\\/schema\\\/logo\\\/image\\\/\",\"url\":\"https:\\\/\\\/pmza.sk\\\/wp-content\\\/uploads\\\/2022\\\/01\\\/logo_PM_horizontal.jpg\",\"contentUrl\":\"https:\\\/\\\/pmza.sk\\\/wp-content\\\/uploads\\\/2022\\\/01\\\/logo_PM_horizontal.jpg\",\"width\":231,\"height\":142,\"caption\":\"Pova\u017esk\u00e9 m\u00fazeum\"},\"image\":{\"@id\":\"https:\\\/\\\/pmza.sk\\\/#\\\/schema\\\/logo\\\/image\\\/\"},\"sameAs\":[\"https:\\\/\\\/www.facebook.com\\\/povazskemuzeum\",\"https:\\\/\\\/www.instagram.com\\\/povazskemuzeum\\\/\"]},{\"@type\":\"Person\",\"@id\":\"https:\\\/\\\/pmza.sk\\\/#\\\/schema\\\/person\\\/595e6a2ce731ea94dcd5d7f50a41ae33\",\"name\":\"Pova\u017esk\u00e9 m\u00fazeum\",\"image\":{\"@type\":\"ImageObject\",\"inLanguage\":\"sk-SK\",\"@id\":\"https:\\\/\\\/secure.gravatar.com\\\/avatar\\\/2bb7f1561282132fb5826dfeccc66c7996d11ee392ac6aaf7ced8a1c2027fbb2?s=96&d=mm&r=g\",\"url\":\"https:\\\/\\\/secure.gravatar.com\\\/avatar\\\/2bb7f1561282132fb5826dfeccc66c7996d11ee392ac6aaf7ced8a1c2027fbb2?s=96&d=mm&r=g\",\"contentUrl\":\"https:\\\/\\\/secure.gravatar.com\\\/avatar\\\/2bb7f1561282132fb5826dfeccc66c7996d11ee392ac6aaf7ced8a1c2027fbb2?s=96&d=mm&r=g\",\"caption\":\"Pova\u017esk\u00e9 m\u00fazeum\"}}]}<\/script>\n<!-- \/ Yoast SEO plugin. -->","yoast_head_json":{"title":"\u201eObrazy s Du\u0161ou\u201c - Pova\u017esk\u00e9 m\u00fazeum","robots":{"index":"index","follow":"follow","max-snippet":"max-snippet:-1","max-image-preview":"max-image-preview:large","max-video-preview":"max-video-preview:-1"},"canonical":"https:\/\/pmza.sk\/?p=12213","og_locale":"sk_SK","og_type":"article","og_title":"\u201eObrazy s Du\u0161ou\u201c - Pova\u017esk\u00e9 m\u00fazeum","og_description":"Pova\u017esk\u00e9 m\u00fazeum v\u00a0\u017diline s\u00a0Muzeom Beskyd Fr\u00fddek-M\u00edstek pripravili v\u00a0Sob\u00e1\u0161nom pal\u00e1ci v\u00a0Byt\u010di v\u00fdstavu s\u00faboru drevorytov Ferdi\u0161a Du\u0161u z\u00a0cyklu Dolu V\u00e1hom &#8222;Obrazy s Du\u0161ou&#8220;. S\u00fabor pribli\u017euje krajinu a\u00a0objekty z\u00a020. rokov 20. storo\u010dia, napr\u00edklad Kriv\u00e1\u0148, Orava, Na \u010diernom V\u00e1hu, V\u00a0\u013dubochni, Liptovsk\u00fd Hr\u00e1dok, Stre\u010dno, Budat\u00edn, Vrbica, Likava, Hri\u010dov, Sv. Mara a \u010fal\u0161ie.","og_url":"https:\/\/pmza.sk\/?p=12213","og_site_name":"Pova\u017esk\u00e9 m\u00fazeum","article_publisher":"https:\/\/www.facebook.com\/povazskemuzeum","article_published_time":"2015-04-22T10:48:19+00:00","og_image":[{"url":"https:\/\/pmza.sk\/wp-content\/uploads\/2015\/04\/Obrazy-s-Dusou_plagat.jpg","type":"","width":"","height":""}],"author":"Pova\u017esk\u00e9 m\u00fazeum","twitter_card":"summary_large_image","twitter_misc":{"Autor":"Pova\u017esk\u00e9 m\u00fazeum","Predpokladan\u00fd \u010das \u010d\u00edtania":"3 min\u00faty"},"schema":{"@context":"https:\/\/schema.org","@graph":[{"@type":"Article","@id":"https:\/\/pmza.sk\/?p=12213#article","isPartOf":{"@id":"https:\/\/pmza.sk\/?p=12213"},"author":{"name":"Pova\u017esk\u00e9 m\u00fazeum","@id":"https:\/\/pmza.sk\/#\/schema\/person\/595e6a2ce731ea94dcd5d7f50a41ae33"},"headline":"\u201eObrazy s Du\u0161ou\u201c","datePublished":"2015-04-22T10:48:19+00:00","mainEntityOfPage":{"@id":"https:\/\/pmza.sk\/?p=12213"},"wordCount":527,"publisher":{"@id":"https:\/\/pmza.sk\/#organization"},"image":{"@id":"https:\/\/pmza.sk\/?p=12213#primaryimage"},"thumbnailUrl":"https:\/\/pmza.sk\/wp-content\/uploads\/2015\/04\/Obrazy-s-Dusou_plagat.jpg","articleSection":["Aktuality"],"inLanguage":"sk-SK"},{"@type":"WebPage","@id":"https:\/\/pmza.sk\/?p=12213","url":"https:\/\/pmza.sk\/?p=12213","name":"\u201eObrazy s Du\u0161ou\u201c - Pova\u017esk\u00e9 m\u00fazeum","isPartOf":{"@id":"https:\/\/pmza.sk\/#website"},"primaryImageOfPage":{"@id":"https:\/\/pmza.sk\/?p=12213#primaryimage"},"image":{"@id":"https:\/\/pmza.sk\/?p=12213#primaryimage"},"thumbnailUrl":"https:\/\/pmza.sk\/wp-content\/uploads\/2015\/04\/Obrazy-s-Dusou_plagat.jpg","datePublished":"2015-04-22T10:48:19+00:00","breadcrumb":{"@id":"https:\/\/pmza.sk\/?p=12213#breadcrumb"},"inLanguage":"sk-SK","potentialAction":[{"@type":"ReadAction","target":["https:\/\/pmza.sk\/?p=12213"]}]},{"@type":"ImageObject","inLanguage":"sk-SK","@id":"https:\/\/pmza.sk\/?p=12213#primaryimage","url":"https:\/\/pmza.sk\/wp-content\/uploads\/2015\/04\/Obrazy-s-Dusou_plagat.jpg","contentUrl":"https:\/\/pmza.sk\/wp-content\/uploads\/2015\/04\/Obrazy-s-Dusou_plagat.jpg","width":1108,"height":1566},{"@type":"BreadcrumbList","@id":"https:\/\/pmza.sk\/?p=12213#breadcrumb","itemListElement":[{"@type":"ListItem","position":1,"name":"Domovsk\u00e1 str\u00e1nka","item":"https:\/\/pmza.sk\/"},{"@type":"ListItem","position":2,"name":"\u201eObrazy s Du\u0161ou\u201c"}]},{"@type":"WebSite","@id":"https:\/\/pmza.sk\/#website","url":"https:\/\/pmza.sk\/","name":"Pova\u017esk\u00e9 m\u00fazeum","description":"Pova\u017esk\u00e9 m\u00fazeum v \u017diline je region\u00e1lne m\u00fazeum so s\u00eddlom v Budat\u00edne. Jeho expoz\u00edcie s\u00fa zameran\u00e9 na dejiny slovensk\u00e9ho umenia, kult\u00fary a dopravy.","publisher":{"@id":"https:\/\/pmza.sk\/#organization"},"potentialAction":[{"@type":"SearchAction","target":{"@type":"EntryPoint","urlTemplate":"https:\/\/pmza.sk\/?s={search_term_string}"},"query-input":{"@type":"PropertyValueSpecification","valueRequired":true,"valueName":"search_term_string"}}],"inLanguage":"sk-SK"},{"@type":"Organization","@id":"https:\/\/pmza.sk\/#organization","name":"Pova\u017esk\u00e9 m\u00fazeum","url":"https:\/\/pmza.sk\/","logo":{"@type":"ImageObject","inLanguage":"sk-SK","@id":"https:\/\/pmza.sk\/#\/schema\/logo\/image\/","url":"https:\/\/pmza.sk\/wp-content\/uploads\/2022\/01\/logo_PM_horizontal.jpg","contentUrl":"https:\/\/pmza.sk\/wp-content\/uploads\/2022\/01\/logo_PM_horizontal.jpg","width":231,"height":142,"caption":"Pova\u017esk\u00e9 m\u00fazeum"},"image":{"@id":"https:\/\/pmza.sk\/#\/schema\/logo\/image\/"},"sameAs":["https:\/\/www.facebook.com\/povazskemuzeum","https:\/\/www.instagram.com\/povazskemuzeum\/"]},{"@type":"Person","@id":"https:\/\/pmza.sk\/#\/schema\/person\/595e6a2ce731ea94dcd5d7f50a41ae33","name":"Pova\u017esk\u00e9 m\u00fazeum","image":{"@type":"ImageObject","inLanguage":"sk-SK","@id":"https:\/\/secure.gravatar.com\/avatar\/2bb7f1561282132fb5826dfeccc66c7996d11ee392ac6aaf7ced8a1c2027fbb2?s=96&d=mm&r=g","url":"https:\/\/secure.gravatar.com\/avatar\/2bb7f1561282132fb5826dfeccc66c7996d11ee392ac6aaf7ced8a1c2027fbb2?s=96&d=mm&r=g","contentUrl":"https:\/\/secure.gravatar.com\/avatar\/2bb7f1561282132fb5826dfeccc66c7996d11ee392ac6aaf7ced8a1c2027fbb2?s=96&d=mm&r=g","caption":"Pova\u017esk\u00e9 m\u00fazeum"}}]}},"_links":{"self":[{"href":"https:\/\/pmza.sk\/index.php?rest_route=\/wp\/v2\/posts\/12213","targetHints":{"allow":["GET"]}}],"collection":[{"href":"https:\/\/pmza.sk\/index.php?rest_route=\/wp\/v2\/posts"}],"about":[{"href":"https:\/\/pmza.sk\/index.php?rest_route=\/wp\/v2\/types\/post"}],"author":[{"embeddable":true,"href":"https:\/\/pmza.sk\/index.php?rest_route=\/wp\/v2\/users\/2"}],"replies":[{"embeddable":true,"href":"https:\/\/pmza.sk\/index.php?rest_route=%2Fwp%2Fv2%2Fcomments&post=12213"}],"version-history":[{"count":0,"href":"https:\/\/pmza.sk\/index.php?rest_route=\/wp\/v2\/posts\/12213\/revisions"}],"wp:attachment":[{"href":"https:\/\/pmza.sk\/index.php?rest_route=%2Fwp%2Fv2%2Fmedia&parent=12213"}],"wp:term":[{"taxonomy":"category","embeddable":true,"href":"https:\/\/pmza.sk\/index.php?rest_route=%2Fwp%2Fv2%2Fcategories&post=12213"},{"taxonomy":"post_tag","embeddable":true,"href":"https:\/\/pmza.sk\/index.php?rest_route=%2Fwp%2Fv2%2Ftags&post=12213"}],"curies":[{"name":"wp","href":"https:\/\/api.w.org\/{rel}","templated":true}]}}