{"id":12262,"date":"2015-04-27T11:17:33","date_gmt":"2015-04-27T09:17:33","guid":{"rendered":"https:\/\/pmza.sk.sk\/?p=12262"},"modified":"2015-04-27T11:17:33","modified_gmt":"2015-04-27T09:17:33","slug":"expozicia-v-radenovom-dome-v-cicmanoch-obnovena","status":"publish","type":"post","link":"https:\/\/pmza.sk\/?p=12262","title":{"rendered":"Expoz\u00edcia v Radenovom dome v \u010ci\u010dmanoch obnoven\u00e1"},"content":{"rendered":"<p><a href=\"https:\/\/pmza.sk\/wp-content\/uploads\/2014\/11\/Radenov-dom_c-zmensene-na-web.jpg\"><img decoding=\"async\" class=\"alignleft  wp-image-11077\" src=\"https:\/\/pmza.sk\/wp-content\/uploads\/2014\/11\/Radenov-dom_c-zmensene-na-web.jpg\" alt=\"Radenov dom_c zmen\u0161en\u00e9 na web\" width=\"186\" height=\"140\" \/><\/a>Po n\u00e1ro\u010dnej obnove Radenovho domu a\u00a0expoz\u00edcie v\u00a0\u0148om spr\u00edstup\u0148uje Pova\u017esk\u00e9 m\u00fazeum v\u00a0\u017diline oba objekty \u013eudovej architekt\u00fary v\u00a0\u010ci\u010dmanoch od 1. m\u00e1ja 2015 verejnosti.<\/p>\n<p>Obsahom novej v\u00fdstavy je \u017eivot \u010di\u010dmianskeho \u013eudu, teda v\u0161etky \u017eivotn\u00e9 etapy, zvyky, pracovn\u00e9 \u010dinnosti (zamestnania \u2013 po\u013enohospod\u00e1rstvo, chov hospod\u00e1rskych zvierat, sala\u0161n\u00edctvo), ob\u017eiva (zbern\u00e9 a\u00a0koristn\u00e9 hospod\u00e1rstvo a strava), tie\u017e zvyky \u017eivotn\u00e9ho cyklu (narodenie die\u0165a\u0165a, svadba, pohreb), \u010di\u010dmianska architekt\u00fara a\u00a0rovnako aj uk\u00e1\u017eky odevov a\u00a0textilu. V\u00fdsledkom obnovy expoz\u00edcie bude celkov\u00e1 zmena jej charakteru, p\u00f4jde o\u00a0v\u00fdstavu galerijn\u00e9ho typu.<!--more--><\/p>\n<p><em>\u201ePo\u0161tov\u00e1 banka pravidelne podporuje kult\u00faru na Slovensku. Ke\u010f\u017ee v\u00a0minulom roku vydala s\u00e9riu nov\u00fdch platobn\u00fdch kariet, ktor\u00fdch in\u0161pir\u00e1ciou boli pr\u00e1ve \u010di\u010dmianske v\u00fd\u0161ivky, rozhodla sa prispie\u0165 Pova\u017esk\u00e9mu m\u00fazeu na obnovu expoz\u00edcie,\u201c<\/em> uv\u00e1dza hovorky\u0148a Po\u0161tovej banky Anna Tk\u00e1\u010dov\u00e1.<\/p>\n<p>O\u013dA \u010ci\u010dmany boli uzavret\u00e9 od 17. novembra 2014 do 28. marca 2015, kedy bol verejnosti spr\u00edstupnen\u00fd Dom \u010d. 42 za polovi\u010dn\u00e9 vstupn\u00e9. V\u00a0Radenovom dome pokra\u010dovali rekon\u0161truk\u010dn\u00e9 a obnovovacie pr\u00e1ce. Od 1. m\u00e1ja bude pre n\u00e1v\u0161tevn\u00edkov spr\u00edstupnen\u00e1 cel\u00e1 expoz\u00edcia. Dr\u017eitelia platobnej karty od Po\u0161tovej banky bud\u00fa ma\u0165 v\u00a0objektoch \u013eudovej architekt\u00fary \u010ci\u010dmany polovi\u010dn\u00e9 vstupn\u00e9.<\/p>\n<p>Sl\u00e1vnostn\u00e9 otvorenie Radenovho domu je napl\u00e1novan\u00e9 na \u0161tvrtok 30. apr\u00edla o\u00a014. hodine.\u00a0Vypo\u010du\u0165 si budete m\u00f4c\u0165 FS Stavb\u00e1r s\u00a0\u010di\u010dmianskym p\u00e1smom, uvid\u00edte uk\u00e1\u017eky \u010di\u010dmianskeho \u010dep\u010denia, pozriete si obnoven\u00fa expoz\u00edciu a\u00a0ochutn\u00e1te dom\u00e1ce \u0161peciality.<\/p>\n<p>Vstupn\u00e9 a\u00a0otv\u00e1racie hodiny n\u00e1jdete tu: <a href=\"https:\/\/pmza.sk.sk\/expozicie\/cicmany\/\">https:\/\/pmza.sk.sk\/expozicie\/cicmany\/<\/a><\/p>\n<p>Info o\u00a0platobn\u00fdch kart\u00e1ch PABK: <a href=\"https:\/\/www.postovabanka.sk\/novinky\/tlacove-spravy\/dizajn-platobnych-kariet-inspirovali-slovenske-vysivky\/\">https:\/\/www.postovabanka.sk\/novinky\/tlacove-spravy\/dizajn-platobnych-kariet-inspirovali-slovenske-vysivky\/<\/a><\/p>\n<p><a href=\"https:\/\/pmza.sk\/wp-content\/uploads\/2014\/11\/PBK_RGB.jpg\"><img decoding=\"async\" class=\"wp-image-11100 aligncenter\" src=\"https:\/\/pmza.sk\/wp-content\/uploads\/2014\/11\/PBK_RGB.jpg\" alt=\"PBK_CMYK\" width=\"160\" height=\"160\" srcset=\"https:\/\/pmza.sk\/wp-content\/uploads\/2014\/11\/PBK_RGB.jpg 1181w, https:\/\/pmza.sk\/wp-content\/uploads\/2014\/11\/PBK_RGB-360x360.jpg 360w, https:\/\/pmza.sk\/wp-content\/uploads\/2014\/11\/PBK_RGB-736x736.jpg 736w, https:\/\/pmza.sk\/wp-content\/uploads\/2014\/11\/PBK_RGB-768x768.jpg 768w, https:\/\/pmza.sk\/wp-content\/uploads\/2014\/11\/PBK_RGB-300x300.jpg 300w, https:\/\/pmza.sk\/wp-content\/uploads\/2014\/11\/PBK_RGB-600x600.jpg 600w, https:\/\/pmza.sk\/wp-content\/uploads\/2014\/11\/PBK_RGB-100x100.jpg 100w\" sizes=\"(max-width: 160px) 100vw, 160px\" \/><\/a><\/p>\n<p><a href=\"https:\/\/pmza.sk\/wp-content\/uploads\/2015\/04\/Audio_Cicmany_obnovene.mp3\">\u00a0AUDIO<\/a><\/p>\n<p><a href=\"https:\/\/pmza.sk.sk\/foto-mdd\/?album=106\">FOTOGAL\u00c9RIA ZO SL\u00c1VNOSTN\u00c9HO OTVORENIA<\/a><\/p>\n","protected":false},"excerpt":{"rendered":"<p>Po n\u00e1ro\u010dnej obnove Radenovho domu a\u00a0expoz\u00edcie v\u00a0\u0148om spr\u00edstup\u0148uje Pova\u017esk\u00e9 m\u00fazeum v\u00a0\u017diline oba objekty \u013eudovej architekt\u00fary v\u00a0\u010ci\u010dmanoch od 1. m\u00e1ja 2015 verejnosti. Obsahom novej v\u00fdstavy je \u017eivot \u010di\u010dmianskeho \u013eudu, teda v\u0161etky \u017eivotn\u00e9 etapy, zvyky, pracovn\u00e9 \u010dinnosti (zamestnania \u2013 po\u013enohospod\u00e1rstvo, chov hospod\u00e1rskych zvierat, sala\u0161n\u00edctvo), ob\u017eiva (zbern\u00e9 a\u00a0koristn\u00e9 hospod\u00e1rstvo a strava), tie\u017e zvyky \u017eivotn\u00e9ho cyklu (narodenie die\u0165a\u0165a, svadba, [&hellip;]<\/p>\n","protected":false},"author":2,"featured_media":0,"comment_status":"closed","ping_status":"closed","sticky":false,"template":"","format":"standard","meta":{"site-sidebar-layout":"default","site-content-layout":"","ast-site-content-layout":"","site-content-style":"default","site-sidebar-style":"default","ast-global-header-display":"","ast-banner-title-visibility":"","ast-main-header-display":"","ast-hfb-above-header-display":"","ast-hfb-below-header-display":"","ast-hfb-mobile-header-display":"","site-post-title":"","ast-breadcrumbs-content":"","ast-featured-img":"","footer-sml-layout":"","theme-transparent-header-meta":"","adv-header-id-meta":"","stick-header-meta":"","header-above-stick-meta":"","header-main-stick-meta":"","header-below-stick-meta":"","astra-migrate-meta-layouts":"default","ast-page-background-enabled":"default","ast-page-background-meta":{"desktop":{"background-color":"var(--ast-global-color-4)","background-image":"","background-repeat":"repeat","background-position":"center center","background-size":"auto","background-attachment":"scroll","background-type":"","background-media":"","overlay-type":"","overlay-color":"","overlay-opacity":"","overlay-gradient":""},"tablet":{"background-color":"","background-image":"","background-repeat":"repeat","background-position":"center center","background-size":"auto","background-attachment":"scroll","background-type":"","background-media":"","overlay-type":"","overlay-color":"","overlay-opacity":"","overlay-gradient":""},"mobile":{"background-color":"","background-image":"","background-repeat":"repeat","background-position":"center center","background-size":"auto","background-attachment":"scroll","background-type":"","background-media":"","overlay-type":"","overlay-color":"","overlay-opacity":"","overlay-gradient":""}},"ast-content-background-meta":{"desktop":{"background-color":"var(--ast-global-color-5)","background-image":"","background-repeat":"repeat","background-position":"center center","background-size":"auto","background-attachment":"scroll","background-type":"","background-media":"","overlay-type":"","overlay-color":"","overlay-opacity":"","overlay-gradient":""},"tablet":{"background-color":"var(--ast-global-color-5)","background-image":"","background-repeat":"repeat","background-position":"center center","background-size":"auto","background-attachment":"scroll","background-type":"","background-media":"","overlay-type":"","overlay-color":"","overlay-opacity":"","overlay-gradient":""},"mobile":{"background-color":"var(--ast-global-color-5)","background-image":"","background-repeat":"repeat","background-position":"center center","background-size":"auto","background-attachment":"scroll","background-type":"","background-media":"","overlay-type":"","overlay-color":"","overlay-opacity":"","overlay-gradient":""}},"footnotes":""},"categories":[31],"tags":[],"class_list":["post-12262","post","type-post","status-publish","format-standard","hentry","category-aktuality"],"yoast_head":"<!-- This site is optimized with the Yoast SEO plugin v27.4 - https:\/\/yoast.com\/product\/yoast-seo-wordpress\/ -->\n<title>Expoz\u00edcia v Radenovom dome v \u010ci\u010dmanoch obnoven\u00e1 - Pova\u017esk\u00e9 m\u00fazeum<\/title>\n<meta name=\"robots\" content=\"index, follow, max-snippet:-1, max-image-preview:large, max-video-preview:-1\" \/>\n<link rel=\"canonical\" href=\"https:\/\/pmza.sk\/?p=12262\" \/>\n<meta property=\"og:locale\" content=\"sk_SK\" \/>\n<meta property=\"og:type\" content=\"article\" \/>\n<meta property=\"og:title\" content=\"Expoz\u00edcia v Radenovom dome v \u010ci\u010dmanoch obnoven\u00e1 - Pova\u017esk\u00e9 m\u00fazeum\" \/>\n<meta property=\"og:description\" content=\"Po n\u00e1ro\u010dnej obnove Radenovho domu a\u00a0expoz\u00edcie v\u00a0\u0148om spr\u00edstup\u0148uje Pova\u017esk\u00e9 m\u00fazeum v\u00a0\u017diline oba objekty \u013eudovej architekt\u00fary v\u00a0\u010ci\u010dmanoch od 1. m\u00e1ja 2015 verejnosti. Obsahom novej v\u00fdstavy je \u017eivot \u010di\u010dmianskeho \u013eudu, teda v\u0161etky \u017eivotn\u00e9 etapy, zvyky, pracovn\u00e9 \u010dinnosti (zamestnania \u2013 po\u013enohospod\u00e1rstvo, chov hospod\u00e1rskych zvierat, sala\u0161n\u00edctvo), ob\u017eiva (zbern\u00e9 a\u00a0koristn\u00e9 hospod\u00e1rstvo a strava), tie\u017e zvyky \u017eivotn\u00e9ho cyklu (narodenie die\u0165a\u0165a, svadba, [&hellip;]\" \/>\n<meta property=\"og:url\" content=\"https:\/\/pmza.sk\/?p=12262\" \/>\n<meta property=\"og:site_name\" content=\"Pova\u017esk\u00e9 m\u00fazeum\" \/>\n<meta property=\"article:publisher\" content=\"https:\/\/www.facebook.com\/povazskemuzeum\" \/>\n<meta property=\"article:published_time\" content=\"2015-04-27T09:17:33+00:00\" \/>\n<meta property=\"og:image\" content=\"https:\/\/pmza.sk\/wp-content\/uploads\/2014\/11\/Radenov-dom_c-zmensene-na-web.jpg\" \/>\n<meta name=\"author\" content=\"Pova\u017esk\u00e9 m\u00fazeum\" \/>\n<meta name=\"twitter:card\" content=\"summary_large_image\" \/>\n<meta name=\"twitter:label1\" content=\"Autor\" \/>\n\t<meta name=\"twitter:data1\" content=\"Pova\u017esk\u00e9 m\u00fazeum\" \/>\n\t<meta name=\"twitter:label2\" content=\"Predpokladan\u00fd \u010das \u010d\u00edtania\" \/>\n\t<meta name=\"twitter:data2\" content=\"2 min\u00faty\" \/>\n<script type=\"application\/ld+json\" class=\"yoast-schema-graph\">{\"@context\":\"https:\\\/\\\/schema.org\",\"@graph\":[{\"@type\":\"Article\",\"@id\":\"https:\\\/\\\/pmza.sk\\\/?p=12262#article\",\"isPartOf\":{\"@id\":\"https:\\\/\\\/pmza.sk\\\/?p=12262\"},\"author\":{\"name\":\"Pova\u017esk\u00e9 m\u00fazeum\",\"@id\":\"https:\\\/\\\/pmza.sk\\\/#\\\/schema\\\/person\\\/595e6a2ce731ea94dcd5d7f50a41ae33\"},\"headline\":\"Expoz\u00edcia v Radenovom dome v \u010ci\u010dmanoch obnoven\u00e1\",\"datePublished\":\"2015-04-27T09:17:33+00:00\",\"mainEntityOfPage\":{\"@id\":\"https:\\\/\\\/pmza.sk\\\/?p=12262\"},\"wordCount\":325,\"publisher\":{\"@id\":\"https:\\\/\\\/pmza.sk\\\/#organization\"},\"image\":{\"@id\":\"https:\\\/\\\/pmza.sk\\\/?p=12262#primaryimage\"},\"thumbnailUrl\":\"http:\\\/\\\/pmza.sk\\\/wp-content\\\/uploads\\\/2014\\\/11\\\/Radenov-dom_c-zmensene-na-web.jpg\",\"articleSection\":[\"Aktuality\"],\"inLanguage\":\"sk-SK\"},{\"@type\":\"WebPage\",\"@id\":\"https:\\\/\\\/pmza.sk\\\/?p=12262\",\"url\":\"https:\\\/\\\/pmza.sk\\\/?p=12262\",\"name\":\"Expoz\u00edcia v Radenovom dome v \u010ci\u010dmanoch obnoven\u00e1 - Pova\u017esk\u00e9 m\u00fazeum\",\"isPartOf\":{\"@id\":\"https:\\\/\\\/pmza.sk\\\/#website\"},\"primaryImageOfPage\":{\"@id\":\"https:\\\/\\\/pmza.sk\\\/?p=12262#primaryimage\"},\"image\":{\"@id\":\"https:\\\/\\\/pmza.sk\\\/?p=12262#primaryimage\"},\"thumbnailUrl\":\"http:\\\/\\\/pmza.sk\\\/wp-content\\\/uploads\\\/2014\\\/11\\\/Radenov-dom_c-zmensene-na-web.jpg\",\"datePublished\":\"2015-04-27T09:17:33+00:00\",\"breadcrumb\":{\"@id\":\"https:\\\/\\\/pmza.sk\\\/?p=12262#breadcrumb\"},\"inLanguage\":\"sk-SK\",\"potentialAction\":[{\"@type\":\"ReadAction\",\"target\":[\"https:\\\/\\\/pmza.sk\\\/?p=12262\"]}]},{\"@type\":\"ImageObject\",\"inLanguage\":\"sk-SK\",\"@id\":\"https:\\\/\\\/pmza.sk\\\/?p=12262#primaryimage\",\"url\":\"http:\\\/\\\/pmza.sk\\\/wp-content\\\/uploads\\\/2014\\\/11\\\/Radenov-dom_c-zmensene-na-web.jpg\",\"contentUrl\":\"http:\\\/\\\/pmza.sk\\\/wp-content\\\/uploads\\\/2014\\\/11\\\/Radenov-dom_c-zmensene-na-web.jpg\"},{\"@type\":\"BreadcrumbList\",\"@id\":\"https:\\\/\\\/pmza.sk\\\/?p=12262#breadcrumb\",\"itemListElement\":[{\"@type\":\"ListItem\",\"position\":1,\"name\":\"Domovsk\u00e1 str\u00e1nka\",\"item\":\"https:\\\/\\\/pmza.sk\\\/\"},{\"@type\":\"ListItem\",\"position\":2,\"name\":\"Expoz\u00edcia v Radenovom dome v \u010ci\u010dmanoch obnoven\u00e1\"}]},{\"@type\":\"WebSite\",\"@id\":\"https:\\\/\\\/pmza.sk\\\/#website\",\"url\":\"https:\\\/\\\/pmza.sk\\\/\",\"name\":\"Pova\u017esk\u00e9 m\u00fazeum\",\"description\":\"Pova\u017esk\u00e9 m\u00fazeum v \u017diline je region\u00e1lne m\u00fazeum so s\u00eddlom v Budat\u00edne. Jeho expoz\u00edcie s\u00fa zameran\u00e9 na dejiny slovensk\u00e9ho umenia, kult\u00fary a dopravy.\",\"publisher\":{\"@id\":\"https:\\\/\\\/pmza.sk\\\/#organization\"},\"potentialAction\":[{\"@type\":\"SearchAction\",\"target\":{\"@type\":\"EntryPoint\",\"urlTemplate\":\"https:\\\/\\\/pmza.sk\\\/?s={search_term_string}\"},\"query-input\":{\"@type\":\"PropertyValueSpecification\",\"valueRequired\":true,\"valueName\":\"search_term_string\"}}],\"inLanguage\":\"sk-SK\"},{\"@type\":\"Organization\",\"@id\":\"https:\\\/\\\/pmza.sk\\\/#organization\",\"name\":\"Pova\u017esk\u00e9 m\u00fazeum\",\"url\":\"https:\\\/\\\/pmza.sk\\\/\",\"logo\":{\"@type\":\"ImageObject\",\"inLanguage\":\"sk-SK\",\"@id\":\"https:\\\/\\\/pmza.sk\\\/#\\\/schema\\\/logo\\\/image\\\/\",\"url\":\"https:\\\/\\\/pmza.sk\\\/wp-content\\\/uploads\\\/2022\\\/01\\\/logo_PM_horizontal.jpg\",\"contentUrl\":\"https:\\\/\\\/pmza.sk\\\/wp-content\\\/uploads\\\/2022\\\/01\\\/logo_PM_horizontal.jpg\",\"width\":231,\"height\":142,\"caption\":\"Pova\u017esk\u00e9 m\u00fazeum\"},\"image\":{\"@id\":\"https:\\\/\\\/pmza.sk\\\/#\\\/schema\\\/logo\\\/image\\\/\"},\"sameAs\":[\"https:\\\/\\\/www.facebook.com\\\/povazskemuzeum\",\"https:\\\/\\\/www.instagram.com\\\/povazskemuzeum\\\/\"]},{\"@type\":\"Person\",\"@id\":\"https:\\\/\\\/pmza.sk\\\/#\\\/schema\\\/person\\\/595e6a2ce731ea94dcd5d7f50a41ae33\",\"name\":\"Pova\u017esk\u00e9 m\u00fazeum\",\"image\":{\"@type\":\"ImageObject\",\"inLanguage\":\"sk-SK\",\"@id\":\"https:\\\/\\\/secure.gravatar.com\\\/avatar\\\/2bb7f1561282132fb5826dfeccc66c7996d11ee392ac6aaf7ced8a1c2027fbb2?s=96&d=mm&r=g\",\"url\":\"https:\\\/\\\/secure.gravatar.com\\\/avatar\\\/2bb7f1561282132fb5826dfeccc66c7996d11ee392ac6aaf7ced8a1c2027fbb2?s=96&d=mm&r=g\",\"contentUrl\":\"https:\\\/\\\/secure.gravatar.com\\\/avatar\\\/2bb7f1561282132fb5826dfeccc66c7996d11ee392ac6aaf7ced8a1c2027fbb2?s=96&d=mm&r=g\",\"caption\":\"Pova\u017esk\u00e9 m\u00fazeum\"}}]}<\/script>\n<!-- \/ Yoast SEO plugin. -->","yoast_head_json":{"title":"Expoz\u00edcia v Radenovom dome v \u010ci\u010dmanoch obnoven\u00e1 - Pova\u017esk\u00e9 m\u00fazeum","robots":{"index":"index","follow":"follow","max-snippet":"max-snippet:-1","max-image-preview":"max-image-preview:large","max-video-preview":"max-video-preview:-1"},"canonical":"https:\/\/pmza.sk\/?p=12262","og_locale":"sk_SK","og_type":"article","og_title":"Expoz\u00edcia v Radenovom dome v \u010ci\u010dmanoch obnoven\u00e1 - Pova\u017esk\u00e9 m\u00fazeum","og_description":"Po n\u00e1ro\u010dnej obnove Radenovho domu a\u00a0expoz\u00edcie v\u00a0\u0148om spr\u00edstup\u0148uje Pova\u017esk\u00e9 m\u00fazeum v\u00a0\u017diline oba objekty \u013eudovej architekt\u00fary v\u00a0\u010ci\u010dmanoch od 1. m\u00e1ja 2015 verejnosti. Obsahom novej v\u00fdstavy je \u017eivot \u010di\u010dmianskeho \u013eudu, teda v\u0161etky \u017eivotn\u00e9 etapy, zvyky, pracovn\u00e9 \u010dinnosti (zamestnania \u2013 po\u013enohospod\u00e1rstvo, chov hospod\u00e1rskych zvierat, sala\u0161n\u00edctvo), ob\u017eiva (zbern\u00e9 a\u00a0koristn\u00e9 hospod\u00e1rstvo a strava), tie\u017e zvyky \u017eivotn\u00e9ho cyklu (narodenie die\u0165a\u0165a, svadba, [&hellip;]","og_url":"https:\/\/pmza.sk\/?p=12262","og_site_name":"Pova\u017esk\u00e9 m\u00fazeum","article_publisher":"https:\/\/www.facebook.com\/povazskemuzeum","article_published_time":"2015-04-27T09:17:33+00:00","og_image":[{"url":"https:\/\/pmza.sk\/wp-content\/uploads\/2014\/11\/Radenov-dom_c-zmensene-na-web.jpg","type":"","width":"","height":""}],"author":"Pova\u017esk\u00e9 m\u00fazeum","twitter_card":"summary_large_image","twitter_misc":{"Autor":"Pova\u017esk\u00e9 m\u00fazeum","Predpokladan\u00fd \u010das \u010d\u00edtania":"2 min\u00faty"},"schema":{"@context":"https:\/\/schema.org","@graph":[{"@type":"Article","@id":"https:\/\/pmza.sk\/?p=12262#article","isPartOf":{"@id":"https:\/\/pmza.sk\/?p=12262"},"author":{"name":"Pova\u017esk\u00e9 m\u00fazeum","@id":"https:\/\/pmza.sk\/#\/schema\/person\/595e6a2ce731ea94dcd5d7f50a41ae33"},"headline":"Expoz\u00edcia v Radenovom dome v \u010ci\u010dmanoch obnoven\u00e1","datePublished":"2015-04-27T09:17:33+00:00","mainEntityOfPage":{"@id":"https:\/\/pmza.sk\/?p=12262"},"wordCount":325,"publisher":{"@id":"https:\/\/pmza.sk\/#organization"},"image":{"@id":"https:\/\/pmza.sk\/?p=12262#primaryimage"},"thumbnailUrl":"https:\/\/pmza.sk\/wp-content\/uploads\/2014\/11\/Radenov-dom_c-zmensene-na-web.jpg","articleSection":["Aktuality"],"inLanguage":"sk-SK"},{"@type":"WebPage","@id":"https:\/\/pmza.sk\/?p=12262","url":"https:\/\/pmza.sk\/?p=12262","name":"Expoz\u00edcia v Radenovom dome v \u010ci\u010dmanoch obnoven\u00e1 - Pova\u017esk\u00e9 m\u00fazeum","isPartOf":{"@id":"https:\/\/pmza.sk\/#website"},"primaryImageOfPage":{"@id":"https:\/\/pmza.sk\/?p=12262#primaryimage"},"image":{"@id":"https:\/\/pmza.sk\/?p=12262#primaryimage"},"thumbnailUrl":"https:\/\/pmza.sk\/wp-content\/uploads\/2014\/11\/Radenov-dom_c-zmensene-na-web.jpg","datePublished":"2015-04-27T09:17:33+00:00","breadcrumb":{"@id":"https:\/\/pmza.sk\/?p=12262#breadcrumb"},"inLanguage":"sk-SK","potentialAction":[{"@type":"ReadAction","target":["https:\/\/pmza.sk\/?p=12262"]}]},{"@type":"ImageObject","inLanguage":"sk-SK","@id":"https:\/\/pmza.sk\/?p=12262#primaryimage","url":"https:\/\/pmza.sk\/wp-content\/uploads\/2014\/11\/Radenov-dom_c-zmensene-na-web.jpg","contentUrl":"https:\/\/pmza.sk\/wp-content\/uploads\/2014\/11\/Radenov-dom_c-zmensene-na-web.jpg"},{"@type":"BreadcrumbList","@id":"https:\/\/pmza.sk\/?p=12262#breadcrumb","itemListElement":[{"@type":"ListItem","position":1,"name":"Domovsk\u00e1 str\u00e1nka","item":"https:\/\/pmza.sk\/"},{"@type":"ListItem","position":2,"name":"Expoz\u00edcia v Radenovom dome v \u010ci\u010dmanoch obnoven\u00e1"}]},{"@type":"WebSite","@id":"https:\/\/pmza.sk\/#website","url":"https:\/\/pmza.sk\/","name":"Pova\u017esk\u00e9 m\u00fazeum","description":"Pova\u017esk\u00e9 m\u00fazeum v \u017diline je region\u00e1lne m\u00fazeum so s\u00eddlom v Budat\u00edne. Jeho expoz\u00edcie s\u00fa zameran\u00e9 na dejiny slovensk\u00e9ho umenia, kult\u00fary a dopravy.","publisher":{"@id":"https:\/\/pmza.sk\/#organization"},"potentialAction":[{"@type":"SearchAction","target":{"@type":"EntryPoint","urlTemplate":"https:\/\/pmza.sk\/?s={search_term_string}"},"query-input":{"@type":"PropertyValueSpecification","valueRequired":true,"valueName":"search_term_string"}}],"inLanguage":"sk-SK"},{"@type":"Organization","@id":"https:\/\/pmza.sk\/#organization","name":"Pova\u017esk\u00e9 m\u00fazeum","url":"https:\/\/pmza.sk\/","logo":{"@type":"ImageObject","inLanguage":"sk-SK","@id":"https:\/\/pmza.sk\/#\/schema\/logo\/image\/","url":"https:\/\/pmza.sk\/wp-content\/uploads\/2022\/01\/logo_PM_horizontal.jpg","contentUrl":"https:\/\/pmza.sk\/wp-content\/uploads\/2022\/01\/logo_PM_horizontal.jpg","width":231,"height":142,"caption":"Pova\u017esk\u00e9 m\u00fazeum"},"image":{"@id":"https:\/\/pmza.sk\/#\/schema\/logo\/image\/"},"sameAs":["https:\/\/www.facebook.com\/povazskemuzeum","https:\/\/www.instagram.com\/povazskemuzeum\/"]},{"@type":"Person","@id":"https:\/\/pmza.sk\/#\/schema\/person\/595e6a2ce731ea94dcd5d7f50a41ae33","name":"Pova\u017esk\u00e9 m\u00fazeum","image":{"@type":"ImageObject","inLanguage":"sk-SK","@id":"https:\/\/secure.gravatar.com\/avatar\/2bb7f1561282132fb5826dfeccc66c7996d11ee392ac6aaf7ced8a1c2027fbb2?s=96&d=mm&r=g","url":"https:\/\/secure.gravatar.com\/avatar\/2bb7f1561282132fb5826dfeccc66c7996d11ee392ac6aaf7ced8a1c2027fbb2?s=96&d=mm&r=g","contentUrl":"https:\/\/secure.gravatar.com\/avatar\/2bb7f1561282132fb5826dfeccc66c7996d11ee392ac6aaf7ced8a1c2027fbb2?s=96&d=mm&r=g","caption":"Pova\u017esk\u00e9 m\u00fazeum"}}]}},"_links":{"self":[{"href":"https:\/\/pmza.sk\/index.php?rest_route=\/wp\/v2\/posts\/12262","targetHints":{"allow":["GET"]}}],"collection":[{"href":"https:\/\/pmza.sk\/index.php?rest_route=\/wp\/v2\/posts"}],"about":[{"href":"https:\/\/pmza.sk\/index.php?rest_route=\/wp\/v2\/types\/post"}],"author":[{"embeddable":true,"href":"https:\/\/pmza.sk\/index.php?rest_route=\/wp\/v2\/users\/2"}],"replies":[{"embeddable":true,"href":"https:\/\/pmza.sk\/index.php?rest_route=%2Fwp%2Fv2%2Fcomments&post=12262"}],"version-history":[{"count":0,"href":"https:\/\/pmza.sk\/index.php?rest_route=\/wp\/v2\/posts\/12262\/revisions"}],"wp:attachment":[{"href":"https:\/\/pmza.sk\/index.php?rest_route=%2Fwp%2Fv2%2Fmedia&parent=12262"}],"wp:term":[{"taxonomy":"category","embeddable":true,"href":"https:\/\/pmza.sk\/index.php?rest_route=%2Fwp%2Fv2%2Fcategories&post=12262"},{"taxonomy":"post_tag","embeddable":true,"href":"https:\/\/pmza.sk\/index.php?rest_route=%2Fwp%2Fv2%2Ftags&post=12262"}],"curies":[{"name":"wp","href":"https:\/\/api.w.org\/{rel}","templated":true}]}}