{"id":1231,"date":"2010-08-20T09:16:49","date_gmt":"2010-08-20T07:16:49","guid":{"rendered":"https:\/\/pmza.sk.sk\/?p=1231"},"modified":"2010-08-20T09:16:49","modified_gmt":"2010-08-20T07:16:49","slug":"roky-s-horeckeho-rozsutcom","status":"publish","type":"post","link":"https:\/\/pmza.sk\/?p=1231","title":{"rendered":"Roky s Horeck\u00e9ho Rozsutcom"},"content":{"rendered":"<p><a href=\"https:\/\/pmza.sk\/wp-content\/uploads\/2010\/08\/Horecky-hrad-Strecno-scaled-1.jpg\"><img fetchpriority=\"high\" decoding=\"async\" class=\"alignleft size-medium wp-image-1233\" style=\"border: 2px solid black; margin: 4px;\" title=\"Horecky - hrad Strecno\" src=\"https:\/\/pmza.sk.sk\/wp-content\/uploads\/2010\/08\/Horecky-hrad-Strecno-240x300.jpg\" alt=\"\" width=\"240\" height=\"300\" \/><\/a>Pred rokom Pova\u017esk\u00e9 m\u00fazeum v \u017diline vyhl\u00e1silo anketu, ktorej cie\u013eom bolo zisti\u0165 popularitu jednotliv\u00fdch podujat\u00ed u n\u00e1v\u0161tevn\u00edkov hradu Stre\u010dno. Respondenti medzi najatrakt\u00edvnej\u0161ie produkty hradu zaradili aj  tradi\u010dn\u00fd cyklus v\u00fdstav pod n\u00e1zvom Umenie na hrade, ktor\u00fd u\u017e siedmy rok prezentuje s\u00fa\u010dasn\u00fa umeleck\u00fa tvorbu v\u00fdtvarn\u00edkov \u017eilinsk\u00e9ho regi\u00f3nu. Len v mesiaci j\u00fal 2010 nav\u0161t\u00edvilo v\u00fdstavu Modr\u00e9 a \u010derven\u00e9 em\u00f3cie mlad\u00e9ho za\u010d\u00ednaj\u00faceho autora Mareka Hole\u0161u v Severnom pal\u00e1ci stre\u010dnianskeho hradu viac ako desa\u0165tis\u00edc n\u00e1v\u0161tevn\u00edkov. Koniec augusta uzatv\u00e1ra tohoro\u010dn\u00fd cyklus stretnut\u00ed s umen\u00edm  autorsk\u00e1 v\u00fdstava v\u00fdznamn\u00e9ho slovensk\u00e9ho v\u00fdtvarn\u00edka, starostu Umeleckej besedy slovenskej a nad\u0161en\u00e9ho obdivovate\u013ea pr\u00edrodn\u00fdch kr\u00e1s severn\u00e9ho Slovenska akademick\u00e9ho maliara Zdena Horeck\u00e9ho. <!--more-->V\u00fdstava Roky s Roszutcom zachyt\u00e1va n\u00e1dhern\u00e9 poh\u013eady na okolie Malej Fatry. Autor v nich, s jeho typick\u00fdm  expres\u00edvnym koloritom, d\u00f4sledne moduluje t\u00fato malebn\u00fa krajinu s jej dominantou Rozsutcom.  Zdeno Horeck\u00fd prijal v\u00fdzvu vystavova\u0165 na hrade Stre\u010dno naozaj \u0161t\u00fdlov\u00fdm a noblesn\u00fdm sp\u00f4sobom. Exkluz\u00edvne prv\u00fdkr\u00e1t bude ma\u0165  mo\u017enos\u0165 verejnos\u0165 vidie\u0165 jeden\u00e1s\u0165 olejomalieb zobrazuj\u00facich najm\u00e4 hrad Stre\u010dno a ostatn\u00e9 hrady v bl\u00edzkom regi\u00f3ne ako napr\u00edklad Oravsk\u00fd, Lietavsk\u00fd, S\u00fa\u013eovsk\u00fd, Hri\u010dovsk\u00fd a hrad Likavka. \u201e Tvorba Zdena Horeck\u00e9ho, ktor\u00fd sa v tomto roku do\u017e\u00edva osemdesiatich rokov,  je so \u017eilinsk\u00fdm regi\u00f3nom neoddelite\u013ene previazan\u00e1. Hoci sa pred takmer \u0161tyridsiatimi rokmi pres\u0165ahoval do Bratislavy, so \u017dilinou ho na\u010falej sp\u00e1jali nie len rodinn\u00e9 v\u00e4zby. Z jeho rozsiahleho diela je zrejm\u00e9, \u017ee  Terchov\u00e1 a Z\u00e1zriv\u00e1 s\u00fa miestami jeho nekone\u010dnej in\u0161pir\u00e1cie. Po obnoven\u00ed Umeleckej besedy slovenskej, v roku 1990, sa stal jej zakladaj\u00facim akt\u00edvnym \u010dlenom a ako starosta doposia\u013e organizuje mnoh\u00e9 v\u00fdstavn\u00e9 projekty a symp\u00f3zi\u00e1, \u010dasto spojen\u00e9 pr\u00e1ve so \u017eilinsk\u00fdm krajom,\u201c  uviedla Darina Arce, kur\u00e1torka v\u00fdstavy. \tVernis\u00e1\u017e v\u00fdstavy Zdena Horeck\u00e9ho Roky s Rozsutcom sa uskuto\u010dn\u00ed v piatok 27. augusta 2010 o 18,00h v Severnom pal\u00e1ci hradu Stre\u010dno. V\u00fdstava bude spr\u00edstupnen\u00e1 verejnosti do 2. novembra 2010. Organiz\u00e1torom v\u00fdstavy je \u017dilinsk\u00fd samospr\u00e1vny kraj, Pova\u017esk\u00e9 m\u00fazeum v \u017diline a Umeleck\u00e1 beseda slovensk\u00e1.<\/p>\n","protected":false},"excerpt":{"rendered":"<p>Pred rokom Pova\u017esk\u00e9 m\u00fazeum v \u017diline vyhl\u00e1silo anketu, ktorej cie\u013eom bolo zisti\u0165 popularitu jednotliv\u00fdch podujat\u00ed u n\u00e1v\u0161tevn\u00edkov hradu Stre\u010dno. Respondenti medzi najatrakt\u00edvnej\u0161ie produkty hradu zaradili aj tradi\u010dn\u00fd cyklus v\u00fdstav pod n\u00e1zvom Umenie na hrade, ktor\u00fd u\u017e siedmy rok prezentuje s\u00fa\u010dasn\u00fa umeleck\u00fa tvorbu v\u00fdtvarn\u00edkov \u017eilinsk\u00e9ho regi\u00f3nu. Len v mesiaci j\u00fal 2010 nav\u0161t\u00edvilo v\u00fdstavu Modr\u00e9 a \u010derven\u00e9 [&hellip;]<\/p>\n","protected":false},"author":2,"featured_media":0,"comment_status":"closed","ping_status":"closed","sticky":false,"template":"","format":"standard","meta":{"site-sidebar-layout":"default","site-content-layout":"","ast-site-content-layout":"","site-content-style":"default","site-sidebar-style":"default","ast-global-header-display":"","ast-banner-title-visibility":"","ast-main-header-display":"","ast-hfb-above-header-display":"","ast-hfb-below-header-display":"","ast-hfb-mobile-header-display":"","site-post-title":"","ast-breadcrumbs-content":"","ast-featured-img":"","footer-sml-layout":"","theme-transparent-header-meta":"","adv-header-id-meta":"","stick-header-meta":"","header-above-stick-meta":"","header-main-stick-meta":"","header-below-stick-meta":"","astra-migrate-meta-layouts":"default","ast-page-background-enabled":"default","ast-page-background-meta":{"desktop":{"background-color":"var(--ast-global-color-4)","background-image":"","background-repeat":"repeat","background-position":"center center","background-size":"auto","background-attachment":"scroll","background-type":"","background-media":"","overlay-type":"","overlay-color":"","overlay-opacity":"","overlay-gradient":""},"tablet":{"background-color":"","background-image":"","background-repeat":"repeat","background-position":"center center","background-size":"auto","background-attachment":"scroll","background-type":"","background-media":"","overlay-type":"","overlay-color":"","overlay-opacity":"","overlay-gradient":""},"mobile":{"background-color":"","background-image":"","background-repeat":"repeat","background-position":"center center","background-size":"auto","background-attachment":"scroll","background-type":"","background-media":"","overlay-type":"","overlay-color":"","overlay-opacity":"","overlay-gradient":""}},"ast-content-background-meta":{"desktop":{"background-color":"var(--ast-global-color-5)","background-image":"","background-repeat":"repeat","background-position":"center center","background-size":"auto","background-attachment":"scroll","background-type":"","background-media":"","overlay-type":"","overlay-color":"","overlay-opacity":"","overlay-gradient":""},"tablet":{"background-color":"var(--ast-global-color-5)","background-image":"","background-repeat":"repeat","background-position":"center center","background-size":"auto","background-attachment":"scroll","background-type":"","background-media":"","overlay-type":"","overlay-color":"","overlay-opacity":"","overlay-gradient":""},"mobile":{"background-color":"var(--ast-global-color-5)","background-image":"","background-repeat":"repeat","background-position":"center center","background-size":"auto","background-attachment":"scroll","background-type":"","background-media":"","overlay-type":"","overlay-color":"","overlay-opacity":"","overlay-gradient":""}},"footnotes":""},"categories":[29],"tags":[],"class_list":["post-1231","post","type-post","status-publish","format-standard","hentry","category-archiv-2010"],"yoast_head":"<!-- This site is optimized with the Yoast SEO plugin v27.4 - https:\/\/yoast.com\/product\/yoast-seo-wordpress\/ -->\n<title>Roky s Horeck\u00e9ho Rozsutcom - Pova\u017esk\u00e9 m\u00fazeum<\/title>\n<meta name=\"robots\" content=\"index, follow, max-snippet:-1, max-image-preview:large, max-video-preview:-1\" \/>\n<link rel=\"canonical\" href=\"https:\/\/pmza.sk\/?p=1231\" \/>\n<meta property=\"og:locale\" content=\"sk_SK\" \/>\n<meta property=\"og:type\" content=\"article\" \/>\n<meta property=\"og:title\" content=\"Roky s Horeck\u00e9ho Rozsutcom - Pova\u017esk\u00e9 m\u00fazeum\" \/>\n<meta property=\"og:description\" content=\"Pred rokom Pova\u017esk\u00e9 m\u00fazeum v \u017diline vyhl\u00e1silo anketu, ktorej cie\u013eom bolo zisti\u0165 popularitu jednotliv\u00fdch podujat\u00ed u n\u00e1v\u0161tevn\u00edkov hradu Stre\u010dno. Respondenti medzi najatrakt\u00edvnej\u0161ie produkty hradu zaradili aj tradi\u010dn\u00fd cyklus v\u00fdstav pod n\u00e1zvom Umenie na hrade, ktor\u00fd u\u017e siedmy rok prezentuje s\u00fa\u010dasn\u00fa umeleck\u00fa tvorbu v\u00fdtvarn\u00edkov \u017eilinsk\u00e9ho regi\u00f3nu. Len v mesiaci j\u00fal 2010 nav\u0161t\u00edvilo v\u00fdstavu Modr\u00e9 a \u010derven\u00e9 [&hellip;]\" \/>\n<meta property=\"og:url\" content=\"https:\/\/pmza.sk\/?p=1231\" \/>\n<meta property=\"og:site_name\" content=\"Pova\u017esk\u00e9 m\u00fazeum\" \/>\n<meta property=\"article:publisher\" content=\"https:\/\/www.facebook.com\/povazskemuzeum\" \/>\n<meta property=\"article:published_time\" content=\"2010-08-20T07:16:49+00:00\" \/>\n<meta property=\"og:image\" content=\"https:\/\/pmza.sk.sk\/wp-content\/uploads\/2010\/08\/Horecky-hrad-Strecno-240x300.jpg\" \/>\n<meta name=\"author\" content=\"Pova\u017esk\u00e9 m\u00fazeum\" \/>\n<meta name=\"twitter:card\" content=\"summary_large_image\" \/>\n<meta name=\"twitter:label1\" content=\"Autor\" \/>\n\t<meta name=\"twitter:data1\" content=\"Pova\u017esk\u00e9 m\u00fazeum\" \/>\n\t<meta name=\"twitter:label2\" content=\"Predpokladan\u00fd \u010das \u010d\u00edtania\" \/>\n\t<meta name=\"twitter:data2\" content=\"2 min\u00faty\" \/>\n<script type=\"application\/ld+json\" class=\"yoast-schema-graph\">{\"@context\":\"https:\\\/\\\/schema.org\",\"@graph\":[{\"@type\":\"Article\",\"@id\":\"https:\\\/\\\/pmza.sk\\\/?p=1231#article\",\"isPartOf\":{\"@id\":\"https:\\\/\\\/pmza.sk\\\/?p=1231\"},\"author\":{\"name\":\"Pova\u017esk\u00e9 m\u00fazeum\",\"@id\":\"https:\\\/\\\/pmza.sk\\\/#\\\/schema\\\/person\\\/595e6a2ce731ea94dcd5d7f50a41ae33\"},\"headline\":\"Roky s Horeck\u00e9ho Rozsutcom\",\"datePublished\":\"2010-08-20T07:16:49+00:00\",\"mainEntityOfPage\":{\"@id\":\"https:\\\/\\\/pmza.sk\\\/?p=1231\"},\"wordCount\":406,\"publisher\":{\"@id\":\"https:\\\/\\\/pmza.sk\\\/#organization\"},\"image\":{\"@id\":\"https:\\\/\\\/pmza.sk\\\/?p=1231#primaryimage\"},\"thumbnailUrl\":\"http:\\\/\\\/pmza.sk.sk\\\/wp-content\\\/uploads\\\/2010\\\/08\\\/Horecky-hrad-Strecno-240x300.jpg\",\"articleSection\":[\"Arch\u00edv 2010\"],\"inLanguage\":\"sk-SK\"},{\"@type\":\"WebPage\",\"@id\":\"https:\\\/\\\/pmza.sk\\\/?p=1231\",\"url\":\"https:\\\/\\\/pmza.sk\\\/?p=1231\",\"name\":\"Roky s Horeck\u00e9ho Rozsutcom - Pova\u017esk\u00e9 m\u00fazeum\",\"isPartOf\":{\"@id\":\"https:\\\/\\\/pmza.sk\\\/#website\"},\"primaryImageOfPage\":{\"@id\":\"https:\\\/\\\/pmza.sk\\\/?p=1231#primaryimage\"},\"image\":{\"@id\":\"https:\\\/\\\/pmza.sk\\\/?p=1231#primaryimage\"},\"thumbnailUrl\":\"http:\\\/\\\/pmza.sk.sk\\\/wp-content\\\/uploads\\\/2010\\\/08\\\/Horecky-hrad-Strecno-240x300.jpg\",\"datePublished\":\"2010-08-20T07:16:49+00:00\",\"breadcrumb\":{\"@id\":\"https:\\\/\\\/pmza.sk\\\/?p=1231#breadcrumb\"},\"inLanguage\":\"sk-SK\",\"potentialAction\":[{\"@type\":\"ReadAction\",\"target\":[\"https:\\\/\\\/pmza.sk\\\/?p=1231\"]}]},{\"@type\":\"ImageObject\",\"inLanguage\":\"sk-SK\",\"@id\":\"https:\\\/\\\/pmza.sk\\\/?p=1231#primaryimage\",\"url\":\"http:\\\/\\\/pmza.sk.sk\\\/wp-content\\\/uploads\\\/2010\\\/08\\\/Horecky-hrad-Strecno-240x300.jpg\",\"contentUrl\":\"http:\\\/\\\/pmza.sk.sk\\\/wp-content\\\/uploads\\\/2010\\\/08\\\/Horecky-hrad-Strecno-240x300.jpg\"},{\"@type\":\"BreadcrumbList\",\"@id\":\"https:\\\/\\\/pmza.sk\\\/?p=1231#breadcrumb\",\"itemListElement\":[{\"@type\":\"ListItem\",\"position\":1,\"name\":\"Domovsk\u00e1 str\u00e1nka\",\"item\":\"https:\\\/\\\/pmza.sk\\\/\"},{\"@type\":\"ListItem\",\"position\":2,\"name\":\"Roky s Horeck\u00e9ho Rozsutcom\"}]},{\"@type\":\"WebSite\",\"@id\":\"https:\\\/\\\/pmza.sk\\\/#website\",\"url\":\"https:\\\/\\\/pmza.sk\\\/\",\"name\":\"Pova\u017esk\u00e9 m\u00fazeum\",\"description\":\"Pova\u017esk\u00e9 m\u00fazeum v \u017diline je region\u00e1lne m\u00fazeum so s\u00eddlom v Budat\u00edne. Jeho expoz\u00edcie s\u00fa zameran\u00e9 na dejiny slovensk\u00e9ho umenia, kult\u00fary a dopravy.\",\"publisher\":{\"@id\":\"https:\\\/\\\/pmza.sk\\\/#organization\"},\"potentialAction\":[{\"@type\":\"SearchAction\",\"target\":{\"@type\":\"EntryPoint\",\"urlTemplate\":\"https:\\\/\\\/pmza.sk\\\/?s={search_term_string}\"},\"query-input\":{\"@type\":\"PropertyValueSpecification\",\"valueRequired\":true,\"valueName\":\"search_term_string\"}}],\"inLanguage\":\"sk-SK\"},{\"@type\":\"Organization\",\"@id\":\"https:\\\/\\\/pmza.sk\\\/#organization\",\"name\":\"Pova\u017esk\u00e9 m\u00fazeum\",\"url\":\"https:\\\/\\\/pmza.sk\\\/\",\"logo\":{\"@type\":\"ImageObject\",\"inLanguage\":\"sk-SK\",\"@id\":\"https:\\\/\\\/pmza.sk\\\/#\\\/schema\\\/logo\\\/image\\\/\",\"url\":\"https:\\\/\\\/pmza.sk\\\/wp-content\\\/uploads\\\/2022\\\/01\\\/logo_PM_horizontal.jpg\",\"contentUrl\":\"https:\\\/\\\/pmza.sk\\\/wp-content\\\/uploads\\\/2022\\\/01\\\/logo_PM_horizontal.jpg\",\"width\":231,\"height\":142,\"caption\":\"Pova\u017esk\u00e9 m\u00fazeum\"},\"image\":{\"@id\":\"https:\\\/\\\/pmza.sk\\\/#\\\/schema\\\/logo\\\/image\\\/\"},\"sameAs\":[\"https:\\\/\\\/www.facebook.com\\\/povazskemuzeum\",\"https:\\\/\\\/www.instagram.com\\\/povazskemuzeum\\\/\"]},{\"@type\":\"Person\",\"@id\":\"https:\\\/\\\/pmza.sk\\\/#\\\/schema\\\/person\\\/595e6a2ce731ea94dcd5d7f50a41ae33\",\"name\":\"Pova\u017esk\u00e9 m\u00fazeum\",\"image\":{\"@type\":\"ImageObject\",\"inLanguage\":\"sk-SK\",\"@id\":\"https:\\\/\\\/secure.gravatar.com\\\/avatar\\\/2bb7f1561282132fb5826dfeccc66c7996d11ee392ac6aaf7ced8a1c2027fbb2?s=96&d=mm&r=g\",\"url\":\"https:\\\/\\\/secure.gravatar.com\\\/avatar\\\/2bb7f1561282132fb5826dfeccc66c7996d11ee392ac6aaf7ced8a1c2027fbb2?s=96&d=mm&r=g\",\"contentUrl\":\"https:\\\/\\\/secure.gravatar.com\\\/avatar\\\/2bb7f1561282132fb5826dfeccc66c7996d11ee392ac6aaf7ced8a1c2027fbb2?s=96&d=mm&r=g\",\"caption\":\"Pova\u017esk\u00e9 m\u00fazeum\"}}]}<\/script>\n<!-- \/ Yoast SEO plugin. -->","yoast_head_json":{"title":"Roky s Horeck\u00e9ho Rozsutcom - Pova\u017esk\u00e9 m\u00fazeum","robots":{"index":"index","follow":"follow","max-snippet":"max-snippet:-1","max-image-preview":"max-image-preview:large","max-video-preview":"max-video-preview:-1"},"canonical":"https:\/\/pmza.sk\/?p=1231","og_locale":"sk_SK","og_type":"article","og_title":"Roky s Horeck\u00e9ho Rozsutcom - Pova\u017esk\u00e9 m\u00fazeum","og_description":"Pred rokom Pova\u017esk\u00e9 m\u00fazeum v \u017diline vyhl\u00e1silo anketu, ktorej cie\u013eom bolo zisti\u0165 popularitu jednotliv\u00fdch podujat\u00ed u n\u00e1v\u0161tevn\u00edkov hradu Stre\u010dno. Respondenti medzi najatrakt\u00edvnej\u0161ie produkty hradu zaradili aj tradi\u010dn\u00fd cyklus v\u00fdstav pod n\u00e1zvom Umenie na hrade, ktor\u00fd u\u017e siedmy rok prezentuje s\u00fa\u010dasn\u00fa umeleck\u00fa tvorbu v\u00fdtvarn\u00edkov \u017eilinsk\u00e9ho regi\u00f3nu. Len v mesiaci j\u00fal 2010 nav\u0161t\u00edvilo v\u00fdstavu Modr\u00e9 a \u010derven\u00e9 [&hellip;]","og_url":"https:\/\/pmza.sk\/?p=1231","og_site_name":"Pova\u017esk\u00e9 m\u00fazeum","article_publisher":"https:\/\/www.facebook.com\/povazskemuzeum","article_published_time":"2010-08-20T07:16:49+00:00","og_image":[{"url":"https:\/\/pmza.sk.sk\/wp-content\/uploads\/2010\/08\/Horecky-hrad-Strecno-240x300.jpg","type":"","width":"","height":""}],"author":"Pova\u017esk\u00e9 m\u00fazeum","twitter_card":"summary_large_image","twitter_misc":{"Autor":"Pova\u017esk\u00e9 m\u00fazeum","Predpokladan\u00fd \u010das \u010d\u00edtania":"2 min\u00faty"},"schema":{"@context":"https:\/\/schema.org","@graph":[{"@type":"Article","@id":"https:\/\/pmza.sk\/?p=1231#article","isPartOf":{"@id":"https:\/\/pmza.sk\/?p=1231"},"author":{"name":"Pova\u017esk\u00e9 m\u00fazeum","@id":"https:\/\/pmza.sk\/#\/schema\/person\/595e6a2ce731ea94dcd5d7f50a41ae33"},"headline":"Roky s Horeck\u00e9ho Rozsutcom","datePublished":"2010-08-20T07:16:49+00:00","mainEntityOfPage":{"@id":"https:\/\/pmza.sk\/?p=1231"},"wordCount":406,"publisher":{"@id":"https:\/\/pmza.sk\/#organization"},"image":{"@id":"https:\/\/pmza.sk\/?p=1231#primaryimage"},"thumbnailUrl":"https:\/\/pmza.sk.sk\/wp-content\/uploads\/2010\/08\/Horecky-hrad-Strecno-240x300.jpg","articleSection":["Arch\u00edv 2010"],"inLanguage":"sk-SK"},{"@type":"WebPage","@id":"https:\/\/pmza.sk\/?p=1231","url":"https:\/\/pmza.sk\/?p=1231","name":"Roky s Horeck\u00e9ho Rozsutcom - Pova\u017esk\u00e9 m\u00fazeum","isPartOf":{"@id":"https:\/\/pmza.sk\/#website"},"primaryImageOfPage":{"@id":"https:\/\/pmza.sk\/?p=1231#primaryimage"},"image":{"@id":"https:\/\/pmza.sk\/?p=1231#primaryimage"},"thumbnailUrl":"https:\/\/pmza.sk.sk\/wp-content\/uploads\/2010\/08\/Horecky-hrad-Strecno-240x300.jpg","datePublished":"2010-08-20T07:16:49+00:00","breadcrumb":{"@id":"https:\/\/pmza.sk\/?p=1231#breadcrumb"},"inLanguage":"sk-SK","potentialAction":[{"@type":"ReadAction","target":["https:\/\/pmza.sk\/?p=1231"]}]},{"@type":"ImageObject","inLanguage":"sk-SK","@id":"https:\/\/pmza.sk\/?p=1231#primaryimage","url":"https:\/\/pmza.sk.sk\/wp-content\/uploads\/2010\/08\/Horecky-hrad-Strecno-240x300.jpg","contentUrl":"https:\/\/pmza.sk.sk\/wp-content\/uploads\/2010\/08\/Horecky-hrad-Strecno-240x300.jpg"},{"@type":"BreadcrumbList","@id":"https:\/\/pmza.sk\/?p=1231#breadcrumb","itemListElement":[{"@type":"ListItem","position":1,"name":"Domovsk\u00e1 str\u00e1nka","item":"https:\/\/pmza.sk\/"},{"@type":"ListItem","position":2,"name":"Roky s Horeck\u00e9ho Rozsutcom"}]},{"@type":"WebSite","@id":"https:\/\/pmza.sk\/#website","url":"https:\/\/pmza.sk\/","name":"Pova\u017esk\u00e9 m\u00fazeum","description":"Pova\u017esk\u00e9 m\u00fazeum v \u017diline je region\u00e1lne m\u00fazeum so s\u00eddlom v Budat\u00edne. Jeho expoz\u00edcie s\u00fa zameran\u00e9 na dejiny slovensk\u00e9ho umenia, kult\u00fary a dopravy.","publisher":{"@id":"https:\/\/pmza.sk\/#organization"},"potentialAction":[{"@type":"SearchAction","target":{"@type":"EntryPoint","urlTemplate":"https:\/\/pmza.sk\/?s={search_term_string}"},"query-input":{"@type":"PropertyValueSpecification","valueRequired":true,"valueName":"search_term_string"}}],"inLanguage":"sk-SK"},{"@type":"Organization","@id":"https:\/\/pmza.sk\/#organization","name":"Pova\u017esk\u00e9 m\u00fazeum","url":"https:\/\/pmza.sk\/","logo":{"@type":"ImageObject","inLanguage":"sk-SK","@id":"https:\/\/pmza.sk\/#\/schema\/logo\/image\/","url":"https:\/\/pmza.sk\/wp-content\/uploads\/2022\/01\/logo_PM_horizontal.jpg","contentUrl":"https:\/\/pmza.sk\/wp-content\/uploads\/2022\/01\/logo_PM_horizontal.jpg","width":231,"height":142,"caption":"Pova\u017esk\u00e9 m\u00fazeum"},"image":{"@id":"https:\/\/pmza.sk\/#\/schema\/logo\/image\/"},"sameAs":["https:\/\/www.facebook.com\/povazskemuzeum","https:\/\/www.instagram.com\/povazskemuzeum\/"]},{"@type":"Person","@id":"https:\/\/pmza.sk\/#\/schema\/person\/595e6a2ce731ea94dcd5d7f50a41ae33","name":"Pova\u017esk\u00e9 m\u00fazeum","image":{"@type":"ImageObject","inLanguage":"sk-SK","@id":"https:\/\/secure.gravatar.com\/avatar\/2bb7f1561282132fb5826dfeccc66c7996d11ee392ac6aaf7ced8a1c2027fbb2?s=96&d=mm&r=g","url":"https:\/\/secure.gravatar.com\/avatar\/2bb7f1561282132fb5826dfeccc66c7996d11ee392ac6aaf7ced8a1c2027fbb2?s=96&d=mm&r=g","contentUrl":"https:\/\/secure.gravatar.com\/avatar\/2bb7f1561282132fb5826dfeccc66c7996d11ee392ac6aaf7ced8a1c2027fbb2?s=96&d=mm&r=g","caption":"Pova\u017esk\u00e9 m\u00fazeum"}}]}},"_links":{"self":[{"href":"https:\/\/pmza.sk\/index.php?rest_route=\/wp\/v2\/posts\/1231","targetHints":{"allow":["GET"]}}],"collection":[{"href":"https:\/\/pmza.sk\/index.php?rest_route=\/wp\/v2\/posts"}],"about":[{"href":"https:\/\/pmza.sk\/index.php?rest_route=\/wp\/v2\/types\/post"}],"author":[{"embeddable":true,"href":"https:\/\/pmza.sk\/index.php?rest_route=\/wp\/v2\/users\/2"}],"replies":[{"embeddable":true,"href":"https:\/\/pmza.sk\/index.php?rest_route=%2Fwp%2Fv2%2Fcomments&post=1231"}],"version-history":[{"count":0,"href":"https:\/\/pmza.sk\/index.php?rest_route=\/wp\/v2\/posts\/1231\/revisions"}],"wp:attachment":[{"href":"https:\/\/pmza.sk\/index.php?rest_route=%2Fwp%2Fv2%2Fmedia&parent=1231"}],"wp:term":[{"taxonomy":"category","embeddable":true,"href":"https:\/\/pmza.sk\/index.php?rest_route=%2Fwp%2Fv2%2Fcategories&post=1231"},{"taxonomy":"post_tag","embeddable":true,"href":"https:\/\/pmza.sk\/index.php?rest_route=%2Fwp%2Fv2%2Ftags&post=1231"}],"curies":[{"name":"wp","href":"https:\/\/api.w.org\/{rel}","templated":true}]}}