{"id":12330,"date":"2015-05-07T11:32:11","date_gmt":"2015-05-07T09:32:11","guid":{"rendered":"https:\/\/pmza.sk.sk\/?p=12330"},"modified":"2015-05-07T11:32:11","modified_gmt":"2015-05-07T09:32:11","slug":"budatinska-veza-otvorena-pocas-noci-muzei-a-galerii","status":"publish","type":"post","link":"https:\/\/pmza.sk\/?p=12330","title":{"rendered":"Budat\u00ednska ve\u017ea otvoren\u00e1 po\u010das Noci m\u00faze\u00ed a gal\u00e9ri\u00ed"},"content":{"rendered":"<p><a href=\"https:\/\/pmza.sk.sk\/wp-content\/uploads\/2010\/02\/IMG_3640-\u2013-k\u00f3pia.jpg\"><img decoding=\"async\" class=\"alignleft  wp-image-10293\" src=\"https:\/\/pmza.sk.sk\/wp-content\/uploads\/2010\/02\/IMG_3640-\u2013-k\u00f3pia.jpg\" alt=\"IMG_3640 \u2013 k\u00f3pia\" width=\"206\" height=\"137\" \/><\/a>Po\u010das medzin\u00e1rodn\u00e9ho podujatia <strong>Noc m\u00faze\u00ed a\u00a0gal\u00e9ri\u00ed<\/strong> bude v\u00a0sobotu <strong>16. m\u00e1ja 2015<\/strong> ve\u017ea Budat\u00ednskeho hradu otvoren\u00e1 pre n\u00e1v\u0161tevn\u00edkov a\u017e do 22. hodiny (s prest\u00e1vkou od 17.00 do 18.00 hod.).<\/p>\n<p>Pova\u017esk\u00e9 m\u00fazeum v\u00a0\u017diline (PMZA), ktor\u00e9 je v\u00a0zria\u010fovate\u013eskej p\u00f4sobnosti \u017dilinsk\u00e9ho samospr\u00e1vneho kraja, sa zap\u00e1ja do 11. ro\u010dn\u00edka ob\u013e\u00faben\u00e9ho podujatia Noc m\u00faze\u00ed a\u00a0gal\u00e9ri\u00ed. V\u00a0tento de\u0148 bude plati\u0165 spolo\u010dn\u00e9 vstupn\u00e9 3 \u20ac s\u00a0mo\u017enos\u0165ou nav\u0161t\u00edvi\u0165 v\u0161etky objekty PMZA (Sob\u00e1\u0161ny pal\u00e1c v\u00a0Byt\u010di je otvoren\u00fd celoro\u010dne bezplatne). V prvom nav\u0161t\u00edvenom objekte Pova\u017esk\u00e9ho m\u00fazea n\u00e1v\u0161tevn\u00edk zaplat\u00ed vstupn\u00e9 3 \u20ac a s touto vstupenkou, resp. pokladni\u010dn\u00fdm blokom mu bude umo\u017enen\u00fd vstup po cel\u00fd de\u0148\/noc do \u010fal\u0161\u00edch na\u0161ich expoz\u00edci\u00ed a\u00a0hradov (Hrad Stre\u010dno, Budat\u00ednsky hrad, M\u00fazeum dopravy v\u00a0Rajeck\u00fdch Tepliciach, Expoz\u00edcia J\u00e1no\u0161\u00edk a\u00a0Terchov\u00e1 v\u00a0Terchovej, Objekty \u013eudovej architekt\u00fary v\u00a0\u010ci\u010dmanoch).<!--more--><\/p>\n<p><em>\u201ePre na\u0161ich n\u00e1v\u0161tevn\u00edkov je <strong>v\u00a0are\u00e1li Budat\u00ednskeho hradu<\/strong> pripraven\u00e1 prehliadka\u00a0hradnej ve\u017ee a\u00a0v\u00fdstavy Kr\u00e1sa pravekej keramiky, pr\u00edbehy z Tis\u00edc a jednej noci, s\u00faboj Bega a Varad\u00edskeho kapit\u00e1na, sc\u00e9nick\u00e9 prevedenie Ai\u0161a a\u00a0Ali s\u00a0orient\u00e1lnymi tancami. Pestr\u00fd program je napl\u00e1novan\u00fd aj <strong>v\u00a0M\u00fazeu dopravy Rajeck\u00e9 Teplice<\/strong>, kde o\u00a015.30 za\u010dne prehliadka expoz\u00edcie spojen\u00e1 s\u00a0besedou s historikmi dopravy a pokusom sfunk\u010dni\u0165 star\u00fd Morseho telegraf. M\u00fazeum dopravy bude pr\u00edstupn\u00e9 verejnosti do 19.30 hod., Radenov dom s\u00a0expoz\u00edciou \u010ci\u010dmany, \u010ci\u010dmany, chim\u00e1rna dedina a\u00a0Dom \u010d. 42 bud\u00fa otvoren\u00e9 v\u00a0tento de\u0148 do 17.00, expoz\u00edcia v\u00a0Terchovej do 16.00 hod.,\u201c <\/em>povedala kult\u00farna mana\u017e\u00e9rka PMZA Andrea Luk\u00e1csov\u00e1. \u201e<em>No\u010dn\u00fa prehliadku bud\u00fa m\u00f4c\u0165 n\u00e1v\u0161tevn\u00edci absolvova\u0165 <strong>od 20. do 23. hodiny <\/strong>aj<strong> na hrade Stre\u010dno<\/strong>, kde si okrem nej vychutnaj\u00fa oh\u0148ov\u00fa \u0161ou a\u00a0pozorovanie no\u010dnej oblohy. Nav\u0161t\u00edvi\u0165 m\u00f4\u017eu diel\u0148u konzerv\u00e1tora keramiky v podhrad\u00ed a stredovek\u00fa dedinu Paseka,\u201c<\/em> uviedla spr\u00e1vky\u0148a hradu Stre\u010dno Katar\u00edna Rep\u00e1\u0148ov\u00e1.<\/p>\n<p><strong>Ve\u017ea<\/strong> Budat\u00ednskeho hradu bude otvoren\u00e1 po\u010das Noci m\u00faze\u00ed a\u00a0gal\u00e9ri\u00ed 16. m\u00e1ja od 9.00 do 17.00 hodiny a\u00a0potom od 18.00 do 22.00 hod. Prehliadky ve\u017ee po 18.00 hod. bud\u00fa realizovan\u00e9 ka\u017ed\u00fa hodinu. Prehliadka ve\u017ee je kapacitne obmedzen\u00e1 na po\u010det \u013eud\u00ed 25. <strong>Pred vstupom je potrebn\u00e9 ohl\u00e1si\u0165 sa v\u00a0pokladnici Pova\u017esk\u00e9ho m\u00fazea v\u00a0\u017diline v\u00a0administrat\u00edvnej budove.<\/strong><\/p>\n<p>Na Noci m\u00faze\u00ed a\u00a0gal\u00e9ri\u00ed v\u00a0objektoch PMZA sa spolupodie\u013ea Krajsk\u00e1 hvezd\u00e1re\u0148 v\u00a0\u017diline, Historicko &#8211; umeleck\u00e1 spolo\u010dnos\u0165 Bojn\u00edk z\u00a0Bojn\u00edc, Black Evils.<\/p>\n<p>11. ro\u010dn\u00edk Noci m\u00faze\u00ed a gal\u00e9ri\u00ed sa uskuto\u010dn\u00ed v jeden de\u0148 na celom Slovensku \u2013 16. m\u00e1ja. Rozhodnutie o Medzin\u00e1rodnom dni m\u00faze\u00ed prijala gener\u00e1lna konferencia Medzin\u00e1rodnej rady m\u00faze\u00ed ICOM v\u00a0Moskve v\u00a0roku 1977. Rezol\u00faciu o ustanoven\u00ed 18. m\u00e1ja za Medzin\u00e1rodn\u00fd de\u0148 m\u00faze\u00ed podporilo 108 n\u00e1rodn\u00fdch komit\u00e9tov.<\/p>\n<p>&nbsp;<\/p>\n<p><a href=\"https:\/\/pmza.sk\/wp-content\/uploads\/2015\/05\/AUDIO_pozvanka_NMG.mp3\">AUDIO POZV\u00c1NKA<\/a><\/p>\n<p>&nbsp;<\/p>\n","protected":false},"excerpt":{"rendered":"<p>Po\u010das medzin\u00e1rodn\u00e9ho podujatia Noc m\u00faze\u00ed a\u00a0gal\u00e9ri\u00ed bude v\u00a0sobotu 16. m\u00e1ja 2015 ve\u017ea Budat\u00ednskeho hradu otvoren\u00e1 pre n\u00e1v\u0161tevn\u00edkov a\u017e do 22. hodiny (s prest\u00e1vkou od 17.00 do 18.00 hod.). Pova\u017esk\u00e9 m\u00fazeum v\u00a0\u017diline (PMZA), ktor\u00e9 je v\u00a0zria\u010fovate\u013eskej p\u00f4sobnosti \u017dilinsk\u00e9ho samospr\u00e1vneho kraja, sa zap\u00e1ja do 11. ro\u010dn\u00edka ob\u013e\u00faben\u00e9ho podujatia Noc m\u00faze\u00ed a\u00a0gal\u00e9ri\u00ed. V\u00a0tento de\u0148 bude plati\u0165 spolo\u010dn\u00e9 vstupn\u00e9 [&hellip;]<\/p>\n","protected":false},"author":2,"featured_media":0,"comment_status":"closed","ping_status":"closed","sticky":false,"template":"","format":"standard","meta":{"site-sidebar-layout":"default","site-content-layout":"","ast-site-content-layout":"","site-content-style":"default","site-sidebar-style":"default","ast-global-header-display":"","ast-banner-title-visibility":"","ast-main-header-display":"","ast-hfb-above-header-display":"","ast-hfb-below-header-display":"","ast-hfb-mobile-header-display":"","site-post-title":"","ast-breadcrumbs-content":"","ast-featured-img":"","footer-sml-layout":"","theme-transparent-header-meta":"","adv-header-id-meta":"","stick-header-meta":"","header-above-stick-meta":"","header-main-stick-meta":"","header-below-stick-meta":"","astra-migrate-meta-layouts":"default","ast-page-background-enabled":"default","ast-page-background-meta":{"desktop":{"background-color":"var(--ast-global-color-4)","background-image":"","background-repeat":"repeat","background-position":"center center","background-size":"auto","background-attachment":"scroll","background-type":"","background-media":"","overlay-type":"","overlay-color":"","overlay-opacity":"","overlay-gradient":""},"tablet":{"background-color":"","background-image":"","background-repeat":"repeat","background-position":"center center","background-size":"auto","background-attachment":"scroll","background-type":"","background-media":"","overlay-type":"","overlay-color":"","overlay-opacity":"","overlay-gradient":""},"mobile":{"background-color":"","background-image":"","background-repeat":"repeat","background-position":"center center","background-size":"auto","background-attachment":"scroll","background-type":"","background-media":"","overlay-type":"","overlay-color":"","overlay-opacity":"","overlay-gradient":""}},"ast-content-background-meta":{"desktop":{"background-color":"var(--ast-global-color-5)","background-image":"","background-repeat":"repeat","background-position":"center center","background-size":"auto","background-attachment":"scroll","background-type":"","background-media":"","overlay-type":"","overlay-color":"","overlay-opacity":"","overlay-gradient":""},"tablet":{"background-color":"var(--ast-global-color-5)","background-image":"","background-repeat":"repeat","background-position":"center center","background-size":"auto","background-attachment":"scroll","background-type":"","background-media":"","overlay-type":"","overlay-color":"","overlay-opacity":"","overlay-gradient":""},"mobile":{"background-color":"var(--ast-global-color-5)","background-image":"","background-repeat":"repeat","background-position":"center center","background-size":"auto","background-attachment":"scroll","background-type":"","background-media":"","overlay-type":"","overlay-color":"","overlay-opacity":"","overlay-gradient":""}},"footnotes":""},"categories":[31],"tags":[],"class_list":["post-12330","post","type-post","status-publish","format-standard","hentry","category-aktuality"],"yoast_head":"<!-- This site is optimized with the Yoast SEO plugin v27.4 - https:\/\/yoast.com\/product\/yoast-seo-wordpress\/ -->\n<title>Budat\u00ednska ve\u017ea otvoren\u00e1 po\u010das Noci m\u00faze\u00ed a gal\u00e9ri\u00ed - Pova\u017esk\u00e9 m\u00fazeum<\/title>\n<meta name=\"robots\" content=\"index, follow, max-snippet:-1, max-image-preview:large, max-video-preview:-1\" \/>\n<link rel=\"canonical\" href=\"https:\/\/pmza.sk\/?p=12330\" \/>\n<meta property=\"og:locale\" content=\"sk_SK\" \/>\n<meta property=\"og:type\" content=\"article\" \/>\n<meta property=\"og:title\" content=\"Budat\u00ednska ve\u017ea otvoren\u00e1 po\u010das Noci m\u00faze\u00ed a gal\u00e9ri\u00ed - Pova\u017esk\u00e9 m\u00fazeum\" \/>\n<meta property=\"og:description\" content=\"Po\u010das medzin\u00e1rodn\u00e9ho podujatia Noc m\u00faze\u00ed a\u00a0gal\u00e9ri\u00ed bude v\u00a0sobotu 16. m\u00e1ja 2015 ve\u017ea Budat\u00ednskeho hradu otvoren\u00e1 pre n\u00e1v\u0161tevn\u00edkov a\u017e do 22. hodiny (s prest\u00e1vkou od 17.00 do 18.00 hod.). Pova\u017esk\u00e9 m\u00fazeum v\u00a0\u017diline (PMZA), ktor\u00e9 je v\u00a0zria\u010fovate\u013eskej p\u00f4sobnosti \u017dilinsk\u00e9ho samospr\u00e1vneho kraja, sa zap\u00e1ja do 11. ro\u010dn\u00edka ob\u013e\u00faben\u00e9ho podujatia Noc m\u00faze\u00ed a\u00a0gal\u00e9ri\u00ed. V\u00a0tento de\u0148 bude plati\u0165 spolo\u010dn\u00e9 vstupn\u00e9 [&hellip;]\" \/>\n<meta property=\"og:url\" content=\"https:\/\/pmza.sk\/?p=12330\" \/>\n<meta property=\"og:site_name\" content=\"Pova\u017esk\u00e9 m\u00fazeum\" \/>\n<meta property=\"article:publisher\" content=\"https:\/\/www.facebook.com\/povazskemuzeum\" \/>\n<meta property=\"article:published_time\" content=\"2015-05-07T09:32:11+00:00\" \/>\n<meta name=\"author\" content=\"Pova\u017esk\u00e9 m\u00fazeum\" \/>\n<meta name=\"twitter:card\" content=\"summary_large_image\" \/>\n<meta name=\"twitter:label1\" content=\"Autor\" \/>\n\t<meta name=\"twitter:data1\" content=\"Pova\u017esk\u00e9 m\u00fazeum\" \/>\n\t<meta name=\"twitter:label2\" content=\"Predpokladan\u00fd \u010das \u010d\u00edtania\" \/>\n\t<meta name=\"twitter:data2\" content=\"3 min\u00faty\" \/>\n<script type=\"application\/ld+json\" class=\"yoast-schema-graph\">{\"@context\":\"https:\\\/\\\/schema.org\",\"@graph\":[{\"@type\":\"Article\",\"@id\":\"https:\\\/\\\/pmza.sk\\\/?p=12330#article\",\"isPartOf\":{\"@id\":\"https:\\\/\\\/pmza.sk\\\/?p=12330\"},\"author\":{\"name\":\"Pova\u017esk\u00e9 m\u00fazeum\",\"@id\":\"https:\\\/\\\/pmza.sk\\\/#\\\/schema\\\/person\\\/595e6a2ce731ea94dcd5d7f50a41ae33\"},\"headline\":\"Budat\u00ednska ve\u017ea otvoren\u00e1 po\u010das Noci m\u00faze\u00ed a gal\u00e9ri\u00ed\",\"datePublished\":\"2015-05-07T09:32:11+00:00\",\"mainEntityOfPage\":{\"@id\":\"https:\\\/\\\/pmza.sk\\\/?p=12330\"},\"wordCount\":538,\"publisher\":{\"@id\":\"https:\\\/\\\/pmza.sk\\\/#organization\"},\"articleSection\":[\"Aktuality\"],\"inLanguage\":\"sk-SK\"},{\"@type\":\"WebPage\",\"@id\":\"https:\\\/\\\/pmza.sk\\\/?p=12330\",\"url\":\"https:\\\/\\\/pmza.sk\\\/?p=12330\",\"name\":\"Budat\u00ednska ve\u017ea otvoren\u00e1 po\u010das Noci m\u00faze\u00ed a gal\u00e9ri\u00ed - Pova\u017esk\u00e9 m\u00fazeum\",\"isPartOf\":{\"@id\":\"https:\\\/\\\/pmza.sk\\\/#website\"},\"datePublished\":\"2015-05-07T09:32:11+00:00\",\"breadcrumb\":{\"@id\":\"https:\\\/\\\/pmza.sk\\\/?p=12330#breadcrumb\"},\"inLanguage\":\"sk-SK\",\"potentialAction\":[{\"@type\":\"ReadAction\",\"target\":[\"https:\\\/\\\/pmza.sk\\\/?p=12330\"]}]},{\"@type\":\"BreadcrumbList\",\"@id\":\"https:\\\/\\\/pmza.sk\\\/?p=12330#breadcrumb\",\"itemListElement\":[{\"@type\":\"ListItem\",\"position\":1,\"name\":\"Domovsk\u00e1 str\u00e1nka\",\"item\":\"https:\\\/\\\/pmza.sk\\\/\"},{\"@type\":\"ListItem\",\"position\":2,\"name\":\"Budat\u00ednska ve\u017ea otvoren\u00e1 po\u010das Noci m\u00faze\u00ed a gal\u00e9ri\u00ed\"}]},{\"@type\":\"WebSite\",\"@id\":\"https:\\\/\\\/pmza.sk\\\/#website\",\"url\":\"https:\\\/\\\/pmza.sk\\\/\",\"name\":\"Pova\u017esk\u00e9 m\u00fazeum\",\"description\":\"Pova\u017esk\u00e9 m\u00fazeum v \u017diline je region\u00e1lne m\u00fazeum so s\u00eddlom v Budat\u00edne. Jeho expoz\u00edcie s\u00fa zameran\u00e9 na dejiny slovensk\u00e9ho umenia, kult\u00fary a dopravy.\",\"publisher\":{\"@id\":\"https:\\\/\\\/pmza.sk\\\/#organization\"},\"potentialAction\":[{\"@type\":\"SearchAction\",\"target\":{\"@type\":\"EntryPoint\",\"urlTemplate\":\"https:\\\/\\\/pmza.sk\\\/?s={search_term_string}\"},\"query-input\":{\"@type\":\"PropertyValueSpecification\",\"valueRequired\":true,\"valueName\":\"search_term_string\"}}],\"inLanguage\":\"sk-SK\"},{\"@type\":\"Organization\",\"@id\":\"https:\\\/\\\/pmza.sk\\\/#organization\",\"name\":\"Pova\u017esk\u00e9 m\u00fazeum\",\"url\":\"https:\\\/\\\/pmza.sk\\\/\",\"logo\":{\"@type\":\"ImageObject\",\"inLanguage\":\"sk-SK\",\"@id\":\"https:\\\/\\\/pmza.sk\\\/#\\\/schema\\\/logo\\\/image\\\/\",\"url\":\"https:\\\/\\\/pmza.sk\\\/wp-content\\\/uploads\\\/2022\\\/01\\\/logo_PM_horizontal.jpg\",\"contentUrl\":\"https:\\\/\\\/pmza.sk\\\/wp-content\\\/uploads\\\/2022\\\/01\\\/logo_PM_horizontal.jpg\",\"width\":231,\"height\":142,\"caption\":\"Pova\u017esk\u00e9 m\u00fazeum\"},\"image\":{\"@id\":\"https:\\\/\\\/pmza.sk\\\/#\\\/schema\\\/logo\\\/image\\\/\"},\"sameAs\":[\"https:\\\/\\\/www.facebook.com\\\/povazskemuzeum\",\"https:\\\/\\\/www.instagram.com\\\/povazskemuzeum\\\/\"]},{\"@type\":\"Person\",\"@id\":\"https:\\\/\\\/pmza.sk\\\/#\\\/schema\\\/person\\\/595e6a2ce731ea94dcd5d7f50a41ae33\",\"name\":\"Pova\u017esk\u00e9 m\u00fazeum\",\"image\":{\"@type\":\"ImageObject\",\"inLanguage\":\"sk-SK\",\"@id\":\"https:\\\/\\\/secure.gravatar.com\\\/avatar\\\/2bb7f1561282132fb5826dfeccc66c7996d11ee392ac6aaf7ced8a1c2027fbb2?s=96&d=mm&r=g\",\"url\":\"https:\\\/\\\/secure.gravatar.com\\\/avatar\\\/2bb7f1561282132fb5826dfeccc66c7996d11ee392ac6aaf7ced8a1c2027fbb2?s=96&d=mm&r=g\",\"contentUrl\":\"https:\\\/\\\/secure.gravatar.com\\\/avatar\\\/2bb7f1561282132fb5826dfeccc66c7996d11ee392ac6aaf7ced8a1c2027fbb2?s=96&d=mm&r=g\",\"caption\":\"Pova\u017esk\u00e9 m\u00fazeum\"}}]}<\/script>\n<!-- \/ Yoast SEO plugin. -->","yoast_head_json":{"title":"Budat\u00ednska ve\u017ea otvoren\u00e1 po\u010das Noci m\u00faze\u00ed a gal\u00e9ri\u00ed - Pova\u017esk\u00e9 m\u00fazeum","robots":{"index":"index","follow":"follow","max-snippet":"max-snippet:-1","max-image-preview":"max-image-preview:large","max-video-preview":"max-video-preview:-1"},"canonical":"https:\/\/pmza.sk\/?p=12330","og_locale":"sk_SK","og_type":"article","og_title":"Budat\u00ednska ve\u017ea otvoren\u00e1 po\u010das Noci m\u00faze\u00ed a gal\u00e9ri\u00ed - Pova\u017esk\u00e9 m\u00fazeum","og_description":"Po\u010das medzin\u00e1rodn\u00e9ho podujatia Noc m\u00faze\u00ed a\u00a0gal\u00e9ri\u00ed bude v\u00a0sobotu 16. m\u00e1ja 2015 ve\u017ea Budat\u00ednskeho hradu otvoren\u00e1 pre n\u00e1v\u0161tevn\u00edkov a\u017e do 22. hodiny (s prest\u00e1vkou od 17.00 do 18.00 hod.). Pova\u017esk\u00e9 m\u00fazeum v\u00a0\u017diline (PMZA), ktor\u00e9 je v\u00a0zria\u010fovate\u013eskej p\u00f4sobnosti \u017dilinsk\u00e9ho samospr\u00e1vneho kraja, sa zap\u00e1ja do 11. ro\u010dn\u00edka ob\u013e\u00faben\u00e9ho podujatia Noc m\u00faze\u00ed a\u00a0gal\u00e9ri\u00ed. V\u00a0tento de\u0148 bude plati\u0165 spolo\u010dn\u00e9 vstupn\u00e9 [&hellip;]","og_url":"https:\/\/pmza.sk\/?p=12330","og_site_name":"Pova\u017esk\u00e9 m\u00fazeum","article_publisher":"https:\/\/www.facebook.com\/povazskemuzeum","article_published_time":"2015-05-07T09:32:11+00:00","author":"Pova\u017esk\u00e9 m\u00fazeum","twitter_card":"summary_large_image","twitter_misc":{"Autor":"Pova\u017esk\u00e9 m\u00fazeum","Predpokladan\u00fd \u010das \u010d\u00edtania":"3 min\u00faty"},"schema":{"@context":"https:\/\/schema.org","@graph":[{"@type":"Article","@id":"https:\/\/pmza.sk\/?p=12330#article","isPartOf":{"@id":"https:\/\/pmza.sk\/?p=12330"},"author":{"name":"Pova\u017esk\u00e9 m\u00fazeum","@id":"https:\/\/pmza.sk\/#\/schema\/person\/595e6a2ce731ea94dcd5d7f50a41ae33"},"headline":"Budat\u00ednska ve\u017ea otvoren\u00e1 po\u010das Noci m\u00faze\u00ed a gal\u00e9ri\u00ed","datePublished":"2015-05-07T09:32:11+00:00","mainEntityOfPage":{"@id":"https:\/\/pmza.sk\/?p=12330"},"wordCount":538,"publisher":{"@id":"https:\/\/pmza.sk\/#organization"},"articleSection":["Aktuality"],"inLanguage":"sk-SK"},{"@type":"WebPage","@id":"https:\/\/pmza.sk\/?p=12330","url":"https:\/\/pmza.sk\/?p=12330","name":"Budat\u00ednska ve\u017ea otvoren\u00e1 po\u010das Noci m\u00faze\u00ed a gal\u00e9ri\u00ed - Pova\u017esk\u00e9 m\u00fazeum","isPartOf":{"@id":"https:\/\/pmza.sk\/#website"},"datePublished":"2015-05-07T09:32:11+00:00","breadcrumb":{"@id":"https:\/\/pmza.sk\/?p=12330#breadcrumb"},"inLanguage":"sk-SK","potentialAction":[{"@type":"ReadAction","target":["https:\/\/pmza.sk\/?p=12330"]}]},{"@type":"BreadcrumbList","@id":"https:\/\/pmza.sk\/?p=12330#breadcrumb","itemListElement":[{"@type":"ListItem","position":1,"name":"Domovsk\u00e1 str\u00e1nka","item":"https:\/\/pmza.sk\/"},{"@type":"ListItem","position":2,"name":"Budat\u00ednska ve\u017ea otvoren\u00e1 po\u010das Noci m\u00faze\u00ed a gal\u00e9ri\u00ed"}]},{"@type":"WebSite","@id":"https:\/\/pmza.sk\/#website","url":"https:\/\/pmza.sk\/","name":"Pova\u017esk\u00e9 m\u00fazeum","description":"Pova\u017esk\u00e9 m\u00fazeum v \u017diline je region\u00e1lne m\u00fazeum so s\u00eddlom v Budat\u00edne. Jeho expoz\u00edcie s\u00fa zameran\u00e9 na dejiny slovensk\u00e9ho umenia, kult\u00fary a dopravy.","publisher":{"@id":"https:\/\/pmza.sk\/#organization"},"potentialAction":[{"@type":"SearchAction","target":{"@type":"EntryPoint","urlTemplate":"https:\/\/pmza.sk\/?s={search_term_string}"},"query-input":{"@type":"PropertyValueSpecification","valueRequired":true,"valueName":"search_term_string"}}],"inLanguage":"sk-SK"},{"@type":"Organization","@id":"https:\/\/pmza.sk\/#organization","name":"Pova\u017esk\u00e9 m\u00fazeum","url":"https:\/\/pmza.sk\/","logo":{"@type":"ImageObject","inLanguage":"sk-SK","@id":"https:\/\/pmza.sk\/#\/schema\/logo\/image\/","url":"https:\/\/pmza.sk\/wp-content\/uploads\/2022\/01\/logo_PM_horizontal.jpg","contentUrl":"https:\/\/pmza.sk\/wp-content\/uploads\/2022\/01\/logo_PM_horizontal.jpg","width":231,"height":142,"caption":"Pova\u017esk\u00e9 m\u00fazeum"},"image":{"@id":"https:\/\/pmza.sk\/#\/schema\/logo\/image\/"},"sameAs":["https:\/\/www.facebook.com\/povazskemuzeum","https:\/\/www.instagram.com\/povazskemuzeum\/"]},{"@type":"Person","@id":"https:\/\/pmza.sk\/#\/schema\/person\/595e6a2ce731ea94dcd5d7f50a41ae33","name":"Pova\u017esk\u00e9 m\u00fazeum","image":{"@type":"ImageObject","inLanguage":"sk-SK","@id":"https:\/\/secure.gravatar.com\/avatar\/2bb7f1561282132fb5826dfeccc66c7996d11ee392ac6aaf7ced8a1c2027fbb2?s=96&d=mm&r=g","url":"https:\/\/secure.gravatar.com\/avatar\/2bb7f1561282132fb5826dfeccc66c7996d11ee392ac6aaf7ced8a1c2027fbb2?s=96&d=mm&r=g","contentUrl":"https:\/\/secure.gravatar.com\/avatar\/2bb7f1561282132fb5826dfeccc66c7996d11ee392ac6aaf7ced8a1c2027fbb2?s=96&d=mm&r=g","caption":"Pova\u017esk\u00e9 m\u00fazeum"}}]}},"_links":{"self":[{"href":"https:\/\/pmza.sk\/index.php?rest_route=\/wp\/v2\/posts\/12330","targetHints":{"allow":["GET"]}}],"collection":[{"href":"https:\/\/pmza.sk\/index.php?rest_route=\/wp\/v2\/posts"}],"about":[{"href":"https:\/\/pmza.sk\/index.php?rest_route=\/wp\/v2\/types\/post"}],"author":[{"embeddable":true,"href":"https:\/\/pmza.sk\/index.php?rest_route=\/wp\/v2\/users\/2"}],"replies":[{"embeddable":true,"href":"https:\/\/pmza.sk\/index.php?rest_route=%2Fwp%2Fv2%2Fcomments&post=12330"}],"version-history":[{"count":0,"href":"https:\/\/pmza.sk\/index.php?rest_route=\/wp\/v2\/posts\/12330\/revisions"}],"wp:attachment":[{"href":"https:\/\/pmza.sk\/index.php?rest_route=%2Fwp%2Fv2%2Fmedia&parent=12330"}],"wp:term":[{"taxonomy":"category","embeddable":true,"href":"https:\/\/pmza.sk\/index.php?rest_route=%2Fwp%2Fv2%2Fcategories&post=12330"},{"taxonomy":"post_tag","embeddable":true,"href":"https:\/\/pmza.sk\/index.php?rest_route=%2Fwp%2Fv2%2Ftags&post=12330"}],"curies":[{"name":"wp","href":"https:\/\/api.w.org\/{rel}","templated":true}]}}