{"id":12413,"date":"2015-05-15T17:38:36","date_gmt":"2015-05-15T15:38:36","guid":{"rendered":"https:\/\/pmza.sk.sk\/?p=12413"},"modified":"2015-05-15T17:38:36","modified_gmt":"2015-05-15T15:38:36","slug":"budatinsky-hrad-znovu-oziva","status":"publish","type":"post","link":"https:\/\/pmza.sk\/?p=12413","title":{"rendered":"Budat\u00ednsky hrad znovu o\u017e\u00edva"},"content":{"rendered":"<p><a href=\"https:\/\/pmza.sk\/wp-content\/uploads\/2015\/05\/ZSK_vystava-Jarna-krasa-v-hradnom-parku_2.jpg\"><img decoding=\"async\" class=\"alignleft  wp-image-12411\" src=\"https:\/\/pmza.sk\/wp-content\/uploads\/2015\/05\/ZSK_vystava-Jarna-krasa-v-hradnom-parku_2.jpg\" alt=\"\u017dSK_v\u00fdstava Jarn\u00e1 kr\u00e1sa v hradnom parku_2\" width=\"200\" height=\"133\" srcset=\"https:\/\/pmza.sk\/wp-content\/uploads\/2015\/05\/ZSK_vystava-Jarna-krasa-v-hradnom-parku_2.jpg 1024w, https:\/\/pmza.sk\/wp-content\/uploads\/2015\/05\/ZSK_vystava-Jarna-krasa-v-hradnom-parku_2-540x360.jpg 540w, https:\/\/pmza.sk\/wp-content\/uploads\/2015\/05\/ZSK_vystava-Jarna-krasa-v-hradnom-parku_2-768x512.jpg 768w, https:\/\/pmza.sk\/wp-content\/uploads\/2015\/05\/ZSK_vystava-Jarna-krasa-v-hradnom-parku_2-600x400.jpg 600w\" sizes=\"(max-width: 200px) 100vw, 200px\" \/><\/a>Starostlivos\u0165 o\u00a0kult\u00farne pamiatky je dlhodobo jednou z\u00a0prior\u00edt \u017dilinskej \u017eupy. V\u00a0regi\u00f3ne Horn\u00e9ho Pova\u017eia patr\u00ed medzi dominanty \u017diliny pr\u00e1ve Budat\u00ednsky hrad, ktor\u00fd sa dar\u00ed \u017dilinsk\u00e9mu samospr\u00e1vnemu kraju postupne obnovova\u0165 a\u00a0rekon\u0161truova\u0165 u\u017e od roku 2009. Po\u010das tohto obdobia zrealizovala \u017eupa revitaliz\u00e1ciu hradn\u00e9ho parku a kompletn\u00fa rekon\u0161trukciu ve\u017ee a za\u010dala tie\u017e s\u00a0obnovou kaplnky a\u00a0op\u00e4tovn\u00fdm vyu\u017e\u00edvan\u00edm hradu na expozi\u010dn\u00e9 \u00fa\u010dely. <!--more-->\u201eDo Budat\u00ednskeho hradu putovali od za\u010datia z\u00e1chrany na\u0161ej n\u00e1rodnej kult\u00farnej pamiatky invest\u00edcie v\u00a0celkovej hodnote opr\u00e1vnen\u00fdch v\u00fddavkov 4,4 mil. eur a\u00a0podarilo sa n\u00e1m nielen vr\u00e1ti\u0165 do hradu m\u00fazeum, ale da\u0165 budove sp\u00e4\u0165 jej kr\u00e1su a\u00a0historick\u00fd n\u00e1dych. Moment\u00e1lne sme podali \u017eiados\u0165 na nov\u00fd projekt Bez bari\u00e9r na Budat\u00ednsky hrad, ktor\u00fdm by sme chceli v\u00a0priestoroch b\u00fdvalej hospod\u00e1rskej budovy vytvori\u0165 miesto pre expoz\u00edciu drot\u00e1rstva a\u00a0obohati\u0165 tak prehliadky n\u00e1v\u0161tevn\u00edkov o\u00a0\u010fal\u0161iu \u010das\u0165 na\u0161ej hist\u00f3rie,\u201c informoval J. Blan\u00e1r.<\/p>\n<p>Are\u00e1l Budat\u00ednskeho hradu sa na jar preb\u00fadza k\u00a0\u017eivotu a\u00a0v\u010faka \u00faspe\u0161n\u00fdm projektom a\u00a0rekon\u0161trukci\u00e1m sa st\u00e1va vyh\u013ead\u00e1van\u00fdm miestom pre turistov, ale aj organiz\u00e1torov rozli\u010dn\u00fdch podujat\u00ed. U\u017e po \u0161tvrt\u00fdkr\u00e1t sa v\u00a0hradnom parku uskuto\u010dn\u00ed v\u00a0d\u0148och 15. \u2013 17. 5. 2015 v\u00fdstava rastl\u00edn a\u00a0v\u010del\u00e1rskych produktov pod n\u00e1zvom Jarn\u00e1 kr\u00e1sa. Ob\u010dianske zdru\u017eenie Mal\u00e1 Fatra, Pova\u017esk\u00e9 m\u00fazeum v\u00a0\u017diline a\u00a0Stredn\u00e1 odborn\u00e1 \u0161kola po\u013enohospod\u00e1rstva a\u00a0slu\u017eieb na vidieku dnes otvorili v\u00fdstavu s\u00a0medzin\u00e1rodnou \u00fa\u010das\u0165ou pod z\u00e1\u0161titou predsedu \u017dSK Juraja Blan\u00e1ra. Pod\u013ea slov predsedn\u00ed\u010dky OZ Mal\u00e1 Fatra Dariny Funt\u00edkovej sa n\u00e1v\u0161tevn\u00edci m\u00f4\u017eu po\u010das v\u00edkendu te\u0161i\u0165 na mno\u017estvo expon\u00e1tov, medzi ktor\u00fdmi sa objavia exotick\u00e9 kaktusy a\u00a0sukulenty, tillandsie, ob\u013e\u00faben\u00e9 orchidey, skalni\u010dky, balk\u00f3nov\u00e9 rastliny, trvalky \u010di bonsaje, popul\u00e1rne m\u00e4so\u017erav\u00e9 rastliny, ale aj v\u010del\u00ed med, medovina a\u00a0kozmetick\u00e9 pr\u00edpravky s\u00a0propolisom a\u00a0materskou ka\u0161i\u010dkou. V\u00fdstava pon\u00faka okrem \u017eiv\u00fdch kvetov i\u00a0uk\u00e1\u017eky remeseln\u00edckych pr\u00e1c, aran\u017eovania kyt\u00edc, pestovate\u013esk\u00e9 tipy a\u00a0s\u00fa\u010dasn\u00e9 trendy, prezent\u00e1ciu z\u00e1hradn\u00fdch doplnkov a\u00a0z\u00e1hradnej techniky a\u00a0taktie\u017e odborn\u00e9 predn\u00e1\u0161ky na r\u00f4zne t\u00e9my, ktor\u00e9 ka\u017edoro\u010dne l\u00e1kaj\u00fa odborn\u00edkov i\u00a0laick\u00fa verejnos\u0165. \u201eSom r\u00e1d, \u017ee pr\u00e1ve Budat\u00ednsky hrad host\u00ed dne\u0161n\u00fa v\u00fdstavu pln\u00fa \u017eiariv\u00fdch kvetov, ktor\u00e9 symbolizuj\u00fa nov\u00fd \u017eivot a\u00a0otvorenie letnej sez\u00f3ny\u00a0tejto kult\u00farnej pamiatky,\u201c povedal \u017eilinsk\u00fd \u017eupan po\u010das n\u00e1v\u0161tevy v\u00fdstavy.<\/p>\n<p>Lenka Z\u00e1tekov\u00e1, hovorky\u0148a \u017dSK<\/p>\n<p><a href=\"https:\/\/pmza.sk\/wp-content\/uploads\/2015\/05\/ZSK_vystava-Jarna-krasa-v-hradnom-parku_3.jpg\"><img decoding=\"async\" class=\"alignleft  wp-image-12412\" src=\"https:\/\/pmza.sk\/wp-content\/uploads\/2015\/05\/ZSK_vystava-Jarna-krasa-v-hradnom-parku_3.jpg\" alt=\"\u017dSK_v\u00fdstava Jarn\u00e1 kr\u00e1sa v hradnom parku_3\" width=\"195\" height=\"130\" srcset=\"https:\/\/pmza.sk\/wp-content\/uploads\/2015\/05\/ZSK_vystava-Jarna-krasa-v-hradnom-parku_3.jpg 1024w, https:\/\/pmza.sk\/wp-content\/uploads\/2015\/05\/ZSK_vystava-Jarna-krasa-v-hradnom-parku_3-540x360.jpg 540w, https:\/\/pmza.sk\/wp-content\/uploads\/2015\/05\/ZSK_vystava-Jarna-krasa-v-hradnom-parku_3-768x512.jpg 768w, https:\/\/pmza.sk\/wp-content\/uploads\/2015\/05\/ZSK_vystava-Jarna-krasa-v-hradnom-parku_3-600x400.jpg 600w\" sizes=\"(max-width: 195px) 100vw, 195px\" \/><\/a> <a href=\"https:\/\/pmza.sk\/wp-content\/uploads\/2015\/05\/ZSK_vystava-Jarna-krasa-v-hradnom-parku_1.jpg\"><img decoding=\"async\" class=\"alignleft  wp-image-12410\" src=\"https:\/\/pmza.sk\/wp-content\/uploads\/2015\/05\/ZSK_vystava-Jarna-krasa-v-hradnom-parku_1.jpg\" alt=\"\u017dSK_v\u00fdstava Jarn\u00e1 kr\u00e1sa v hradnom parku_1\" width=\"179\" height=\"131\" srcset=\"https:\/\/pmza.sk\/wp-content\/uploads\/2015\/05\/ZSK_vystava-Jarna-krasa-v-hradnom-parku_1.jpg 1024w, https:\/\/pmza.sk\/wp-content\/uploads\/2015\/05\/ZSK_vystava-Jarna-krasa-v-hradnom-parku_1-493x360.jpg 493w, https:\/\/pmza.sk\/wp-content\/uploads\/2015\/05\/ZSK_vystava-Jarna-krasa-v-hradnom-parku_1-1008x736.jpg 1008w, https:\/\/pmza.sk\/wp-content\/uploads\/2015\/05\/ZSK_vystava-Jarna-krasa-v-hradnom-parku_1-768x561.jpg 768w, https:\/\/pmza.sk\/wp-content\/uploads\/2015\/05\/ZSK_vystava-Jarna-krasa-v-hradnom-parku_1-600x438.jpg 600w\" sizes=\"(max-width: 179px) 100vw, 179px\" \/><\/a> <a href=\"https:\/\/pmza.sk\/wp-content\/uploads\/2015\/05\/ZSK_Slavnostne-otvorenie-vystavy-Jarna-krasa1.jpg\"><img loading=\"lazy\" decoding=\"async\" class=\"alignleft  wp-image-12409\" src=\"https:\/\/pmza.sk\/wp-content\/uploads\/2015\/05\/ZSK_Slavnostne-otvorenie-vystavy-Jarna-krasa1.jpg\" alt=\"\u017dSK_Sl\u00e1vnostn\u00e9 otvorenie v\u00fdstavy Jarn\u00e1 kr\u00e1sa\" width=\"196\" height=\"131\" srcset=\"https:\/\/pmza.sk\/wp-content\/uploads\/2015\/05\/ZSK_Slavnostne-otvorenie-vystavy-Jarna-krasa1.jpg 1024w, https:\/\/pmza.sk\/wp-content\/uploads\/2015\/05\/ZSK_Slavnostne-otvorenie-vystavy-Jarna-krasa1-540x360.jpg 540w, https:\/\/pmza.sk\/wp-content\/uploads\/2015\/05\/ZSK_Slavnostne-otvorenie-vystavy-Jarna-krasa1-768x512.jpg 768w, https:\/\/pmza.sk\/wp-content\/uploads\/2015\/05\/ZSK_Slavnostne-otvorenie-vystavy-Jarna-krasa1-600x400.jpg 600w\" sizes=\"(max-width: 196px) 100vw, 196px\" \/><\/a><\/p>\n<p>&nbsp;<\/p>\n<p>&nbsp;<\/p>\n<p>&nbsp;<\/p>\n<p>&nbsp;<\/p>\n<p>&nbsp;<\/p>\n","protected":false},"excerpt":{"rendered":"<p>Starostlivos\u0165 o\u00a0kult\u00farne pamiatky je dlhodobo jednou z\u00a0prior\u00edt \u017dilinskej \u017eupy. V\u00a0regi\u00f3ne Horn\u00e9ho Pova\u017eia patr\u00ed medzi dominanty \u017diliny pr\u00e1ve Budat\u00ednsky hrad, ktor\u00fd sa dar\u00ed \u017dilinsk\u00e9mu samospr\u00e1vnemu kraju postupne obnovova\u0165 a\u00a0rekon\u0161truova\u0165 u\u017e od roku 2009. Po\u010das tohto obdobia zrealizovala \u017eupa revitaliz\u00e1ciu hradn\u00e9ho parku a kompletn\u00fa rekon\u0161trukciu ve\u017ee a za\u010dala tie\u017e s\u00a0obnovou kaplnky a\u00a0op\u00e4tovn\u00fdm vyu\u017e\u00edvan\u00edm hradu na expozi\u010dn\u00e9 \u00fa\u010dely.<\/p>\n","protected":false},"author":2,"featured_media":0,"comment_status":"closed","ping_status":"closed","sticky":false,"template":"","format":"standard","meta":{"site-sidebar-layout":"default","site-content-layout":"","ast-site-content-layout":"","site-content-style":"default","site-sidebar-style":"default","ast-global-header-display":"","ast-banner-title-visibility":"","ast-main-header-display":"","ast-hfb-above-header-display":"","ast-hfb-below-header-display":"","ast-hfb-mobile-header-display":"","site-post-title":"","ast-breadcrumbs-content":"","ast-featured-img":"","footer-sml-layout":"","theme-transparent-header-meta":"","adv-header-id-meta":"","stick-header-meta":"","header-above-stick-meta":"","header-main-stick-meta":"","header-below-stick-meta":"","astra-migrate-meta-layouts":"default","ast-page-background-enabled":"default","ast-page-background-meta":{"desktop":{"background-color":"var(--ast-global-color-4)","background-image":"","background-repeat":"repeat","background-position":"center center","background-size":"auto","background-attachment":"scroll","background-type":"","background-media":"","overlay-type":"","overlay-color":"","overlay-opacity":"","overlay-gradient":""},"tablet":{"background-color":"","background-image":"","background-repeat":"repeat","background-position":"center center","background-size":"auto","background-attachment":"scroll","background-type":"","background-media":"","overlay-type":"","overlay-color":"","overlay-opacity":"","overlay-gradient":""},"mobile":{"background-color":"","background-image":"","background-repeat":"repeat","background-position":"center center","background-size":"auto","background-attachment":"scroll","background-type":"","background-media":"","overlay-type":"","overlay-color":"","overlay-opacity":"","overlay-gradient":""}},"ast-content-background-meta":{"desktop":{"background-color":"var(--ast-global-color-5)","background-image":"","background-repeat":"repeat","background-position":"center center","background-size":"auto","background-attachment":"scroll","background-type":"","background-media":"","overlay-type":"","overlay-color":"","overlay-opacity":"","overlay-gradient":""},"tablet":{"background-color":"var(--ast-global-color-5)","background-image":"","background-repeat":"repeat","background-position":"center center","background-size":"auto","background-attachment":"scroll","background-type":"","background-media":"","overlay-type":"","overlay-color":"","overlay-opacity":"","overlay-gradient":""},"mobile":{"background-color":"var(--ast-global-color-5)","background-image":"","background-repeat":"repeat","background-position":"center center","background-size":"auto","background-attachment":"scroll","background-type":"","background-media":"","overlay-type":"","overlay-color":"","overlay-opacity":"","overlay-gradient":""}},"footnotes":""},"categories":[31],"tags":[],"class_list":["post-12413","post","type-post","status-publish","format-standard","hentry","category-aktuality"],"yoast_head":"<!-- This site is optimized with the Yoast SEO plugin v27.4 - https:\/\/yoast.com\/product\/yoast-seo-wordpress\/ -->\n<title>Budat\u00ednsky hrad znovu o\u017e\u00edva - Pova\u017esk\u00e9 m\u00fazeum<\/title>\n<meta name=\"robots\" content=\"index, follow, max-snippet:-1, max-image-preview:large, max-video-preview:-1\" \/>\n<link rel=\"canonical\" href=\"https:\/\/pmza.sk\/?p=12413\" \/>\n<meta property=\"og:locale\" content=\"sk_SK\" \/>\n<meta property=\"og:type\" content=\"article\" \/>\n<meta property=\"og:title\" content=\"Budat\u00ednsky hrad znovu o\u017e\u00edva - Pova\u017esk\u00e9 m\u00fazeum\" \/>\n<meta property=\"og:description\" content=\"Starostlivos\u0165 o\u00a0kult\u00farne pamiatky je dlhodobo jednou z\u00a0prior\u00edt \u017dilinskej \u017eupy. V\u00a0regi\u00f3ne Horn\u00e9ho Pova\u017eia patr\u00ed medzi dominanty \u017diliny pr\u00e1ve Budat\u00ednsky hrad, ktor\u00fd sa dar\u00ed \u017dilinsk\u00e9mu samospr\u00e1vnemu kraju postupne obnovova\u0165 a\u00a0rekon\u0161truova\u0165 u\u017e od roku 2009. Po\u010das tohto obdobia zrealizovala \u017eupa revitaliz\u00e1ciu hradn\u00e9ho parku a kompletn\u00fa rekon\u0161trukciu ve\u017ee a za\u010dala tie\u017e s\u00a0obnovou kaplnky a\u00a0op\u00e4tovn\u00fdm vyu\u017e\u00edvan\u00edm hradu na expozi\u010dn\u00e9 \u00fa\u010dely.\" \/>\n<meta property=\"og:url\" content=\"https:\/\/pmza.sk\/?p=12413\" \/>\n<meta property=\"og:site_name\" content=\"Pova\u017esk\u00e9 m\u00fazeum\" \/>\n<meta property=\"article:publisher\" content=\"https:\/\/www.facebook.com\/povazskemuzeum\" \/>\n<meta property=\"article:published_time\" content=\"2015-05-15T15:38:36+00:00\" \/>\n<meta property=\"og:image\" content=\"https:\/\/pmza.sk\/wp-content\/uploads\/2015\/05\/ZSK_vystava-Jarna-krasa-v-hradnom-parku_2.jpg\" \/>\n<meta name=\"author\" content=\"Pova\u017esk\u00e9 m\u00fazeum\" \/>\n<meta name=\"twitter:card\" content=\"summary_large_image\" \/>\n<meta name=\"twitter:label1\" content=\"Autor\" \/>\n\t<meta name=\"twitter:data1\" content=\"Pova\u017esk\u00e9 m\u00fazeum\" \/>\n\t<meta name=\"twitter:label2\" content=\"Predpokladan\u00fd \u010das \u010d\u00edtania\" \/>\n\t<meta name=\"twitter:data2\" content=\"2 min\u00faty\" \/>\n<script type=\"application\/ld+json\" class=\"yoast-schema-graph\">{\"@context\":\"https:\\\/\\\/schema.org\",\"@graph\":[{\"@type\":\"Article\",\"@id\":\"https:\\\/\\\/pmza.sk\\\/?p=12413#article\",\"isPartOf\":{\"@id\":\"https:\\\/\\\/pmza.sk\\\/?p=12413\"},\"author\":{\"name\":\"Pova\u017esk\u00e9 m\u00fazeum\",\"@id\":\"https:\\\/\\\/pmza.sk\\\/#\\\/schema\\\/person\\\/595e6a2ce731ea94dcd5d7f50a41ae33\"},\"headline\":\"Budat\u00ednsky hrad znovu o\u017e\u00edva\",\"datePublished\":\"2015-05-15T15:38:36+00:00\",\"mainEntityOfPage\":{\"@id\":\"https:\\\/\\\/pmza.sk\\\/?p=12413\"},\"wordCount\":486,\"publisher\":{\"@id\":\"https:\\\/\\\/pmza.sk\\\/#organization\"},\"image\":{\"@id\":\"https:\\\/\\\/pmza.sk\\\/?p=12413#primaryimage\"},\"thumbnailUrl\":\"http:\\\/\\\/pmza.sk\\\/wp-content\\\/uploads\\\/2015\\\/05\\\/ZSK_vystava-Jarna-krasa-v-hradnom-parku_2.jpg\",\"articleSection\":[\"Aktuality\"],\"inLanguage\":\"sk-SK\"},{\"@type\":\"WebPage\",\"@id\":\"https:\\\/\\\/pmza.sk\\\/?p=12413\",\"url\":\"https:\\\/\\\/pmza.sk\\\/?p=12413\",\"name\":\"Budat\u00ednsky hrad znovu o\u017e\u00edva - Pova\u017esk\u00e9 m\u00fazeum\",\"isPartOf\":{\"@id\":\"https:\\\/\\\/pmza.sk\\\/#website\"},\"primaryImageOfPage\":{\"@id\":\"https:\\\/\\\/pmza.sk\\\/?p=12413#primaryimage\"},\"image\":{\"@id\":\"https:\\\/\\\/pmza.sk\\\/?p=12413#primaryimage\"},\"thumbnailUrl\":\"http:\\\/\\\/pmza.sk\\\/wp-content\\\/uploads\\\/2015\\\/05\\\/ZSK_vystava-Jarna-krasa-v-hradnom-parku_2.jpg\",\"datePublished\":\"2015-05-15T15:38:36+00:00\",\"breadcrumb\":{\"@id\":\"https:\\\/\\\/pmza.sk\\\/?p=12413#breadcrumb\"},\"inLanguage\":\"sk-SK\",\"potentialAction\":[{\"@type\":\"ReadAction\",\"target\":[\"https:\\\/\\\/pmza.sk\\\/?p=12413\"]}]},{\"@type\":\"ImageObject\",\"inLanguage\":\"sk-SK\",\"@id\":\"https:\\\/\\\/pmza.sk\\\/?p=12413#primaryimage\",\"url\":\"https:\\\/\\\/pmza.sk\\\/wp-content\\\/uploads\\\/2015\\\/05\\\/ZSK_vystava-Jarna-krasa-v-hradnom-parku_2.jpg\",\"contentUrl\":\"https:\\\/\\\/pmza.sk\\\/wp-content\\\/uploads\\\/2015\\\/05\\\/ZSK_vystava-Jarna-krasa-v-hradnom-parku_2.jpg\",\"width\":1024,\"height\":683},{\"@type\":\"BreadcrumbList\",\"@id\":\"https:\\\/\\\/pmza.sk\\\/?p=12413#breadcrumb\",\"itemListElement\":[{\"@type\":\"ListItem\",\"position\":1,\"name\":\"Domovsk\u00e1 str\u00e1nka\",\"item\":\"https:\\\/\\\/pmza.sk\\\/\"},{\"@type\":\"ListItem\",\"position\":2,\"name\":\"Budat\u00ednsky hrad znovu o\u017e\u00edva\"}]},{\"@type\":\"WebSite\",\"@id\":\"https:\\\/\\\/pmza.sk\\\/#website\",\"url\":\"https:\\\/\\\/pmza.sk\\\/\",\"name\":\"Pova\u017esk\u00e9 m\u00fazeum\",\"description\":\"Pova\u017esk\u00e9 m\u00fazeum v \u017diline je region\u00e1lne m\u00fazeum so s\u00eddlom v Budat\u00edne. Jeho expoz\u00edcie s\u00fa zameran\u00e9 na dejiny slovensk\u00e9ho umenia, kult\u00fary a dopravy.\",\"publisher\":{\"@id\":\"https:\\\/\\\/pmza.sk\\\/#organization\"},\"potentialAction\":[{\"@type\":\"SearchAction\",\"target\":{\"@type\":\"EntryPoint\",\"urlTemplate\":\"https:\\\/\\\/pmza.sk\\\/?s={search_term_string}\"},\"query-input\":{\"@type\":\"PropertyValueSpecification\",\"valueRequired\":true,\"valueName\":\"search_term_string\"}}],\"inLanguage\":\"sk-SK\"},{\"@type\":\"Organization\",\"@id\":\"https:\\\/\\\/pmza.sk\\\/#organization\",\"name\":\"Pova\u017esk\u00e9 m\u00fazeum\",\"url\":\"https:\\\/\\\/pmza.sk\\\/\",\"logo\":{\"@type\":\"ImageObject\",\"inLanguage\":\"sk-SK\",\"@id\":\"https:\\\/\\\/pmza.sk\\\/#\\\/schema\\\/logo\\\/image\\\/\",\"url\":\"https:\\\/\\\/pmza.sk\\\/wp-content\\\/uploads\\\/2022\\\/01\\\/logo_PM_horizontal.jpg\",\"contentUrl\":\"https:\\\/\\\/pmza.sk\\\/wp-content\\\/uploads\\\/2022\\\/01\\\/logo_PM_horizontal.jpg\",\"width\":231,\"height\":142,\"caption\":\"Pova\u017esk\u00e9 m\u00fazeum\"},\"image\":{\"@id\":\"https:\\\/\\\/pmza.sk\\\/#\\\/schema\\\/logo\\\/image\\\/\"},\"sameAs\":[\"https:\\\/\\\/www.facebook.com\\\/povazskemuzeum\",\"https:\\\/\\\/www.instagram.com\\\/povazskemuzeum\\\/\"]},{\"@type\":\"Person\",\"@id\":\"https:\\\/\\\/pmza.sk\\\/#\\\/schema\\\/person\\\/595e6a2ce731ea94dcd5d7f50a41ae33\",\"name\":\"Pova\u017esk\u00e9 m\u00fazeum\",\"image\":{\"@type\":\"ImageObject\",\"inLanguage\":\"sk-SK\",\"@id\":\"https:\\\/\\\/secure.gravatar.com\\\/avatar\\\/2bb7f1561282132fb5826dfeccc66c7996d11ee392ac6aaf7ced8a1c2027fbb2?s=96&d=mm&r=g\",\"url\":\"https:\\\/\\\/secure.gravatar.com\\\/avatar\\\/2bb7f1561282132fb5826dfeccc66c7996d11ee392ac6aaf7ced8a1c2027fbb2?s=96&d=mm&r=g\",\"contentUrl\":\"https:\\\/\\\/secure.gravatar.com\\\/avatar\\\/2bb7f1561282132fb5826dfeccc66c7996d11ee392ac6aaf7ced8a1c2027fbb2?s=96&d=mm&r=g\",\"caption\":\"Pova\u017esk\u00e9 m\u00fazeum\"}}]}<\/script>\n<!-- \/ Yoast SEO plugin. -->","yoast_head_json":{"title":"Budat\u00ednsky hrad znovu o\u017e\u00edva - Pova\u017esk\u00e9 m\u00fazeum","robots":{"index":"index","follow":"follow","max-snippet":"max-snippet:-1","max-image-preview":"max-image-preview:large","max-video-preview":"max-video-preview:-1"},"canonical":"https:\/\/pmza.sk\/?p=12413","og_locale":"sk_SK","og_type":"article","og_title":"Budat\u00ednsky hrad znovu o\u017e\u00edva - Pova\u017esk\u00e9 m\u00fazeum","og_description":"Starostlivos\u0165 o\u00a0kult\u00farne pamiatky je dlhodobo jednou z\u00a0prior\u00edt \u017dilinskej \u017eupy. V\u00a0regi\u00f3ne Horn\u00e9ho Pova\u017eia patr\u00ed medzi dominanty \u017diliny pr\u00e1ve Budat\u00ednsky hrad, ktor\u00fd sa dar\u00ed \u017dilinsk\u00e9mu samospr\u00e1vnemu kraju postupne obnovova\u0165 a\u00a0rekon\u0161truova\u0165 u\u017e od roku 2009. Po\u010das tohto obdobia zrealizovala \u017eupa revitaliz\u00e1ciu hradn\u00e9ho parku a kompletn\u00fa rekon\u0161trukciu ve\u017ee a za\u010dala tie\u017e s\u00a0obnovou kaplnky a\u00a0op\u00e4tovn\u00fdm vyu\u017e\u00edvan\u00edm hradu na expozi\u010dn\u00e9 \u00fa\u010dely.","og_url":"https:\/\/pmza.sk\/?p=12413","og_site_name":"Pova\u017esk\u00e9 m\u00fazeum","article_publisher":"https:\/\/www.facebook.com\/povazskemuzeum","article_published_time":"2015-05-15T15:38:36+00:00","og_image":[{"url":"https:\/\/pmza.sk\/wp-content\/uploads\/2015\/05\/ZSK_vystava-Jarna-krasa-v-hradnom-parku_2.jpg","type":"","width":"","height":""}],"author":"Pova\u017esk\u00e9 m\u00fazeum","twitter_card":"summary_large_image","twitter_misc":{"Autor":"Pova\u017esk\u00e9 m\u00fazeum","Predpokladan\u00fd \u010das \u010d\u00edtania":"2 min\u00faty"},"schema":{"@context":"https:\/\/schema.org","@graph":[{"@type":"Article","@id":"https:\/\/pmza.sk\/?p=12413#article","isPartOf":{"@id":"https:\/\/pmza.sk\/?p=12413"},"author":{"name":"Pova\u017esk\u00e9 m\u00fazeum","@id":"https:\/\/pmza.sk\/#\/schema\/person\/595e6a2ce731ea94dcd5d7f50a41ae33"},"headline":"Budat\u00ednsky hrad znovu o\u017e\u00edva","datePublished":"2015-05-15T15:38:36+00:00","mainEntityOfPage":{"@id":"https:\/\/pmza.sk\/?p=12413"},"wordCount":486,"publisher":{"@id":"https:\/\/pmza.sk\/#organization"},"image":{"@id":"https:\/\/pmza.sk\/?p=12413#primaryimage"},"thumbnailUrl":"https:\/\/pmza.sk\/wp-content\/uploads\/2015\/05\/ZSK_vystava-Jarna-krasa-v-hradnom-parku_2.jpg","articleSection":["Aktuality"],"inLanguage":"sk-SK"},{"@type":"WebPage","@id":"https:\/\/pmza.sk\/?p=12413","url":"https:\/\/pmza.sk\/?p=12413","name":"Budat\u00ednsky hrad znovu o\u017e\u00edva - Pova\u017esk\u00e9 m\u00fazeum","isPartOf":{"@id":"https:\/\/pmza.sk\/#website"},"primaryImageOfPage":{"@id":"https:\/\/pmza.sk\/?p=12413#primaryimage"},"image":{"@id":"https:\/\/pmza.sk\/?p=12413#primaryimage"},"thumbnailUrl":"https:\/\/pmza.sk\/wp-content\/uploads\/2015\/05\/ZSK_vystava-Jarna-krasa-v-hradnom-parku_2.jpg","datePublished":"2015-05-15T15:38:36+00:00","breadcrumb":{"@id":"https:\/\/pmza.sk\/?p=12413#breadcrumb"},"inLanguage":"sk-SK","potentialAction":[{"@type":"ReadAction","target":["https:\/\/pmza.sk\/?p=12413"]}]},{"@type":"ImageObject","inLanguage":"sk-SK","@id":"https:\/\/pmza.sk\/?p=12413#primaryimage","url":"https:\/\/pmza.sk\/wp-content\/uploads\/2015\/05\/ZSK_vystava-Jarna-krasa-v-hradnom-parku_2.jpg","contentUrl":"https:\/\/pmza.sk\/wp-content\/uploads\/2015\/05\/ZSK_vystava-Jarna-krasa-v-hradnom-parku_2.jpg","width":1024,"height":683},{"@type":"BreadcrumbList","@id":"https:\/\/pmza.sk\/?p=12413#breadcrumb","itemListElement":[{"@type":"ListItem","position":1,"name":"Domovsk\u00e1 str\u00e1nka","item":"https:\/\/pmza.sk\/"},{"@type":"ListItem","position":2,"name":"Budat\u00ednsky hrad znovu o\u017e\u00edva"}]},{"@type":"WebSite","@id":"https:\/\/pmza.sk\/#website","url":"https:\/\/pmza.sk\/","name":"Pova\u017esk\u00e9 m\u00fazeum","description":"Pova\u017esk\u00e9 m\u00fazeum v \u017diline je region\u00e1lne m\u00fazeum so s\u00eddlom v Budat\u00edne. Jeho expoz\u00edcie s\u00fa zameran\u00e9 na dejiny slovensk\u00e9ho umenia, kult\u00fary a dopravy.","publisher":{"@id":"https:\/\/pmza.sk\/#organization"},"potentialAction":[{"@type":"SearchAction","target":{"@type":"EntryPoint","urlTemplate":"https:\/\/pmza.sk\/?s={search_term_string}"},"query-input":{"@type":"PropertyValueSpecification","valueRequired":true,"valueName":"search_term_string"}}],"inLanguage":"sk-SK"},{"@type":"Organization","@id":"https:\/\/pmza.sk\/#organization","name":"Pova\u017esk\u00e9 m\u00fazeum","url":"https:\/\/pmza.sk\/","logo":{"@type":"ImageObject","inLanguage":"sk-SK","@id":"https:\/\/pmza.sk\/#\/schema\/logo\/image\/","url":"https:\/\/pmza.sk\/wp-content\/uploads\/2022\/01\/logo_PM_horizontal.jpg","contentUrl":"https:\/\/pmza.sk\/wp-content\/uploads\/2022\/01\/logo_PM_horizontal.jpg","width":231,"height":142,"caption":"Pova\u017esk\u00e9 m\u00fazeum"},"image":{"@id":"https:\/\/pmza.sk\/#\/schema\/logo\/image\/"},"sameAs":["https:\/\/www.facebook.com\/povazskemuzeum","https:\/\/www.instagram.com\/povazskemuzeum\/"]},{"@type":"Person","@id":"https:\/\/pmza.sk\/#\/schema\/person\/595e6a2ce731ea94dcd5d7f50a41ae33","name":"Pova\u017esk\u00e9 m\u00fazeum","image":{"@type":"ImageObject","inLanguage":"sk-SK","@id":"https:\/\/secure.gravatar.com\/avatar\/2bb7f1561282132fb5826dfeccc66c7996d11ee392ac6aaf7ced8a1c2027fbb2?s=96&d=mm&r=g","url":"https:\/\/secure.gravatar.com\/avatar\/2bb7f1561282132fb5826dfeccc66c7996d11ee392ac6aaf7ced8a1c2027fbb2?s=96&d=mm&r=g","contentUrl":"https:\/\/secure.gravatar.com\/avatar\/2bb7f1561282132fb5826dfeccc66c7996d11ee392ac6aaf7ced8a1c2027fbb2?s=96&d=mm&r=g","caption":"Pova\u017esk\u00e9 m\u00fazeum"}}]}},"_links":{"self":[{"href":"https:\/\/pmza.sk\/index.php?rest_route=\/wp\/v2\/posts\/12413","targetHints":{"allow":["GET"]}}],"collection":[{"href":"https:\/\/pmza.sk\/index.php?rest_route=\/wp\/v2\/posts"}],"about":[{"href":"https:\/\/pmza.sk\/index.php?rest_route=\/wp\/v2\/types\/post"}],"author":[{"embeddable":true,"href":"https:\/\/pmza.sk\/index.php?rest_route=\/wp\/v2\/users\/2"}],"replies":[{"embeddable":true,"href":"https:\/\/pmza.sk\/index.php?rest_route=%2Fwp%2Fv2%2Fcomments&post=12413"}],"version-history":[{"count":0,"href":"https:\/\/pmza.sk\/index.php?rest_route=\/wp\/v2\/posts\/12413\/revisions"}],"wp:attachment":[{"href":"https:\/\/pmza.sk\/index.php?rest_route=%2Fwp%2Fv2%2Fmedia&parent=12413"}],"wp:term":[{"taxonomy":"category","embeddable":true,"href":"https:\/\/pmza.sk\/index.php?rest_route=%2Fwp%2Fv2%2Fcategories&post=12413"},{"taxonomy":"post_tag","embeddable":true,"href":"https:\/\/pmza.sk\/index.php?rest_route=%2Fwp%2Fv2%2Ftags&post=12413"}],"curies":[{"name":"wp","href":"https:\/\/api.w.org\/{rel}","templated":true}]}}